{"id":1113,"date":"2022-09-01T20:00:05","date_gmt":"2022-09-01T18:00:05","guid":{"rendered":"https:\/\/www.public.sn\/?p=1113"},"modified":"2022-09-01T20:00:06","modified_gmt":"2022-09-01T18:00:06","slug":"abdou-diallo-je-suis-tres-heureux-de-faire-partie-de-cette-equipe-solide-et-de-pouvoir-jouer-sous","status":"publish","type":"post","link":"https:\/\/www.public.sn\/index.php\/2022\/09\/01\/abdou-diallo-je-suis-tres-heureux-de-faire-partie-de-cette-equipe-solide-et-de-pouvoir-jouer-sous\/","title":{"rendered":"Abdou Diallo : \u201cJe suis tr\u00e8s heureux de faire partie de cette \u00e9quipe solide et de pouvoir jouer sous\u2026\u201d."},"content":{"rendered":"\n<p><strong><em>Abdou Diallo a exprim\u00e9 son enthousiasme de revenir en Bundesliga, sous les couleurs du RB Leipzig.<\/em><\/strong><\/p><div class=\"publi-paragraphe1\" style=\"margin-top: 10px;margin-bottom: 10px;margin-left: auto;margin-right: auto;text-align: center;\" id=\"publi-1642748471\"><div class=\"publi-adlabel\">Publicit\u00e9<\/div><script async src=\"\/\/pagead2.googlesyndication.com\/pagead\/js\/adsbygoogle.js?client=ca-pub-4089586018074219\" crossorigin=\"anonymous\"><\/script><ins class=\"adsbygoogle\" style=\"display:block;\" data-ad-client=\"ca-pub-4089586018074219\" \ndata-ad-slot=\"2087940154\" \ndata-ad-format=\"auto\"><\/ins>\n<script> \n(adsbygoogle = window.adsbygoogle || []).push({}); \n<\/script>\n<\/div>\n\n\n\n<p>Le RB Leipzig tient une recrue de taille. Ce jeudi, le d\u00e9fenseur central international s\u00e9n\u00e9galais, Abdou Diallo,\u00a0s\u2019est engag\u00e9 avec le club allemand en provenance du Paris Saint-Germain, sous la forme d\u2019un pr\u00eat d\u2019une saison, avec option d\u2019achat. Suite \u00e0 son retour dans le Championnat d\u2019Allemagne, l\u2019ancien joueur de Mayence et du Borussia Dortmund\u00a0a livr\u00e9 ses premi\u00e8res impressions en tant que joueur du RB Leipzig.<\/p>\n\n\n\n<p>\u201c<em>Je connais bien le RB Leipzig et la philosophie de jeu du club gr\u00e2ce aux matchs avec Mayence, Dortmund et Paris. Maintenant, je suis tr\u00e8s heureux de faire partie de cette \u00e9quipe solide et de pouvoir jouer sous le maillot dans la Red Bull Arena. C\u2019est bien d\u2019\u00eatre de retour en Bundesliga. Le RB Leipzig a de grandes ambitions et beaucoup de potentiel. Nous avons un excellent travail et une saison passionnante devant nous<\/em>\u201d, a d\u00e9clar\u00e9 le champ d\u2019Afrique Abdou Diallo.<\/p>\n<div class=\"publi-apres-le-contenu\" style=\"margin-top: 10px;margin-bottom: 10px;margin-left: auto;margin-right: auto;text-align: center;\" id=\"publi-10509563\"><div class=\"publi-adlabel\">Publicit\u00e9<\/div><script async src=\"\/\/pagead2.googlesyndication.com\/pagead\/js\/adsbygoogle.js?client=ca-pub-4089586018074219\" crossorigin=\"anonymous\"><\/script><ins class=\"adsbygoogle\" style=\"display:block;\" data-ad-client=\"ca-pub-4089586018074219\" \ndata-ad-slot=\"2087940154\" \ndata-ad-format=\"auto\"><\/ins>\n<script> \n(adsbygoogle = window.adsbygoogle || []).push({}); \n<\/script>\n<\/div>","protected":false},"excerpt":{"rendered":"<p>Abdou Diallo a exprim\u00e9 son enthousiasme de revenir en Bundesliga, sous les couleurs du RB Leipzig. Le RB Leipzig tient une recrue de taille. Ce jeudi, le d\u00e9fenseur central international s\u00e9n\u00e9galais, Abdou Diallo,\u00a0s\u2019est engag\u00e9 avec le club allemand en provenance du Paris Saint-Germain, sous la forme d\u2019un pr\u00eat d\u2019une saison, avec option d\u2019achat. Suite \u00e0 son retour dans le Championnat d\u2019Allemagne, l\u2019ancien joueur de Mayence et du Borussia Dortmund\u00a0a livr\u00e9 ses premi\u00e8res impressions en tant que joueur du RB Leipzig. \u201cJe connais bien le RB Leipzig et la philosophie de jeu du club gr\u00e2ce aux matchs avec Mayence, Dortmund et Paris. Maintenant, je suis tr\u00e8s heureux de faire partie de cette \u00e9quipe solide et de pouvoir jouer sous le maillot dans la Red Bull Arena. C\u2019est bien d\u2019\u00eatre de retour en Bundesliga. Le RB Leipzig a de grandes ambitions et beaucoup de potentiel. Nous avons un excellent travail et une saison passionnante devant nous\u201d, a d\u00e9clar\u00e9 le champ d\u2019Afrique Abdou Diallo.<\/p>\n","protected":false},"author":1,"featured_media":1114,"comment_status":"open","ping_status":"open","sticky":false,"template":"","format":"standard","meta":{"_jetpack_memberships_contains_paid_content":false,"footnotes":""},"categories":[375,7],"tags":[431,68,433,432],"class_list":["post-1113","post","type-post","status-publish","format-standard","has-post-thumbnail","hentry","category-actualites","category-sport","tag-abdou-diallo","tag-football","tag-lion-du-senegal","tag-psg","entry","has-media","owp-thumbs-layout-horizontal","owp-btn-normal","owp-tabs-layout-horizontal","has-no-thumbnails","has-product-nav"],"yoast_head":"<!-- This site is optimized with the Yoast SEO plugin v25.5 - https:\/\/yoast.com\/wordpress\/plugins\/seo\/ -->\n<title>Abdou Diallo : \u201cJe suis tr\u00e8s heureux de faire partie de cette \u00e9quipe solide et de pouvoir jouer sous\u2026\u201d. - LE PUBLIC<\/title>\n<meta name=\"robots\" content=\"index, follow, max-snippet:-1, max-image-preview:large, max-video-preview:-1\" \/>\n<link rel=\"canonical\" href=\"https:\/\/www.public.sn\/index.php\/2022\/09\/01\/abdou-diallo-je-suis-tres-heureux-de-faire-partie-de-cette-equipe-solide-et-de-pouvoir-jouer-sous\/\" \/>\n<meta property=\"og:locale\" content=\"fr_FR\" \/>\n<meta property=\"og:type\" content=\"article\" \/>\n<meta property=\"og:title\" content=\"Abdou Diallo : \u201cJe suis tr\u00e8s heureux de faire partie de cette \u00e9quipe solide et de pouvoir jouer sous\u2026\u201d. - LE PUBLIC\" \/>\n<meta property=\"og:description\" content=\"Abdou Diallo a exprim\u00e9 son enthousiasme de revenir en Bundesliga, sous les couleurs du RB Leipzig. Le RB Leipzig tient une recrue de taille. Ce jeudi, le d\u00e9fenseur central international s\u00e9n\u00e9galais, Abdou Diallo,\u00a0s\u2019est engag\u00e9 avec le club allemand en provenance du Paris Saint-Germain, sous la forme d\u2019un pr\u00eat d\u2019une saison, avec option d\u2019achat. Suite \u00e0 son retour dans le Championnat d\u2019Allemagne, l\u2019ancien joueur de Mayence et du Borussia Dortmund\u00a0a livr\u00e9 ses premi\u00e8res impressions en tant que joueur du RB Leipzig. \u201cJe connais bien le RB Leipzig et la philosophie de jeu du club gr\u00e2ce aux matchs avec Mayence, Dortmund et Paris. Maintenant, je suis tr\u00e8s heureux de faire partie de cette \u00e9quipe solide et de pouvoir jouer sous le maillot dans la Red Bull Arena. C\u2019est bien d\u2019\u00eatre de retour en Bundesliga. Le RB Leipzig a de grandes ambitions et beaucoup de potentiel. Nous avons un excellent travail et une saison passionnante devant nous\u201d, a d\u00e9clar\u00e9 le champ d\u2019Afrique Abdou Diallo.\" \/>\n<meta property=\"og:url\" content=\"https:\/\/www.public.sn\/index.php\/2022\/09\/01\/abdou-diallo-je-suis-tres-heureux-de-faire-partie-de-cette-equipe-solide-et-de-pouvoir-jouer-sous\/\" \/>\n<meta property=\"og:site_name\" content=\"LE PUBLIC\" \/>\n<meta property=\"article:published_time\" content=\"2022-09-01T18:00:05+00:00\" \/>\n<meta property=\"article:modified_time\" content=\"2022-09-01T18:00:06+00:00\" \/>\n<meta property=\"og:image\" content=\"https:\/\/www.public.sn\/wp-content\/uploads\/2022\/09\/987EFC9A-60D2-4532-B0BC-F9E8948B00FD.jpeg\" \/>\n\t<meta property=\"og:image:width\" content=\"1200\" \/>\n\t<meta property=\"og:image:height\" content=\"807\" \/>\n\t<meta property=\"og:image:type\" content=\"image\/jpeg\" \/>\n<meta name=\"author\" content=\"LA REDACTION\" \/>\n<meta name=\"twitter:card\" content=\"summary_large_image\" \/>\n<meta name=\"twitter:label1\" content=\"\u00c9crit par\" \/>\n\t<meta name=\"twitter:data1\" content=\"LA REDACTION\" \/>\n\t<meta name=\"twitter:label2\" content=\"Dur\u00e9e de lecture estim\u00e9e\" \/>\n\t<meta name=\"twitter:data2\" content=\"1 minute\" \/>\n<script type=\"application\/ld+json\" class=\"yoast-schema-graph\">{\"@context\":\"https:\/\/schema.org\",\"@graph\":[{\"@type\":\"Article\",\"@id\":\"https:\/\/www.public.sn\/index.php\/2022\/09\/01\/abdou-diallo-je-suis-tres-heureux-de-faire-partie-de-cette-equipe-solide-et-de-pouvoir-jouer-sous\/#article\",\"isPartOf\":{\"@id\":\"https:\/\/www.public.sn\/index.php\/2022\/09\/01\/abdou-diallo-je-suis-tres-heureux-de-faire-partie-de-cette-equipe-solide-et-de-pouvoir-jouer-sous\/\"},\"author\":{\"name\":\"LA REDACTION\",\"@id\":\"https:\/\/www.public.sn\/#\/schema\/person\/e3f4a11b037d4203902db148f9bc8d5a\"},\"headline\":\"Abdou Diallo : \u201cJe suis tr\u00e8s heureux de faire partie de cette \u00e9quipe solide et de pouvoir jouer sous\u2026\u201d.\",\"datePublished\":\"2022-09-01T18:00:05+00:00\",\"dateModified\":\"2022-09-01T18:00:06+00:00\",\"mainEntityOfPage\":{\"@id\":\"https:\/\/www.public.sn\/index.php\/2022\/09\/01\/abdou-diallo-je-suis-tres-heureux-de-faire-partie-de-cette-equipe-solide-et-de-pouvoir-jouer-sous\/\"},\"wordCount\":198,\"commentCount\":0,\"publisher\":{\"@id\":\"https:\/\/www.public.sn\/#organization\"},\"image\":{\"@id\":\"https:\/\/www.public.sn\/index.php\/2022\/09\/01\/abdou-diallo-je-suis-tres-heureux-de-faire-partie-de-cette-equipe-solide-et-de-pouvoir-jouer-sous\/#primaryimage\"},\"thumbnailUrl\":\"https:\/\/www.public.sn\/wp-content\/uploads\/2022\/09\/987EFC9A-60D2-4532-B0BC-F9E8948B00FD.jpeg\",\"keywords\":[\"Abdou Diallo\",\"Football\",\"Lion du S\u00e9n\u00e9gal\",\"Psg\"],\"articleSection\":[\"ACTUALIT\u00c9S\",\"SPORTS\"],\"inLanguage\":\"fr-FR\",\"potentialAction\":[{\"@type\":\"CommentAction\",\"name\":\"Comment\",\"target\":[\"https:\/\/www.public.sn\/index.php\/2022\/09\/01\/abdou-diallo-je-suis-tres-heureux-de-faire-partie-de-cette-equipe-solide-et-de-pouvoir-jouer-sous\/#respond\"]}]},{\"@type\":\"WebPage\",\"@id\":\"https:\/\/www.public.sn\/index.php\/2022\/09\/01\/abdou-diallo-je-suis-tres-heureux-de-faire-partie-de-cette-equipe-solide-et-de-pouvoir-jouer-sous\/\",\"url\":\"https:\/\/www.public.sn\/index.php\/2022\/09\/01\/abdou-diallo-je-suis-tres-heureux-de-faire-partie-de-cette-equipe-solide-et-de-pouvoir-jouer-sous\/\",\"name\":\"Abdou Diallo : \u201cJe suis tr\u00e8s heureux de faire partie de cette \u00e9quipe solide et de pouvoir jouer sous\u2026\u201d. - LE PUBLIC\",\"isPartOf\":{\"@id\":\"https:\/\/www.public.sn\/#website\"},\"primaryImageOfPage\":{\"@id\":\"https:\/\/www.public.sn\/index.php\/2022\/09\/01\/abdou-diallo-je-suis-tres-heureux-de-faire-partie-de-cette-equipe-solide-et-de-pouvoir-jouer-sous\/#primaryimage\"},\"image\":{\"@id\":\"https:\/\/www.public.sn\/index.php\/2022\/09\/01\/abdou-diallo-je-suis-tres-heureux-de-faire-partie-de-cette-equipe-solide-et-de-pouvoir-jouer-sous\/#primaryimage\"},\"thumbnailUrl\":\"https:\/\/www.public.sn\/wp-content\/uploads\/2022\/09\/987EFC9A-60D2-4532-B0BC-F9E8948B00FD.jpeg\",\"datePublished\":\"2022-09-01T18:00:05+00:00\",\"dateModified\":\"2022-09-01T18:00:06+00:00\",\"breadcrumb\":{\"@id\":\"https:\/\/www.public.sn\/index.php\/2022\/09\/01\/abdou-diallo-je-suis-tres-heureux-de-faire-partie-de-cette-equipe-solide-et-de-pouvoir-jouer-sous\/#breadcrumb\"},\"inLanguage\":\"fr-FR\",\"potentialAction\":[{\"@type\":\"ReadAction\",\"target\":[\"https:\/\/www.public.sn\/index.php\/2022\/09\/01\/abdou-diallo-je-suis-tres-heureux-de-faire-partie-de-cette-equipe-solide-et-de-pouvoir-jouer-sous\/\"]}]},{\"@type\":\"ImageObject\",\"inLanguage\":\"fr-FR\",\"@id\":\"https:\/\/www.public.sn\/index.php\/2022\/09\/01\/abdou-diallo-je-suis-tres-heureux-de-faire-partie-de-cette-equipe-solide-et-de-pouvoir-jouer-sous\/#primaryimage\",\"url\":\"https:\/\/www.public.sn\/wp-content\/uploads\/2022\/09\/987EFC9A-60D2-4532-B0BC-F9E8948B00FD.jpeg\",\"contentUrl\":\"https:\/\/www.public.sn\/wp-content\/uploads\/2022\/09\/987EFC9A-60D2-4532-B0BC-F9E8948B00FD.jpeg\",\"width\":1200,\"height\":807},{\"@type\":\"BreadcrumbList\",\"@id\":\"https:\/\/www.public.sn\/index.php\/2022\/09\/01\/abdou-diallo-je-suis-tres-heureux-de-faire-partie-de-cette-equipe-solide-et-de-pouvoir-jouer-sous\/#breadcrumb\",\"itemListElement\":[{\"@type\":\"ListItem\",\"position\":1,\"name\":\"Accueil\",\"item\":\"https:\/\/www.public.sn\/\"},{\"@type\":\"ListItem\",\"position\":2,\"name\":\"Abdou Diallo : \u201cJe suis tr\u00e8s heureux de faire partie de cette \u00e9quipe solide et de pouvoir jouer sous\u2026\u201d.\"}]},{\"@type\":\"WebSite\",\"@id\":\"https:\/\/www.public.sn\/#website\",\"url\":\"https:\/\/www.public.sn\/\",\"name\":\"LE PUBLIC\",\"description\":\"\",\"publisher\":{\"@id\":\"https:\/\/www.public.sn\/#organization\"},\"potentialAction\":[{\"@type\":\"SearchAction\",\"target\":{\"@type\":\"EntryPoint\",\"urlTemplate\":\"https:\/\/www.public.sn\/?s={search_term_string}\"},\"query-input\":{\"@type\":\"PropertyValueSpecification\",\"valueRequired\":true,\"valueName\":\"search_term_string\"}}],\"inLanguage\":\"fr-FR\"},{\"@type\":\"Organization\",\"@id\":\"https:\/\/www.public.sn\/#organization\",\"name\":\"LE PUBLIC\",\"url\":\"https:\/\/www.public.sn\/\",\"logo\":{\"@type\":\"ImageObject\",\"inLanguage\":\"fr-FR\",\"@id\":\"https:\/\/www.public.sn\/#\/schema\/logo\/image\/\",\"url\":\"https:\/\/www.public.sn\/wp-content\/uploads\/2024\/05\/cropped-LOGO-PUBLIC.SN_.png\",\"contentUrl\":\"https:\/\/www.public.sn\/wp-content\/uploads\/2024\/05\/cropped-LOGO-PUBLIC.SN_.png\",\"width\":682,\"height\":192,\"caption\":\"LE PUBLIC\"},\"image\":{\"@id\":\"https:\/\/www.public.sn\/#\/schema\/logo\/image\/\"}},{\"@type\":\"Person\",\"@id\":\"https:\/\/www.public.sn\/#\/schema\/person\/e3f4a11b037d4203902db148f9bc8d5a\",\"name\":\"LA REDACTION\",\"image\":{\"@type\":\"ImageObject\",\"inLanguage\":\"fr-FR\",\"@id\":\"https:\/\/www.public.sn\/#\/schema\/person\/image\/\",\"url\":\"https:\/\/secure.gravatar.com\/avatar\/d6c030db45db2883c075085c5d6c6258654a801a93766b49af0b82d4f454e2a5?s=96&d=mm&r=g\",\"contentUrl\":\"https:\/\/secure.gravatar.com\/avatar\/d6c030db45db2883c075085c5d6c6258654a801a93766b49af0b82d4f454e2a5?s=96&d=mm&r=g\",\"caption\":\"LA REDACTION\"},\"sameAs\":[\"http:\/\/www.public.sn\"],\"url\":\"https:\/\/www.public.sn\/index.php\/author\/admin7324\/\"}]}<\/script>\n<!-- \/ Yoast SEO plugin. -->","yoast_head_json":{"title":"Abdou Diallo : \u201cJe suis tr\u00e8s heureux de faire partie de cette \u00e9quipe solide et de pouvoir jouer sous\u2026\u201d. - LE PUBLIC","robots":{"index":"index","follow":"follow","max-snippet":"max-snippet:-1","max-image-preview":"max-image-preview:large","max-video-preview":"max-video-preview:-1"},"canonical":"https:\/\/www.public.sn\/index.php\/2022\/09\/01\/abdou-diallo-je-suis-tres-heureux-de-faire-partie-de-cette-equipe-solide-et-de-pouvoir-jouer-sous\/","og_locale":"fr_FR","og_type":"article","og_title":"Abdou Diallo : \u201cJe suis tr\u00e8s heureux de faire partie de cette \u00e9quipe solide et de pouvoir jouer sous\u2026\u201d. - LE PUBLIC","og_description":"Abdou Diallo a exprim\u00e9 son enthousiasme de revenir en Bundesliga, sous les couleurs du RB Leipzig. Le RB Leipzig tient une recrue de taille. Ce jeudi, le d\u00e9fenseur central international s\u00e9n\u00e9galais, Abdou Diallo,\u00a0s\u2019est engag\u00e9 avec le club allemand en provenance du Paris Saint-Germain, sous la forme d\u2019un pr\u00eat d\u2019une saison, avec option d\u2019achat. Suite \u00e0 son retour dans le Championnat d\u2019Allemagne, l\u2019ancien joueur de Mayence et du Borussia Dortmund\u00a0a livr\u00e9 ses premi\u00e8res impressions en tant que joueur du RB Leipzig. \u201cJe connais bien le RB Leipzig et la philosophie de jeu du club gr\u00e2ce aux matchs avec Mayence, Dortmund et Paris. Maintenant, je suis tr\u00e8s heureux de faire partie de cette \u00e9quipe solide et de pouvoir jouer sous le maillot dans la Red Bull Arena. C\u2019est bien d\u2019\u00eatre de retour en Bundesliga. Le RB Leipzig a de grandes ambitions et beaucoup de potentiel. Nous avons un excellent travail et une saison passionnante devant nous\u201d, a d\u00e9clar\u00e9 le champ d\u2019Afrique Abdou Diallo.","og_url":"https:\/\/www.public.sn\/index.php\/2022\/09\/01\/abdou-diallo-je-suis-tres-heureux-de-faire-partie-de-cette-equipe-solide-et-de-pouvoir-jouer-sous\/","og_site_name":"LE PUBLIC","article_published_time":"2022-09-01T18:00:05+00:00","article_modified_time":"2022-09-01T18:00:06+00:00","og_image":[{"width":1200,"height":807,"url":"https:\/\/www.public.sn\/wp-content\/uploads\/2022\/09\/987EFC9A-60D2-4532-B0BC-F9E8948B00FD.jpeg","type":"image\/jpeg"}],"author":"LA REDACTION","twitter_card":"summary_large_image","twitter_misc":{"\u00c9crit par":"LA REDACTION","Dur\u00e9e de lecture estim\u00e9e":"1 minute"},"schema":{"@context":"https:\/\/schema.org","@graph":[{"@type":"Article","@id":"https:\/\/www.public.sn\/index.php\/2022\/09\/01\/abdou-diallo-je-suis-tres-heureux-de-faire-partie-de-cette-equipe-solide-et-de-pouvoir-jouer-sous\/#article","isPartOf":{"@id":"https:\/\/www.public.sn\/index.php\/2022\/09\/01\/abdou-diallo-je-suis-tres-heureux-de-faire-partie-de-cette-equipe-solide-et-de-pouvoir-jouer-sous\/"},"author":{"name":"LA REDACTION","@id":"https:\/\/www.public.sn\/#\/schema\/person\/e3f4a11b037d4203902db148f9bc8d5a"},"headline":"Abdou Diallo : \u201cJe suis tr\u00e8s heureux de faire partie de cette \u00e9quipe solide et de pouvoir jouer sous\u2026\u201d.","datePublished":"2022-09-01T18:00:05+00:00","dateModified":"2022-09-01T18:00:06+00:00","mainEntityOfPage":{"@id":"https:\/\/www.public.sn\/index.php\/2022\/09\/01\/abdou-diallo-je-suis-tres-heureux-de-faire-partie-de-cette-equipe-solide-et-de-pouvoir-jouer-sous\/"},"wordCount":198,"commentCount":0,"publisher":{"@id":"https:\/\/www.public.sn\/#organization"},"image":{"@id":"https:\/\/www.public.sn\/index.php\/2022\/09\/01\/abdou-diallo-je-suis-tres-heureux-de-faire-partie-de-cette-equipe-solide-et-de-pouvoir-jouer-sous\/#primaryimage"},"thumbnailUrl":"https:\/\/www.public.sn\/wp-content\/uploads\/2022\/09\/987EFC9A-60D2-4532-B0BC-F9E8948B00FD.jpeg","keywords":["Abdou Diallo","Football","Lion du S\u00e9n\u00e9gal","Psg"],"articleSection":["ACTUALIT\u00c9S","SPORTS"],"inLanguage":"fr-FR","potentialAction":[{"@type":"CommentAction","name":"Comment","target":["https:\/\/www.public.sn\/index.php\/2022\/09\/01\/abdou-diallo-je-suis-tres-heureux-de-faire-partie-de-cette-equipe-solide-et-de-pouvoir-jouer-sous\/#respond"]}]},{"@type":"WebPage","@id":"https:\/\/www.public.sn\/index.php\/2022\/09\/01\/abdou-diallo-je-suis-tres-heureux-de-faire-partie-de-cette-equipe-solide-et-de-pouvoir-jouer-sous\/","url":"https:\/\/www.public.sn\/index.php\/2022\/09\/01\/abdou-diallo-je-suis-tres-heureux-de-faire-partie-de-cette-equipe-solide-et-de-pouvoir-jouer-sous\/","name":"Abdou Diallo : \u201cJe suis tr\u00e8s heureux de faire partie de cette \u00e9quipe solide et de pouvoir jouer sous\u2026\u201d. - LE PUBLIC","isPartOf":{"@id":"https:\/\/www.public.sn\/#website"},"primaryImageOfPage":{"@id":"https:\/\/www.public.sn\/index.php\/2022\/09\/01\/abdou-diallo-je-suis-tres-heureux-de-faire-partie-de-cette-equipe-solide-et-de-pouvoir-jouer-sous\/#primaryimage"},"image":{"@id":"https:\/\/www.public.sn\/index.php\/2022\/09\/01\/abdou-diallo-je-suis-tres-heureux-de-faire-partie-de-cette-equipe-solide-et-de-pouvoir-jouer-sous\/#primaryimage"},"thumbnailUrl":"https:\/\/www.public.sn\/wp-content\/uploads\/2022\/09\/987EFC9A-60D2-4532-B0BC-F9E8948B00FD.jpeg","datePublished":"2022-09-01T18:00:05+00:00","dateModified":"2022-09-01T18:00:06+00:00","breadcrumb":{"@id":"https:\/\/www.public.sn\/index.php\/2022\/09\/01\/abdou-diallo-je-suis-tres-heureux-de-faire-partie-de-cette-equipe-solide-et-de-pouvoir-jouer-sous\/#breadcrumb"},"inLanguage":"fr-FR","potentialAction":[{"@type":"ReadAction","target":["https:\/\/www.public.sn\/index.php\/2022\/09\/01\/abdou-diallo-je-suis-tres-heureux-de-faire-partie-de-cette-equipe-solide-et-de-pouvoir-jouer-sous\/"]}]},{"@type":"ImageObject","inLanguage":"fr-FR","@id":"https:\/\/www.public.sn\/index.php\/2022\/09\/01\/abdou-diallo-je-suis-tres-heureux-de-faire-partie-de-cette-equipe-solide-et-de-pouvoir-jouer-sous\/#primaryimage","url":"https:\/\/www.public.sn\/wp-content\/uploads\/2022\/09\/987EFC9A-60D2-4532-B0BC-F9E8948B00FD.jpeg","contentUrl":"https:\/\/www.public.sn\/wp-content\/uploads\/2022\/09\/987EFC9A-60D2-4532-B0BC-F9E8948B00FD.jpeg","width":1200,"height":807},{"@type":"BreadcrumbList","@id":"https:\/\/www.public.sn\/index.php\/2022\/09\/01\/abdou-diallo-je-suis-tres-heureux-de-faire-partie-de-cette-equipe-solide-et-de-pouvoir-jouer-sous\/#breadcrumb","itemListElement":[{"@type":"ListItem","position":1,"name":"Accueil","item":"https:\/\/www.public.sn\/"},{"@type":"ListItem","position":2,"name":"Abdou Diallo : \u201cJe suis tr\u00e8s heureux de faire partie de cette \u00e9quipe solide et de pouvoir jouer sous\u2026\u201d."}]},{"@type":"WebSite","@id":"https:\/\/www.public.sn\/#website","url":"https:\/\/www.public.sn\/","name":"LE PUBLIC","description":"","publisher":{"@id":"https:\/\/www.public.sn\/#organization"},"potentialAction":[{"@type":"SearchAction","target":{"@type":"EntryPoint","urlTemplate":"https:\/\/www.public.sn\/?s={search_term_string}"},"query-input":{"@type":"PropertyValueSpecification","valueRequired":true,"valueName":"search_term_string"}}],"inLanguage":"fr-FR"},{"@type":"Organization","@id":"https:\/\/www.public.sn\/#organization","name":"LE PUBLIC","url":"https:\/\/www.public.sn\/","logo":{"@type":"ImageObject","inLanguage":"fr-FR","@id":"https:\/\/www.public.sn\/#\/schema\/logo\/image\/","url":"https:\/\/www.public.sn\/wp-content\/uploads\/2024\/05\/cropped-LOGO-PUBLIC.SN_.png","contentUrl":"https:\/\/www.public.sn\/wp-content\/uploads\/2024\/05\/cropped-LOGO-PUBLIC.SN_.png","width":682,"height":192,"caption":"LE PUBLIC"},"image":{"@id":"https:\/\/www.public.sn\/#\/schema\/logo\/image\/"}},{"@type":"Person","@id":"https:\/\/www.public.sn\/#\/schema\/person\/e3f4a11b037d4203902db148f9bc8d5a","name":"LA REDACTION","image":{"@type":"ImageObject","inLanguage":"fr-FR","@id":"https:\/\/www.public.sn\/#\/schema\/person\/image\/","url":"https:\/\/secure.gravatar.com\/avatar\/d6c030db45db2883c075085c5d6c6258654a801a93766b49af0b82d4f454e2a5?s=96&d=mm&r=g","contentUrl":"https:\/\/secure.gravatar.com\/avatar\/d6c030db45db2883c075085c5d6c6258654a801a93766b49af0b82d4f454e2a5?s=96&d=mm&r=g","caption":"LA REDACTION"},"sameAs":["http:\/\/www.public.sn"],"url":"https:\/\/www.public.sn\/index.php\/author\/admin7324\/"}]}},"jetpack_featured_media_url":"https:\/\/www.public.sn\/wp-content\/uploads\/2022\/09\/987EFC9A-60D2-4532-B0BC-F9E8948B00FD.jpeg","jetpack_sharing_enabled":true,"_links":{"self":[{"href":"https:\/\/www.public.sn\/index.php\/wp-json\/wp\/v2\/posts\/1113","targetHints":{"allow":["GET"]}}],"collection":[{"href":"https:\/\/www.public.sn\/index.php\/wp-json\/wp\/v2\/posts"}],"about":[{"href":"https:\/\/www.public.sn\/index.php\/wp-json\/wp\/v2\/types\/post"}],"author":[{"embeddable":true,"href":"https:\/\/www.public.sn\/index.php\/wp-json\/wp\/v2\/users\/1"}],"replies":[{"embeddable":true,"href":"https:\/\/www.public.sn\/index.php\/wp-json\/wp\/v2\/comments?post=1113"}],"version-history":[{"count":1,"href":"https:\/\/www.public.sn\/index.php\/wp-json\/wp\/v2\/posts\/1113\/revisions"}],"predecessor-version":[{"id":1115,"href":"https:\/\/www.public.sn\/index.php\/wp-json\/wp\/v2\/posts\/1113\/revisions\/1115"}],"wp:featuredmedia":[{"embeddable":true,"href":"https:\/\/www.public.sn\/index.php\/wp-json\/wp\/v2\/media\/1114"}],"wp:attachment":[{"href":"https:\/\/www.public.sn\/index.php\/wp-json\/wp\/v2\/media?parent=1113"}],"wp:term":[{"taxonomy":"category","embeddable":true,"href":"https:\/\/www.public.sn\/index.php\/wp-json\/wp\/v2\/categories?post=1113"},{"taxonomy":"post_tag","embeddable":true,"href":"https:\/\/www.public.sn\/index.php\/wp-json\/wp\/v2\/tags?post=1113"}],"curies":[{"name":"wp","href":"https:\/\/api.w.org\/{rel}","templated":true}]}}