{"id":11138,"date":"2022-12-05T13:12:39","date_gmt":"2022-12-05T13:12:39","guid":{"rendered":"https:\/\/www.public.sn\/?p=11138"},"modified":"2022-12-05T13:12:42","modified_gmt":"2022-12-05T13:12:42","slug":"en-conference-de-presse-dapres-match-aliou-cisse-parle-de-son-avenir-avec-lequipe-nationale","status":"publish","type":"post","link":"https:\/\/www.public.sn\/index.php\/2022\/12\/05\/en-conference-de-presse-dapres-match-aliou-cisse-parle-de-son-avenir-avec-lequipe-nationale\/","title":{"rendered":"En conf\u00e9rence de presse d&rsquo;apr\u00e8s-match, Aliou Ciss\u00e9, parle de son avenir avec l\u2019Equipe Nationale"},"content":{"rendered":"\n<p>\u00ab\u00a0Mon avenir, je ne veux pas en parler maintenant. Pour l&rsquo;instance, je suis s\u00e9lectionneur du S\u00e9n\u00e9gal\u00a0\u00bb, a-t-il r\u00e9pondu au journaliste qui lui a pos\u00e9 la question.<br><br>Le s\u00e9lectionneur national des Lions a par ailleurs appel\u00e9 \u00e0 la remobilisation pour pr\u00e9parer les prochaines \u00e9ch\u00e9ances (CAN 2023 et Mondial 2026). \u00ab\u00a0Il faut travailler pour rivaliser avec les autres lors des prochaines coupes du monde.\u00a0\u00bb<br><br>Pour rappel, Ciss\u00e9 qui dirige la s\u00e9lection du S\u00e9n\u00e9gal depuis mars 2015, a prolong\u00e9 son contrat juste avant le Mondial jusqu&rsquo;en 2024.<\/p><div class=\"publi-paragraphe1\" style=\"margin-top: 10px;margin-bottom: 10px;margin-left: auto;margin-right: auto;text-align: center;\" id=\"publi-791687838\"><div class=\"publi-adlabel\">Publicit\u00e9<\/div><script async src=\"\/\/pagead2.googlesyndication.com\/pagead\/js\/adsbygoogle.js?client=ca-pub-4089586018074219\" crossorigin=\"anonymous\"><\/script><ins class=\"adsbygoogle\" style=\"display:block;\" data-ad-client=\"ca-pub-4089586018074219\" \ndata-ad-slot=\"2087940154\" \ndata-ad-format=\"auto\"><\/ins>\n<script> \n(adsbygoogle = window.adsbygoogle || []).push({}); \n<\/script>\n<\/div>\n\n\n\n<p>Souadou Diop<\/p>\n<div class=\"publi-apres-le-contenu\" style=\"margin-top: 10px;margin-bottom: 10px;margin-left: auto;margin-right: auto;text-align: center;\" id=\"publi-298769652\"><div class=\"publi-adlabel\">Publicit\u00e9<\/div><script async src=\"\/\/pagead2.googlesyndication.com\/pagead\/js\/adsbygoogle.js?client=ca-pub-4089586018074219\" crossorigin=\"anonymous\"><\/script><ins class=\"adsbygoogle\" style=\"display:block;\" data-ad-client=\"ca-pub-4089586018074219\" \ndata-ad-slot=\"2087940154\" \ndata-ad-format=\"auto\"><\/ins>\n<script> \n(adsbygoogle = window.adsbygoogle || []).push({}); \n<\/script>\n<\/div>","protected":false},"excerpt":{"rendered":"<p>\u00ab\u00a0Mon avenir, je ne veux pas en parler maintenant. Pour l&rsquo;instance, je suis s\u00e9lectionneur du S\u00e9n\u00e9gal\u00a0\u00bb, a-t-il r\u00e9pondu au journaliste qui lui a pos\u00e9 la question. Le s\u00e9lectionneur national des Lions a par ailleurs appel\u00e9 \u00e0 la remobilisation pour pr\u00e9parer les prochaines \u00e9ch\u00e9ances (CAN 2023 et Mondial 2026). \u00ab\u00a0Il faut travailler pour rivaliser avec les autres lors des prochaines coupes du monde.\u00a0\u00bb Pour rappel, Ciss\u00e9 qui dirige la s\u00e9lection du S\u00e9n\u00e9gal depuis mars 2015, a prolong\u00e9 son contrat juste avant le Mondial jusqu&rsquo;en 2024. Souadou Diop<\/p>\n","protected":false},"author":7,"featured_media":11113,"comment_status":"open","ping_status":"open","sticky":false,"template":"","format":"standard","meta":{"_jetpack_memberships_contains_paid_content":false,"footnotes":""},"categories":[3412,7],"tags":[827,441,3617],"class_list":["post-11138","post","type-post","status-publish","format-standard","has-post-thumbnail","hentry","category-football","category-sport","tag-aliou-cisse","tag-avenir","tag-conference-de-presse-2","entry","has-media","owp-thumbs-layout-horizontal","owp-btn-normal","owp-tabs-layout-horizontal","has-no-thumbnails","has-product-nav"],"yoast_head":"<!-- This site is optimized with the Yoast SEO plugin v25.5 - https:\/\/yoast.com\/wordpress\/plugins\/seo\/ -->\n<title>En conf\u00e9rence de presse d&#039;apr\u00e8s-match, Aliou Ciss\u00e9, parle de son avenir avec l\u2019Equipe Nationale - LE PUBLIC<\/title>\n<meta name=\"robots\" content=\"index, follow, max-snippet:-1, max-image-preview:large, max-video-preview:-1\" \/>\n<link rel=\"canonical\" href=\"https:\/\/www.public.sn\/index.php\/2022\/12\/05\/en-conference-de-presse-dapres-match-aliou-cisse-parle-de-son-avenir-avec-lequipe-nationale\/\" \/>\n<meta property=\"og:locale\" content=\"fr_FR\" \/>\n<meta property=\"og:type\" content=\"article\" \/>\n<meta property=\"og:title\" content=\"En conf\u00e9rence de presse d&#039;apr\u00e8s-match, Aliou Ciss\u00e9, parle de son avenir avec l\u2019Equipe Nationale - LE PUBLIC\" \/>\n<meta property=\"og:description\" content=\"\u00ab\u00a0Mon avenir, je ne veux pas en parler maintenant. Pour l&rsquo;instance, je suis s\u00e9lectionneur du S\u00e9n\u00e9gal\u00a0\u00bb, a-t-il r\u00e9pondu au journaliste qui lui a pos\u00e9 la question. Le s\u00e9lectionneur national des Lions a par ailleurs appel\u00e9 \u00e0 la remobilisation pour pr\u00e9parer les prochaines \u00e9ch\u00e9ances (CAN 2023 et Mondial 2026). \u00ab\u00a0Il faut travailler pour rivaliser avec les autres lors des prochaines coupes du monde.\u00a0\u00bb Pour rappel, Ciss\u00e9 qui dirige la s\u00e9lection du S\u00e9n\u00e9gal depuis mars 2015, a prolong\u00e9 son contrat juste avant le Mondial jusqu&rsquo;en 2024. Souadou Diop\" \/>\n<meta property=\"og:url\" content=\"https:\/\/www.public.sn\/index.php\/2022\/12\/05\/en-conference-de-presse-dapres-match-aliou-cisse-parle-de-son-avenir-avec-lequipe-nationale\/\" \/>\n<meta property=\"og:site_name\" content=\"LE PUBLIC\" \/>\n<meta property=\"article:published_time\" content=\"2022-12-05T13:12:39+00:00\" \/>\n<meta property=\"article:modified_time\" content=\"2022-12-05T13:12:42+00:00\" \/>\n<meta property=\"og:image\" content=\"https:\/\/www.public.sn\/wp-content\/uploads\/2022\/12\/1443336196-612x612-1.webp\" \/>\n\t<meta property=\"og:image:width\" content=\"612\" \/>\n\t<meta property=\"og:image:height\" content=\"424\" \/>\n\t<meta property=\"og:image:type\" content=\"image\/webp\" \/>\n<meta name=\"author\" content=\"LA REDACTION\" \/>\n<meta name=\"twitter:card\" content=\"summary_large_image\" \/>\n<meta name=\"twitter:label1\" content=\"\u00c9crit par\" \/>\n\t<meta name=\"twitter:data1\" content=\"LA REDACTION\" \/>\n\t<meta name=\"twitter:label2\" content=\"Dur\u00e9e de lecture estim\u00e9e\" \/>\n\t<meta name=\"twitter:data2\" content=\"1 minute\" \/>\n<script type=\"application\/ld+json\" class=\"yoast-schema-graph\">{\"@context\":\"https:\/\/schema.org\",\"@graph\":[{\"@type\":\"Article\",\"@id\":\"https:\/\/www.public.sn\/index.php\/2022\/12\/05\/en-conference-de-presse-dapres-match-aliou-cisse-parle-de-son-avenir-avec-lequipe-nationale\/#article\",\"isPartOf\":{\"@id\":\"https:\/\/www.public.sn\/index.php\/2022\/12\/05\/en-conference-de-presse-dapres-match-aliou-cisse-parle-de-son-avenir-avec-lequipe-nationale\/\"},\"author\":{\"name\":\"LA REDACTION\",\"@id\":\"https:\/\/www.public.sn\/#\/schema\/person\/cb76c8e1b8becc6be61fb5e92d6d0224\"},\"headline\":\"En conf\u00e9rence de presse d&rsquo;apr\u00e8s-match, Aliou Ciss\u00e9, parle de son avenir avec l\u2019Equipe Nationale\",\"datePublished\":\"2022-12-05T13:12:39+00:00\",\"dateModified\":\"2022-12-05T13:12:42+00:00\",\"mainEntityOfPage\":{\"@id\":\"https:\/\/www.public.sn\/index.php\/2022\/12\/05\/en-conference-de-presse-dapres-match-aliou-cisse-parle-de-son-avenir-avec-lequipe-nationale\/\"},\"wordCount\":108,\"commentCount\":0,\"publisher\":{\"@id\":\"https:\/\/www.public.sn\/#organization\"},\"image\":{\"@id\":\"https:\/\/www.public.sn\/index.php\/2022\/12\/05\/en-conference-de-presse-dapres-match-aliou-cisse-parle-de-son-avenir-avec-lequipe-nationale\/#primaryimage\"},\"thumbnailUrl\":\"https:\/\/www.public.sn\/wp-content\/uploads\/2022\/12\/1443336196-612x612-1.webp\",\"keywords\":[\"Aliou Ciss\u00e9\",\"Avenir\",\"conf\u00e9rence de presse\"],\"articleSection\":[\"FOOTBALL\",\"SPORTS\"],\"inLanguage\":\"fr-FR\",\"potentialAction\":[{\"@type\":\"CommentAction\",\"name\":\"Comment\",\"target\":[\"https:\/\/www.public.sn\/index.php\/2022\/12\/05\/en-conference-de-presse-dapres-match-aliou-cisse-parle-de-son-avenir-avec-lequipe-nationale\/#respond\"]}]},{\"@type\":\"WebPage\",\"@id\":\"https:\/\/www.public.sn\/index.php\/2022\/12\/05\/en-conference-de-presse-dapres-match-aliou-cisse-parle-de-son-avenir-avec-lequipe-nationale\/\",\"url\":\"https:\/\/www.public.sn\/index.php\/2022\/12\/05\/en-conference-de-presse-dapres-match-aliou-cisse-parle-de-son-avenir-avec-lequipe-nationale\/\",\"name\":\"En conf\u00e9rence de presse d'apr\u00e8s-match, Aliou Ciss\u00e9, parle de son avenir avec l\u2019Equipe Nationale - LE PUBLIC\",\"isPartOf\":{\"@id\":\"https:\/\/www.public.sn\/#website\"},\"primaryImageOfPage\":{\"@id\":\"https:\/\/www.public.sn\/index.php\/2022\/12\/05\/en-conference-de-presse-dapres-match-aliou-cisse-parle-de-son-avenir-avec-lequipe-nationale\/#primaryimage\"},\"image\":{\"@id\":\"https:\/\/www.public.sn\/index.php\/2022\/12\/05\/en-conference-de-presse-dapres-match-aliou-cisse-parle-de-son-avenir-avec-lequipe-nationale\/#primaryimage\"},\"thumbnailUrl\":\"https:\/\/www.public.sn\/wp-content\/uploads\/2022\/12\/1443336196-612x612-1.webp\",\"datePublished\":\"2022-12-05T13:12:39+00:00\",\"dateModified\":\"2022-12-05T13:12:42+00:00\",\"breadcrumb\":{\"@id\":\"https:\/\/www.public.sn\/index.php\/2022\/12\/05\/en-conference-de-presse-dapres-match-aliou-cisse-parle-de-son-avenir-avec-lequipe-nationale\/#breadcrumb\"},\"inLanguage\":\"fr-FR\",\"potentialAction\":[{\"@type\":\"ReadAction\",\"target\":[\"https:\/\/www.public.sn\/index.php\/2022\/12\/05\/en-conference-de-presse-dapres-match-aliou-cisse-parle-de-son-avenir-avec-lequipe-nationale\/\"]}]},{\"@type\":\"ImageObject\",\"inLanguage\":\"fr-FR\",\"@id\":\"https:\/\/www.public.sn\/index.php\/2022\/12\/05\/en-conference-de-presse-dapres-match-aliou-cisse-parle-de-son-avenir-avec-lequipe-nationale\/#primaryimage\",\"url\":\"https:\/\/www.public.sn\/wp-content\/uploads\/2022\/12\/1443336196-612x612-1.webp\",\"contentUrl\":\"https:\/\/www.public.sn\/wp-content\/uploads\/2022\/12\/1443336196-612x612-1.webp\",\"width\":612,\"height\":424,\"caption\":\"publicsn\"},{\"@type\":\"BreadcrumbList\",\"@id\":\"https:\/\/www.public.sn\/index.php\/2022\/12\/05\/en-conference-de-presse-dapres-match-aliou-cisse-parle-de-son-avenir-avec-lequipe-nationale\/#breadcrumb\",\"itemListElement\":[{\"@type\":\"ListItem\",\"position\":1,\"name\":\"Accueil\",\"item\":\"https:\/\/www.public.sn\/\"},{\"@type\":\"ListItem\",\"position\":2,\"name\":\"En conf\u00e9rence de presse d&rsquo;apr\u00e8s-match, Aliou Ciss\u00e9, parle de son avenir avec l\u2019Equipe Nationale\"}]},{\"@type\":\"WebSite\",\"@id\":\"https:\/\/www.public.sn\/#website\",\"url\":\"https:\/\/www.public.sn\/\",\"name\":\"LE PUBLIC\",\"description\":\"\",\"publisher\":{\"@id\":\"https:\/\/www.public.sn\/#organization\"},\"potentialAction\":[{\"@type\":\"SearchAction\",\"target\":{\"@type\":\"EntryPoint\",\"urlTemplate\":\"https:\/\/www.public.sn\/?s={search_term_string}\"},\"query-input\":{\"@type\":\"PropertyValueSpecification\",\"valueRequired\":true,\"valueName\":\"search_term_string\"}}],\"inLanguage\":\"fr-FR\"},{\"@type\":\"Organization\",\"@id\":\"https:\/\/www.public.sn\/#organization\",\"name\":\"LE PUBLIC\",\"url\":\"https:\/\/www.public.sn\/\",\"logo\":{\"@type\":\"ImageObject\",\"inLanguage\":\"fr-FR\",\"@id\":\"https:\/\/www.public.sn\/#\/schema\/logo\/image\/\",\"url\":\"https:\/\/www.public.sn\/wp-content\/uploads\/2024\/05\/cropped-LOGO-PUBLIC.SN_.png\",\"contentUrl\":\"https:\/\/www.public.sn\/wp-content\/uploads\/2024\/05\/cropped-LOGO-PUBLIC.SN_.png\",\"width\":682,\"height\":192,\"caption\":\"LE PUBLIC\"},\"image\":{\"@id\":\"https:\/\/www.public.sn\/#\/schema\/logo\/image\/\"}},{\"@type\":\"Person\",\"@id\":\"https:\/\/www.public.sn\/#\/schema\/person\/cb76c8e1b8becc6be61fb5e92d6d0224\",\"name\":\"LA REDACTION\",\"image\":{\"@type\":\"ImageObject\",\"inLanguage\":\"fr-FR\",\"@id\":\"https:\/\/www.public.sn\/#\/schema\/person\/image\/\",\"url\":\"https:\/\/secure.gravatar.com\/avatar\/2dce5ddd34b8fef0180efe03aa2a9bee7d953856048f9a16b298190a3178407c?s=96&d=mm&r=g\",\"contentUrl\":\"https:\/\/secure.gravatar.com\/avatar\/2dce5ddd34b8fef0180efe03aa2a9bee7d953856048f9a16b298190a3178407c?s=96&d=mm&r=g\",\"caption\":\"LA REDACTION\"},\"url\":\"https:\/\/www.public.sn\/index.php\/author\/editeurpsn\/\"}]}<\/script>\n<!-- \/ Yoast SEO plugin. -->","yoast_head_json":{"title":"En conf\u00e9rence de presse d'apr\u00e8s-match, Aliou Ciss\u00e9, parle de son avenir avec l\u2019Equipe Nationale - LE PUBLIC","robots":{"index":"index","follow":"follow","max-snippet":"max-snippet:-1","max-image-preview":"max-image-preview:large","max-video-preview":"max-video-preview:-1"},"canonical":"https:\/\/www.public.sn\/index.php\/2022\/12\/05\/en-conference-de-presse-dapres-match-aliou-cisse-parle-de-son-avenir-avec-lequipe-nationale\/","og_locale":"fr_FR","og_type":"article","og_title":"En conf\u00e9rence de presse d'apr\u00e8s-match, Aliou Ciss\u00e9, parle de son avenir avec l\u2019Equipe Nationale - LE PUBLIC","og_description":"\u00ab\u00a0Mon avenir, je ne veux pas en parler maintenant. Pour l&rsquo;instance, je suis s\u00e9lectionneur du S\u00e9n\u00e9gal\u00a0\u00bb, a-t-il r\u00e9pondu au journaliste qui lui a pos\u00e9 la question. Le s\u00e9lectionneur national des Lions a par ailleurs appel\u00e9 \u00e0 la remobilisation pour pr\u00e9parer les prochaines \u00e9ch\u00e9ances (CAN 2023 et Mondial 2026). \u00ab\u00a0Il faut travailler pour rivaliser avec les autres lors des prochaines coupes du monde.\u00a0\u00bb Pour rappel, Ciss\u00e9 qui dirige la s\u00e9lection du S\u00e9n\u00e9gal depuis mars 2015, a prolong\u00e9 son contrat juste avant le Mondial jusqu&rsquo;en 2024. Souadou Diop","og_url":"https:\/\/www.public.sn\/index.php\/2022\/12\/05\/en-conference-de-presse-dapres-match-aliou-cisse-parle-de-son-avenir-avec-lequipe-nationale\/","og_site_name":"LE PUBLIC","article_published_time":"2022-12-05T13:12:39+00:00","article_modified_time":"2022-12-05T13:12:42+00:00","og_image":[{"width":612,"height":424,"url":"https:\/\/www.public.sn\/wp-content\/uploads\/2022\/12\/1443336196-612x612-1.webp","type":"image\/webp"}],"author":"LA REDACTION","twitter_card":"summary_large_image","twitter_misc":{"\u00c9crit par":"LA REDACTION","Dur\u00e9e de lecture estim\u00e9e":"1 minute"},"schema":{"@context":"https:\/\/schema.org","@graph":[{"@type":"Article","@id":"https:\/\/www.public.sn\/index.php\/2022\/12\/05\/en-conference-de-presse-dapres-match-aliou-cisse-parle-de-son-avenir-avec-lequipe-nationale\/#article","isPartOf":{"@id":"https:\/\/www.public.sn\/index.php\/2022\/12\/05\/en-conference-de-presse-dapres-match-aliou-cisse-parle-de-son-avenir-avec-lequipe-nationale\/"},"author":{"name":"LA REDACTION","@id":"https:\/\/www.public.sn\/#\/schema\/person\/cb76c8e1b8becc6be61fb5e92d6d0224"},"headline":"En conf\u00e9rence de presse d&rsquo;apr\u00e8s-match, Aliou Ciss\u00e9, parle de son avenir avec l\u2019Equipe Nationale","datePublished":"2022-12-05T13:12:39+00:00","dateModified":"2022-12-05T13:12:42+00:00","mainEntityOfPage":{"@id":"https:\/\/www.public.sn\/index.php\/2022\/12\/05\/en-conference-de-presse-dapres-match-aliou-cisse-parle-de-son-avenir-avec-lequipe-nationale\/"},"wordCount":108,"commentCount":0,"publisher":{"@id":"https:\/\/www.public.sn\/#organization"},"image":{"@id":"https:\/\/www.public.sn\/index.php\/2022\/12\/05\/en-conference-de-presse-dapres-match-aliou-cisse-parle-de-son-avenir-avec-lequipe-nationale\/#primaryimage"},"thumbnailUrl":"https:\/\/www.public.sn\/wp-content\/uploads\/2022\/12\/1443336196-612x612-1.webp","keywords":["Aliou Ciss\u00e9","Avenir","conf\u00e9rence de presse"],"articleSection":["FOOTBALL","SPORTS"],"inLanguage":"fr-FR","potentialAction":[{"@type":"CommentAction","name":"Comment","target":["https:\/\/www.public.sn\/index.php\/2022\/12\/05\/en-conference-de-presse-dapres-match-aliou-cisse-parle-de-son-avenir-avec-lequipe-nationale\/#respond"]}]},{"@type":"WebPage","@id":"https:\/\/www.public.sn\/index.php\/2022\/12\/05\/en-conference-de-presse-dapres-match-aliou-cisse-parle-de-son-avenir-avec-lequipe-nationale\/","url":"https:\/\/www.public.sn\/index.php\/2022\/12\/05\/en-conference-de-presse-dapres-match-aliou-cisse-parle-de-son-avenir-avec-lequipe-nationale\/","name":"En conf\u00e9rence de presse d'apr\u00e8s-match, Aliou Ciss\u00e9, parle de son avenir avec l\u2019Equipe Nationale - LE PUBLIC","isPartOf":{"@id":"https:\/\/www.public.sn\/#website"},"primaryImageOfPage":{"@id":"https:\/\/www.public.sn\/index.php\/2022\/12\/05\/en-conference-de-presse-dapres-match-aliou-cisse-parle-de-son-avenir-avec-lequipe-nationale\/#primaryimage"},"image":{"@id":"https:\/\/www.public.sn\/index.php\/2022\/12\/05\/en-conference-de-presse-dapres-match-aliou-cisse-parle-de-son-avenir-avec-lequipe-nationale\/#primaryimage"},"thumbnailUrl":"https:\/\/www.public.sn\/wp-content\/uploads\/2022\/12\/1443336196-612x612-1.webp","datePublished":"2022-12-05T13:12:39+00:00","dateModified":"2022-12-05T13:12:42+00:00","breadcrumb":{"@id":"https:\/\/www.public.sn\/index.php\/2022\/12\/05\/en-conference-de-presse-dapres-match-aliou-cisse-parle-de-son-avenir-avec-lequipe-nationale\/#breadcrumb"},"inLanguage":"fr-FR","potentialAction":[{"@type":"ReadAction","target":["https:\/\/www.public.sn\/index.php\/2022\/12\/05\/en-conference-de-presse-dapres-match-aliou-cisse-parle-de-son-avenir-avec-lequipe-nationale\/"]}]},{"@type":"ImageObject","inLanguage":"fr-FR","@id":"https:\/\/www.public.sn\/index.php\/2022\/12\/05\/en-conference-de-presse-dapres-match-aliou-cisse-parle-de-son-avenir-avec-lequipe-nationale\/#primaryimage","url":"https:\/\/www.public.sn\/wp-content\/uploads\/2022\/12\/1443336196-612x612-1.webp","contentUrl":"https:\/\/www.public.sn\/wp-content\/uploads\/2022\/12\/1443336196-612x612-1.webp","width":612,"height":424,"caption":"publicsn"},{"@type":"BreadcrumbList","@id":"https:\/\/www.public.sn\/index.php\/2022\/12\/05\/en-conference-de-presse-dapres-match-aliou-cisse-parle-de-son-avenir-avec-lequipe-nationale\/#breadcrumb","itemListElement":[{"@type":"ListItem","position":1,"name":"Accueil","item":"https:\/\/www.public.sn\/"},{"@type":"ListItem","position":2,"name":"En conf\u00e9rence de presse d&rsquo;apr\u00e8s-match, Aliou Ciss\u00e9, parle de son avenir avec l\u2019Equipe Nationale"}]},{"@type":"WebSite","@id":"https:\/\/www.public.sn\/#website","url":"https:\/\/www.public.sn\/","name":"LE PUBLIC","description":"","publisher":{"@id":"https:\/\/www.public.sn\/#organization"},"potentialAction":[{"@type":"SearchAction","target":{"@type":"EntryPoint","urlTemplate":"https:\/\/www.public.sn\/?s={search_term_string}"},"query-input":{"@type":"PropertyValueSpecification","valueRequired":true,"valueName":"search_term_string"}}],"inLanguage":"fr-FR"},{"@type":"Organization","@id":"https:\/\/www.public.sn\/#organization","name":"LE PUBLIC","url":"https:\/\/www.public.sn\/","logo":{"@type":"ImageObject","inLanguage":"fr-FR","@id":"https:\/\/www.public.sn\/#\/schema\/logo\/image\/","url":"https:\/\/www.public.sn\/wp-content\/uploads\/2024\/05\/cropped-LOGO-PUBLIC.SN_.png","contentUrl":"https:\/\/www.public.sn\/wp-content\/uploads\/2024\/05\/cropped-LOGO-PUBLIC.SN_.png","width":682,"height":192,"caption":"LE PUBLIC"},"image":{"@id":"https:\/\/www.public.sn\/#\/schema\/logo\/image\/"}},{"@type":"Person","@id":"https:\/\/www.public.sn\/#\/schema\/person\/cb76c8e1b8becc6be61fb5e92d6d0224","name":"LA REDACTION","image":{"@type":"ImageObject","inLanguage":"fr-FR","@id":"https:\/\/www.public.sn\/#\/schema\/person\/image\/","url":"https:\/\/secure.gravatar.com\/avatar\/2dce5ddd34b8fef0180efe03aa2a9bee7d953856048f9a16b298190a3178407c?s=96&d=mm&r=g","contentUrl":"https:\/\/secure.gravatar.com\/avatar\/2dce5ddd34b8fef0180efe03aa2a9bee7d953856048f9a16b298190a3178407c?s=96&d=mm&r=g","caption":"LA REDACTION"},"url":"https:\/\/www.public.sn\/index.php\/author\/editeurpsn\/"}]}},"jetpack_featured_media_url":"https:\/\/www.public.sn\/wp-content\/uploads\/2022\/12\/1443336196-612x612-1.webp","jetpack_sharing_enabled":true,"_links":{"self":[{"href":"https:\/\/www.public.sn\/index.php\/wp-json\/wp\/v2\/posts\/11138","targetHints":{"allow":["GET"]}}],"collection":[{"href":"https:\/\/www.public.sn\/index.php\/wp-json\/wp\/v2\/posts"}],"about":[{"href":"https:\/\/www.public.sn\/index.php\/wp-json\/wp\/v2\/types\/post"}],"author":[{"embeddable":true,"href":"https:\/\/www.public.sn\/index.php\/wp-json\/wp\/v2\/users\/7"}],"replies":[{"embeddable":true,"href":"https:\/\/www.public.sn\/index.php\/wp-json\/wp\/v2\/comments?post=11138"}],"version-history":[{"count":1,"href":"https:\/\/www.public.sn\/index.php\/wp-json\/wp\/v2\/posts\/11138\/revisions"}],"predecessor-version":[{"id":11140,"href":"https:\/\/www.public.sn\/index.php\/wp-json\/wp\/v2\/posts\/11138\/revisions\/11140"}],"wp:featuredmedia":[{"embeddable":true,"href":"https:\/\/www.public.sn\/index.php\/wp-json\/wp\/v2\/media\/11113"}],"wp:attachment":[{"href":"https:\/\/www.public.sn\/index.php\/wp-json\/wp\/v2\/media?parent=11138"}],"wp:term":[{"taxonomy":"category","embeddable":true,"href":"https:\/\/www.public.sn\/index.php\/wp-json\/wp\/v2\/categories?post=11138"},{"taxonomy":"post_tag","embeddable":true,"href":"https:\/\/www.public.sn\/index.php\/wp-json\/wp\/v2\/tags?post=11138"}],"curies":[{"name":"wp","href":"https:\/\/api.w.org\/{rel}","templated":true}]}}