{"id":11160,"date":"2022-12-05T16:43:28","date_gmt":"2022-12-05T16:43:28","guid":{"rendered":"https:\/\/www.public.sn\/?p=11160"},"modified":"2022-12-05T16:43:30","modified_gmt":"2022-12-05T16:43:30","slug":"elimination-des-lions-les-senegalais-se-prononcent","status":"publish","type":"post","link":"https:\/\/www.public.sn\/index.php\/2022\/12\/05\/elimination-des-lions-les-senegalais-se-prononcent\/","title":{"rendered":"Elimination des lions\u00a0: les s\u00e9n\u00e9galais se prononcent\u2026"},"content":{"rendered":"\n<p>Battu hier par l\u2019Angleterre sur la marque de 3&nbsp;&#8211; 0, le S\u00e9n\u00e9gal est \u00e9limin\u00e9 de la coupe du monde Qatar 2022. Une situation qui fait r\u00e9agir bon nombre de s\u00e9n\u00e9galais. Si certains pensent que l\u2019Angleterre \u00e9tait au dessus des l\u2019\u00e9quipe s\u00e9n\u00e9galais, d\u2019autres voient Aliou Ciss\u00e9 comme responsable de cette \u00e9limination. Ecoutez&nbsp;!<\/p><div class=\"publi-paragraphe1\" style=\"margin-top: 10px;margin-bottom: 10px;margin-left: auto;margin-right: auto;text-align: center;\" id=\"publi-1292597107\"><div class=\"publi-adlabel\">Publicit\u00e9<\/div><script async src=\"\/\/pagead2.googlesyndication.com\/pagead\/js\/adsbygoogle.js?client=ca-pub-4089586018074219\" crossorigin=\"anonymous\"><\/script><ins class=\"adsbygoogle\" style=\"display:block;\" data-ad-client=\"ca-pub-4089586018074219\" \ndata-ad-slot=\"2087940154\" \ndata-ad-format=\"auto\"><\/ins>\n<script> \n(adsbygoogle = window.adsbygoogle || []).push({}); \n<\/script>\n<\/div>\n\n\n\n<p><\/p>\n\n\n<p><iframe title=\"\u00c9limination des Lions : les s\u00e9n\u00e9galais se prononcent...\" src=\"https:\/\/www.youtube.com\/embed\/Jek4dOsolw0\" width=\"640\" height=\"360\" frameborder=\"0\" allowfullscreen=\"allowfullscreen\"><\/iframe><\/p>\n<p>Modou Diouf.<\/p><div class=\"publi-apres-le-contenu\" style=\"margin-top: 10px;margin-bottom: 10px;margin-left: auto;margin-right: auto;text-align: center;\" id=\"publi-300062795\"><div class=\"publi-adlabel\">Publicit\u00e9<\/div><script async src=\"\/\/pagead2.googlesyndication.com\/pagead\/js\/adsbygoogle.js?client=ca-pub-4089586018074219\" crossorigin=\"anonymous\"><\/script><ins class=\"adsbygoogle\" style=\"display:block;\" data-ad-client=\"ca-pub-4089586018074219\" \ndata-ad-slot=\"2087940154\" \ndata-ad-format=\"auto\"><\/ins>\n<script> \n(adsbygoogle = window.adsbygoogle || []).push({}); \n<\/script>\n<\/div>","protected":false},"excerpt":{"rendered":"<p>Battu hier par l\u2019Angleterre sur la marque de 3&nbsp;&#8211; 0, le S\u00e9n\u00e9gal est \u00e9limin\u00e9 de la coupe du monde Qatar 2022. Une situation qui fait r\u00e9agir bon nombre de s\u00e9n\u00e9galais. Si certains pensent que l\u2019Angleterre \u00e9tait au dessus des l\u2019\u00e9quipe s\u00e9n\u00e9galais, d\u2019autres voient Aliou Ciss\u00e9 comme responsable de cette \u00e9limination. Ecoutez&nbsp;! Modou Diouf.<\/p>\n","protected":false},"author":7,"featured_media":11161,"comment_status":"open","ping_status":"open","sticky":false,"template":"","format":"standard","meta":{"_jetpack_memberships_contains_paid_content":false,"footnotes":""},"categories":[375,3412,8,1,4,7,6],"tags":[3655,3656,2083],"class_list":["post-11160","post","type-post","status-publish","format-standard","has-post-thumbnail","hentry","category-actualites","category-football","category-public-tv","category-non-classe","category-societe","category-sport","category-videos","tag-elimination-des-lions","tag-se-prononcent","tag-senegalais-2","entry","has-media","owp-thumbs-layout-horizontal","owp-btn-normal","owp-tabs-layout-horizontal","has-no-thumbnails","has-product-nav"],"yoast_head":"<!-- This site is optimized with the Yoast SEO plugin v25.5 - https:\/\/yoast.com\/wordpress\/plugins\/seo\/ -->\n<title>Elimination des lions\u00a0: les s\u00e9n\u00e9galais se prononcent\u2026 - LE PUBLIC<\/title>\n<meta name=\"robots\" content=\"index, follow, max-snippet:-1, max-image-preview:large, max-video-preview:-1\" \/>\n<link rel=\"canonical\" href=\"https:\/\/www.public.sn\/index.php\/2022\/12\/05\/elimination-des-lions-les-senegalais-se-prononcent\/\" \/>\n<meta property=\"og:locale\" content=\"fr_FR\" \/>\n<meta property=\"og:type\" content=\"article\" \/>\n<meta property=\"og:title\" content=\"Elimination des lions\u00a0: les s\u00e9n\u00e9galais se prononcent\u2026 - LE PUBLIC\" \/>\n<meta property=\"og:description\" content=\"Battu hier par l\u2019Angleterre sur la marque de 3&nbsp;&#8211; 0, le S\u00e9n\u00e9gal est \u00e9limin\u00e9 de la coupe du monde Qatar 2022. Une situation qui fait r\u00e9agir bon nombre de s\u00e9n\u00e9galais. Si certains pensent que l\u2019Angleterre \u00e9tait au dessus des l\u2019\u00e9quipe s\u00e9n\u00e9galais, d\u2019autres voient Aliou Ciss\u00e9 comme responsable de cette \u00e9limination. Ecoutez&nbsp;! Modou Diouf.\" \/>\n<meta property=\"og:url\" content=\"https:\/\/www.public.sn\/index.php\/2022\/12\/05\/elimination-des-lions-les-senegalais-se-prononcent\/\" \/>\n<meta property=\"og:site_name\" content=\"LE PUBLIC\" \/>\n<meta property=\"article:published_time\" content=\"2022-12-05T16:43:28+00:00\" \/>\n<meta property=\"article:modified_time\" content=\"2022-12-05T16:43:30+00:00\" \/>\n<meta property=\"og:image\" content=\"https:\/\/www.public.sn\/wp-content\/uploads\/2022\/12\/d-1.jpg\" \/>\n\t<meta property=\"og:image:width\" content=\"864\" \/>\n\t<meta property=\"og:image:height\" content=\"486\" \/>\n\t<meta property=\"og:image:type\" content=\"image\/jpeg\" \/>\n<meta name=\"author\" content=\"LA REDACTION\" \/>\n<meta name=\"twitter:card\" content=\"summary_large_image\" \/>\n<meta name=\"twitter:label1\" content=\"\u00c9crit par\" \/>\n\t<meta name=\"twitter:data1\" content=\"LA REDACTION\" \/>\n\t<meta name=\"twitter:label2\" content=\"Dur\u00e9e de lecture estim\u00e9e\" \/>\n\t<meta name=\"twitter:data2\" content=\"1 minute\" \/>\n<script type=\"application\/ld+json\" class=\"yoast-schema-graph\">{\"@context\":\"https:\/\/schema.org\",\"@graph\":[{\"@type\":\"Article\",\"@id\":\"https:\/\/www.public.sn\/index.php\/2022\/12\/05\/elimination-des-lions-les-senegalais-se-prononcent\/#article\",\"isPartOf\":{\"@id\":\"https:\/\/www.public.sn\/index.php\/2022\/12\/05\/elimination-des-lions-les-senegalais-se-prononcent\/\"},\"author\":{\"name\":\"LA REDACTION\",\"@id\":\"https:\/\/www.public.sn\/#\/schema\/person\/cb76c8e1b8becc6be61fb5e92d6d0224\"},\"headline\":\"Elimination des lions\u00a0: les s\u00e9n\u00e9galais se prononcent\u2026\",\"datePublished\":\"2022-12-05T16:43:28+00:00\",\"dateModified\":\"2022-12-05T16:43:30+00:00\",\"mainEntityOfPage\":{\"@id\":\"https:\/\/www.public.sn\/index.php\/2022\/12\/05\/elimination-des-lions-les-senegalais-se-prononcent\/\"},\"wordCount\":73,\"commentCount\":0,\"publisher\":{\"@id\":\"https:\/\/www.public.sn\/#organization\"},\"image\":{\"@id\":\"https:\/\/www.public.sn\/index.php\/2022\/12\/05\/elimination-des-lions-les-senegalais-se-prononcent\/#primaryimage\"},\"thumbnailUrl\":\"https:\/\/www.public.sn\/wp-content\/uploads\/2022\/12\/d-1.jpg\",\"keywords\":[\"elimination des lions\",\"se prononcent\",\"senegalais\"],\"articleSection\":[\"ACTUALIT\u00c9S\",\"FOOTBALL\",\"PUBLIC TV\",\"S\u00c9N\u00c9GAL\",\"SOCIETE\",\"SPORTS\",\"VIDEOS\"],\"inLanguage\":\"fr-FR\",\"potentialAction\":[{\"@type\":\"CommentAction\",\"name\":\"Comment\",\"target\":[\"https:\/\/www.public.sn\/index.php\/2022\/12\/05\/elimination-des-lions-les-senegalais-se-prononcent\/#respond\"]}]},{\"@type\":\"WebPage\",\"@id\":\"https:\/\/www.public.sn\/index.php\/2022\/12\/05\/elimination-des-lions-les-senegalais-se-prononcent\/\",\"url\":\"https:\/\/www.public.sn\/index.php\/2022\/12\/05\/elimination-des-lions-les-senegalais-se-prononcent\/\",\"name\":\"Elimination des lions\u00a0: les s\u00e9n\u00e9galais se prononcent\u2026 - LE PUBLIC\",\"isPartOf\":{\"@id\":\"https:\/\/www.public.sn\/#website\"},\"primaryImageOfPage\":{\"@id\":\"https:\/\/www.public.sn\/index.php\/2022\/12\/05\/elimination-des-lions-les-senegalais-se-prononcent\/#primaryimage\"},\"image\":{\"@id\":\"https:\/\/www.public.sn\/index.php\/2022\/12\/05\/elimination-des-lions-les-senegalais-se-prononcent\/#primaryimage\"},\"thumbnailUrl\":\"https:\/\/www.public.sn\/wp-content\/uploads\/2022\/12\/d-1.jpg\",\"datePublished\":\"2022-12-05T16:43:28+00:00\",\"dateModified\":\"2022-12-05T16:43:30+00:00\",\"breadcrumb\":{\"@id\":\"https:\/\/www.public.sn\/index.php\/2022\/12\/05\/elimination-des-lions-les-senegalais-se-prononcent\/#breadcrumb\"},\"inLanguage\":\"fr-FR\",\"potentialAction\":[{\"@type\":\"ReadAction\",\"target\":[\"https:\/\/www.public.sn\/index.php\/2022\/12\/05\/elimination-des-lions-les-senegalais-se-prononcent\/\"]}]},{\"@type\":\"ImageObject\",\"inLanguage\":\"fr-FR\",\"@id\":\"https:\/\/www.public.sn\/index.php\/2022\/12\/05\/elimination-des-lions-les-senegalais-se-prononcent\/#primaryimage\",\"url\":\"https:\/\/www.public.sn\/wp-content\/uploads\/2022\/12\/d-1.jpg\",\"contentUrl\":\"https:\/\/www.public.sn\/wp-content\/uploads\/2022\/12\/d-1.jpg\",\"width\":864,\"height\":486,\"caption\":\"publicsn\"},{\"@type\":\"BreadcrumbList\",\"@id\":\"https:\/\/www.public.sn\/index.php\/2022\/12\/05\/elimination-des-lions-les-senegalais-se-prononcent\/#breadcrumb\",\"itemListElement\":[{\"@type\":\"ListItem\",\"position\":1,\"name\":\"Accueil\",\"item\":\"https:\/\/www.public.sn\/\"},{\"@type\":\"ListItem\",\"position\":2,\"name\":\"Elimination des lions\u00a0: les s\u00e9n\u00e9galais se prononcent\u2026\"}]},{\"@type\":\"WebSite\",\"@id\":\"https:\/\/www.public.sn\/#website\",\"url\":\"https:\/\/www.public.sn\/\",\"name\":\"LE PUBLIC\",\"description\":\"\",\"publisher\":{\"@id\":\"https:\/\/www.public.sn\/#organization\"},\"potentialAction\":[{\"@type\":\"SearchAction\",\"target\":{\"@type\":\"EntryPoint\",\"urlTemplate\":\"https:\/\/www.public.sn\/?s={search_term_string}\"},\"query-input\":{\"@type\":\"PropertyValueSpecification\",\"valueRequired\":true,\"valueName\":\"search_term_string\"}}],\"inLanguage\":\"fr-FR\"},{\"@type\":\"Organization\",\"@id\":\"https:\/\/www.public.sn\/#organization\",\"name\":\"LE PUBLIC\",\"url\":\"https:\/\/www.public.sn\/\",\"logo\":{\"@type\":\"ImageObject\",\"inLanguage\":\"fr-FR\",\"@id\":\"https:\/\/www.public.sn\/#\/schema\/logo\/image\/\",\"url\":\"https:\/\/www.public.sn\/wp-content\/uploads\/2024\/05\/cropped-LOGO-PUBLIC.SN_.png\",\"contentUrl\":\"https:\/\/www.public.sn\/wp-content\/uploads\/2024\/05\/cropped-LOGO-PUBLIC.SN_.png\",\"width\":682,\"height\":192,\"caption\":\"LE PUBLIC\"},\"image\":{\"@id\":\"https:\/\/www.public.sn\/#\/schema\/logo\/image\/\"}},{\"@type\":\"Person\",\"@id\":\"https:\/\/www.public.sn\/#\/schema\/person\/cb76c8e1b8becc6be61fb5e92d6d0224\",\"name\":\"LA REDACTION\",\"image\":{\"@type\":\"ImageObject\",\"inLanguage\":\"fr-FR\",\"@id\":\"https:\/\/www.public.sn\/#\/schema\/person\/image\/\",\"url\":\"https:\/\/secure.gravatar.com\/avatar\/2dce5ddd34b8fef0180efe03aa2a9bee7d953856048f9a16b298190a3178407c?s=96&d=mm&r=g\",\"contentUrl\":\"https:\/\/secure.gravatar.com\/avatar\/2dce5ddd34b8fef0180efe03aa2a9bee7d953856048f9a16b298190a3178407c?s=96&d=mm&r=g\",\"caption\":\"LA REDACTION\"},\"url\":\"https:\/\/www.public.sn\/index.php\/author\/editeurpsn\/\"}]}<\/script>\n<!-- \/ Yoast SEO plugin. -->","yoast_head_json":{"title":"Elimination des lions\u00a0: les s\u00e9n\u00e9galais se prononcent\u2026 - LE PUBLIC","robots":{"index":"index","follow":"follow","max-snippet":"max-snippet:-1","max-image-preview":"max-image-preview:large","max-video-preview":"max-video-preview:-1"},"canonical":"https:\/\/www.public.sn\/index.php\/2022\/12\/05\/elimination-des-lions-les-senegalais-se-prononcent\/","og_locale":"fr_FR","og_type":"article","og_title":"Elimination des lions\u00a0: les s\u00e9n\u00e9galais se prononcent\u2026 - LE PUBLIC","og_description":"Battu hier par l\u2019Angleterre sur la marque de 3&nbsp;&#8211; 0, le S\u00e9n\u00e9gal est \u00e9limin\u00e9 de la coupe du monde Qatar 2022. Une situation qui fait r\u00e9agir bon nombre de s\u00e9n\u00e9galais. Si certains pensent que l\u2019Angleterre \u00e9tait au dessus des l\u2019\u00e9quipe s\u00e9n\u00e9galais, d\u2019autres voient Aliou Ciss\u00e9 comme responsable de cette \u00e9limination. Ecoutez&nbsp;! Modou Diouf.","og_url":"https:\/\/www.public.sn\/index.php\/2022\/12\/05\/elimination-des-lions-les-senegalais-se-prononcent\/","og_site_name":"LE PUBLIC","article_published_time":"2022-12-05T16:43:28+00:00","article_modified_time":"2022-12-05T16:43:30+00:00","og_image":[{"width":864,"height":486,"url":"https:\/\/www.public.sn\/wp-content\/uploads\/2022\/12\/d-1.jpg","type":"image\/jpeg"}],"author":"LA REDACTION","twitter_card":"summary_large_image","twitter_misc":{"\u00c9crit par":"LA REDACTION","Dur\u00e9e de lecture estim\u00e9e":"1 minute"},"schema":{"@context":"https:\/\/schema.org","@graph":[{"@type":"Article","@id":"https:\/\/www.public.sn\/index.php\/2022\/12\/05\/elimination-des-lions-les-senegalais-se-prononcent\/#article","isPartOf":{"@id":"https:\/\/www.public.sn\/index.php\/2022\/12\/05\/elimination-des-lions-les-senegalais-se-prononcent\/"},"author":{"name":"LA REDACTION","@id":"https:\/\/www.public.sn\/#\/schema\/person\/cb76c8e1b8becc6be61fb5e92d6d0224"},"headline":"Elimination des lions\u00a0: les s\u00e9n\u00e9galais se prononcent\u2026","datePublished":"2022-12-05T16:43:28+00:00","dateModified":"2022-12-05T16:43:30+00:00","mainEntityOfPage":{"@id":"https:\/\/www.public.sn\/index.php\/2022\/12\/05\/elimination-des-lions-les-senegalais-se-prononcent\/"},"wordCount":73,"commentCount":0,"publisher":{"@id":"https:\/\/www.public.sn\/#organization"},"image":{"@id":"https:\/\/www.public.sn\/index.php\/2022\/12\/05\/elimination-des-lions-les-senegalais-se-prononcent\/#primaryimage"},"thumbnailUrl":"https:\/\/www.public.sn\/wp-content\/uploads\/2022\/12\/d-1.jpg","keywords":["elimination des lions","se prononcent","senegalais"],"articleSection":["ACTUALIT\u00c9S","FOOTBALL","PUBLIC TV","S\u00c9N\u00c9GAL","SOCIETE","SPORTS","VIDEOS"],"inLanguage":"fr-FR","potentialAction":[{"@type":"CommentAction","name":"Comment","target":["https:\/\/www.public.sn\/index.php\/2022\/12\/05\/elimination-des-lions-les-senegalais-se-prononcent\/#respond"]}]},{"@type":"WebPage","@id":"https:\/\/www.public.sn\/index.php\/2022\/12\/05\/elimination-des-lions-les-senegalais-se-prononcent\/","url":"https:\/\/www.public.sn\/index.php\/2022\/12\/05\/elimination-des-lions-les-senegalais-se-prononcent\/","name":"Elimination des lions\u00a0: les s\u00e9n\u00e9galais se prononcent\u2026 - LE PUBLIC","isPartOf":{"@id":"https:\/\/www.public.sn\/#website"},"primaryImageOfPage":{"@id":"https:\/\/www.public.sn\/index.php\/2022\/12\/05\/elimination-des-lions-les-senegalais-se-prononcent\/#primaryimage"},"image":{"@id":"https:\/\/www.public.sn\/index.php\/2022\/12\/05\/elimination-des-lions-les-senegalais-se-prononcent\/#primaryimage"},"thumbnailUrl":"https:\/\/www.public.sn\/wp-content\/uploads\/2022\/12\/d-1.jpg","datePublished":"2022-12-05T16:43:28+00:00","dateModified":"2022-12-05T16:43:30+00:00","breadcrumb":{"@id":"https:\/\/www.public.sn\/index.php\/2022\/12\/05\/elimination-des-lions-les-senegalais-se-prononcent\/#breadcrumb"},"inLanguage":"fr-FR","potentialAction":[{"@type":"ReadAction","target":["https:\/\/www.public.sn\/index.php\/2022\/12\/05\/elimination-des-lions-les-senegalais-se-prononcent\/"]}]},{"@type":"ImageObject","inLanguage":"fr-FR","@id":"https:\/\/www.public.sn\/index.php\/2022\/12\/05\/elimination-des-lions-les-senegalais-se-prononcent\/#primaryimage","url":"https:\/\/www.public.sn\/wp-content\/uploads\/2022\/12\/d-1.jpg","contentUrl":"https:\/\/www.public.sn\/wp-content\/uploads\/2022\/12\/d-1.jpg","width":864,"height":486,"caption":"publicsn"},{"@type":"BreadcrumbList","@id":"https:\/\/www.public.sn\/index.php\/2022\/12\/05\/elimination-des-lions-les-senegalais-se-prononcent\/#breadcrumb","itemListElement":[{"@type":"ListItem","position":1,"name":"Accueil","item":"https:\/\/www.public.sn\/"},{"@type":"ListItem","position":2,"name":"Elimination des lions\u00a0: les s\u00e9n\u00e9galais se prononcent\u2026"}]},{"@type":"WebSite","@id":"https:\/\/www.public.sn\/#website","url":"https:\/\/www.public.sn\/","name":"LE PUBLIC","description":"","publisher":{"@id":"https:\/\/www.public.sn\/#organization"},"potentialAction":[{"@type":"SearchAction","target":{"@type":"EntryPoint","urlTemplate":"https:\/\/www.public.sn\/?s={search_term_string}"},"query-input":{"@type":"PropertyValueSpecification","valueRequired":true,"valueName":"search_term_string"}}],"inLanguage":"fr-FR"},{"@type":"Organization","@id":"https:\/\/www.public.sn\/#organization","name":"LE PUBLIC","url":"https:\/\/www.public.sn\/","logo":{"@type":"ImageObject","inLanguage":"fr-FR","@id":"https:\/\/www.public.sn\/#\/schema\/logo\/image\/","url":"https:\/\/www.public.sn\/wp-content\/uploads\/2024\/05\/cropped-LOGO-PUBLIC.SN_.png","contentUrl":"https:\/\/www.public.sn\/wp-content\/uploads\/2024\/05\/cropped-LOGO-PUBLIC.SN_.png","width":682,"height":192,"caption":"LE PUBLIC"},"image":{"@id":"https:\/\/www.public.sn\/#\/schema\/logo\/image\/"}},{"@type":"Person","@id":"https:\/\/www.public.sn\/#\/schema\/person\/cb76c8e1b8becc6be61fb5e92d6d0224","name":"LA REDACTION","image":{"@type":"ImageObject","inLanguage":"fr-FR","@id":"https:\/\/www.public.sn\/#\/schema\/person\/image\/","url":"https:\/\/secure.gravatar.com\/avatar\/2dce5ddd34b8fef0180efe03aa2a9bee7d953856048f9a16b298190a3178407c?s=96&d=mm&r=g","contentUrl":"https:\/\/secure.gravatar.com\/avatar\/2dce5ddd34b8fef0180efe03aa2a9bee7d953856048f9a16b298190a3178407c?s=96&d=mm&r=g","caption":"LA REDACTION"},"url":"https:\/\/www.public.sn\/index.php\/author\/editeurpsn\/"}]}},"jetpack_featured_media_url":"https:\/\/www.public.sn\/wp-content\/uploads\/2022\/12\/d-1.jpg","jetpack_sharing_enabled":true,"_links":{"self":[{"href":"https:\/\/www.public.sn\/index.php\/wp-json\/wp\/v2\/posts\/11160","targetHints":{"allow":["GET"]}}],"collection":[{"href":"https:\/\/www.public.sn\/index.php\/wp-json\/wp\/v2\/posts"}],"about":[{"href":"https:\/\/www.public.sn\/index.php\/wp-json\/wp\/v2\/types\/post"}],"author":[{"embeddable":true,"href":"https:\/\/www.public.sn\/index.php\/wp-json\/wp\/v2\/users\/7"}],"replies":[{"embeddable":true,"href":"https:\/\/www.public.sn\/index.php\/wp-json\/wp\/v2\/comments?post=11160"}],"version-history":[{"count":1,"href":"https:\/\/www.public.sn\/index.php\/wp-json\/wp\/v2\/posts\/11160\/revisions"}],"predecessor-version":[{"id":11162,"href":"https:\/\/www.public.sn\/index.php\/wp-json\/wp\/v2\/posts\/11160\/revisions\/11162"}],"wp:featuredmedia":[{"embeddable":true,"href":"https:\/\/www.public.sn\/index.php\/wp-json\/wp\/v2\/media\/11161"}],"wp:attachment":[{"href":"https:\/\/www.public.sn\/index.php\/wp-json\/wp\/v2\/media?parent=11160"}],"wp:term":[{"taxonomy":"category","embeddable":true,"href":"https:\/\/www.public.sn\/index.php\/wp-json\/wp\/v2\/categories?post=11160"},{"taxonomy":"post_tag","embeddable":true,"href":"https:\/\/www.public.sn\/index.php\/wp-json\/wp\/v2\/tags?post=11160"}],"curies":[{"name":"wp","href":"https:\/\/api.w.org\/{rel}","templated":true}]}}