{"id":11164,"date":"2022-12-06T17:44:38","date_gmt":"2022-12-06T17:44:38","guid":{"rendered":"https:\/\/www.public.sn\/?p=11164"},"modified":"2022-12-06T17:44:40","modified_gmt":"2022-12-06T17:44:40","slug":"bagarre-a-lassemblee-le-collectif-des-femmes-membres-fondatrices-et-femmes-pionnieres-de-lapr-en-soutient-a-leur-soeur-de-parti-amy-ndiaye-gniby","status":"publish","type":"post","link":"https:\/\/www.public.sn\/index.php\/2022\/12\/06\/bagarre-a-lassemblee-le-collectif-des-femmes-membres-fondatrices-et-femmes-pionnieres-de-lapr-en-soutient-a-leur-soeur-de-parti-amy-ndiaye-gniby\/","title":{"rendered":"Bagarre a l\u2019assembl\u00e9e\u00a0: Le collectif des femmes membres fondatrices et femmes pionni\u00e8res de l\u2019APR en soutient \u00e0 leur s\u0153ur de parti Amy Ndiaye Gniby"},"content":{"rendered":"\n<p>Le collectif des femmes membres fondatrices et femmes pionni\u00e8res de l\u2019APR d\u00e9plore et condamne avec la plus grande \u00e9nergie, l\u2019acte commis par les d\u00e9put\u00e9s de l\u2019opposition qui ont agress\u00e9 leur s\u0153ur de parti Amy Ndiaye.<\/p><div class=\"publi-paragraphe1\" style=\"margin-top: 10px;margin-bottom: 10px;margin-left: auto;margin-right: auto;text-align: center;\" id=\"publi-601610583\"><div class=\"publi-adlabel\">Publicit\u00e9<\/div><script async src=\"\/\/pagead2.googlesyndication.com\/pagead\/js\/adsbygoogle.js?client=ca-pub-4089586018074219\" crossorigin=\"anonymous\"><\/script><ins class=\"adsbygoogle\" style=\"display:block;\" data-ad-client=\"ca-pub-4089586018074219\" \ndata-ad-slot=\"2087940154\" \ndata-ad-format=\"auto\"><\/ins>\n<script> \n(adsbygoogle = window.adsbygoogle || []).push({}); \n<\/script>\n<\/div>\n\n\n\n<p>&nbsp;Elles d\u00e9plorent le comportement des femmes de l\u2019opposition qui mettent de l\u2019huile sur le feu,&nbsp;\u00ab&nbsp;nous vous disons stop.\u00bb<\/p>\n\n\n\n<p><\/p>\n\n\n<p><iframe width=\"718\" height=\"404\" src=\"https:\/\/www.youtube.com\/embed\/RYvwK7xtIs4\" title=\"Bagarre \u00e0 l'assembl\u00e9e, Les femmes pionni\u00e8res de l'APR en soutien av Amy Ndiaye Gniby.\" frameborder=\"0\" allow=\"accelerometer; autoplay; clipboard-write; encrypted-media; gyroscope; picture-in-picture\" allowfullscreen=\"\"><\/iframe><\/p>\n<p>Souadou Diop<\/p><div class=\"publi-apres-le-contenu\" style=\"margin-top: 10px;margin-bottom: 10px;margin-left: auto;margin-right: auto;text-align: center;\" id=\"publi-116848234\"><div class=\"publi-adlabel\">Publicit\u00e9<\/div><script async src=\"\/\/pagead2.googlesyndication.com\/pagead\/js\/adsbygoogle.js?client=ca-pub-4089586018074219\" crossorigin=\"anonymous\"><\/script><ins class=\"adsbygoogle\" style=\"display:block;\" data-ad-client=\"ca-pub-4089586018074219\" \ndata-ad-slot=\"2087940154\" \ndata-ad-format=\"auto\"><\/ins>\n<script> \n(adsbygoogle = window.adsbygoogle || []).push({}); \n<\/script>\n<\/div>","protected":false},"excerpt":{"rendered":"<p>Le collectif des femmes membres fondatrices et femmes pionni\u00e8res de l\u2019APR d\u00e9plore et condamne avec la plus grande \u00e9nergie, l\u2019acte commis par les d\u00e9put\u00e9s de l\u2019opposition qui ont agress\u00e9 leur s\u0153ur de parti Amy Ndiaye. &nbsp;Elles d\u00e9plorent le comportement des femmes de l\u2019opposition qui mettent de l\u2019huile sur le feu,&nbsp;\u00ab&nbsp;nous vous disons stop.\u00bb Souadou Diop<\/p>\n","protected":false},"author":7,"featured_media":11240,"comment_status":"open","ping_status":"open","sticky":false,"template":"","format":"standard","meta":{"_jetpack_memberships_contains_paid_content":false,"footnotes":""},"categories":[375,3,8,1,4,6],"tags":[3621,742,3661],"class_list":["post-11164","post","type-post","status-publish","format-standard","has-post-thumbnail","hentry","category-actualites","category-politique","category-public-tv","category-non-classe","category-societe","category-videos","tag-amy-ndiaye-gniby","tag-apr","tag-femmes-pionnieres","entry","has-media","owp-thumbs-layout-horizontal","owp-btn-normal","owp-tabs-layout-horizontal","has-no-thumbnails","has-product-nav"],"yoast_head":"<!-- This site is optimized with the Yoast SEO plugin v25.5 - https:\/\/yoast.com\/wordpress\/plugins\/seo\/ -->\n<title>Bagarre a l\u2019assembl\u00e9e\u00a0: Le collectif des femmes membres fondatrices et femmes pionni\u00e8res de l\u2019APR en soutient \u00e0 leur s\u0153ur de parti Amy Ndiaye Gniby - LE PUBLIC<\/title>\n<meta name=\"robots\" content=\"index, follow, max-snippet:-1, max-image-preview:large, max-video-preview:-1\" \/>\n<link rel=\"canonical\" href=\"https:\/\/www.public.sn\/index.php\/2022\/12\/06\/bagarre-a-lassemblee-le-collectif-des-femmes-membres-fondatrices-et-femmes-pionnieres-de-lapr-en-soutient-a-leur-soeur-de-parti-amy-ndiaye-gniby\/\" \/>\n<meta property=\"og:locale\" content=\"fr_FR\" \/>\n<meta property=\"og:type\" content=\"article\" \/>\n<meta property=\"og:title\" content=\"Bagarre a l\u2019assembl\u00e9e\u00a0: Le collectif des femmes membres fondatrices et femmes pionni\u00e8res de l\u2019APR en soutient \u00e0 leur s\u0153ur de parti Amy Ndiaye Gniby - LE PUBLIC\" \/>\n<meta property=\"og:description\" content=\"Le collectif des femmes membres fondatrices et femmes pionni\u00e8res de l\u2019APR d\u00e9plore et condamne avec la plus grande \u00e9nergie, l\u2019acte commis par les d\u00e9put\u00e9s de l\u2019opposition qui ont agress\u00e9 leur s\u0153ur de parti Amy Ndiaye. &nbsp;Elles d\u00e9plorent le comportement des femmes de l\u2019opposition qui mettent de l\u2019huile sur le feu,&nbsp;\u00ab&nbsp;nous vous disons stop.\u00bb Souadou Diop\" \/>\n<meta property=\"og:url\" content=\"https:\/\/www.public.sn\/index.php\/2022\/12\/06\/bagarre-a-lassemblee-le-collectif-des-femmes-membres-fondatrices-et-femmes-pionnieres-de-lapr-en-soutient-a-leur-soeur-de-parti-amy-ndiaye-gniby\/\" \/>\n<meta property=\"og:site_name\" content=\"LE PUBLIC\" \/>\n<meta property=\"article:published_time\" content=\"2022-12-06T17:44:38+00:00\" \/>\n<meta property=\"article:modified_time\" content=\"2022-12-06T17:44:40+00:00\" \/>\n<meta property=\"og:image\" content=\"https:\/\/www.public.sn\/wp-content\/uploads\/2022\/12\/uigniature-benno.jpg\" \/>\n\t<meta property=\"og:image:width\" content=\"1826\" \/>\n\t<meta property=\"og:image:height\" content=\"1027\" \/>\n\t<meta property=\"og:image:type\" content=\"image\/jpeg\" \/>\n<meta name=\"author\" content=\"LA REDACTION\" \/>\n<meta name=\"twitter:card\" content=\"summary_large_image\" \/>\n<meta name=\"twitter:label1\" content=\"\u00c9crit par\" \/>\n\t<meta name=\"twitter:data1\" content=\"LA REDACTION\" \/>\n\t<meta name=\"twitter:label2\" content=\"Dur\u00e9e de lecture estim\u00e9e\" \/>\n\t<meta name=\"twitter:data2\" content=\"1 minute\" \/>\n<script type=\"application\/ld+json\" class=\"yoast-schema-graph\">{\"@context\":\"https:\/\/schema.org\",\"@graph\":[{\"@type\":\"Article\",\"@id\":\"https:\/\/www.public.sn\/index.php\/2022\/12\/06\/bagarre-a-lassemblee-le-collectif-des-femmes-membres-fondatrices-et-femmes-pionnieres-de-lapr-en-soutient-a-leur-soeur-de-parti-amy-ndiaye-gniby\/#article\",\"isPartOf\":{\"@id\":\"https:\/\/www.public.sn\/index.php\/2022\/12\/06\/bagarre-a-lassemblee-le-collectif-des-femmes-membres-fondatrices-et-femmes-pionnieres-de-lapr-en-soutient-a-leur-soeur-de-parti-amy-ndiaye-gniby\/\"},\"author\":{\"name\":\"LA REDACTION\",\"@id\":\"https:\/\/www.public.sn\/#\/schema\/person\/cb76c8e1b8becc6be61fb5e92d6d0224\"},\"headline\":\"Bagarre a l\u2019assembl\u00e9e\u00a0: Le collectif des femmes membres fondatrices et femmes pionni\u00e8res de l\u2019APR en soutient \u00e0 leur s\u0153ur de parti Amy Ndiaye Gniby\",\"datePublished\":\"2022-12-06T17:44:38+00:00\",\"dateModified\":\"2022-12-06T17:44:40+00:00\",\"mainEntityOfPage\":{\"@id\":\"https:\/\/www.public.sn\/index.php\/2022\/12\/06\/bagarre-a-lassemblee-le-collectif-des-femmes-membres-fondatrices-et-femmes-pionnieres-de-lapr-en-soutient-a-leur-soeur-de-parti-amy-ndiaye-gniby\/\"},\"wordCount\":98,\"commentCount\":0,\"publisher\":{\"@id\":\"https:\/\/www.public.sn\/#organization\"},\"image\":{\"@id\":\"https:\/\/www.public.sn\/index.php\/2022\/12\/06\/bagarre-a-lassemblee-le-collectif-des-femmes-membres-fondatrices-et-femmes-pionnieres-de-lapr-en-soutient-a-leur-soeur-de-parti-amy-ndiaye-gniby\/#primaryimage\"},\"thumbnailUrl\":\"https:\/\/www.public.sn\/wp-content\/uploads\/2022\/12\/uigniature-benno.jpg\",\"keywords\":[\"Amy Ndiaye Gniby\",\"Apr\",\"femmes pionni\u00e9res\"],\"articleSection\":[\"ACTUALIT\u00c9S\",\"POLITIQUE\",\"PUBLIC TV\",\"S\u00c9N\u00c9GAL\",\"SOCIETE\",\"VIDEOS\"],\"inLanguage\":\"fr-FR\",\"potentialAction\":[{\"@type\":\"CommentAction\",\"name\":\"Comment\",\"target\":[\"https:\/\/www.public.sn\/index.php\/2022\/12\/06\/bagarre-a-lassemblee-le-collectif-des-femmes-membres-fondatrices-et-femmes-pionnieres-de-lapr-en-soutient-a-leur-soeur-de-parti-amy-ndiaye-gniby\/#respond\"]}]},{\"@type\":\"WebPage\",\"@id\":\"https:\/\/www.public.sn\/index.php\/2022\/12\/06\/bagarre-a-lassemblee-le-collectif-des-femmes-membres-fondatrices-et-femmes-pionnieres-de-lapr-en-soutient-a-leur-soeur-de-parti-amy-ndiaye-gniby\/\",\"url\":\"https:\/\/www.public.sn\/index.php\/2022\/12\/06\/bagarre-a-lassemblee-le-collectif-des-femmes-membres-fondatrices-et-femmes-pionnieres-de-lapr-en-soutient-a-leur-soeur-de-parti-amy-ndiaye-gniby\/\",\"name\":\"Bagarre a l\u2019assembl\u00e9e\u00a0: Le collectif des femmes membres fondatrices et femmes pionni\u00e8res de l\u2019APR en soutient \u00e0 leur s\u0153ur de parti Amy Ndiaye Gniby - LE PUBLIC\",\"isPartOf\":{\"@id\":\"https:\/\/www.public.sn\/#website\"},\"primaryImageOfPage\":{\"@id\":\"https:\/\/www.public.sn\/index.php\/2022\/12\/06\/bagarre-a-lassemblee-le-collectif-des-femmes-membres-fondatrices-et-femmes-pionnieres-de-lapr-en-soutient-a-leur-soeur-de-parti-amy-ndiaye-gniby\/#primaryimage\"},\"image\":{\"@id\":\"https:\/\/www.public.sn\/index.php\/2022\/12\/06\/bagarre-a-lassemblee-le-collectif-des-femmes-membres-fondatrices-et-femmes-pionnieres-de-lapr-en-soutient-a-leur-soeur-de-parti-amy-ndiaye-gniby\/#primaryimage\"},\"thumbnailUrl\":\"https:\/\/www.public.sn\/wp-content\/uploads\/2022\/12\/uigniature-benno.jpg\",\"datePublished\":\"2022-12-06T17:44:38+00:00\",\"dateModified\":\"2022-12-06T17:44:40+00:00\",\"breadcrumb\":{\"@id\":\"https:\/\/www.public.sn\/index.php\/2022\/12\/06\/bagarre-a-lassemblee-le-collectif-des-femmes-membres-fondatrices-et-femmes-pionnieres-de-lapr-en-soutient-a-leur-soeur-de-parti-amy-ndiaye-gniby\/#breadcrumb\"},\"inLanguage\":\"fr-FR\",\"potentialAction\":[{\"@type\":\"ReadAction\",\"target\":[\"https:\/\/www.public.sn\/index.php\/2022\/12\/06\/bagarre-a-lassemblee-le-collectif-des-femmes-membres-fondatrices-et-femmes-pionnieres-de-lapr-en-soutient-a-leur-soeur-de-parti-amy-ndiaye-gniby\/\"]}]},{\"@type\":\"ImageObject\",\"inLanguage\":\"fr-FR\",\"@id\":\"https:\/\/www.public.sn\/index.php\/2022\/12\/06\/bagarre-a-lassemblee-le-collectif-des-femmes-membres-fondatrices-et-femmes-pionnieres-de-lapr-en-soutient-a-leur-soeur-de-parti-amy-ndiaye-gniby\/#primaryimage\",\"url\":\"https:\/\/www.public.sn\/wp-content\/uploads\/2022\/12\/uigniature-benno.jpg\",\"contentUrl\":\"https:\/\/www.public.sn\/wp-content\/uploads\/2022\/12\/uigniature-benno.jpg\",\"width\":1826,\"height\":1027},{\"@type\":\"BreadcrumbList\",\"@id\":\"https:\/\/www.public.sn\/index.php\/2022\/12\/06\/bagarre-a-lassemblee-le-collectif-des-femmes-membres-fondatrices-et-femmes-pionnieres-de-lapr-en-soutient-a-leur-soeur-de-parti-amy-ndiaye-gniby\/#breadcrumb\",\"itemListElement\":[{\"@type\":\"ListItem\",\"position\":1,\"name\":\"Accueil\",\"item\":\"https:\/\/www.public.sn\/\"},{\"@type\":\"ListItem\",\"position\":2,\"name\":\"Bagarre a l\u2019assembl\u00e9e\u00a0: Le collectif des femmes membres fondatrices et femmes pionni\u00e8res de l\u2019APR en soutient \u00e0 leur s\u0153ur de parti Amy Ndiaye Gniby\"}]},{\"@type\":\"WebSite\",\"@id\":\"https:\/\/www.public.sn\/#website\",\"url\":\"https:\/\/www.public.sn\/\",\"name\":\"LE PUBLIC\",\"description\":\"\",\"publisher\":{\"@id\":\"https:\/\/www.public.sn\/#organization\"},\"potentialAction\":[{\"@type\":\"SearchAction\",\"target\":{\"@type\":\"EntryPoint\",\"urlTemplate\":\"https:\/\/www.public.sn\/?s={search_term_string}\"},\"query-input\":{\"@type\":\"PropertyValueSpecification\",\"valueRequired\":true,\"valueName\":\"search_term_string\"}}],\"inLanguage\":\"fr-FR\"},{\"@type\":\"Organization\",\"@id\":\"https:\/\/www.public.sn\/#organization\",\"name\":\"LE PUBLIC\",\"url\":\"https:\/\/www.public.sn\/\",\"logo\":{\"@type\":\"ImageObject\",\"inLanguage\":\"fr-FR\",\"@id\":\"https:\/\/www.public.sn\/#\/schema\/logo\/image\/\",\"url\":\"https:\/\/www.public.sn\/wp-content\/uploads\/2024\/05\/cropped-LOGO-PUBLIC.SN_.png\",\"contentUrl\":\"https:\/\/www.public.sn\/wp-content\/uploads\/2024\/05\/cropped-LOGO-PUBLIC.SN_.png\",\"width\":682,\"height\":192,\"caption\":\"LE PUBLIC\"},\"image\":{\"@id\":\"https:\/\/www.public.sn\/#\/schema\/logo\/image\/\"}},{\"@type\":\"Person\",\"@id\":\"https:\/\/www.public.sn\/#\/schema\/person\/cb76c8e1b8becc6be61fb5e92d6d0224\",\"name\":\"LA REDACTION\",\"image\":{\"@type\":\"ImageObject\",\"inLanguage\":\"fr-FR\",\"@id\":\"https:\/\/www.public.sn\/#\/schema\/person\/image\/\",\"url\":\"https:\/\/secure.gravatar.com\/avatar\/2dce5ddd34b8fef0180efe03aa2a9bee7d953856048f9a16b298190a3178407c?s=96&d=mm&r=g\",\"contentUrl\":\"https:\/\/secure.gravatar.com\/avatar\/2dce5ddd34b8fef0180efe03aa2a9bee7d953856048f9a16b298190a3178407c?s=96&d=mm&r=g\",\"caption\":\"LA REDACTION\"},\"url\":\"https:\/\/www.public.sn\/index.php\/author\/editeurpsn\/\"}]}<\/script>\n<!-- \/ Yoast SEO plugin. -->","yoast_head_json":{"title":"Bagarre a l\u2019assembl\u00e9e\u00a0: Le collectif des femmes membres fondatrices et femmes pionni\u00e8res de l\u2019APR en soutient \u00e0 leur s\u0153ur de parti Amy Ndiaye Gniby - LE PUBLIC","robots":{"index":"index","follow":"follow","max-snippet":"max-snippet:-1","max-image-preview":"max-image-preview:large","max-video-preview":"max-video-preview:-1"},"canonical":"https:\/\/www.public.sn\/index.php\/2022\/12\/06\/bagarre-a-lassemblee-le-collectif-des-femmes-membres-fondatrices-et-femmes-pionnieres-de-lapr-en-soutient-a-leur-soeur-de-parti-amy-ndiaye-gniby\/","og_locale":"fr_FR","og_type":"article","og_title":"Bagarre a l\u2019assembl\u00e9e\u00a0: Le collectif des femmes membres fondatrices et femmes pionni\u00e8res de l\u2019APR en soutient \u00e0 leur s\u0153ur de parti Amy Ndiaye Gniby - LE PUBLIC","og_description":"Le collectif des femmes membres fondatrices et femmes pionni\u00e8res de l\u2019APR d\u00e9plore et condamne avec la plus grande \u00e9nergie, l\u2019acte commis par les d\u00e9put\u00e9s de l\u2019opposition qui ont agress\u00e9 leur s\u0153ur de parti Amy Ndiaye. &nbsp;Elles d\u00e9plorent le comportement des femmes de l\u2019opposition qui mettent de l\u2019huile sur le feu,&nbsp;\u00ab&nbsp;nous vous disons stop.\u00bb Souadou Diop","og_url":"https:\/\/www.public.sn\/index.php\/2022\/12\/06\/bagarre-a-lassemblee-le-collectif-des-femmes-membres-fondatrices-et-femmes-pionnieres-de-lapr-en-soutient-a-leur-soeur-de-parti-amy-ndiaye-gniby\/","og_site_name":"LE PUBLIC","article_published_time":"2022-12-06T17:44:38+00:00","article_modified_time":"2022-12-06T17:44:40+00:00","og_image":[{"width":1826,"height":1027,"url":"https:\/\/www.public.sn\/wp-content\/uploads\/2022\/12\/uigniature-benno.jpg","type":"image\/jpeg"}],"author":"LA REDACTION","twitter_card":"summary_large_image","twitter_misc":{"\u00c9crit par":"LA REDACTION","Dur\u00e9e de lecture estim\u00e9e":"1 minute"},"schema":{"@context":"https:\/\/schema.org","@graph":[{"@type":"Article","@id":"https:\/\/www.public.sn\/index.php\/2022\/12\/06\/bagarre-a-lassemblee-le-collectif-des-femmes-membres-fondatrices-et-femmes-pionnieres-de-lapr-en-soutient-a-leur-soeur-de-parti-amy-ndiaye-gniby\/#article","isPartOf":{"@id":"https:\/\/www.public.sn\/index.php\/2022\/12\/06\/bagarre-a-lassemblee-le-collectif-des-femmes-membres-fondatrices-et-femmes-pionnieres-de-lapr-en-soutient-a-leur-soeur-de-parti-amy-ndiaye-gniby\/"},"author":{"name":"LA REDACTION","@id":"https:\/\/www.public.sn\/#\/schema\/person\/cb76c8e1b8becc6be61fb5e92d6d0224"},"headline":"Bagarre a l\u2019assembl\u00e9e\u00a0: Le collectif des femmes membres fondatrices et femmes pionni\u00e8res de l\u2019APR en soutient \u00e0 leur s\u0153ur de parti Amy Ndiaye Gniby","datePublished":"2022-12-06T17:44:38+00:00","dateModified":"2022-12-06T17:44:40+00:00","mainEntityOfPage":{"@id":"https:\/\/www.public.sn\/index.php\/2022\/12\/06\/bagarre-a-lassemblee-le-collectif-des-femmes-membres-fondatrices-et-femmes-pionnieres-de-lapr-en-soutient-a-leur-soeur-de-parti-amy-ndiaye-gniby\/"},"wordCount":98,"commentCount":0,"publisher":{"@id":"https:\/\/www.public.sn\/#organization"},"image":{"@id":"https:\/\/www.public.sn\/index.php\/2022\/12\/06\/bagarre-a-lassemblee-le-collectif-des-femmes-membres-fondatrices-et-femmes-pionnieres-de-lapr-en-soutient-a-leur-soeur-de-parti-amy-ndiaye-gniby\/#primaryimage"},"thumbnailUrl":"https:\/\/www.public.sn\/wp-content\/uploads\/2022\/12\/uigniature-benno.jpg","keywords":["Amy Ndiaye Gniby","Apr","femmes pionni\u00e9res"],"articleSection":["ACTUALIT\u00c9S","POLITIQUE","PUBLIC TV","S\u00c9N\u00c9GAL","SOCIETE","VIDEOS"],"inLanguage":"fr-FR","potentialAction":[{"@type":"CommentAction","name":"Comment","target":["https:\/\/www.public.sn\/index.php\/2022\/12\/06\/bagarre-a-lassemblee-le-collectif-des-femmes-membres-fondatrices-et-femmes-pionnieres-de-lapr-en-soutient-a-leur-soeur-de-parti-amy-ndiaye-gniby\/#respond"]}]},{"@type":"WebPage","@id":"https:\/\/www.public.sn\/index.php\/2022\/12\/06\/bagarre-a-lassemblee-le-collectif-des-femmes-membres-fondatrices-et-femmes-pionnieres-de-lapr-en-soutient-a-leur-soeur-de-parti-amy-ndiaye-gniby\/","url":"https:\/\/www.public.sn\/index.php\/2022\/12\/06\/bagarre-a-lassemblee-le-collectif-des-femmes-membres-fondatrices-et-femmes-pionnieres-de-lapr-en-soutient-a-leur-soeur-de-parti-amy-ndiaye-gniby\/","name":"Bagarre a l\u2019assembl\u00e9e\u00a0: Le collectif des femmes membres fondatrices et femmes pionni\u00e8res de l\u2019APR en soutient \u00e0 leur s\u0153ur de parti Amy Ndiaye Gniby - LE PUBLIC","isPartOf":{"@id":"https:\/\/www.public.sn\/#website"},"primaryImageOfPage":{"@id":"https:\/\/www.public.sn\/index.php\/2022\/12\/06\/bagarre-a-lassemblee-le-collectif-des-femmes-membres-fondatrices-et-femmes-pionnieres-de-lapr-en-soutient-a-leur-soeur-de-parti-amy-ndiaye-gniby\/#primaryimage"},"image":{"@id":"https:\/\/www.public.sn\/index.php\/2022\/12\/06\/bagarre-a-lassemblee-le-collectif-des-femmes-membres-fondatrices-et-femmes-pionnieres-de-lapr-en-soutient-a-leur-soeur-de-parti-amy-ndiaye-gniby\/#primaryimage"},"thumbnailUrl":"https:\/\/www.public.sn\/wp-content\/uploads\/2022\/12\/uigniature-benno.jpg","datePublished":"2022-12-06T17:44:38+00:00","dateModified":"2022-12-06T17:44:40+00:00","breadcrumb":{"@id":"https:\/\/www.public.sn\/index.php\/2022\/12\/06\/bagarre-a-lassemblee-le-collectif-des-femmes-membres-fondatrices-et-femmes-pionnieres-de-lapr-en-soutient-a-leur-soeur-de-parti-amy-ndiaye-gniby\/#breadcrumb"},"inLanguage":"fr-FR","potentialAction":[{"@type":"ReadAction","target":["https:\/\/www.public.sn\/index.php\/2022\/12\/06\/bagarre-a-lassemblee-le-collectif-des-femmes-membres-fondatrices-et-femmes-pionnieres-de-lapr-en-soutient-a-leur-soeur-de-parti-amy-ndiaye-gniby\/"]}]},{"@type":"ImageObject","inLanguage":"fr-FR","@id":"https:\/\/www.public.sn\/index.php\/2022\/12\/06\/bagarre-a-lassemblee-le-collectif-des-femmes-membres-fondatrices-et-femmes-pionnieres-de-lapr-en-soutient-a-leur-soeur-de-parti-amy-ndiaye-gniby\/#primaryimage","url":"https:\/\/www.public.sn\/wp-content\/uploads\/2022\/12\/uigniature-benno.jpg","contentUrl":"https:\/\/www.public.sn\/wp-content\/uploads\/2022\/12\/uigniature-benno.jpg","width":1826,"height":1027},{"@type":"BreadcrumbList","@id":"https:\/\/www.public.sn\/index.php\/2022\/12\/06\/bagarre-a-lassemblee-le-collectif-des-femmes-membres-fondatrices-et-femmes-pionnieres-de-lapr-en-soutient-a-leur-soeur-de-parti-amy-ndiaye-gniby\/#breadcrumb","itemListElement":[{"@type":"ListItem","position":1,"name":"Accueil","item":"https:\/\/www.public.sn\/"},{"@type":"ListItem","position":2,"name":"Bagarre a l\u2019assembl\u00e9e\u00a0: Le collectif des femmes membres fondatrices et femmes pionni\u00e8res de l\u2019APR en soutient \u00e0 leur s\u0153ur de parti Amy Ndiaye Gniby"}]},{"@type":"WebSite","@id":"https:\/\/www.public.sn\/#website","url":"https:\/\/www.public.sn\/","name":"LE PUBLIC","description":"","publisher":{"@id":"https:\/\/www.public.sn\/#organization"},"potentialAction":[{"@type":"SearchAction","target":{"@type":"EntryPoint","urlTemplate":"https:\/\/www.public.sn\/?s={search_term_string}"},"query-input":{"@type":"PropertyValueSpecification","valueRequired":true,"valueName":"search_term_string"}}],"inLanguage":"fr-FR"},{"@type":"Organization","@id":"https:\/\/www.public.sn\/#organization","name":"LE PUBLIC","url":"https:\/\/www.public.sn\/","logo":{"@type":"ImageObject","inLanguage":"fr-FR","@id":"https:\/\/www.public.sn\/#\/schema\/logo\/image\/","url":"https:\/\/www.public.sn\/wp-content\/uploads\/2024\/05\/cropped-LOGO-PUBLIC.SN_.png","contentUrl":"https:\/\/www.public.sn\/wp-content\/uploads\/2024\/05\/cropped-LOGO-PUBLIC.SN_.png","width":682,"height":192,"caption":"LE PUBLIC"},"image":{"@id":"https:\/\/www.public.sn\/#\/schema\/logo\/image\/"}},{"@type":"Person","@id":"https:\/\/www.public.sn\/#\/schema\/person\/cb76c8e1b8becc6be61fb5e92d6d0224","name":"LA REDACTION","image":{"@type":"ImageObject","inLanguage":"fr-FR","@id":"https:\/\/www.public.sn\/#\/schema\/person\/image\/","url":"https:\/\/secure.gravatar.com\/avatar\/2dce5ddd34b8fef0180efe03aa2a9bee7d953856048f9a16b298190a3178407c?s=96&d=mm&r=g","contentUrl":"https:\/\/secure.gravatar.com\/avatar\/2dce5ddd34b8fef0180efe03aa2a9bee7d953856048f9a16b298190a3178407c?s=96&d=mm&r=g","caption":"LA REDACTION"},"url":"https:\/\/www.public.sn\/index.php\/author\/editeurpsn\/"}]}},"jetpack_featured_media_url":"https:\/\/www.public.sn\/wp-content\/uploads\/2022\/12\/uigniature-benno.jpg","jetpack_sharing_enabled":true,"_links":{"self":[{"href":"https:\/\/www.public.sn\/index.php\/wp-json\/wp\/v2\/posts\/11164","targetHints":{"allow":["GET"]}}],"collection":[{"href":"https:\/\/www.public.sn\/index.php\/wp-json\/wp\/v2\/posts"}],"about":[{"href":"https:\/\/www.public.sn\/index.php\/wp-json\/wp\/v2\/types\/post"}],"author":[{"embeddable":true,"href":"https:\/\/www.public.sn\/index.php\/wp-json\/wp\/v2\/users\/7"}],"replies":[{"embeddable":true,"href":"https:\/\/www.public.sn\/index.php\/wp-json\/wp\/v2\/comments?post=11164"}],"version-history":[{"count":2,"href":"https:\/\/www.public.sn\/index.php\/wp-json\/wp\/v2\/posts\/11164\/revisions"}],"predecessor-version":[{"id":11241,"href":"https:\/\/www.public.sn\/index.php\/wp-json\/wp\/v2\/posts\/11164\/revisions\/11241"}],"wp:featuredmedia":[{"embeddable":true,"href":"https:\/\/www.public.sn\/index.php\/wp-json\/wp\/v2\/media\/11240"}],"wp:attachment":[{"href":"https:\/\/www.public.sn\/index.php\/wp-json\/wp\/v2\/media?parent=11164"}],"wp:term":[{"taxonomy":"category","embeddable":true,"href":"https:\/\/www.public.sn\/index.php\/wp-json\/wp\/v2\/categories?post=11164"},{"taxonomy":"post_tag","embeddable":true,"href":"https:\/\/www.public.sn\/index.php\/wp-json\/wp\/v2\/tags?post=11164"}],"curies":[{"name":"wp","href":"https:\/\/api.w.org\/{rel}","templated":true}]}}