{"id":11207,"date":"2022-12-06T13:45:37","date_gmt":"2022-12-06T13:45:37","guid":{"rendered":"https:\/\/www.public.sn\/?p=11207"},"modified":"2022-12-06T13:50:56","modified_gmt":"2022-12-06T13:50:56","slug":"arrivee-dadji-sarr-au-palais-de-justice-de-dakar","status":"publish","type":"post","link":"https:\/\/www.public.sn\/index.php\/2022\/12\/06\/arrivee-dadji-sarr-au-palais-de-justice-de-dakar\/","title":{"rendered":"Arriv\u00e9e d\u2019Adji Sarr au palais de justice de Dakar."},"content":{"rendered":"\n<p>La masseuse Adji Raby Sarr est arriv\u00e9e au tribunal de Dakar accompagn\u00e9e de son avocat Me El hadji Diouf et la f\u00e9ministe Gabrielle Kane. V\u00eatue d&rsquo;une   robe rouge, Adji attire le regard des s\u00e9n\u00e9galais. <\/p><div class=\"publi-paragraphe1\" style=\"margin-top: 10px;margin-bottom: 10px;margin-left: auto;margin-right: auto;text-align: center;\" id=\"publi-4028727610\"><div class=\"publi-adlabel\">Publicit\u00e9<\/div><script async src=\"\/\/pagead2.googlesyndication.com\/pagead\/js\/adsbygoogle.js?client=ca-pub-4089586018074219\" crossorigin=\"anonymous\"><\/script><ins class=\"adsbygoogle\" style=\"display:block;\" data-ad-client=\"ca-pub-4089586018074219\" \ndata-ad-slot=\"2087940154\" \ndata-ad-format=\"auto\"><\/ins>\n<script> \n(adsbygoogle = window.adsbygoogle || []).push({}); \n<\/script>\n<\/div>\n\n\n\n<p>Pour rappel, Adji Sarr fera face \u00e0 Ousmane Sonko dans le bureau du doyen des juges Maham Diallo pour la premi\u00e8re fois &nbsp;depuis &nbsp;l\u2019\u00e9clatement de l\u2019affaire &nbsp;Sweet Beauty.<\/p>\n\n\n\n<p><\/p>\n\n\n\n<p><\/p>\n\n\n\n<p><\/p>\n\n\n<p><iframe width=\"875\" height=\"502\" src=\"https:\/\/www.youtube.com\/embed\/RkoToQLC9fc\" title=\"Tribunal de Dakar : L'arriv\u00e9e de Adji Sarr au tribunal de Dakar...\" frameborder=\"0\" allow=\"accelerometer; autoplay; clipboard-write; encrypted-media; gyroscope; picture-in-picture\" allowfullscreen=\"\"><\/iframe><\/p>\n<p>Maimouna Niang.<\/p><div class=\"publi-apres-le-contenu\" style=\"margin-top: 10px;margin-bottom: 10px;margin-left: auto;margin-right: auto;text-align: center;\" id=\"publi-3934949803\"><div class=\"publi-adlabel\">Publicit\u00e9<\/div><script async src=\"\/\/pagead2.googlesyndication.com\/pagead\/js\/adsbygoogle.js?client=ca-pub-4089586018074219\" crossorigin=\"anonymous\"><\/script><ins class=\"adsbygoogle\" style=\"display:block;\" data-ad-client=\"ca-pub-4089586018074219\" \ndata-ad-slot=\"2087940154\" \ndata-ad-format=\"auto\"><\/ins>\n<script> \n(adsbygoogle = window.adsbygoogle || []).push({}); \n<\/script>\n<\/div>","protected":false},"excerpt":{"rendered":"<p>La masseuse Adji Raby Sarr est arriv\u00e9e au tribunal de Dakar accompagn\u00e9e de son avocat Me El hadji Diouf et la f\u00e9ministe Gabrielle Kane. V\u00eatue d&rsquo;une robe rouge, Adji attire le regard des s\u00e9n\u00e9galais. Pour rappel, Adji Sarr fera face \u00e0 Ousmane Sonko dans le bureau du doyen des juges Maham Diallo pour la premi\u00e8re fois &nbsp;depuis &nbsp;l\u2019\u00e9clatement de l\u2019affaire &nbsp;Sweet Beauty. Maimouna Niang.<\/p>\n","protected":false},"author":7,"featured_media":11208,"comment_status":"open","ping_status":"open","sticky":false,"template":"","format":"standard","meta":{"_jetpack_memberships_contains_paid_content":false,"footnotes":""},"categories":[375,3,8,1,4,6],"tags":[99,3675,131],"class_list":["post-11207","post","type-post","status-publish","format-standard","has-post-thumbnail","hentry","category-actualites","category-politique","category-public-tv","category-non-classe","category-societe","category-videos","tag-adji-sarr","tag-robe-rouge","tag-tribunal","entry","has-media","owp-thumbs-layout-horizontal","owp-btn-normal","owp-tabs-layout-horizontal","has-no-thumbnails","has-product-nav"],"yoast_head":"<!-- This site is optimized with the Yoast SEO plugin v25.5 - https:\/\/yoast.com\/wordpress\/plugins\/seo\/ -->\n<title>Arriv\u00e9e d\u2019Adji Sarr au palais de justice de Dakar. - LE PUBLIC<\/title>\n<meta name=\"robots\" content=\"index, follow, max-snippet:-1, max-image-preview:large, max-video-preview:-1\" \/>\n<link rel=\"canonical\" href=\"https:\/\/www.public.sn\/index.php\/2022\/12\/06\/arrivee-dadji-sarr-au-palais-de-justice-de-dakar\/\" \/>\n<meta property=\"og:locale\" content=\"fr_FR\" \/>\n<meta property=\"og:type\" content=\"article\" \/>\n<meta property=\"og:title\" content=\"Arriv\u00e9e d\u2019Adji Sarr au palais de justice de Dakar. - LE PUBLIC\" \/>\n<meta property=\"og:description\" content=\"La masseuse Adji Raby Sarr est arriv\u00e9e au tribunal de Dakar accompagn\u00e9e de son avocat Me El hadji Diouf et la f\u00e9ministe Gabrielle Kane. V\u00eatue d&rsquo;une robe rouge, Adji attire le regard des s\u00e9n\u00e9galais. Pour rappel, Adji Sarr fera face \u00e0 Ousmane Sonko dans le bureau du doyen des juges Maham Diallo pour la premi\u00e8re fois &nbsp;depuis &nbsp;l\u2019\u00e9clatement de l\u2019affaire &nbsp;Sweet Beauty. Maimouna Niang.\" \/>\n<meta property=\"og:url\" content=\"https:\/\/www.public.sn\/index.php\/2022\/12\/06\/arrivee-dadji-sarr-au-palais-de-justice-de-dakar\/\" \/>\n<meta property=\"og:site_name\" content=\"LE PUBLIC\" \/>\n<meta property=\"article:published_time\" content=\"2022-12-06T13:45:37+00:00\" \/>\n<meta property=\"article:modified_time\" content=\"2022-12-06T13:50:56+00:00\" \/>\n<meta property=\"og:image\" content=\"https:\/\/www.public.sn\/wp-content\/uploads\/2022\/12\/adji-sarr.jpg\" \/>\n\t<meta property=\"og:image:width\" content=\"1280\" \/>\n\t<meta property=\"og:image:height\" content=\"1280\" \/>\n\t<meta property=\"og:image:type\" content=\"image\/jpeg\" \/>\n<meta name=\"author\" content=\"LA REDACTION\" \/>\n<meta name=\"twitter:card\" content=\"summary_large_image\" \/>\n<meta name=\"twitter:label1\" content=\"\u00c9crit par\" \/>\n\t<meta name=\"twitter:data1\" content=\"LA REDACTION\" \/>\n\t<meta name=\"twitter:label2\" content=\"Dur\u00e9e de lecture estim\u00e9e\" \/>\n\t<meta name=\"twitter:data2\" content=\"1 minute\" \/>\n<script type=\"application\/ld+json\" class=\"yoast-schema-graph\">{\"@context\":\"https:\/\/schema.org\",\"@graph\":[{\"@type\":\"Article\",\"@id\":\"https:\/\/www.public.sn\/index.php\/2022\/12\/06\/arrivee-dadji-sarr-au-palais-de-justice-de-dakar\/#article\",\"isPartOf\":{\"@id\":\"https:\/\/www.public.sn\/index.php\/2022\/12\/06\/arrivee-dadji-sarr-au-palais-de-justice-de-dakar\/\"},\"author\":{\"name\":\"LA REDACTION\",\"@id\":\"https:\/\/www.public.sn\/#\/schema\/person\/cb76c8e1b8becc6be61fb5e92d6d0224\"},\"headline\":\"Arriv\u00e9e d\u2019Adji Sarr au palais de justice de Dakar.\",\"datePublished\":\"2022-12-06T13:45:37+00:00\",\"dateModified\":\"2022-12-06T13:50:56+00:00\",\"mainEntityOfPage\":{\"@id\":\"https:\/\/www.public.sn\/index.php\/2022\/12\/06\/arrivee-dadji-sarr-au-palais-de-justice-de-dakar\/\"},\"wordCount\":86,\"commentCount\":0,\"publisher\":{\"@id\":\"https:\/\/www.public.sn\/#organization\"},\"image\":{\"@id\":\"https:\/\/www.public.sn\/index.php\/2022\/12\/06\/arrivee-dadji-sarr-au-palais-de-justice-de-dakar\/#primaryimage\"},\"thumbnailUrl\":\"https:\/\/www.public.sn\/wp-content\/uploads\/2022\/12\/adji-sarr.jpg\",\"keywords\":[\"Adji Sarr\",\"ROBE ROUGE\",\"Tribunal\"],\"articleSection\":[\"ACTUALIT\u00c9S\",\"POLITIQUE\",\"PUBLIC TV\",\"S\u00c9N\u00c9GAL\",\"SOCIETE\",\"VIDEOS\"],\"inLanguage\":\"fr-FR\",\"potentialAction\":[{\"@type\":\"CommentAction\",\"name\":\"Comment\",\"target\":[\"https:\/\/www.public.sn\/index.php\/2022\/12\/06\/arrivee-dadji-sarr-au-palais-de-justice-de-dakar\/#respond\"]}]},{\"@type\":\"WebPage\",\"@id\":\"https:\/\/www.public.sn\/index.php\/2022\/12\/06\/arrivee-dadji-sarr-au-palais-de-justice-de-dakar\/\",\"url\":\"https:\/\/www.public.sn\/index.php\/2022\/12\/06\/arrivee-dadji-sarr-au-palais-de-justice-de-dakar\/\",\"name\":\"Arriv\u00e9e d\u2019Adji Sarr au palais de justice de Dakar. - LE PUBLIC\",\"isPartOf\":{\"@id\":\"https:\/\/www.public.sn\/#website\"},\"primaryImageOfPage\":{\"@id\":\"https:\/\/www.public.sn\/index.php\/2022\/12\/06\/arrivee-dadji-sarr-au-palais-de-justice-de-dakar\/#primaryimage\"},\"image\":{\"@id\":\"https:\/\/www.public.sn\/index.php\/2022\/12\/06\/arrivee-dadji-sarr-au-palais-de-justice-de-dakar\/#primaryimage\"},\"thumbnailUrl\":\"https:\/\/www.public.sn\/wp-content\/uploads\/2022\/12\/adji-sarr.jpg\",\"datePublished\":\"2022-12-06T13:45:37+00:00\",\"dateModified\":\"2022-12-06T13:50:56+00:00\",\"breadcrumb\":{\"@id\":\"https:\/\/www.public.sn\/index.php\/2022\/12\/06\/arrivee-dadji-sarr-au-palais-de-justice-de-dakar\/#breadcrumb\"},\"inLanguage\":\"fr-FR\",\"potentialAction\":[{\"@type\":\"ReadAction\",\"target\":[\"https:\/\/www.public.sn\/index.php\/2022\/12\/06\/arrivee-dadji-sarr-au-palais-de-justice-de-dakar\/\"]}]},{\"@type\":\"ImageObject\",\"inLanguage\":\"fr-FR\",\"@id\":\"https:\/\/www.public.sn\/index.php\/2022\/12\/06\/arrivee-dadji-sarr-au-palais-de-justice-de-dakar\/#primaryimage\",\"url\":\"https:\/\/www.public.sn\/wp-content\/uploads\/2022\/12\/adji-sarr.jpg\",\"contentUrl\":\"https:\/\/www.public.sn\/wp-content\/uploads\/2022\/12\/adji-sarr.jpg\",\"width\":1280,\"height\":1280,\"caption\":\"publicsn\"},{\"@type\":\"BreadcrumbList\",\"@id\":\"https:\/\/www.public.sn\/index.php\/2022\/12\/06\/arrivee-dadji-sarr-au-palais-de-justice-de-dakar\/#breadcrumb\",\"itemListElement\":[{\"@type\":\"ListItem\",\"position\":1,\"name\":\"Accueil\",\"item\":\"https:\/\/www.public.sn\/\"},{\"@type\":\"ListItem\",\"position\":2,\"name\":\"Arriv\u00e9e d\u2019Adji Sarr au palais de justice de Dakar.\"}]},{\"@type\":\"WebSite\",\"@id\":\"https:\/\/www.public.sn\/#website\",\"url\":\"https:\/\/www.public.sn\/\",\"name\":\"LE PUBLIC\",\"description\":\"\",\"publisher\":{\"@id\":\"https:\/\/www.public.sn\/#organization\"},\"potentialAction\":[{\"@type\":\"SearchAction\",\"target\":{\"@type\":\"EntryPoint\",\"urlTemplate\":\"https:\/\/www.public.sn\/?s={search_term_string}\"},\"query-input\":{\"@type\":\"PropertyValueSpecification\",\"valueRequired\":true,\"valueName\":\"search_term_string\"}}],\"inLanguage\":\"fr-FR\"},{\"@type\":\"Organization\",\"@id\":\"https:\/\/www.public.sn\/#organization\",\"name\":\"LE PUBLIC\",\"url\":\"https:\/\/www.public.sn\/\",\"logo\":{\"@type\":\"ImageObject\",\"inLanguage\":\"fr-FR\",\"@id\":\"https:\/\/www.public.sn\/#\/schema\/logo\/image\/\",\"url\":\"https:\/\/www.public.sn\/wp-content\/uploads\/2024\/05\/cropped-LOGO-PUBLIC.SN_.png\",\"contentUrl\":\"https:\/\/www.public.sn\/wp-content\/uploads\/2024\/05\/cropped-LOGO-PUBLIC.SN_.png\",\"width\":682,\"height\":192,\"caption\":\"LE PUBLIC\"},\"image\":{\"@id\":\"https:\/\/www.public.sn\/#\/schema\/logo\/image\/\"}},{\"@type\":\"Person\",\"@id\":\"https:\/\/www.public.sn\/#\/schema\/person\/cb76c8e1b8becc6be61fb5e92d6d0224\",\"name\":\"LA REDACTION\",\"image\":{\"@type\":\"ImageObject\",\"inLanguage\":\"fr-FR\",\"@id\":\"https:\/\/www.public.sn\/#\/schema\/person\/image\/\",\"url\":\"https:\/\/secure.gravatar.com\/avatar\/2dce5ddd34b8fef0180efe03aa2a9bee7d953856048f9a16b298190a3178407c?s=96&d=mm&r=g\",\"contentUrl\":\"https:\/\/secure.gravatar.com\/avatar\/2dce5ddd34b8fef0180efe03aa2a9bee7d953856048f9a16b298190a3178407c?s=96&d=mm&r=g\",\"caption\":\"LA REDACTION\"},\"url\":\"https:\/\/www.public.sn\/index.php\/author\/editeurpsn\/\"}]}<\/script>\n<!-- \/ Yoast SEO plugin. -->","yoast_head_json":{"title":"Arriv\u00e9e d\u2019Adji Sarr au palais de justice de Dakar. - LE PUBLIC","robots":{"index":"index","follow":"follow","max-snippet":"max-snippet:-1","max-image-preview":"max-image-preview:large","max-video-preview":"max-video-preview:-1"},"canonical":"https:\/\/www.public.sn\/index.php\/2022\/12\/06\/arrivee-dadji-sarr-au-palais-de-justice-de-dakar\/","og_locale":"fr_FR","og_type":"article","og_title":"Arriv\u00e9e d\u2019Adji Sarr au palais de justice de Dakar. - LE PUBLIC","og_description":"La masseuse Adji Raby Sarr est arriv\u00e9e au tribunal de Dakar accompagn\u00e9e de son avocat Me El hadji Diouf et la f\u00e9ministe Gabrielle Kane. V\u00eatue d&rsquo;une robe rouge, Adji attire le regard des s\u00e9n\u00e9galais. Pour rappel, Adji Sarr fera face \u00e0 Ousmane Sonko dans le bureau du doyen des juges Maham Diallo pour la premi\u00e8re fois &nbsp;depuis &nbsp;l\u2019\u00e9clatement de l\u2019affaire &nbsp;Sweet Beauty. Maimouna Niang.","og_url":"https:\/\/www.public.sn\/index.php\/2022\/12\/06\/arrivee-dadji-sarr-au-palais-de-justice-de-dakar\/","og_site_name":"LE PUBLIC","article_published_time":"2022-12-06T13:45:37+00:00","article_modified_time":"2022-12-06T13:50:56+00:00","og_image":[{"width":1280,"height":1280,"url":"https:\/\/www.public.sn\/wp-content\/uploads\/2022\/12\/adji-sarr.jpg","type":"image\/jpeg"}],"author":"LA REDACTION","twitter_card":"summary_large_image","twitter_misc":{"\u00c9crit par":"LA REDACTION","Dur\u00e9e de lecture estim\u00e9e":"1 minute"},"schema":{"@context":"https:\/\/schema.org","@graph":[{"@type":"Article","@id":"https:\/\/www.public.sn\/index.php\/2022\/12\/06\/arrivee-dadji-sarr-au-palais-de-justice-de-dakar\/#article","isPartOf":{"@id":"https:\/\/www.public.sn\/index.php\/2022\/12\/06\/arrivee-dadji-sarr-au-palais-de-justice-de-dakar\/"},"author":{"name":"LA REDACTION","@id":"https:\/\/www.public.sn\/#\/schema\/person\/cb76c8e1b8becc6be61fb5e92d6d0224"},"headline":"Arriv\u00e9e d\u2019Adji Sarr au palais de justice de Dakar.","datePublished":"2022-12-06T13:45:37+00:00","dateModified":"2022-12-06T13:50:56+00:00","mainEntityOfPage":{"@id":"https:\/\/www.public.sn\/index.php\/2022\/12\/06\/arrivee-dadji-sarr-au-palais-de-justice-de-dakar\/"},"wordCount":86,"commentCount":0,"publisher":{"@id":"https:\/\/www.public.sn\/#organization"},"image":{"@id":"https:\/\/www.public.sn\/index.php\/2022\/12\/06\/arrivee-dadji-sarr-au-palais-de-justice-de-dakar\/#primaryimage"},"thumbnailUrl":"https:\/\/www.public.sn\/wp-content\/uploads\/2022\/12\/adji-sarr.jpg","keywords":["Adji Sarr","ROBE ROUGE","Tribunal"],"articleSection":["ACTUALIT\u00c9S","POLITIQUE","PUBLIC TV","S\u00c9N\u00c9GAL","SOCIETE","VIDEOS"],"inLanguage":"fr-FR","potentialAction":[{"@type":"CommentAction","name":"Comment","target":["https:\/\/www.public.sn\/index.php\/2022\/12\/06\/arrivee-dadji-sarr-au-palais-de-justice-de-dakar\/#respond"]}]},{"@type":"WebPage","@id":"https:\/\/www.public.sn\/index.php\/2022\/12\/06\/arrivee-dadji-sarr-au-palais-de-justice-de-dakar\/","url":"https:\/\/www.public.sn\/index.php\/2022\/12\/06\/arrivee-dadji-sarr-au-palais-de-justice-de-dakar\/","name":"Arriv\u00e9e d\u2019Adji Sarr au palais de justice de Dakar. - LE PUBLIC","isPartOf":{"@id":"https:\/\/www.public.sn\/#website"},"primaryImageOfPage":{"@id":"https:\/\/www.public.sn\/index.php\/2022\/12\/06\/arrivee-dadji-sarr-au-palais-de-justice-de-dakar\/#primaryimage"},"image":{"@id":"https:\/\/www.public.sn\/index.php\/2022\/12\/06\/arrivee-dadji-sarr-au-palais-de-justice-de-dakar\/#primaryimage"},"thumbnailUrl":"https:\/\/www.public.sn\/wp-content\/uploads\/2022\/12\/adji-sarr.jpg","datePublished":"2022-12-06T13:45:37+00:00","dateModified":"2022-12-06T13:50:56+00:00","breadcrumb":{"@id":"https:\/\/www.public.sn\/index.php\/2022\/12\/06\/arrivee-dadji-sarr-au-palais-de-justice-de-dakar\/#breadcrumb"},"inLanguage":"fr-FR","potentialAction":[{"@type":"ReadAction","target":["https:\/\/www.public.sn\/index.php\/2022\/12\/06\/arrivee-dadji-sarr-au-palais-de-justice-de-dakar\/"]}]},{"@type":"ImageObject","inLanguage":"fr-FR","@id":"https:\/\/www.public.sn\/index.php\/2022\/12\/06\/arrivee-dadji-sarr-au-palais-de-justice-de-dakar\/#primaryimage","url":"https:\/\/www.public.sn\/wp-content\/uploads\/2022\/12\/adji-sarr.jpg","contentUrl":"https:\/\/www.public.sn\/wp-content\/uploads\/2022\/12\/adji-sarr.jpg","width":1280,"height":1280,"caption":"publicsn"},{"@type":"BreadcrumbList","@id":"https:\/\/www.public.sn\/index.php\/2022\/12\/06\/arrivee-dadji-sarr-au-palais-de-justice-de-dakar\/#breadcrumb","itemListElement":[{"@type":"ListItem","position":1,"name":"Accueil","item":"https:\/\/www.public.sn\/"},{"@type":"ListItem","position":2,"name":"Arriv\u00e9e d\u2019Adji Sarr au palais de justice de Dakar."}]},{"@type":"WebSite","@id":"https:\/\/www.public.sn\/#website","url":"https:\/\/www.public.sn\/","name":"LE PUBLIC","description":"","publisher":{"@id":"https:\/\/www.public.sn\/#organization"},"potentialAction":[{"@type":"SearchAction","target":{"@type":"EntryPoint","urlTemplate":"https:\/\/www.public.sn\/?s={search_term_string}"},"query-input":{"@type":"PropertyValueSpecification","valueRequired":true,"valueName":"search_term_string"}}],"inLanguage":"fr-FR"},{"@type":"Organization","@id":"https:\/\/www.public.sn\/#organization","name":"LE PUBLIC","url":"https:\/\/www.public.sn\/","logo":{"@type":"ImageObject","inLanguage":"fr-FR","@id":"https:\/\/www.public.sn\/#\/schema\/logo\/image\/","url":"https:\/\/www.public.sn\/wp-content\/uploads\/2024\/05\/cropped-LOGO-PUBLIC.SN_.png","contentUrl":"https:\/\/www.public.sn\/wp-content\/uploads\/2024\/05\/cropped-LOGO-PUBLIC.SN_.png","width":682,"height":192,"caption":"LE PUBLIC"},"image":{"@id":"https:\/\/www.public.sn\/#\/schema\/logo\/image\/"}},{"@type":"Person","@id":"https:\/\/www.public.sn\/#\/schema\/person\/cb76c8e1b8becc6be61fb5e92d6d0224","name":"LA REDACTION","image":{"@type":"ImageObject","inLanguage":"fr-FR","@id":"https:\/\/www.public.sn\/#\/schema\/person\/image\/","url":"https:\/\/secure.gravatar.com\/avatar\/2dce5ddd34b8fef0180efe03aa2a9bee7d953856048f9a16b298190a3178407c?s=96&d=mm&r=g","contentUrl":"https:\/\/secure.gravatar.com\/avatar\/2dce5ddd34b8fef0180efe03aa2a9bee7d953856048f9a16b298190a3178407c?s=96&d=mm&r=g","caption":"LA REDACTION"},"url":"https:\/\/www.public.sn\/index.php\/author\/editeurpsn\/"}]}},"jetpack_featured_media_url":"https:\/\/www.public.sn\/wp-content\/uploads\/2022\/12\/adji-sarr.jpg","jetpack_sharing_enabled":true,"_links":{"self":[{"href":"https:\/\/www.public.sn\/index.php\/wp-json\/wp\/v2\/posts\/11207","targetHints":{"allow":["GET"]}}],"collection":[{"href":"https:\/\/www.public.sn\/index.php\/wp-json\/wp\/v2\/posts"}],"about":[{"href":"https:\/\/www.public.sn\/index.php\/wp-json\/wp\/v2\/types\/post"}],"author":[{"embeddable":true,"href":"https:\/\/www.public.sn\/index.php\/wp-json\/wp\/v2\/users\/7"}],"replies":[{"embeddable":true,"href":"https:\/\/www.public.sn\/index.php\/wp-json\/wp\/v2\/comments?post=11207"}],"version-history":[{"count":2,"href":"https:\/\/www.public.sn\/index.php\/wp-json\/wp\/v2\/posts\/11207\/revisions"}],"predecessor-version":[{"id":11212,"href":"https:\/\/www.public.sn\/index.php\/wp-json\/wp\/v2\/posts\/11207\/revisions\/11212"}],"wp:featuredmedia":[{"embeddable":true,"href":"https:\/\/www.public.sn\/index.php\/wp-json\/wp\/v2\/media\/11208"}],"wp:attachment":[{"href":"https:\/\/www.public.sn\/index.php\/wp-json\/wp\/v2\/media?parent=11207"}],"wp:term":[{"taxonomy":"category","embeddable":true,"href":"https:\/\/www.public.sn\/index.php\/wp-json\/wp\/v2\/categories?post=11207"},{"taxonomy":"post_tag","embeddable":true,"href":"https:\/\/www.public.sn\/index.php\/wp-json\/wp\/v2\/tags?post=11207"}],"curies":[{"name":"wp","href":"https:\/\/api.w.org\/{rel}","templated":true}]}}