{"id":11256,"date":"2022-12-07T15:13:57","date_gmt":"2022-12-07T15:13:57","guid":{"rendered":"https:\/\/www.public.sn\/?p=11256"},"modified":"2022-12-07T15:13:59","modified_gmt":"2022-12-07T15:13:59","slug":"tribunal-de-dakar-un-autre-membre-de-pastef-arrete","status":"publish","type":"post","link":"https:\/\/www.public.sn\/index.php\/2022\/12\/07\/tribunal-de-dakar-un-autre-membre-de-pastef-arrete\/","title":{"rendered":"Tribunal de Dakar: un autre membre de Pastef arr\u00eat\u00e9\u00a0!"},"content":{"rendered":"\n<p>Une nouvelle arrestation du c\u00f4t\u00e9 du parti Pastef\/Les patriotes, apr\u00e8s celle de vito et Diop taif, hier. C\u2019est au tour de Fadilou Keita. Selon le Secr\u00e9tariat national \u00e0 la communication de cette formation politique, \u00abFadilou Ke\u00efta membre du cabinet du pr\u00e9sident Ousmane Sonko et coordonnateur du Nemmeeku Tour a \u00e9t\u00e9 arr\u00eat\u00e9 sur ordre du procureur \u00bb.&nbsp;<\/p><div class=\"publi-paragraphe1\" style=\"margin-top: 10px;margin-bottom: 10px;margin-left: auto;margin-right: auto;text-align: center;\" id=\"publi-3307288220\"><div class=\"publi-adlabel\">Publicit\u00e9<\/div><script async src=\"\/\/pagead2.googlesyndication.com\/pagead\/js\/adsbygoogle.js?client=ca-pub-4089586018074219\" crossorigin=\"anonymous\"><\/script><ins class=\"adsbygoogle\" style=\"display:block;\" data-ad-client=\"ca-pub-4089586018074219\" \ndata-ad-slot=\"2087940154\" \ndata-ad-format=\"auto\"><\/ins>\n<script> \n(adsbygoogle = window.adsbygoogle || []).push({}); \n<\/script>\n<\/div>\n\n\n\n<p>Le fils de l\u2019ex-Pr\u00e9sidente de l&rsquo;Ofnac et V\u00e9rificatrice g\u00e9n\u00e9rale d&rsquo;\u00c9tat Nafy Ngom Ke\u00efta \u00abest pr\u00e9sentement au niveau de la cave du tribunal de Dakar \u00bb.<\/p>\n\n\n\n<p>Les raisons de son interpellation restent, pour l\u2019instant, inconnues.<\/p>\n<div class=\"publi-apres-le-contenu\" style=\"margin-top: 10px;margin-bottom: 10px;margin-left: auto;margin-right: auto;text-align: center;\" id=\"publi-2704120835\"><div class=\"publi-adlabel\">Publicit\u00e9<\/div><script async src=\"\/\/pagead2.googlesyndication.com\/pagead\/js\/adsbygoogle.js?client=ca-pub-4089586018074219\" crossorigin=\"anonymous\"><\/script><ins class=\"adsbygoogle\" style=\"display:block;\" data-ad-client=\"ca-pub-4089586018074219\" \ndata-ad-slot=\"2087940154\" \ndata-ad-format=\"auto\"><\/ins>\n<script> \n(adsbygoogle = window.adsbygoogle || []).push({}); \n<\/script>\n<\/div>","protected":false},"excerpt":{"rendered":"<p>Une nouvelle arrestation du c\u00f4t\u00e9 du parti Pastef\/Les patriotes, apr\u00e8s celle de vito et Diop taif, hier. C\u2019est au tour de Fadilou Keita. Selon le Secr\u00e9tariat national \u00e0 la communication de cette formation politique, \u00abFadilou Ke\u00efta membre du cabinet du pr\u00e9sident Ousmane Sonko et coordonnateur du Nemmeeku Tour a \u00e9t\u00e9 arr\u00eat\u00e9 sur ordre du procureur \u00bb.&nbsp; Le fils de l\u2019ex-Pr\u00e9sidente de l&rsquo;Ofnac et V\u00e9rificatrice g\u00e9n\u00e9rale d&rsquo;\u00c9tat Nafy Ngom Ke\u00efta \u00abest pr\u00e9sentement au niveau de la cave du tribunal de Dakar \u00bb. Les raisons de son interpellation restent, pour l\u2019instant, inconnues.<\/p>\n","protected":false},"author":7,"featured_media":11257,"comment_status":"open","ping_status":"open","sticky":false,"template":"","format":"standard","meta":{"_jetpack_memberships_contains_paid_content":false,"footnotes":""},"categories":[375,3,1,4],"tags":[1816,3693,3692],"class_list":["post-11256","post","type-post","status-publish","format-standard","has-post-thumbnail","hentry","category-actualites","category-politique","category-non-classe","category-societe","tag-arrete-3","tag-membre-pastef","tag-tribunal-de-dakar","entry","has-media","owp-thumbs-layout-horizontal","owp-btn-normal","owp-tabs-layout-horizontal","has-no-thumbnails","has-product-nav"],"yoast_head":"<!-- This site is optimized with the Yoast SEO plugin v25.5 - https:\/\/yoast.com\/wordpress\/plugins\/seo\/ -->\n<title>Tribunal de Dakar: un autre membre de Pastef arr\u00eat\u00e9\u00a0! - LE PUBLIC<\/title>\n<meta name=\"robots\" content=\"index, follow, max-snippet:-1, max-image-preview:large, max-video-preview:-1\" \/>\n<link rel=\"canonical\" href=\"https:\/\/www.public.sn\/index.php\/2022\/12\/07\/tribunal-de-dakar-un-autre-membre-de-pastef-arrete\/\" \/>\n<meta property=\"og:locale\" content=\"fr_FR\" \/>\n<meta property=\"og:type\" content=\"article\" \/>\n<meta property=\"og:title\" content=\"Tribunal de Dakar: un autre membre de Pastef arr\u00eat\u00e9\u00a0! - LE PUBLIC\" \/>\n<meta property=\"og:description\" content=\"Une nouvelle arrestation du c\u00f4t\u00e9 du parti Pastef\/Les patriotes, apr\u00e8s celle de vito et Diop taif, hier. C\u2019est au tour de Fadilou Keita. Selon le Secr\u00e9tariat national \u00e0 la communication de cette formation politique, \u00abFadilou Ke\u00efta membre du cabinet du pr\u00e9sident Ousmane Sonko et coordonnateur du Nemmeeku Tour a \u00e9t\u00e9 arr\u00eat\u00e9 sur ordre du procureur \u00bb.&nbsp; Le fils de l\u2019ex-Pr\u00e9sidente de l&rsquo;Ofnac et V\u00e9rificatrice g\u00e9n\u00e9rale d&rsquo;\u00c9tat Nafy Ngom Ke\u00efta \u00abest pr\u00e9sentement au niveau de la cave du tribunal de Dakar \u00bb. Les raisons de son interpellation restent, pour l\u2019instant, inconnues.\" \/>\n<meta property=\"og:url\" content=\"https:\/\/www.public.sn\/index.php\/2022\/12\/07\/tribunal-de-dakar-un-autre-membre-de-pastef-arrete\/\" \/>\n<meta property=\"og:site_name\" content=\"LE PUBLIC\" \/>\n<meta property=\"article:published_time\" content=\"2022-12-07T15:13:57+00:00\" \/>\n<meta property=\"article:modified_time\" content=\"2022-12-07T15:13:59+00:00\" \/>\n<meta property=\"og:image\" content=\"https:\/\/www.public.sn\/wp-content\/uploads\/2022\/12\/a525b795f16be46728e03ef7e789f142504e93a8.jpg\" \/>\n\t<meta property=\"og:image:width\" content=\"612\" \/>\n\t<meta property=\"og:image:height\" content=\"298\" \/>\n\t<meta property=\"og:image:type\" content=\"image\/jpeg\" \/>\n<meta name=\"author\" content=\"LA REDACTION\" \/>\n<meta name=\"twitter:card\" content=\"summary_large_image\" \/>\n<meta name=\"twitter:label1\" content=\"\u00c9crit par\" \/>\n\t<meta name=\"twitter:data1\" content=\"LA REDACTION\" \/>\n\t<meta name=\"twitter:label2\" content=\"Dur\u00e9e de lecture estim\u00e9e\" \/>\n\t<meta name=\"twitter:data2\" content=\"1 minute\" \/>\n<script type=\"application\/ld+json\" class=\"yoast-schema-graph\">{\"@context\":\"https:\/\/schema.org\",\"@graph\":[{\"@type\":\"Article\",\"@id\":\"https:\/\/www.public.sn\/index.php\/2022\/12\/07\/tribunal-de-dakar-un-autre-membre-de-pastef-arrete\/#article\",\"isPartOf\":{\"@id\":\"https:\/\/www.public.sn\/index.php\/2022\/12\/07\/tribunal-de-dakar-un-autre-membre-de-pastef-arrete\/\"},\"author\":{\"name\":\"LA REDACTION\",\"@id\":\"https:\/\/www.public.sn\/#\/schema\/person\/cb76c8e1b8becc6be61fb5e92d6d0224\"},\"headline\":\"Tribunal de Dakar: un autre membre de Pastef arr\u00eat\u00e9\u00a0!\",\"datePublished\":\"2022-12-07T15:13:57+00:00\",\"dateModified\":\"2022-12-07T15:13:59+00:00\",\"mainEntityOfPage\":{\"@id\":\"https:\/\/www.public.sn\/index.php\/2022\/12\/07\/tribunal-de-dakar-un-autre-membre-de-pastef-arrete\/\"},\"wordCount\":115,\"commentCount\":0,\"publisher\":{\"@id\":\"https:\/\/www.public.sn\/#organization\"},\"image\":{\"@id\":\"https:\/\/www.public.sn\/index.php\/2022\/12\/07\/tribunal-de-dakar-un-autre-membre-de-pastef-arrete\/#primaryimage\"},\"thumbnailUrl\":\"https:\/\/www.public.sn\/wp-content\/uploads\/2022\/12\/a525b795f16be46728e03ef7e789f142504e93a8.jpg\",\"keywords\":[\"Arr\u00eat\u00e9\",\"membre pastef\",\"tribunal de dakar\"],\"articleSection\":[\"ACTUALIT\u00c9S\",\"POLITIQUE\",\"S\u00c9N\u00c9GAL\",\"SOCIETE\"],\"inLanguage\":\"fr-FR\",\"potentialAction\":[{\"@type\":\"CommentAction\",\"name\":\"Comment\",\"target\":[\"https:\/\/www.public.sn\/index.php\/2022\/12\/07\/tribunal-de-dakar-un-autre-membre-de-pastef-arrete\/#respond\"]}]},{\"@type\":\"WebPage\",\"@id\":\"https:\/\/www.public.sn\/index.php\/2022\/12\/07\/tribunal-de-dakar-un-autre-membre-de-pastef-arrete\/\",\"url\":\"https:\/\/www.public.sn\/index.php\/2022\/12\/07\/tribunal-de-dakar-un-autre-membre-de-pastef-arrete\/\",\"name\":\"Tribunal de Dakar: un autre membre de Pastef arr\u00eat\u00e9\u00a0! - LE PUBLIC\",\"isPartOf\":{\"@id\":\"https:\/\/www.public.sn\/#website\"},\"primaryImageOfPage\":{\"@id\":\"https:\/\/www.public.sn\/index.php\/2022\/12\/07\/tribunal-de-dakar-un-autre-membre-de-pastef-arrete\/#primaryimage\"},\"image\":{\"@id\":\"https:\/\/www.public.sn\/index.php\/2022\/12\/07\/tribunal-de-dakar-un-autre-membre-de-pastef-arrete\/#primaryimage\"},\"thumbnailUrl\":\"https:\/\/www.public.sn\/wp-content\/uploads\/2022\/12\/a525b795f16be46728e03ef7e789f142504e93a8.jpg\",\"datePublished\":\"2022-12-07T15:13:57+00:00\",\"dateModified\":\"2022-12-07T15:13:59+00:00\",\"breadcrumb\":{\"@id\":\"https:\/\/www.public.sn\/index.php\/2022\/12\/07\/tribunal-de-dakar-un-autre-membre-de-pastef-arrete\/#breadcrumb\"},\"inLanguage\":\"fr-FR\",\"potentialAction\":[{\"@type\":\"ReadAction\",\"target\":[\"https:\/\/www.public.sn\/index.php\/2022\/12\/07\/tribunal-de-dakar-un-autre-membre-de-pastef-arrete\/\"]}]},{\"@type\":\"ImageObject\",\"inLanguage\":\"fr-FR\",\"@id\":\"https:\/\/www.public.sn\/index.php\/2022\/12\/07\/tribunal-de-dakar-un-autre-membre-de-pastef-arrete\/#primaryimage\",\"url\":\"https:\/\/www.public.sn\/wp-content\/uploads\/2022\/12\/a525b795f16be46728e03ef7e789f142504e93a8.jpg\",\"contentUrl\":\"https:\/\/www.public.sn\/wp-content\/uploads\/2022\/12\/a525b795f16be46728e03ef7e789f142504e93a8.jpg\",\"width\":612,\"height\":298,\"caption\":\"Tribunal de Dakar: un autre membre de Pastef arr\u00eat\u00e9 !\"},{\"@type\":\"BreadcrumbList\",\"@id\":\"https:\/\/www.public.sn\/index.php\/2022\/12\/07\/tribunal-de-dakar-un-autre-membre-de-pastef-arrete\/#breadcrumb\",\"itemListElement\":[{\"@type\":\"ListItem\",\"position\":1,\"name\":\"Accueil\",\"item\":\"https:\/\/www.public.sn\/\"},{\"@type\":\"ListItem\",\"position\":2,\"name\":\"Tribunal de Dakar: un autre membre de Pastef arr\u00eat\u00e9\u00a0!\"}]},{\"@type\":\"WebSite\",\"@id\":\"https:\/\/www.public.sn\/#website\",\"url\":\"https:\/\/www.public.sn\/\",\"name\":\"LE PUBLIC\",\"description\":\"\",\"publisher\":{\"@id\":\"https:\/\/www.public.sn\/#organization\"},\"potentialAction\":[{\"@type\":\"SearchAction\",\"target\":{\"@type\":\"EntryPoint\",\"urlTemplate\":\"https:\/\/www.public.sn\/?s={search_term_string}\"},\"query-input\":{\"@type\":\"PropertyValueSpecification\",\"valueRequired\":true,\"valueName\":\"search_term_string\"}}],\"inLanguage\":\"fr-FR\"},{\"@type\":\"Organization\",\"@id\":\"https:\/\/www.public.sn\/#organization\",\"name\":\"LE PUBLIC\",\"url\":\"https:\/\/www.public.sn\/\",\"logo\":{\"@type\":\"ImageObject\",\"inLanguage\":\"fr-FR\",\"@id\":\"https:\/\/www.public.sn\/#\/schema\/logo\/image\/\",\"url\":\"https:\/\/www.public.sn\/wp-content\/uploads\/2024\/05\/cropped-LOGO-PUBLIC.SN_.png\",\"contentUrl\":\"https:\/\/www.public.sn\/wp-content\/uploads\/2024\/05\/cropped-LOGO-PUBLIC.SN_.png\",\"width\":682,\"height\":192,\"caption\":\"LE PUBLIC\"},\"image\":{\"@id\":\"https:\/\/www.public.sn\/#\/schema\/logo\/image\/\"}},{\"@type\":\"Person\",\"@id\":\"https:\/\/www.public.sn\/#\/schema\/person\/cb76c8e1b8becc6be61fb5e92d6d0224\",\"name\":\"LA REDACTION\",\"image\":{\"@type\":\"ImageObject\",\"inLanguage\":\"fr-FR\",\"@id\":\"https:\/\/www.public.sn\/#\/schema\/person\/image\/\",\"url\":\"https:\/\/secure.gravatar.com\/avatar\/2dce5ddd34b8fef0180efe03aa2a9bee7d953856048f9a16b298190a3178407c?s=96&d=mm&r=g\",\"contentUrl\":\"https:\/\/secure.gravatar.com\/avatar\/2dce5ddd34b8fef0180efe03aa2a9bee7d953856048f9a16b298190a3178407c?s=96&d=mm&r=g\",\"caption\":\"LA REDACTION\"},\"url\":\"https:\/\/www.public.sn\/index.php\/author\/editeurpsn\/\"}]}<\/script>\n<!-- \/ Yoast SEO plugin. -->","yoast_head_json":{"title":"Tribunal de Dakar: un autre membre de Pastef arr\u00eat\u00e9\u00a0! - LE PUBLIC","robots":{"index":"index","follow":"follow","max-snippet":"max-snippet:-1","max-image-preview":"max-image-preview:large","max-video-preview":"max-video-preview:-1"},"canonical":"https:\/\/www.public.sn\/index.php\/2022\/12\/07\/tribunal-de-dakar-un-autre-membre-de-pastef-arrete\/","og_locale":"fr_FR","og_type":"article","og_title":"Tribunal de Dakar: un autre membre de Pastef arr\u00eat\u00e9\u00a0! - LE PUBLIC","og_description":"Une nouvelle arrestation du c\u00f4t\u00e9 du parti Pastef\/Les patriotes, apr\u00e8s celle de vito et Diop taif, hier. C\u2019est au tour de Fadilou Keita. Selon le Secr\u00e9tariat national \u00e0 la communication de cette formation politique, \u00abFadilou Ke\u00efta membre du cabinet du pr\u00e9sident Ousmane Sonko et coordonnateur du Nemmeeku Tour a \u00e9t\u00e9 arr\u00eat\u00e9 sur ordre du procureur \u00bb.&nbsp; Le fils de l\u2019ex-Pr\u00e9sidente de l&rsquo;Ofnac et V\u00e9rificatrice g\u00e9n\u00e9rale d&rsquo;\u00c9tat Nafy Ngom Ke\u00efta \u00abest pr\u00e9sentement au niveau de la cave du tribunal de Dakar \u00bb. Les raisons de son interpellation restent, pour l\u2019instant, inconnues.","og_url":"https:\/\/www.public.sn\/index.php\/2022\/12\/07\/tribunal-de-dakar-un-autre-membre-de-pastef-arrete\/","og_site_name":"LE PUBLIC","article_published_time":"2022-12-07T15:13:57+00:00","article_modified_time":"2022-12-07T15:13:59+00:00","og_image":[{"width":612,"height":298,"url":"https:\/\/www.public.sn\/wp-content\/uploads\/2022\/12\/a525b795f16be46728e03ef7e789f142504e93a8.jpg","type":"image\/jpeg"}],"author":"LA REDACTION","twitter_card":"summary_large_image","twitter_misc":{"\u00c9crit par":"LA REDACTION","Dur\u00e9e de lecture estim\u00e9e":"1 minute"},"schema":{"@context":"https:\/\/schema.org","@graph":[{"@type":"Article","@id":"https:\/\/www.public.sn\/index.php\/2022\/12\/07\/tribunal-de-dakar-un-autre-membre-de-pastef-arrete\/#article","isPartOf":{"@id":"https:\/\/www.public.sn\/index.php\/2022\/12\/07\/tribunal-de-dakar-un-autre-membre-de-pastef-arrete\/"},"author":{"name":"LA REDACTION","@id":"https:\/\/www.public.sn\/#\/schema\/person\/cb76c8e1b8becc6be61fb5e92d6d0224"},"headline":"Tribunal de Dakar: un autre membre de Pastef arr\u00eat\u00e9\u00a0!","datePublished":"2022-12-07T15:13:57+00:00","dateModified":"2022-12-07T15:13:59+00:00","mainEntityOfPage":{"@id":"https:\/\/www.public.sn\/index.php\/2022\/12\/07\/tribunal-de-dakar-un-autre-membre-de-pastef-arrete\/"},"wordCount":115,"commentCount":0,"publisher":{"@id":"https:\/\/www.public.sn\/#organization"},"image":{"@id":"https:\/\/www.public.sn\/index.php\/2022\/12\/07\/tribunal-de-dakar-un-autre-membre-de-pastef-arrete\/#primaryimage"},"thumbnailUrl":"https:\/\/www.public.sn\/wp-content\/uploads\/2022\/12\/a525b795f16be46728e03ef7e789f142504e93a8.jpg","keywords":["Arr\u00eat\u00e9","membre pastef","tribunal de dakar"],"articleSection":["ACTUALIT\u00c9S","POLITIQUE","S\u00c9N\u00c9GAL","SOCIETE"],"inLanguage":"fr-FR","potentialAction":[{"@type":"CommentAction","name":"Comment","target":["https:\/\/www.public.sn\/index.php\/2022\/12\/07\/tribunal-de-dakar-un-autre-membre-de-pastef-arrete\/#respond"]}]},{"@type":"WebPage","@id":"https:\/\/www.public.sn\/index.php\/2022\/12\/07\/tribunal-de-dakar-un-autre-membre-de-pastef-arrete\/","url":"https:\/\/www.public.sn\/index.php\/2022\/12\/07\/tribunal-de-dakar-un-autre-membre-de-pastef-arrete\/","name":"Tribunal de Dakar: un autre membre de Pastef arr\u00eat\u00e9\u00a0! - LE PUBLIC","isPartOf":{"@id":"https:\/\/www.public.sn\/#website"},"primaryImageOfPage":{"@id":"https:\/\/www.public.sn\/index.php\/2022\/12\/07\/tribunal-de-dakar-un-autre-membre-de-pastef-arrete\/#primaryimage"},"image":{"@id":"https:\/\/www.public.sn\/index.php\/2022\/12\/07\/tribunal-de-dakar-un-autre-membre-de-pastef-arrete\/#primaryimage"},"thumbnailUrl":"https:\/\/www.public.sn\/wp-content\/uploads\/2022\/12\/a525b795f16be46728e03ef7e789f142504e93a8.jpg","datePublished":"2022-12-07T15:13:57+00:00","dateModified":"2022-12-07T15:13:59+00:00","breadcrumb":{"@id":"https:\/\/www.public.sn\/index.php\/2022\/12\/07\/tribunal-de-dakar-un-autre-membre-de-pastef-arrete\/#breadcrumb"},"inLanguage":"fr-FR","potentialAction":[{"@type":"ReadAction","target":["https:\/\/www.public.sn\/index.php\/2022\/12\/07\/tribunal-de-dakar-un-autre-membre-de-pastef-arrete\/"]}]},{"@type":"ImageObject","inLanguage":"fr-FR","@id":"https:\/\/www.public.sn\/index.php\/2022\/12\/07\/tribunal-de-dakar-un-autre-membre-de-pastef-arrete\/#primaryimage","url":"https:\/\/www.public.sn\/wp-content\/uploads\/2022\/12\/a525b795f16be46728e03ef7e789f142504e93a8.jpg","contentUrl":"https:\/\/www.public.sn\/wp-content\/uploads\/2022\/12\/a525b795f16be46728e03ef7e789f142504e93a8.jpg","width":612,"height":298,"caption":"Tribunal de Dakar: un autre membre de Pastef arr\u00eat\u00e9 !"},{"@type":"BreadcrumbList","@id":"https:\/\/www.public.sn\/index.php\/2022\/12\/07\/tribunal-de-dakar-un-autre-membre-de-pastef-arrete\/#breadcrumb","itemListElement":[{"@type":"ListItem","position":1,"name":"Accueil","item":"https:\/\/www.public.sn\/"},{"@type":"ListItem","position":2,"name":"Tribunal de Dakar: un autre membre de Pastef arr\u00eat\u00e9\u00a0!"}]},{"@type":"WebSite","@id":"https:\/\/www.public.sn\/#website","url":"https:\/\/www.public.sn\/","name":"LE PUBLIC","description":"","publisher":{"@id":"https:\/\/www.public.sn\/#organization"},"potentialAction":[{"@type":"SearchAction","target":{"@type":"EntryPoint","urlTemplate":"https:\/\/www.public.sn\/?s={search_term_string}"},"query-input":{"@type":"PropertyValueSpecification","valueRequired":true,"valueName":"search_term_string"}}],"inLanguage":"fr-FR"},{"@type":"Organization","@id":"https:\/\/www.public.sn\/#organization","name":"LE PUBLIC","url":"https:\/\/www.public.sn\/","logo":{"@type":"ImageObject","inLanguage":"fr-FR","@id":"https:\/\/www.public.sn\/#\/schema\/logo\/image\/","url":"https:\/\/www.public.sn\/wp-content\/uploads\/2024\/05\/cropped-LOGO-PUBLIC.SN_.png","contentUrl":"https:\/\/www.public.sn\/wp-content\/uploads\/2024\/05\/cropped-LOGO-PUBLIC.SN_.png","width":682,"height":192,"caption":"LE PUBLIC"},"image":{"@id":"https:\/\/www.public.sn\/#\/schema\/logo\/image\/"}},{"@type":"Person","@id":"https:\/\/www.public.sn\/#\/schema\/person\/cb76c8e1b8becc6be61fb5e92d6d0224","name":"LA REDACTION","image":{"@type":"ImageObject","inLanguage":"fr-FR","@id":"https:\/\/www.public.sn\/#\/schema\/person\/image\/","url":"https:\/\/secure.gravatar.com\/avatar\/2dce5ddd34b8fef0180efe03aa2a9bee7d953856048f9a16b298190a3178407c?s=96&d=mm&r=g","contentUrl":"https:\/\/secure.gravatar.com\/avatar\/2dce5ddd34b8fef0180efe03aa2a9bee7d953856048f9a16b298190a3178407c?s=96&d=mm&r=g","caption":"LA REDACTION"},"url":"https:\/\/www.public.sn\/index.php\/author\/editeurpsn\/"}]}},"jetpack_featured_media_url":"https:\/\/www.public.sn\/wp-content\/uploads\/2022\/12\/a525b795f16be46728e03ef7e789f142504e93a8.jpg","jetpack_sharing_enabled":true,"_links":{"self":[{"href":"https:\/\/www.public.sn\/index.php\/wp-json\/wp\/v2\/posts\/11256","targetHints":{"allow":["GET"]}}],"collection":[{"href":"https:\/\/www.public.sn\/index.php\/wp-json\/wp\/v2\/posts"}],"about":[{"href":"https:\/\/www.public.sn\/index.php\/wp-json\/wp\/v2\/types\/post"}],"author":[{"embeddable":true,"href":"https:\/\/www.public.sn\/index.php\/wp-json\/wp\/v2\/users\/7"}],"replies":[{"embeddable":true,"href":"https:\/\/www.public.sn\/index.php\/wp-json\/wp\/v2\/comments?post=11256"}],"version-history":[{"count":1,"href":"https:\/\/www.public.sn\/index.php\/wp-json\/wp\/v2\/posts\/11256\/revisions"}],"predecessor-version":[{"id":11258,"href":"https:\/\/www.public.sn\/index.php\/wp-json\/wp\/v2\/posts\/11256\/revisions\/11258"}],"wp:featuredmedia":[{"embeddable":true,"href":"https:\/\/www.public.sn\/index.php\/wp-json\/wp\/v2\/media\/11257"}],"wp:attachment":[{"href":"https:\/\/www.public.sn\/index.php\/wp-json\/wp\/v2\/media?parent=11256"}],"wp:term":[{"taxonomy":"category","embeddable":true,"href":"https:\/\/www.public.sn\/index.php\/wp-json\/wp\/v2\/categories?post=11256"},{"taxonomy":"post_tag","embeddable":true,"href":"https:\/\/www.public.sn\/index.php\/wp-json\/wp\/v2\/tags?post=11256"}],"curies":[{"name":"wp","href":"https:\/\/api.w.org\/{rel}","templated":true}]}}