{"id":11269,"date":"2022-12-08T11:56:05","date_gmt":"2022-12-08T11:56:05","guid":{"rendered":"https:\/\/www.public.sn\/?p=11269"},"modified":"2022-12-08T11:56:07","modified_gmt":"2022-12-08T11:56:07","slug":"face-a-face-avec-adji-sarr-les-questions-genantes-del-hadji-diouf-a-ousmane-sonko","status":"publish","type":"post","link":"https:\/\/www.public.sn\/index.php\/2022\/12\/08\/face-a-face-avec-adji-sarr-les-questions-genantes-del-hadji-diouf-a-ousmane-sonko\/","title":{"rendered":"Face-\u00e0-face avec Adji Sarr\u00a0: les \u00a0questions g\u00eanantes d\u2019El hadji Diouf \u00e0\u00a0 Ousmane Sonko"},"content":{"rendered":"\n<p>La confrontation entre Adji sarr et Ousmane Sonko est loin \u00eatre termin\u00e9.<\/p><div class=\"publi-paragraphe1\" style=\"margin-top: 10px;margin-bottom: 10px;margin-left: auto;margin-right: auto;text-align: center;\" id=\"publi-4016064097\"><div class=\"publi-adlabel\">Publicit\u00e9<\/div><script async src=\"\/\/pagead2.googlesyndication.com\/pagead\/js\/adsbygoogle.js?client=ca-pub-4089586018074219\" crossorigin=\"anonymous\"><\/script><ins class=\"adsbygoogle\" style=\"display:block;\" data-ad-client=\"ca-pub-4089586018074219\" \ndata-ad-slot=\"2087940154\" \ndata-ad-format=\"auto\"><\/ins>\n<script> \n(adsbygoogle = window.adsbygoogle || []).push({}); \n<\/script>\n<\/div>\n\n\n\n<p>Apres leur face \u00e0 face dans le bureau du doyen des juges, organis\u00e9 mardi dernier, le pr\u00e9sident de Pastef a rejou\u00e9 le film de sa premi\u00e8re rencontre avec son accusatrice depuis l\u2019\u00e9clatement de l&rsquo;affaire. Cette derni\u00e8re lui portera la r\u00e9plique d\u00e8s le lendemain, hier donc. Me El Hadji Diouf, avocat de la plaignante, promet d\u2019apporter sa contribution.<br><br>La robe noire sera face \u00e0 la presse, ce jeudi, dans un caf\u00e9 de la place. Son objectif r\u00e9pondre \u00e0 Ousmane Sonko, qui ne l\u2019a pas rat\u00e9 lors de son live post-confrontation avec Adji Sarr.<br><br>Source A r\u00e9v\u00e8le une partie de la vingtaine de questions qu\u2019il a pos\u00e9es au leader de Pastef. Le journal en a choisi dix. Elles sont presque toutes g\u00eanantes : \u00abLorsque Adji Sarr vous massez, \u00e9tiez-vous couch\u00e9&nbsp;? Ou bien \u00e9tiez-vous assis&nbsp;? \u00c9tiez-vous nu&nbsp;? Quels sont les types de massage qui existaient \u00e0 Sweet Beauty&nbsp;? Un kin\u00e9sith\u00e9rapeute officiait-il sur place&nbsp;? Sweet Beauty est-ce un salon de beaut\u00e9 ou une &lsquo;maison rose&rsquo; ? Y trouvait-on les comp\u00e9tences pour soigner votre mal de dos&nbsp;? Comment votre sperme a-t-il pu se retrouver dans les parties intimes d\u2019Adji Sarr si vous n\u2019avez jamais eu de contact avec elle&nbsp;? Pourquoi refusez-vous le test ADN&nbsp;? Que r\u00e9pondez-vous \u00e0 Adji Sarr, qui affirme que vous \u00e9tiez nu avec elle dans le jacuzzi&nbsp;?\u00bb<\/p>\n\n\n\n<p>Ousmane Sonko a refus\u00e9 de r\u00e9pondre aux questions de Me El Hadji Diouf. Il a \u00e9galement oppos\u00e9 le silence aux interpellations des autres conseils de la partie civile et du procureur.<\/p>\n\n\n\n<p>Modou Diouf<\/p>\n\n\n\n<p><\/p>\n<div class=\"publi-apres-le-contenu\" style=\"margin-top: 10px;margin-bottom: 10px;margin-left: auto;margin-right: auto;text-align: center;\" id=\"publi-3136788730\"><div class=\"publi-adlabel\">Publicit\u00e9<\/div><script async src=\"\/\/pagead2.googlesyndication.com\/pagead\/js\/adsbygoogle.js?client=ca-pub-4089586018074219\" crossorigin=\"anonymous\"><\/script><ins class=\"adsbygoogle\" style=\"display:block;\" data-ad-client=\"ca-pub-4089586018074219\" \ndata-ad-slot=\"2087940154\" \ndata-ad-format=\"auto\"><\/ins>\n<script> \n(adsbygoogle = window.adsbygoogle || []).push({}); \n<\/script>\n<\/div>","protected":false},"excerpt":{"rendered":"<p>La confrontation entre Adji sarr et Ousmane Sonko est loin \u00eatre termin\u00e9. Apres leur face \u00e0 face dans le bureau du doyen des juges, organis\u00e9 mardi dernier, le pr\u00e9sident de Pastef a rejou\u00e9 le film de sa premi\u00e8re rencontre avec son accusatrice depuis l\u2019\u00e9clatement de l&rsquo;affaire. Cette derni\u00e8re lui portera la r\u00e9plique d\u00e8s le lendemain, hier donc. Me El Hadji Diouf, avocat de la plaignante, promet d\u2019apporter sa contribution. La robe noire sera face \u00e0 la presse, ce jeudi, dans un caf\u00e9 de la place. Son objectif r\u00e9pondre \u00e0 Ousmane Sonko, qui ne l\u2019a pas rat\u00e9 lors de son live post-confrontation avec Adji Sarr. Source A r\u00e9v\u00e8le une partie de la vingtaine de questions qu\u2019il a pos\u00e9es au leader de Pastef. Le journal en a choisi dix. Elles sont presque toutes g\u00eanantes : \u00abLorsque Adji Sarr vous massez, \u00e9tiez-vous couch\u00e9&nbsp;? Ou bien \u00e9tiez-vous assis&nbsp;? \u00c9tiez-vous nu&nbsp;? Quels sont les types de massage qui existaient \u00e0 Sweet Beauty&nbsp;? Un kin\u00e9sith\u00e9rapeute officiait-il sur place&nbsp;? Sweet Beauty est-ce un salon de beaut\u00e9 ou une &lsquo;maison rose&rsquo; ? Y trouvait-on les comp\u00e9tences pour soigner votre mal de dos&nbsp;? Comment votre sperme a-t-il pu se retrouver dans les parties intimes d\u2019Adji Sarr si vous n\u2019avez jamais eu de contact avec elle&nbsp;? Pourquoi refusez-vous le test ADN&nbsp;? Que r\u00e9pondez-vous \u00e0 Adji Sarr, qui affirme que vous \u00e9tiez nu avec elle dans le jacuzzi&nbsp;?\u00bb Ousmane Sonko a refus\u00e9 de r\u00e9pondre aux questions de Me El Hadji Diouf. Il a \u00e9galement oppos\u00e9 le silence aux interpellations des autres conseils de la partie civile et du procureur. Modou Diouf<\/p>\n","protected":false},"author":7,"featured_media":11270,"comment_status":"open","ping_status":"open","sticky":false,"template":"","format":"standard","meta":{"_jetpack_memberships_contains_paid_content":false,"footnotes":""},"categories":[375,1,4],"tags":[99,1530,2580,16,3700],"class_list":["post-11269","post","type-post","status-publish","format-standard","has-post-thumbnail","hentry","category-actualites","category-non-classe","category-societe","tag-adji-sarr","tag-el-hadji-diouf","tag-face-a-face","tag-ousmane-sonko","tag-questions-genantes","entry","has-media","owp-thumbs-layout-horizontal","owp-btn-normal","owp-tabs-layout-horizontal","has-no-thumbnails","has-product-nav"],"yoast_head":"<!-- This site is optimized with the Yoast SEO plugin v25.5 - https:\/\/yoast.com\/wordpress\/plugins\/seo\/ -->\n<title>Face-\u00e0-face avec Adji Sarr\u00a0: les \u00a0questions g\u00eanantes d\u2019El hadji Diouf \u00e0\u00a0 Ousmane Sonko - LE PUBLIC<\/title>\n<meta name=\"robots\" content=\"index, follow, max-snippet:-1, max-image-preview:large, max-video-preview:-1\" \/>\n<link rel=\"canonical\" href=\"https:\/\/www.public.sn\/index.php\/2022\/12\/08\/face-a-face-avec-adji-sarr-les-questions-genantes-del-hadji-diouf-a-ousmane-sonko\/\" \/>\n<meta property=\"og:locale\" content=\"fr_FR\" \/>\n<meta property=\"og:type\" content=\"article\" \/>\n<meta property=\"og:title\" content=\"Face-\u00e0-face avec Adji Sarr\u00a0: les \u00a0questions g\u00eanantes d\u2019El hadji Diouf \u00e0\u00a0 Ousmane Sonko - LE PUBLIC\" \/>\n<meta property=\"og:description\" content=\"La confrontation entre Adji sarr et Ousmane Sonko est loin \u00eatre termin\u00e9. Apres leur face \u00e0 face dans le bureau du doyen des juges, organis\u00e9 mardi dernier, le pr\u00e9sident de Pastef a rejou\u00e9 le film de sa premi\u00e8re rencontre avec son accusatrice depuis l\u2019\u00e9clatement de l&rsquo;affaire. Cette derni\u00e8re lui portera la r\u00e9plique d\u00e8s le lendemain, hier donc. Me El Hadji Diouf, avocat de la plaignante, promet d\u2019apporter sa contribution. La robe noire sera face \u00e0 la presse, ce jeudi, dans un caf\u00e9 de la place. Son objectif r\u00e9pondre \u00e0 Ousmane Sonko, qui ne l\u2019a pas rat\u00e9 lors de son live post-confrontation avec Adji Sarr. Source A r\u00e9v\u00e8le une partie de la vingtaine de questions qu\u2019il a pos\u00e9es au leader de Pastef. Le journal en a choisi dix. Elles sont presque toutes g\u00eanantes : \u00abLorsque Adji Sarr vous massez, \u00e9tiez-vous couch\u00e9&nbsp;? Ou bien \u00e9tiez-vous assis&nbsp;? \u00c9tiez-vous nu&nbsp;? Quels sont les types de massage qui existaient \u00e0 Sweet Beauty&nbsp;? Un kin\u00e9sith\u00e9rapeute officiait-il sur place&nbsp;? Sweet Beauty est-ce un salon de beaut\u00e9 ou une &lsquo;maison rose&rsquo; ? Y trouvait-on les comp\u00e9tences pour soigner votre mal de dos&nbsp;? Comment votre sperme a-t-il pu se retrouver dans les parties intimes d\u2019Adji Sarr si vous n\u2019avez jamais eu de contact avec elle&nbsp;? Pourquoi refusez-vous le test ADN&nbsp;? Que r\u00e9pondez-vous \u00e0 Adji Sarr, qui affirme que vous \u00e9tiez nu avec elle dans le jacuzzi&nbsp;?\u00bb Ousmane Sonko a refus\u00e9 de r\u00e9pondre aux questions de Me El Hadji Diouf. Il a \u00e9galement oppos\u00e9 le silence aux interpellations des autres conseils de la partie civile et du procureur. Modou Diouf\" \/>\n<meta property=\"og:url\" content=\"https:\/\/www.public.sn\/index.php\/2022\/12\/08\/face-a-face-avec-adji-sarr-les-questions-genantes-del-hadji-diouf-a-ousmane-sonko\/\" \/>\n<meta property=\"og:site_name\" content=\"LE PUBLIC\" \/>\n<meta property=\"article:published_time\" content=\"2022-12-08T11:56:05+00:00\" \/>\n<meta property=\"article:modified_time\" content=\"2022-12-08T11:56:07+00:00\" \/>\n<meta property=\"og:image\" content=\"https:\/\/www.public.sn\/wp-content\/uploads\/2022\/12\/13beaf3686d1a565c87402d7248d88e576a48132-1.jpg\" \/>\n\t<meta property=\"og:image:width\" content=\"612\" \/>\n\t<meta property=\"og:image:height\" content=\"298\" \/>\n\t<meta property=\"og:image:type\" content=\"image\/jpeg\" \/>\n<meta name=\"author\" content=\"LA REDACTION\" \/>\n<meta name=\"twitter:card\" content=\"summary_large_image\" \/>\n<meta name=\"twitter:label1\" content=\"\u00c9crit par\" \/>\n\t<meta name=\"twitter:data1\" content=\"LA REDACTION\" \/>\n\t<meta name=\"twitter:label2\" content=\"Dur\u00e9e de lecture estim\u00e9e\" \/>\n\t<meta name=\"twitter:data2\" content=\"2 minutes\" \/>\n<script type=\"application\/ld+json\" class=\"yoast-schema-graph\">{\"@context\":\"https:\/\/schema.org\",\"@graph\":[{\"@type\":\"Article\",\"@id\":\"https:\/\/www.public.sn\/index.php\/2022\/12\/08\/face-a-face-avec-adji-sarr-les-questions-genantes-del-hadji-diouf-a-ousmane-sonko\/#article\",\"isPartOf\":{\"@id\":\"https:\/\/www.public.sn\/index.php\/2022\/12\/08\/face-a-face-avec-adji-sarr-les-questions-genantes-del-hadji-diouf-a-ousmane-sonko\/\"},\"author\":{\"name\":\"LA REDACTION\",\"@id\":\"https:\/\/www.public.sn\/#\/schema\/person\/cb76c8e1b8becc6be61fb5e92d6d0224\"},\"headline\":\"Face-\u00e0-face avec Adji Sarr\u00a0: les \u00a0questions g\u00eanantes d\u2019El hadji Diouf \u00e0\u00a0 Ousmane Sonko\",\"datePublished\":\"2022-12-08T11:56:05+00:00\",\"dateModified\":\"2022-12-08T11:56:07+00:00\",\"mainEntityOfPage\":{\"@id\":\"https:\/\/www.public.sn\/index.php\/2022\/12\/08\/face-a-face-avec-adji-sarr-les-questions-genantes-del-hadji-diouf-a-ousmane-sonko\/\"},\"wordCount\":298,\"commentCount\":0,\"publisher\":{\"@id\":\"https:\/\/www.public.sn\/#organization\"},\"image\":{\"@id\":\"https:\/\/www.public.sn\/index.php\/2022\/12\/08\/face-a-face-avec-adji-sarr-les-questions-genantes-del-hadji-diouf-a-ousmane-sonko\/#primaryimage\"},\"thumbnailUrl\":\"https:\/\/www.public.sn\/wp-content\/uploads\/2022\/12\/13beaf3686d1a565c87402d7248d88e576a48132-1.jpg\",\"keywords\":[\"Adji Sarr\",\"el hadji diouf\",\"face \u00e0 face\",\"Ousmane Sonko\",\"questions genantes\"],\"articleSection\":[\"ACTUALIT\u00c9S\",\"S\u00c9N\u00c9GAL\",\"SOCIETE\"],\"inLanguage\":\"fr-FR\",\"potentialAction\":[{\"@type\":\"CommentAction\",\"name\":\"Comment\",\"target\":[\"https:\/\/www.public.sn\/index.php\/2022\/12\/08\/face-a-face-avec-adji-sarr-les-questions-genantes-del-hadji-diouf-a-ousmane-sonko\/#respond\"]}]},{\"@type\":\"WebPage\",\"@id\":\"https:\/\/www.public.sn\/index.php\/2022\/12\/08\/face-a-face-avec-adji-sarr-les-questions-genantes-del-hadji-diouf-a-ousmane-sonko\/\",\"url\":\"https:\/\/www.public.sn\/index.php\/2022\/12\/08\/face-a-face-avec-adji-sarr-les-questions-genantes-del-hadji-diouf-a-ousmane-sonko\/\",\"name\":\"Face-\u00e0-face avec Adji Sarr\u00a0: les \u00a0questions g\u00eanantes d\u2019El hadji Diouf \u00e0\u00a0 Ousmane Sonko - LE PUBLIC\",\"isPartOf\":{\"@id\":\"https:\/\/www.public.sn\/#website\"},\"primaryImageOfPage\":{\"@id\":\"https:\/\/www.public.sn\/index.php\/2022\/12\/08\/face-a-face-avec-adji-sarr-les-questions-genantes-del-hadji-diouf-a-ousmane-sonko\/#primaryimage\"},\"image\":{\"@id\":\"https:\/\/www.public.sn\/index.php\/2022\/12\/08\/face-a-face-avec-adji-sarr-les-questions-genantes-del-hadji-diouf-a-ousmane-sonko\/#primaryimage\"},\"thumbnailUrl\":\"https:\/\/www.public.sn\/wp-content\/uploads\/2022\/12\/13beaf3686d1a565c87402d7248d88e576a48132-1.jpg\",\"datePublished\":\"2022-12-08T11:56:05+00:00\",\"dateModified\":\"2022-12-08T11:56:07+00:00\",\"breadcrumb\":{\"@id\":\"https:\/\/www.public.sn\/index.php\/2022\/12\/08\/face-a-face-avec-adji-sarr-les-questions-genantes-del-hadji-diouf-a-ousmane-sonko\/#breadcrumb\"},\"inLanguage\":\"fr-FR\",\"potentialAction\":[{\"@type\":\"ReadAction\",\"target\":[\"https:\/\/www.public.sn\/index.php\/2022\/12\/08\/face-a-face-avec-adji-sarr-les-questions-genantes-del-hadji-diouf-a-ousmane-sonko\/\"]}]},{\"@type\":\"ImageObject\",\"inLanguage\":\"fr-FR\",\"@id\":\"https:\/\/www.public.sn\/index.php\/2022\/12\/08\/face-a-face-avec-adji-sarr-les-questions-genantes-del-hadji-diouf-a-ousmane-sonko\/#primaryimage\",\"url\":\"https:\/\/www.public.sn\/wp-content\/uploads\/2022\/12\/13beaf3686d1a565c87402d7248d88e576a48132-1.jpg\",\"contentUrl\":\"https:\/\/www.public.sn\/wp-content\/uploads\/2022\/12\/13beaf3686d1a565c87402d7248d88e576a48132-1.jpg\",\"width\":612,\"height\":298,\"caption\":\"Face-\u00e0-face avec Adji Sarr : les questions g\u00eanantes d\u2019El hadji Diouf \u00e0 Ousmane Sonko\"},{\"@type\":\"BreadcrumbList\",\"@id\":\"https:\/\/www.public.sn\/index.php\/2022\/12\/08\/face-a-face-avec-adji-sarr-les-questions-genantes-del-hadji-diouf-a-ousmane-sonko\/#breadcrumb\",\"itemListElement\":[{\"@type\":\"ListItem\",\"position\":1,\"name\":\"Accueil\",\"item\":\"https:\/\/www.public.sn\/\"},{\"@type\":\"ListItem\",\"position\":2,\"name\":\"Face-\u00e0-face avec Adji Sarr\u00a0: les \u00a0questions g\u00eanantes d\u2019El hadji Diouf \u00e0\u00a0 Ousmane Sonko\"}]},{\"@type\":\"WebSite\",\"@id\":\"https:\/\/www.public.sn\/#website\",\"url\":\"https:\/\/www.public.sn\/\",\"name\":\"LE PUBLIC\",\"description\":\"\",\"publisher\":{\"@id\":\"https:\/\/www.public.sn\/#organization\"},\"potentialAction\":[{\"@type\":\"SearchAction\",\"target\":{\"@type\":\"EntryPoint\",\"urlTemplate\":\"https:\/\/www.public.sn\/?s={search_term_string}\"},\"query-input\":{\"@type\":\"PropertyValueSpecification\",\"valueRequired\":true,\"valueName\":\"search_term_string\"}}],\"inLanguage\":\"fr-FR\"},{\"@type\":\"Organization\",\"@id\":\"https:\/\/www.public.sn\/#organization\",\"name\":\"LE PUBLIC\",\"url\":\"https:\/\/www.public.sn\/\",\"logo\":{\"@type\":\"ImageObject\",\"inLanguage\":\"fr-FR\",\"@id\":\"https:\/\/www.public.sn\/#\/schema\/logo\/image\/\",\"url\":\"https:\/\/www.public.sn\/wp-content\/uploads\/2024\/05\/cropped-LOGO-PUBLIC.SN_.png\",\"contentUrl\":\"https:\/\/www.public.sn\/wp-content\/uploads\/2024\/05\/cropped-LOGO-PUBLIC.SN_.png\",\"width\":682,\"height\":192,\"caption\":\"LE PUBLIC\"},\"image\":{\"@id\":\"https:\/\/www.public.sn\/#\/schema\/logo\/image\/\"}},{\"@type\":\"Person\",\"@id\":\"https:\/\/www.public.sn\/#\/schema\/person\/cb76c8e1b8becc6be61fb5e92d6d0224\",\"name\":\"LA REDACTION\",\"image\":{\"@type\":\"ImageObject\",\"inLanguage\":\"fr-FR\",\"@id\":\"https:\/\/www.public.sn\/#\/schema\/person\/image\/\",\"url\":\"https:\/\/secure.gravatar.com\/avatar\/2dce5ddd34b8fef0180efe03aa2a9bee7d953856048f9a16b298190a3178407c?s=96&d=mm&r=g\",\"contentUrl\":\"https:\/\/secure.gravatar.com\/avatar\/2dce5ddd34b8fef0180efe03aa2a9bee7d953856048f9a16b298190a3178407c?s=96&d=mm&r=g\",\"caption\":\"LA REDACTION\"},\"url\":\"https:\/\/www.public.sn\/index.php\/author\/editeurpsn\/\"}]}<\/script>\n<!-- \/ Yoast SEO plugin. -->","yoast_head_json":{"title":"Face-\u00e0-face avec Adji Sarr\u00a0: les \u00a0questions g\u00eanantes d\u2019El hadji Diouf \u00e0\u00a0 Ousmane Sonko - LE PUBLIC","robots":{"index":"index","follow":"follow","max-snippet":"max-snippet:-1","max-image-preview":"max-image-preview:large","max-video-preview":"max-video-preview:-1"},"canonical":"https:\/\/www.public.sn\/index.php\/2022\/12\/08\/face-a-face-avec-adji-sarr-les-questions-genantes-del-hadji-diouf-a-ousmane-sonko\/","og_locale":"fr_FR","og_type":"article","og_title":"Face-\u00e0-face avec Adji Sarr\u00a0: les \u00a0questions g\u00eanantes d\u2019El hadji Diouf \u00e0\u00a0 Ousmane Sonko - LE PUBLIC","og_description":"La confrontation entre Adji sarr et Ousmane Sonko est loin \u00eatre termin\u00e9. Apres leur face \u00e0 face dans le bureau du doyen des juges, organis\u00e9 mardi dernier, le pr\u00e9sident de Pastef a rejou\u00e9 le film de sa premi\u00e8re rencontre avec son accusatrice depuis l\u2019\u00e9clatement de l&rsquo;affaire. Cette derni\u00e8re lui portera la r\u00e9plique d\u00e8s le lendemain, hier donc. Me El Hadji Diouf, avocat de la plaignante, promet d\u2019apporter sa contribution. La robe noire sera face \u00e0 la presse, ce jeudi, dans un caf\u00e9 de la place. Son objectif r\u00e9pondre \u00e0 Ousmane Sonko, qui ne l\u2019a pas rat\u00e9 lors de son live post-confrontation avec Adji Sarr. Source A r\u00e9v\u00e8le une partie de la vingtaine de questions qu\u2019il a pos\u00e9es au leader de Pastef. Le journal en a choisi dix. Elles sont presque toutes g\u00eanantes : \u00abLorsque Adji Sarr vous massez, \u00e9tiez-vous couch\u00e9&nbsp;? Ou bien \u00e9tiez-vous assis&nbsp;? \u00c9tiez-vous nu&nbsp;? Quels sont les types de massage qui existaient \u00e0 Sweet Beauty&nbsp;? Un kin\u00e9sith\u00e9rapeute officiait-il sur place&nbsp;? Sweet Beauty est-ce un salon de beaut\u00e9 ou une &lsquo;maison rose&rsquo; ? Y trouvait-on les comp\u00e9tences pour soigner votre mal de dos&nbsp;? Comment votre sperme a-t-il pu se retrouver dans les parties intimes d\u2019Adji Sarr si vous n\u2019avez jamais eu de contact avec elle&nbsp;? Pourquoi refusez-vous le test ADN&nbsp;? Que r\u00e9pondez-vous \u00e0 Adji Sarr, qui affirme que vous \u00e9tiez nu avec elle dans le jacuzzi&nbsp;?\u00bb Ousmane Sonko a refus\u00e9 de r\u00e9pondre aux questions de Me El Hadji Diouf. Il a \u00e9galement oppos\u00e9 le silence aux interpellations des autres conseils de la partie civile et du procureur. Modou Diouf","og_url":"https:\/\/www.public.sn\/index.php\/2022\/12\/08\/face-a-face-avec-adji-sarr-les-questions-genantes-del-hadji-diouf-a-ousmane-sonko\/","og_site_name":"LE PUBLIC","article_published_time":"2022-12-08T11:56:05+00:00","article_modified_time":"2022-12-08T11:56:07+00:00","og_image":[{"width":612,"height":298,"url":"https:\/\/www.public.sn\/wp-content\/uploads\/2022\/12\/13beaf3686d1a565c87402d7248d88e576a48132-1.jpg","type":"image\/jpeg"}],"author":"LA REDACTION","twitter_card":"summary_large_image","twitter_misc":{"\u00c9crit par":"LA REDACTION","Dur\u00e9e de lecture estim\u00e9e":"2 minutes"},"schema":{"@context":"https:\/\/schema.org","@graph":[{"@type":"Article","@id":"https:\/\/www.public.sn\/index.php\/2022\/12\/08\/face-a-face-avec-adji-sarr-les-questions-genantes-del-hadji-diouf-a-ousmane-sonko\/#article","isPartOf":{"@id":"https:\/\/www.public.sn\/index.php\/2022\/12\/08\/face-a-face-avec-adji-sarr-les-questions-genantes-del-hadji-diouf-a-ousmane-sonko\/"},"author":{"name":"LA REDACTION","@id":"https:\/\/www.public.sn\/#\/schema\/person\/cb76c8e1b8becc6be61fb5e92d6d0224"},"headline":"Face-\u00e0-face avec Adji Sarr\u00a0: les \u00a0questions g\u00eanantes d\u2019El hadji Diouf \u00e0\u00a0 Ousmane Sonko","datePublished":"2022-12-08T11:56:05+00:00","dateModified":"2022-12-08T11:56:07+00:00","mainEntityOfPage":{"@id":"https:\/\/www.public.sn\/index.php\/2022\/12\/08\/face-a-face-avec-adji-sarr-les-questions-genantes-del-hadji-diouf-a-ousmane-sonko\/"},"wordCount":298,"commentCount":0,"publisher":{"@id":"https:\/\/www.public.sn\/#organization"},"image":{"@id":"https:\/\/www.public.sn\/index.php\/2022\/12\/08\/face-a-face-avec-adji-sarr-les-questions-genantes-del-hadji-diouf-a-ousmane-sonko\/#primaryimage"},"thumbnailUrl":"https:\/\/www.public.sn\/wp-content\/uploads\/2022\/12\/13beaf3686d1a565c87402d7248d88e576a48132-1.jpg","keywords":["Adji Sarr","el hadji diouf","face \u00e0 face","Ousmane Sonko","questions genantes"],"articleSection":["ACTUALIT\u00c9S","S\u00c9N\u00c9GAL","SOCIETE"],"inLanguage":"fr-FR","potentialAction":[{"@type":"CommentAction","name":"Comment","target":["https:\/\/www.public.sn\/index.php\/2022\/12\/08\/face-a-face-avec-adji-sarr-les-questions-genantes-del-hadji-diouf-a-ousmane-sonko\/#respond"]}]},{"@type":"WebPage","@id":"https:\/\/www.public.sn\/index.php\/2022\/12\/08\/face-a-face-avec-adji-sarr-les-questions-genantes-del-hadji-diouf-a-ousmane-sonko\/","url":"https:\/\/www.public.sn\/index.php\/2022\/12\/08\/face-a-face-avec-adji-sarr-les-questions-genantes-del-hadji-diouf-a-ousmane-sonko\/","name":"Face-\u00e0-face avec Adji Sarr\u00a0: les \u00a0questions g\u00eanantes d\u2019El hadji Diouf \u00e0\u00a0 Ousmane Sonko - LE PUBLIC","isPartOf":{"@id":"https:\/\/www.public.sn\/#website"},"primaryImageOfPage":{"@id":"https:\/\/www.public.sn\/index.php\/2022\/12\/08\/face-a-face-avec-adji-sarr-les-questions-genantes-del-hadji-diouf-a-ousmane-sonko\/#primaryimage"},"image":{"@id":"https:\/\/www.public.sn\/index.php\/2022\/12\/08\/face-a-face-avec-adji-sarr-les-questions-genantes-del-hadji-diouf-a-ousmane-sonko\/#primaryimage"},"thumbnailUrl":"https:\/\/www.public.sn\/wp-content\/uploads\/2022\/12\/13beaf3686d1a565c87402d7248d88e576a48132-1.jpg","datePublished":"2022-12-08T11:56:05+00:00","dateModified":"2022-12-08T11:56:07+00:00","breadcrumb":{"@id":"https:\/\/www.public.sn\/index.php\/2022\/12\/08\/face-a-face-avec-adji-sarr-les-questions-genantes-del-hadji-diouf-a-ousmane-sonko\/#breadcrumb"},"inLanguage":"fr-FR","potentialAction":[{"@type":"ReadAction","target":["https:\/\/www.public.sn\/index.php\/2022\/12\/08\/face-a-face-avec-adji-sarr-les-questions-genantes-del-hadji-diouf-a-ousmane-sonko\/"]}]},{"@type":"ImageObject","inLanguage":"fr-FR","@id":"https:\/\/www.public.sn\/index.php\/2022\/12\/08\/face-a-face-avec-adji-sarr-les-questions-genantes-del-hadji-diouf-a-ousmane-sonko\/#primaryimage","url":"https:\/\/www.public.sn\/wp-content\/uploads\/2022\/12\/13beaf3686d1a565c87402d7248d88e576a48132-1.jpg","contentUrl":"https:\/\/www.public.sn\/wp-content\/uploads\/2022\/12\/13beaf3686d1a565c87402d7248d88e576a48132-1.jpg","width":612,"height":298,"caption":"Face-\u00e0-face avec Adji Sarr : les questions g\u00eanantes d\u2019El hadji Diouf \u00e0 Ousmane Sonko"},{"@type":"BreadcrumbList","@id":"https:\/\/www.public.sn\/index.php\/2022\/12\/08\/face-a-face-avec-adji-sarr-les-questions-genantes-del-hadji-diouf-a-ousmane-sonko\/#breadcrumb","itemListElement":[{"@type":"ListItem","position":1,"name":"Accueil","item":"https:\/\/www.public.sn\/"},{"@type":"ListItem","position":2,"name":"Face-\u00e0-face avec Adji Sarr\u00a0: les \u00a0questions g\u00eanantes d\u2019El hadji Diouf \u00e0\u00a0 Ousmane Sonko"}]},{"@type":"WebSite","@id":"https:\/\/www.public.sn\/#website","url":"https:\/\/www.public.sn\/","name":"LE PUBLIC","description":"","publisher":{"@id":"https:\/\/www.public.sn\/#organization"},"potentialAction":[{"@type":"SearchAction","target":{"@type":"EntryPoint","urlTemplate":"https:\/\/www.public.sn\/?s={search_term_string}"},"query-input":{"@type":"PropertyValueSpecification","valueRequired":true,"valueName":"search_term_string"}}],"inLanguage":"fr-FR"},{"@type":"Organization","@id":"https:\/\/www.public.sn\/#organization","name":"LE PUBLIC","url":"https:\/\/www.public.sn\/","logo":{"@type":"ImageObject","inLanguage":"fr-FR","@id":"https:\/\/www.public.sn\/#\/schema\/logo\/image\/","url":"https:\/\/www.public.sn\/wp-content\/uploads\/2024\/05\/cropped-LOGO-PUBLIC.SN_.png","contentUrl":"https:\/\/www.public.sn\/wp-content\/uploads\/2024\/05\/cropped-LOGO-PUBLIC.SN_.png","width":682,"height":192,"caption":"LE PUBLIC"},"image":{"@id":"https:\/\/www.public.sn\/#\/schema\/logo\/image\/"}},{"@type":"Person","@id":"https:\/\/www.public.sn\/#\/schema\/person\/cb76c8e1b8becc6be61fb5e92d6d0224","name":"LA REDACTION","image":{"@type":"ImageObject","inLanguage":"fr-FR","@id":"https:\/\/www.public.sn\/#\/schema\/person\/image\/","url":"https:\/\/secure.gravatar.com\/avatar\/2dce5ddd34b8fef0180efe03aa2a9bee7d953856048f9a16b298190a3178407c?s=96&d=mm&r=g","contentUrl":"https:\/\/secure.gravatar.com\/avatar\/2dce5ddd34b8fef0180efe03aa2a9bee7d953856048f9a16b298190a3178407c?s=96&d=mm&r=g","caption":"LA REDACTION"},"url":"https:\/\/www.public.sn\/index.php\/author\/editeurpsn\/"}]}},"jetpack_featured_media_url":"https:\/\/www.public.sn\/wp-content\/uploads\/2022\/12\/13beaf3686d1a565c87402d7248d88e576a48132-1.jpg","jetpack_sharing_enabled":true,"_links":{"self":[{"href":"https:\/\/www.public.sn\/index.php\/wp-json\/wp\/v2\/posts\/11269","targetHints":{"allow":["GET"]}}],"collection":[{"href":"https:\/\/www.public.sn\/index.php\/wp-json\/wp\/v2\/posts"}],"about":[{"href":"https:\/\/www.public.sn\/index.php\/wp-json\/wp\/v2\/types\/post"}],"author":[{"embeddable":true,"href":"https:\/\/www.public.sn\/index.php\/wp-json\/wp\/v2\/users\/7"}],"replies":[{"embeddable":true,"href":"https:\/\/www.public.sn\/index.php\/wp-json\/wp\/v2\/comments?post=11269"}],"version-history":[{"count":1,"href":"https:\/\/www.public.sn\/index.php\/wp-json\/wp\/v2\/posts\/11269\/revisions"}],"predecessor-version":[{"id":11271,"href":"https:\/\/www.public.sn\/index.php\/wp-json\/wp\/v2\/posts\/11269\/revisions\/11271"}],"wp:featuredmedia":[{"embeddable":true,"href":"https:\/\/www.public.sn\/index.php\/wp-json\/wp\/v2\/media\/11270"}],"wp:attachment":[{"href":"https:\/\/www.public.sn\/index.php\/wp-json\/wp\/v2\/media?parent=11269"}],"wp:term":[{"taxonomy":"category","embeddable":true,"href":"https:\/\/www.public.sn\/index.php\/wp-json\/wp\/v2\/categories?post=11269"},{"taxonomy":"post_tag","embeddable":true,"href":"https:\/\/www.public.sn\/index.php\/wp-json\/wp\/v2\/tags?post=11269"}],"curies":[{"name":"wp","href":"https:\/\/api.w.org\/{rel}","templated":true}]}}