{"id":1127,"date":"2022-09-02T07:22:13","date_gmt":"2022-09-02T05:22:13","guid":{"rendered":"https:\/\/www.public.sn\/?p=1127"},"modified":"2022-09-02T07:23:51","modified_gmt":"2022-09-02T05:23:51","slug":"macky-sall-la-covid-ne-doit-pas-nous-empecher-de-progresser-nous-devons-apprendre-a-le-neutraliser","status":"publish","type":"post","link":"https:\/\/www.public.sn\/index.php\/2022\/09\/02\/macky-sall-la-covid-ne-doit-pas-nous-empecher-de-progresser-nous-devons-apprendre-a-le-neutraliser\/","title":{"rendered":"Macky SALL:\u00a0\u201cLe virus (Covid) ne doit pas nous emp\u00eacher de progresser. Nous devons apprendre \u00e0 le neutraliser\u201d."},"content":{"rendered":"\n<p><strong>Le S\u00e9n\u00e9gal accueille le Sommet Msgbc Oil, Gas &amp; Power du 1er au 02 septembre. Cette deuxi\u00e8me \u00e9dition sur l\u2019\u00e9nergie et le d\u00e9veloppement en Afrique de l\u2019Ouest entend dessiner l\u2019avenir de l\u2019\u00e9nergie africaine \u00e0 la lumi\u00e8re des derniers int\u00e9r\u00eats des investisseurs, d\u00e9couvertes, innovations et r\u00e9formes politiques.<\/strong><br>Cette \u00e9dition est organis\u00e9e par Energy Capital and Power (ECP), sous l&rsquo;\u00e9gide du Minist\u00e8re du P\u00e9trole et des \u00c9nergies et plac\u00e9e sous le patronage du Pr\u00e9sident Macky Sall.<\/p><div class=\"publi-paragraphe1\" style=\"margin-top: 10px;margin-bottom: 10px;margin-left: auto;margin-right: auto;text-align: center;\" id=\"publi-2394393470\"><div class=\"publi-adlabel\">Publicit\u00e9<\/div><script async src=\"\/\/pagead2.googlesyndication.com\/pagead\/js\/adsbygoogle.js?client=ca-pub-4089586018074219\" crossorigin=\"anonymous\"><\/script><ins class=\"adsbygoogle\" style=\"display:block;\" data-ad-client=\"ca-pub-4089586018074219\" \ndata-ad-slot=\"2087940154\" \ndata-ad-format=\"auto\"><\/ins>\n<script> \n(adsbygoogle = window.adsbygoogle || []).push({}); \n<\/script>\n<\/div>\n\n\n\n<div class=\"wp-block-media-text alignwide is-stacked-on-mobile\"><figure class=\"wp-block-media-text__media\"><video controls src=\"https:\/\/www.public.sn\/wp-content\/uploads\/2022\/09\/trim.B2401AA8-F490-4966-8B56-5C99A90A1E76.mov\"><\/video><\/figure><div class=\"wp-block-media-text__content\">\n<p><\/p>\n<\/div><\/div>\n<div class=\"publi-apres-le-contenu\" style=\"margin-top: 10px;margin-bottom: 10px;margin-left: auto;margin-right: auto;text-align: center;\" id=\"publi-1435606115\"><div class=\"publi-adlabel\">Publicit\u00e9<\/div><script async src=\"\/\/pagead2.googlesyndication.com\/pagead\/js\/adsbygoogle.js?client=ca-pub-4089586018074219\" crossorigin=\"anonymous\"><\/script><ins class=\"adsbygoogle\" style=\"display:block;\" data-ad-client=\"ca-pub-4089586018074219\" \ndata-ad-slot=\"2087940154\" \ndata-ad-format=\"auto\"><\/ins>\n<script> \n(adsbygoogle = window.adsbygoogle || []).push({}); \n<\/script>\n<\/div>","protected":false},"excerpt":{"rendered":"<p>Le S\u00e9n\u00e9gal accueille le Sommet Msgbc Oil, Gas &amp; Power du 1er au 02 septembre. Cette deuxi\u00e8me \u00e9dition sur l\u2019\u00e9nergie et le d\u00e9veloppement en Afrique de l\u2019Ouest entend dessiner l\u2019avenir de l\u2019\u00e9nergie africaine \u00e0 la lumi\u00e8re des derniers int\u00e9r\u00eats des investisseurs, d\u00e9couvertes, innovations et r\u00e9formes politiques.Cette \u00e9dition est organis\u00e9e par Energy Capital and Power (ECP), sous l&rsquo;\u00e9gide du Minist\u00e8re du P\u00e9trole et des \u00c9nergies et plac\u00e9e sous le patronage du Pr\u00e9sident Macky Sall.<\/p>\n","protected":false},"author":1,"featured_media":1130,"comment_status":"open","ping_status":"open","sticky":false,"template":"","format":"standard","meta":{"_jetpack_memberships_contains_paid_content":false,"footnotes":""},"categories":[375,8,6],"tags":[441,439,440,11,438],"class_list":["post-1127","post","type-post","status-publish","format-standard","has-post-thumbnail","hentry","category-actualites","category-public-tv","category-videos","tag-avenir","tag-cicad","tag-decouvertes","tag-macky-sall","tag-petrole-et-gaz","entry","has-media","owp-thumbs-layout-horizontal","owp-btn-normal","owp-tabs-layout-horizontal","has-no-thumbnails","has-product-nav"],"yoast_head":"<!-- This site is optimized with the Yoast SEO plugin v25.5 - https:\/\/yoast.com\/wordpress\/plugins\/seo\/ -->\n<title>Macky SALL:\u00a0\u201cLe virus (Covid) ne doit pas nous emp\u00eacher de progresser. Nous devons apprendre \u00e0 le neutraliser\u201d. - LE PUBLIC<\/title>\n<meta name=\"robots\" content=\"index, follow, max-snippet:-1, max-image-preview:large, max-video-preview:-1\" \/>\n<link rel=\"canonical\" href=\"https:\/\/www.public.sn\/index.php\/2022\/09\/02\/macky-sall-la-covid-ne-doit-pas-nous-empecher-de-progresser-nous-devons-apprendre-a-le-neutraliser\/\" \/>\n<meta property=\"og:locale\" content=\"fr_FR\" \/>\n<meta property=\"og:type\" content=\"article\" \/>\n<meta property=\"og:title\" content=\"Macky SALL:\u00a0\u201cLe virus (Covid) ne doit pas nous emp\u00eacher de progresser. Nous devons apprendre \u00e0 le neutraliser\u201d. - LE PUBLIC\" \/>\n<meta property=\"og:description\" content=\"Le S\u00e9n\u00e9gal accueille le Sommet Msgbc Oil, Gas &amp; Power du 1er au 02 septembre. Cette deuxi\u00e8me \u00e9dition sur l\u2019\u00e9nergie et le d\u00e9veloppement en Afrique de l\u2019Ouest entend dessiner l\u2019avenir de l\u2019\u00e9nergie africaine \u00e0 la lumi\u00e8re des derniers int\u00e9r\u00eats des investisseurs, d\u00e9couvertes, innovations et r\u00e9formes politiques.Cette \u00e9dition est organis\u00e9e par Energy Capital and Power (ECP), sous l&rsquo;\u00e9gide du Minist\u00e8re du P\u00e9trole et des \u00c9nergies et plac\u00e9e sous le patronage du Pr\u00e9sident Macky Sall.\" \/>\n<meta property=\"og:url\" content=\"https:\/\/www.public.sn\/index.php\/2022\/09\/02\/macky-sall-la-covid-ne-doit-pas-nous-empecher-de-progresser-nous-devons-apprendre-a-le-neutraliser\/\" \/>\n<meta property=\"og:site_name\" content=\"LE PUBLIC\" \/>\n<meta property=\"article:published_time\" content=\"2022-09-02T05:22:13+00:00\" \/>\n<meta property=\"article:modified_time\" content=\"2022-09-02T05:23:51+00:00\" \/>\n<meta property=\"og:image\" content=\"https:\/\/www.public.sn\/wp-content\/uploads\/2022\/09\/EC16583A-7EF6-4BEC-BC63-D91347DD0591.jpeg\" \/>\n\t<meta property=\"og:image:width\" content=\"1280\" \/>\n\t<meta property=\"og:image:height\" content=\"866\" \/>\n\t<meta property=\"og:image:type\" content=\"image\/jpeg\" \/>\n<meta name=\"author\" content=\"LA REDACTION\" \/>\n<meta name=\"twitter:card\" content=\"summary_large_image\" \/>\n<meta name=\"twitter:label1\" content=\"\u00c9crit par\" \/>\n\t<meta name=\"twitter:data1\" content=\"LA REDACTION\" \/>\n\t<meta name=\"twitter:label2\" content=\"Dur\u00e9e de lecture estim\u00e9e\" \/>\n\t<meta name=\"twitter:data2\" content=\"1 minute\" \/>\n<script type=\"application\/ld+json\" class=\"yoast-schema-graph\">{\"@context\":\"https:\/\/schema.org\",\"@graph\":[{\"@type\":\"Article\",\"@id\":\"https:\/\/www.public.sn\/index.php\/2022\/09\/02\/macky-sall-la-covid-ne-doit-pas-nous-empecher-de-progresser-nous-devons-apprendre-a-le-neutraliser\/#article\",\"isPartOf\":{\"@id\":\"https:\/\/www.public.sn\/index.php\/2022\/09\/02\/macky-sall-la-covid-ne-doit-pas-nous-empecher-de-progresser-nous-devons-apprendre-a-le-neutraliser\/\"},\"author\":{\"name\":\"LA REDACTION\",\"@id\":\"https:\/\/www.public.sn\/#\/schema\/person\/e3f4a11b037d4203902db148f9bc8d5a\"},\"headline\":\"Macky SALL:\u00a0\u201cLe virus (Covid) ne doit pas nous emp\u00eacher de progresser. Nous devons apprendre \u00e0 le neutraliser\u201d.\",\"datePublished\":\"2022-09-02T05:22:13+00:00\",\"dateModified\":\"2022-09-02T05:23:51+00:00\",\"mainEntityOfPage\":{\"@id\":\"https:\/\/www.public.sn\/index.php\/2022\/09\/02\/macky-sall-la-covid-ne-doit-pas-nous-empecher-de-progresser-nous-devons-apprendre-a-le-neutraliser\/\"},\"wordCount\":109,\"commentCount\":0,\"publisher\":{\"@id\":\"https:\/\/www.public.sn\/#organization\"},\"image\":{\"@id\":\"https:\/\/www.public.sn\/index.php\/2022\/09\/02\/macky-sall-la-covid-ne-doit-pas-nous-empecher-de-progresser-nous-devons-apprendre-a-le-neutraliser\/#primaryimage\"},\"thumbnailUrl\":\"https:\/\/www.public.sn\/wp-content\/uploads\/2022\/09\/EC16583A-7EF6-4BEC-BC63-D91347DD0591.jpeg\",\"keywords\":[\"Avenir\",\"Cicad\",\"D\u00e9couvertes\",\"Macky Sall\",\"P\u00e9trole et Gaz\"],\"articleSection\":[\"ACTUALIT\u00c9S\",\"PUBLIC TV\",\"VIDEOS\"],\"inLanguage\":\"fr-FR\",\"potentialAction\":[{\"@type\":\"CommentAction\",\"name\":\"Comment\",\"target\":[\"https:\/\/www.public.sn\/index.php\/2022\/09\/02\/macky-sall-la-covid-ne-doit-pas-nous-empecher-de-progresser-nous-devons-apprendre-a-le-neutraliser\/#respond\"]}]},{\"@type\":\"WebPage\",\"@id\":\"https:\/\/www.public.sn\/index.php\/2022\/09\/02\/macky-sall-la-covid-ne-doit-pas-nous-empecher-de-progresser-nous-devons-apprendre-a-le-neutraliser\/\",\"url\":\"https:\/\/www.public.sn\/index.php\/2022\/09\/02\/macky-sall-la-covid-ne-doit-pas-nous-empecher-de-progresser-nous-devons-apprendre-a-le-neutraliser\/\",\"name\":\"Macky SALL:\u00a0\u201cLe virus (Covid) ne doit pas nous emp\u00eacher de progresser. Nous devons apprendre \u00e0 le neutraliser\u201d. - LE PUBLIC\",\"isPartOf\":{\"@id\":\"https:\/\/www.public.sn\/#website\"},\"primaryImageOfPage\":{\"@id\":\"https:\/\/www.public.sn\/index.php\/2022\/09\/02\/macky-sall-la-covid-ne-doit-pas-nous-empecher-de-progresser-nous-devons-apprendre-a-le-neutraliser\/#primaryimage\"},\"image\":{\"@id\":\"https:\/\/www.public.sn\/index.php\/2022\/09\/02\/macky-sall-la-covid-ne-doit-pas-nous-empecher-de-progresser-nous-devons-apprendre-a-le-neutraliser\/#primaryimage\"},\"thumbnailUrl\":\"https:\/\/www.public.sn\/wp-content\/uploads\/2022\/09\/EC16583A-7EF6-4BEC-BC63-D91347DD0591.jpeg\",\"datePublished\":\"2022-09-02T05:22:13+00:00\",\"dateModified\":\"2022-09-02T05:23:51+00:00\",\"breadcrumb\":{\"@id\":\"https:\/\/www.public.sn\/index.php\/2022\/09\/02\/macky-sall-la-covid-ne-doit-pas-nous-empecher-de-progresser-nous-devons-apprendre-a-le-neutraliser\/#breadcrumb\"},\"inLanguage\":\"fr-FR\",\"potentialAction\":[{\"@type\":\"ReadAction\",\"target\":[\"https:\/\/www.public.sn\/index.php\/2022\/09\/02\/macky-sall-la-covid-ne-doit-pas-nous-empecher-de-progresser-nous-devons-apprendre-a-le-neutraliser\/\"]}]},{\"@type\":\"ImageObject\",\"inLanguage\":\"fr-FR\",\"@id\":\"https:\/\/www.public.sn\/index.php\/2022\/09\/02\/macky-sall-la-covid-ne-doit-pas-nous-empecher-de-progresser-nous-devons-apprendre-a-le-neutraliser\/#primaryimage\",\"url\":\"https:\/\/www.public.sn\/wp-content\/uploads\/2022\/09\/EC16583A-7EF6-4BEC-BC63-D91347DD0591.jpeg\",\"contentUrl\":\"https:\/\/www.public.sn\/wp-content\/uploads\/2022\/09\/EC16583A-7EF6-4BEC-BC63-D91347DD0591.jpeg\",\"width\":1280,\"height\":866},{\"@type\":\"BreadcrumbList\",\"@id\":\"https:\/\/www.public.sn\/index.php\/2022\/09\/02\/macky-sall-la-covid-ne-doit-pas-nous-empecher-de-progresser-nous-devons-apprendre-a-le-neutraliser\/#breadcrumb\",\"itemListElement\":[{\"@type\":\"ListItem\",\"position\":1,\"name\":\"Accueil\",\"item\":\"https:\/\/www.public.sn\/\"},{\"@type\":\"ListItem\",\"position\":2,\"name\":\"Macky SALL:\u00a0\u201cLe virus (Covid) ne doit pas nous emp\u00eacher de progresser. Nous devons apprendre \u00e0 le neutraliser\u201d.\"}]},{\"@type\":\"WebSite\",\"@id\":\"https:\/\/www.public.sn\/#website\",\"url\":\"https:\/\/www.public.sn\/\",\"name\":\"LE PUBLIC\",\"description\":\"\",\"publisher\":{\"@id\":\"https:\/\/www.public.sn\/#organization\"},\"potentialAction\":[{\"@type\":\"SearchAction\",\"target\":{\"@type\":\"EntryPoint\",\"urlTemplate\":\"https:\/\/www.public.sn\/?s={search_term_string}\"},\"query-input\":{\"@type\":\"PropertyValueSpecification\",\"valueRequired\":true,\"valueName\":\"search_term_string\"}}],\"inLanguage\":\"fr-FR\"},{\"@type\":\"Organization\",\"@id\":\"https:\/\/www.public.sn\/#organization\",\"name\":\"LE PUBLIC\",\"url\":\"https:\/\/www.public.sn\/\",\"logo\":{\"@type\":\"ImageObject\",\"inLanguage\":\"fr-FR\",\"@id\":\"https:\/\/www.public.sn\/#\/schema\/logo\/image\/\",\"url\":\"https:\/\/www.public.sn\/wp-content\/uploads\/2024\/05\/cropped-LOGO-PUBLIC.SN_.png\",\"contentUrl\":\"https:\/\/www.public.sn\/wp-content\/uploads\/2024\/05\/cropped-LOGO-PUBLIC.SN_.png\",\"width\":682,\"height\":192,\"caption\":\"LE PUBLIC\"},\"image\":{\"@id\":\"https:\/\/www.public.sn\/#\/schema\/logo\/image\/\"}},{\"@type\":\"Person\",\"@id\":\"https:\/\/www.public.sn\/#\/schema\/person\/e3f4a11b037d4203902db148f9bc8d5a\",\"name\":\"LA REDACTION\",\"image\":{\"@type\":\"ImageObject\",\"inLanguage\":\"fr-FR\",\"@id\":\"https:\/\/www.public.sn\/#\/schema\/person\/image\/\",\"url\":\"https:\/\/secure.gravatar.com\/avatar\/d6c030db45db2883c075085c5d6c6258654a801a93766b49af0b82d4f454e2a5?s=96&d=mm&r=g\",\"contentUrl\":\"https:\/\/secure.gravatar.com\/avatar\/d6c030db45db2883c075085c5d6c6258654a801a93766b49af0b82d4f454e2a5?s=96&d=mm&r=g\",\"caption\":\"LA REDACTION\"},\"sameAs\":[\"http:\/\/www.public.sn\"],\"url\":\"https:\/\/www.public.sn\/index.php\/author\/admin7324\/\"}]}<\/script>\n<!-- \/ Yoast SEO plugin. -->","yoast_head_json":{"title":"Macky SALL:\u00a0\u201cLe virus (Covid) ne doit pas nous emp\u00eacher de progresser. Nous devons apprendre \u00e0 le neutraliser\u201d. - LE PUBLIC","robots":{"index":"index","follow":"follow","max-snippet":"max-snippet:-1","max-image-preview":"max-image-preview:large","max-video-preview":"max-video-preview:-1"},"canonical":"https:\/\/www.public.sn\/index.php\/2022\/09\/02\/macky-sall-la-covid-ne-doit-pas-nous-empecher-de-progresser-nous-devons-apprendre-a-le-neutraliser\/","og_locale":"fr_FR","og_type":"article","og_title":"Macky SALL:\u00a0\u201cLe virus (Covid) ne doit pas nous emp\u00eacher de progresser. Nous devons apprendre \u00e0 le neutraliser\u201d. - LE PUBLIC","og_description":"Le S\u00e9n\u00e9gal accueille le Sommet Msgbc Oil, Gas &amp; Power du 1er au 02 septembre. Cette deuxi\u00e8me \u00e9dition sur l\u2019\u00e9nergie et le d\u00e9veloppement en Afrique de l\u2019Ouest entend dessiner l\u2019avenir de l\u2019\u00e9nergie africaine \u00e0 la lumi\u00e8re des derniers int\u00e9r\u00eats des investisseurs, d\u00e9couvertes, innovations et r\u00e9formes politiques.Cette \u00e9dition est organis\u00e9e par Energy Capital and Power (ECP), sous l&rsquo;\u00e9gide du Minist\u00e8re du P\u00e9trole et des \u00c9nergies et plac\u00e9e sous le patronage du Pr\u00e9sident Macky Sall.","og_url":"https:\/\/www.public.sn\/index.php\/2022\/09\/02\/macky-sall-la-covid-ne-doit-pas-nous-empecher-de-progresser-nous-devons-apprendre-a-le-neutraliser\/","og_site_name":"LE PUBLIC","article_published_time":"2022-09-02T05:22:13+00:00","article_modified_time":"2022-09-02T05:23:51+00:00","og_image":[{"width":1280,"height":866,"url":"https:\/\/www.public.sn\/wp-content\/uploads\/2022\/09\/EC16583A-7EF6-4BEC-BC63-D91347DD0591.jpeg","type":"image\/jpeg"}],"author":"LA REDACTION","twitter_card":"summary_large_image","twitter_misc":{"\u00c9crit par":"LA REDACTION","Dur\u00e9e de lecture estim\u00e9e":"1 minute"},"schema":{"@context":"https:\/\/schema.org","@graph":[{"@type":"Article","@id":"https:\/\/www.public.sn\/index.php\/2022\/09\/02\/macky-sall-la-covid-ne-doit-pas-nous-empecher-de-progresser-nous-devons-apprendre-a-le-neutraliser\/#article","isPartOf":{"@id":"https:\/\/www.public.sn\/index.php\/2022\/09\/02\/macky-sall-la-covid-ne-doit-pas-nous-empecher-de-progresser-nous-devons-apprendre-a-le-neutraliser\/"},"author":{"name":"LA REDACTION","@id":"https:\/\/www.public.sn\/#\/schema\/person\/e3f4a11b037d4203902db148f9bc8d5a"},"headline":"Macky SALL:\u00a0\u201cLe virus (Covid) ne doit pas nous emp\u00eacher de progresser. Nous devons apprendre \u00e0 le neutraliser\u201d.","datePublished":"2022-09-02T05:22:13+00:00","dateModified":"2022-09-02T05:23:51+00:00","mainEntityOfPage":{"@id":"https:\/\/www.public.sn\/index.php\/2022\/09\/02\/macky-sall-la-covid-ne-doit-pas-nous-empecher-de-progresser-nous-devons-apprendre-a-le-neutraliser\/"},"wordCount":109,"commentCount":0,"publisher":{"@id":"https:\/\/www.public.sn\/#organization"},"image":{"@id":"https:\/\/www.public.sn\/index.php\/2022\/09\/02\/macky-sall-la-covid-ne-doit-pas-nous-empecher-de-progresser-nous-devons-apprendre-a-le-neutraliser\/#primaryimage"},"thumbnailUrl":"https:\/\/www.public.sn\/wp-content\/uploads\/2022\/09\/EC16583A-7EF6-4BEC-BC63-D91347DD0591.jpeg","keywords":["Avenir","Cicad","D\u00e9couvertes","Macky Sall","P\u00e9trole et Gaz"],"articleSection":["ACTUALIT\u00c9S","PUBLIC TV","VIDEOS"],"inLanguage":"fr-FR","potentialAction":[{"@type":"CommentAction","name":"Comment","target":["https:\/\/www.public.sn\/index.php\/2022\/09\/02\/macky-sall-la-covid-ne-doit-pas-nous-empecher-de-progresser-nous-devons-apprendre-a-le-neutraliser\/#respond"]}]},{"@type":"WebPage","@id":"https:\/\/www.public.sn\/index.php\/2022\/09\/02\/macky-sall-la-covid-ne-doit-pas-nous-empecher-de-progresser-nous-devons-apprendre-a-le-neutraliser\/","url":"https:\/\/www.public.sn\/index.php\/2022\/09\/02\/macky-sall-la-covid-ne-doit-pas-nous-empecher-de-progresser-nous-devons-apprendre-a-le-neutraliser\/","name":"Macky SALL:\u00a0\u201cLe virus (Covid) ne doit pas nous emp\u00eacher de progresser. Nous devons apprendre \u00e0 le neutraliser\u201d. - LE PUBLIC","isPartOf":{"@id":"https:\/\/www.public.sn\/#website"},"primaryImageOfPage":{"@id":"https:\/\/www.public.sn\/index.php\/2022\/09\/02\/macky-sall-la-covid-ne-doit-pas-nous-empecher-de-progresser-nous-devons-apprendre-a-le-neutraliser\/#primaryimage"},"image":{"@id":"https:\/\/www.public.sn\/index.php\/2022\/09\/02\/macky-sall-la-covid-ne-doit-pas-nous-empecher-de-progresser-nous-devons-apprendre-a-le-neutraliser\/#primaryimage"},"thumbnailUrl":"https:\/\/www.public.sn\/wp-content\/uploads\/2022\/09\/EC16583A-7EF6-4BEC-BC63-D91347DD0591.jpeg","datePublished":"2022-09-02T05:22:13+00:00","dateModified":"2022-09-02T05:23:51+00:00","breadcrumb":{"@id":"https:\/\/www.public.sn\/index.php\/2022\/09\/02\/macky-sall-la-covid-ne-doit-pas-nous-empecher-de-progresser-nous-devons-apprendre-a-le-neutraliser\/#breadcrumb"},"inLanguage":"fr-FR","potentialAction":[{"@type":"ReadAction","target":["https:\/\/www.public.sn\/index.php\/2022\/09\/02\/macky-sall-la-covid-ne-doit-pas-nous-empecher-de-progresser-nous-devons-apprendre-a-le-neutraliser\/"]}]},{"@type":"ImageObject","inLanguage":"fr-FR","@id":"https:\/\/www.public.sn\/index.php\/2022\/09\/02\/macky-sall-la-covid-ne-doit-pas-nous-empecher-de-progresser-nous-devons-apprendre-a-le-neutraliser\/#primaryimage","url":"https:\/\/www.public.sn\/wp-content\/uploads\/2022\/09\/EC16583A-7EF6-4BEC-BC63-D91347DD0591.jpeg","contentUrl":"https:\/\/www.public.sn\/wp-content\/uploads\/2022\/09\/EC16583A-7EF6-4BEC-BC63-D91347DD0591.jpeg","width":1280,"height":866},{"@type":"BreadcrumbList","@id":"https:\/\/www.public.sn\/index.php\/2022\/09\/02\/macky-sall-la-covid-ne-doit-pas-nous-empecher-de-progresser-nous-devons-apprendre-a-le-neutraliser\/#breadcrumb","itemListElement":[{"@type":"ListItem","position":1,"name":"Accueil","item":"https:\/\/www.public.sn\/"},{"@type":"ListItem","position":2,"name":"Macky SALL:\u00a0\u201cLe virus (Covid) ne doit pas nous emp\u00eacher de progresser. Nous devons apprendre \u00e0 le neutraliser\u201d."}]},{"@type":"WebSite","@id":"https:\/\/www.public.sn\/#website","url":"https:\/\/www.public.sn\/","name":"LE PUBLIC","description":"","publisher":{"@id":"https:\/\/www.public.sn\/#organization"},"potentialAction":[{"@type":"SearchAction","target":{"@type":"EntryPoint","urlTemplate":"https:\/\/www.public.sn\/?s={search_term_string}"},"query-input":{"@type":"PropertyValueSpecification","valueRequired":true,"valueName":"search_term_string"}}],"inLanguage":"fr-FR"},{"@type":"Organization","@id":"https:\/\/www.public.sn\/#organization","name":"LE PUBLIC","url":"https:\/\/www.public.sn\/","logo":{"@type":"ImageObject","inLanguage":"fr-FR","@id":"https:\/\/www.public.sn\/#\/schema\/logo\/image\/","url":"https:\/\/www.public.sn\/wp-content\/uploads\/2024\/05\/cropped-LOGO-PUBLIC.SN_.png","contentUrl":"https:\/\/www.public.sn\/wp-content\/uploads\/2024\/05\/cropped-LOGO-PUBLIC.SN_.png","width":682,"height":192,"caption":"LE PUBLIC"},"image":{"@id":"https:\/\/www.public.sn\/#\/schema\/logo\/image\/"}},{"@type":"Person","@id":"https:\/\/www.public.sn\/#\/schema\/person\/e3f4a11b037d4203902db148f9bc8d5a","name":"LA REDACTION","image":{"@type":"ImageObject","inLanguage":"fr-FR","@id":"https:\/\/www.public.sn\/#\/schema\/person\/image\/","url":"https:\/\/secure.gravatar.com\/avatar\/d6c030db45db2883c075085c5d6c6258654a801a93766b49af0b82d4f454e2a5?s=96&d=mm&r=g","contentUrl":"https:\/\/secure.gravatar.com\/avatar\/d6c030db45db2883c075085c5d6c6258654a801a93766b49af0b82d4f454e2a5?s=96&d=mm&r=g","caption":"LA REDACTION"},"sameAs":["http:\/\/www.public.sn"],"url":"https:\/\/www.public.sn\/index.php\/author\/admin7324\/"}]}},"jetpack_featured_media_url":"https:\/\/www.public.sn\/wp-content\/uploads\/2022\/09\/EC16583A-7EF6-4BEC-BC63-D91347DD0591.jpeg","jetpack_sharing_enabled":true,"_links":{"self":[{"href":"https:\/\/www.public.sn\/index.php\/wp-json\/wp\/v2\/posts\/1127","targetHints":{"allow":["GET"]}}],"collection":[{"href":"https:\/\/www.public.sn\/index.php\/wp-json\/wp\/v2\/posts"}],"about":[{"href":"https:\/\/www.public.sn\/index.php\/wp-json\/wp\/v2\/types\/post"}],"author":[{"embeddable":true,"href":"https:\/\/www.public.sn\/index.php\/wp-json\/wp\/v2\/users\/1"}],"replies":[{"embeddable":true,"href":"https:\/\/www.public.sn\/index.php\/wp-json\/wp\/v2\/comments?post=1127"}],"version-history":[{"count":2,"href":"https:\/\/www.public.sn\/index.php\/wp-json\/wp\/v2\/posts\/1127\/revisions"}],"predecessor-version":[{"id":1132,"href":"https:\/\/www.public.sn\/index.php\/wp-json\/wp\/v2\/posts\/1127\/revisions\/1132"}],"wp:featuredmedia":[{"embeddable":true,"href":"https:\/\/www.public.sn\/index.php\/wp-json\/wp\/v2\/media\/1130"}],"wp:attachment":[{"href":"https:\/\/www.public.sn\/index.php\/wp-json\/wp\/v2\/media?parent=1127"}],"wp:term":[{"taxonomy":"category","embeddable":true,"href":"https:\/\/www.public.sn\/index.php\/wp-json\/wp\/v2\/categories?post=1127"},{"taxonomy":"post_tag","embeddable":true,"href":"https:\/\/www.public.sn\/index.php\/wp-json\/wp\/v2\/tags?post=1127"}],"curies":[{"name":"wp","href":"https:\/\/api.w.org\/{rel}","templated":true}]}}