{"id":11287,"date":"2022-12-08T13:52:44","date_gmt":"2022-12-08T13:52:44","guid":{"rendered":"https:\/\/www.public.sn\/?p=11287"},"modified":"2022-12-08T13:52:47","modified_gmt":"2022-12-08T13:52:47","slug":"rebaptisation-des-rues-de-ziguinchor-la-decision-de-la-cour-supreme-est-tombee","status":"publish","type":"post","link":"https:\/\/www.public.sn\/index.php\/2022\/12\/08\/rebaptisation-des-rues-de-ziguinchor-la-decision-de-la-cour-supreme-est-tombee\/","title":{"rendered":"Rebaptisation des rues de Ziguinchor: La decision de la Cour supr\u00eame est tomb\u00e9e\u00a0!"},"content":{"rendered":"\n<p>Le pr\u00e9fet de Ziguinchor qui avait train\u00e9 le maire Ousmane Sonko devant la Chambre administrative de la Cour supr\u00eame obtient gain de cause. En effet, l\u2019autorit\u00e9 judiciaire, dans sa d\u00e9cision rendue ce jeudi, a annul\u00e9 les d\u00e9cisions prises par le Conseil municipal, concernant le changement de nom des rues de la ville.<\/p><div class=\"publi-paragraphe1\" style=\"margin-top: 10px;margin-bottom: 10px;margin-left: auto;margin-right: auto;text-align: center;\" id=\"publi-34308091\"><div class=\"publi-adlabel\">Publicit\u00e9<\/div><script async src=\"\/\/pagead2.googlesyndication.com\/pagead\/js\/adsbygoogle.js?client=ca-pub-4089586018074219\" crossorigin=\"anonymous\"><\/script><ins class=\"adsbygoogle\" style=\"display:block;\" data-ad-client=\"ca-pub-4089586018074219\" \ndata-ad-slot=\"2087940154\" \ndata-ad-format=\"auto\"><\/ins>\n<script> \n(adsbygoogle = window.adsbygoogle || []).push({}); \n<\/script>\n<\/div>\n\n\n\n<p>Dans cette affaire le pr\u00e9fet avait demand\u00e9 \u00e0 la Cour supr\u00eame de rappeler \u00e0 l\u2019ordre le leader des Patriotes pour avoir rebaptis\u00e9 des rues de Ziguinchor sans son aval aussi pour avoir viol\u00e9 la norme dans la mise en place de l\u2019organigramme de la mairie.<\/p>\n\n\n\n<p>Modou Diouf<\/p>\n<div class=\"publi-apres-le-contenu\" style=\"margin-top: 10px;margin-bottom: 10px;margin-left: auto;margin-right: auto;text-align: center;\" id=\"publi-1634857097\"><div class=\"publi-adlabel\">Publicit\u00e9<\/div><script async src=\"\/\/pagead2.googlesyndication.com\/pagead\/js\/adsbygoogle.js?client=ca-pub-4089586018074219\" crossorigin=\"anonymous\"><\/script><ins class=\"adsbygoogle\" style=\"display:block;\" data-ad-client=\"ca-pub-4089586018074219\" \ndata-ad-slot=\"2087940154\" \ndata-ad-format=\"auto\"><\/ins>\n<script> \n(adsbygoogle = window.adsbygoogle || []).push({}); \n<\/script>\n<\/div>","protected":false},"excerpt":{"rendered":"<p>Le pr\u00e9fet de Ziguinchor qui avait train\u00e9 le maire Ousmane Sonko devant la Chambre administrative de la Cour supr\u00eame obtient gain de cause. En effet, l\u2019autorit\u00e9 judiciaire, dans sa d\u00e9cision rendue ce jeudi, a annul\u00e9 les d\u00e9cisions prises par le Conseil municipal, concernant le changement de nom des rues de la ville. Dans cette affaire le pr\u00e9fet avait demand\u00e9 \u00e0 la Cour supr\u00eame de rappeler \u00e0 l\u2019ordre le leader des Patriotes pour avoir rebaptis\u00e9 des rues de Ziguinchor sans son aval aussi pour avoir viol\u00e9 la norme dans la mise en place de l\u2019organigramme de la mairie. Modou Diouf<\/p>\n","protected":false},"author":7,"featured_media":11288,"comment_status":"open","ping_status":"open","sticky":false,"template":"","format":"standard","meta":{"_jetpack_memberships_contains_paid_content":false,"footnotes":""},"categories":[375,1,4],"tags":[2718,3288,3710,3711,196],"class_list":["post-11287","post","type-post","status-publish","format-standard","has-post-thumbnail","hentry","category-actualites","category-non-classe","category-societe","tag-cour-supreme","tag-decision","tag-rebaptisation-des-rues","tag-tombee","tag-ziguinchor","entry","has-media","owp-thumbs-layout-horizontal","owp-btn-normal","owp-tabs-layout-horizontal","has-no-thumbnails","has-product-nav"],"yoast_head":"<!-- This site is optimized with the Yoast SEO plugin v25.5 - https:\/\/yoast.com\/wordpress\/plugins\/seo\/ -->\n<title>Rebaptisation des rues de Ziguinchor: La decision de la Cour supr\u00eame est tomb\u00e9e\u00a0! - LE PUBLIC<\/title>\n<meta name=\"robots\" content=\"index, follow, max-snippet:-1, max-image-preview:large, max-video-preview:-1\" \/>\n<link rel=\"canonical\" href=\"https:\/\/www.public.sn\/index.php\/2022\/12\/08\/rebaptisation-des-rues-de-ziguinchor-la-decision-de-la-cour-supreme-est-tombee\/\" \/>\n<meta property=\"og:locale\" content=\"fr_FR\" \/>\n<meta property=\"og:type\" content=\"article\" \/>\n<meta property=\"og:title\" content=\"Rebaptisation des rues de Ziguinchor: La decision de la Cour supr\u00eame est tomb\u00e9e\u00a0! - LE PUBLIC\" \/>\n<meta property=\"og:description\" content=\"Le pr\u00e9fet de Ziguinchor qui avait train\u00e9 le maire Ousmane Sonko devant la Chambre administrative de la Cour supr\u00eame obtient gain de cause. En effet, l\u2019autorit\u00e9 judiciaire, dans sa d\u00e9cision rendue ce jeudi, a annul\u00e9 les d\u00e9cisions prises par le Conseil municipal, concernant le changement de nom des rues de la ville. Dans cette affaire le pr\u00e9fet avait demand\u00e9 \u00e0 la Cour supr\u00eame de rappeler \u00e0 l\u2019ordre le leader des Patriotes pour avoir rebaptis\u00e9 des rues de Ziguinchor sans son aval aussi pour avoir viol\u00e9 la norme dans la mise en place de l\u2019organigramme de la mairie. Modou Diouf\" \/>\n<meta property=\"og:url\" content=\"https:\/\/www.public.sn\/index.php\/2022\/12\/08\/rebaptisation-des-rues-de-ziguinchor-la-decision-de-la-cour-supreme-est-tombee\/\" \/>\n<meta property=\"og:site_name\" content=\"LE PUBLIC\" \/>\n<meta property=\"article:published_time\" content=\"2022-12-08T13:52:44+00:00\" \/>\n<meta property=\"article:modified_time\" content=\"2022-12-08T13:52:47+00:00\" \/>\n<meta property=\"og:image\" content=\"https:\/\/www.public.sn\/wp-content\/uploads\/2022\/12\/Sonko-rues-de-696x533-1.jpg\" \/>\n\t<meta property=\"og:image:width\" content=\"696\" \/>\n\t<meta property=\"og:image:height\" content=\"533\" \/>\n\t<meta property=\"og:image:type\" content=\"image\/jpeg\" \/>\n<meta name=\"author\" content=\"LA REDACTION\" \/>\n<meta name=\"twitter:card\" content=\"summary_large_image\" \/>\n<meta name=\"twitter:label1\" content=\"\u00c9crit par\" \/>\n\t<meta name=\"twitter:data1\" content=\"LA REDACTION\" \/>\n\t<meta name=\"twitter:label2\" content=\"Dur\u00e9e de lecture estim\u00e9e\" \/>\n\t<meta name=\"twitter:data2\" content=\"1 minute\" \/>\n<script type=\"application\/ld+json\" class=\"yoast-schema-graph\">{\"@context\":\"https:\/\/schema.org\",\"@graph\":[{\"@type\":\"Article\",\"@id\":\"https:\/\/www.public.sn\/index.php\/2022\/12\/08\/rebaptisation-des-rues-de-ziguinchor-la-decision-de-la-cour-supreme-est-tombee\/#article\",\"isPartOf\":{\"@id\":\"https:\/\/www.public.sn\/index.php\/2022\/12\/08\/rebaptisation-des-rues-de-ziguinchor-la-decision-de-la-cour-supreme-est-tombee\/\"},\"author\":{\"name\":\"LA REDACTION\",\"@id\":\"https:\/\/www.public.sn\/#\/schema\/person\/cb76c8e1b8becc6be61fb5e92d6d0224\"},\"headline\":\"Rebaptisation des rues de Ziguinchor: La decision de la Cour supr\u00eame est tomb\u00e9e\u00a0!\",\"datePublished\":\"2022-12-08T13:52:44+00:00\",\"dateModified\":\"2022-12-08T13:52:47+00:00\",\"mainEntityOfPage\":{\"@id\":\"https:\/\/www.public.sn\/index.php\/2022\/12\/08\/rebaptisation-des-rues-de-ziguinchor-la-decision-de-la-cour-supreme-est-tombee\/\"},\"wordCount\":121,\"commentCount\":1,\"publisher\":{\"@id\":\"https:\/\/www.public.sn\/#organization\"},\"image\":{\"@id\":\"https:\/\/www.public.sn\/index.php\/2022\/12\/08\/rebaptisation-des-rues-de-ziguinchor-la-decision-de-la-cour-supreme-est-tombee\/#primaryimage\"},\"thumbnailUrl\":\"https:\/\/www.public.sn\/wp-content\/uploads\/2022\/12\/Sonko-rues-de-696x533-1.jpg\",\"keywords\":[\"cour supreme\",\"decision\",\"rebaptisation des rues\",\"tomb\u00e9e\",\"Ziguinchor\"],\"articleSection\":[\"ACTUALIT\u00c9S\",\"S\u00c9N\u00c9GAL\",\"SOCIETE\"],\"inLanguage\":\"fr-FR\",\"potentialAction\":[{\"@type\":\"CommentAction\",\"name\":\"Comment\",\"target\":[\"https:\/\/www.public.sn\/index.php\/2022\/12\/08\/rebaptisation-des-rues-de-ziguinchor-la-decision-de-la-cour-supreme-est-tombee\/#respond\"]}]},{\"@type\":\"WebPage\",\"@id\":\"https:\/\/www.public.sn\/index.php\/2022\/12\/08\/rebaptisation-des-rues-de-ziguinchor-la-decision-de-la-cour-supreme-est-tombee\/\",\"url\":\"https:\/\/www.public.sn\/index.php\/2022\/12\/08\/rebaptisation-des-rues-de-ziguinchor-la-decision-de-la-cour-supreme-est-tombee\/\",\"name\":\"Rebaptisation des rues de Ziguinchor: La decision de la Cour supr\u00eame est tomb\u00e9e\u00a0! - LE PUBLIC\",\"isPartOf\":{\"@id\":\"https:\/\/www.public.sn\/#website\"},\"primaryImageOfPage\":{\"@id\":\"https:\/\/www.public.sn\/index.php\/2022\/12\/08\/rebaptisation-des-rues-de-ziguinchor-la-decision-de-la-cour-supreme-est-tombee\/#primaryimage\"},\"image\":{\"@id\":\"https:\/\/www.public.sn\/index.php\/2022\/12\/08\/rebaptisation-des-rues-de-ziguinchor-la-decision-de-la-cour-supreme-est-tombee\/#primaryimage\"},\"thumbnailUrl\":\"https:\/\/www.public.sn\/wp-content\/uploads\/2022\/12\/Sonko-rues-de-696x533-1.jpg\",\"datePublished\":\"2022-12-08T13:52:44+00:00\",\"dateModified\":\"2022-12-08T13:52:47+00:00\",\"breadcrumb\":{\"@id\":\"https:\/\/www.public.sn\/index.php\/2022\/12\/08\/rebaptisation-des-rues-de-ziguinchor-la-decision-de-la-cour-supreme-est-tombee\/#breadcrumb\"},\"inLanguage\":\"fr-FR\",\"potentialAction\":[{\"@type\":\"ReadAction\",\"target\":[\"https:\/\/www.public.sn\/index.php\/2022\/12\/08\/rebaptisation-des-rues-de-ziguinchor-la-decision-de-la-cour-supreme-est-tombee\/\"]}]},{\"@type\":\"ImageObject\",\"inLanguage\":\"fr-FR\",\"@id\":\"https:\/\/www.public.sn\/index.php\/2022\/12\/08\/rebaptisation-des-rues-de-ziguinchor-la-decision-de-la-cour-supreme-est-tombee\/#primaryimage\",\"url\":\"https:\/\/www.public.sn\/wp-content\/uploads\/2022\/12\/Sonko-rues-de-696x533-1.jpg\",\"contentUrl\":\"https:\/\/www.public.sn\/wp-content\/uploads\/2022\/12\/Sonko-rues-de-696x533-1.jpg\",\"width\":696,\"height\":533,\"caption\":\"la cour supr\u00eame contre le maire de Ziguinchor: une refus qui suscite beaucoup d'interrogations\"},{\"@type\":\"BreadcrumbList\",\"@id\":\"https:\/\/www.public.sn\/index.php\/2022\/12\/08\/rebaptisation-des-rues-de-ziguinchor-la-decision-de-la-cour-supreme-est-tombee\/#breadcrumb\",\"itemListElement\":[{\"@type\":\"ListItem\",\"position\":1,\"name\":\"Accueil\",\"item\":\"https:\/\/www.public.sn\/\"},{\"@type\":\"ListItem\",\"position\":2,\"name\":\"Rebaptisation des rues de Ziguinchor: La decision de la Cour supr\u00eame est tomb\u00e9e\u00a0!\"}]},{\"@type\":\"WebSite\",\"@id\":\"https:\/\/www.public.sn\/#website\",\"url\":\"https:\/\/www.public.sn\/\",\"name\":\"LE PUBLIC\",\"description\":\"\",\"publisher\":{\"@id\":\"https:\/\/www.public.sn\/#organization\"},\"potentialAction\":[{\"@type\":\"SearchAction\",\"target\":{\"@type\":\"EntryPoint\",\"urlTemplate\":\"https:\/\/www.public.sn\/?s={search_term_string}\"},\"query-input\":{\"@type\":\"PropertyValueSpecification\",\"valueRequired\":true,\"valueName\":\"search_term_string\"}}],\"inLanguage\":\"fr-FR\"},{\"@type\":\"Organization\",\"@id\":\"https:\/\/www.public.sn\/#organization\",\"name\":\"LE PUBLIC\",\"url\":\"https:\/\/www.public.sn\/\",\"logo\":{\"@type\":\"ImageObject\",\"inLanguage\":\"fr-FR\",\"@id\":\"https:\/\/www.public.sn\/#\/schema\/logo\/image\/\",\"url\":\"https:\/\/www.public.sn\/wp-content\/uploads\/2024\/05\/cropped-LOGO-PUBLIC.SN_.png\",\"contentUrl\":\"https:\/\/www.public.sn\/wp-content\/uploads\/2024\/05\/cropped-LOGO-PUBLIC.SN_.png\",\"width\":682,\"height\":192,\"caption\":\"LE PUBLIC\"},\"image\":{\"@id\":\"https:\/\/www.public.sn\/#\/schema\/logo\/image\/\"}},{\"@type\":\"Person\",\"@id\":\"https:\/\/www.public.sn\/#\/schema\/person\/cb76c8e1b8becc6be61fb5e92d6d0224\",\"name\":\"LA REDACTION\",\"image\":{\"@type\":\"ImageObject\",\"inLanguage\":\"fr-FR\",\"@id\":\"https:\/\/www.public.sn\/#\/schema\/person\/image\/\",\"url\":\"https:\/\/secure.gravatar.com\/avatar\/2dce5ddd34b8fef0180efe03aa2a9bee7d953856048f9a16b298190a3178407c?s=96&d=mm&r=g\",\"contentUrl\":\"https:\/\/secure.gravatar.com\/avatar\/2dce5ddd34b8fef0180efe03aa2a9bee7d953856048f9a16b298190a3178407c?s=96&d=mm&r=g\",\"caption\":\"LA REDACTION\"},\"url\":\"https:\/\/www.public.sn\/index.php\/author\/editeurpsn\/\"}]}<\/script>\n<!-- \/ Yoast SEO plugin. -->","yoast_head_json":{"title":"Rebaptisation des rues de Ziguinchor: La decision de la Cour supr\u00eame est tomb\u00e9e\u00a0! - LE PUBLIC","robots":{"index":"index","follow":"follow","max-snippet":"max-snippet:-1","max-image-preview":"max-image-preview:large","max-video-preview":"max-video-preview:-1"},"canonical":"https:\/\/www.public.sn\/index.php\/2022\/12\/08\/rebaptisation-des-rues-de-ziguinchor-la-decision-de-la-cour-supreme-est-tombee\/","og_locale":"fr_FR","og_type":"article","og_title":"Rebaptisation des rues de Ziguinchor: La decision de la Cour supr\u00eame est tomb\u00e9e\u00a0! - LE PUBLIC","og_description":"Le pr\u00e9fet de Ziguinchor qui avait train\u00e9 le maire Ousmane Sonko devant la Chambre administrative de la Cour supr\u00eame obtient gain de cause. En effet, l\u2019autorit\u00e9 judiciaire, dans sa d\u00e9cision rendue ce jeudi, a annul\u00e9 les d\u00e9cisions prises par le Conseil municipal, concernant le changement de nom des rues de la ville. Dans cette affaire le pr\u00e9fet avait demand\u00e9 \u00e0 la Cour supr\u00eame de rappeler \u00e0 l\u2019ordre le leader des Patriotes pour avoir rebaptis\u00e9 des rues de Ziguinchor sans son aval aussi pour avoir viol\u00e9 la norme dans la mise en place de l\u2019organigramme de la mairie. Modou Diouf","og_url":"https:\/\/www.public.sn\/index.php\/2022\/12\/08\/rebaptisation-des-rues-de-ziguinchor-la-decision-de-la-cour-supreme-est-tombee\/","og_site_name":"LE PUBLIC","article_published_time":"2022-12-08T13:52:44+00:00","article_modified_time":"2022-12-08T13:52:47+00:00","og_image":[{"width":696,"height":533,"url":"https:\/\/www.public.sn\/wp-content\/uploads\/2022\/12\/Sonko-rues-de-696x533-1.jpg","type":"image\/jpeg"}],"author":"LA REDACTION","twitter_card":"summary_large_image","twitter_misc":{"\u00c9crit par":"LA REDACTION","Dur\u00e9e de lecture estim\u00e9e":"1 minute"},"schema":{"@context":"https:\/\/schema.org","@graph":[{"@type":"Article","@id":"https:\/\/www.public.sn\/index.php\/2022\/12\/08\/rebaptisation-des-rues-de-ziguinchor-la-decision-de-la-cour-supreme-est-tombee\/#article","isPartOf":{"@id":"https:\/\/www.public.sn\/index.php\/2022\/12\/08\/rebaptisation-des-rues-de-ziguinchor-la-decision-de-la-cour-supreme-est-tombee\/"},"author":{"name":"LA REDACTION","@id":"https:\/\/www.public.sn\/#\/schema\/person\/cb76c8e1b8becc6be61fb5e92d6d0224"},"headline":"Rebaptisation des rues de Ziguinchor: La decision de la Cour supr\u00eame est tomb\u00e9e\u00a0!","datePublished":"2022-12-08T13:52:44+00:00","dateModified":"2022-12-08T13:52:47+00:00","mainEntityOfPage":{"@id":"https:\/\/www.public.sn\/index.php\/2022\/12\/08\/rebaptisation-des-rues-de-ziguinchor-la-decision-de-la-cour-supreme-est-tombee\/"},"wordCount":121,"commentCount":1,"publisher":{"@id":"https:\/\/www.public.sn\/#organization"},"image":{"@id":"https:\/\/www.public.sn\/index.php\/2022\/12\/08\/rebaptisation-des-rues-de-ziguinchor-la-decision-de-la-cour-supreme-est-tombee\/#primaryimage"},"thumbnailUrl":"https:\/\/www.public.sn\/wp-content\/uploads\/2022\/12\/Sonko-rues-de-696x533-1.jpg","keywords":["cour supreme","decision","rebaptisation des rues","tomb\u00e9e","Ziguinchor"],"articleSection":["ACTUALIT\u00c9S","S\u00c9N\u00c9GAL","SOCIETE"],"inLanguage":"fr-FR","potentialAction":[{"@type":"CommentAction","name":"Comment","target":["https:\/\/www.public.sn\/index.php\/2022\/12\/08\/rebaptisation-des-rues-de-ziguinchor-la-decision-de-la-cour-supreme-est-tombee\/#respond"]}]},{"@type":"WebPage","@id":"https:\/\/www.public.sn\/index.php\/2022\/12\/08\/rebaptisation-des-rues-de-ziguinchor-la-decision-de-la-cour-supreme-est-tombee\/","url":"https:\/\/www.public.sn\/index.php\/2022\/12\/08\/rebaptisation-des-rues-de-ziguinchor-la-decision-de-la-cour-supreme-est-tombee\/","name":"Rebaptisation des rues de Ziguinchor: La decision de la Cour supr\u00eame est tomb\u00e9e\u00a0! - LE PUBLIC","isPartOf":{"@id":"https:\/\/www.public.sn\/#website"},"primaryImageOfPage":{"@id":"https:\/\/www.public.sn\/index.php\/2022\/12\/08\/rebaptisation-des-rues-de-ziguinchor-la-decision-de-la-cour-supreme-est-tombee\/#primaryimage"},"image":{"@id":"https:\/\/www.public.sn\/index.php\/2022\/12\/08\/rebaptisation-des-rues-de-ziguinchor-la-decision-de-la-cour-supreme-est-tombee\/#primaryimage"},"thumbnailUrl":"https:\/\/www.public.sn\/wp-content\/uploads\/2022\/12\/Sonko-rues-de-696x533-1.jpg","datePublished":"2022-12-08T13:52:44+00:00","dateModified":"2022-12-08T13:52:47+00:00","breadcrumb":{"@id":"https:\/\/www.public.sn\/index.php\/2022\/12\/08\/rebaptisation-des-rues-de-ziguinchor-la-decision-de-la-cour-supreme-est-tombee\/#breadcrumb"},"inLanguage":"fr-FR","potentialAction":[{"@type":"ReadAction","target":["https:\/\/www.public.sn\/index.php\/2022\/12\/08\/rebaptisation-des-rues-de-ziguinchor-la-decision-de-la-cour-supreme-est-tombee\/"]}]},{"@type":"ImageObject","inLanguage":"fr-FR","@id":"https:\/\/www.public.sn\/index.php\/2022\/12\/08\/rebaptisation-des-rues-de-ziguinchor-la-decision-de-la-cour-supreme-est-tombee\/#primaryimage","url":"https:\/\/www.public.sn\/wp-content\/uploads\/2022\/12\/Sonko-rues-de-696x533-1.jpg","contentUrl":"https:\/\/www.public.sn\/wp-content\/uploads\/2022\/12\/Sonko-rues-de-696x533-1.jpg","width":696,"height":533,"caption":"la cour supr\u00eame contre le maire de Ziguinchor: une refus qui suscite beaucoup d'interrogations"},{"@type":"BreadcrumbList","@id":"https:\/\/www.public.sn\/index.php\/2022\/12\/08\/rebaptisation-des-rues-de-ziguinchor-la-decision-de-la-cour-supreme-est-tombee\/#breadcrumb","itemListElement":[{"@type":"ListItem","position":1,"name":"Accueil","item":"https:\/\/www.public.sn\/"},{"@type":"ListItem","position":2,"name":"Rebaptisation des rues de Ziguinchor: La decision de la Cour supr\u00eame est tomb\u00e9e\u00a0!"}]},{"@type":"WebSite","@id":"https:\/\/www.public.sn\/#website","url":"https:\/\/www.public.sn\/","name":"LE PUBLIC","description":"","publisher":{"@id":"https:\/\/www.public.sn\/#organization"},"potentialAction":[{"@type":"SearchAction","target":{"@type":"EntryPoint","urlTemplate":"https:\/\/www.public.sn\/?s={search_term_string}"},"query-input":{"@type":"PropertyValueSpecification","valueRequired":true,"valueName":"search_term_string"}}],"inLanguage":"fr-FR"},{"@type":"Organization","@id":"https:\/\/www.public.sn\/#organization","name":"LE PUBLIC","url":"https:\/\/www.public.sn\/","logo":{"@type":"ImageObject","inLanguage":"fr-FR","@id":"https:\/\/www.public.sn\/#\/schema\/logo\/image\/","url":"https:\/\/www.public.sn\/wp-content\/uploads\/2024\/05\/cropped-LOGO-PUBLIC.SN_.png","contentUrl":"https:\/\/www.public.sn\/wp-content\/uploads\/2024\/05\/cropped-LOGO-PUBLIC.SN_.png","width":682,"height":192,"caption":"LE PUBLIC"},"image":{"@id":"https:\/\/www.public.sn\/#\/schema\/logo\/image\/"}},{"@type":"Person","@id":"https:\/\/www.public.sn\/#\/schema\/person\/cb76c8e1b8becc6be61fb5e92d6d0224","name":"LA REDACTION","image":{"@type":"ImageObject","inLanguage":"fr-FR","@id":"https:\/\/www.public.sn\/#\/schema\/person\/image\/","url":"https:\/\/secure.gravatar.com\/avatar\/2dce5ddd34b8fef0180efe03aa2a9bee7d953856048f9a16b298190a3178407c?s=96&d=mm&r=g","contentUrl":"https:\/\/secure.gravatar.com\/avatar\/2dce5ddd34b8fef0180efe03aa2a9bee7d953856048f9a16b298190a3178407c?s=96&d=mm&r=g","caption":"LA REDACTION"},"url":"https:\/\/www.public.sn\/index.php\/author\/editeurpsn\/"}]}},"jetpack_featured_media_url":"https:\/\/www.public.sn\/wp-content\/uploads\/2022\/12\/Sonko-rues-de-696x533-1.jpg","jetpack_sharing_enabled":true,"_links":{"self":[{"href":"https:\/\/www.public.sn\/index.php\/wp-json\/wp\/v2\/posts\/11287","targetHints":{"allow":["GET"]}}],"collection":[{"href":"https:\/\/www.public.sn\/index.php\/wp-json\/wp\/v2\/posts"}],"about":[{"href":"https:\/\/www.public.sn\/index.php\/wp-json\/wp\/v2\/types\/post"}],"author":[{"embeddable":true,"href":"https:\/\/www.public.sn\/index.php\/wp-json\/wp\/v2\/users\/7"}],"replies":[{"embeddable":true,"href":"https:\/\/www.public.sn\/index.php\/wp-json\/wp\/v2\/comments?post=11287"}],"version-history":[{"count":1,"href":"https:\/\/www.public.sn\/index.php\/wp-json\/wp\/v2\/posts\/11287\/revisions"}],"predecessor-version":[{"id":11289,"href":"https:\/\/www.public.sn\/index.php\/wp-json\/wp\/v2\/posts\/11287\/revisions\/11289"}],"wp:featuredmedia":[{"embeddable":true,"href":"https:\/\/www.public.sn\/index.php\/wp-json\/wp\/v2\/media\/11288"}],"wp:attachment":[{"href":"https:\/\/www.public.sn\/index.php\/wp-json\/wp\/v2\/media?parent=11287"}],"wp:term":[{"taxonomy":"category","embeddable":true,"href":"https:\/\/www.public.sn\/index.php\/wp-json\/wp\/v2\/categories?post=11287"},{"taxonomy":"post_tag","embeddable":true,"href":"https:\/\/www.public.sn\/index.php\/wp-json\/wp\/v2\/tags?post=11287"}],"curies":[{"name":"wp","href":"https:\/\/api.w.org\/{rel}","templated":true}]}}