{"id":11304,"date":"2022-12-08T16:52:09","date_gmt":"2022-12-08T16:52:09","guid":{"rendered":"https:\/\/www.public.sn\/?p=11304"},"modified":"2022-12-08T16:52:12","modified_gmt":"2022-12-08T16:52:12","slug":"sitor-ndour-perd-son-poste-de-pca","status":"publish","type":"post","link":"https:\/\/www.public.sn\/index.php\/2022\/12\/08\/sitor-ndour-perd-son-poste-de-pca\/","title":{"rendered":"Sitor Ndour perd son poste de PCA"},"content":{"rendered":"\n<p>Le chef de l\u2019\u00e9tat Macky Sall a pris la d\u00e9cision d\u2019\u00e9jecter Sitor Ndour de son fauteuil de PCA de la SAED. Le responsable de l\u2019Alliance pour la R\u00e9publique (APR) a \u00e9t\u00e9 plac\u00e9 sous mandat de d\u00e9p\u00f4t apr\u00e8s \u00eatre accus\u00e9 de viol par sa femme de m\u00e9nage \u00e2g\u00e9e de 16 ans. Il est remplac\u00e9 \u00e0 la t\u00eate du SAED par Monsieur Amadou Niang expert financier.<\/p><div class=\"publi-paragraphe1\" style=\"margin-top: 10px;margin-bottom: 10px;margin-left: auto;margin-right: auto;text-align: center;\" id=\"publi-2547988763\"><div class=\"publi-adlabel\">Publicit\u00e9<\/div><script async src=\"\/\/pagead2.googlesyndication.com\/pagead\/js\/adsbygoogle.js?client=ca-pub-4089586018074219\" crossorigin=\"anonymous\"><\/script><ins class=\"adsbygoogle\" style=\"display:block;\" data-ad-client=\"ca-pub-4089586018074219\" \ndata-ad-slot=\"2087940154\" \ndata-ad-format=\"auto\"><\/ins>\n<script> \n(adsbygoogle = window.adsbygoogle || []).push({}); \n<\/script>\n<\/div>\n\n\n\n<p>\u00ab\u00a0Monsieur Amadou NIANG, Expert financier et en Management des Organisations, est nomm\u00e9 Pr\u00e9sident du Conseil d\u2019Administration de la Soci\u00e9t\u00e9 d\u2019Am\u00e9nagement et d\u2019Exploitation des terres du Delta et des vall\u00e9es du fleuve S\u00e9n\u00e9gal (SAED), en remplacement de Monsieur Sitor NDOUR, appel\u00e9 \u00e0 d\u2019autres fonctions\u00a0\u00bb lit-on dans le communiqu\u00e9 du conseil des ministres de ce mercredi 07 d\u00e9cembre.<\/p>\n\n\n\n<p>Amath SARR<\/p>\n<div class=\"publi-apres-le-contenu\" style=\"margin-top: 10px;margin-bottom: 10px;margin-left: auto;margin-right: auto;text-align: center;\" id=\"publi-2928367636\"><div class=\"publi-adlabel\">Publicit\u00e9<\/div><script async src=\"\/\/pagead2.googlesyndication.com\/pagead\/js\/adsbygoogle.js?client=ca-pub-4089586018074219\" crossorigin=\"anonymous\"><\/script><ins class=\"adsbygoogle\" style=\"display:block;\" data-ad-client=\"ca-pub-4089586018074219\" \ndata-ad-slot=\"2087940154\" \ndata-ad-format=\"auto\"><\/ins>\n<script> \n(adsbygoogle = window.adsbygoogle || []).push({}); \n<\/script>\n<\/div>","protected":false},"excerpt":{"rendered":"<p>Le chef de l\u2019\u00e9tat Macky Sall a pris la d\u00e9cision d\u2019\u00e9jecter Sitor Ndour de son fauteuil de PCA de la SAED. Le responsable de l\u2019Alliance pour la R\u00e9publique (APR) a \u00e9t\u00e9 plac\u00e9 sous mandat de d\u00e9p\u00f4t apr\u00e8s \u00eatre accus\u00e9 de viol par sa femme de m\u00e9nage \u00e2g\u00e9e de 16 ans. Il est remplac\u00e9 \u00e0 la t\u00eate du SAED par Monsieur Amadou Niang expert financier. \u00ab\u00a0Monsieur Amadou NIANG, Expert financier et en Management des Organisations, est nomm\u00e9 Pr\u00e9sident du Conseil d\u2019Administration de la Soci\u00e9t\u00e9 d\u2019Am\u00e9nagement et d\u2019Exploitation des terres du Delta et des vall\u00e9es du fleuve S\u00e9n\u00e9gal (SAED), en remplacement de Monsieur Sitor NDOUR, appel\u00e9 \u00e0 d\u2019autres fonctions\u00a0\u00bb lit-on dans le communiqu\u00e9 du conseil des ministres de ce mercredi 07 d\u00e9cembre. Amath SARR<\/p>\n","protected":false},"author":7,"featured_media":11307,"comment_status":"open","ping_status":"open","sticky":false,"template":"","format":"standard","meta":{"_jetpack_memberships_contains_paid_content":false,"footnotes":""},"categories":[375,3,1],"tags":[1063,3721,97],"class_list":["post-11304","post","type-post","status-publish","format-standard","has-post-thumbnail","hentry","category-actualites","category-politique","category-non-classe","tag-conseil-des-ministres","tag-poste-pca-saed","tag-sitor-ndour","entry","has-media","owp-thumbs-layout-horizontal","owp-btn-normal","owp-tabs-layout-horizontal","has-no-thumbnails","has-product-nav"],"yoast_head":"<!-- This site is optimized with the Yoast SEO plugin v25.5 - https:\/\/yoast.com\/wordpress\/plugins\/seo\/ -->\n<title>Sitor Ndour perd son poste de PCA - LE PUBLIC<\/title>\n<meta name=\"robots\" content=\"index, follow, max-snippet:-1, max-image-preview:large, max-video-preview:-1\" \/>\n<link rel=\"canonical\" href=\"https:\/\/www.public.sn\/index.php\/2022\/12\/08\/sitor-ndour-perd-son-poste-de-pca\/\" \/>\n<meta property=\"og:locale\" content=\"fr_FR\" \/>\n<meta property=\"og:type\" content=\"article\" \/>\n<meta property=\"og:title\" content=\"Sitor Ndour perd son poste de PCA - LE PUBLIC\" \/>\n<meta property=\"og:description\" content=\"Le chef de l\u2019\u00e9tat Macky Sall a pris la d\u00e9cision d\u2019\u00e9jecter Sitor Ndour de son fauteuil de PCA de la SAED. Le responsable de l\u2019Alliance pour la R\u00e9publique (APR) a \u00e9t\u00e9 plac\u00e9 sous mandat de d\u00e9p\u00f4t apr\u00e8s \u00eatre accus\u00e9 de viol par sa femme de m\u00e9nage \u00e2g\u00e9e de 16 ans. Il est remplac\u00e9 \u00e0 la t\u00eate du SAED par Monsieur Amadou Niang expert financier. \u00ab\u00a0Monsieur Amadou NIANG, Expert financier et en Management des Organisations, est nomm\u00e9 Pr\u00e9sident du Conseil d\u2019Administration de la Soci\u00e9t\u00e9 d\u2019Am\u00e9nagement et d\u2019Exploitation des terres du Delta et des vall\u00e9es du fleuve S\u00e9n\u00e9gal (SAED), en remplacement de Monsieur Sitor NDOUR, appel\u00e9 \u00e0 d\u2019autres fonctions\u00a0\u00bb lit-on dans le communiqu\u00e9 du conseil des ministres de ce mercredi 07 d\u00e9cembre. Amath SARR\" \/>\n<meta property=\"og:url\" content=\"https:\/\/www.public.sn\/index.php\/2022\/12\/08\/sitor-ndour-perd-son-poste-de-pca\/\" \/>\n<meta property=\"og:site_name\" content=\"LE PUBLIC\" \/>\n<meta property=\"article:published_time\" content=\"2022-12-08T16:52:09+00:00\" \/>\n<meta property=\"article:modified_time\" content=\"2022-12-08T16:52:12+00:00\" \/>\n<meta property=\"og:image\" content=\"https:\/\/www.public.sn\/wp-content\/uploads\/2022\/12\/telechargement-1-1.jpg\" \/>\n\t<meta property=\"og:image:width\" content=\"293\" \/>\n\t<meta property=\"og:image:height\" content=\"172\" \/>\n\t<meta property=\"og:image:type\" content=\"image\/jpeg\" \/>\n<meta name=\"author\" content=\"LA REDACTION\" \/>\n<meta name=\"twitter:card\" content=\"summary_large_image\" \/>\n<meta name=\"twitter:label1\" content=\"\u00c9crit par\" \/>\n\t<meta name=\"twitter:data1\" content=\"LA REDACTION\" \/>\n\t<meta name=\"twitter:label2\" content=\"Dur\u00e9e de lecture estim\u00e9e\" \/>\n\t<meta name=\"twitter:data2\" content=\"1 minute\" \/>\n<script type=\"application\/ld+json\" class=\"yoast-schema-graph\">{\"@context\":\"https:\/\/schema.org\",\"@graph\":[{\"@type\":\"Article\",\"@id\":\"https:\/\/www.public.sn\/index.php\/2022\/12\/08\/sitor-ndour-perd-son-poste-de-pca\/#article\",\"isPartOf\":{\"@id\":\"https:\/\/www.public.sn\/index.php\/2022\/12\/08\/sitor-ndour-perd-son-poste-de-pca\/\"},\"author\":{\"name\":\"LA REDACTION\",\"@id\":\"https:\/\/www.public.sn\/#\/schema\/person\/cb76c8e1b8becc6be61fb5e92d6d0224\"},\"headline\":\"Sitor Ndour perd son poste de PCA\",\"datePublished\":\"2022-12-08T16:52:09+00:00\",\"dateModified\":\"2022-12-08T16:52:12+00:00\",\"mainEntityOfPage\":{\"@id\":\"https:\/\/www.public.sn\/index.php\/2022\/12\/08\/sitor-ndour-perd-son-poste-de-pca\/\"},\"wordCount\":147,\"commentCount\":0,\"publisher\":{\"@id\":\"https:\/\/www.public.sn\/#organization\"},\"image\":{\"@id\":\"https:\/\/www.public.sn\/index.php\/2022\/12\/08\/sitor-ndour-perd-son-poste-de-pca\/#primaryimage\"},\"thumbnailUrl\":\"https:\/\/www.public.sn\/wp-content\/uploads\/2022\/12\/telechargement-1-1.jpg\",\"keywords\":[\"conseil des ministres\",\"Poste PCA SAED;\",\"Sitor Ndour\"],\"articleSection\":[\"ACTUALIT\u00c9S\",\"POLITIQUE\",\"S\u00c9N\u00c9GAL\"],\"inLanguage\":\"fr-FR\",\"potentialAction\":[{\"@type\":\"CommentAction\",\"name\":\"Comment\",\"target\":[\"https:\/\/www.public.sn\/index.php\/2022\/12\/08\/sitor-ndour-perd-son-poste-de-pca\/#respond\"]}]},{\"@type\":\"WebPage\",\"@id\":\"https:\/\/www.public.sn\/index.php\/2022\/12\/08\/sitor-ndour-perd-son-poste-de-pca\/\",\"url\":\"https:\/\/www.public.sn\/index.php\/2022\/12\/08\/sitor-ndour-perd-son-poste-de-pca\/\",\"name\":\"Sitor Ndour perd son poste de PCA - LE PUBLIC\",\"isPartOf\":{\"@id\":\"https:\/\/www.public.sn\/#website\"},\"primaryImageOfPage\":{\"@id\":\"https:\/\/www.public.sn\/index.php\/2022\/12\/08\/sitor-ndour-perd-son-poste-de-pca\/#primaryimage\"},\"image\":{\"@id\":\"https:\/\/www.public.sn\/index.php\/2022\/12\/08\/sitor-ndour-perd-son-poste-de-pca\/#primaryimage\"},\"thumbnailUrl\":\"https:\/\/www.public.sn\/wp-content\/uploads\/2022\/12\/telechargement-1-1.jpg\",\"datePublished\":\"2022-12-08T16:52:09+00:00\",\"dateModified\":\"2022-12-08T16:52:12+00:00\",\"breadcrumb\":{\"@id\":\"https:\/\/www.public.sn\/index.php\/2022\/12\/08\/sitor-ndour-perd-son-poste-de-pca\/#breadcrumb\"},\"inLanguage\":\"fr-FR\",\"potentialAction\":[{\"@type\":\"ReadAction\",\"target\":[\"https:\/\/www.public.sn\/index.php\/2022\/12\/08\/sitor-ndour-perd-son-poste-de-pca\/\"]}]},{\"@type\":\"ImageObject\",\"inLanguage\":\"fr-FR\",\"@id\":\"https:\/\/www.public.sn\/index.php\/2022\/12\/08\/sitor-ndour-perd-son-poste-de-pca\/#primaryimage\",\"url\":\"https:\/\/www.public.sn\/wp-content\/uploads\/2022\/12\/telechargement-1-1.jpg\",\"contentUrl\":\"https:\/\/www.public.sn\/wp-content\/uploads\/2022\/12\/telechargement-1-1.jpg\",\"width\":293,\"height\":172},{\"@type\":\"BreadcrumbList\",\"@id\":\"https:\/\/www.public.sn\/index.php\/2022\/12\/08\/sitor-ndour-perd-son-poste-de-pca\/#breadcrumb\",\"itemListElement\":[{\"@type\":\"ListItem\",\"position\":1,\"name\":\"Accueil\",\"item\":\"https:\/\/www.public.sn\/\"},{\"@type\":\"ListItem\",\"position\":2,\"name\":\"Sitor Ndour perd son poste de PCA\"}]},{\"@type\":\"WebSite\",\"@id\":\"https:\/\/www.public.sn\/#website\",\"url\":\"https:\/\/www.public.sn\/\",\"name\":\"LE PUBLIC\",\"description\":\"\",\"publisher\":{\"@id\":\"https:\/\/www.public.sn\/#organization\"},\"potentialAction\":[{\"@type\":\"SearchAction\",\"target\":{\"@type\":\"EntryPoint\",\"urlTemplate\":\"https:\/\/www.public.sn\/?s={search_term_string}\"},\"query-input\":{\"@type\":\"PropertyValueSpecification\",\"valueRequired\":true,\"valueName\":\"search_term_string\"}}],\"inLanguage\":\"fr-FR\"},{\"@type\":\"Organization\",\"@id\":\"https:\/\/www.public.sn\/#organization\",\"name\":\"LE PUBLIC\",\"url\":\"https:\/\/www.public.sn\/\",\"logo\":{\"@type\":\"ImageObject\",\"inLanguage\":\"fr-FR\",\"@id\":\"https:\/\/www.public.sn\/#\/schema\/logo\/image\/\",\"url\":\"https:\/\/www.public.sn\/wp-content\/uploads\/2024\/05\/cropped-LOGO-PUBLIC.SN_.png\",\"contentUrl\":\"https:\/\/www.public.sn\/wp-content\/uploads\/2024\/05\/cropped-LOGO-PUBLIC.SN_.png\",\"width\":682,\"height\":192,\"caption\":\"LE PUBLIC\"},\"image\":{\"@id\":\"https:\/\/www.public.sn\/#\/schema\/logo\/image\/\"}},{\"@type\":\"Person\",\"@id\":\"https:\/\/www.public.sn\/#\/schema\/person\/cb76c8e1b8becc6be61fb5e92d6d0224\",\"name\":\"LA REDACTION\",\"image\":{\"@type\":\"ImageObject\",\"inLanguage\":\"fr-FR\",\"@id\":\"https:\/\/www.public.sn\/#\/schema\/person\/image\/\",\"url\":\"https:\/\/secure.gravatar.com\/avatar\/2dce5ddd34b8fef0180efe03aa2a9bee7d953856048f9a16b298190a3178407c?s=96&d=mm&r=g\",\"contentUrl\":\"https:\/\/secure.gravatar.com\/avatar\/2dce5ddd34b8fef0180efe03aa2a9bee7d953856048f9a16b298190a3178407c?s=96&d=mm&r=g\",\"caption\":\"LA REDACTION\"},\"url\":\"https:\/\/www.public.sn\/index.php\/author\/editeurpsn\/\"}]}<\/script>\n<!-- \/ Yoast SEO plugin. -->","yoast_head_json":{"title":"Sitor Ndour perd son poste de PCA - LE PUBLIC","robots":{"index":"index","follow":"follow","max-snippet":"max-snippet:-1","max-image-preview":"max-image-preview:large","max-video-preview":"max-video-preview:-1"},"canonical":"https:\/\/www.public.sn\/index.php\/2022\/12\/08\/sitor-ndour-perd-son-poste-de-pca\/","og_locale":"fr_FR","og_type":"article","og_title":"Sitor Ndour perd son poste de PCA - LE PUBLIC","og_description":"Le chef de l\u2019\u00e9tat Macky Sall a pris la d\u00e9cision d\u2019\u00e9jecter Sitor Ndour de son fauteuil de PCA de la SAED. Le responsable de l\u2019Alliance pour la R\u00e9publique (APR) a \u00e9t\u00e9 plac\u00e9 sous mandat de d\u00e9p\u00f4t apr\u00e8s \u00eatre accus\u00e9 de viol par sa femme de m\u00e9nage \u00e2g\u00e9e de 16 ans. Il est remplac\u00e9 \u00e0 la t\u00eate du SAED par Monsieur Amadou Niang expert financier. \u00ab\u00a0Monsieur Amadou NIANG, Expert financier et en Management des Organisations, est nomm\u00e9 Pr\u00e9sident du Conseil d\u2019Administration de la Soci\u00e9t\u00e9 d\u2019Am\u00e9nagement et d\u2019Exploitation des terres du Delta et des vall\u00e9es du fleuve S\u00e9n\u00e9gal (SAED), en remplacement de Monsieur Sitor NDOUR, appel\u00e9 \u00e0 d\u2019autres fonctions\u00a0\u00bb lit-on dans le communiqu\u00e9 du conseil des ministres de ce mercredi 07 d\u00e9cembre. Amath SARR","og_url":"https:\/\/www.public.sn\/index.php\/2022\/12\/08\/sitor-ndour-perd-son-poste-de-pca\/","og_site_name":"LE PUBLIC","article_published_time":"2022-12-08T16:52:09+00:00","article_modified_time":"2022-12-08T16:52:12+00:00","og_image":[{"width":293,"height":172,"url":"https:\/\/www.public.sn\/wp-content\/uploads\/2022\/12\/telechargement-1-1.jpg","type":"image\/jpeg"}],"author":"LA REDACTION","twitter_card":"summary_large_image","twitter_misc":{"\u00c9crit par":"LA REDACTION","Dur\u00e9e de lecture estim\u00e9e":"1 minute"},"schema":{"@context":"https:\/\/schema.org","@graph":[{"@type":"Article","@id":"https:\/\/www.public.sn\/index.php\/2022\/12\/08\/sitor-ndour-perd-son-poste-de-pca\/#article","isPartOf":{"@id":"https:\/\/www.public.sn\/index.php\/2022\/12\/08\/sitor-ndour-perd-son-poste-de-pca\/"},"author":{"name":"LA REDACTION","@id":"https:\/\/www.public.sn\/#\/schema\/person\/cb76c8e1b8becc6be61fb5e92d6d0224"},"headline":"Sitor Ndour perd son poste de PCA","datePublished":"2022-12-08T16:52:09+00:00","dateModified":"2022-12-08T16:52:12+00:00","mainEntityOfPage":{"@id":"https:\/\/www.public.sn\/index.php\/2022\/12\/08\/sitor-ndour-perd-son-poste-de-pca\/"},"wordCount":147,"commentCount":0,"publisher":{"@id":"https:\/\/www.public.sn\/#organization"},"image":{"@id":"https:\/\/www.public.sn\/index.php\/2022\/12\/08\/sitor-ndour-perd-son-poste-de-pca\/#primaryimage"},"thumbnailUrl":"https:\/\/www.public.sn\/wp-content\/uploads\/2022\/12\/telechargement-1-1.jpg","keywords":["conseil des ministres","Poste PCA SAED;","Sitor Ndour"],"articleSection":["ACTUALIT\u00c9S","POLITIQUE","S\u00c9N\u00c9GAL"],"inLanguage":"fr-FR","potentialAction":[{"@type":"CommentAction","name":"Comment","target":["https:\/\/www.public.sn\/index.php\/2022\/12\/08\/sitor-ndour-perd-son-poste-de-pca\/#respond"]}]},{"@type":"WebPage","@id":"https:\/\/www.public.sn\/index.php\/2022\/12\/08\/sitor-ndour-perd-son-poste-de-pca\/","url":"https:\/\/www.public.sn\/index.php\/2022\/12\/08\/sitor-ndour-perd-son-poste-de-pca\/","name":"Sitor Ndour perd son poste de PCA - LE PUBLIC","isPartOf":{"@id":"https:\/\/www.public.sn\/#website"},"primaryImageOfPage":{"@id":"https:\/\/www.public.sn\/index.php\/2022\/12\/08\/sitor-ndour-perd-son-poste-de-pca\/#primaryimage"},"image":{"@id":"https:\/\/www.public.sn\/index.php\/2022\/12\/08\/sitor-ndour-perd-son-poste-de-pca\/#primaryimage"},"thumbnailUrl":"https:\/\/www.public.sn\/wp-content\/uploads\/2022\/12\/telechargement-1-1.jpg","datePublished":"2022-12-08T16:52:09+00:00","dateModified":"2022-12-08T16:52:12+00:00","breadcrumb":{"@id":"https:\/\/www.public.sn\/index.php\/2022\/12\/08\/sitor-ndour-perd-son-poste-de-pca\/#breadcrumb"},"inLanguage":"fr-FR","potentialAction":[{"@type":"ReadAction","target":["https:\/\/www.public.sn\/index.php\/2022\/12\/08\/sitor-ndour-perd-son-poste-de-pca\/"]}]},{"@type":"ImageObject","inLanguage":"fr-FR","@id":"https:\/\/www.public.sn\/index.php\/2022\/12\/08\/sitor-ndour-perd-son-poste-de-pca\/#primaryimage","url":"https:\/\/www.public.sn\/wp-content\/uploads\/2022\/12\/telechargement-1-1.jpg","contentUrl":"https:\/\/www.public.sn\/wp-content\/uploads\/2022\/12\/telechargement-1-1.jpg","width":293,"height":172},{"@type":"BreadcrumbList","@id":"https:\/\/www.public.sn\/index.php\/2022\/12\/08\/sitor-ndour-perd-son-poste-de-pca\/#breadcrumb","itemListElement":[{"@type":"ListItem","position":1,"name":"Accueil","item":"https:\/\/www.public.sn\/"},{"@type":"ListItem","position":2,"name":"Sitor Ndour perd son poste de PCA"}]},{"@type":"WebSite","@id":"https:\/\/www.public.sn\/#website","url":"https:\/\/www.public.sn\/","name":"LE PUBLIC","description":"","publisher":{"@id":"https:\/\/www.public.sn\/#organization"},"potentialAction":[{"@type":"SearchAction","target":{"@type":"EntryPoint","urlTemplate":"https:\/\/www.public.sn\/?s={search_term_string}"},"query-input":{"@type":"PropertyValueSpecification","valueRequired":true,"valueName":"search_term_string"}}],"inLanguage":"fr-FR"},{"@type":"Organization","@id":"https:\/\/www.public.sn\/#organization","name":"LE PUBLIC","url":"https:\/\/www.public.sn\/","logo":{"@type":"ImageObject","inLanguage":"fr-FR","@id":"https:\/\/www.public.sn\/#\/schema\/logo\/image\/","url":"https:\/\/www.public.sn\/wp-content\/uploads\/2024\/05\/cropped-LOGO-PUBLIC.SN_.png","contentUrl":"https:\/\/www.public.sn\/wp-content\/uploads\/2024\/05\/cropped-LOGO-PUBLIC.SN_.png","width":682,"height":192,"caption":"LE PUBLIC"},"image":{"@id":"https:\/\/www.public.sn\/#\/schema\/logo\/image\/"}},{"@type":"Person","@id":"https:\/\/www.public.sn\/#\/schema\/person\/cb76c8e1b8becc6be61fb5e92d6d0224","name":"LA REDACTION","image":{"@type":"ImageObject","inLanguage":"fr-FR","@id":"https:\/\/www.public.sn\/#\/schema\/person\/image\/","url":"https:\/\/secure.gravatar.com\/avatar\/2dce5ddd34b8fef0180efe03aa2a9bee7d953856048f9a16b298190a3178407c?s=96&d=mm&r=g","contentUrl":"https:\/\/secure.gravatar.com\/avatar\/2dce5ddd34b8fef0180efe03aa2a9bee7d953856048f9a16b298190a3178407c?s=96&d=mm&r=g","caption":"LA REDACTION"},"url":"https:\/\/www.public.sn\/index.php\/author\/editeurpsn\/"}]}},"jetpack_featured_media_url":"https:\/\/www.public.sn\/wp-content\/uploads\/2022\/12\/telechargement-1-1.jpg","jetpack_sharing_enabled":true,"_links":{"self":[{"href":"https:\/\/www.public.sn\/index.php\/wp-json\/wp\/v2\/posts\/11304","targetHints":{"allow":["GET"]}}],"collection":[{"href":"https:\/\/www.public.sn\/index.php\/wp-json\/wp\/v2\/posts"}],"about":[{"href":"https:\/\/www.public.sn\/index.php\/wp-json\/wp\/v2\/types\/post"}],"author":[{"embeddable":true,"href":"https:\/\/www.public.sn\/index.php\/wp-json\/wp\/v2\/users\/7"}],"replies":[{"embeddable":true,"href":"https:\/\/www.public.sn\/index.php\/wp-json\/wp\/v2\/comments?post=11304"}],"version-history":[{"count":1,"href":"https:\/\/www.public.sn\/index.php\/wp-json\/wp\/v2\/posts\/11304\/revisions"}],"predecessor-version":[{"id":11308,"href":"https:\/\/www.public.sn\/index.php\/wp-json\/wp\/v2\/posts\/11304\/revisions\/11308"}],"wp:featuredmedia":[{"embeddable":true,"href":"https:\/\/www.public.sn\/index.php\/wp-json\/wp\/v2\/media\/11307"}],"wp:attachment":[{"href":"https:\/\/www.public.sn\/index.php\/wp-json\/wp\/v2\/media?parent=11304"}],"wp:term":[{"taxonomy":"category","embeddable":true,"href":"https:\/\/www.public.sn\/index.php\/wp-json\/wp\/v2\/categories?post=11304"},{"taxonomy":"post_tag","embeddable":true,"href":"https:\/\/www.public.sn\/index.php\/wp-json\/wp\/v2\/tags?post=11304"}],"curies":[{"name":"wp","href":"https:\/\/api.w.org\/{rel}","templated":true}]}}