{"id":11312,"date":"2022-12-09T09:19:42","date_gmt":"2022-12-09T09:19:42","guid":{"rendered":"https:\/\/www.public.sn\/?p=11312"},"modified":"2022-12-09T09:55:54","modified_gmt":"2022-12-09T09:55:54","slug":"blocage-des-comptes-de-zik-fm-la-colere-de-bougane","status":"publish","type":"post","link":"https:\/\/www.public.sn\/index.php\/2022\/12\/09\/blocage-des-comptes-de-zik-fm-la-colere-de-bougane\/","title":{"rendered":"Blocage des comptes de Zik Fm\u00a0: La col\u00e8re de Bougane"},"content":{"rendered":"\n<p>Sur ces diff\u00e9rentes supports, le groupe de presse fond\u00e9 par Bougane Gueye a annon\u00e7\u00e9 hier le blocage des comptes de Zik Fm SA apr\u00e8s ceux de Sen Tv SA, d\u00e9non\u00e7ant l\u2019acharnement du Pr\u00e9sident Macky Sall.<br><br>Selon Lib\u00e9ration, cela est d\u00fb au processus d\u00e9clench\u00e9 depuis des mois par le fisc qui suit son cours, r\u00e9clamant 3,6 milliards F CFA \u00e0 Bougane Gueye Dany. Ainsi, apr\u00e8s ceux de Sen Tv, le fisc, qui boucle l\u2019ann\u00e9e fiscale, a bloqu\u00e9 les comptes de la radio du groupe.<\/p><div class=\"publi-paragraphe1\" style=\"margin-top: 10px;margin-bottom: 10px;margin-left: auto;margin-right: auto;text-align: center;\" id=\"publi-646969668\"><div class=\"publi-adlabel\">Publicit\u00e9<\/div><script async src=\"\/\/pagead2.googlesyndication.com\/pagead\/js\/adsbygoogle.js?client=ca-pub-4089586018074219\" crossorigin=\"anonymous\"><\/script><ins class=\"adsbygoogle\" style=\"display:block;\" data-ad-client=\"ca-pub-4089586018074219\" \ndata-ad-slot=\"2087940154\" \ndata-ad-format=\"auto\"><\/ins>\n<script> \n(adsbygoogle = window.adsbygoogle || []).push({}); \n<\/script>\n<\/div>\n\n\n\n<p>En face, Bougane Gueye campe sur sa position et assure qu\u2019il ne doit rien aux Imp\u00f4ts. \u00ab&nbsp;Je ne leur dois rien. Ils peuvent fermer D-m\u00e9dia mais cela n\u2019alt\u00e9rera en rien mon engagement \u00e0 combattre le r\u00e9gime de Macky Sall&nbsp;\u00bb, a-t-il r\u00e9pondu \u00e0 Lib\u00e9ration.<\/p>\n\n\n\n<p>Amath SARR<\/p>\n<div class=\"publi-apres-le-contenu\" style=\"margin-top: 10px;margin-bottom: 10px;margin-left: auto;margin-right: auto;text-align: center;\" id=\"publi-3750410526\"><div class=\"publi-adlabel\">Publicit\u00e9<\/div><script async src=\"\/\/pagead2.googlesyndication.com\/pagead\/js\/adsbygoogle.js?client=ca-pub-4089586018074219\" crossorigin=\"anonymous\"><\/script><ins class=\"adsbygoogle\" style=\"display:block;\" data-ad-client=\"ca-pub-4089586018074219\" \ndata-ad-slot=\"2087940154\" \ndata-ad-format=\"auto\"><\/ins>\n<script> \n(adsbygoogle = window.adsbygoogle || []).push({}); \n<\/script>\n<\/div>","protected":false},"excerpt":{"rendered":"<p>Sur ces diff\u00e9rentes supports, le groupe de presse fond\u00e9 par Bougane Gueye a annon\u00e7\u00e9 hier le blocage des comptes de Zik Fm SA apr\u00e8s ceux de Sen Tv SA, d\u00e9non\u00e7ant l\u2019acharnement du Pr\u00e9sident Macky Sall. Selon Lib\u00e9ration, cela est d\u00fb au processus d\u00e9clench\u00e9 depuis des mois par le fisc qui suit son cours, r\u00e9clamant 3,6 milliards F CFA \u00e0 Bougane Gueye Dany. Ainsi, apr\u00e8s ceux de Sen Tv, le fisc, qui boucle l\u2019ann\u00e9e fiscale, a bloqu\u00e9 les comptes de la radio du groupe. En face, Bougane Gueye campe sur sa position et assure qu\u2019il ne doit rien aux Imp\u00f4ts. \u00ab&nbsp;Je ne leur dois rien. Ils peuvent fermer D-m\u00e9dia mais cela n\u2019alt\u00e9rera en rien mon engagement \u00e0 combattre le r\u00e9gime de Macky Sall&nbsp;\u00bb, a-t-il r\u00e9pondu \u00e0 Lib\u00e9ration. Amath SARR<\/p>\n","protected":false},"author":7,"featured_media":11313,"comment_status":"open","ping_status":"open","sticky":false,"template":"","format":"standard","meta":{"_jetpack_memberships_contains_paid_content":false,"footnotes":""},"categories":[961,1],"tags":[],"class_list":["post-11312","post","type-post","status-publish","format-standard","has-post-thumbnail","hentry","category-medias","category-non-classe","entry","has-media","owp-thumbs-layout-horizontal","owp-btn-normal","owp-tabs-layout-horizontal","has-no-thumbnails","has-product-nav"],"yoast_head":"<!-- This site is optimized with the Yoast SEO plugin v25.5 - https:\/\/yoast.com\/wordpress\/plugins\/seo\/ -->\n<title>Blocage des comptes de Zik Fm\u00a0: La col\u00e8re de Bougane - LE PUBLIC<\/title>\n<meta name=\"robots\" content=\"index, follow, max-snippet:-1, max-image-preview:large, max-video-preview:-1\" \/>\n<link rel=\"canonical\" href=\"https:\/\/www.public.sn\/index.php\/2022\/12\/09\/blocage-des-comptes-de-zik-fm-la-colere-de-bougane\/\" \/>\n<meta property=\"og:locale\" content=\"fr_FR\" \/>\n<meta property=\"og:type\" content=\"article\" \/>\n<meta property=\"og:title\" content=\"Blocage des comptes de Zik Fm\u00a0: La col\u00e8re de Bougane - LE PUBLIC\" \/>\n<meta property=\"og:description\" content=\"Sur ces diff\u00e9rentes supports, le groupe de presse fond\u00e9 par Bougane Gueye a annon\u00e7\u00e9 hier le blocage des comptes de Zik Fm SA apr\u00e8s ceux de Sen Tv SA, d\u00e9non\u00e7ant l\u2019acharnement du Pr\u00e9sident Macky Sall. Selon Lib\u00e9ration, cela est d\u00fb au processus d\u00e9clench\u00e9 depuis des mois par le fisc qui suit son cours, r\u00e9clamant 3,6 milliards F CFA \u00e0 Bougane Gueye Dany. Ainsi, apr\u00e8s ceux de Sen Tv, le fisc, qui boucle l\u2019ann\u00e9e fiscale, a bloqu\u00e9 les comptes de la radio du groupe. En face, Bougane Gueye campe sur sa position et assure qu\u2019il ne doit rien aux Imp\u00f4ts. \u00ab&nbsp;Je ne leur dois rien. Ils peuvent fermer D-m\u00e9dia mais cela n\u2019alt\u00e9rera en rien mon engagement \u00e0 combattre le r\u00e9gime de Macky Sall&nbsp;\u00bb, a-t-il r\u00e9pondu \u00e0 Lib\u00e9ration. Amath SARR\" \/>\n<meta property=\"og:url\" content=\"https:\/\/www.public.sn\/index.php\/2022\/12\/09\/blocage-des-comptes-de-zik-fm-la-colere-de-bougane\/\" \/>\n<meta property=\"og:site_name\" content=\"LE PUBLIC\" \/>\n<meta property=\"article:published_time\" content=\"2022-12-09T09:19:42+00:00\" \/>\n<meta property=\"article:modified_time\" content=\"2022-12-09T09:55:54+00:00\" \/>\n<meta property=\"og:image\" content=\"https:\/\/www.public.sn\/wp-content\/uploads\/2022\/12\/telechargement-3.jpg\" \/>\n\t<meta property=\"og:image:width\" content=\"289\" \/>\n\t<meta property=\"og:image:height\" content=\"175\" \/>\n\t<meta property=\"og:image:type\" content=\"image\/jpeg\" \/>\n<meta name=\"author\" content=\"LA REDACTION\" \/>\n<meta name=\"twitter:card\" content=\"summary_large_image\" \/>\n<meta name=\"twitter:label1\" content=\"\u00c9crit par\" \/>\n\t<meta name=\"twitter:data1\" content=\"LA REDACTION\" \/>\n\t<meta name=\"twitter:label2\" content=\"Dur\u00e9e de lecture estim\u00e9e\" \/>\n\t<meta name=\"twitter:data2\" content=\"1 minute\" \/>\n<script type=\"application\/ld+json\" class=\"yoast-schema-graph\">{\"@context\":\"https:\/\/schema.org\",\"@graph\":[{\"@type\":\"Article\",\"@id\":\"https:\/\/www.public.sn\/index.php\/2022\/12\/09\/blocage-des-comptes-de-zik-fm-la-colere-de-bougane\/#article\",\"isPartOf\":{\"@id\":\"https:\/\/www.public.sn\/index.php\/2022\/12\/09\/blocage-des-comptes-de-zik-fm-la-colere-de-bougane\/\"},\"author\":{\"name\":\"LA REDACTION\",\"@id\":\"https:\/\/www.public.sn\/#\/schema\/person\/cb76c8e1b8becc6be61fb5e92d6d0224\"},\"headline\":\"Blocage des comptes de Zik Fm\u00a0: La col\u00e8re de Bougane\",\"datePublished\":\"2022-12-09T09:19:42+00:00\",\"dateModified\":\"2022-12-09T09:55:54+00:00\",\"mainEntityOfPage\":{\"@id\":\"https:\/\/www.public.sn\/index.php\/2022\/12\/09\/blocage-des-comptes-de-zik-fm-la-colere-de-bougane\/\"},\"wordCount\":157,\"commentCount\":0,\"publisher\":{\"@id\":\"https:\/\/www.public.sn\/#organization\"},\"image\":{\"@id\":\"https:\/\/www.public.sn\/index.php\/2022\/12\/09\/blocage-des-comptes-de-zik-fm-la-colere-de-bougane\/#primaryimage\"},\"thumbnailUrl\":\"https:\/\/www.public.sn\/wp-content\/uploads\/2022\/12\/telechargement-3.jpg\",\"articleSection\":[\"M\u00c9DIAS\",\"S\u00c9N\u00c9GAL\"],\"inLanguage\":\"fr-FR\",\"potentialAction\":[{\"@type\":\"CommentAction\",\"name\":\"Comment\",\"target\":[\"https:\/\/www.public.sn\/index.php\/2022\/12\/09\/blocage-des-comptes-de-zik-fm-la-colere-de-bougane\/#respond\"]}]},{\"@type\":\"WebPage\",\"@id\":\"https:\/\/www.public.sn\/index.php\/2022\/12\/09\/blocage-des-comptes-de-zik-fm-la-colere-de-bougane\/\",\"url\":\"https:\/\/www.public.sn\/index.php\/2022\/12\/09\/blocage-des-comptes-de-zik-fm-la-colere-de-bougane\/\",\"name\":\"Blocage des comptes de Zik Fm\u00a0: La col\u00e8re de Bougane - LE PUBLIC\",\"isPartOf\":{\"@id\":\"https:\/\/www.public.sn\/#website\"},\"primaryImageOfPage\":{\"@id\":\"https:\/\/www.public.sn\/index.php\/2022\/12\/09\/blocage-des-comptes-de-zik-fm-la-colere-de-bougane\/#primaryimage\"},\"image\":{\"@id\":\"https:\/\/www.public.sn\/index.php\/2022\/12\/09\/blocage-des-comptes-de-zik-fm-la-colere-de-bougane\/#primaryimage\"},\"thumbnailUrl\":\"https:\/\/www.public.sn\/wp-content\/uploads\/2022\/12\/telechargement-3.jpg\",\"datePublished\":\"2022-12-09T09:19:42+00:00\",\"dateModified\":\"2022-12-09T09:55:54+00:00\",\"breadcrumb\":{\"@id\":\"https:\/\/www.public.sn\/index.php\/2022\/12\/09\/blocage-des-comptes-de-zik-fm-la-colere-de-bougane\/#breadcrumb\"},\"inLanguage\":\"fr-FR\",\"potentialAction\":[{\"@type\":\"ReadAction\",\"target\":[\"https:\/\/www.public.sn\/index.php\/2022\/12\/09\/blocage-des-comptes-de-zik-fm-la-colere-de-bougane\/\"]}]},{\"@type\":\"ImageObject\",\"inLanguage\":\"fr-FR\",\"@id\":\"https:\/\/www.public.sn\/index.php\/2022\/12\/09\/blocage-des-comptes-de-zik-fm-la-colere-de-bougane\/#primaryimage\",\"url\":\"https:\/\/www.public.sn\/wp-content\/uploads\/2022\/12\/telechargement-3.jpg\",\"contentUrl\":\"https:\/\/www.public.sn\/wp-content\/uploads\/2022\/12\/telechargement-3.jpg\",\"width\":289,\"height\":175},{\"@type\":\"BreadcrumbList\",\"@id\":\"https:\/\/www.public.sn\/index.php\/2022\/12\/09\/blocage-des-comptes-de-zik-fm-la-colere-de-bougane\/#breadcrumb\",\"itemListElement\":[{\"@type\":\"ListItem\",\"position\":1,\"name\":\"Accueil\",\"item\":\"https:\/\/www.public.sn\/\"},{\"@type\":\"ListItem\",\"position\":2,\"name\":\"Blocage des comptes de Zik Fm\u00a0: La col\u00e8re de Bougane\"}]},{\"@type\":\"WebSite\",\"@id\":\"https:\/\/www.public.sn\/#website\",\"url\":\"https:\/\/www.public.sn\/\",\"name\":\"LE PUBLIC\",\"description\":\"\",\"publisher\":{\"@id\":\"https:\/\/www.public.sn\/#organization\"},\"potentialAction\":[{\"@type\":\"SearchAction\",\"target\":{\"@type\":\"EntryPoint\",\"urlTemplate\":\"https:\/\/www.public.sn\/?s={search_term_string}\"},\"query-input\":{\"@type\":\"PropertyValueSpecification\",\"valueRequired\":true,\"valueName\":\"search_term_string\"}}],\"inLanguage\":\"fr-FR\"},{\"@type\":\"Organization\",\"@id\":\"https:\/\/www.public.sn\/#organization\",\"name\":\"LE PUBLIC\",\"url\":\"https:\/\/www.public.sn\/\",\"logo\":{\"@type\":\"ImageObject\",\"inLanguage\":\"fr-FR\",\"@id\":\"https:\/\/www.public.sn\/#\/schema\/logo\/image\/\",\"url\":\"https:\/\/www.public.sn\/wp-content\/uploads\/2024\/05\/cropped-LOGO-PUBLIC.SN_.png\",\"contentUrl\":\"https:\/\/www.public.sn\/wp-content\/uploads\/2024\/05\/cropped-LOGO-PUBLIC.SN_.png\",\"width\":682,\"height\":192,\"caption\":\"LE PUBLIC\"},\"image\":{\"@id\":\"https:\/\/www.public.sn\/#\/schema\/logo\/image\/\"}},{\"@type\":\"Person\",\"@id\":\"https:\/\/www.public.sn\/#\/schema\/person\/cb76c8e1b8becc6be61fb5e92d6d0224\",\"name\":\"LA REDACTION\",\"image\":{\"@type\":\"ImageObject\",\"inLanguage\":\"fr-FR\",\"@id\":\"https:\/\/www.public.sn\/#\/schema\/person\/image\/\",\"url\":\"https:\/\/secure.gravatar.com\/avatar\/2dce5ddd34b8fef0180efe03aa2a9bee7d953856048f9a16b298190a3178407c?s=96&d=mm&r=g\",\"contentUrl\":\"https:\/\/secure.gravatar.com\/avatar\/2dce5ddd34b8fef0180efe03aa2a9bee7d953856048f9a16b298190a3178407c?s=96&d=mm&r=g\",\"caption\":\"LA REDACTION\"},\"url\":\"https:\/\/www.public.sn\/index.php\/author\/editeurpsn\/\"}]}<\/script>\n<!-- \/ Yoast SEO plugin. -->","yoast_head_json":{"title":"Blocage des comptes de Zik Fm\u00a0: La col\u00e8re de Bougane - LE PUBLIC","robots":{"index":"index","follow":"follow","max-snippet":"max-snippet:-1","max-image-preview":"max-image-preview:large","max-video-preview":"max-video-preview:-1"},"canonical":"https:\/\/www.public.sn\/index.php\/2022\/12\/09\/blocage-des-comptes-de-zik-fm-la-colere-de-bougane\/","og_locale":"fr_FR","og_type":"article","og_title":"Blocage des comptes de Zik Fm\u00a0: La col\u00e8re de Bougane - LE PUBLIC","og_description":"Sur ces diff\u00e9rentes supports, le groupe de presse fond\u00e9 par Bougane Gueye a annon\u00e7\u00e9 hier le blocage des comptes de Zik Fm SA apr\u00e8s ceux de Sen Tv SA, d\u00e9non\u00e7ant l\u2019acharnement du Pr\u00e9sident Macky Sall. Selon Lib\u00e9ration, cela est d\u00fb au processus d\u00e9clench\u00e9 depuis des mois par le fisc qui suit son cours, r\u00e9clamant 3,6 milliards F CFA \u00e0 Bougane Gueye Dany. Ainsi, apr\u00e8s ceux de Sen Tv, le fisc, qui boucle l\u2019ann\u00e9e fiscale, a bloqu\u00e9 les comptes de la radio du groupe. En face, Bougane Gueye campe sur sa position et assure qu\u2019il ne doit rien aux Imp\u00f4ts. \u00ab&nbsp;Je ne leur dois rien. Ils peuvent fermer D-m\u00e9dia mais cela n\u2019alt\u00e9rera en rien mon engagement \u00e0 combattre le r\u00e9gime de Macky Sall&nbsp;\u00bb, a-t-il r\u00e9pondu \u00e0 Lib\u00e9ration. Amath SARR","og_url":"https:\/\/www.public.sn\/index.php\/2022\/12\/09\/blocage-des-comptes-de-zik-fm-la-colere-de-bougane\/","og_site_name":"LE PUBLIC","article_published_time":"2022-12-09T09:19:42+00:00","article_modified_time":"2022-12-09T09:55:54+00:00","og_image":[{"width":289,"height":175,"url":"https:\/\/www.public.sn\/wp-content\/uploads\/2022\/12\/telechargement-3.jpg","type":"image\/jpeg"}],"author":"LA REDACTION","twitter_card":"summary_large_image","twitter_misc":{"\u00c9crit par":"LA REDACTION","Dur\u00e9e de lecture estim\u00e9e":"1 minute"},"schema":{"@context":"https:\/\/schema.org","@graph":[{"@type":"Article","@id":"https:\/\/www.public.sn\/index.php\/2022\/12\/09\/blocage-des-comptes-de-zik-fm-la-colere-de-bougane\/#article","isPartOf":{"@id":"https:\/\/www.public.sn\/index.php\/2022\/12\/09\/blocage-des-comptes-de-zik-fm-la-colere-de-bougane\/"},"author":{"name":"LA REDACTION","@id":"https:\/\/www.public.sn\/#\/schema\/person\/cb76c8e1b8becc6be61fb5e92d6d0224"},"headline":"Blocage des comptes de Zik Fm\u00a0: La col\u00e8re de Bougane","datePublished":"2022-12-09T09:19:42+00:00","dateModified":"2022-12-09T09:55:54+00:00","mainEntityOfPage":{"@id":"https:\/\/www.public.sn\/index.php\/2022\/12\/09\/blocage-des-comptes-de-zik-fm-la-colere-de-bougane\/"},"wordCount":157,"commentCount":0,"publisher":{"@id":"https:\/\/www.public.sn\/#organization"},"image":{"@id":"https:\/\/www.public.sn\/index.php\/2022\/12\/09\/blocage-des-comptes-de-zik-fm-la-colere-de-bougane\/#primaryimage"},"thumbnailUrl":"https:\/\/www.public.sn\/wp-content\/uploads\/2022\/12\/telechargement-3.jpg","articleSection":["M\u00c9DIAS","S\u00c9N\u00c9GAL"],"inLanguage":"fr-FR","potentialAction":[{"@type":"CommentAction","name":"Comment","target":["https:\/\/www.public.sn\/index.php\/2022\/12\/09\/blocage-des-comptes-de-zik-fm-la-colere-de-bougane\/#respond"]}]},{"@type":"WebPage","@id":"https:\/\/www.public.sn\/index.php\/2022\/12\/09\/blocage-des-comptes-de-zik-fm-la-colere-de-bougane\/","url":"https:\/\/www.public.sn\/index.php\/2022\/12\/09\/blocage-des-comptes-de-zik-fm-la-colere-de-bougane\/","name":"Blocage des comptes de Zik Fm\u00a0: La col\u00e8re de Bougane - LE PUBLIC","isPartOf":{"@id":"https:\/\/www.public.sn\/#website"},"primaryImageOfPage":{"@id":"https:\/\/www.public.sn\/index.php\/2022\/12\/09\/blocage-des-comptes-de-zik-fm-la-colere-de-bougane\/#primaryimage"},"image":{"@id":"https:\/\/www.public.sn\/index.php\/2022\/12\/09\/blocage-des-comptes-de-zik-fm-la-colere-de-bougane\/#primaryimage"},"thumbnailUrl":"https:\/\/www.public.sn\/wp-content\/uploads\/2022\/12\/telechargement-3.jpg","datePublished":"2022-12-09T09:19:42+00:00","dateModified":"2022-12-09T09:55:54+00:00","breadcrumb":{"@id":"https:\/\/www.public.sn\/index.php\/2022\/12\/09\/blocage-des-comptes-de-zik-fm-la-colere-de-bougane\/#breadcrumb"},"inLanguage":"fr-FR","potentialAction":[{"@type":"ReadAction","target":["https:\/\/www.public.sn\/index.php\/2022\/12\/09\/blocage-des-comptes-de-zik-fm-la-colere-de-bougane\/"]}]},{"@type":"ImageObject","inLanguage":"fr-FR","@id":"https:\/\/www.public.sn\/index.php\/2022\/12\/09\/blocage-des-comptes-de-zik-fm-la-colere-de-bougane\/#primaryimage","url":"https:\/\/www.public.sn\/wp-content\/uploads\/2022\/12\/telechargement-3.jpg","contentUrl":"https:\/\/www.public.sn\/wp-content\/uploads\/2022\/12\/telechargement-3.jpg","width":289,"height":175},{"@type":"BreadcrumbList","@id":"https:\/\/www.public.sn\/index.php\/2022\/12\/09\/blocage-des-comptes-de-zik-fm-la-colere-de-bougane\/#breadcrumb","itemListElement":[{"@type":"ListItem","position":1,"name":"Accueil","item":"https:\/\/www.public.sn\/"},{"@type":"ListItem","position":2,"name":"Blocage des comptes de Zik Fm\u00a0: La col\u00e8re de Bougane"}]},{"@type":"WebSite","@id":"https:\/\/www.public.sn\/#website","url":"https:\/\/www.public.sn\/","name":"LE PUBLIC","description":"","publisher":{"@id":"https:\/\/www.public.sn\/#organization"},"potentialAction":[{"@type":"SearchAction","target":{"@type":"EntryPoint","urlTemplate":"https:\/\/www.public.sn\/?s={search_term_string}"},"query-input":{"@type":"PropertyValueSpecification","valueRequired":true,"valueName":"search_term_string"}}],"inLanguage":"fr-FR"},{"@type":"Organization","@id":"https:\/\/www.public.sn\/#organization","name":"LE PUBLIC","url":"https:\/\/www.public.sn\/","logo":{"@type":"ImageObject","inLanguage":"fr-FR","@id":"https:\/\/www.public.sn\/#\/schema\/logo\/image\/","url":"https:\/\/www.public.sn\/wp-content\/uploads\/2024\/05\/cropped-LOGO-PUBLIC.SN_.png","contentUrl":"https:\/\/www.public.sn\/wp-content\/uploads\/2024\/05\/cropped-LOGO-PUBLIC.SN_.png","width":682,"height":192,"caption":"LE PUBLIC"},"image":{"@id":"https:\/\/www.public.sn\/#\/schema\/logo\/image\/"}},{"@type":"Person","@id":"https:\/\/www.public.sn\/#\/schema\/person\/cb76c8e1b8becc6be61fb5e92d6d0224","name":"LA REDACTION","image":{"@type":"ImageObject","inLanguage":"fr-FR","@id":"https:\/\/www.public.sn\/#\/schema\/person\/image\/","url":"https:\/\/secure.gravatar.com\/avatar\/2dce5ddd34b8fef0180efe03aa2a9bee7d953856048f9a16b298190a3178407c?s=96&d=mm&r=g","contentUrl":"https:\/\/secure.gravatar.com\/avatar\/2dce5ddd34b8fef0180efe03aa2a9bee7d953856048f9a16b298190a3178407c?s=96&d=mm&r=g","caption":"LA REDACTION"},"url":"https:\/\/www.public.sn\/index.php\/author\/editeurpsn\/"}]}},"jetpack_featured_media_url":"https:\/\/www.public.sn\/wp-content\/uploads\/2022\/12\/telechargement-3.jpg","jetpack_sharing_enabled":true,"_links":{"self":[{"href":"https:\/\/www.public.sn\/index.php\/wp-json\/wp\/v2\/posts\/11312","targetHints":{"allow":["GET"]}}],"collection":[{"href":"https:\/\/www.public.sn\/index.php\/wp-json\/wp\/v2\/posts"}],"about":[{"href":"https:\/\/www.public.sn\/index.php\/wp-json\/wp\/v2\/types\/post"}],"author":[{"embeddable":true,"href":"https:\/\/www.public.sn\/index.php\/wp-json\/wp\/v2\/users\/7"}],"replies":[{"embeddable":true,"href":"https:\/\/www.public.sn\/index.php\/wp-json\/wp\/v2\/comments?post=11312"}],"version-history":[{"count":2,"href":"https:\/\/www.public.sn\/index.php\/wp-json\/wp\/v2\/posts\/11312\/revisions"}],"predecessor-version":[{"id":11318,"href":"https:\/\/www.public.sn\/index.php\/wp-json\/wp\/v2\/posts\/11312\/revisions\/11318"}],"wp:featuredmedia":[{"embeddable":true,"href":"https:\/\/www.public.sn\/index.php\/wp-json\/wp\/v2\/media\/11313"}],"wp:attachment":[{"href":"https:\/\/www.public.sn\/index.php\/wp-json\/wp\/v2\/media?parent=11312"}],"wp:term":[{"taxonomy":"category","embeddable":true,"href":"https:\/\/www.public.sn\/index.php\/wp-json\/wp\/v2\/categories?post=11312"},{"taxonomy":"post_tag","embeddable":true,"href":"https:\/\/www.public.sn\/index.php\/wp-json\/wp\/v2\/tags?post=11312"}],"curies":[{"name":"wp","href":"https:\/\/api.w.org\/{rel}","templated":true}]}}