{"id":11322,"date":"2022-12-09T14:09:03","date_gmt":"2022-12-09T14:09:03","guid":{"rendered":"https:\/\/www.public.sn\/?p=11322"},"modified":"2022-12-09T14:09:04","modified_gmt":"2022-12-09T14:09:04","slug":"seydi-gassama-pape-ale-niang-doit-etre-libre-et-sans-condition","status":"publish","type":"post","link":"https:\/\/www.public.sn\/index.php\/2022\/12\/09\/seydi-gassama-pape-ale-niang-doit-etre-libre-et-sans-condition\/","title":{"rendered":"SEYDI GASSAMA\u00a0: Pape Al\u00e9 Niang doit \u00eatre libre et sans Condition"},"content":{"rendered":"\n<p>Le journaliste,&nbsp;<a href=\"https:\/\/senegal7.com\/audition-de-pape-ale-ce-vendredi-la-cap-appelle-a-une-grande-mobilisation\/\">Pape Al\u00e9 Niang<\/a>, arr\u00eat\u00e9 depuis le 6 novembre et d\u00e9tenu \u00e0<a href=\"https:\/\/senegal7.com\/audition-de-pape-ale-ce-vendredi-la-cap-appelle-a-une-grande-mobilisation\/\">&nbsp;la prison de S\u00e9bikotane<\/a>&nbsp;depuis un (1) mois fait face ce vendredi, au juge du deuxi\u00e8me cabinet, Mamadou Seck.<br>Une occasion pour Seydi Gassama de r\u00e9it\u00e9rer son soutien \u00e0 l\u2019endroit du journaliste d\u2019investigation.<\/p><div class=\"publi-paragraphe1\" style=\"margin-top: 10px;margin-bottom: 10px;margin-left: auto;margin-right: auto;text-align: center;\" id=\"publi-518719570\"><div class=\"publi-adlabel\">Publicit\u00e9<\/div><script async src=\"\/\/pagead2.googlesyndication.com\/pagead\/js\/adsbygoogle.js?client=ca-pub-4089586018074219\" crossorigin=\"anonymous\"><\/script><ins class=\"adsbygoogle\" style=\"display:block;\" data-ad-client=\"ca-pub-4089586018074219\" \ndata-ad-slot=\"2087940154\" \ndata-ad-format=\"auto\"><\/ins>\n<script> \n(adsbygoogle = window.adsbygoogle || []).push({}); \n<\/script>\n<\/div>\n\n\n\n<p>Ainsi le d\u00e9fenseur des Droits de l\u2019homme exige une lib\u00e9ration imm\u00e9diate et sans condition de l\u2019administrateur du site Dakarmatin.<\/p>\n\n\n\n<p>\u00abD\u00e8s l\u2019introduction de la demande de libert\u00e9 provisoire par ses avocats, Pape Al\u00e9 Niang doit \u00eatre remis en libert\u00e9, car il pr\u00e9sente toutes les garanties de repr\u00e9sentation\u00bb, a-t-il notamment tweeter.<\/p>\n\n\n\n<p>Souadou Diop<\/p>\n<div class=\"publi-apres-le-contenu\" style=\"margin-top: 10px;margin-bottom: 10px;margin-left: auto;margin-right: auto;text-align: center;\" id=\"publi-3935338715\"><div class=\"publi-adlabel\">Publicit\u00e9<\/div><script async src=\"\/\/pagead2.googlesyndication.com\/pagead\/js\/adsbygoogle.js?client=ca-pub-4089586018074219\" crossorigin=\"anonymous\"><\/script><ins class=\"adsbygoogle\" style=\"display:block;\" data-ad-client=\"ca-pub-4089586018074219\" \ndata-ad-slot=\"2087940154\" \ndata-ad-format=\"auto\"><\/ins>\n<script> \n(adsbygoogle = window.adsbygoogle || []).push({}); \n<\/script>\n<\/div>","protected":false},"excerpt":{"rendered":"<p>Le journaliste,&nbsp;Pape Al\u00e9 Niang, arr\u00eat\u00e9 depuis le 6 novembre et d\u00e9tenu \u00e0&nbsp;la prison de S\u00e9bikotane&nbsp;depuis un (1) mois fait face ce vendredi, au juge du deuxi\u00e8me cabinet, Mamadou Seck.Une occasion pour Seydi Gassama de r\u00e9it\u00e9rer son soutien \u00e0 l\u2019endroit du journaliste d\u2019investigation. Ainsi le d\u00e9fenseur des Droits de l\u2019homme exige une lib\u00e9ration imm\u00e9diate et sans condition de l\u2019administrateur du site Dakarmatin. \u00abD\u00e8s l\u2019introduction de la demande de libert\u00e9 provisoire par ses avocats, Pape Al\u00e9 Niang doit \u00eatre remis en libert\u00e9, car il pr\u00e9sente toutes les garanties de repr\u00e9sentation\u00bb, a-t-il notamment tweeter. Souadou Diop<\/p>\n","protected":false},"author":7,"featured_media":11316,"comment_status":"open","ping_status":"open","sticky":false,"template":"","format":"standard","meta":{"_jetpack_memberships_contains_paid_content":false,"footnotes":""},"categories":[375,961,8,1,4],"tags":[2067,2489,2066],"class_list":["post-11322","post","type-post","status-publish","format-standard","has-post-thumbnail","hentry","category-actualites","category-medias","category-public-tv","category-non-classe","category-societe","tag-liberation","tag-pape-ale-niang","tag-seydi-gassama","entry","has-media","owp-thumbs-layout-horizontal","owp-btn-normal","owp-tabs-layout-horizontal","has-no-thumbnails","has-product-nav"],"yoast_head":"<!-- This site is optimized with the Yoast SEO plugin v25.5 - https:\/\/yoast.com\/wordpress\/plugins\/seo\/ -->\n<title>SEYDI GASSAMA\u00a0: Pape Al\u00e9 Niang doit \u00eatre libre et sans Condition - LE PUBLIC<\/title>\n<meta name=\"robots\" content=\"index, follow, max-snippet:-1, max-image-preview:large, max-video-preview:-1\" \/>\n<link rel=\"canonical\" href=\"https:\/\/www.public.sn\/index.php\/2022\/12\/09\/seydi-gassama-pape-ale-niang-doit-etre-libre-et-sans-condition\/\" \/>\n<meta property=\"og:locale\" content=\"fr_FR\" \/>\n<meta property=\"og:type\" content=\"article\" \/>\n<meta property=\"og:title\" content=\"SEYDI GASSAMA\u00a0: Pape Al\u00e9 Niang doit \u00eatre libre et sans Condition - LE PUBLIC\" \/>\n<meta property=\"og:description\" content=\"Le journaliste,&nbsp;Pape Al\u00e9 Niang, arr\u00eat\u00e9 depuis le 6 novembre et d\u00e9tenu \u00e0&nbsp;la prison de S\u00e9bikotane&nbsp;depuis un (1) mois fait face ce vendredi, au juge du deuxi\u00e8me cabinet, Mamadou Seck.Une occasion pour Seydi Gassama de r\u00e9it\u00e9rer son soutien \u00e0 l\u2019endroit du journaliste d\u2019investigation. Ainsi le d\u00e9fenseur des Droits de l\u2019homme exige une lib\u00e9ration imm\u00e9diate et sans condition de l\u2019administrateur du site Dakarmatin. \u00abD\u00e8s l\u2019introduction de la demande de libert\u00e9 provisoire par ses avocats, Pape Al\u00e9 Niang doit \u00eatre remis en libert\u00e9, car il pr\u00e9sente toutes les garanties de repr\u00e9sentation\u00bb, a-t-il notamment tweeter. Souadou Diop\" \/>\n<meta property=\"og:url\" content=\"https:\/\/www.public.sn\/index.php\/2022\/12\/09\/seydi-gassama-pape-ale-niang-doit-etre-libre-et-sans-condition\/\" \/>\n<meta property=\"og:site_name\" content=\"LE PUBLIC\" \/>\n<meta property=\"article:published_time\" content=\"2022-12-09T14:09:03+00:00\" \/>\n<meta property=\"article:modified_time\" content=\"2022-12-09T14:09:04+00:00\" \/>\n<meta property=\"og:image\" content=\"https:\/\/www.public.sn\/wp-content\/uploads\/2022\/12\/telechargement-4.jpg\" \/>\n\t<meta property=\"og:image:width\" content=\"191\" \/>\n\t<meta property=\"og:image:height\" content=\"264\" \/>\n\t<meta property=\"og:image:type\" content=\"image\/jpeg\" \/>\n<meta name=\"author\" content=\"LA REDACTION\" \/>\n<meta name=\"twitter:card\" content=\"summary_large_image\" \/>\n<meta name=\"twitter:label1\" content=\"\u00c9crit par\" \/>\n\t<meta name=\"twitter:data1\" content=\"LA REDACTION\" \/>\n\t<meta name=\"twitter:label2\" content=\"Dur\u00e9e de lecture estim\u00e9e\" \/>\n\t<meta name=\"twitter:data2\" content=\"1 minute\" \/>\n<script type=\"application\/ld+json\" class=\"yoast-schema-graph\">{\"@context\":\"https:\/\/schema.org\",\"@graph\":[{\"@type\":\"Article\",\"@id\":\"https:\/\/www.public.sn\/index.php\/2022\/12\/09\/seydi-gassama-pape-ale-niang-doit-etre-libre-et-sans-condition\/#article\",\"isPartOf\":{\"@id\":\"https:\/\/www.public.sn\/index.php\/2022\/12\/09\/seydi-gassama-pape-ale-niang-doit-etre-libre-et-sans-condition\/\"},\"author\":{\"name\":\"LA REDACTION\",\"@id\":\"https:\/\/www.public.sn\/#\/schema\/person\/cb76c8e1b8becc6be61fb5e92d6d0224\"},\"headline\":\"SEYDI GASSAMA\u00a0: Pape Al\u00e9 Niang doit \u00eatre libre et sans Condition\",\"datePublished\":\"2022-12-09T14:09:03+00:00\",\"dateModified\":\"2022-12-09T14:09:04+00:00\",\"mainEntityOfPage\":{\"@id\":\"https:\/\/www.public.sn\/index.php\/2022\/12\/09\/seydi-gassama-pape-ale-niang-doit-etre-libre-et-sans-condition\/\"},\"wordCount\":124,\"commentCount\":0,\"publisher\":{\"@id\":\"https:\/\/www.public.sn\/#organization\"},\"image\":{\"@id\":\"https:\/\/www.public.sn\/index.php\/2022\/12\/09\/seydi-gassama-pape-ale-niang-doit-etre-libre-et-sans-condition\/#primaryimage\"},\"thumbnailUrl\":\"https:\/\/www.public.sn\/wp-content\/uploads\/2022\/12\/telechargement-4.jpg\",\"keywords\":[\"liberation\",\"Pape Al\u00e9 Niang\",\"seydi gassama\"],\"articleSection\":[\"ACTUALIT\u00c9S\",\"M\u00c9DIAS\",\"PUBLIC TV\",\"S\u00c9N\u00c9GAL\",\"SOCIETE\"],\"inLanguage\":\"fr-FR\",\"potentialAction\":[{\"@type\":\"CommentAction\",\"name\":\"Comment\",\"target\":[\"https:\/\/www.public.sn\/index.php\/2022\/12\/09\/seydi-gassama-pape-ale-niang-doit-etre-libre-et-sans-condition\/#respond\"]}]},{\"@type\":\"WebPage\",\"@id\":\"https:\/\/www.public.sn\/index.php\/2022\/12\/09\/seydi-gassama-pape-ale-niang-doit-etre-libre-et-sans-condition\/\",\"url\":\"https:\/\/www.public.sn\/index.php\/2022\/12\/09\/seydi-gassama-pape-ale-niang-doit-etre-libre-et-sans-condition\/\",\"name\":\"SEYDI GASSAMA\u00a0: Pape Al\u00e9 Niang doit \u00eatre libre et sans Condition - LE PUBLIC\",\"isPartOf\":{\"@id\":\"https:\/\/www.public.sn\/#website\"},\"primaryImageOfPage\":{\"@id\":\"https:\/\/www.public.sn\/index.php\/2022\/12\/09\/seydi-gassama-pape-ale-niang-doit-etre-libre-et-sans-condition\/#primaryimage\"},\"image\":{\"@id\":\"https:\/\/www.public.sn\/index.php\/2022\/12\/09\/seydi-gassama-pape-ale-niang-doit-etre-libre-et-sans-condition\/#primaryimage\"},\"thumbnailUrl\":\"https:\/\/www.public.sn\/wp-content\/uploads\/2022\/12\/telechargement-4.jpg\",\"datePublished\":\"2022-12-09T14:09:03+00:00\",\"dateModified\":\"2022-12-09T14:09:04+00:00\",\"breadcrumb\":{\"@id\":\"https:\/\/www.public.sn\/index.php\/2022\/12\/09\/seydi-gassama-pape-ale-niang-doit-etre-libre-et-sans-condition\/#breadcrumb\"},\"inLanguage\":\"fr-FR\",\"potentialAction\":[{\"@type\":\"ReadAction\",\"target\":[\"https:\/\/www.public.sn\/index.php\/2022\/12\/09\/seydi-gassama-pape-ale-niang-doit-etre-libre-et-sans-condition\/\"]}]},{\"@type\":\"ImageObject\",\"inLanguage\":\"fr-FR\",\"@id\":\"https:\/\/www.public.sn\/index.php\/2022\/12\/09\/seydi-gassama-pape-ale-niang-doit-etre-libre-et-sans-condition\/#primaryimage\",\"url\":\"https:\/\/www.public.sn\/wp-content\/uploads\/2022\/12\/telechargement-4.jpg\",\"contentUrl\":\"https:\/\/www.public.sn\/wp-content\/uploads\/2022\/12\/telechargement-4.jpg\",\"width\":191,\"height\":264},{\"@type\":\"BreadcrumbList\",\"@id\":\"https:\/\/www.public.sn\/index.php\/2022\/12\/09\/seydi-gassama-pape-ale-niang-doit-etre-libre-et-sans-condition\/#breadcrumb\",\"itemListElement\":[{\"@type\":\"ListItem\",\"position\":1,\"name\":\"Accueil\",\"item\":\"https:\/\/www.public.sn\/\"},{\"@type\":\"ListItem\",\"position\":2,\"name\":\"SEYDI GASSAMA\u00a0: Pape Al\u00e9 Niang doit \u00eatre libre et sans Condition\"}]},{\"@type\":\"WebSite\",\"@id\":\"https:\/\/www.public.sn\/#website\",\"url\":\"https:\/\/www.public.sn\/\",\"name\":\"LE PUBLIC\",\"description\":\"\",\"publisher\":{\"@id\":\"https:\/\/www.public.sn\/#organization\"},\"potentialAction\":[{\"@type\":\"SearchAction\",\"target\":{\"@type\":\"EntryPoint\",\"urlTemplate\":\"https:\/\/www.public.sn\/?s={search_term_string}\"},\"query-input\":{\"@type\":\"PropertyValueSpecification\",\"valueRequired\":true,\"valueName\":\"search_term_string\"}}],\"inLanguage\":\"fr-FR\"},{\"@type\":\"Organization\",\"@id\":\"https:\/\/www.public.sn\/#organization\",\"name\":\"LE PUBLIC\",\"url\":\"https:\/\/www.public.sn\/\",\"logo\":{\"@type\":\"ImageObject\",\"inLanguage\":\"fr-FR\",\"@id\":\"https:\/\/www.public.sn\/#\/schema\/logo\/image\/\",\"url\":\"https:\/\/www.public.sn\/wp-content\/uploads\/2024\/05\/cropped-LOGO-PUBLIC.SN_.png\",\"contentUrl\":\"https:\/\/www.public.sn\/wp-content\/uploads\/2024\/05\/cropped-LOGO-PUBLIC.SN_.png\",\"width\":682,\"height\":192,\"caption\":\"LE PUBLIC\"},\"image\":{\"@id\":\"https:\/\/www.public.sn\/#\/schema\/logo\/image\/\"}},{\"@type\":\"Person\",\"@id\":\"https:\/\/www.public.sn\/#\/schema\/person\/cb76c8e1b8becc6be61fb5e92d6d0224\",\"name\":\"LA REDACTION\",\"image\":{\"@type\":\"ImageObject\",\"inLanguage\":\"fr-FR\",\"@id\":\"https:\/\/www.public.sn\/#\/schema\/person\/image\/\",\"url\":\"https:\/\/secure.gravatar.com\/avatar\/2dce5ddd34b8fef0180efe03aa2a9bee7d953856048f9a16b298190a3178407c?s=96&d=mm&r=g\",\"contentUrl\":\"https:\/\/secure.gravatar.com\/avatar\/2dce5ddd34b8fef0180efe03aa2a9bee7d953856048f9a16b298190a3178407c?s=96&d=mm&r=g\",\"caption\":\"LA REDACTION\"},\"url\":\"https:\/\/www.public.sn\/index.php\/author\/editeurpsn\/\"}]}<\/script>\n<!-- \/ Yoast SEO plugin. -->","yoast_head_json":{"title":"SEYDI GASSAMA\u00a0: Pape Al\u00e9 Niang doit \u00eatre libre et sans Condition - LE PUBLIC","robots":{"index":"index","follow":"follow","max-snippet":"max-snippet:-1","max-image-preview":"max-image-preview:large","max-video-preview":"max-video-preview:-1"},"canonical":"https:\/\/www.public.sn\/index.php\/2022\/12\/09\/seydi-gassama-pape-ale-niang-doit-etre-libre-et-sans-condition\/","og_locale":"fr_FR","og_type":"article","og_title":"SEYDI GASSAMA\u00a0: Pape Al\u00e9 Niang doit \u00eatre libre et sans Condition - LE PUBLIC","og_description":"Le journaliste,&nbsp;Pape Al\u00e9 Niang, arr\u00eat\u00e9 depuis le 6 novembre et d\u00e9tenu \u00e0&nbsp;la prison de S\u00e9bikotane&nbsp;depuis un (1) mois fait face ce vendredi, au juge du deuxi\u00e8me cabinet, Mamadou Seck.Une occasion pour Seydi Gassama de r\u00e9it\u00e9rer son soutien \u00e0 l\u2019endroit du journaliste d\u2019investigation. Ainsi le d\u00e9fenseur des Droits de l\u2019homme exige une lib\u00e9ration imm\u00e9diate et sans condition de l\u2019administrateur du site Dakarmatin. \u00abD\u00e8s l\u2019introduction de la demande de libert\u00e9 provisoire par ses avocats, Pape Al\u00e9 Niang doit \u00eatre remis en libert\u00e9, car il pr\u00e9sente toutes les garanties de repr\u00e9sentation\u00bb, a-t-il notamment tweeter. Souadou Diop","og_url":"https:\/\/www.public.sn\/index.php\/2022\/12\/09\/seydi-gassama-pape-ale-niang-doit-etre-libre-et-sans-condition\/","og_site_name":"LE PUBLIC","article_published_time":"2022-12-09T14:09:03+00:00","article_modified_time":"2022-12-09T14:09:04+00:00","og_image":[{"width":191,"height":264,"url":"https:\/\/www.public.sn\/wp-content\/uploads\/2022\/12\/telechargement-4.jpg","type":"image\/jpeg"}],"author":"LA REDACTION","twitter_card":"summary_large_image","twitter_misc":{"\u00c9crit par":"LA REDACTION","Dur\u00e9e de lecture estim\u00e9e":"1 minute"},"schema":{"@context":"https:\/\/schema.org","@graph":[{"@type":"Article","@id":"https:\/\/www.public.sn\/index.php\/2022\/12\/09\/seydi-gassama-pape-ale-niang-doit-etre-libre-et-sans-condition\/#article","isPartOf":{"@id":"https:\/\/www.public.sn\/index.php\/2022\/12\/09\/seydi-gassama-pape-ale-niang-doit-etre-libre-et-sans-condition\/"},"author":{"name":"LA REDACTION","@id":"https:\/\/www.public.sn\/#\/schema\/person\/cb76c8e1b8becc6be61fb5e92d6d0224"},"headline":"SEYDI GASSAMA\u00a0: Pape Al\u00e9 Niang doit \u00eatre libre et sans Condition","datePublished":"2022-12-09T14:09:03+00:00","dateModified":"2022-12-09T14:09:04+00:00","mainEntityOfPage":{"@id":"https:\/\/www.public.sn\/index.php\/2022\/12\/09\/seydi-gassama-pape-ale-niang-doit-etre-libre-et-sans-condition\/"},"wordCount":124,"commentCount":0,"publisher":{"@id":"https:\/\/www.public.sn\/#organization"},"image":{"@id":"https:\/\/www.public.sn\/index.php\/2022\/12\/09\/seydi-gassama-pape-ale-niang-doit-etre-libre-et-sans-condition\/#primaryimage"},"thumbnailUrl":"https:\/\/www.public.sn\/wp-content\/uploads\/2022\/12\/telechargement-4.jpg","keywords":["liberation","Pape Al\u00e9 Niang","seydi gassama"],"articleSection":["ACTUALIT\u00c9S","M\u00c9DIAS","PUBLIC TV","S\u00c9N\u00c9GAL","SOCIETE"],"inLanguage":"fr-FR","potentialAction":[{"@type":"CommentAction","name":"Comment","target":["https:\/\/www.public.sn\/index.php\/2022\/12\/09\/seydi-gassama-pape-ale-niang-doit-etre-libre-et-sans-condition\/#respond"]}]},{"@type":"WebPage","@id":"https:\/\/www.public.sn\/index.php\/2022\/12\/09\/seydi-gassama-pape-ale-niang-doit-etre-libre-et-sans-condition\/","url":"https:\/\/www.public.sn\/index.php\/2022\/12\/09\/seydi-gassama-pape-ale-niang-doit-etre-libre-et-sans-condition\/","name":"SEYDI GASSAMA\u00a0: Pape Al\u00e9 Niang doit \u00eatre libre et sans Condition - LE PUBLIC","isPartOf":{"@id":"https:\/\/www.public.sn\/#website"},"primaryImageOfPage":{"@id":"https:\/\/www.public.sn\/index.php\/2022\/12\/09\/seydi-gassama-pape-ale-niang-doit-etre-libre-et-sans-condition\/#primaryimage"},"image":{"@id":"https:\/\/www.public.sn\/index.php\/2022\/12\/09\/seydi-gassama-pape-ale-niang-doit-etre-libre-et-sans-condition\/#primaryimage"},"thumbnailUrl":"https:\/\/www.public.sn\/wp-content\/uploads\/2022\/12\/telechargement-4.jpg","datePublished":"2022-12-09T14:09:03+00:00","dateModified":"2022-12-09T14:09:04+00:00","breadcrumb":{"@id":"https:\/\/www.public.sn\/index.php\/2022\/12\/09\/seydi-gassama-pape-ale-niang-doit-etre-libre-et-sans-condition\/#breadcrumb"},"inLanguage":"fr-FR","potentialAction":[{"@type":"ReadAction","target":["https:\/\/www.public.sn\/index.php\/2022\/12\/09\/seydi-gassama-pape-ale-niang-doit-etre-libre-et-sans-condition\/"]}]},{"@type":"ImageObject","inLanguage":"fr-FR","@id":"https:\/\/www.public.sn\/index.php\/2022\/12\/09\/seydi-gassama-pape-ale-niang-doit-etre-libre-et-sans-condition\/#primaryimage","url":"https:\/\/www.public.sn\/wp-content\/uploads\/2022\/12\/telechargement-4.jpg","contentUrl":"https:\/\/www.public.sn\/wp-content\/uploads\/2022\/12\/telechargement-4.jpg","width":191,"height":264},{"@type":"BreadcrumbList","@id":"https:\/\/www.public.sn\/index.php\/2022\/12\/09\/seydi-gassama-pape-ale-niang-doit-etre-libre-et-sans-condition\/#breadcrumb","itemListElement":[{"@type":"ListItem","position":1,"name":"Accueil","item":"https:\/\/www.public.sn\/"},{"@type":"ListItem","position":2,"name":"SEYDI GASSAMA\u00a0: Pape Al\u00e9 Niang doit \u00eatre libre et sans Condition"}]},{"@type":"WebSite","@id":"https:\/\/www.public.sn\/#website","url":"https:\/\/www.public.sn\/","name":"LE PUBLIC","description":"","publisher":{"@id":"https:\/\/www.public.sn\/#organization"},"potentialAction":[{"@type":"SearchAction","target":{"@type":"EntryPoint","urlTemplate":"https:\/\/www.public.sn\/?s={search_term_string}"},"query-input":{"@type":"PropertyValueSpecification","valueRequired":true,"valueName":"search_term_string"}}],"inLanguage":"fr-FR"},{"@type":"Organization","@id":"https:\/\/www.public.sn\/#organization","name":"LE PUBLIC","url":"https:\/\/www.public.sn\/","logo":{"@type":"ImageObject","inLanguage":"fr-FR","@id":"https:\/\/www.public.sn\/#\/schema\/logo\/image\/","url":"https:\/\/www.public.sn\/wp-content\/uploads\/2024\/05\/cropped-LOGO-PUBLIC.SN_.png","contentUrl":"https:\/\/www.public.sn\/wp-content\/uploads\/2024\/05\/cropped-LOGO-PUBLIC.SN_.png","width":682,"height":192,"caption":"LE PUBLIC"},"image":{"@id":"https:\/\/www.public.sn\/#\/schema\/logo\/image\/"}},{"@type":"Person","@id":"https:\/\/www.public.sn\/#\/schema\/person\/cb76c8e1b8becc6be61fb5e92d6d0224","name":"LA REDACTION","image":{"@type":"ImageObject","inLanguage":"fr-FR","@id":"https:\/\/www.public.sn\/#\/schema\/person\/image\/","url":"https:\/\/secure.gravatar.com\/avatar\/2dce5ddd34b8fef0180efe03aa2a9bee7d953856048f9a16b298190a3178407c?s=96&d=mm&r=g","contentUrl":"https:\/\/secure.gravatar.com\/avatar\/2dce5ddd34b8fef0180efe03aa2a9bee7d953856048f9a16b298190a3178407c?s=96&d=mm&r=g","caption":"LA REDACTION"},"url":"https:\/\/www.public.sn\/index.php\/author\/editeurpsn\/"}]}},"jetpack_featured_media_url":"https:\/\/www.public.sn\/wp-content\/uploads\/2022\/12\/telechargement-4.jpg","jetpack_sharing_enabled":true,"_links":{"self":[{"href":"https:\/\/www.public.sn\/index.php\/wp-json\/wp\/v2\/posts\/11322","targetHints":{"allow":["GET"]}}],"collection":[{"href":"https:\/\/www.public.sn\/index.php\/wp-json\/wp\/v2\/posts"}],"about":[{"href":"https:\/\/www.public.sn\/index.php\/wp-json\/wp\/v2\/types\/post"}],"author":[{"embeddable":true,"href":"https:\/\/www.public.sn\/index.php\/wp-json\/wp\/v2\/users\/7"}],"replies":[{"embeddable":true,"href":"https:\/\/www.public.sn\/index.php\/wp-json\/wp\/v2\/comments?post=11322"}],"version-history":[{"count":1,"href":"https:\/\/www.public.sn\/index.php\/wp-json\/wp\/v2\/posts\/11322\/revisions"}],"predecessor-version":[{"id":11323,"href":"https:\/\/www.public.sn\/index.php\/wp-json\/wp\/v2\/posts\/11322\/revisions\/11323"}],"wp:featuredmedia":[{"embeddable":true,"href":"https:\/\/www.public.sn\/index.php\/wp-json\/wp\/v2\/media\/11316"}],"wp:attachment":[{"href":"https:\/\/www.public.sn\/index.php\/wp-json\/wp\/v2\/media?parent=11322"}],"wp:term":[{"taxonomy":"category","embeddable":true,"href":"https:\/\/www.public.sn\/index.php\/wp-json\/wp\/v2\/categories?post=11322"},{"taxonomy":"post_tag","embeddable":true,"href":"https:\/\/www.public.sn\/index.php\/wp-json\/wp\/v2\/tags?post=11322"}],"curies":[{"name":"wp","href":"https:\/\/api.w.org\/{rel}","templated":true}]}}