{"id":11324,"date":"2022-12-09T15:15:40","date_gmt":"2022-12-09T15:15:40","guid":{"rendered":"https:\/\/www.public.sn\/?p=11324"},"modified":"2022-12-09T15:15:42","modified_gmt":"2022-12-09T15:15:42","slug":"parquet-amath-suzanne-camara-bah-diakhate-vises-par-une-plainte","status":"publish","type":"post","link":"https:\/\/www.public.sn\/index.php\/2022\/12\/09\/parquet-amath-suzanne-camara-bah-diakhate-vises-par-une-plainte\/","title":{"rendered":"PARQUET: Amath Suzanne Camara, Bah Diakhat\u00e9 vis\u00e9s par une plainte"},"content":{"rendered":"\n<p>&nbsp;Me Khoureychi B\u00e2 annonce que La Famille de Didier Badji a d\u00e9cid\u00e9 de d\u00e9poser une plainte contre Amath Suzanne Camara, Bah Diakhat\u00e9 et le titulaire d\u2019un compte Facebook &nbsp;d\u00e9nomm\u00e9 \u00abBaatou Deugue\u00bb.<\/p><div class=\"publi-paragraphe1\" style=\"margin-top: 10px;margin-bottom: 10px;margin-left: auto;margin-right: auto;text-align: center;\" id=\"publi-2040968966\"><div class=\"publi-adlabel\">Publicit\u00e9<\/div><script async src=\"\/\/pagead2.googlesyndication.com\/pagead\/js\/adsbygoogle.js?client=ca-pub-4089586018074219\" crossorigin=\"anonymous\"><\/script><ins class=\"adsbygoogle\" style=\"display:block;\" data-ad-client=\"ca-pub-4089586018074219\" \ndata-ad-slot=\"2087940154\" \ndata-ad-format=\"auto\"><\/ins>\n<script> \n(adsbygoogle = window.adsbygoogle || []).push({}); \n<\/script>\n<\/div>\n\n\n\n<p>&nbsp;La famille de l&rsquo;agent&nbsp;<a href=\"https:\/\/www.igfm.sn\/ui\/disparition-suspecte-de-deux-hommes-de-tenue-le-procureur-revele\">Didier Badji, qui a disparu avec Fulbert Sambou<\/a>&nbsp;(lui, a malheureusement \u00e9t\u00e9 retrouv\u00e9 mort), a d\u00e9cid\u00e9 de d\u00e9poser une plainte contre trois personnes : Amath Suzanne Camara, Bah Diakhat\u00e9 et le propri\u00e9taire d&rsquo;un compte facebook.<br>En effet, les trois personnes sont accus\u00e9es d\u2019atteinte \u00e0 l\u2019image, \u00e0 la respectabilit\u00e9, \u00e0 l\u2019honorabilit\u00e9 et au professionnalisme d\u2019un agent de l\u2019\u00c9tat et de diffusion de fausses nouvelles, selon Me Khoureychi B\u00e2.<\/p>\n\n\n\n<p>Pour ce qui est de Bah Diakhat\u00e9, il lui est reproch\u00e9 ses propos sur 7TV. Il avait d\u00e9clar\u00e9 que \u00abla disparition des sous-officiers est li\u00e9e \u00e0 l\u2019arrestation de Monsieur Pape Al\u00e9 Niang\u00bb et d\u2019avoir &nbsp;\u00abtrait\u00e9 les disparus d\u2019alors, de tra\u00eetres.\u00bb<br>En ce qui concerne Amath Suzanne Camara, indique l\u2019avocat, il a affirm\u00e9 \u00abque la disparition des sous-officiers a un lien avec l\u2019arrestation de Monsieur Pape Al\u00e9 Niang et que ces derniers ont \u00e9t\u00e9 assassin\u00e9s.\u00bb<br>Le propri\u00e9taire de la Page Facebook Batou Deugue est aussi vis\u00e9 par la plainte pour avoir \u00abf\u00e9licit\u00e9 l&rsquo;officier g\u00e9n\u00e9ral \u00e0 la source, selon lui, du \u00ab\u00a0nettoyage\u00a0\u00bb des tra\u00eetres r\u00e9v\u00e9l\u00e9s par le t\u00e9l\u00e9phone bavard du journaliste arr\u00eat\u00e9 et &nbsp;se permet de louer sa bravoure\u00bb, indique l&rsquo;avocat.<br><br><\/p>\n\n\n\n<p>Pour la robe noire et la famille de Didier Badji, de telles publications sont mensong\u00e8res, fausses et cibl\u00e9es.<\/p>\n\n\n\n<p>Amath SARR<\/p>\n<div class=\"publi-apres-le-contenu\" style=\"margin-top: 10px;margin-bottom: 10px;margin-left: auto;margin-right: auto;text-align: center;\" id=\"publi-235710828\"><div class=\"publi-adlabel\">Publicit\u00e9<\/div><script async src=\"\/\/pagead2.googlesyndication.com\/pagead\/js\/adsbygoogle.js?client=ca-pub-4089586018074219\" crossorigin=\"anonymous\"><\/script><ins class=\"adsbygoogle\" style=\"display:block;\" data-ad-client=\"ca-pub-4089586018074219\" \ndata-ad-slot=\"2087940154\" \ndata-ad-format=\"auto\"><\/ins>\n<script> \n(adsbygoogle = window.adsbygoogle || []).push({}); \n<\/script>\n<\/div>","protected":false},"excerpt":{"rendered":"<p>&nbsp;Me Khoureychi B\u00e2 annonce que La Famille de Didier Badji a d\u00e9cid\u00e9 de d\u00e9poser une plainte contre Amath Suzanne Camara, Bah Diakhat\u00e9 et le titulaire d\u2019un compte Facebook &nbsp;d\u00e9nomm\u00e9 \u00abBaatou Deugue\u00bb. &nbsp;La famille de l&rsquo;agent&nbsp;Didier Badji, qui a disparu avec Fulbert Sambou&nbsp;(lui, a malheureusement \u00e9t\u00e9 retrouv\u00e9 mort), a d\u00e9cid\u00e9 de d\u00e9poser une plainte contre trois personnes : Amath Suzanne Camara, Bah Diakhat\u00e9 et le propri\u00e9taire d&rsquo;un compte facebook.En effet, les trois personnes sont accus\u00e9es d\u2019atteinte \u00e0 l\u2019image, \u00e0 la respectabilit\u00e9, \u00e0 l\u2019honorabilit\u00e9 et au professionnalisme d\u2019un agent de l\u2019\u00c9tat et de diffusion de fausses nouvelles, selon Me Khoureychi B\u00e2. Pour ce qui est de Bah Diakhat\u00e9, il lui est reproch\u00e9 ses propos sur 7TV. Il avait d\u00e9clar\u00e9 que \u00abla disparition des sous-officiers est li\u00e9e \u00e0 l\u2019arrestation de Monsieur Pape Al\u00e9 Niang\u00bb et d\u2019avoir &nbsp;\u00abtrait\u00e9 les disparus d\u2019alors, de tra\u00eetres.\u00bbEn ce qui concerne Amath Suzanne Camara, indique l\u2019avocat, il a affirm\u00e9 \u00abque la disparition des sous-officiers a un lien avec l\u2019arrestation de Monsieur Pape Al\u00e9 Niang et que ces derniers ont \u00e9t\u00e9 assassin\u00e9s.\u00bbLe propri\u00e9taire de la Page Facebook Batou Deugue est aussi vis\u00e9 par la plainte pour avoir \u00abf\u00e9licit\u00e9 l&rsquo;officier g\u00e9n\u00e9ral \u00e0 la source, selon lui, du \u00ab\u00a0nettoyage\u00a0\u00bb des tra\u00eetres r\u00e9v\u00e9l\u00e9s par le t\u00e9l\u00e9phone bavard du journaliste arr\u00eat\u00e9 et &nbsp;se permet de louer sa bravoure\u00bb, indique l&rsquo;avocat. Pour la robe noire et la famille de Didier Badji, de telles publications sont mensong\u00e8res, fausses et cibl\u00e9es. Amath SARR<\/p>\n","protected":false},"author":7,"featured_media":11328,"comment_status":"open","ping_status":"open","sticky":false,"template":"","format":"standard","meta":{"_jetpack_memberships_contains_paid_content":false,"footnotes":""},"categories":[3724,1],"tags":[3725,3726,24,3727],"class_list":["post-11324","post","type-post","status-publish","format-standard","has-post-thumbnail","hentry","category-justice","category-non-classe","tag-amath-suzanne-camara","tag-famille-didier-badji","tag-justice","tag-plainte-2","entry","has-media","owp-thumbs-layout-horizontal","owp-btn-normal","owp-tabs-layout-horizontal","has-no-thumbnails","has-product-nav"],"yoast_head":"<!-- This site is optimized with the Yoast SEO plugin v25.5 - https:\/\/yoast.com\/wordpress\/plugins\/seo\/ -->\n<title>PARQUET: Amath Suzanne Camara, Bah Diakhat\u00e9 vis\u00e9s par une plainte - LE PUBLIC<\/title>\n<meta name=\"robots\" content=\"index, follow, max-snippet:-1, max-image-preview:large, max-video-preview:-1\" \/>\n<link rel=\"canonical\" href=\"https:\/\/www.public.sn\/index.php\/2022\/12\/09\/parquet-amath-suzanne-camara-bah-diakhate-vises-par-une-plainte\/\" \/>\n<meta property=\"og:locale\" content=\"fr_FR\" \/>\n<meta property=\"og:type\" content=\"article\" \/>\n<meta property=\"og:title\" content=\"PARQUET: Amath Suzanne Camara, Bah Diakhat\u00e9 vis\u00e9s par une plainte - LE PUBLIC\" \/>\n<meta property=\"og:description\" content=\"&nbsp;Me Khoureychi B\u00e2 annonce que La Famille de Didier Badji a d\u00e9cid\u00e9 de d\u00e9poser une plainte contre Amath Suzanne Camara, Bah Diakhat\u00e9 et le titulaire d\u2019un compte Facebook &nbsp;d\u00e9nomm\u00e9 \u00abBaatou Deugue\u00bb. &nbsp;La famille de l&rsquo;agent&nbsp;Didier Badji, qui a disparu avec Fulbert Sambou&nbsp;(lui, a malheureusement \u00e9t\u00e9 retrouv\u00e9 mort), a d\u00e9cid\u00e9 de d\u00e9poser une plainte contre trois personnes : Amath Suzanne Camara, Bah Diakhat\u00e9 et le propri\u00e9taire d&rsquo;un compte facebook.En effet, les trois personnes sont accus\u00e9es d\u2019atteinte \u00e0 l\u2019image, \u00e0 la respectabilit\u00e9, \u00e0 l\u2019honorabilit\u00e9 et au professionnalisme d\u2019un agent de l\u2019\u00c9tat et de diffusion de fausses nouvelles, selon Me Khoureychi B\u00e2. Pour ce qui est de Bah Diakhat\u00e9, il lui est reproch\u00e9 ses propos sur 7TV. Il avait d\u00e9clar\u00e9 que \u00abla disparition des sous-officiers est li\u00e9e \u00e0 l\u2019arrestation de Monsieur Pape Al\u00e9 Niang\u00bb et d\u2019avoir &nbsp;\u00abtrait\u00e9 les disparus d\u2019alors, de tra\u00eetres.\u00bbEn ce qui concerne Amath Suzanne Camara, indique l\u2019avocat, il a affirm\u00e9 \u00abque la disparition des sous-officiers a un lien avec l\u2019arrestation de Monsieur Pape Al\u00e9 Niang et que ces derniers ont \u00e9t\u00e9 assassin\u00e9s.\u00bbLe propri\u00e9taire de la Page Facebook Batou Deugue est aussi vis\u00e9 par la plainte pour avoir \u00abf\u00e9licit\u00e9 l&rsquo;officier g\u00e9n\u00e9ral \u00e0 la source, selon lui, du \u00ab\u00a0nettoyage\u00a0\u00bb des tra\u00eetres r\u00e9v\u00e9l\u00e9s par le t\u00e9l\u00e9phone bavard du journaliste arr\u00eat\u00e9 et &nbsp;se permet de louer sa bravoure\u00bb, indique l&rsquo;avocat. Pour la robe noire et la famille de Didier Badji, de telles publications sont mensong\u00e8res, fausses et cibl\u00e9es. Amath SARR\" \/>\n<meta property=\"og:url\" content=\"https:\/\/www.public.sn\/index.php\/2022\/12\/09\/parquet-amath-suzanne-camara-bah-diakhate-vises-par-une-plainte\/\" \/>\n<meta property=\"og:site_name\" content=\"LE PUBLIC\" \/>\n<meta property=\"article:published_time\" content=\"2022-12-09T15:15:40+00:00\" \/>\n<meta property=\"article:modified_time\" content=\"2022-12-09T15:15:42+00:00\" \/>\n<meta property=\"og:image\" content=\"https:\/\/www.public.sn\/wp-content\/uploads\/2022\/12\/ahmeth-suzanne-kamara.jpg\" \/>\n\t<meta property=\"og:image:width\" content=\"900\" \/>\n\t<meta property=\"og:image:height\" content=\"532\" \/>\n\t<meta property=\"og:image:type\" content=\"image\/jpeg\" \/>\n<meta name=\"author\" content=\"LA REDACTION\" \/>\n<meta name=\"twitter:card\" content=\"summary_large_image\" \/>\n<meta name=\"twitter:label1\" content=\"\u00c9crit par\" \/>\n\t<meta name=\"twitter:data1\" content=\"LA REDACTION\" \/>\n\t<meta name=\"twitter:label2\" content=\"Dur\u00e9e de lecture estim\u00e9e\" \/>\n\t<meta name=\"twitter:data2\" content=\"2 minutes\" \/>\n<script type=\"application\/ld+json\" class=\"yoast-schema-graph\">{\"@context\":\"https:\/\/schema.org\",\"@graph\":[{\"@type\":\"Article\",\"@id\":\"https:\/\/www.public.sn\/index.php\/2022\/12\/09\/parquet-amath-suzanne-camara-bah-diakhate-vises-par-une-plainte\/#article\",\"isPartOf\":{\"@id\":\"https:\/\/www.public.sn\/index.php\/2022\/12\/09\/parquet-amath-suzanne-camara-bah-diakhate-vises-par-une-plainte\/\"},\"author\":{\"name\":\"LA REDACTION\",\"@id\":\"https:\/\/www.public.sn\/#\/schema\/person\/cb76c8e1b8becc6be61fb5e92d6d0224\"},\"headline\":\"PARQUET: Amath Suzanne Camara, Bah Diakhat\u00e9 vis\u00e9s par une plainte\",\"datePublished\":\"2022-12-09T15:15:40+00:00\",\"dateModified\":\"2022-12-09T15:15:42+00:00\",\"mainEntityOfPage\":{\"@id\":\"https:\/\/www.public.sn\/index.php\/2022\/12\/09\/parquet-amath-suzanne-camara-bah-diakhate-vises-par-une-plainte\/\"},\"wordCount\":288,\"commentCount\":0,\"publisher\":{\"@id\":\"https:\/\/www.public.sn\/#organization\"},\"image\":{\"@id\":\"https:\/\/www.public.sn\/index.php\/2022\/12\/09\/parquet-amath-suzanne-camara-bah-diakhate-vises-par-une-plainte\/#primaryimage\"},\"thumbnailUrl\":\"https:\/\/www.public.sn\/wp-content\/uploads\/2022\/12\/ahmeth-suzanne-kamara.jpg\",\"keywords\":[\"Amath Suzanne Camara;\",\"Famille Didier Badji;\",\"Justice\",\"Plainte;\"],\"articleSection\":[\"justice\",\"S\u00c9N\u00c9GAL\"],\"inLanguage\":\"fr-FR\",\"potentialAction\":[{\"@type\":\"CommentAction\",\"name\":\"Comment\",\"target\":[\"https:\/\/www.public.sn\/index.php\/2022\/12\/09\/parquet-amath-suzanne-camara-bah-diakhate-vises-par-une-plainte\/#respond\"]}]},{\"@type\":\"WebPage\",\"@id\":\"https:\/\/www.public.sn\/index.php\/2022\/12\/09\/parquet-amath-suzanne-camara-bah-diakhate-vises-par-une-plainte\/\",\"url\":\"https:\/\/www.public.sn\/index.php\/2022\/12\/09\/parquet-amath-suzanne-camara-bah-diakhate-vises-par-une-plainte\/\",\"name\":\"PARQUET: Amath Suzanne Camara, Bah Diakhat\u00e9 vis\u00e9s par une plainte - LE PUBLIC\",\"isPartOf\":{\"@id\":\"https:\/\/www.public.sn\/#website\"},\"primaryImageOfPage\":{\"@id\":\"https:\/\/www.public.sn\/index.php\/2022\/12\/09\/parquet-amath-suzanne-camara-bah-diakhate-vises-par-une-plainte\/#primaryimage\"},\"image\":{\"@id\":\"https:\/\/www.public.sn\/index.php\/2022\/12\/09\/parquet-amath-suzanne-camara-bah-diakhate-vises-par-une-plainte\/#primaryimage\"},\"thumbnailUrl\":\"https:\/\/www.public.sn\/wp-content\/uploads\/2022\/12\/ahmeth-suzanne-kamara.jpg\",\"datePublished\":\"2022-12-09T15:15:40+00:00\",\"dateModified\":\"2022-12-09T15:15:42+00:00\",\"breadcrumb\":{\"@id\":\"https:\/\/www.public.sn\/index.php\/2022\/12\/09\/parquet-amath-suzanne-camara-bah-diakhate-vises-par-une-plainte\/#breadcrumb\"},\"inLanguage\":\"fr-FR\",\"potentialAction\":[{\"@type\":\"ReadAction\",\"target\":[\"https:\/\/www.public.sn\/index.php\/2022\/12\/09\/parquet-amath-suzanne-camara-bah-diakhate-vises-par-une-plainte\/\"]}]},{\"@type\":\"ImageObject\",\"inLanguage\":\"fr-FR\",\"@id\":\"https:\/\/www.public.sn\/index.php\/2022\/12\/09\/parquet-amath-suzanne-camara-bah-diakhate-vises-par-une-plainte\/#primaryimage\",\"url\":\"https:\/\/www.public.sn\/wp-content\/uploads\/2022\/12\/ahmeth-suzanne-kamara.jpg\",\"contentUrl\":\"https:\/\/www.public.sn\/wp-content\/uploads\/2022\/12\/ahmeth-suzanne-kamara.jpg\",\"width\":900,\"height\":532},{\"@type\":\"BreadcrumbList\",\"@id\":\"https:\/\/www.public.sn\/index.php\/2022\/12\/09\/parquet-amath-suzanne-camara-bah-diakhate-vises-par-une-plainte\/#breadcrumb\",\"itemListElement\":[{\"@type\":\"ListItem\",\"position\":1,\"name\":\"Accueil\",\"item\":\"https:\/\/www.public.sn\/\"},{\"@type\":\"ListItem\",\"position\":2,\"name\":\"PARQUET: Amath Suzanne Camara, Bah Diakhat\u00e9 vis\u00e9s par une plainte\"}]},{\"@type\":\"WebSite\",\"@id\":\"https:\/\/www.public.sn\/#website\",\"url\":\"https:\/\/www.public.sn\/\",\"name\":\"LE PUBLIC\",\"description\":\"\",\"publisher\":{\"@id\":\"https:\/\/www.public.sn\/#organization\"},\"potentialAction\":[{\"@type\":\"SearchAction\",\"target\":{\"@type\":\"EntryPoint\",\"urlTemplate\":\"https:\/\/www.public.sn\/?s={search_term_string}\"},\"query-input\":{\"@type\":\"PropertyValueSpecification\",\"valueRequired\":true,\"valueName\":\"search_term_string\"}}],\"inLanguage\":\"fr-FR\"},{\"@type\":\"Organization\",\"@id\":\"https:\/\/www.public.sn\/#organization\",\"name\":\"LE PUBLIC\",\"url\":\"https:\/\/www.public.sn\/\",\"logo\":{\"@type\":\"ImageObject\",\"inLanguage\":\"fr-FR\",\"@id\":\"https:\/\/www.public.sn\/#\/schema\/logo\/image\/\",\"url\":\"https:\/\/www.public.sn\/wp-content\/uploads\/2024\/05\/cropped-LOGO-PUBLIC.SN_.png\",\"contentUrl\":\"https:\/\/www.public.sn\/wp-content\/uploads\/2024\/05\/cropped-LOGO-PUBLIC.SN_.png\",\"width\":682,\"height\":192,\"caption\":\"LE PUBLIC\"},\"image\":{\"@id\":\"https:\/\/www.public.sn\/#\/schema\/logo\/image\/\"}},{\"@type\":\"Person\",\"@id\":\"https:\/\/www.public.sn\/#\/schema\/person\/cb76c8e1b8becc6be61fb5e92d6d0224\",\"name\":\"LA REDACTION\",\"image\":{\"@type\":\"ImageObject\",\"inLanguage\":\"fr-FR\",\"@id\":\"https:\/\/www.public.sn\/#\/schema\/person\/image\/\",\"url\":\"https:\/\/secure.gravatar.com\/avatar\/2dce5ddd34b8fef0180efe03aa2a9bee7d953856048f9a16b298190a3178407c?s=96&d=mm&r=g\",\"contentUrl\":\"https:\/\/secure.gravatar.com\/avatar\/2dce5ddd34b8fef0180efe03aa2a9bee7d953856048f9a16b298190a3178407c?s=96&d=mm&r=g\",\"caption\":\"LA REDACTION\"},\"url\":\"https:\/\/www.public.sn\/index.php\/author\/editeurpsn\/\"}]}<\/script>\n<!-- \/ Yoast SEO plugin. -->","yoast_head_json":{"title":"PARQUET: Amath Suzanne Camara, Bah Diakhat\u00e9 vis\u00e9s par une plainte - LE PUBLIC","robots":{"index":"index","follow":"follow","max-snippet":"max-snippet:-1","max-image-preview":"max-image-preview:large","max-video-preview":"max-video-preview:-1"},"canonical":"https:\/\/www.public.sn\/index.php\/2022\/12\/09\/parquet-amath-suzanne-camara-bah-diakhate-vises-par-une-plainte\/","og_locale":"fr_FR","og_type":"article","og_title":"PARQUET: Amath Suzanne Camara, Bah Diakhat\u00e9 vis\u00e9s par une plainte - LE PUBLIC","og_description":"&nbsp;Me Khoureychi B\u00e2 annonce que La Famille de Didier Badji a d\u00e9cid\u00e9 de d\u00e9poser une plainte contre Amath Suzanne Camara, Bah Diakhat\u00e9 et le titulaire d\u2019un compte Facebook &nbsp;d\u00e9nomm\u00e9 \u00abBaatou Deugue\u00bb. &nbsp;La famille de l&rsquo;agent&nbsp;Didier Badji, qui a disparu avec Fulbert Sambou&nbsp;(lui, a malheureusement \u00e9t\u00e9 retrouv\u00e9 mort), a d\u00e9cid\u00e9 de d\u00e9poser une plainte contre trois personnes : Amath Suzanne Camara, Bah Diakhat\u00e9 et le propri\u00e9taire d&rsquo;un compte facebook.En effet, les trois personnes sont accus\u00e9es d\u2019atteinte \u00e0 l\u2019image, \u00e0 la respectabilit\u00e9, \u00e0 l\u2019honorabilit\u00e9 et au professionnalisme d\u2019un agent de l\u2019\u00c9tat et de diffusion de fausses nouvelles, selon Me Khoureychi B\u00e2. Pour ce qui est de Bah Diakhat\u00e9, il lui est reproch\u00e9 ses propos sur 7TV. Il avait d\u00e9clar\u00e9 que \u00abla disparition des sous-officiers est li\u00e9e \u00e0 l\u2019arrestation de Monsieur Pape Al\u00e9 Niang\u00bb et d\u2019avoir &nbsp;\u00abtrait\u00e9 les disparus d\u2019alors, de tra\u00eetres.\u00bbEn ce qui concerne Amath Suzanne Camara, indique l\u2019avocat, il a affirm\u00e9 \u00abque la disparition des sous-officiers a un lien avec l\u2019arrestation de Monsieur Pape Al\u00e9 Niang et que ces derniers ont \u00e9t\u00e9 assassin\u00e9s.\u00bbLe propri\u00e9taire de la Page Facebook Batou Deugue est aussi vis\u00e9 par la plainte pour avoir \u00abf\u00e9licit\u00e9 l&rsquo;officier g\u00e9n\u00e9ral \u00e0 la source, selon lui, du \u00ab\u00a0nettoyage\u00a0\u00bb des tra\u00eetres r\u00e9v\u00e9l\u00e9s par le t\u00e9l\u00e9phone bavard du journaliste arr\u00eat\u00e9 et &nbsp;se permet de louer sa bravoure\u00bb, indique l&rsquo;avocat. Pour la robe noire et la famille de Didier Badji, de telles publications sont mensong\u00e8res, fausses et cibl\u00e9es. Amath SARR","og_url":"https:\/\/www.public.sn\/index.php\/2022\/12\/09\/parquet-amath-suzanne-camara-bah-diakhate-vises-par-une-plainte\/","og_site_name":"LE PUBLIC","article_published_time":"2022-12-09T15:15:40+00:00","article_modified_time":"2022-12-09T15:15:42+00:00","og_image":[{"width":900,"height":532,"url":"https:\/\/www.public.sn\/wp-content\/uploads\/2022\/12\/ahmeth-suzanne-kamara.jpg","type":"image\/jpeg"}],"author":"LA REDACTION","twitter_card":"summary_large_image","twitter_misc":{"\u00c9crit par":"LA REDACTION","Dur\u00e9e de lecture estim\u00e9e":"2 minutes"},"schema":{"@context":"https:\/\/schema.org","@graph":[{"@type":"Article","@id":"https:\/\/www.public.sn\/index.php\/2022\/12\/09\/parquet-amath-suzanne-camara-bah-diakhate-vises-par-une-plainte\/#article","isPartOf":{"@id":"https:\/\/www.public.sn\/index.php\/2022\/12\/09\/parquet-amath-suzanne-camara-bah-diakhate-vises-par-une-plainte\/"},"author":{"name":"LA REDACTION","@id":"https:\/\/www.public.sn\/#\/schema\/person\/cb76c8e1b8becc6be61fb5e92d6d0224"},"headline":"PARQUET: Amath Suzanne Camara, Bah Diakhat\u00e9 vis\u00e9s par une plainte","datePublished":"2022-12-09T15:15:40+00:00","dateModified":"2022-12-09T15:15:42+00:00","mainEntityOfPage":{"@id":"https:\/\/www.public.sn\/index.php\/2022\/12\/09\/parquet-amath-suzanne-camara-bah-diakhate-vises-par-une-plainte\/"},"wordCount":288,"commentCount":0,"publisher":{"@id":"https:\/\/www.public.sn\/#organization"},"image":{"@id":"https:\/\/www.public.sn\/index.php\/2022\/12\/09\/parquet-amath-suzanne-camara-bah-diakhate-vises-par-une-plainte\/#primaryimage"},"thumbnailUrl":"https:\/\/www.public.sn\/wp-content\/uploads\/2022\/12\/ahmeth-suzanne-kamara.jpg","keywords":["Amath Suzanne Camara;","Famille Didier Badji;","Justice","Plainte;"],"articleSection":["justice","S\u00c9N\u00c9GAL"],"inLanguage":"fr-FR","potentialAction":[{"@type":"CommentAction","name":"Comment","target":["https:\/\/www.public.sn\/index.php\/2022\/12\/09\/parquet-amath-suzanne-camara-bah-diakhate-vises-par-une-plainte\/#respond"]}]},{"@type":"WebPage","@id":"https:\/\/www.public.sn\/index.php\/2022\/12\/09\/parquet-amath-suzanne-camara-bah-diakhate-vises-par-une-plainte\/","url":"https:\/\/www.public.sn\/index.php\/2022\/12\/09\/parquet-amath-suzanne-camara-bah-diakhate-vises-par-une-plainte\/","name":"PARQUET: Amath Suzanne Camara, Bah Diakhat\u00e9 vis\u00e9s par une plainte - LE PUBLIC","isPartOf":{"@id":"https:\/\/www.public.sn\/#website"},"primaryImageOfPage":{"@id":"https:\/\/www.public.sn\/index.php\/2022\/12\/09\/parquet-amath-suzanne-camara-bah-diakhate-vises-par-une-plainte\/#primaryimage"},"image":{"@id":"https:\/\/www.public.sn\/index.php\/2022\/12\/09\/parquet-amath-suzanne-camara-bah-diakhate-vises-par-une-plainte\/#primaryimage"},"thumbnailUrl":"https:\/\/www.public.sn\/wp-content\/uploads\/2022\/12\/ahmeth-suzanne-kamara.jpg","datePublished":"2022-12-09T15:15:40+00:00","dateModified":"2022-12-09T15:15:42+00:00","breadcrumb":{"@id":"https:\/\/www.public.sn\/index.php\/2022\/12\/09\/parquet-amath-suzanne-camara-bah-diakhate-vises-par-une-plainte\/#breadcrumb"},"inLanguage":"fr-FR","potentialAction":[{"@type":"ReadAction","target":["https:\/\/www.public.sn\/index.php\/2022\/12\/09\/parquet-amath-suzanne-camara-bah-diakhate-vises-par-une-plainte\/"]}]},{"@type":"ImageObject","inLanguage":"fr-FR","@id":"https:\/\/www.public.sn\/index.php\/2022\/12\/09\/parquet-amath-suzanne-camara-bah-diakhate-vises-par-une-plainte\/#primaryimage","url":"https:\/\/www.public.sn\/wp-content\/uploads\/2022\/12\/ahmeth-suzanne-kamara.jpg","contentUrl":"https:\/\/www.public.sn\/wp-content\/uploads\/2022\/12\/ahmeth-suzanne-kamara.jpg","width":900,"height":532},{"@type":"BreadcrumbList","@id":"https:\/\/www.public.sn\/index.php\/2022\/12\/09\/parquet-amath-suzanne-camara-bah-diakhate-vises-par-une-plainte\/#breadcrumb","itemListElement":[{"@type":"ListItem","position":1,"name":"Accueil","item":"https:\/\/www.public.sn\/"},{"@type":"ListItem","position":2,"name":"PARQUET: Amath Suzanne Camara, Bah Diakhat\u00e9 vis\u00e9s par une plainte"}]},{"@type":"WebSite","@id":"https:\/\/www.public.sn\/#website","url":"https:\/\/www.public.sn\/","name":"LE PUBLIC","description":"","publisher":{"@id":"https:\/\/www.public.sn\/#organization"},"potentialAction":[{"@type":"SearchAction","target":{"@type":"EntryPoint","urlTemplate":"https:\/\/www.public.sn\/?s={search_term_string}"},"query-input":{"@type":"PropertyValueSpecification","valueRequired":true,"valueName":"search_term_string"}}],"inLanguage":"fr-FR"},{"@type":"Organization","@id":"https:\/\/www.public.sn\/#organization","name":"LE PUBLIC","url":"https:\/\/www.public.sn\/","logo":{"@type":"ImageObject","inLanguage":"fr-FR","@id":"https:\/\/www.public.sn\/#\/schema\/logo\/image\/","url":"https:\/\/www.public.sn\/wp-content\/uploads\/2024\/05\/cropped-LOGO-PUBLIC.SN_.png","contentUrl":"https:\/\/www.public.sn\/wp-content\/uploads\/2024\/05\/cropped-LOGO-PUBLIC.SN_.png","width":682,"height":192,"caption":"LE PUBLIC"},"image":{"@id":"https:\/\/www.public.sn\/#\/schema\/logo\/image\/"}},{"@type":"Person","@id":"https:\/\/www.public.sn\/#\/schema\/person\/cb76c8e1b8becc6be61fb5e92d6d0224","name":"LA REDACTION","image":{"@type":"ImageObject","inLanguage":"fr-FR","@id":"https:\/\/www.public.sn\/#\/schema\/person\/image\/","url":"https:\/\/secure.gravatar.com\/avatar\/2dce5ddd34b8fef0180efe03aa2a9bee7d953856048f9a16b298190a3178407c?s=96&d=mm&r=g","contentUrl":"https:\/\/secure.gravatar.com\/avatar\/2dce5ddd34b8fef0180efe03aa2a9bee7d953856048f9a16b298190a3178407c?s=96&d=mm&r=g","caption":"LA REDACTION"},"url":"https:\/\/www.public.sn\/index.php\/author\/editeurpsn\/"}]}},"jetpack_featured_media_url":"https:\/\/www.public.sn\/wp-content\/uploads\/2022\/12\/ahmeth-suzanne-kamara.jpg","jetpack_sharing_enabled":true,"_links":{"self":[{"href":"https:\/\/www.public.sn\/index.php\/wp-json\/wp\/v2\/posts\/11324","targetHints":{"allow":["GET"]}}],"collection":[{"href":"https:\/\/www.public.sn\/index.php\/wp-json\/wp\/v2\/posts"}],"about":[{"href":"https:\/\/www.public.sn\/index.php\/wp-json\/wp\/v2\/types\/post"}],"author":[{"embeddable":true,"href":"https:\/\/www.public.sn\/index.php\/wp-json\/wp\/v2\/users\/7"}],"replies":[{"embeddable":true,"href":"https:\/\/www.public.sn\/index.php\/wp-json\/wp\/v2\/comments?post=11324"}],"version-history":[{"count":1,"href":"https:\/\/www.public.sn\/index.php\/wp-json\/wp\/v2\/posts\/11324\/revisions"}],"predecessor-version":[{"id":11329,"href":"https:\/\/www.public.sn\/index.php\/wp-json\/wp\/v2\/posts\/11324\/revisions\/11329"}],"wp:featuredmedia":[{"embeddable":true,"href":"https:\/\/www.public.sn\/index.php\/wp-json\/wp\/v2\/media\/11328"}],"wp:attachment":[{"href":"https:\/\/www.public.sn\/index.php\/wp-json\/wp\/v2\/media?parent=11324"}],"wp:term":[{"taxonomy":"category","embeddable":true,"href":"https:\/\/www.public.sn\/index.php\/wp-json\/wp\/v2\/categories?post=11324"},{"taxonomy":"post_tag","embeddable":true,"href":"https:\/\/www.public.sn\/index.php\/wp-json\/wp\/v2\/tags?post=11324"}],"curies":[{"name":"wp","href":"https:\/\/api.w.org\/{rel}","templated":true}]}}