{"id":11338,"date":"2022-12-09T17:42:06","date_gmt":"2022-12-09T17:42:06","guid":{"rendered":"https:\/\/www.public.sn\/?p=11338"},"modified":"2022-12-09T17:42:07","modified_gmt":"2022-12-09T17:42:07","slug":"audition-pape-ale-niang-le-verdict","status":"publish","type":"post","link":"https:\/\/www.public.sn\/index.php\/2022\/12\/09\/audition-pape-ale-niang-le-verdict\/","title":{"rendered":"Audition Pape Al\u00e9 Niang\u00a0: Le verdict\u2026.."},"content":{"rendered":"\n<p>Pape Al\u00e9 Niang \u00e9tait pr\u00e9sent aujourd\u2019hui au tribunal de Dakar pour son audition dans le fond de son dossier &nbsp;devant le doyen des juges. Apr\u00e8s l\u2019audition, son avocat Me Cir\u00e9 Cl\u00e9dor LY affirme trouver son client serein mais affaibli. Quant \u00e0 Me Moussa SARR \u00ab&nbsp;le p\u00f4le d\u2019avocat a d\u00e9j\u00e0 d\u00e9pos\u00e9 une lettre de mise en libert\u00e9 provisoire pour leur client. La coordination des associations de presse CAP, par la voix d\u2019Ibrahima Lissa Faye, va ex\u00e9cuter son plan d\u2019action si Pape Al\u00e9 n\u2019est pas lib\u00e9rer.<\/p><div class=\"publi-paragraphe1\" style=\"margin-top: 10px;margin-bottom: 10px;margin-left: auto;margin-right: auto;text-align: center;\" id=\"publi-2025821180\"><div class=\"publi-adlabel\">Publicit\u00e9<\/div><script async src=\"\/\/pagead2.googlesyndication.com\/pagead\/js\/adsbygoogle.js?client=ca-pub-4089586018074219\" crossorigin=\"anonymous\"><\/script><ins class=\"adsbygoogle\" style=\"display:block;\" data-ad-client=\"ca-pub-4089586018074219\" \ndata-ad-slot=\"2087940154\" \ndata-ad-format=\"auto\"><\/ins>\n<script> \n(adsbygoogle = window.adsbygoogle || []).push({}); \n<\/script>\n<\/div>\n\n\n\n<p><\/p>\n\n\n<p><iframe width=\"791\" height=\"445\" src=\"https:\/\/www.youtube.com\/embed\/ea_9fBYJbZ8\" title=\"Audition Pape Al\u00e9 Niang: le verdict......\" frameborder=\"0\" allow=\"accelerometer; autoplay; clipboard-write; encrypted-media; gyroscope; picture-in-picture\" allowfullscreen=\"\"><\/iframe><\/p>\n\n\n<p>Amath SARR<\/p>\n<div class=\"publi-apres-le-contenu\" style=\"margin-top: 10px;margin-bottom: 10px;margin-left: auto;margin-right: auto;text-align: center;\" id=\"publi-3105503263\"><div class=\"publi-adlabel\">Publicit\u00e9<\/div><script async src=\"\/\/pagead2.googlesyndication.com\/pagead\/js\/adsbygoogle.js?client=ca-pub-4089586018074219\" crossorigin=\"anonymous\"><\/script><ins class=\"adsbygoogle\" style=\"display:block;\" data-ad-client=\"ca-pub-4089586018074219\" \ndata-ad-slot=\"2087940154\" \ndata-ad-format=\"auto\"><\/ins>\n<script> \n(adsbygoogle = window.adsbygoogle || []).push({}); \n<\/script>\n<\/div>","protected":false},"excerpt":{"rendered":"<p>Pape Al\u00e9 Niang \u00e9tait pr\u00e9sent aujourd\u2019hui au tribunal de Dakar pour son audition dans le fond de son dossier &nbsp;devant le doyen des juges. Apr\u00e8s l\u2019audition, son avocat Me Cir\u00e9 Cl\u00e9dor LY affirme trouver son client serein mais affaibli. Quant \u00e0 Me Moussa SARR \u00ab&nbsp;le p\u00f4le d\u2019avocat a d\u00e9j\u00e0 d\u00e9pos\u00e9 une lettre de mise en libert\u00e9 provisoire pour leur client. La coordination des associations de presse CAP, par la voix d\u2019Ibrahima Lissa Faye, va ex\u00e9cuter son plan d\u2019action si Pape Al\u00e9 n\u2019est pas lib\u00e9rer. Amath SARR<\/p>\n","protected":false},"author":7,"featured_media":11339,"comment_status":"open","ping_status":"open","sticky":false,"template":"","format":"standard","meta":{"_jetpack_memberships_contains_paid_content":false,"footnotes":""},"categories":[375,3724,961,1],"tags":[3658,3735,2489],"class_list":["post-11338","post","type-post","status-publish","format-standard","has-post-thumbnail","hentry","category-actualites","category-justice","category-medias","category-non-classe","tag-audition-2","tag-le-verdict","tag-pape-ale-niang","entry","has-media","owp-thumbs-layout-horizontal","owp-btn-normal","owp-tabs-layout-horizontal","has-no-thumbnails","has-product-nav"],"yoast_head":"<!-- This site is optimized with the Yoast SEO plugin v25.5 - https:\/\/yoast.com\/wordpress\/plugins\/seo\/ -->\n<title>Audition Pape Al\u00e9 Niang\u00a0: Le verdict\u2026.. - LE PUBLIC<\/title>\n<meta name=\"robots\" content=\"index, follow, max-snippet:-1, max-image-preview:large, max-video-preview:-1\" \/>\n<link rel=\"canonical\" href=\"https:\/\/www.public.sn\/index.php\/2022\/12\/09\/audition-pape-ale-niang-le-verdict\/\" \/>\n<meta property=\"og:locale\" content=\"fr_FR\" \/>\n<meta property=\"og:type\" content=\"article\" \/>\n<meta property=\"og:title\" content=\"Audition Pape Al\u00e9 Niang\u00a0: Le verdict\u2026.. - LE PUBLIC\" \/>\n<meta property=\"og:description\" content=\"Pape Al\u00e9 Niang \u00e9tait pr\u00e9sent aujourd\u2019hui au tribunal de Dakar pour son audition dans le fond de son dossier &nbsp;devant le doyen des juges. Apr\u00e8s l\u2019audition, son avocat Me Cir\u00e9 Cl\u00e9dor LY affirme trouver son client serein mais affaibli. Quant \u00e0 Me Moussa SARR \u00ab&nbsp;le p\u00f4le d\u2019avocat a d\u00e9j\u00e0 d\u00e9pos\u00e9 une lettre de mise en libert\u00e9 provisoire pour leur client. La coordination des associations de presse CAP, par la voix d\u2019Ibrahima Lissa Faye, va ex\u00e9cuter son plan d\u2019action si Pape Al\u00e9 n\u2019est pas lib\u00e9rer. Amath SARR\" \/>\n<meta property=\"og:url\" content=\"https:\/\/www.public.sn\/index.php\/2022\/12\/09\/audition-pape-ale-niang-le-verdict\/\" \/>\n<meta property=\"og:site_name\" content=\"LE PUBLIC\" \/>\n<meta property=\"article:published_time\" content=\"2022-12-09T17:42:06+00:00\" \/>\n<meta property=\"article:modified_time\" content=\"2022-12-09T17:42:07+00:00\" \/>\n<meta property=\"og:image\" content=\"https:\/\/www.public.sn\/wp-content\/uploads\/2022\/12\/rp.jpg\" \/>\n\t<meta property=\"og:image:width\" content=\"1366\" \/>\n\t<meta property=\"og:image:height\" content=\"768\" \/>\n\t<meta property=\"og:image:type\" content=\"image\/jpeg\" \/>\n<meta name=\"author\" content=\"LA REDACTION\" \/>\n<meta name=\"twitter:card\" content=\"summary_large_image\" \/>\n<meta name=\"twitter:label1\" content=\"\u00c9crit par\" \/>\n\t<meta name=\"twitter:data1\" content=\"LA REDACTION\" \/>\n\t<meta name=\"twitter:label2\" content=\"Dur\u00e9e de lecture estim\u00e9e\" \/>\n\t<meta name=\"twitter:data2\" content=\"1 minute\" \/>\n<script type=\"application\/ld+json\" class=\"yoast-schema-graph\">{\"@context\":\"https:\/\/schema.org\",\"@graph\":[{\"@type\":\"Article\",\"@id\":\"https:\/\/www.public.sn\/index.php\/2022\/12\/09\/audition-pape-ale-niang-le-verdict\/#article\",\"isPartOf\":{\"@id\":\"https:\/\/www.public.sn\/index.php\/2022\/12\/09\/audition-pape-ale-niang-le-verdict\/\"},\"author\":{\"name\":\"LA REDACTION\",\"@id\":\"https:\/\/www.public.sn\/#\/schema\/person\/cb76c8e1b8becc6be61fb5e92d6d0224\"},\"headline\":\"Audition Pape Al\u00e9 Niang\u00a0: Le verdict\u2026..\",\"datePublished\":\"2022-12-09T17:42:06+00:00\",\"dateModified\":\"2022-12-09T17:42:07+00:00\",\"mainEntityOfPage\":{\"@id\":\"https:\/\/www.public.sn\/index.php\/2022\/12\/09\/audition-pape-ale-niang-le-verdict\/\"},\"wordCount\":107,\"commentCount\":0,\"publisher\":{\"@id\":\"https:\/\/www.public.sn\/#organization\"},\"image\":{\"@id\":\"https:\/\/www.public.sn\/index.php\/2022\/12\/09\/audition-pape-ale-niang-le-verdict\/#primaryimage\"},\"thumbnailUrl\":\"https:\/\/www.public.sn\/wp-content\/uploads\/2022\/12\/rp.jpg\",\"keywords\":[\"Audition;\",\"le verdict;\",\"Pape Al\u00e9 Niang\"],\"articleSection\":[\"ACTUALIT\u00c9S\",\"justice\",\"M\u00c9DIAS\",\"S\u00c9N\u00c9GAL\"],\"inLanguage\":\"fr-FR\",\"potentialAction\":[{\"@type\":\"CommentAction\",\"name\":\"Comment\",\"target\":[\"https:\/\/www.public.sn\/index.php\/2022\/12\/09\/audition-pape-ale-niang-le-verdict\/#respond\"]}]},{\"@type\":\"WebPage\",\"@id\":\"https:\/\/www.public.sn\/index.php\/2022\/12\/09\/audition-pape-ale-niang-le-verdict\/\",\"url\":\"https:\/\/www.public.sn\/index.php\/2022\/12\/09\/audition-pape-ale-niang-le-verdict\/\",\"name\":\"Audition Pape Al\u00e9 Niang\u00a0: Le verdict\u2026.. - LE PUBLIC\",\"isPartOf\":{\"@id\":\"https:\/\/www.public.sn\/#website\"},\"primaryImageOfPage\":{\"@id\":\"https:\/\/www.public.sn\/index.php\/2022\/12\/09\/audition-pape-ale-niang-le-verdict\/#primaryimage\"},\"image\":{\"@id\":\"https:\/\/www.public.sn\/index.php\/2022\/12\/09\/audition-pape-ale-niang-le-verdict\/#primaryimage\"},\"thumbnailUrl\":\"https:\/\/www.public.sn\/wp-content\/uploads\/2022\/12\/rp.jpg\",\"datePublished\":\"2022-12-09T17:42:06+00:00\",\"dateModified\":\"2022-12-09T17:42:07+00:00\",\"breadcrumb\":{\"@id\":\"https:\/\/www.public.sn\/index.php\/2022\/12\/09\/audition-pape-ale-niang-le-verdict\/#breadcrumb\"},\"inLanguage\":\"fr-FR\",\"potentialAction\":[{\"@type\":\"ReadAction\",\"target\":[\"https:\/\/www.public.sn\/index.php\/2022\/12\/09\/audition-pape-ale-niang-le-verdict\/\"]}]},{\"@type\":\"ImageObject\",\"inLanguage\":\"fr-FR\",\"@id\":\"https:\/\/www.public.sn\/index.php\/2022\/12\/09\/audition-pape-ale-niang-le-verdict\/#primaryimage\",\"url\":\"https:\/\/www.public.sn\/wp-content\/uploads\/2022\/12\/rp.jpg\",\"contentUrl\":\"https:\/\/www.public.sn\/wp-content\/uploads\/2022\/12\/rp.jpg\",\"width\":1366,\"height\":768},{\"@type\":\"BreadcrumbList\",\"@id\":\"https:\/\/www.public.sn\/index.php\/2022\/12\/09\/audition-pape-ale-niang-le-verdict\/#breadcrumb\",\"itemListElement\":[{\"@type\":\"ListItem\",\"position\":1,\"name\":\"Accueil\",\"item\":\"https:\/\/www.public.sn\/\"},{\"@type\":\"ListItem\",\"position\":2,\"name\":\"Audition Pape Al\u00e9 Niang\u00a0: Le verdict\u2026..\"}]},{\"@type\":\"WebSite\",\"@id\":\"https:\/\/www.public.sn\/#website\",\"url\":\"https:\/\/www.public.sn\/\",\"name\":\"LE PUBLIC\",\"description\":\"\",\"publisher\":{\"@id\":\"https:\/\/www.public.sn\/#organization\"},\"potentialAction\":[{\"@type\":\"SearchAction\",\"target\":{\"@type\":\"EntryPoint\",\"urlTemplate\":\"https:\/\/www.public.sn\/?s={search_term_string}\"},\"query-input\":{\"@type\":\"PropertyValueSpecification\",\"valueRequired\":true,\"valueName\":\"search_term_string\"}}],\"inLanguage\":\"fr-FR\"},{\"@type\":\"Organization\",\"@id\":\"https:\/\/www.public.sn\/#organization\",\"name\":\"LE PUBLIC\",\"url\":\"https:\/\/www.public.sn\/\",\"logo\":{\"@type\":\"ImageObject\",\"inLanguage\":\"fr-FR\",\"@id\":\"https:\/\/www.public.sn\/#\/schema\/logo\/image\/\",\"url\":\"https:\/\/www.public.sn\/wp-content\/uploads\/2024\/05\/cropped-LOGO-PUBLIC.SN_.png\",\"contentUrl\":\"https:\/\/www.public.sn\/wp-content\/uploads\/2024\/05\/cropped-LOGO-PUBLIC.SN_.png\",\"width\":682,\"height\":192,\"caption\":\"LE PUBLIC\"},\"image\":{\"@id\":\"https:\/\/www.public.sn\/#\/schema\/logo\/image\/\"}},{\"@type\":\"Person\",\"@id\":\"https:\/\/www.public.sn\/#\/schema\/person\/cb76c8e1b8becc6be61fb5e92d6d0224\",\"name\":\"LA REDACTION\",\"image\":{\"@type\":\"ImageObject\",\"inLanguage\":\"fr-FR\",\"@id\":\"https:\/\/www.public.sn\/#\/schema\/person\/image\/\",\"url\":\"https:\/\/secure.gravatar.com\/avatar\/2dce5ddd34b8fef0180efe03aa2a9bee7d953856048f9a16b298190a3178407c?s=96&d=mm&r=g\",\"contentUrl\":\"https:\/\/secure.gravatar.com\/avatar\/2dce5ddd34b8fef0180efe03aa2a9bee7d953856048f9a16b298190a3178407c?s=96&d=mm&r=g\",\"caption\":\"LA REDACTION\"},\"url\":\"https:\/\/www.public.sn\/index.php\/author\/editeurpsn\/\"}]}<\/script>\n<!-- \/ Yoast SEO plugin. -->","yoast_head_json":{"title":"Audition Pape Al\u00e9 Niang\u00a0: Le verdict\u2026.. - LE PUBLIC","robots":{"index":"index","follow":"follow","max-snippet":"max-snippet:-1","max-image-preview":"max-image-preview:large","max-video-preview":"max-video-preview:-1"},"canonical":"https:\/\/www.public.sn\/index.php\/2022\/12\/09\/audition-pape-ale-niang-le-verdict\/","og_locale":"fr_FR","og_type":"article","og_title":"Audition Pape Al\u00e9 Niang\u00a0: Le verdict\u2026.. - LE PUBLIC","og_description":"Pape Al\u00e9 Niang \u00e9tait pr\u00e9sent aujourd\u2019hui au tribunal de Dakar pour son audition dans le fond de son dossier &nbsp;devant le doyen des juges. Apr\u00e8s l\u2019audition, son avocat Me Cir\u00e9 Cl\u00e9dor LY affirme trouver son client serein mais affaibli. Quant \u00e0 Me Moussa SARR \u00ab&nbsp;le p\u00f4le d\u2019avocat a d\u00e9j\u00e0 d\u00e9pos\u00e9 une lettre de mise en libert\u00e9 provisoire pour leur client. La coordination des associations de presse CAP, par la voix d\u2019Ibrahima Lissa Faye, va ex\u00e9cuter son plan d\u2019action si Pape Al\u00e9 n\u2019est pas lib\u00e9rer. Amath SARR","og_url":"https:\/\/www.public.sn\/index.php\/2022\/12\/09\/audition-pape-ale-niang-le-verdict\/","og_site_name":"LE PUBLIC","article_published_time":"2022-12-09T17:42:06+00:00","article_modified_time":"2022-12-09T17:42:07+00:00","og_image":[{"width":1366,"height":768,"url":"https:\/\/www.public.sn\/wp-content\/uploads\/2022\/12\/rp.jpg","type":"image\/jpeg"}],"author":"LA REDACTION","twitter_card":"summary_large_image","twitter_misc":{"\u00c9crit par":"LA REDACTION","Dur\u00e9e de lecture estim\u00e9e":"1 minute"},"schema":{"@context":"https:\/\/schema.org","@graph":[{"@type":"Article","@id":"https:\/\/www.public.sn\/index.php\/2022\/12\/09\/audition-pape-ale-niang-le-verdict\/#article","isPartOf":{"@id":"https:\/\/www.public.sn\/index.php\/2022\/12\/09\/audition-pape-ale-niang-le-verdict\/"},"author":{"name":"LA REDACTION","@id":"https:\/\/www.public.sn\/#\/schema\/person\/cb76c8e1b8becc6be61fb5e92d6d0224"},"headline":"Audition Pape Al\u00e9 Niang\u00a0: Le verdict\u2026..","datePublished":"2022-12-09T17:42:06+00:00","dateModified":"2022-12-09T17:42:07+00:00","mainEntityOfPage":{"@id":"https:\/\/www.public.sn\/index.php\/2022\/12\/09\/audition-pape-ale-niang-le-verdict\/"},"wordCount":107,"commentCount":0,"publisher":{"@id":"https:\/\/www.public.sn\/#organization"},"image":{"@id":"https:\/\/www.public.sn\/index.php\/2022\/12\/09\/audition-pape-ale-niang-le-verdict\/#primaryimage"},"thumbnailUrl":"https:\/\/www.public.sn\/wp-content\/uploads\/2022\/12\/rp.jpg","keywords":["Audition;","le verdict;","Pape Al\u00e9 Niang"],"articleSection":["ACTUALIT\u00c9S","justice","M\u00c9DIAS","S\u00c9N\u00c9GAL"],"inLanguage":"fr-FR","potentialAction":[{"@type":"CommentAction","name":"Comment","target":["https:\/\/www.public.sn\/index.php\/2022\/12\/09\/audition-pape-ale-niang-le-verdict\/#respond"]}]},{"@type":"WebPage","@id":"https:\/\/www.public.sn\/index.php\/2022\/12\/09\/audition-pape-ale-niang-le-verdict\/","url":"https:\/\/www.public.sn\/index.php\/2022\/12\/09\/audition-pape-ale-niang-le-verdict\/","name":"Audition Pape Al\u00e9 Niang\u00a0: Le verdict\u2026.. - LE PUBLIC","isPartOf":{"@id":"https:\/\/www.public.sn\/#website"},"primaryImageOfPage":{"@id":"https:\/\/www.public.sn\/index.php\/2022\/12\/09\/audition-pape-ale-niang-le-verdict\/#primaryimage"},"image":{"@id":"https:\/\/www.public.sn\/index.php\/2022\/12\/09\/audition-pape-ale-niang-le-verdict\/#primaryimage"},"thumbnailUrl":"https:\/\/www.public.sn\/wp-content\/uploads\/2022\/12\/rp.jpg","datePublished":"2022-12-09T17:42:06+00:00","dateModified":"2022-12-09T17:42:07+00:00","breadcrumb":{"@id":"https:\/\/www.public.sn\/index.php\/2022\/12\/09\/audition-pape-ale-niang-le-verdict\/#breadcrumb"},"inLanguage":"fr-FR","potentialAction":[{"@type":"ReadAction","target":["https:\/\/www.public.sn\/index.php\/2022\/12\/09\/audition-pape-ale-niang-le-verdict\/"]}]},{"@type":"ImageObject","inLanguage":"fr-FR","@id":"https:\/\/www.public.sn\/index.php\/2022\/12\/09\/audition-pape-ale-niang-le-verdict\/#primaryimage","url":"https:\/\/www.public.sn\/wp-content\/uploads\/2022\/12\/rp.jpg","contentUrl":"https:\/\/www.public.sn\/wp-content\/uploads\/2022\/12\/rp.jpg","width":1366,"height":768},{"@type":"BreadcrumbList","@id":"https:\/\/www.public.sn\/index.php\/2022\/12\/09\/audition-pape-ale-niang-le-verdict\/#breadcrumb","itemListElement":[{"@type":"ListItem","position":1,"name":"Accueil","item":"https:\/\/www.public.sn\/"},{"@type":"ListItem","position":2,"name":"Audition Pape Al\u00e9 Niang\u00a0: Le verdict\u2026.."}]},{"@type":"WebSite","@id":"https:\/\/www.public.sn\/#website","url":"https:\/\/www.public.sn\/","name":"LE PUBLIC","description":"","publisher":{"@id":"https:\/\/www.public.sn\/#organization"},"potentialAction":[{"@type":"SearchAction","target":{"@type":"EntryPoint","urlTemplate":"https:\/\/www.public.sn\/?s={search_term_string}"},"query-input":{"@type":"PropertyValueSpecification","valueRequired":true,"valueName":"search_term_string"}}],"inLanguage":"fr-FR"},{"@type":"Organization","@id":"https:\/\/www.public.sn\/#organization","name":"LE PUBLIC","url":"https:\/\/www.public.sn\/","logo":{"@type":"ImageObject","inLanguage":"fr-FR","@id":"https:\/\/www.public.sn\/#\/schema\/logo\/image\/","url":"https:\/\/www.public.sn\/wp-content\/uploads\/2024\/05\/cropped-LOGO-PUBLIC.SN_.png","contentUrl":"https:\/\/www.public.sn\/wp-content\/uploads\/2024\/05\/cropped-LOGO-PUBLIC.SN_.png","width":682,"height":192,"caption":"LE PUBLIC"},"image":{"@id":"https:\/\/www.public.sn\/#\/schema\/logo\/image\/"}},{"@type":"Person","@id":"https:\/\/www.public.sn\/#\/schema\/person\/cb76c8e1b8becc6be61fb5e92d6d0224","name":"LA REDACTION","image":{"@type":"ImageObject","inLanguage":"fr-FR","@id":"https:\/\/www.public.sn\/#\/schema\/person\/image\/","url":"https:\/\/secure.gravatar.com\/avatar\/2dce5ddd34b8fef0180efe03aa2a9bee7d953856048f9a16b298190a3178407c?s=96&d=mm&r=g","contentUrl":"https:\/\/secure.gravatar.com\/avatar\/2dce5ddd34b8fef0180efe03aa2a9bee7d953856048f9a16b298190a3178407c?s=96&d=mm&r=g","caption":"LA REDACTION"},"url":"https:\/\/www.public.sn\/index.php\/author\/editeurpsn\/"}]}},"jetpack_featured_media_url":"https:\/\/www.public.sn\/wp-content\/uploads\/2022\/12\/rp.jpg","jetpack_sharing_enabled":true,"_links":{"self":[{"href":"https:\/\/www.public.sn\/index.php\/wp-json\/wp\/v2\/posts\/11338","targetHints":{"allow":["GET"]}}],"collection":[{"href":"https:\/\/www.public.sn\/index.php\/wp-json\/wp\/v2\/posts"}],"about":[{"href":"https:\/\/www.public.sn\/index.php\/wp-json\/wp\/v2\/types\/post"}],"author":[{"embeddable":true,"href":"https:\/\/www.public.sn\/index.php\/wp-json\/wp\/v2\/users\/7"}],"replies":[{"embeddable":true,"href":"https:\/\/www.public.sn\/index.php\/wp-json\/wp\/v2\/comments?post=11338"}],"version-history":[{"count":1,"href":"https:\/\/www.public.sn\/index.php\/wp-json\/wp\/v2\/posts\/11338\/revisions"}],"predecessor-version":[{"id":11340,"href":"https:\/\/www.public.sn\/index.php\/wp-json\/wp\/v2\/posts\/11338\/revisions\/11340"}],"wp:featuredmedia":[{"embeddable":true,"href":"https:\/\/www.public.sn\/index.php\/wp-json\/wp\/v2\/media\/11339"}],"wp:attachment":[{"href":"https:\/\/www.public.sn\/index.php\/wp-json\/wp\/v2\/media?parent=11338"}],"wp:term":[{"taxonomy":"category","embeddable":true,"href":"https:\/\/www.public.sn\/index.php\/wp-json\/wp\/v2\/categories?post=11338"},{"taxonomy":"post_tag","embeddable":true,"href":"https:\/\/www.public.sn\/index.php\/wp-json\/wp\/v2\/tags?post=11338"}],"curies":[{"name":"wp","href":"https:\/\/api.w.org\/{rel}","templated":true}]}}