{"id":11384,"date":"2022-12-10T18:14:48","date_gmt":"2022-12-10T18:14:48","guid":{"rendered":"https:\/\/www.public.sn\/?p=11384"},"modified":"2022-12-10T18:14:50","modified_gmt":"2022-12-10T18:14:50","slug":"mondial-2022-les-mots-touchants-de-walid-regragui-apres-la-qualification-du-maroc","status":"publish","type":"post","link":"https:\/\/www.public.sn\/index.php\/2022\/12\/10\/mondial-2022-les-mots-touchants-de-walid-regragui-apres-la-qualification-du-maroc\/","title":{"rendered":"Mondial-2022 : les mots touchants de Walid Regragui apr\u00e8s la qualification du Maroc\u2026\u00a0"},"content":{"rendered":"<p><strong>Le continent africain a v\u00e9cu ce samedi une journ\u00e9e qui restera \u00e0 jamais grav\u00e9 dans la m\u00e9moire collective des f\u00e9rus du football. Le Maroc a \u00e9crit l\u2019histoire du football en \u00e9liminant le Portugal (1-0) et se qualifie en demi-finales de la Coupe du monde Qatar 2022. Vraiment,uUn exploit historique pour la s\u00e9lection marocaine. Au micro de beIN Sports, le s\u00e9lectionneur Walid Regragui a sembl\u00e9 tr\u00e8s touch\u00e9 et a rappel\u00e9 toutes les difficult\u00e9s rencontr\u00e9es depuis le d\u00e9but de la comp\u00e9tition.<\/strong><\/p><div class=\"publi-paragraphe1\" style=\"margin-top: 10px;margin-bottom: 10px;margin-left: auto;margin-right: auto;text-align: center;\" id=\"publi-660562476\"><div class=\"publi-adlabel\">Publicit\u00e9<\/div><script async src=\"\/\/pagead2.googlesyndication.com\/pagead\/js\/adsbygoogle.js?client=ca-pub-4089586018074219\" crossorigin=\"anonymous\"><\/script><ins class=\"adsbygoogle\" style=\"display:block;\" data-ad-client=\"ca-pub-4089586018074219\" \ndata-ad-slot=\"2087940154\" \ndata-ad-format=\"auto\"><\/ins>\n<script> \n(adsbygoogle = window.adsbygoogle || []).push({}); \n<\/script>\n<\/div>\n<p><em>\u00abOn est tomb\u00e9 sur une grande \u00e9quipe avec beaucoup de talent. On y a cru, on a beaucoup de bless\u00e9s avec Aguerd, Saiss, Mazraoui ou m\u00eame avant avec Harit, Tissoudali, Louza ou Masina. Les mecs rentrent et se battent. Tout le monde se bat, le public nous suit. On devait \u00e9crire l\u2019histoire de l\u2019Afrique, on l\u2019a fait. Ce n\u2019est pas une question de respect, on avance avec nos qualit\u00e9s. On a perdu beaucoup de monde, on s\u2019est accroch\u00e9 et on a cr\u00e9\u00e9 un \u00e9tat d\u2019esprit. L\u2019Afrique est sur le devant de la sc\u00e8ne. J\u2019esp\u00e8re que j\u2019ai ouvert la voie aux coachs africains, on travaille, on progresse. Je veux remercier tout le staff, mais ce n\u2019est pas fini comme j\u2019ai dit\u00bb,<\/em> a d\u00e9clar\u00e9 Walid Regragui tout heureux.<\/p>\n<div class=\"publi-apres-le-contenu\" style=\"margin-top: 10px;margin-bottom: 10px;margin-left: auto;margin-right: auto;text-align: center;\" id=\"publi-4087576297\"><div class=\"publi-adlabel\">Publicit\u00e9<\/div><script async src=\"\/\/pagead2.googlesyndication.com\/pagead\/js\/adsbygoogle.js?client=ca-pub-4089586018074219\" crossorigin=\"anonymous\"><\/script><ins class=\"adsbygoogle\" style=\"display:block;\" data-ad-client=\"ca-pub-4089586018074219\" \ndata-ad-slot=\"2087940154\" \ndata-ad-format=\"auto\"><\/ins>\n<script> \n(adsbygoogle = window.adsbygoogle || []).push({}); \n<\/script>\n<\/div>","protected":false},"excerpt":{"rendered":"<p>Le continent africain a v\u00e9cu ce samedi une journ\u00e9e qui restera \u00e0 jamais grav\u00e9 dans la m\u00e9moire collective des f\u00e9rus du football. Le Maroc a \u00e9crit l\u2019histoire du football en \u00e9liminant le Portugal (1-0) et se qualifie en demi-finales de la Coupe du monde Qatar 2022. Vraiment,uUn exploit historique pour la s\u00e9lection marocaine. Au micro de beIN Sports, le s\u00e9lectionneur Walid Regragui a sembl\u00e9 tr\u00e8s touch\u00e9 et a rappel\u00e9 toutes les difficult\u00e9s rencontr\u00e9es depuis le d\u00e9but de la comp\u00e9tition. \u00abOn est tomb\u00e9 sur une grande \u00e9quipe avec beaucoup de talent. On y a cru, on a beaucoup de bless\u00e9s avec Aguerd, Saiss, Mazraoui ou m\u00eame avant avec Harit, Tissoudali, Louza ou Masina. Les mecs rentrent et se battent. Tout le monde se bat, le public nous suit. On devait \u00e9crire l\u2019histoire de l\u2019Afrique, on l\u2019a fait. Ce n\u2019est pas une question de respect, on avance avec nos qualit\u00e9s. On a perdu beaucoup de monde, on s\u2019est accroch\u00e9 et on a cr\u00e9\u00e9 un \u00e9tat d\u2019esprit. L\u2019Afrique est sur le devant de la sc\u00e8ne. J\u2019esp\u00e8re que j\u2019ai ouvert la voie aux coachs africains, on travaille, on progresse. Je veux remercier tout le staff, mais ce n\u2019est pas fini comme j\u2019ai dit\u00bb, a d\u00e9clar\u00e9 Walid Regragui tout heureux.<\/p>\n","protected":false},"author":1,"featured_media":11385,"comment_status":"open","ping_status":"open","sticky":false,"template":"","format":"standard","meta":{"_jetpack_memberships_contains_paid_content":false,"footnotes":""},"categories":[375,3412,7,372],"tags":[1223,521,3748],"class_list":["post-11384","post","type-post","status-publish","format-standard","has-post-thumbnail","hentry","category-actualites","category-football","category-sport","category-vedette","tag-coupe-du-monde","tag-maroc","tag-walid-regragui","entry","has-media","owp-thumbs-layout-horizontal","owp-btn-normal","owp-tabs-layout-horizontal","has-no-thumbnails","has-product-nav"],"yoast_head":"<!-- This site is optimized with the Yoast SEO plugin v25.5 - https:\/\/yoast.com\/wordpress\/plugins\/seo\/ -->\n<title>Mondial-2022 : les mots touchants de Walid Regragui apr\u00e8s la qualification du Maroc\u2026\u00a0 - LE PUBLIC<\/title>\n<meta name=\"robots\" content=\"index, follow, max-snippet:-1, max-image-preview:large, max-video-preview:-1\" \/>\n<link rel=\"canonical\" href=\"https:\/\/www.public.sn\/index.php\/2022\/12\/10\/mondial-2022-les-mots-touchants-de-walid-regragui-apres-la-qualification-du-maroc\/\" \/>\n<meta property=\"og:locale\" content=\"fr_FR\" \/>\n<meta property=\"og:type\" content=\"article\" \/>\n<meta property=\"og:title\" content=\"Mondial-2022 : les mots touchants de Walid Regragui apr\u00e8s la qualification du Maroc\u2026\u00a0 - LE PUBLIC\" \/>\n<meta property=\"og:description\" content=\"Le continent africain a v\u00e9cu ce samedi une journ\u00e9e qui restera \u00e0 jamais grav\u00e9 dans la m\u00e9moire collective des f\u00e9rus du football. Le Maroc a \u00e9crit l\u2019histoire du football en \u00e9liminant le Portugal (1-0) et se qualifie en demi-finales de la Coupe du monde Qatar 2022. Vraiment,uUn exploit historique pour la s\u00e9lection marocaine. Au micro de beIN Sports, le s\u00e9lectionneur Walid Regragui a sembl\u00e9 tr\u00e8s touch\u00e9 et a rappel\u00e9 toutes les difficult\u00e9s rencontr\u00e9es depuis le d\u00e9but de la comp\u00e9tition. \u00abOn est tomb\u00e9 sur une grande \u00e9quipe avec beaucoup de talent. On y a cru, on a beaucoup de bless\u00e9s avec Aguerd, Saiss, Mazraoui ou m\u00eame avant avec Harit, Tissoudali, Louza ou Masina. Les mecs rentrent et se battent. Tout le monde se bat, le public nous suit. On devait \u00e9crire l\u2019histoire de l\u2019Afrique, on l\u2019a fait. Ce n\u2019est pas une question de respect, on avance avec nos qualit\u00e9s. On a perdu beaucoup de monde, on s\u2019est accroch\u00e9 et on a cr\u00e9\u00e9 un \u00e9tat d\u2019esprit. L\u2019Afrique est sur le devant de la sc\u00e8ne. J\u2019esp\u00e8re que j\u2019ai ouvert la voie aux coachs africains, on travaille, on progresse. Je veux remercier tout le staff, mais ce n\u2019est pas fini comme j\u2019ai dit\u00bb, a d\u00e9clar\u00e9 Walid Regragui tout heureux.\" \/>\n<meta property=\"og:url\" content=\"https:\/\/www.public.sn\/index.php\/2022\/12\/10\/mondial-2022-les-mots-touchants-de-walid-regragui-apres-la-qualification-du-maroc\/\" \/>\n<meta property=\"og:site_name\" content=\"LE PUBLIC\" \/>\n<meta property=\"article:published_time\" content=\"2022-12-10T18:14:48+00:00\" \/>\n<meta property=\"article:modified_time\" content=\"2022-12-10T18:14:50+00:00\" \/>\n<meta property=\"og:image\" content=\"https:\/\/www.public.sn\/wp-content\/uploads\/2022\/12\/Walid-Regragui.jpg\" \/>\n\t<meta property=\"og:image:width\" content=\"750\" \/>\n\t<meta property=\"og:image:height\" content=\"430\" \/>\n\t<meta property=\"og:image:type\" content=\"image\/jpeg\" \/>\n<meta name=\"author\" content=\"LA REDACTION\" \/>\n<meta name=\"twitter:card\" content=\"summary_large_image\" \/>\n<meta name=\"twitter:label1\" content=\"\u00c9crit par\" \/>\n\t<meta name=\"twitter:data1\" content=\"LA REDACTION\" \/>\n\t<meta name=\"twitter:label2\" content=\"Dur\u00e9e de lecture estim\u00e9e\" \/>\n\t<meta name=\"twitter:data2\" content=\"2 minutes\" \/>\n<script type=\"application\/ld+json\" class=\"yoast-schema-graph\">{\"@context\":\"https:\/\/schema.org\",\"@graph\":[{\"@type\":\"Article\",\"@id\":\"https:\/\/www.public.sn\/index.php\/2022\/12\/10\/mondial-2022-les-mots-touchants-de-walid-regragui-apres-la-qualification-du-maroc\/#article\",\"isPartOf\":{\"@id\":\"https:\/\/www.public.sn\/index.php\/2022\/12\/10\/mondial-2022-les-mots-touchants-de-walid-regragui-apres-la-qualification-du-maroc\/\"},\"author\":{\"name\":\"LA REDACTION\",\"@id\":\"https:\/\/www.public.sn\/#\/schema\/person\/e3f4a11b037d4203902db148f9bc8d5a\"},\"headline\":\"Mondial-2022 : les mots touchants de Walid Regragui apr\u00e8s la qualification du Maroc\u2026\u00a0\",\"datePublished\":\"2022-12-10T18:14:48+00:00\",\"dateModified\":\"2022-12-10T18:14:50+00:00\",\"mainEntityOfPage\":{\"@id\":\"https:\/\/www.public.sn\/index.php\/2022\/12\/10\/mondial-2022-les-mots-touchants-de-walid-regragui-apres-la-qualification-du-maroc\/\"},\"wordCount\":246,\"commentCount\":0,\"publisher\":{\"@id\":\"https:\/\/www.public.sn\/#organization\"},\"image\":{\"@id\":\"https:\/\/www.public.sn\/index.php\/2022\/12\/10\/mondial-2022-les-mots-touchants-de-walid-regragui-apres-la-qualification-du-maroc\/#primaryimage\"},\"thumbnailUrl\":\"https:\/\/www.public.sn\/wp-content\/uploads\/2022\/12\/Walid-Regragui.jpg\",\"keywords\":[\"coupe du monde\",\"Maroc\",\"Walid Regragui\"],\"articleSection\":[\"ACTUALIT\u00c9S\",\"FOOTBALL\",\"SPORTS\",\"VEDETTE\"],\"inLanguage\":\"fr-FR\",\"potentialAction\":[{\"@type\":\"CommentAction\",\"name\":\"Comment\",\"target\":[\"https:\/\/www.public.sn\/index.php\/2022\/12\/10\/mondial-2022-les-mots-touchants-de-walid-regragui-apres-la-qualification-du-maroc\/#respond\"]}]},{\"@type\":\"WebPage\",\"@id\":\"https:\/\/www.public.sn\/index.php\/2022\/12\/10\/mondial-2022-les-mots-touchants-de-walid-regragui-apres-la-qualification-du-maroc\/\",\"url\":\"https:\/\/www.public.sn\/index.php\/2022\/12\/10\/mondial-2022-les-mots-touchants-de-walid-regragui-apres-la-qualification-du-maroc\/\",\"name\":\"Mondial-2022 : les mots touchants de Walid Regragui apr\u00e8s la qualification du Maroc\u2026\u00a0 - LE PUBLIC\",\"isPartOf\":{\"@id\":\"https:\/\/www.public.sn\/#website\"},\"primaryImageOfPage\":{\"@id\":\"https:\/\/www.public.sn\/index.php\/2022\/12\/10\/mondial-2022-les-mots-touchants-de-walid-regragui-apres-la-qualification-du-maroc\/#primaryimage\"},\"image\":{\"@id\":\"https:\/\/www.public.sn\/index.php\/2022\/12\/10\/mondial-2022-les-mots-touchants-de-walid-regragui-apres-la-qualification-du-maroc\/#primaryimage\"},\"thumbnailUrl\":\"https:\/\/www.public.sn\/wp-content\/uploads\/2022\/12\/Walid-Regragui.jpg\",\"datePublished\":\"2022-12-10T18:14:48+00:00\",\"dateModified\":\"2022-12-10T18:14:50+00:00\",\"breadcrumb\":{\"@id\":\"https:\/\/www.public.sn\/index.php\/2022\/12\/10\/mondial-2022-les-mots-touchants-de-walid-regragui-apres-la-qualification-du-maroc\/#breadcrumb\"},\"inLanguage\":\"fr-FR\",\"potentialAction\":[{\"@type\":\"ReadAction\",\"target\":[\"https:\/\/www.public.sn\/index.php\/2022\/12\/10\/mondial-2022-les-mots-touchants-de-walid-regragui-apres-la-qualification-du-maroc\/\"]}]},{\"@type\":\"ImageObject\",\"inLanguage\":\"fr-FR\",\"@id\":\"https:\/\/www.public.sn\/index.php\/2022\/12\/10\/mondial-2022-les-mots-touchants-de-walid-regragui-apres-la-qualification-du-maroc\/#primaryimage\",\"url\":\"https:\/\/www.public.sn\/wp-content\/uploads\/2022\/12\/Walid-Regragui.jpg\",\"contentUrl\":\"https:\/\/www.public.sn\/wp-content\/uploads\/2022\/12\/Walid-Regragui.jpg\",\"width\":750,\"height\":430},{\"@type\":\"BreadcrumbList\",\"@id\":\"https:\/\/www.public.sn\/index.php\/2022\/12\/10\/mondial-2022-les-mots-touchants-de-walid-regragui-apres-la-qualification-du-maroc\/#breadcrumb\",\"itemListElement\":[{\"@type\":\"ListItem\",\"position\":1,\"name\":\"Accueil\",\"item\":\"https:\/\/www.public.sn\/\"},{\"@type\":\"ListItem\",\"position\":2,\"name\":\"Mondial-2022 : les mots touchants de Walid Regragui apr\u00e8s la qualification du Maroc\u2026\u00a0\"}]},{\"@type\":\"WebSite\",\"@id\":\"https:\/\/www.public.sn\/#website\",\"url\":\"https:\/\/www.public.sn\/\",\"name\":\"LE PUBLIC\",\"description\":\"\",\"publisher\":{\"@id\":\"https:\/\/www.public.sn\/#organization\"},\"potentialAction\":[{\"@type\":\"SearchAction\",\"target\":{\"@type\":\"EntryPoint\",\"urlTemplate\":\"https:\/\/www.public.sn\/?s={search_term_string}\"},\"query-input\":{\"@type\":\"PropertyValueSpecification\",\"valueRequired\":true,\"valueName\":\"search_term_string\"}}],\"inLanguage\":\"fr-FR\"},{\"@type\":\"Organization\",\"@id\":\"https:\/\/www.public.sn\/#organization\",\"name\":\"LE PUBLIC\",\"url\":\"https:\/\/www.public.sn\/\",\"logo\":{\"@type\":\"ImageObject\",\"inLanguage\":\"fr-FR\",\"@id\":\"https:\/\/www.public.sn\/#\/schema\/logo\/image\/\",\"url\":\"https:\/\/www.public.sn\/wp-content\/uploads\/2024\/05\/cropped-LOGO-PUBLIC.SN_.png\",\"contentUrl\":\"https:\/\/www.public.sn\/wp-content\/uploads\/2024\/05\/cropped-LOGO-PUBLIC.SN_.png\",\"width\":682,\"height\":192,\"caption\":\"LE PUBLIC\"},\"image\":{\"@id\":\"https:\/\/www.public.sn\/#\/schema\/logo\/image\/\"}},{\"@type\":\"Person\",\"@id\":\"https:\/\/www.public.sn\/#\/schema\/person\/e3f4a11b037d4203902db148f9bc8d5a\",\"name\":\"LA REDACTION\",\"image\":{\"@type\":\"ImageObject\",\"inLanguage\":\"fr-FR\",\"@id\":\"https:\/\/www.public.sn\/#\/schema\/person\/image\/\",\"url\":\"https:\/\/secure.gravatar.com\/avatar\/d6c030db45db2883c075085c5d6c6258654a801a93766b49af0b82d4f454e2a5?s=96&d=mm&r=g\",\"contentUrl\":\"https:\/\/secure.gravatar.com\/avatar\/d6c030db45db2883c075085c5d6c6258654a801a93766b49af0b82d4f454e2a5?s=96&d=mm&r=g\",\"caption\":\"LA REDACTION\"},\"sameAs\":[\"http:\/\/www.public.sn\"],\"url\":\"https:\/\/www.public.sn\/index.php\/author\/admin7324\/\"}]}<\/script>\n<!-- \/ Yoast SEO plugin. -->","yoast_head_json":{"title":"Mondial-2022 : les mots touchants de Walid Regragui apr\u00e8s la qualification du Maroc\u2026\u00a0 - LE PUBLIC","robots":{"index":"index","follow":"follow","max-snippet":"max-snippet:-1","max-image-preview":"max-image-preview:large","max-video-preview":"max-video-preview:-1"},"canonical":"https:\/\/www.public.sn\/index.php\/2022\/12\/10\/mondial-2022-les-mots-touchants-de-walid-regragui-apres-la-qualification-du-maroc\/","og_locale":"fr_FR","og_type":"article","og_title":"Mondial-2022 : les mots touchants de Walid Regragui apr\u00e8s la qualification du Maroc\u2026\u00a0 - LE PUBLIC","og_description":"Le continent africain a v\u00e9cu ce samedi une journ\u00e9e qui restera \u00e0 jamais grav\u00e9 dans la m\u00e9moire collective des f\u00e9rus du football. Le Maroc a \u00e9crit l\u2019histoire du football en \u00e9liminant le Portugal (1-0) et se qualifie en demi-finales de la Coupe du monde Qatar 2022. Vraiment,uUn exploit historique pour la s\u00e9lection marocaine. Au micro de beIN Sports, le s\u00e9lectionneur Walid Regragui a sembl\u00e9 tr\u00e8s touch\u00e9 et a rappel\u00e9 toutes les difficult\u00e9s rencontr\u00e9es depuis le d\u00e9but de la comp\u00e9tition. \u00abOn est tomb\u00e9 sur une grande \u00e9quipe avec beaucoup de talent. On y a cru, on a beaucoup de bless\u00e9s avec Aguerd, Saiss, Mazraoui ou m\u00eame avant avec Harit, Tissoudali, Louza ou Masina. Les mecs rentrent et se battent. Tout le monde se bat, le public nous suit. On devait \u00e9crire l\u2019histoire de l\u2019Afrique, on l\u2019a fait. Ce n\u2019est pas une question de respect, on avance avec nos qualit\u00e9s. On a perdu beaucoup de monde, on s\u2019est accroch\u00e9 et on a cr\u00e9\u00e9 un \u00e9tat d\u2019esprit. L\u2019Afrique est sur le devant de la sc\u00e8ne. J\u2019esp\u00e8re que j\u2019ai ouvert la voie aux coachs africains, on travaille, on progresse. Je veux remercier tout le staff, mais ce n\u2019est pas fini comme j\u2019ai dit\u00bb, a d\u00e9clar\u00e9 Walid Regragui tout heureux.","og_url":"https:\/\/www.public.sn\/index.php\/2022\/12\/10\/mondial-2022-les-mots-touchants-de-walid-regragui-apres-la-qualification-du-maroc\/","og_site_name":"LE PUBLIC","article_published_time":"2022-12-10T18:14:48+00:00","article_modified_time":"2022-12-10T18:14:50+00:00","og_image":[{"width":750,"height":430,"url":"https:\/\/www.public.sn\/wp-content\/uploads\/2022\/12\/Walid-Regragui.jpg","type":"image\/jpeg"}],"author":"LA REDACTION","twitter_card":"summary_large_image","twitter_misc":{"\u00c9crit par":"LA REDACTION","Dur\u00e9e de lecture estim\u00e9e":"2 minutes"},"schema":{"@context":"https:\/\/schema.org","@graph":[{"@type":"Article","@id":"https:\/\/www.public.sn\/index.php\/2022\/12\/10\/mondial-2022-les-mots-touchants-de-walid-regragui-apres-la-qualification-du-maroc\/#article","isPartOf":{"@id":"https:\/\/www.public.sn\/index.php\/2022\/12\/10\/mondial-2022-les-mots-touchants-de-walid-regragui-apres-la-qualification-du-maroc\/"},"author":{"name":"LA REDACTION","@id":"https:\/\/www.public.sn\/#\/schema\/person\/e3f4a11b037d4203902db148f9bc8d5a"},"headline":"Mondial-2022 : les mots touchants de Walid Regragui apr\u00e8s la qualification du Maroc\u2026\u00a0","datePublished":"2022-12-10T18:14:48+00:00","dateModified":"2022-12-10T18:14:50+00:00","mainEntityOfPage":{"@id":"https:\/\/www.public.sn\/index.php\/2022\/12\/10\/mondial-2022-les-mots-touchants-de-walid-regragui-apres-la-qualification-du-maroc\/"},"wordCount":246,"commentCount":0,"publisher":{"@id":"https:\/\/www.public.sn\/#organization"},"image":{"@id":"https:\/\/www.public.sn\/index.php\/2022\/12\/10\/mondial-2022-les-mots-touchants-de-walid-regragui-apres-la-qualification-du-maroc\/#primaryimage"},"thumbnailUrl":"https:\/\/www.public.sn\/wp-content\/uploads\/2022\/12\/Walid-Regragui.jpg","keywords":["coupe du monde","Maroc","Walid Regragui"],"articleSection":["ACTUALIT\u00c9S","FOOTBALL","SPORTS","VEDETTE"],"inLanguage":"fr-FR","potentialAction":[{"@type":"CommentAction","name":"Comment","target":["https:\/\/www.public.sn\/index.php\/2022\/12\/10\/mondial-2022-les-mots-touchants-de-walid-regragui-apres-la-qualification-du-maroc\/#respond"]}]},{"@type":"WebPage","@id":"https:\/\/www.public.sn\/index.php\/2022\/12\/10\/mondial-2022-les-mots-touchants-de-walid-regragui-apres-la-qualification-du-maroc\/","url":"https:\/\/www.public.sn\/index.php\/2022\/12\/10\/mondial-2022-les-mots-touchants-de-walid-regragui-apres-la-qualification-du-maroc\/","name":"Mondial-2022 : les mots touchants de Walid Regragui apr\u00e8s la qualification du Maroc\u2026\u00a0 - LE PUBLIC","isPartOf":{"@id":"https:\/\/www.public.sn\/#website"},"primaryImageOfPage":{"@id":"https:\/\/www.public.sn\/index.php\/2022\/12\/10\/mondial-2022-les-mots-touchants-de-walid-regragui-apres-la-qualification-du-maroc\/#primaryimage"},"image":{"@id":"https:\/\/www.public.sn\/index.php\/2022\/12\/10\/mondial-2022-les-mots-touchants-de-walid-regragui-apres-la-qualification-du-maroc\/#primaryimage"},"thumbnailUrl":"https:\/\/www.public.sn\/wp-content\/uploads\/2022\/12\/Walid-Regragui.jpg","datePublished":"2022-12-10T18:14:48+00:00","dateModified":"2022-12-10T18:14:50+00:00","breadcrumb":{"@id":"https:\/\/www.public.sn\/index.php\/2022\/12\/10\/mondial-2022-les-mots-touchants-de-walid-regragui-apres-la-qualification-du-maroc\/#breadcrumb"},"inLanguage":"fr-FR","potentialAction":[{"@type":"ReadAction","target":["https:\/\/www.public.sn\/index.php\/2022\/12\/10\/mondial-2022-les-mots-touchants-de-walid-regragui-apres-la-qualification-du-maroc\/"]}]},{"@type":"ImageObject","inLanguage":"fr-FR","@id":"https:\/\/www.public.sn\/index.php\/2022\/12\/10\/mondial-2022-les-mots-touchants-de-walid-regragui-apres-la-qualification-du-maroc\/#primaryimage","url":"https:\/\/www.public.sn\/wp-content\/uploads\/2022\/12\/Walid-Regragui.jpg","contentUrl":"https:\/\/www.public.sn\/wp-content\/uploads\/2022\/12\/Walid-Regragui.jpg","width":750,"height":430},{"@type":"BreadcrumbList","@id":"https:\/\/www.public.sn\/index.php\/2022\/12\/10\/mondial-2022-les-mots-touchants-de-walid-regragui-apres-la-qualification-du-maroc\/#breadcrumb","itemListElement":[{"@type":"ListItem","position":1,"name":"Accueil","item":"https:\/\/www.public.sn\/"},{"@type":"ListItem","position":2,"name":"Mondial-2022 : les mots touchants de Walid Regragui apr\u00e8s la qualification du Maroc\u2026\u00a0"}]},{"@type":"WebSite","@id":"https:\/\/www.public.sn\/#website","url":"https:\/\/www.public.sn\/","name":"LE PUBLIC","description":"","publisher":{"@id":"https:\/\/www.public.sn\/#organization"},"potentialAction":[{"@type":"SearchAction","target":{"@type":"EntryPoint","urlTemplate":"https:\/\/www.public.sn\/?s={search_term_string}"},"query-input":{"@type":"PropertyValueSpecification","valueRequired":true,"valueName":"search_term_string"}}],"inLanguage":"fr-FR"},{"@type":"Organization","@id":"https:\/\/www.public.sn\/#organization","name":"LE PUBLIC","url":"https:\/\/www.public.sn\/","logo":{"@type":"ImageObject","inLanguage":"fr-FR","@id":"https:\/\/www.public.sn\/#\/schema\/logo\/image\/","url":"https:\/\/www.public.sn\/wp-content\/uploads\/2024\/05\/cropped-LOGO-PUBLIC.SN_.png","contentUrl":"https:\/\/www.public.sn\/wp-content\/uploads\/2024\/05\/cropped-LOGO-PUBLIC.SN_.png","width":682,"height":192,"caption":"LE PUBLIC"},"image":{"@id":"https:\/\/www.public.sn\/#\/schema\/logo\/image\/"}},{"@type":"Person","@id":"https:\/\/www.public.sn\/#\/schema\/person\/e3f4a11b037d4203902db148f9bc8d5a","name":"LA REDACTION","image":{"@type":"ImageObject","inLanguage":"fr-FR","@id":"https:\/\/www.public.sn\/#\/schema\/person\/image\/","url":"https:\/\/secure.gravatar.com\/avatar\/d6c030db45db2883c075085c5d6c6258654a801a93766b49af0b82d4f454e2a5?s=96&d=mm&r=g","contentUrl":"https:\/\/secure.gravatar.com\/avatar\/d6c030db45db2883c075085c5d6c6258654a801a93766b49af0b82d4f454e2a5?s=96&d=mm&r=g","caption":"LA REDACTION"},"sameAs":["http:\/\/www.public.sn"],"url":"https:\/\/www.public.sn\/index.php\/author\/admin7324\/"}]}},"jetpack_featured_media_url":"https:\/\/www.public.sn\/wp-content\/uploads\/2022\/12\/Walid-Regragui.jpg","jetpack_sharing_enabled":true,"_links":{"self":[{"href":"https:\/\/www.public.sn\/index.php\/wp-json\/wp\/v2\/posts\/11384","targetHints":{"allow":["GET"]}}],"collection":[{"href":"https:\/\/www.public.sn\/index.php\/wp-json\/wp\/v2\/posts"}],"about":[{"href":"https:\/\/www.public.sn\/index.php\/wp-json\/wp\/v2\/types\/post"}],"author":[{"embeddable":true,"href":"https:\/\/www.public.sn\/index.php\/wp-json\/wp\/v2\/users\/1"}],"replies":[{"embeddable":true,"href":"https:\/\/www.public.sn\/index.php\/wp-json\/wp\/v2\/comments?post=11384"}],"version-history":[{"count":2,"href":"https:\/\/www.public.sn\/index.php\/wp-json\/wp\/v2\/posts\/11384\/revisions"}],"predecessor-version":[{"id":11387,"href":"https:\/\/www.public.sn\/index.php\/wp-json\/wp\/v2\/posts\/11384\/revisions\/11387"}],"wp:featuredmedia":[{"embeddable":true,"href":"https:\/\/www.public.sn\/index.php\/wp-json\/wp\/v2\/media\/11385"}],"wp:attachment":[{"href":"https:\/\/www.public.sn\/index.php\/wp-json\/wp\/v2\/media?parent=11384"}],"wp:term":[{"taxonomy":"category","embeddable":true,"href":"https:\/\/www.public.sn\/index.php\/wp-json\/wp\/v2\/categories?post=11384"},{"taxonomy":"post_tag","embeddable":true,"href":"https:\/\/www.public.sn\/index.php\/wp-json\/wp\/v2\/tags?post=11384"}],"curies":[{"name":"wp","href":"https:\/\/api.w.org\/{rel}","templated":true}]}}