{"id":1145,"date":"2022-09-02T14:05:26","date_gmt":"2022-09-02T12:05:26","guid":{"rendered":"https:\/\/www.public.sn\/?p=1145"},"modified":"2022-09-02T17:26:22","modified_gmt":"2022-09-02T15:26:22","slug":"mise-en-oeuvre-du-plan-orsec-194-sites-inondes-recenses-dont-93-traites-et-liberes-et-173-autres-en-cours-de-traitement","status":"publish","type":"post","link":"https:\/\/www.public.sn\/index.php\/2022\/09\/02\/mise-en-oeuvre-du-plan-orsec-194-sites-inondes-recenses-dont-93-traites-et-liberes-et-173-autres-en-cours-de-traitement\/","title":{"rendered":"Mise en \u0153uvre du plan Orsec:\u00a0194 sites inond\u00e9s recens\u00e9s dont 21 trait\u00e9s et lib\u00e9r\u00e9s et 173 autres en cours de traitement."},"content":{"rendered":"\n<p><strong>Apr\u00e8s le d\u00e9clenchement du Plan pour l\u2019Organisation des secours (Orsec) en d\u00e9but Aout, 194 sites inond\u00e9s ont \u00e9t\u00e9 recens\u00e9s dont 21 trait\u00e9s et lib\u00e9r\u00e9s et 173 autres en cours de traitement pr\u00e9cise le ministre de l\u2019Int\u00e9rieur et de la s\u00e9curit\u00e9 publique Antoine F\u00e9lix Diome.<\/strong><\/p><div class=\"publi-paragraphe1\" style=\"margin-top: 10px;margin-bottom: 10px;margin-left: auto;margin-right: auto;text-align: center;\" id=\"publi-2909778533\"><div class=\"publi-adlabel\">Publicit\u00e9<\/div><script async src=\"\/\/pagead2.googlesyndication.com\/pagead\/js\/adsbygoogle.js?client=ca-pub-4089586018074219\" crossorigin=\"anonymous\"><\/script><ins class=\"adsbygoogle\" style=\"display:block;\" data-ad-client=\"ca-pub-4089586018074219\" \ndata-ad-slot=\"2087940154\" \ndata-ad-format=\"auto\"><\/ins>\n<script> \n(adsbygoogle = window.adsbygoogle || []).push({}); \n<\/script>\n<\/div>\n\n\n\n<p>Ce, pour la r\u00e9solution de ces probl\u00e8mes li\u00e9s aux fortes pluies, que le ministre de l\u2019Assainissement et de l\u2019Eau Serigne Mbaye Thiam et son coll\u00e8gue Antoine F\u00e9lix Diome, ministre de l\u2019int\u00e9rieur ont annonc\u00e9, ce vendredi, la mise en place du plan Orsec dans les zones cibl\u00e9es.<\/p>\n\n\n\n<p>Le service national d\u2019hygi\u00e8ne, la brigade nationale des sapeurs pompiers vont proc\u00e9der apr\u00e8s la mise en \u0153uvre du plan orsec, d\u00e9clench\u00e9 \u00e0 la suite des fortes pr\u00e9cipitations qui se sont abattues au S\u00e9n\u00e9gal, cr\u00e9ant ainsi beaucoup d\u2019inondations particuli\u00e8rement \u00e0 Dakar<strong>.&nbsp;<\/strong>\u201c<em>La pluie du 05 Aout 2022 pass\u00e9 est la sixi\u00e8me pluie la plus importante depuis 1946\u201d,<\/em>&nbsp;affirme le ministre de l\u2019assainissement et de l\u2019eau S\u00e9rigne Mbaye Thiam.<\/p>\n\n\n\n<p><em>\u201cL\u2019Onas travaille sur un projet pour faire une \u00e9tude s\u00e9rieuse en vue de pouvoir \u00e9vacuer les eaux fluviales et lib\u00e9rer les voies d\u2019eaux\u201d<\/em>, ajoute t-il.<\/p>\n\n\n\n<p>R\u00e9pondant \u00e0 une question sur les inondations \u00e0 Touba devant recevoir plusieurs p\u00e8lerins dans deux semaines, le ministre de l\u2019int\u00e9rieur rassure les populations pour une bonne tenue de cet \u00e9v\u00e9nement. \u201d<em>L\u2019\u00e9tat prendra toutes les dispositions n\u00e9cessaires et idoines pour assurer de meilleures conditions en activant tous les services du minist\u00e8re de l\u2019eau et de l\u2019assainissement ainsi que ceux du minist\u00e8re de l\u2019int\u00e9rieur\u201d,<\/em> dit-il. \u201c<em>C\u2019est suite aux instructions du chef de l\u2019\u00e9tat\u201d<\/em>, pr\u00e9cise t-il.<\/p>\n\n\n\n<p>Les op\u00e9rations se d\u00e9rouleront respectivement dans les zones inond\u00e9es (Dakar,  Touba, Fouta etc.) un mois apr\u00e8s le d\u00e9clenchement du Orsec.<\/p>\n\n\n\n<figure class=\"wp-block-embed is-type-video is-provider-youtube wp-block-embed-youtube wp-embed-aspect-16-9 wp-has-aspect-ratio\"><div class=\"wp-block-embed__wrapper\">\n<p class=\"responsive-video-wrap clr\"><iframe title=\"Plan Orsec: Antoine F\u00e9lix Diome et S\u00e9rigne Mbaye Thiam face \u00e0 la Presse. Exclusif.\" width=\"1200\" height=\"675\" src=\"https:\/\/www.youtube.com\/embed\/HGIEiuIO46c?feature=oembed\" frameborder=\"0\" allow=\"accelerometer; autoplay; clipboard-write; encrypted-media; gyroscope; picture-in-picture\" allowfullscreen><\/iframe><\/p>\n<\/div><\/figure>\n<div class=\"publi-apres-le-contenu\" style=\"margin-top: 10px;margin-bottom: 10px;margin-left: auto;margin-right: auto;text-align: center;\" id=\"publi-2370095351\"><div class=\"publi-adlabel\">Publicit\u00e9<\/div><script async src=\"\/\/pagead2.googlesyndication.com\/pagead\/js\/adsbygoogle.js?client=ca-pub-4089586018074219\" crossorigin=\"anonymous\"><\/script><ins class=\"adsbygoogle\" style=\"display:block;\" data-ad-client=\"ca-pub-4089586018074219\" \ndata-ad-slot=\"2087940154\" \ndata-ad-format=\"auto\"><\/ins>\n<script> \n(adsbygoogle = window.adsbygoogle || []).push({}); \n<\/script>\n<\/div>","protected":false},"excerpt":{"rendered":"<p>Apr\u00e8s le d\u00e9clenchement du Plan pour l\u2019Organisation des secours (Orsec) en d\u00e9but Aout, 194 sites inond\u00e9s ont \u00e9t\u00e9 recens\u00e9s dont 21 trait\u00e9s et lib\u00e9r\u00e9s et 173 autres en cours de traitement pr\u00e9cise le ministre de l\u2019Int\u00e9rieur et de la s\u00e9curit\u00e9 publique Antoine F\u00e9lix Diome. Ce, pour la r\u00e9solution de ces probl\u00e8mes li\u00e9s aux fortes pluies, que le ministre de l\u2019Assainissement et de l\u2019Eau Serigne Mbaye Thiam et son coll\u00e8gue Antoine F\u00e9lix Diome, ministre de l\u2019int\u00e9rieur ont annonc\u00e9, ce vendredi, la mise en place du plan Orsec dans les zones cibl\u00e9es. Le service national d\u2019hygi\u00e8ne, la brigade nationale des sapeurs pompiers vont proc\u00e9der apr\u00e8s la mise en \u0153uvre du plan orsec, d\u00e9clench\u00e9 \u00e0 la suite des fortes pr\u00e9cipitations qui se sont abattues au S\u00e9n\u00e9gal, cr\u00e9ant ainsi beaucoup d\u2019inondations particuli\u00e8rement \u00e0 Dakar.&nbsp;\u201cLa pluie du 05 Aout 2022 pass\u00e9 est la sixi\u00e8me pluie la plus importante depuis 1946\u201d,&nbsp;affirme le ministre de l\u2019assainissement et de l\u2019eau S\u00e9rigne Mbaye Thiam. \u201cL\u2019Onas travaille sur un projet pour faire une \u00e9tude s\u00e9rieuse en vue de pouvoir \u00e9vacuer les eaux fluviales et lib\u00e9rer les voies d\u2019eaux\u201d, ajoute t-il. R\u00e9pondant \u00e0 une question sur les inondations \u00e0 Touba devant recevoir plusieurs p\u00e8lerins dans deux semaines, le ministre de l\u2019int\u00e9rieur rassure les populations pour une bonne tenue de cet \u00e9v\u00e9nement. \u201dL\u2019\u00e9tat prendra toutes les dispositions n\u00e9cessaires et idoines pour assurer de meilleures conditions en activant tous les services du minist\u00e8re de l\u2019eau et de l\u2019assainissement ainsi que ceux du minist\u00e8re de l\u2019int\u00e9rieur\u201d, dit-il. \u201cC\u2019est suite aux instructions du chef de l\u2019\u00e9tat\u201d, pr\u00e9cise t-il. Les op\u00e9rations se d\u00e9rouleront respectivement dans les zones inond\u00e9es (Dakar, Touba, Fouta etc.) un mois apr\u00e8s le d\u00e9clenchement du Orsec.<\/p>\n","protected":false},"author":1,"featured_media":1146,"comment_status":"open","ping_status":"open","sticky":false,"template":"","format":"standard","meta":{"_jetpack_memberships_contains_paid_content":false,"footnotes":""},"categories":[375,4],"tags":[256,92,11,453,454,69],"class_list":["post-1145","post","type-post","status-publish","format-standard","has-post-thumbnail","hentry","category-actualites","category-societe","tag-antoine-felix-diome","tag-inondations","tag-macky-sall","tag-orsec","tag-serigne-mbaye-thiam","tag-touba","entry","has-media","owp-thumbs-layout-horizontal","owp-btn-normal","owp-tabs-layout-horizontal","has-no-thumbnails","has-product-nav"],"yoast_head":"<!-- This site is optimized with the Yoast SEO plugin v25.5 - https:\/\/yoast.com\/wordpress\/plugins\/seo\/ -->\n<title>Mise en \u0153uvre du plan Orsec:\u00a0194 sites inond\u00e9s recens\u00e9s dont 21 trait\u00e9s et lib\u00e9r\u00e9s et 173 autres en cours de traitement. - LE PUBLIC<\/title>\n<meta name=\"robots\" content=\"index, follow, max-snippet:-1, max-image-preview:large, max-video-preview:-1\" \/>\n<link rel=\"canonical\" href=\"https:\/\/www.public.sn\/index.php\/2022\/09\/02\/mise-en-oeuvre-du-plan-orsec-194-sites-inondes-recenses-dont-93-traites-et-liberes-et-173-autres-en-cours-de-traitement\/\" \/>\n<meta property=\"og:locale\" content=\"fr_FR\" \/>\n<meta property=\"og:type\" content=\"article\" \/>\n<meta property=\"og:title\" content=\"Mise en \u0153uvre du plan Orsec:\u00a0194 sites inond\u00e9s recens\u00e9s dont 21 trait\u00e9s et lib\u00e9r\u00e9s et 173 autres en cours de traitement. - LE PUBLIC\" \/>\n<meta property=\"og:description\" content=\"Apr\u00e8s le d\u00e9clenchement du Plan pour l\u2019Organisation des secours (Orsec) en d\u00e9but Aout, 194 sites inond\u00e9s ont \u00e9t\u00e9 recens\u00e9s dont 21 trait\u00e9s et lib\u00e9r\u00e9s et 173 autres en cours de traitement pr\u00e9cise le ministre de l\u2019Int\u00e9rieur et de la s\u00e9curit\u00e9 publique Antoine F\u00e9lix Diome. Ce, pour la r\u00e9solution de ces probl\u00e8mes li\u00e9s aux fortes pluies, que le ministre de l\u2019Assainissement et de l\u2019Eau Serigne Mbaye Thiam et son coll\u00e8gue Antoine F\u00e9lix Diome, ministre de l\u2019int\u00e9rieur ont annonc\u00e9, ce vendredi, la mise en place du plan Orsec dans les zones cibl\u00e9es. Le service national d\u2019hygi\u00e8ne, la brigade nationale des sapeurs pompiers vont proc\u00e9der apr\u00e8s la mise en \u0153uvre du plan orsec, d\u00e9clench\u00e9 \u00e0 la suite des fortes pr\u00e9cipitations qui se sont abattues au S\u00e9n\u00e9gal, cr\u00e9ant ainsi beaucoup d\u2019inondations particuli\u00e8rement \u00e0 Dakar.&nbsp;\u201cLa pluie du 05 Aout 2022 pass\u00e9 est la sixi\u00e8me pluie la plus importante depuis 1946\u201d,&nbsp;affirme le ministre de l\u2019assainissement et de l\u2019eau S\u00e9rigne Mbaye Thiam. \u201cL\u2019Onas travaille sur un projet pour faire une \u00e9tude s\u00e9rieuse en vue de pouvoir \u00e9vacuer les eaux fluviales et lib\u00e9rer les voies d\u2019eaux\u201d, ajoute t-il. R\u00e9pondant \u00e0 une question sur les inondations \u00e0 Touba devant recevoir plusieurs p\u00e8lerins dans deux semaines, le ministre de l\u2019int\u00e9rieur rassure les populations pour une bonne tenue de cet \u00e9v\u00e9nement. \u201dL\u2019\u00e9tat prendra toutes les dispositions n\u00e9cessaires et idoines pour assurer de meilleures conditions en activant tous les services du minist\u00e8re de l\u2019eau et de l\u2019assainissement ainsi que ceux du minist\u00e8re de l\u2019int\u00e9rieur\u201d, dit-il. \u201cC\u2019est suite aux instructions du chef de l\u2019\u00e9tat\u201d, pr\u00e9cise t-il. Les op\u00e9rations se d\u00e9rouleront respectivement dans les zones inond\u00e9es (Dakar, Touba, Fouta etc.) un mois apr\u00e8s le d\u00e9clenchement du Orsec.\" \/>\n<meta property=\"og:url\" content=\"https:\/\/www.public.sn\/index.php\/2022\/09\/02\/mise-en-oeuvre-du-plan-orsec-194-sites-inondes-recenses-dont-93-traites-et-liberes-et-173-autres-en-cours-de-traitement\/\" \/>\n<meta property=\"og:site_name\" content=\"LE PUBLIC\" \/>\n<meta property=\"article:published_time\" content=\"2022-09-02T12:05:26+00:00\" \/>\n<meta property=\"article:modified_time\" content=\"2022-09-02T15:26:22+00:00\" \/>\n<meta property=\"og:image\" content=\"https:\/\/www.public.sn\/wp-content\/uploads\/2022\/09\/884B19F2-C160-4B21-8D88-2CFBC2F5CC72-scaled.jpeg\" \/>\n\t<meta property=\"og:image:width\" content=\"2560\" \/>\n\t<meta property=\"og:image:height\" content=\"1920\" \/>\n\t<meta property=\"og:image:type\" content=\"image\/jpeg\" \/>\n<meta name=\"author\" content=\"LA REDACTION\" \/>\n<meta name=\"twitter:card\" content=\"summary_large_image\" \/>\n<meta name=\"twitter:label1\" content=\"\u00c9crit par\" \/>\n\t<meta name=\"twitter:data1\" content=\"LA REDACTION\" \/>\n\t<meta name=\"twitter:label2\" content=\"Dur\u00e9e de lecture estim\u00e9e\" \/>\n\t<meta name=\"twitter:data2\" content=\"2 minutes\" \/>\n<script type=\"application\/ld+json\" class=\"yoast-schema-graph\">{\"@context\":\"https:\/\/schema.org\",\"@graph\":[{\"@type\":\"Article\",\"@id\":\"https:\/\/www.public.sn\/index.php\/2022\/09\/02\/mise-en-oeuvre-du-plan-orsec-194-sites-inondes-recenses-dont-93-traites-et-liberes-et-173-autres-en-cours-de-traitement\/#article\",\"isPartOf\":{\"@id\":\"https:\/\/www.public.sn\/index.php\/2022\/09\/02\/mise-en-oeuvre-du-plan-orsec-194-sites-inondes-recenses-dont-93-traites-et-liberes-et-173-autres-en-cours-de-traitement\/\"},\"author\":{\"name\":\"LA REDACTION\",\"@id\":\"https:\/\/www.public.sn\/#\/schema\/person\/e3f4a11b037d4203902db148f9bc8d5a\"},\"headline\":\"Mise en \u0153uvre du plan Orsec:\u00a0194 sites inond\u00e9s recens\u00e9s dont 21 trait\u00e9s et lib\u00e9r\u00e9s et 173 autres en cours de traitement.\",\"datePublished\":\"2022-09-02T12:05:26+00:00\",\"dateModified\":\"2022-09-02T15:26:22+00:00\",\"mainEntityOfPage\":{\"@id\":\"https:\/\/www.public.sn\/index.php\/2022\/09\/02\/mise-en-oeuvre-du-plan-orsec-194-sites-inondes-recenses-dont-93-traites-et-liberes-et-173-autres-en-cours-de-traitement\/\"},\"wordCount\":360,\"commentCount\":0,\"publisher\":{\"@id\":\"https:\/\/www.public.sn\/#organization\"},\"image\":{\"@id\":\"https:\/\/www.public.sn\/index.php\/2022\/09\/02\/mise-en-oeuvre-du-plan-orsec-194-sites-inondes-recenses-dont-93-traites-et-liberes-et-173-autres-en-cours-de-traitement\/#primaryimage\"},\"thumbnailUrl\":\"https:\/\/www.public.sn\/wp-content\/uploads\/2022\/09\/884B19F2-C160-4B21-8D88-2CFBC2F5CC72-scaled.jpeg\",\"keywords\":[\"Antoine F\u00e9lix Diome\",\"Inondations\",\"Macky Sall\",\"Orsec\",\"Serigne Mbaye Thiam\",\"Touba\"],\"articleSection\":[\"ACTUALIT\u00c9S\",\"SOCIETE\"],\"inLanguage\":\"fr-FR\",\"potentialAction\":[{\"@type\":\"CommentAction\",\"name\":\"Comment\",\"target\":[\"https:\/\/www.public.sn\/index.php\/2022\/09\/02\/mise-en-oeuvre-du-plan-orsec-194-sites-inondes-recenses-dont-93-traites-et-liberes-et-173-autres-en-cours-de-traitement\/#respond\"]}]},{\"@type\":\"WebPage\",\"@id\":\"https:\/\/www.public.sn\/index.php\/2022\/09\/02\/mise-en-oeuvre-du-plan-orsec-194-sites-inondes-recenses-dont-93-traites-et-liberes-et-173-autres-en-cours-de-traitement\/\",\"url\":\"https:\/\/www.public.sn\/index.php\/2022\/09\/02\/mise-en-oeuvre-du-plan-orsec-194-sites-inondes-recenses-dont-93-traites-et-liberes-et-173-autres-en-cours-de-traitement\/\",\"name\":\"Mise en \u0153uvre du plan Orsec:\u00a0194 sites inond\u00e9s recens\u00e9s dont 21 trait\u00e9s et lib\u00e9r\u00e9s et 173 autres en cours de traitement. - LE PUBLIC\",\"isPartOf\":{\"@id\":\"https:\/\/www.public.sn\/#website\"},\"primaryImageOfPage\":{\"@id\":\"https:\/\/www.public.sn\/index.php\/2022\/09\/02\/mise-en-oeuvre-du-plan-orsec-194-sites-inondes-recenses-dont-93-traites-et-liberes-et-173-autres-en-cours-de-traitement\/#primaryimage\"},\"image\":{\"@id\":\"https:\/\/www.public.sn\/index.php\/2022\/09\/02\/mise-en-oeuvre-du-plan-orsec-194-sites-inondes-recenses-dont-93-traites-et-liberes-et-173-autres-en-cours-de-traitement\/#primaryimage\"},\"thumbnailUrl\":\"https:\/\/www.public.sn\/wp-content\/uploads\/2022\/09\/884B19F2-C160-4B21-8D88-2CFBC2F5CC72-scaled.jpeg\",\"datePublished\":\"2022-09-02T12:05:26+00:00\",\"dateModified\":\"2022-09-02T15:26:22+00:00\",\"breadcrumb\":{\"@id\":\"https:\/\/www.public.sn\/index.php\/2022\/09\/02\/mise-en-oeuvre-du-plan-orsec-194-sites-inondes-recenses-dont-93-traites-et-liberes-et-173-autres-en-cours-de-traitement\/#breadcrumb\"},\"inLanguage\":\"fr-FR\",\"potentialAction\":[{\"@type\":\"ReadAction\",\"target\":[\"https:\/\/www.public.sn\/index.php\/2022\/09\/02\/mise-en-oeuvre-du-plan-orsec-194-sites-inondes-recenses-dont-93-traites-et-liberes-et-173-autres-en-cours-de-traitement\/\"]}]},{\"@type\":\"ImageObject\",\"inLanguage\":\"fr-FR\",\"@id\":\"https:\/\/www.public.sn\/index.php\/2022\/09\/02\/mise-en-oeuvre-du-plan-orsec-194-sites-inondes-recenses-dont-93-traites-et-liberes-et-173-autres-en-cours-de-traitement\/#primaryimage\",\"url\":\"https:\/\/www.public.sn\/wp-content\/uploads\/2022\/09\/884B19F2-C160-4B21-8D88-2CFBC2F5CC72-scaled.jpeg\",\"contentUrl\":\"https:\/\/www.public.sn\/wp-content\/uploads\/2022\/09\/884B19F2-C160-4B21-8D88-2CFBC2F5CC72-scaled.jpeg\",\"width\":2560,\"height\":1920},{\"@type\":\"BreadcrumbList\",\"@id\":\"https:\/\/www.public.sn\/index.php\/2022\/09\/02\/mise-en-oeuvre-du-plan-orsec-194-sites-inondes-recenses-dont-93-traites-et-liberes-et-173-autres-en-cours-de-traitement\/#breadcrumb\",\"itemListElement\":[{\"@type\":\"ListItem\",\"position\":1,\"name\":\"Accueil\",\"item\":\"https:\/\/www.public.sn\/\"},{\"@type\":\"ListItem\",\"position\":2,\"name\":\"Mise en \u0153uvre du plan Orsec:\u00a0194 sites inond\u00e9s recens\u00e9s dont 21 trait\u00e9s et lib\u00e9r\u00e9s et 173 autres en cours de traitement.\"}]},{\"@type\":\"WebSite\",\"@id\":\"https:\/\/www.public.sn\/#website\",\"url\":\"https:\/\/www.public.sn\/\",\"name\":\"LE PUBLIC\",\"description\":\"\",\"publisher\":{\"@id\":\"https:\/\/www.public.sn\/#organization\"},\"potentialAction\":[{\"@type\":\"SearchAction\",\"target\":{\"@type\":\"EntryPoint\",\"urlTemplate\":\"https:\/\/www.public.sn\/?s={search_term_string}\"},\"query-input\":{\"@type\":\"PropertyValueSpecification\",\"valueRequired\":true,\"valueName\":\"search_term_string\"}}],\"inLanguage\":\"fr-FR\"},{\"@type\":\"Organization\",\"@id\":\"https:\/\/www.public.sn\/#organization\",\"name\":\"LE PUBLIC\",\"url\":\"https:\/\/www.public.sn\/\",\"logo\":{\"@type\":\"ImageObject\",\"inLanguage\":\"fr-FR\",\"@id\":\"https:\/\/www.public.sn\/#\/schema\/logo\/image\/\",\"url\":\"https:\/\/www.public.sn\/wp-content\/uploads\/2024\/05\/cropped-LOGO-PUBLIC.SN_.png\",\"contentUrl\":\"https:\/\/www.public.sn\/wp-content\/uploads\/2024\/05\/cropped-LOGO-PUBLIC.SN_.png\",\"width\":682,\"height\":192,\"caption\":\"LE PUBLIC\"},\"image\":{\"@id\":\"https:\/\/www.public.sn\/#\/schema\/logo\/image\/\"}},{\"@type\":\"Person\",\"@id\":\"https:\/\/www.public.sn\/#\/schema\/person\/e3f4a11b037d4203902db148f9bc8d5a\",\"name\":\"LA REDACTION\",\"image\":{\"@type\":\"ImageObject\",\"inLanguage\":\"fr-FR\",\"@id\":\"https:\/\/www.public.sn\/#\/schema\/person\/image\/\",\"url\":\"https:\/\/secure.gravatar.com\/avatar\/d6c030db45db2883c075085c5d6c6258654a801a93766b49af0b82d4f454e2a5?s=96&d=mm&r=g\",\"contentUrl\":\"https:\/\/secure.gravatar.com\/avatar\/d6c030db45db2883c075085c5d6c6258654a801a93766b49af0b82d4f454e2a5?s=96&d=mm&r=g\",\"caption\":\"LA REDACTION\"},\"sameAs\":[\"http:\/\/www.public.sn\"],\"url\":\"https:\/\/www.public.sn\/index.php\/author\/admin7324\/\"}]}<\/script>\n<!-- \/ Yoast SEO plugin. -->","yoast_head_json":{"title":"Mise en \u0153uvre du plan Orsec:\u00a0194 sites inond\u00e9s recens\u00e9s dont 21 trait\u00e9s et lib\u00e9r\u00e9s et 173 autres en cours de traitement. - LE PUBLIC","robots":{"index":"index","follow":"follow","max-snippet":"max-snippet:-1","max-image-preview":"max-image-preview:large","max-video-preview":"max-video-preview:-1"},"canonical":"https:\/\/www.public.sn\/index.php\/2022\/09\/02\/mise-en-oeuvre-du-plan-orsec-194-sites-inondes-recenses-dont-93-traites-et-liberes-et-173-autres-en-cours-de-traitement\/","og_locale":"fr_FR","og_type":"article","og_title":"Mise en \u0153uvre du plan Orsec:\u00a0194 sites inond\u00e9s recens\u00e9s dont 21 trait\u00e9s et lib\u00e9r\u00e9s et 173 autres en cours de traitement. - LE PUBLIC","og_description":"Apr\u00e8s le d\u00e9clenchement du Plan pour l\u2019Organisation des secours (Orsec) en d\u00e9but Aout, 194 sites inond\u00e9s ont \u00e9t\u00e9 recens\u00e9s dont 21 trait\u00e9s et lib\u00e9r\u00e9s et 173 autres en cours de traitement pr\u00e9cise le ministre de l\u2019Int\u00e9rieur et de la s\u00e9curit\u00e9 publique Antoine F\u00e9lix Diome. Ce, pour la r\u00e9solution de ces probl\u00e8mes li\u00e9s aux fortes pluies, que le ministre de l\u2019Assainissement et de l\u2019Eau Serigne Mbaye Thiam et son coll\u00e8gue Antoine F\u00e9lix Diome, ministre de l\u2019int\u00e9rieur ont annonc\u00e9, ce vendredi, la mise en place du plan Orsec dans les zones cibl\u00e9es. Le service national d\u2019hygi\u00e8ne, la brigade nationale des sapeurs pompiers vont proc\u00e9der apr\u00e8s la mise en \u0153uvre du plan orsec, d\u00e9clench\u00e9 \u00e0 la suite des fortes pr\u00e9cipitations qui se sont abattues au S\u00e9n\u00e9gal, cr\u00e9ant ainsi beaucoup d\u2019inondations particuli\u00e8rement \u00e0 Dakar.&nbsp;\u201cLa pluie du 05 Aout 2022 pass\u00e9 est la sixi\u00e8me pluie la plus importante depuis 1946\u201d,&nbsp;affirme le ministre de l\u2019assainissement et de l\u2019eau S\u00e9rigne Mbaye Thiam. \u201cL\u2019Onas travaille sur un projet pour faire une \u00e9tude s\u00e9rieuse en vue de pouvoir \u00e9vacuer les eaux fluviales et lib\u00e9rer les voies d\u2019eaux\u201d, ajoute t-il. R\u00e9pondant \u00e0 une question sur les inondations \u00e0 Touba devant recevoir plusieurs p\u00e8lerins dans deux semaines, le ministre de l\u2019int\u00e9rieur rassure les populations pour une bonne tenue de cet \u00e9v\u00e9nement. \u201dL\u2019\u00e9tat prendra toutes les dispositions n\u00e9cessaires et idoines pour assurer de meilleures conditions en activant tous les services du minist\u00e8re de l\u2019eau et de l\u2019assainissement ainsi que ceux du minist\u00e8re de l\u2019int\u00e9rieur\u201d, dit-il. \u201cC\u2019est suite aux instructions du chef de l\u2019\u00e9tat\u201d, pr\u00e9cise t-il. Les op\u00e9rations se d\u00e9rouleront respectivement dans les zones inond\u00e9es (Dakar, Touba, Fouta etc.) un mois apr\u00e8s le d\u00e9clenchement du Orsec.","og_url":"https:\/\/www.public.sn\/index.php\/2022\/09\/02\/mise-en-oeuvre-du-plan-orsec-194-sites-inondes-recenses-dont-93-traites-et-liberes-et-173-autres-en-cours-de-traitement\/","og_site_name":"LE PUBLIC","article_published_time":"2022-09-02T12:05:26+00:00","article_modified_time":"2022-09-02T15:26:22+00:00","og_image":[{"width":2560,"height":1920,"url":"https:\/\/www.public.sn\/wp-content\/uploads\/2022\/09\/884B19F2-C160-4B21-8D88-2CFBC2F5CC72-scaled.jpeg","type":"image\/jpeg"}],"author":"LA REDACTION","twitter_card":"summary_large_image","twitter_misc":{"\u00c9crit par":"LA REDACTION","Dur\u00e9e de lecture estim\u00e9e":"2 minutes"},"schema":{"@context":"https:\/\/schema.org","@graph":[{"@type":"Article","@id":"https:\/\/www.public.sn\/index.php\/2022\/09\/02\/mise-en-oeuvre-du-plan-orsec-194-sites-inondes-recenses-dont-93-traites-et-liberes-et-173-autres-en-cours-de-traitement\/#article","isPartOf":{"@id":"https:\/\/www.public.sn\/index.php\/2022\/09\/02\/mise-en-oeuvre-du-plan-orsec-194-sites-inondes-recenses-dont-93-traites-et-liberes-et-173-autres-en-cours-de-traitement\/"},"author":{"name":"LA REDACTION","@id":"https:\/\/www.public.sn\/#\/schema\/person\/e3f4a11b037d4203902db148f9bc8d5a"},"headline":"Mise en \u0153uvre du plan Orsec:\u00a0194 sites inond\u00e9s recens\u00e9s dont 21 trait\u00e9s et lib\u00e9r\u00e9s et 173 autres en cours de traitement.","datePublished":"2022-09-02T12:05:26+00:00","dateModified":"2022-09-02T15:26:22+00:00","mainEntityOfPage":{"@id":"https:\/\/www.public.sn\/index.php\/2022\/09\/02\/mise-en-oeuvre-du-plan-orsec-194-sites-inondes-recenses-dont-93-traites-et-liberes-et-173-autres-en-cours-de-traitement\/"},"wordCount":360,"commentCount":0,"publisher":{"@id":"https:\/\/www.public.sn\/#organization"},"image":{"@id":"https:\/\/www.public.sn\/index.php\/2022\/09\/02\/mise-en-oeuvre-du-plan-orsec-194-sites-inondes-recenses-dont-93-traites-et-liberes-et-173-autres-en-cours-de-traitement\/#primaryimage"},"thumbnailUrl":"https:\/\/www.public.sn\/wp-content\/uploads\/2022\/09\/884B19F2-C160-4B21-8D88-2CFBC2F5CC72-scaled.jpeg","keywords":["Antoine F\u00e9lix Diome","Inondations","Macky Sall","Orsec","Serigne Mbaye Thiam","Touba"],"articleSection":["ACTUALIT\u00c9S","SOCIETE"],"inLanguage":"fr-FR","potentialAction":[{"@type":"CommentAction","name":"Comment","target":["https:\/\/www.public.sn\/index.php\/2022\/09\/02\/mise-en-oeuvre-du-plan-orsec-194-sites-inondes-recenses-dont-93-traites-et-liberes-et-173-autres-en-cours-de-traitement\/#respond"]}]},{"@type":"WebPage","@id":"https:\/\/www.public.sn\/index.php\/2022\/09\/02\/mise-en-oeuvre-du-plan-orsec-194-sites-inondes-recenses-dont-93-traites-et-liberes-et-173-autres-en-cours-de-traitement\/","url":"https:\/\/www.public.sn\/index.php\/2022\/09\/02\/mise-en-oeuvre-du-plan-orsec-194-sites-inondes-recenses-dont-93-traites-et-liberes-et-173-autres-en-cours-de-traitement\/","name":"Mise en \u0153uvre du plan Orsec:\u00a0194 sites inond\u00e9s recens\u00e9s dont 21 trait\u00e9s et lib\u00e9r\u00e9s et 173 autres en cours de traitement. - LE PUBLIC","isPartOf":{"@id":"https:\/\/www.public.sn\/#website"},"primaryImageOfPage":{"@id":"https:\/\/www.public.sn\/index.php\/2022\/09\/02\/mise-en-oeuvre-du-plan-orsec-194-sites-inondes-recenses-dont-93-traites-et-liberes-et-173-autres-en-cours-de-traitement\/#primaryimage"},"image":{"@id":"https:\/\/www.public.sn\/index.php\/2022\/09\/02\/mise-en-oeuvre-du-plan-orsec-194-sites-inondes-recenses-dont-93-traites-et-liberes-et-173-autres-en-cours-de-traitement\/#primaryimage"},"thumbnailUrl":"https:\/\/www.public.sn\/wp-content\/uploads\/2022\/09\/884B19F2-C160-4B21-8D88-2CFBC2F5CC72-scaled.jpeg","datePublished":"2022-09-02T12:05:26+00:00","dateModified":"2022-09-02T15:26:22+00:00","breadcrumb":{"@id":"https:\/\/www.public.sn\/index.php\/2022\/09\/02\/mise-en-oeuvre-du-plan-orsec-194-sites-inondes-recenses-dont-93-traites-et-liberes-et-173-autres-en-cours-de-traitement\/#breadcrumb"},"inLanguage":"fr-FR","potentialAction":[{"@type":"ReadAction","target":["https:\/\/www.public.sn\/index.php\/2022\/09\/02\/mise-en-oeuvre-du-plan-orsec-194-sites-inondes-recenses-dont-93-traites-et-liberes-et-173-autres-en-cours-de-traitement\/"]}]},{"@type":"ImageObject","inLanguage":"fr-FR","@id":"https:\/\/www.public.sn\/index.php\/2022\/09\/02\/mise-en-oeuvre-du-plan-orsec-194-sites-inondes-recenses-dont-93-traites-et-liberes-et-173-autres-en-cours-de-traitement\/#primaryimage","url":"https:\/\/www.public.sn\/wp-content\/uploads\/2022\/09\/884B19F2-C160-4B21-8D88-2CFBC2F5CC72-scaled.jpeg","contentUrl":"https:\/\/www.public.sn\/wp-content\/uploads\/2022\/09\/884B19F2-C160-4B21-8D88-2CFBC2F5CC72-scaled.jpeg","width":2560,"height":1920},{"@type":"BreadcrumbList","@id":"https:\/\/www.public.sn\/index.php\/2022\/09\/02\/mise-en-oeuvre-du-plan-orsec-194-sites-inondes-recenses-dont-93-traites-et-liberes-et-173-autres-en-cours-de-traitement\/#breadcrumb","itemListElement":[{"@type":"ListItem","position":1,"name":"Accueil","item":"https:\/\/www.public.sn\/"},{"@type":"ListItem","position":2,"name":"Mise en \u0153uvre du plan Orsec:\u00a0194 sites inond\u00e9s recens\u00e9s dont 21 trait\u00e9s et lib\u00e9r\u00e9s et 173 autres en cours de traitement."}]},{"@type":"WebSite","@id":"https:\/\/www.public.sn\/#website","url":"https:\/\/www.public.sn\/","name":"LE PUBLIC","description":"","publisher":{"@id":"https:\/\/www.public.sn\/#organization"},"potentialAction":[{"@type":"SearchAction","target":{"@type":"EntryPoint","urlTemplate":"https:\/\/www.public.sn\/?s={search_term_string}"},"query-input":{"@type":"PropertyValueSpecification","valueRequired":true,"valueName":"search_term_string"}}],"inLanguage":"fr-FR"},{"@type":"Organization","@id":"https:\/\/www.public.sn\/#organization","name":"LE PUBLIC","url":"https:\/\/www.public.sn\/","logo":{"@type":"ImageObject","inLanguage":"fr-FR","@id":"https:\/\/www.public.sn\/#\/schema\/logo\/image\/","url":"https:\/\/www.public.sn\/wp-content\/uploads\/2024\/05\/cropped-LOGO-PUBLIC.SN_.png","contentUrl":"https:\/\/www.public.sn\/wp-content\/uploads\/2024\/05\/cropped-LOGO-PUBLIC.SN_.png","width":682,"height":192,"caption":"LE PUBLIC"},"image":{"@id":"https:\/\/www.public.sn\/#\/schema\/logo\/image\/"}},{"@type":"Person","@id":"https:\/\/www.public.sn\/#\/schema\/person\/e3f4a11b037d4203902db148f9bc8d5a","name":"LA REDACTION","image":{"@type":"ImageObject","inLanguage":"fr-FR","@id":"https:\/\/www.public.sn\/#\/schema\/person\/image\/","url":"https:\/\/secure.gravatar.com\/avatar\/d6c030db45db2883c075085c5d6c6258654a801a93766b49af0b82d4f454e2a5?s=96&d=mm&r=g","contentUrl":"https:\/\/secure.gravatar.com\/avatar\/d6c030db45db2883c075085c5d6c6258654a801a93766b49af0b82d4f454e2a5?s=96&d=mm&r=g","caption":"LA REDACTION"},"sameAs":["http:\/\/www.public.sn"],"url":"https:\/\/www.public.sn\/index.php\/author\/admin7324\/"}]}},"jetpack_featured_media_url":"https:\/\/www.public.sn\/wp-content\/uploads\/2022\/09\/884B19F2-C160-4B21-8D88-2CFBC2F5CC72-scaled.jpeg","jetpack_sharing_enabled":true,"_links":{"self":[{"href":"https:\/\/www.public.sn\/index.php\/wp-json\/wp\/v2\/posts\/1145","targetHints":{"allow":["GET"]}}],"collection":[{"href":"https:\/\/www.public.sn\/index.php\/wp-json\/wp\/v2\/posts"}],"about":[{"href":"https:\/\/www.public.sn\/index.php\/wp-json\/wp\/v2\/types\/post"}],"author":[{"embeddable":true,"href":"https:\/\/www.public.sn\/index.php\/wp-json\/wp\/v2\/users\/1"}],"replies":[{"embeddable":true,"href":"https:\/\/www.public.sn\/index.php\/wp-json\/wp\/v2\/comments?post=1145"}],"version-history":[{"count":5,"href":"https:\/\/www.public.sn\/index.php\/wp-json\/wp\/v2\/posts\/1145\/revisions"}],"predecessor-version":[{"id":1168,"href":"https:\/\/www.public.sn\/index.php\/wp-json\/wp\/v2\/posts\/1145\/revisions\/1168"}],"wp:featuredmedia":[{"embeddable":true,"href":"https:\/\/www.public.sn\/index.php\/wp-json\/wp\/v2\/media\/1146"}],"wp:attachment":[{"href":"https:\/\/www.public.sn\/index.php\/wp-json\/wp\/v2\/media?parent=1145"}],"wp:term":[{"taxonomy":"category","embeddable":true,"href":"https:\/\/www.public.sn\/index.php\/wp-json\/wp\/v2\/categories?post=1145"},{"taxonomy":"post_tag","embeddable":true,"href":"https:\/\/www.public.sn\/index.php\/wp-json\/wp\/v2\/tags?post=1145"}],"curies":[{"name":"wp","href":"https:\/\/api.w.org\/{rel}","templated":true}]}}