{"id":11536,"date":"2022-12-13T10:21:38","date_gmt":"2022-12-13T10:21:38","guid":{"rendered":"https:\/\/www.public.sn\/?p=11536"},"modified":"2022-12-14T11:40:10","modified_gmt":"2022-12-14T11:40:10","slug":"le-message-tres-touchant-de-kalidou-koulibaly-apres-lelimination-du-senegal-en-coupe-du-monde","status":"publish","type":"post","link":"https:\/\/www.public.sn\/index.php\/2022\/12\/13\/le-message-tres-touchant-de-kalidou-koulibaly-apres-lelimination-du-senegal-en-coupe-du-monde\/","title":{"rendered":"Affaire Pape Al\u00e9 Niang\u00a0: La Coordination des associations de presse(CAP) boycott le gouvernement d\u00e8s ce jeudi"},"content":{"rendered":"\n<p>En conf\u00e9rence de presse aujourd\u2019hui, la Coordination des Association de presse fait \u00e9tat de la situation de leur lutte pour la lib\u00e9ration de Pape Al\u00e9 Niang. Les journalistes ont d\u00e9cid\u00e9 de rendre visite les guides religieux pour les sensibiliser de la situation de leur confr\u00e8re. Ils appellent par la m\u00eame occasion au boycott des activit\u00e9s du gouvernement \u00e0 partir de ce jeudi.<\/p><div class=\"publi-paragraphe1\" style=\"margin-top: 10px;margin-bottom: 10px;margin-left: auto;margin-right: auto;text-align: center;\" id=\"publi-1015270142\"><div class=\"publi-adlabel\">Publicit\u00e9<\/div><script async src=\"\/\/pagead2.googlesyndication.com\/pagead\/js\/adsbygoogle.js?client=ca-pub-4089586018074219\" crossorigin=\"anonymous\"><\/script><ins class=\"adsbygoogle\" style=\"display:block;\" data-ad-client=\"ca-pub-4089586018074219\" \ndata-ad-slot=\"2087940154\" \ndata-ad-format=\"auto\"><\/ins>\n<script> \n(adsbygoogle = window.adsbygoogle || []).push({}); \n<\/script>\n<\/div>\n\n\n\n<p><iframe width=\"791\" height=\"445\" src=\"https:\/\/www.youtube.com\/embed\/-mb8vdEQghE\" title=\"Arrestation de Pape Al\u00e9: La CAP annonce le boycott des activit\u00e9s du gouvernement\" frameborder=\"0\" allow=\"accelerometer; autoplay; clipboard-write; encrypted-media; gyroscope; picture-in-picture\" allowfullscreen=\"\"><\/p><\/iframe><\/p>\n\n\n\n<p>Amath SARR<\/p>\n<div class=\"publi-apres-le-contenu\" style=\"margin-top: 10px;margin-bottom: 10px;margin-left: auto;margin-right: auto;text-align: center;\" id=\"publi-2692085472\"><div class=\"publi-adlabel\">Publicit\u00e9<\/div><script async src=\"\/\/pagead2.googlesyndication.com\/pagead\/js\/adsbygoogle.js?client=ca-pub-4089586018074219\" crossorigin=\"anonymous\"><\/script><ins class=\"adsbygoogle\" style=\"display:block;\" data-ad-client=\"ca-pub-4089586018074219\" \ndata-ad-slot=\"2087940154\" \ndata-ad-format=\"auto\"><\/ins>\n<script> \n(adsbygoogle = window.adsbygoogle || []).push({}); \n<\/script>\n<\/div>","protected":false},"excerpt":{"rendered":"<p>En conf\u00e9rence de presse aujourd\u2019hui, la Coordination des Association de presse fait \u00e9tat de la situation de leur lutte pour la lib\u00e9ration de Pape Al\u00e9 Niang. Les journalistes ont d\u00e9cid\u00e9 de rendre visite les guides religieux pour les sensibiliser de la situation de leur confr\u00e8re. Ils appellent par la m\u00eame occasion au boycott des activit\u00e9s du gouvernement \u00e0 partir de ce jeudi. Amath SARR<\/p>\n","protected":false},"author":7,"featured_media":11558,"comment_status":"open","ping_status":"open","sticky":false,"template":"","format":"standard","meta":{"_jetpack_memberships_contains_paid_content":false,"footnotes":""},"categories":[375,3724,961,1,372],"tags":[3776,3775,3722,3657],"class_list":["post-11536","post","type-post","status-publish","format-standard","has-post-thumbnail","hentry","category-actualites","category-justice","category-medias","category-non-classe","category-vedette","tag-activites-du-gouvernement","tag-boycott-2","tag-cap-2","tag-pape-ale-niang-3","entry","has-media","owp-thumbs-layout-horizontal","owp-btn-normal","owp-tabs-layout-horizontal","has-no-thumbnails","has-product-nav"],"yoast_head":"<!-- This site is optimized with the Yoast SEO plugin v25.5 - https:\/\/yoast.com\/wordpress\/plugins\/seo\/ -->\n<title>Affaire Pape Al\u00e9 Niang\u00a0: La Coordination des associations de presse(CAP) boycott le gouvernement d\u00e8s ce jeudi - LE PUBLIC<\/title>\n<meta name=\"robots\" content=\"index, follow, max-snippet:-1, max-image-preview:large, max-video-preview:-1\" \/>\n<link rel=\"canonical\" href=\"https:\/\/www.public.sn\/index.php\/2022\/12\/13\/le-message-tres-touchant-de-kalidou-koulibaly-apres-lelimination-du-senegal-en-coupe-du-monde\/\" \/>\n<meta property=\"og:locale\" content=\"fr_FR\" \/>\n<meta property=\"og:type\" content=\"article\" \/>\n<meta property=\"og:title\" content=\"Affaire Pape Al\u00e9 Niang\u00a0: La Coordination des associations de presse(CAP) boycott le gouvernement d\u00e8s ce jeudi - LE PUBLIC\" \/>\n<meta property=\"og:description\" content=\"En conf\u00e9rence de presse aujourd\u2019hui, la Coordination des Association de presse fait \u00e9tat de la situation de leur lutte pour la lib\u00e9ration de Pape Al\u00e9 Niang. Les journalistes ont d\u00e9cid\u00e9 de rendre visite les guides religieux pour les sensibiliser de la situation de leur confr\u00e8re. Ils appellent par la m\u00eame occasion au boycott des activit\u00e9s du gouvernement \u00e0 partir de ce jeudi. Amath SARR\" \/>\n<meta property=\"og:url\" content=\"https:\/\/www.public.sn\/index.php\/2022\/12\/13\/le-message-tres-touchant-de-kalidou-koulibaly-apres-lelimination-du-senegal-en-coupe-du-monde\/\" \/>\n<meta property=\"og:site_name\" content=\"LE PUBLIC\" \/>\n<meta property=\"article:published_time\" content=\"2022-12-13T10:21:38+00:00\" \/>\n<meta property=\"article:modified_time\" content=\"2022-12-14T11:40:10+00:00\" \/>\n<meta property=\"og:image\" content=\"https:\/\/www.public.sn\/wp-content\/uploads\/2022\/12\/CAP.jpg\" \/>\n\t<meta property=\"og:image:width\" content=\"489\" \/>\n\t<meta property=\"og:image:height\" content=\"286\" \/>\n\t<meta property=\"og:image:type\" content=\"image\/jpeg\" \/>\n<meta name=\"author\" content=\"LA REDACTION\" \/>\n<meta name=\"twitter:card\" content=\"summary_large_image\" \/>\n<meta name=\"twitter:label1\" content=\"\u00c9crit par\" \/>\n\t<meta name=\"twitter:data1\" content=\"LA REDACTION\" \/>\n\t<meta name=\"twitter:label2\" content=\"Dur\u00e9e de lecture estim\u00e9e\" \/>\n\t<meta name=\"twitter:data2\" content=\"1 minute\" \/>\n<script type=\"application\/ld+json\" class=\"yoast-schema-graph\">{\"@context\":\"https:\/\/schema.org\",\"@graph\":[{\"@type\":\"Article\",\"@id\":\"https:\/\/www.public.sn\/index.php\/2022\/12\/13\/le-message-tres-touchant-de-kalidou-koulibaly-apres-lelimination-du-senegal-en-coupe-du-monde\/#article\",\"isPartOf\":{\"@id\":\"https:\/\/www.public.sn\/index.php\/2022\/12\/13\/le-message-tres-touchant-de-kalidou-koulibaly-apres-lelimination-du-senegal-en-coupe-du-monde\/\"},\"author\":{\"name\":\"LA REDACTION\",\"@id\":\"https:\/\/www.public.sn\/#\/schema\/person\/cb76c8e1b8becc6be61fb5e92d6d0224\"},\"headline\":\"Affaire Pape Al\u00e9 Niang\u00a0: La Coordination des associations de presse(CAP) boycott le gouvernement d\u00e8s ce jeudi\",\"datePublished\":\"2022-12-13T10:21:38+00:00\",\"dateModified\":\"2022-12-14T11:40:10+00:00\",\"mainEntityOfPage\":{\"@id\":\"https:\/\/www.public.sn\/index.php\/2022\/12\/13\/le-message-tres-touchant-de-kalidou-koulibaly-apres-lelimination-du-senegal-en-coupe-du-monde\/\"},\"wordCount\":88,\"commentCount\":1,\"publisher\":{\"@id\":\"https:\/\/www.public.sn\/#organization\"},\"image\":{\"@id\":\"https:\/\/www.public.sn\/index.php\/2022\/12\/13\/le-message-tres-touchant-de-kalidou-koulibaly-apres-lelimination-du-senegal-en-coupe-du-monde\/#primaryimage\"},\"thumbnailUrl\":\"https:\/\/www.public.sn\/wp-content\/uploads\/2022\/12\/CAP.jpg\",\"keywords\":[\"activit\u00e9s du gouvernement;\",\"Boycott;\",\"CAP;\",\"Pape Al\u00e9 Niang;\"],\"articleSection\":[\"ACTUALIT\u00c9S\",\"justice\",\"M\u00c9DIAS\",\"S\u00c9N\u00c9GAL\",\"VEDETTE\"],\"inLanguage\":\"fr-FR\",\"potentialAction\":[{\"@type\":\"CommentAction\",\"name\":\"Comment\",\"target\":[\"https:\/\/www.public.sn\/index.php\/2022\/12\/13\/le-message-tres-touchant-de-kalidou-koulibaly-apres-lelimination-du-senegal-en-coupe-du-monde\/#respond\"]}]},{\"@type\":\"WebPage\",\"@id\":\"https:\/\/www.public.sn\/index.php\/2022\/12\/13\/le-message-tres-touchant-de-kalidou-koulibaly-apres-lelimination-du-senegal-en-coupe-du-monde\/\",\"url\":\"https:\/\/www.public.sn\/index.php\/2022\/12\/13\/le-message-tres-touchant-de-kalidou-koulibaly-apres-lelimination-du-senegal-en-coupe-du-monde\/\",\"name\":\"Affaire Pape Al\u00e9 Niang\u00a0: La Coordination des associations de presse(CAP) boycott le gouvernement d\u00e8s ce jeudi - LE PUBLIC\",\"isPartOf\":{\"@id\":\"https:\/\/www.public.sn\/#website\"},\"primaryImageOfPage\":{\"@id\":\"https:\/\/www.public.sn\/index.php\/2022\/12\/13\/le-message-tres-touchant-de-kalidou-koulibaly-apres-lelimination-du-senegal-en-coupe-du-monde\/#primaryimage\"},\"image\":{\"@id\":\"https:\/\/www.public.sn\/index.php\/2022\/12\/13\/le-message-tres-touchant-de-kalidou-koulibaly-apres-lelimination-du-senegal-en-coupe-du-monde\/#primaryimage\"},\"thumbnailUrl\":\"https:\/\/www.public.sn\/wp-content\/uploads\/2022\/12\/CAP.jpg\",\"datePublished\":\"2022-12-13T10:21:38+00:00\",\"dateModified\":\"2022-12-14T11:40:10+00:00\",\"breadcrumb\":{\"@id\":\"https:\/\/www.public.sn\/index.php\/2022\/12\/13\/le-message-tres-touchant-de-kalidou-koulibaly-apres-lelimination-du-senegal-en-coupe-du-monde\/#breadcrumb\"},\"inLanguage\":\"fr-FR\",\"potentialAction\":[{\"@type\":\"ReadAction\",\"target\":[\"https:\/\/www.public.sn\/index.php\/2022\/12\/13\/le-message-tres-touchant-de-kalidou-koulibaly-apres-lelimination-du-senegal-en-coupe-du-monde\/\"]}]},{\"@type\":\"ImageObject\",\"inLanguage\":\"fr-FR\",\"@id\":\"https:\/\/www.public.sn\/index.php\/2022\/12\/13\/le-message-tres-touchant-de-kalidou-koulibaly-apres-lelimination-du-senegal-en-coupe-du-monde\/#primaryimage\",\"url\":\"https:\/\/www.public.sn\/wp-content\/uploads\/2022\/12\/CAP.jpg\",\"contentUrl\":\"https:\/\/www.public.sn\/wp-content\/uploads\/2022\/12\/CAP.jpg\",\"width\":489,\"height\":286},{\"@type\":\"BreadcrumbList\",\"@id\":\"https:\/\/www.public.sn\/index.php\/2022\/12\/13\/le-message-tres-touchant-de-kalidou-koulibaly-apres-lelimination-du-senegal-en-coupe-du-monde\/#breadcrumb\",\"itemListElement\":[{\"@type\":\"ListItem\",\"position\":1,\"name\":\"Accueil\",\"item\":\"https:\/\/www.public.sn\/\"},{\"@type\":\"ListItem\",\"position\":2,\"name\":\"Affaire Pape Al\u00e9 Niang\u00a0: La Coordination des associations de presse(CAP) boycott le gouvernement d\u00e8s ce jeudi\"}]},{\"@type\":\"WebSite\",\"@id\":\"https:\/\/www.public.sn\/#website\",\"url\":\"https:\/\/www.public.sn\/\",\"name\":\"LE PUBLIC\",\"description\":\"\",\"publisher\":{\"@id\":\"https:\/\/www.public.sn\/#organization\"},\"potentialAction\":[{\"@type\":\"SearchAction\",\"target\":{\"@type\":\"EntryPoint\",\"urlTemplate\":\"https:\/\/www.public.sn\/?s={search_term_string}\"},\"query-input\":{\"@type\":\"PropertyValueSpecification\",\"valueRequired\":true,\"valueName\":\"search_term_string\"}}],\"inLanguage\":\"fr-FR\"},{\"@type\":\"Organization\",\"@id\":\"https:\/\/www.public.sn\/#organization\",\"name\":\"LE PUBLIC\",\"url\":\"https:\/\/www.public.sn\/\",\"logo\":{\"@type\":\"ImageObject\",\"inLanguage\":\"fr-FR\",\"@id\":\"https:\/\/www.public.sn\/#\/schema\/logo\/image\/\",\"url\":\"https:\/\/www.public.sn\/wp-content\/uploads\/2024\/05\/cropped-LOGO-PUBLIC.SN_.png\",\"contentUrl\":\"https:\/\/www.public.sn\/wp-content\/uploads\/2024\/05\/cropped-LOGO-PUBLIC.SN_.png\",\"width\":682,\"height\":192,\"caption\":\"LE PUBLIC\"},\"image\":{\"@id\":\"https:\/\/www.public.sn\/#\/schema\/logo\/image\/\"}},{\"@type\":\"Person\",\"@id\":\"https:\/\/www.public.sn\/#\/schema\/person\/cb76c8e1b8becc6be61fb5e92d6d0224\",\"name\":\"LA REDACTION\",\"image\":{\"@type\":\"ImageObject\",\"inLanguage\":\"fr-FR\",\"@id\":\"https:\/\/www.public.sn\/#\/schema\/person\/image\/\",\"url\":\"https:\/\/secure.gravatar.com\/avatar\/2dce5ddd34b8fef0180efe03aa2a9bee7d953856048f9a16b298190a3178407c?s=96&d=mm&r=g\",\"contentUrl\":\"https:\/\/secure.gravatar.com\/avatar\/2dce5ddd34b8fef0180efe03aa2a9bee7d953856048f9a16b298190a3178407c?s=96&d=mm&r=g\",\"caption\":\"LA REDACTION\"},\"url\":\"https:\/\/www.public.sn\/index.php\/author\/editeurpsn\/\"}]}<\/script>\n<!-- \/ Yoast SEO plugin. -->","yoast_head_json":{"title":"Affaire Pape Al\u00e9 Niang\u00a0: La Coordination des associations de presse(CAP) boycott le gouvernement d\u00e8s ce jeudi - LE PUBLIC","robots":{"index":"index","follow":"follow","max-snippet":"max-snippet:-1","max-image-preview":"max-image-preview:large","max-video-preview":"max-video-preview:-1"},"canonical":"https:\/\/www.public.sn\/index.php\/2022\/12\/13\/le-message-tres-touchant-de-kalidou-koulibaly-apres-lelimination-du-senegal-en-coupe-du-monde\/","og_locale":"fr_FR","og_type":"article","og_title":"Affaire Pape Al\u00e9 Niang\u00a0: La Coordination des associations de presse(CAP) boycott le gouvernement d\u00e8s ce jeudi - LE PUBLIC","og_description":"En conf\u00e9rence de presse aujourd\u2019hui, la Coordination des Association de presse fait \u00e9tat de la situation de leur lutte pour la lib\u00e9ration de Pape Al\u00e9 Niang. Les journalistes ont d\u00e9cid\u00e9 de rendre visite les guides religieux pour les sensibiliser de la situation de leur confr\u00e8re. Ils appellent par la m\u00eame occasion au boycott des activit\u00e9s du gouvernement \u00e0 partir de ce jeudi. Amath SARR","og_url":"https:\/\/www.public.sn\/index.php\/2022\/12\/13\/le-message-tres-touchant-de-kalidou-koulibaly-apres-lelimination-du-senegal-en-coupe-du-monde\/","og_site_name":"LE PUBLIC","article_published_time":"2022-12-13T10:21:38+00:00","article_modified_time":"2022-12-14T11:40:10+00:00","og_image":[{"width":489,"height":286,"url":"https:\/\/www.public.sn\/wp-content\/uploads\/2022\/12\/CAP.jpg","type":"image\/jpeg"}],"author":"LA REDACTION","twitter_card":"summary_large_image","twitter_misc":{"\u00c9crit par":"LA REDACTION","Dur\u00e9e de lecture estim\u00e9e":"1 minute"},"schema":{"@context":"https:\/\/schema.org","@graph":[{"@type":"Article","@id":"https:\/\/www.public.sn\/index.php\/2022\/12\/13\/le-message-tres-touchant-de-kalidou-koulibaly-apres-lelimination-du-senegal-en-coupe-du-monde\/#article","isPartOf":{"@id":"https:\/\/www.public.sn\/index.php\/2022\/12\/13\/le-message-tres-touchant-de-kalidou-koulibaly-apres-lelimination-du-senegal-en-coupe-du-monde\/"},"author":{"name":"LA REDACTION","@id":"https:\/\/www.public.sn\/#\/schema\/person\/cb76c8e1b8becc6be61fb5e92d6d0224"},"headline":"Affaire Pape Al\u00e9 Niang\u00a0: La Coordination des associations de presse(CAP) boycott le gouvernement d\u00e8s ce jeudi","datePublished":"2022-12-13T10:21:38+00:00","dateModified":"2022-12-14T11:40:10+00:00","mainEntityOfPage":{"@id":"https:\/\/www.public.sn\/index.php\/2022\/12\/13\/le-message-tres-touchant-de-kalidou-koulibaly-apres-lelimination-du-senegal-en-coupe-du-monde\/"},"wordCount":88,"commentCount":1,"publisher":{"@id":"https:\/\/www.public.sn\/#organization"},"image":{"@id":"https:\/\/www.public.sn\/index.php\/2022\/12\/13\/le-message-tres-touchant-de-kalidou-koulibaly-apres-lelimination-du-senegal-en-coupe-du-monde\/#primaryimage"},"thumbnailUrl":"https:\/\/www.public.sn\/wp-content\/uploads\/2022\/12\/CAP.jpg","keywords":["activit\u00e9s du gouvernement;","Boycott;","CAP;","Pape Al\u00e9 Niang;"],"articleSection":["ACTUALIT\u00c9S","justice","M\u00c9DIAS","S\u00c9N\u00c9GAL","VEDETTE"],"inLanguage":"fr-FR","potentialAction":[{"@type":"CommentAction","name":"Comment","target":["https:\/\/www.public.sn\/index.php\/2022\/12\/13\/le-message-tres-touchant-de-kalidou-koulibaly-apres-lelimination-du-senegal-en-coupe-du-monde\/#respond"]}]},{"@type":"WebPage","@id":"https:\/\/www.public.sn\/index.php\/2022\/12\/13\/le-message-tres-touchant-de-kalidou-koulibaly-apres-lelimination-du-senegal-en-coupe-du-monde\/","url":"https:\/\/www.public.sn\/index.php\/2022\/12\/13\/le-message-tres-touchant-de-kalidou-koulibaly-apres-lelimination-du-senegal-en-coupe-du-monde\/","name":"Affaire Pape Al\u00e9 Niang\u00a0: La Coordination des associations de presse(CAP) boycott le gouvernement d\u00e8s ce jeudi - LE PUBLIC","isPartOf":{"@id":"https:\/\/www.public.sn\/#website"},"primaryImageOfPage":{"@id":"https:\/\/www.public.sn\/index.php\/2022\/12\/13\/le-message-tres-touchant-de-kalidou-koulibaly-apres-lelimination-du-senegal-en-coupe-du-monde\/#primaryimage"},"image":{"@id":"https:\/\/www.public.sn\/index.php\/2022\/12\/13\/le-message-tres-touchant-de-kalidou-koulibaly-apres-lelimination-du-senegal-en-coupe-du-monde\/#primaryimage"},"thumbnailUrl":"https:\/\/www.public.sn\/wp-content\/uploads\/2022\/12\/CAP.jpg","datePublished":"2022-12-13T10:21:38+00:00","dateModified":"2022-12-14T11:40:10+00:00","breadcrumb":{"@id":"https:\/\/www.public.sn\/index.php\/2022\/12\/13\/le-message-tres-touchant-de-kalidou-koulibaly-apres-lelimination-du-senegal-en-coupe-du-monde\/#breadcrumb"},"inLanguage":"fr-FR","potentialAction":[{"@type":"ReadAction","target":["https:\/\/www.public.sn\/index.php\/2022\/12\/13\/le-message-tres-touchant-de-kalidou-koulibaly-apres-lelimination-du-senegal-en-coupe-du-monde\/"]}]},{"@type":"ImageObject","inLanguage":"fr-FR","@id":"https:\/\/www.public.sn\/index.php\/2022\/12\/13\/le-message-tres-touchant-de-kalidou-koulibaly-apres-lelimination-du-senegal-en-coupe-du-monde\/#primaryimage","url":"https:\/\/www.public.sn\/wp-content\/uploads\/2022\/12\/CAP.jpg","contentUrl":"https:\/\/www.public.sn\/wp-content\/uploads\/2022\/12\/CAP.jpg","width":489,"height":286},{"@type":"BreadcrumbList","@id":"https:\/\/www.public.sn\/index.php\/2022\/12\/13\/le-message-tres-touchant-de-kalidou-koulibaly-apres-lelimination-du-senegal-en-coupe-du-monde\/#breadcrumb","itemListElement":[{"@type":"ListItem","position":1,"name":"Accueil","item":"https:\/\/www.public.sn\/"},{"@type":"ListItem","position":2,"name":"Affaire Pape Al\u00e9 Niang\u00a0: La Coordination des associations de presse(CAP) boycott le gouvernement d\u00e8s ce jeudi"}]},{"@type":"WebSite","@id":"https:\/\/www.public.sn\/#website","url":"https:\/\/www.public.sn\/","name":"LE PUBLIC","description":"","publisher":{"@id":"https:\/\/www.public.sn\/#organization"},"potentialAction":[{"@type":"SearchAction","target":{"@type":"EntryPoint","urlTemplate":"https:\/\/www.public.sn\/?s={search_term_string}"},"query-input":{"@type":"PropertyValueSpecification","valueRequired":true,"valueName":"search_term_string"}}],"inLanguage":"fr-FR"},{"@type":"Organization","@id":"https:\/\/www.public.sn\/#organization","name":"LE PUBLIC","url":"https:\/\/www.public.sn\/","logo":{"@type":"ImageObject","inLanguage":"fr-FR","@id":"https:\/\/www.public.sn\/#\/schema\/logo\/image\/","url":"https:\/\/www.public.sn\/wp-content\/uploads\/2024\/05\/cropped-LOGO-PUBLIC.SN_.png","contentUrl":"https:\/\/www.public.sn\/wp-content\/uploads\/2024\/05\/cropped-LOGO-PUBLIC.SN_.png","width":682,"height":192,"caption":"LE PUBLIC"},"image":{"@id":"https:\/\/www.public.sn\/#\/schema\/logo\/image\/"}},{"@type":"Person","@id":"https:\/\/www.public.sn\/#\/schema\/person\/cb76c8e1b8becc6be61fb5e92d6d0224","name":"LA REDACTION","image":{"@type":"ImageObject","inLanguage":"fr-FR","@id":"https:\/\/www.public.sn\/#\/schema\/person\/image\/","url":"https:\/\/secure.gravatar.com\/avatar\/2dce5ddd34b8fef0180efe03aa2a9bee7d953856048f9a16b298190a3178407c?s=96&d=mm&r=g","contentUrl":"https:\/\/secure.gravatar.com\/avatar\/2dce5ddd34b8fef0180efe03aa2a9bee7d953856048f9a16b298190a3178407c?s=96&d=mm&r=g","caption":"LA REDACTION"},"url":"https:\/\/www.public.sn\/index.php\/author\/editeurpsn\/"}]}},"jetpack_featured_media_url":"https:\/\/www.public.sn\/wp-content\/uploads\/2022\/12\/CAP.jpg","jetpack_sharing_enabled":true,"_links":{"self":[{"href":"https:\/\/www.public.sn\/index.php\/wp-json\/wp\/v2\/posts\/11536","targetHints":{"allow":["GET"]}}],"collection":[{"href":"https:\/\/www.public.sn\/index.php\/wp-json\/wp\/v2\/posts"}],"about":[{"href":"https:\/\/www.public.sn\/index.php\/wp-json\/wp\/v2\/types\/post"}],"author":[{"embeddable":true,"href":"https:\/\/www.public.sn\/index.php\/wp-json\/wp\/v2\/users\/7"}],"replies":[{"embeddable":true,"href":"https:\/\/www.public.sn\/index.php\/wp-json\/wp\/v2\/comments?post=11536"}],"version-history":[{"count":4,"href":"https:\/\/www.public.sn\/index.php\/wp-json\/wp\/v2\/posts\/11536\/revisions"}],"predecessor-version":[{"id":11637,"href":"https:\/\/www.public.sn\/index.php\/wp-json\/wp\/v2\/posts\/11536\/revisions\/11637"}],"wp:featuredmedia":[{"embeddable":true,"href":"https:\/\/www.public.sn\/index.php\/wp-json\/wp\/v2\/media\/11558"}],"wp:attachment":[{"href":"https:\/\/www.public.sn\/index.php\/wp-json\/wp\/v2\/media?parent=11536"}],"wp:term":[{"taxonomy":"category","embeddable":true,"href":"https:\/\/www.public.sn\/index.php\/wp-json\/wp\/v2\/categories?post=11536"},{"taxonomy":"post_tag","embeddable":true,"href":"https:\/\/www.public.sn\/index.php\/wp-json\/wp\/v2\/tags?post=11536"}],"curies":[{"name":"wp","href":"https:\/\/api.w.org\/{rel}","templated":true}]}}