{"id":11552,"date":"2022-12-13T13:43:05","date_gmt":"2022-12-13T13:43:05","guid":{"rendered":"https:\/\/www.public.sn\/?p=11552"},"modified":"2022-12-13T16:43:52","modified_gmt":"2022-12-13T16:43:52","slug":"walid-regragui-met-en-garde-la-france","status":"publish","type":"post","link":"https:\/\/www.public.sn\/index.php\/2022\/12\/13\/walid-regragui-met-en-garde-la-france\/","title":{"rendered":"Walid Regragui met en garde la France"},"content":{"rendered":"\n<p>Demain soir, le choc opposant la France au Maroc sera particulier pour Walid Regragui. N\u00e9 \u00e0 Corbeil-Essonnes, le s\u00e9lectionneur \u00e2g\u00e9 de 47 ans dirige avec succ\u00e8s les Lions de l&rsquo;Atlas depuis quelques mois. En conf\u00e9rence de presse \u00e0 la veille de la demi-finale du Mondial face aux Tricolores, il a \u00e9voqu\u00e9 cette rencontre tr\u00e8s sp\u00e9ciale : \u00abj\u2019ai la double nationalit\u00e9. C\u2019est un honneur et un plaisir de jouer la France, mais ce n\u2019est que du football. Moi, jouer la France, le Br\u00e9sil, etc&#8230; Ce que je veux, c&rsquo;est juste me qualifier.<\/p><div class=\"publi-paragraphe1\" style=\"margin-top: 10px;margin-bottom: 10px;margin-left: auto;margin-right: auto;text-align: center;\" id=\"publi-3150569324\"><div class=\"publi-adlabel\">Publicit\u00e9<\/div><script async src=\"\/\/pagead2.googlesyndication.com\/pagead\/js\/adsbygoogle.js?client=ca-pub-4089586018074219\" crossorigin=\"anonymous\"><\/script><ins class=\"adsbygoogle\" style=\"display:block;\" data-ad-client=\"ca-pub-4089586018074219\" \ndata-ad-slot=\"2087940154\" \ndata-ad-format=\"auto\"><\/ins>\n<script> \n(adsbygoogle = window.adsbygoogle || []).push({}); \n<\/script>\n<\/div>\n\n\n\n<p>&nbsp;Ce qui m\u2019int\u00e9resse, c&rsquo;est gagner et jouer la meilleure \u00e9quipe du monde\u00bb. Apr\u00e8s avoir termin\u00e9 en t\u00eate de son groupe devant la Croatie, son \u00e9quipe s&rsquo;est offerte le scalp de l&rsquo;Espagne (1\/8e de finale) et du Portugal (1\/4 de finale). Elle esp\u00e8re faire tomber la France, championne du monde en titre demain soir. Mais la mission sera tout sauf \u00e9vidente.<\/p>\n\n\n\n<p>Souadou Diop<br><\/p>\n<div class=\"publi-apres-le-contenu\" style=\"margin-top: 10px;margin-bottom: 10px;margin-left: auto;margin-right: auto;text-align: center;\" id=\"publi-4257279024\"><div class=\"publi-adlabel\">Publicit\u00e9<\/div><script async src=\"\/\/pagead2.googlesyndication.com\/pagead\/js\/adsbygoogle.js?client=ca-pub-4089586018074219\" crossorigin=\"anonymous\"><\/script><ins class=\"adsbygoogle\" style=\"display:block;\" data-ad-client=\"ca-pub-4089586018074219\" \ndata-ad-slot=\"2087940154\" \ndata-ad-format=\"auto\"><\/ins>\n<script> \n(adsbygoogle = window.adsbygoogle || []).push({}); \n<\/script>\n<\/div>","protected":false},"excerpt":{"rendered":"<p>Demain soir, le choc opposant la France au Maroc sera particulier pour Walid Regragui. N\u00e9 \u00e0 Corbeil-Essonnes, le s\u00e9lectionneur \u00e2g\u00e9 de 47 ans dirige avec succ\u00e8s les Lions de l&rsquo;Atlas depuis quelques mois. En conf\u00e9rence de presse \u00e0 la veille de la demi-finale du Mondial face aux Tricolores, il a \u00e9voqu\u00e9 cette rencontre tr\u00e8s sp\u00e9ciale : \u00abj\u2019ai la double nationalit\u00e9. C\u2019est un honneur et un plaisir de jouer la France, mais ce n\u2019est que du football. Moi, jouer la France, le Br\u00e9sil, etc&#8230; Ce que je veux, c&rsquo;est juste me qualifier. &nbsp;Ce qui m\u2019int\u00e9resse, c&rsquo;est gagner et jouer la meilleure \u00e9quipe du monde\u00bb. Apr\u00e8s avoir termin\u00e9 en t\u00eate de son groupe devant la Croatie, son \u00e9quipe s&rsquo;est offerte le scalp de l&rsquo;Espagne (1\/8e de finale) et du Portugal (1\/4 de finale). Elle esp\u00e8re faire tomber la France, championne du monde en titre demain soir. Mais la mission sera tout sauf \u00e9vidente. Souadou Diop<\/p>\n","protected":false},"author":7,"featured_media":11385,"comment_status":"open","ping_status":"open","sticky":false,"template":"","format":"standard","meta":{"_jetpack_memberships_contains_paid_content":false,"footnotes":""},"categories":[3412,8,7],"tags":[3774,351,521],"class_list":["post-11552","post","type-post","status-publish","format-standard","has-post-thumbnail","hentry","category-football","category-public-tv","category-sport","tag-1-2finale","tag-france","tag-maroc","entry","has-media","owp-thumbs-layout-horizontal","owp-btn-normal","owp-tabs-layout-horizontal","has-no-thumbnails","has-product-nav"],"yoast_head":"<!-- This site is optimized with the Yoast SEO plugin v25.5 - https:\/\/yoast.com\/wordpress\/plugins\/seo\/ -->\n<title>Walid Regragui met en garde la France - LE PUBLIC<\/title>\n<meta name=\"robots\" content=\"index, follow, max-snippet:-1, max-image-preview:large, max-video-preview:-1\" \/>\n<link rel=\"canonical\" href=\"https:\/\/www.public.sn\/index.php\/2022\/12\/13\/walid-regragui-met-en-garde-la-france\/\" \/>\n<meta property=\"og:locale\" content=\"fr_FR\" \/>\n<meta property=\"og:type\" content=\"article\" \/>\n<meta property=\"og:title\" content=\"Walid Regragui met en garde la France - LE PUBLIC\" \/>\n<meta property=\"og:description\" content=\"Demain soir, le choc opposant la France au Maroc sera particulier pour Walid Regragui. N\u00e9 \u00e0 Corbeil-Essonnes, le s\u00e9lectionneur \u00e2g\u00e9 de 47 ans dirige avec succ\u00e8s les Lions de l&rsquo;Atlas depuis quelques mois. En conf\u00e9rence de presse \u00e0 la veille de la demi-finale du Mondial face aux Tricolores, il a \u00e9voqu\u00e9 cette rencontre tr\u00e8s sp\u00e9ciale : \u00abj\u2019ai la double nationalit\u00e9. C\u2019est un honneur et un plaisir de jouer la France, mais ce n\u2019est que du football. Moi, jouer la France, le Br\u00e9sil, etc&#8230; Ce que je veux, c&rsquo;est juste me qualifier. &nbsp;Ce qui m\u2019int\u00e9resse, c&rsquo;est gagner et jouer la meilleure \u00e9quipe du monde\u00bb. Apr\u00e8s avoir termin\u00e9 en t\u00eate de son groupe devant la Croatie, son \u00e9quipe s&rsquo;est offerte le scalp de l&rsquo;Espagne (1\/8e de finale) et du Portugal (1\/4 de finale). Elle esp\u00e8re faire tomber la France, championne du monde en titre demain soir. Mais la mission sera tout sauf \u00e9vidente. Souadou Diop\" \/>\n<meta property=\"og:url\" content=\"https:\/\/www.public.sn\/index.php\/2022\/12\/13\/walid-regragui-met-en-garde-la-france\/\" \/>\n<meta property=\"og:site_name\" content=\"LE PUBLIC\" \/>\n<meta property=\"article:published_time\" content=\"2022-12-13T13:43:05+00:00\" \/>\n<meta property=\"article:modified_time\" content=\"2022-12-13T16:43:52+00:00\" \/>\n<meta property=\"og:image\" content=\"https:\/\/www.public.sn\/wp-content\/uploads\/2022\/12\/Walid-Regragui.jpg\" \/>\n\t<meta property=\"og:image:width\" content=\"750\" \/>\n\t<meta property=\"og:image:height\" content=\"430\" \/>\n\t<meta property=\"og:image:type\" content=\"image\/jpeg\" \/>\n<meta name=\"author\" content=\"LA REDACTION\" \/>\n<meta name=\"twitter:card\" content=\"summary_large_image\" \/>\n<meta name=\"twitter:label1\" content=\"\u00c9crit par\" \/>\n\t<meta name=\"twitter:data1\" content=\"LA REDACTION\" \/>\n\t<meta name=\"twitter:label2\" content=\"Dur\u00e9e de lecture estim\u00e9e\" \/>\n\t<meta name=\"twitter:data2\" content=\"1 minute\" \/>\n<script type=\"application\/ld+json\" class=\"yoast-schema-graph\">{\"@context\":\"https:\/\/schema.org\",\"@graph\":[{\"@type\":\"Article\",\"@id\":\"https:\/\/www.public.sn\/index.php\/2022\/12\/13\/walid-regragui-met-en-garde-la-france\/#article\",\"isPartOf\":{\"@id\":\"https:\/\/www.public.sn\/index.php\/2022\/12\/13\/walid-regragui-met-en-garde-la-france\/\"},\"author\":{\"name\":\"LA REDACTION\",\"@id\":\"https:\/\/www.public.sn\/#\/schema\/person\/cb76c8e1b8becc6be61fb5e92d6d0224\"},\"headline\":\"Walid Regragui met en garde la France\",\"datePublished\":\"2022-12-13T13:43:05+00:00\",\"dateModified\":\"2022-12-13T16:43:52+00:00\",\"mainEntityOfPage\":{\"@id\":\"https:\/\/www.public.sn\/index.php\/2022\/12\/13\/walid-regragui-met-en-garde-la-france\/\"},\"wordCount\":170,\"commentCount\":0,\"publisher\":{\"@id\":\"https:\/\/www.public.sn\/#organization\"},\"image\":{\"@id\":\"https:\/\/www.public.sn\/index.php\/2022\/12\/13\/walid-regragui-met-en-garde-la-france\/#primaryimage\"},\"thumbnailUrl\":\"https:\/\/www.public.sn\/wp-content\/uploads\/2022\/12\/Walid-Regragui.jpg\",\"keywords\":[\"1\/2finale\",\"France\",\"Maroc\"],\"articleSection\":[\"FOOTBALL\",\"PUBLIC TV\",\"SPORTS\"],\"inLanguage\":\"fr-FR\",\"potentialAction\":[{\"@type\":\"CommentAction\",\"name\":\"Comment\",\"target\":[\"https:\/\/www.public.sn\/index.php\/2022\/12\/13\/walid-regragui-met-en-garde-la-france\/#respond\"]}]},{\"@type\":\"WebPage\",\"@id\":\"https:\/\/www.public.sn\/index.php\/2022\/12\/13\/walid-regragui-met-en-garde-la-france\/\",\"url\":\"https:\/\/www.public.sn\/index.php\/2022\/12\/13\/walid-regragui-met-en-garde-la-france\/\",\"name\":\"Walid Regragui met en garde la France - LE PUBLIC\",\"isPartOf\":{\"@id\":\"https:\/\/www.public.sn\/#website\"},\"primaryImageOfPage\":{\"@id\":\"https:\/\/www.public.sn\/index.php\/2022\/12\/13\/walid-regragui-met-en-garde-la-france\/#primaryimage\"},\"image\":{\"@id\":\"https:\/\/www.public.sn\/index.php\/2022\/12\/13\/walid-regragui-met-en-garde-la-france\/#primaryimage\"},\"thumbnailUrl\":\"https:\/\/www.public.sn\/wp-content\/uploads\/2022\/12\/Walid-Regragui.jpg\",\"datePublished\":\"2022-12-13T13:43:05+00:00\",\"dateModified\":\"2022-12-13T16:43:52+00:00\",\"breadcrumb\":{\"@id\":\"https:\/\/www.public.sn\/index.php\/2022\/12\/13\/walid-regragui-met-en-garde-la-france\/#breadcrumb\"},\"inLanguage\":\"fr-FR\",\"potentialAction\":[{\"@type\":\"ReadAction\",\"target\":[\"https:\/\/www.public.sn\/index.php\/2022\/12\/13\/walid-regragui-met-en-garde-la-france\/\"]}]},{\"@type\":\"ImageObject\",\"inLanguage\":\"fr-FR\",\"@id\":\"https:\/\/www.public.sn\/index.php\/2022\/12\/13\/walid-regragui-met-en-garde-la-france\/#primaryimage\",\"url\":\"https:\/\/www.public.sn\/wp-content\/uploads\/2022\/12\/Walid-Regragui.jpg\",\"contentUrl\":\"https:\/\/www.public.sn\/wp-content\/uploads\/2022\/12\/Walid-Regragui.jpg\",\"width\":750,\"height\":430},{\"@type\":\"BreadcrumbList\",\"@id\":\"https:\/\/www.public.sn\/index.php\/2022\/12\/13\/walid-regragui-met-en-garde-la-france\/#breadcrumb\",\"itemListElement\":[{\"@type\":\"ListItem\",\"position\":1,\"name\":\"Accueil\",\"item\":\"https:\/\/www.public.sn\/\"},{\"@type\":\"ListItem\",\"position\":2,\"name\":\"Walid Regragui met en garde la France\"}]},{\"@type\":\"WebSite\",\"@id\":\"https:\/\/www.public.sn\/#website\",\"url\":\"https:\/\/www.public.sn\/\",\"name\":\"LE PUBLIC\",\"description\":\"\",\"publisher\":{\"@id\":\"https:\/\/www.public.sn\/#organization\"},\"potentialAction\":[{\"@type\":\"SearchAction\",\"target\":{\"@type\":\"EntryPoint\",\"urlTemplate\":\"https:\/\/www.public.sn\/?s={search_term_string}\"},\"query-input\":{\"@type\":\"PropertyValueSpecification\",\"valueRequired\":true,\"valueName\":\"search_term_string\"}}],\"inLanguage\":\"fr-FR\"},{\"@type\":\"Organization\",\"@id\":\"https:\/\/www.public.sn\/#organization\",\"name\":\"LE PUBLIC\",\"url\":\"https:\/\/www.public.sn\/\",\"logo\":{\"@type\":\"ImageObject\",\"inLanguage\":\"fr-FR\",\"@id\":\"https:\/\/www.public.sn\/#\/schema\/logo\/image\/\",\"url\":\"https:\/\/www.public.sn\/wp-content\/uploads\/2024\/05\/cropped-LOGO-PUBLIC.SN_.png\",\"contentUrl\":\"https:\/\/www.public.sn\/wp-content\/uploads\/2024\/05\/cropped-LOGO-PUBLIC.SN_.png\",\"width\":682,\"height\":192,\"caption\":\"LE PUBLIC\"},\"image\":{\"@id\":\"https:\/\/www.public.sn\/#\/schema\/logo\/image\/\"}},{\"@type\":\"Person\",\"@id\":\"https:\/\/www.public.sn\/#\/schema\/person\/cb76c8e1b8becc6be61fb5e92d6d0224\",\"name\":\"LA REDACTION\",\"image\":{\"@type\":\"ImageObject\",\"inLanguage\":\"fr-FR\",\"@id\":\"https:\/\/www.public.sn\/#\/schema\/person\/image\/\",\"url\":\"https:\/\/secure.gravatar.com\/avatar\/2dce5ddd34b8fef0180efe03aa2a9bee7d953856048f9a16b298190a3178407c?s=96&d=mm&r=g\",\"contentUrl\":\"https:\/\/secure.gravatar.com\/avatar\/2dce5ddd34b8fef0180efe03aa2a9bee7d953856048f9a16b298190a3178407c?s=96&d=mm&r=g\",\"caption\":\"LA REDACTION\"},\"url\":\"https:\/\/www.public.sn\/index.php\/author\/editeurpsn\/\"}]}<\/script>\n<!-- \/ Yoast SEO plugin. -->","yoast_head_json":{"title":"Walid Regragui met en garde la France - LE PUBLIC","robots":{"index":"index","follow":"follow","max-snippet":"max-snippet:-1","max-image-preview":"max-image-preview:large","max-video-preview":"max-video-preview:-1"},"canonical":"https:\/\/www.public.sn\/index.php\/2022\/12\/13\/walid-regragui-met-en-garde-la-france\/","og_locale":"fr_FR","og_type":"article","og_title":"Walid Regragui met en garde la France - LE PUBLIC","og_description":"Demain soir, le choc opposant la France au Maroc sera particulier pour Walid Regragui. N\u00e9 \u00e0 Corbeil-Essonnes, le s\u00e9lectionneur \u00e2g\u00e9 de 47 ans dirige avec succ\u00e8s les Lions de l&rsquo;Atlas depuis quelques mois. En conf\u00e9rence de presse \u00e0 la veille de la demi-finale du Mondial face aux Tricolores, il a \u00e9voqu\u00e9 cette rencontre tr\u00e8s sp\u00e9ciale : \u00abj\u2019ai la double nationalit\u00e9. C\u2019est un honneur et un plaisir de jouer la France, mais ce n\u2019est que du football. Moi, jouer la France, le Br\u00e9sil, etc&#8230; Ce que je veux, c&rsquo;est juste me qualifier. &nbsp;Ce qui m\u2019int\u00e9resse, c&rsquo;est gagner et jouer la meilleure \u00e9quipe du monde\u00bb. Apr\u00e8s avoir termin\u00e9 en t\u00eate de son groupe devant la Croatie, son \u00e9quipe s&rsquo;est offerte le scalp de l&rsquo;Espagne (1\/8e de finale) et du Portugal (1\/4 de finale). Elle esp\u00e8re faire tomber la France, championne du monde en titre demain soir. Mais la mission sera tout sauf \u00e9vidente. Souadou Diop","og_url":"https:\/\/www.public.sn\/index.php\/2022\/12\/13\/walid-regragui-met-en-garde-la-france\/","og_site_name":"LE PUBLIC","article_published_time":"2022-12-13T13:43:05+00:00","article_modified_time":"2022-12-13T16:43:52+00:00","og_image":[{"width":750,"height":430,"url":"https:\/\/www.public.sn\/wp-content\/uploads\/2022\/12\/Walid-Regragui.jpg","type":"image\/jpeg"}],"author":"LA REDACTION","twitter_card":"summary_large_image","twitter_misc":{"\u00c9crit par":"LA REDACTION","Dur\u00e9e de lecture estim\u00e9e":"1 minute"},"schema":{"@context":"https:\/\/schema.org","@graph":[{"@type":"Article","@id":"https:\/\/www.public.sn\/index.php\/2022\/12\/13\/walid-regragui-met-en-garde-la-france\/#article","isPartOf":{"@id":"https:\/\/www.public.sn\/index.php\/2022\/12\/13\/walid-regragui-met-en-garde-la-france\/"},"author":{"name":"LA REDACTION","@id":"https:\/\/www.public.sn\/#\/schema\/person\/cb76c8e1b8becc6be61fb5e92d6d0224"},"headline":"Walid Regragui met en garde la France","datePublished":"2022-12-13T13:43:05+00:00","dateModified":"2022-12-13T16:43:52+00:00","mainEntityOfPage":{"@id":"https:\/\/www.public.sn\/index.php\/2022\/12\/13\/walid-regragui-met-en-garde-la-france\/"},"wordCount":170,"commentCount":0,"publisher":{"@id":"https:\/\/www.public.sn\/#organization"},"image":{"@id":"https:\/\/www.public.sn\/index.php\/2022\/12\/13\/walid-regragui-met-en-garde-la-france\/#primaryimage"},"thumbnailUrl":"https:\/\/www.public.sn\/wp-content\/uploads\/2022\/12\/Walid-Regragui.jpg","keywords":["1\/2finale","France","Maroc"],"articleSection":["FOOTBALL","PUBLIC TV","SPORTS"],"inLanguage":"fr-FR","potentialAction":[{"@type":"CommentAction","name":"Comment","target":["https:\/\/www.public.sn\/index.php\/2022\/12\/13\/walid-regragui-met-en-garde-la-france\/#respond"]}]},{"@type":"WebPage","@id":"https:\/\/www.public.sn\/index.php\/2022\/12\/13\/walid-regragui-met-en-garde-la-france\/","url":"https:\/\/www.public.sn\/index.php\/2022\/12\/13\/walid-regragui-met-en-garde-la-france\/","name":"Walid Regragui met en garde la France - LE PUBLIC","isPartOf":{"@id":"https:\/\/www.public.sn\/#website"},"primaryImageOfPage":{"@id":"https:\/\/www.public.sn\/index.php\/2022\/12\/13\/walid-regragui-met-en-garde-la-france\/#primaryimage"},"image":{"@id":"https:\/\/www.public.sn\/index.php\/2022\/12\/13\/walid-regragui-met-en-garde-la-france\/#primaryimage"},"thumbnailUrl":"https:\/\/www.public.sn\/wp-content\/uploads\/2022\/12\/Walid-Regragui.jpg","datePublished":"2022-12-13T13:43:05+00:00","dateModified":"2022-12-13T16:43:52+00:00","breadcrumb":{"@id":"https:\/\/www.public.sn\/index.php\/2022\/12\/13\/walid-regragui-met-en-garde-la-france\/#breadcrumb"},"inLanguage":"fr-FR","potentialAction":[{"@type":"ReadAction","target":["https:\/\/www.public.sn\/index.php\/2022\/12\/13\/walid-regragui-met-en-garde-la-france\/"]}]},{"@type":"ImageObject","inLanguage":"fr-FR","@id":"https:\/\/www.public.sn\/index.php\/2022\/12\/13\/walid-regragui-met-en-garde-la-france\/#primaryimage","url":"https:\/\/www.public.sn\/wp-content\/uploads\/2022\/12\/Walid-Regragui.jpg","contentUrl":"https:\/\/www.public.sn\/wp-content\/uploads\/2022\/12\/Walid-Regragui.jpg","width":750,"height":430},{"@type":"BreadcrumbList","@id":"https:\/\/www.public.sn\/index.php\/2022\/12\/13\/walid-regragui-met-en-garde-la-france\/#breadcrumb","itemListElement":[{"@type":"ListItem","position":1,"name":"Accueil","item":"https:\/\/www.public.sn\/"},{"@type":"ListItem","position":2,"name":"Walid Regragui met en garde la France"}]},{"@type":"WebSite","@id":"https:\/\/www.public.sn\/#website","url":"https:\/\/www.public.sn\/","name":"LE PUBLIC","description":"","publisher":{"@id":"https:\/\/www.public.sn\/#organization"},"potentialAction":[{"@type":"SearchAction","target":{"@type":"EntryPoint","urlTemplate":"https:\/\/www.public.sn\/?s={search_term_string}"},"query-input":{"@type":"PropertyValueSpecification","valueRequired":true,"valueName":"search_term_string"}}],"inLanguage":"fr-FR"},{"@type":"Organization","@id":"https:\/\/www.public.sn\/#organization","name":"LE PUBLIC","url":"https:\/\/www.public.sn\/","logo":{"@type":"ImageObject","inLanguage":"fr-FR","@id":"https:\/\/www.public.sn\/#\/schema\/logo\/image\/","url":"https:\/\/www.public.sn\/wp-content\/uploads\/2024\/05\/cropped-LOGO-PUBLIC.SN_.png","contentUrl":"https:\/\/www.public.sn\/wp-content\/uploads\/2024\/05\/cropped-LOGO-PUBLIC.SN_.png","width":682,"height":192,"caption":"LE PUBLIC"},"image":{"@id":"https:\/\/www.public.sn\/#\/schema\/logo\/image\/"}},{"@type":"Person","@id":"https:\/\/www.public.sn\/#\/schema\/person\/cb76c8e1b8becc6be61fb5e92d6d0224","name":"LA REDACTION","image":{"@type":"ImageObject","inLanguage":"fr-FR","@id":"https:\/\/www.public.sn\/#\/schema\/person\/image\/","url":"https:\/\/secure.gravatar.com\/avatar\/2dce5ddd34b8fef0180efe03aa2a9bee7d953856048f9a16b298190a3178407c?s=96&d=mm&r=g","contentUrl":"https:\/\/secure.gravatar.com\/avatar\/2dce5ddd34b8fef0180efe03aa2a9bee7d953856048f9a16b298190a3178407c?s=96&d=mm&r=g","caption":"LA REDACTION"},"url":"https:\/\/www.public.sn\/index.php\/author\/editeurpsn\/"}]}},"jetpack_featured_media_url":"https:\/\/www.public.sn\/wp-content\/uploads\/2022\/12\/Walid-Regragui.jpg","jetpack_sharing_enabled":true,"_links":{"self":[{"href":"https:\/\/www.public.sn\/index.php\/wp-json\/wp\/v2\/posts\/11552","targetHints":{"allow":["GET"]}}],"collection":[{"href":"https:\/\/www.public.sn\/index.php\/wp-json\/wp\/v2\/posts"}],"about":[{"href":"https:\/\/www.public.sn\/index.php\/wp-json\/wp\/v2\/types\/post"}],"author":[{"embeddable":true,"href":"https:\/\/www.public.sn\/index.php\/wp-json\/wp\/v2\/users\/7"}],"replies":[{"embeddable":true,"href":"https:\/\/www.public.sn\/index.php\/wp-json\/wp\/v2\/comments?post=11552"}],"version-history":[{"count":3,"href":"https:\/\/www.public.sn\/index.php\/wp-json\/wp\/v2\/posts\/11552\/revisions"}],"predecessor-version":[{"id":11569,"href":"https:\/\/www.public.sn\/index.php\/wp-json\/wp\/v2\/posts\/11552\/revisions\/11569"}],"wp:featuredmedia":[{"embeddable":true,"href":"https:\/\/www.public.sn\/index.php\/wp-json\/wp\/v2\/media\/11385"}],"wp:attachment":[{"href":"https:\/\/www.public.sn\/index.php\/wp-json\/wp\/v2\/media?parent=11552"}],"wp:term":[{"taxonomy":"category","embeddable":true,"href":"https:\/\/www.public.sn\/index.php\/wp-json\/wp\/v2\/categories?post=11552"},{"taxonomy":"post_tag","embeddable":true,"href":"https:\/\/www.public.sn\/index.php\/wp-json\/wp\/v2\/tags?post=11552"}],"curies":[{"name":"wp","href":"https:\/\/api.w.org\/{rel}","templated":true}]}}