{"id":1156,"date":"2022-09-02T16:04:45","date_gmt":"2022-09-02T14:04:45","guid":{"rendered":"https:\/\/www.public.sn\/?p=1156"},"modified":"2022-09-02T16:10:08","modified_gmt":"2022-09-02T14:10:08","slug":"le-chef-de-letat-macky-sall-nomme-mamadou-badio-camara-president-du-conseil-constitutionnel","status":"publish","type":"post","link":"https:\/\/www.public.sn\/index.php\/2022\/09\/02\/le-chef-de-letat-macky-sall-nomme-mamadou-badio-camara-president-du-conseil-constitutionnel\/","title":{"rendered":"Le Chef de l\u2019\u00c9tat Macky Sall nomme Mamadou Badio Camara, pr\u00e9sident du Conseil Constitutionnel."},"content":{"rendered":"\n<p>Le Pr\u00e9sident de la R\u00e9publique Macky Sall vient de nommer par d\u00e9cret n\u00b0 2022 1573 du 1er septembre 2022, Mamadou Badio Camara, Pr\u00e9sident du Conseil constitutionnel. <br>Il remplace ainsi le juge Pape Oumar Sakho dont le mandat est termin\u00e9 depuis le 11 ao\u00fbt dernier.<\/p><div class=\"publi-paragraphe1\" style=\"margin-top: 10px;margin-bottom: 10px;margin-left: auto;margin-right: auto;text-align: center;\" id=\"publi-3981138806\"><div class=\"publi-adlabel\">Publicit\u00e9<\/div><script async src=\"\/\/pagead2.googlesyndication.com\/pagead\/js\/adsbygoogle.js?client=ca-pub-4089586018074219\" crossorigin=\"anonymous\"><\/script><ins class=\"adsbygoogle\" style=\"display:block;\" data-ad-client=\"ca-pub-4089586018074219\" \ndata-ad-slot=\"2087940154\" \ndata-ad-format=\"auto\"><\/ins>\n<script> \n(adsbygoogle = window.adsbygoogle || []).push({}); \n<\/script>\n<\/div>\n\n\n\n<p>\u00c9galement Ma\u00eetre Awa Di\u00e8ye, avocate \u00e0 la Cour, est nomm\u00e9e membre du Conseil constitutionnel par d\u00e9cret n\u00b0 2022-1572 du 1er septembre 2022.<\/p>\n\n\n\n<p><strong>D\u00c9CRET PR\u00c9SIDENTIEL<\/strong><\/p>\n\n\n\n<figure class=\"wp-block-gallery has-nested-images columns-default is-cropped wp-block-gallery-1 is-layout-flex wp-block-gallery-is-layout-flex\">\n<figure class=\"wp-block-image size-large\"><img fetchpriority=\"high\" decoding=\"async\" width=\"754\" height=\"1024\" data-id=\"1157\" src=\"https:\/\/www.public.sn\/wp-content\/uploads\/2022\/09\/FA577F44-6FA5-4B23-9CB8-B11703340C7D.jpeg\" alt=\"\" class=\"wp-image-1157\" srcset=\"https:\/\/www.public.sn\/wp-content\/uploads\/2022\/09\/FA577F44-6FA5-4B23-9CB8-B11703340C7D.jpeg 754w, https:\/\/www.public.sn\/wp-content\/uploads\/2022\/09\/FA577F44-6FA5-4B23-9CB8-B11703340C7D-600x815.jpeg 600w, https:\/\/www.public.sn\/wp-content\/uploads\/2022\/09\/FA577F44-6FA5-4B23-9CB8-B11703340C7D-221x300.jpeg 221w\" sizes=\"(max-width: 754px) 100vw, 754px\" \/><\/figure>\n<\/figure>\n<div class=\"publi-apres-le-contenu\" style=\"margin-top: 10px;margin-bottom: 10px;margin-left: auto;margin-right: auto;text-align: center;\" id=\"publi-1643860890\"><div class=\"publi-adlabel\">Publicit\u00e9<\/div><script async src=\"\/\/pagead2.googlesyndication.com\/pagead\/js\/adsbygoogle.js?client=ca-pub-4089586018074219\" crossorigin=\"anonymous\"><\/script><ins class=\"adsbygoogle\" style=\"display:block;\" data-ad-client=\"ca-pub-4089586018074219\" \ndata-ad-slot=\"2087940154\" \ndata-ad-format=\"auto\"><\/ins>\n<script> \n(adsbygoogle = window.adsbygoogle || []).push({}); \n<\/script>\n<\/div>","protected":false},"excerpt":{"rendered":"<p>Le Pr\u00e9sident de la R\u00e9publique Macky Sall vient de nommer par d\u00e9cret n\u00b0 2022 1573 du 1er septembre 2022, Mamadou Badio Camara, Pr\u00e9sident du Conseil constitutionnel. Il remplace ainsi le juge Pape Oumar Sakho dont le mandat est termin\u00e9 depuis le 11 ao\u00fbt dernier. \u00c9galement Ma\u00eetre Awa Di\u00e8ye, avocate \u00e0 la Cour, est nomm\u00e9e membre du Conseil constitutionnel par d\u00e9cret n\u00b0 2022-1572 du 1er septembre 2022. D\u00c9CRET PR\u00c9SIDENTIEL<\/p>\n","protected":false},"author":1,"featured_media":1158,"comment_status":"open","ping_status":"open","sticky":false,"template":"","format":"standard","meta":{"_jetpack_memberships_contains_paid_content":false,"footnotes":""},"categories":[375,9,3],"tags":[456,455,24,11,457],"class_list":["post-1156","post","type-post","status-publish","format-standard","has-post-thumbnail","hentry","category-actualites","category-communique","category-politique","tag-badio-camara","tag-conseil-constitutionnel","tag-justice","tag-macky-sall","tag-nomination","entry","has-media","owp-thumbs-layout-horizontal","owp-btn-normal","owp-tabs-layout-horizontal","has-no-thumbnails","has-product-nav"],"yoast_head":"<!-- This site is optimized with the Yoast SEO plugin v25.5 - https:\/\/yoast.com\/wordpress\/plugins\/seo\/ -->\n<title>Le Chef de l\u2019\u00c9tat Macky Sall nomme Mamadou Badio Camara, pr\u00e9sident du Conseil Constitutionnel. - LE PUBLIC<\/title>\n<meta name=\"robots\" content=\"index, follow, max-snippet:-1, max-image-preview:large, max-video-preview:-1\" \/>\n<link rel=\"canonical\" href=\"https:\/\/www.public.sn\/index.php\/2022\/09\/02\/le-chef-de-letat-macky-sall-nomme-mamadou-badio-camara-president-du-conseil-constitutionnel\/\" \/>\n<meta property=\"og:locale\" content=\"fr_FR\" \/>\n<meta property=\"og:type\" content=\"article\" \/>\n<meta property=\"og:title\" content=\"Le Chef de l\u2019\u00c9tat Macky Sall nomme Mamadou Badio Camara, pr\u00e9sident du Conseil Constitutionnel. - LE PUBLIC\" \/>\n<meta property=\"og:description\" content=\"Le Pr\u00e9sident de la R\u00e9publique Macky Sall vient de nommer par d\u00e9cret n\u00b0 2022 1573 du 1er septembre 2022, Mamadou Badio Camara, Pr\u00e9sident du Conseil constitutionnel. Il remplace ainsi le juge Pape Oumar Sakho dont le mandat est termin\u00e9 depuis le 11 ao\u00fbt dernier. \u00c9galement Ma\u00eetre Awa Di\u00e8ye, avocate \u00e0 la Cour, est nomm\u00e9e membre du Conseil constitutionnel par d\u00e9cret n\u00b0 2022-1572 du 1er septembre 2022. D\u00c9CRET PR\u00c9SIDENTIEL\" \/>\n<meta property=\"og:url\" content=\"https:\/\/www.public.sn\/index.php\/2022\/09\/02\/le-chef-de-letat-macky-sall-nomme-mamadou-badio-camara-president-du-conseil-constitutionnel\/\" \/>\n<meta property=\"og:site_name\" content=\"LE PUBLIC\" \/>\n<meta property=\"article:published_time\" content=\"2022-09-02T14:04:45+00:00\" \/>\n<meta property=\"article:modified_time\" content=\"2022-09-02T14:10:08+00:00\" \/>\n<meta property=\"og:image\" content=\"https:\/\/www.public.sn\/wp-content\/uploads\/2022\/09\/D0F00E54-9FA8-42F7-9C9F-5852BC76C776.jpeg\" \/>\n\t<meta property=\"og:image:width\" content=\"600\" \/>\n\t<meta property=\"og:image:height\" content=\"500\" \/>\n\t<meta property=\"og:image:type\" content=\"image\/jpeg\" \/>\n<meta name=\"author\" content=\"LA REDACTION\" \/>\n<meta name=\"twitter:card\" content=\"summary_large_image\" \/>\n<meta name=\"twitter:label1\" content=\"\u00c9crit par\" \/>\n\t<meta name=\"twitter:data1\" content=\"LA REDACTION\" \/>\n\t<meta name=\"twitter:label2\" content=\"Dur\u00e9e de lecture estim\u00e9e\" \/>\n\t<meta name=\"twitter:data2\" content=\"1 minute\" \/>\n<script type=\"application\/ld+json\" class=\"yoast-schema-graph\">{\"@context\":\"https:\/\/schema.org\",\"@graph\":[{\"@type\":\"Article\",\"@id\":\"https:\/\/www.public.sn\/index.php\/2022\/09\/02\/le-chef-de-letat-macky-sall-nomme-mamadou-badio-camara-president-du-conseil-constitutionnel\/#article\",\"isPartOf\":{\"@id\":\"https:\/\/www.public.sn\/index.php\/2022\/09\/02\/le-chef-de-letat-macky-sall-nomme-mamadou-badio-camara-president-du-conseil-constitutionnel\/\"},\"author\":{\"name\":\"LA REDACTION\",\"@id\":\"https:\/\/www.public.sn\/#\/schema\/person\/e3f4a11b037d4203902db148f9bc8d5a\"},\"headline\":\"Le Chef de l\u2019\u00c9tat Macky Sall nomme Mamadou Badio Camara, pr\u00e9sident du Conseil Constitutionnel.\",\"datePublished\":\"2022-09-02T14:04:45+00:00\",\"dateModified\":\"2022-09-02T14:10:08+00:00\",\"mainEntityOfPage\":{\"@id\":\"https:\/\/www.public.sn\/index.php\/2022\/09\/02\/le-chef-de-letat-macky-sall-nomme-mamadou-badio-camara-president-du-conseil-constitutionnel\/\"},\"wordCount\":89,\"commentCount\":0,\"publisher\":{\"@id\":\"https:\/\/www.public.sn\/#organization\"},\"image\":{\"@id\":\"https:\/\/www.public.sn\/index.php\/2022\/09\/02\/le-chef-de-letat-macky-sall-nomme-mamadou-badio-camara-president-du-conseil-constitutionnel\/#primaryimage\"},\"thumbnailUrl\":\"https:\/\/www.public.sn\/wp-content\/uploads\/2022\/09\/D0F00E54-9FA8-42F7-9C9F-5852BC76C776.jpeg\",\"keywords\":[\"Badio Camara\",\"Conseil Constitutionnel\",\"Justice\",\"Macky Sall\",\"Nomination\"],\"articleSection\":[\"ACTUALIT\u00c9S\",\"COMMUNIQU\u00c9\",\"POLITIQUE\"],\"inLanguage\":\"fr-FR\",\"potentialAction\":[{\"@type\":\"CommentAction\",\"name\":\"Comment\",\"target\":[\"https:\/\/www.public.sn\/index.php\/2022\/09\/02\/le-chef-de-letat-macky-sall-nomme-mamadou-badio-camara-president-du-conseil-constitutionnel\/#respond\"]}]},{\"@type\":\"WebPage\",\"@id\":\"https:\/\/www.public.sn\/index.php\/2022\/09\/02\/le-chef-de-letat-macky-sall-nomme-mamadou-badio-camara-president-du-conseil-constitutionnel\/\",\"url\":\"https:\/\/www.public.sn\/index.php\/2022\/09\/02\/le-chef-de-letat-macky-sall-nomme-mamadou-badio-camara-president-du-conseil-constitutionnel\/\",\"name\":\"Le Chef de l\u2019\u00c9tat Macky Sall nomme Mamadou Badio Camara, pr\u00e9sident du Conseil Constitutionnel. - LE PUBLIC\",\"isPartOf\":{\"@id\":\"https:\/\/www.public.sn\/#website\"},\"primaryImageOfPage\":{\"@id\":\"https:\/\/www.public.sn\/index.php\/2022\/09\/02\/le-chef-de-letat-macky-sall-nomme-mamadou-badio-camara-president-du-conseil-constitutionnel\/#primaryimage\"},\"image\":{\"@id\":\"https:\/\/www.public.sn\/index.php\/2022\/09\/02\/le-chef-de-letat-macky-sall-nomme-mamadou-badio-camara-president-du-conseil-constitutionnel\/#primaryimage\"},\"thumbnailUrl\":\"https:\/\/www.public.sn\/wp-content\/uploads\/2022\/09\/D0F00E54-9FA8-42F7-9C9F-5852BC76C776.jpeg\",\"datePublished\":\"2022-09-02T14:04:45+00:00\",\"dateModified\":\"2022-09-02T14:10:08+00:00\",\"breadcrumb\":{\"@id\":\"https:\/\/www.public.sn\/index.php\/2022\/09\/02\/le-chef-de-letat-macky-sall-nomme-mamadou-badio-camara-president-du-conseil-constitutionnel\/#breadcrumb\"},\"inLanguage\":\"fr-FR\",\"potentialAction\":[{\"@type\":\"ReadAction\",\"target\":[\"https:\/\/www.public.sn\/index.php\/2022\/09\/02\/le-chef-de-letat-macky-sall-nomme-mamadou-badio-camara-president-du-conseil-constitutionnel\/\"]}]},{\"@type\":\"ImageObject\",\"inLanguage\":\"fr-FR\",\"@id\":\"https:\/\/www.public.sn\/index.php\/2022\/09\/02\/le-chef-de-letat-macky-sall-nomme-mamadou-badio-camara-president-du-conseil-constitutionnel\/#primaryimage\",\"url\":\"https:\/\/www.public.sn\/wp-content\/uploads\/2022\/09\/D0F00E54-9FA8-42F7-9C9F-5852BC76C776.jpeg\",\"contentUrl\":\"https:\/\/www.public.sn\/wp-content\/uploads\/2022\/09\/D0F00E54-9FA8-42F7-9C9F-5852BC76C776.jpeg\",\"width\":600,\"height\":500},{\"@type\":\"BreadcrumbList\",\"@id\":\"https:\/\/www.public.sn\/index.php\/2022\/09\/02\/le-chef-de-letat-macky-sall-nomme-mamadou-badio-camara-president-du-conseil-constitutionnel\/#breadcrumb\",\"itemListElement\":[{\"@type\":\"ListItem\",\"position\":1,\"name\":\"Accueil\",\"item\":\"https:\/\/www.public.sn\/\"},{\"@type\":\"ListItem\",\"position\":2,\"name\":\"Le Chef de l\u2019\u00c9tat Macky Sall nomme Mamadou Badio Camara, pr\u00e9sident du Conseil Constitutionnel.\"}]},{\"@type\":\"WebSite\",\"@id\":\"https:\/\/www.public.sn\/#website\",\"url\":\"https:\/\/www.public.sn\/\",\"name\":\"LE PUBLIC\",\"description\":\"\",\"publisher\":{\"@id\":\"https:\/\/www.public.sn\/#organization\"},\"potentialAction\":[{\"@type\":\"SearchAction\",\"target\":{\"@type\":\"EntryPoint\",\"urlTemplate\":\"https:\/\/www.public.sn\/?s={search_term_string}\"},\"query-input\":{\"@type\":\"PropertyValueSpecification\",\"valueRequired\":true,\"valueName\":\"search_term_string\"}}],\"inLanguage\":\"fr-FR\"},{\"@type\":\"Organization\",\"@id\":\"https:\/\/www.public.sn\/#organization\",\"name\":\"LE PUBLIC\",\"url\":\"https:\/\/www.public.sn\/\",\"logo\":{\"@type\":\"ImageObject\",\"inLanguage\":\"fr-FR\",\"@id\":\"https:\/\/www.public.sn\/#\/schema\/logo\/image\/\",\"url\":\"https:\/\/www.public.sn\/wp-content\/uploads\/2024\/05\/cropped-LOGO-PUBLIC.SN_.png\",\"contentUrl\":\"https:\/\/www.public.sn\/wp-content\/uploads\/2024\/05\/cropped-LOGO-PUBLIC.SN_.png\",\"width\":682,\"height\":192,\"caption\":\"LE PUBLIC\"},\"image\":{\"@id\":\"https:\/\/www.public.sn\/#\/schema\/logo\/image\/\"}},{\"@type\":\"Person\",\"@id\":\"https:\/\/www.public.sn\/#\/schema\/person\/e3f4a11b037d4203902db148f9bc8d5a\",\"name\":\"LA REDACTION\",\"image\":{\"@type\":\"ImageObject\",\"inLanguage\":\"fr-FR\",\"@id\":\"https:\/\/www.public.sn\/#\/schema\/person\/image\/\",\"url\":\"https:\/\/secure.gravatar.com\/avatar\/d6c030db45db2883c075085c5d6c6258654a801a93766b49af0b82d4f454e2a5?s=96&d=mm&r=g\",\"contentUrl\":\"https:\/\/secure.gravatar.com\/avatar\/d6c030db45db2883c075085c5d6c6258654a801a93766b49af0b82d4f454e2a5?s=96&d=mm&r=g\",\"caption\":\"LA REDACTION\"},\"sameAs\":[\"http:\/\/www.public.sn\"],\"url\":\"https:\/\/www.public.sn\/index.php\/author\/admin7324\/\"}]}<\/script>\n<!-- \/ Yoast SEO plugin. -->","yoast_head_json":{"title":"Le Chef de l\u2019\u00c9tat Macky Sall nomme Mamadou Badio Camara, pr\u00e9sident du Conseil Constitutionnel. - LE PUBLIC","robots":{"index":"index","follow":"follow","max-snippet":"max-snippet:-1","max-image-preview":"max-image-preview:large","max-video-preview":"max-video-preview:-1"},"canonical":"https:\/\/www.public.sn\/index.php\/2022\/09\/02\/le-chef-de-letat-macky-sall-nomme-mamadou-badio-camara-president-du-conseil-constitutionnel\/","og_locale":"fr_FR","og_type":"article","og_title":"Le Chef de l\u2019\u00c9tat Macky Sall nomme Mamadou Badio Camara, pr\u00e9sident du Conseil Constitutionnel. - LE PUBLIC","og_description":"Le Pr\u00e9sident de la R\u00e9publique Macky Sall vient de nommer par d\u00e9cret n\u00b0 2022 1573 du 1er septembre 2022, Mamadou Badio Camara, Pr\u00e9sident du Conseil constitutionnel. Il remplace ainsi le juge Pape Oumar Sakho dont le mandat est termin\u00e9 depuis le 11 ao\u00fbt dernier. \u00c9galement Ma\u00eetre Awa Di\u00e8ye, avocate \u00e0 la Cour, est nomm\u00e9e membre du Conseil constitutionnel par d\u00e9cret n\u00b0 2022-1572 du 1er septembre 2022. D\u00c9CRET PR\u00c9SIDENTIEL","og_url":"https:\/\/www.public.sn\/index.php\/2022\/09\/02\/le-chef-de-letat-macky-sall-nomme-mamadou-badio-camara-president-du-conseil-constitutionnel\/","og_site_name":"LE PUBLIC","article_published_time":"2022-09-02T14:04:45+00:00","article_modified_time":"2022-09-02T14:10:08+00:00","og_image":[{"width":600,"height":500,"url":"https:\/\/www.public.sn\/wp-content\/uploads\/2022\/09\/D0F00E54-9FA8-42F7-9C9F-5852BC76C776.jpeg","type":"image\/jpeg"}],"author":"LA REDACTION","twitter_card":"summary_large_image","twitter_misc":{"\u00c9crit par":"LA REDACTION","Dur\u00e9e de lecture estim\u00e9e":"1 minute"},"schema":{"@context":"https:\/\/schema.org","@graph":[{"@type":"Article","@id":"https:\/\/www.public.sn\/index.php\/2022\/09\/02\/le-chef-de-letat-macky-sall-nomme-mamadou-badio-camara-president-du-conseil-constitutionnel\/#article","isPartOf":{"@id":"https:\/\/www.public.sn\/index.php\/2022\/09\/02\/le-chef-de-letat-macky-sall-nomme-mamadou-badio-camara-president-du-conseil-constitutionnel\/"},"author":{"name":"LA REDACTION","@id":"https:\/\/www.public.sn\/#\/schema\/person\/e3f4a11b037d4203902db148f9bc8d5a"},"headline":"Le Chef de l\u2019\u00c9tat Macky Sall nomme Mamadou Badio Camara, pr\u00e9sident du Conseil Constitutionnel.","datePublished":"2022-09-02T14:04:45+00:00","dateModified":"2022-09-02T14:10:08+00:00","mainEntityOfPage":{"@id":"https:\/\/www.public.sn\/index.php\/2022\/09\/02\/le-chef-de-letat-macky-sall-nomme-mamadou-badio-camara-president-du-conseil-constitutionnel\/"},"wordCount":89,"commentCount":0,"publisher":{"@id":"https:\/\/www.public.sn\/#organization"},"image":{"@id":"https:\/\/www.public.sn\/index.php\/2022\/09\/02\/le-chef-de-letat-macky-sall-nomme-mamadou-badio-camara-president-du-conseil-constitutionnel\/#primaryimage"},"thumbnailUrl":"https:\/\/www.public.sn\/wp-content\/uploads\/2022\/09\/D0F00E54-9FA8-42F7-9C9F-5852BC76C776.jpeg","keywords":["Badio Camara","Conseil Constitutionnel","Justice","Macky Sall","Nomination"],"articleSection":["ACTUALIT\u00c9S","COMMUNIQU\u00c9","POLITIQUE"],"inLanguage":"fr-FR","potentialAction":[{"@type":"CommentAction","name":"Comment","target":["https:\/\/www.public.sn\/index.php\/2022\/09\/02\/le-chef-de-letat-macky-sall-nomme-mamadou-badio-camara-president-du-conseil-constitutionnel\/#respond"]}]},{"@type":"WebPage","@id":"https:\/\/www.public.sn\/index.php\/2022\/09\/02\/le-chef-de-letat-macky-sall-nomme-mamadou-badio-camara-president-du-conseil-constitutionnel\/","url":"https:\/\/www.public.sn\/index.php\/2022\/09\/02\/le-chef-de-letat-macky-sall-nomme-mamadou-badio-camara-president-du-conseil-constitutionnel\/","name":"Le Chef de l\u2019\u00c9tat Macky Sall nomme Mamadou Badio Camara, pr\u00e9sident du Conseil Constitutionnel. - LE PUBLIC","isPartOf":{"@id":"https:\/\/www.public.sn\/#website"},"primaryImageOfPage":{"@id":"https:\/\/www.public.sn\/index.php\/2022\/09\/02\/le-chef-de-letat-macky-sall-nomme-mamadou-badio-camara-president-du-conseil-constitutionnel\/#primaryimage"},"image":{"@id":"https:\/\/www.public.sn\/index.php\/2022\/09\/02\/le-chef-de-letat-macky-sall-nomme-mamadou-badio-camara-president-du-conseil-constitutionnel\/#primaryimage"},"thumbnailUrl":"https:\/\/www.public.sn\/wp-content\/uploads\/2022\/09\/D0F00E54-9FA8-42F7-9C9F-5852BC76C776.jpeg","datePublished":"2022-09-02T14:04:45+00:00","dateModified":"2022-09-02T14:10:08+00:00","breadcrumb":{"@id":"https:\/\/www.public.sn\/index.php\/2022\/09\/02\/le-chef-de-letat-macky-sall-nomme-mamadou-badio-camara-president-du-conseil-constitutionnel\/#breadcrumb"},"inLanguage":"fr-FR","potentialAction":[{"@type":"ReadAction","target":["https:\/\/www.public.sn\/index.php\/2022\/09\/02\/le-chef-de-letat-macky-sall-nomme-mamadou-badio-camara-president-du-conseil-constitutionnel\/"]}]},{"@type":"ImageObject","inLanguage":"fr-FR","@id":"https:\/\/www.public.sn\/index.php\/2022\/09\/02\/le-chef-de-letat-macky-sall-nomme-mamadou-badio-camara-president-du-conseil-constitutionnel\/#primaryimage","url":"https:\/\/www.public.sn\/wp-content\/uploads\/2022\/09\/D0F00E54-9FA8-42F7-9C9F-5852BC76C776.jpeg","contentUrl":"https:\/\/www.public.sn\/wp-content\/uploads\/2022\/09\/D0F00E54-9FA8-42F7-9C9F-5852BC76C776.jpeg","width":600,"height":500},{"@type":"BreadcrumbList","@id":"https:\/\/www.public.sn\/index.php\/2022\/09\/02\/le-chef-de-letat-macky-sall-nomme-mamadou-badio-camara-president-du-conseil-constitutionnel\/#breadcrumb","itemListElement":[{"@type":"ListItem","position":1,"name":"Accueil","item":"https:\/\/www.public.sn\/"},{"@type":"ListItem","position":2,"name":"Le Chef de l\u2019\u00c9tat Macky Sall nomme Mamadou Badio Camara, pr\u00e9sident du Conseil Constitutionnel."}]},{"@type":"WebSite","@id":"https:\/\/www.public.sn\/#website","url":"https:\/\/www.public.sn\/","name":"LE PUBLIC","description":"","publisher":{"@id":"https:\/\/www.public.sn\/#organization"},"potentialAction":[{"@type":"SearchAction","target":{"@type":"EntryPoint","urlTemplate":"https:\/\/www.public.sn\/?s={search_term_string}"},"query-input":{"@type":"PropertyValueSpecification","valueRequired":true,"valueName":"search_term_string"}}],"inLanguage":"fr-FR"},{"@type":"Organization","@id":"https:\/\/www.public.sn\/#organization","name":"LE PUBLIC","url":"https:\/\/www.public.sn\/","logo":{"@type":"ImageObject","inLanguage":"fr-FR","@id":"https:\/\/www.public.sn\/#\/schema\/logo\/image\/","url":"https:\/\/www.public.sn\/wp-content\/uploads\/2024\/05\/cropped-LOGO-PUBLIC.SN_.png","contentUrl":"https:\/\/www.public.sn\/wp-content\/uploads\/2024\/05\/cropped-LOGO-PUBLIC.SN_.png","width":682,"height":192,"caption":"LE PUBLIC"},"image":{"@id":"https:\/\/www.public.sn\/#\/schema\/logo\/image\/"}},{"@type":"Person","@id":"https:\/\/www.public.sn\/#\/schema\/person\/e3f4a11b037d4203902db148f9bc8d5a","name":"LA REDACTION","image":{"@type":"ImageObject","inLanguage":"fr-FR","@id":"https:\/\/www.public.sn\/#\/schema\/person\/image\/","url":"https:\/\/secure.gravatar.com\/avatar\/d6c030db45db2883c075085c5d6c6258654a801a93766b49af0b82d4f454e2a5?s=96&d=mm&r=g","contentUrl":"https:\/\/secure.gravatar.com\/avatar\/d6c030db45db2883c075085c5d6c6258654a801a93766b49af0b82d4f454e2a5?s=96&d=mm&r=g","caption":"LA REDACTION"},"sameAs":["http:\/\/www.public.sn"],"url":"https:\/\/www.public.sn\/index.php\/author\/admin7324\/"}]}},"jetpack_featured_media_url":"https:\/\/www.public.sn\/wp-content\/uploads\/2022\/09\/D0F00E54-9FA8-42F7-9C9F-5852BC76C776.jpeg","jetpack_sharing_enabled":true,"_links":{"self":[{"href":"https:\/\/www.public.sn\/index.php\/wp-json\/wp\/v2\/posts\/1156","targetHints":{"allow":["GET"]}}],"collection":[{"href":"https:\/\/www.public.sn\/index.php\/wp-json\/wp\/v2\/posts"}],"about":[{"href":"https:\/\/www.public.sn\/index.php\/wp-json\/wp\/v2\/types\/post"}],"author":[{"embeddable":true,"href":"https:\/\/www.public.sn\/index.php\/wp-json\/wp\/v2\/users\/1"}],"replies":[{"embeddable":true,"href":"https:\/\/www.public.sn\/index.php\/wp-json\/wp\/v2\/comments?post=1156"}],"version-history":[{"count":1,"href":"https:\/\/www.public.sn\/index.php\/wp-json\/wp\/v2\/posts\/1156\/revisions"}],"predecessor-version":[{"id":1159,"href":"https:\/\/www.public.sn\/index.php\/wp-json\/wp\/v2\/posts\/1156\/revisions\/1159"}],"wp:featuredmedia":[{"embeddable":true,"href":"https:\/\/www.public.sn\/index.php\/wp-json\/wp\/v2\/media\/1158"}],"wp:attachment":[{"href":"https:\/\/www.public.sn\/index.php\/wp-json\/wp\/v2\/media?parent=1156"}],"wp:term":[{"taxonomy":"category","embeddable":true,"href":"https:\/\/www.public.sn\/index.php\/wp-json\/wp\/v2\/categories?post=1156"},{"taxonomy":"post_tag","embeddable":true,"href":"https:\/\/www.public.sn\/index.php\/wp-json\/wp\/v2\/tags?post=1156"}],"curies":[{"name":"wp","href":"https:\/\/api.w.org\/{rel}","templated":true}]}}