{"id":11595,"date":"2022-12-14T07:13:06","date_gmt":"2022-12-14T07:13:06","guid":{"rendered":"https:\/\/www.public.sn\/?p=11595"},"modified":"2022-12-14T09:52:39","modified_gmt":"2022-12-14T09:52:39","slug":"agression-de-amy-ndiaye-les-deputes-se-confessent-le-parquet-corsent-le-dossier","status":"publish","type":"post","link":"https:\/\/www.public.sn\/index.php\/2022\/12\/14\/agression-de-amy-ndiaye-les-deputes-se-confessent-le-parquet-corsent-le-dossier\/","title":{"rendered":"Agression de Amy Ndiaye\u00a0: les d\u00e9put\u00e9s se confessent, le parquet corse le dossier"},"content":{"rendered":"\n<p>L\u2019affaire de l\u2019agression de Amy Ndiaye Gniby pour laquelle les d\u00e9put\u00e9s du PUR sont en garde \u00e0 vue, connait de nouveaux d\u00e9veloppements. Les parlementaires Massata Samb et Mamadou Niang seront d\u00e9f\u00e9r\u00e9s au parquet aujourd\u2019hui mercredi.<\/p><div class=\"publi-paragraphe1\" style=\"margin-top: 10px;margin-bottom: 10px;margin-left: auto;margin-right: auto;text-align: center;\" id=\"publi-2559365950\"><div class=\"publi-adlabel\">Publicit\u00e9<\/div><script async src=\"\/\/pagead2.googlesyndication.com\/pagead\/js\/adsbygoogle.js?client=ca-pub-4089586018074219\" crossorigin=\"anonymous\"><\/script><ins class=\"adsbygoogle\" style=\"display:block;\" data-ad-client=\"ca-pub-4089586018074219\" \ndata-ad-slot=\"2087940154\" \ndata-ad-format=\"auto\"><\/ins>\n<script> \n(adsbygoogle = window.adsbygoogle || []).push({}); \n<\/script>\n<\/div>\n\n\n\n<p>De nouvelles charges leur ont \u00e9t\u00e9 notifi\u00e9es. En plus de \u00ab&nbsp;coups et blessures&nbsp;\u00bb ayant entrain\u00e9 une ITT de 23 jours, les deux d\u00e9put\u00e9s de Yewwi sont aussi vis\u00e9s pour \u00ab&nbsp;menaces de mort&nbsp;\u00bb.<\/p>\n\n\n\n<p>Lors de leurs auditions qui a dur\u00e9 trois tours d\u2019horloge, ils ont contest\u00e9 l\u2019enqu\u00eate de flagrance d\u00e9lit et ont demand\u00e9 la lev\u00e9e de leur immunit\u00e9 parlementaire avant tout acte judiciaire. Ils ont confi\u00e9 aux enqu\u00eateurs de la Dic que la proc\u00e9dure viole leurs pr\u00e9rogatives.<\/p>\n\n\n\n<p>Ils ont refus\u00e9 de se prononcer sur leur cachette et leur plainte contre Amy Ndiaye laissant le soin \u00e0 leurs avocats de r\u00e9pondre \u00e0 leurs places.<\/p>\n<div class=\"publi-apres-le-contenu\" style=\"margin-top: 10px;margin-bottom: 10px;margin-left: auto;margin-right: auto;text-align: center;\" id=\"publi-405555256\"><div class=\"publi-adlabel\">Publicit\u00e9<\/div><script async src=\"\/\/pagead2.googlesyndication.com\/pagead\/js\/adsbygoogle.js?client=ca-pub-4089586018074219\" crossorigin=\"anonymous\"><\/script><ins class=\"adsbygoogle\" style=\"display:block;\" data-ad-client=\"ca-pub-4089586018074219\" \ndata-ad-slot=\"2087940154\" \ndata-ad-format=\"auto\"><\/ins>\n<script> \n(adsbygoogle = window.adsbygoogle || []).push({}); \n<\/script>\n<\/div>","protected":false},"excerpt":{"rendered":"<p>L\u2019affaire de l\u2019agression de Amy Ndiaye Gniby pour laquelle les d\u00e9put\u00e9s du PUR sont en garde \u00e0 vue, connait de nouveaux d\u00e9veloppements. Les parlementaires Massata Samb et Mamadou Niang seront d\u00e9f\u00e9r\u00e9s au parquet aujourd\u2019hui mercredi. De nouvelles charges leur ont \u00e9t\u00e9 notifi\u00e9es. En plus de \u00ab&nbsp;coups et blessures&nbsp;\u00bb ayant entrain\u00e9 une ITT de 23 jours, les deux d\u00e9put\u00e9s de Yewwi sont aussi vis\u00e9s pour \u00ab&nbsp;menaces de mort&nbsp;\u00bb. Lors de leurs auditions qui a dur\u00e9 trois tours d\u2019horloge, ils ont contest\u00e9 l\u2019enqu\u00eate de flagrance d\u00e9lit et ont demand\u00e9 la lev\u00e9e de leur immunit\u00e9 parlementaire avant tout acte judiciaire. Ils ont confi\u00e9 aux enqu\u00eateurs de la Dic que la proc\u00e9dure viole leurs pr\u00e9rogatives. Ils ont refus\u00e9 de se prononcer sur leur cachette et leur plainte contre Amy Ndiaye laissant le soin \u00e0 leurs avocats de r\u00e9pondre \u00e0 leurs places.<\/p>\n","protected":false},"author":1,"featured_media":11592,"comment_status":"open","ping_status":"open","sticky":false,"template":"","format":"standard","meta":{"_jetpack_memberships_contains_paid_content":false,"footnotes":""},"categories":[375,372],"tags":[3621,640,3542],"class_list":["post-11595","post","type-post","status-publish","format-standard","has-post-thumbnail","hentry","category-actualites","category-vedette","tag-amy-ndiaye-gniby","tag-dic","tag-massata-samb","entry","has-media","owp-thumbs-layout-horizontal","owp-btn-normal","owp-tabs-layout-horizontal","has-no-thumbnails","has-product-nav"],"yoast_head":"<!-- This site is optimized with the Yoast SEO plugin v25.5 - https:\/\/yoast.com\/wordpress\/plugins\/seo\/ -->\n<title>Agression de Amy Ndiaye\u00a0: les d\u00e9put\u00e9s se confessent, le parquet corse le dossier - LE PUBLIC<\/title>\n<meta name=\"robots\" content=\"index, follow, max-snippet:-1, max-image-preview:large, max-video-preview:-1\" \/>\n<link rel=\"canonical\" href=\"https:\/\/www.public.sn\/index.php\/2022\/12\/14\/agression-de-amy-ndiaye-les-deputes-se-confessent-le-parquet-corsent-le-dossier\/\" \/>\n<meta property=\"og:locale\" content=\"fr_FR\" \/>\n<meta property=\"og:type\" content=\"article\" \/>\n<meta property=\"og:title\" content=\"Agression de Amy Ndiaye\u00a0: les d\u00e9put\u00e9s se confessent, le parquet corse le dossier - LE PUBLIC\" \/>\n<meta property=\"og:description\" content=\"L\u2019affaire de l\u2019agression de Amy Ndiaye Gniby pour laquelle les d\u00e9put\u00e9s du PUR sont en garde \u00e0 vue, connait de nouveaux d\u00e9veloppements. Les parlementaires Massata Samb et Mamadou Niang seront d\u00e9f\u00e9r\u00e9s au parquet aujourd\u2019hui mercredi. De nouvelles charges leur ont \u00e9t\u00e9 notifi\u00e9es. En plus de \u00ab&nbsp;coups et blessures&nbsp;\u00bb ayant entrain\u00e9 une ITT de 23 jours, les deux d\u00e9put\u00e9s de Yewwi sont aussi vis\u00e9s pour \u00ab&nbsp;menaces de mort&nbsp;\u00bb. Lors de leurs auditions qui a dur\u00e9 trois tours d\u2019horloge, ils ont contest\u00e9 l\u2019enqu\u00eate de flagrance d\u00e9lit et ont demand\u00e9 la lev\u00e9e de leur immunit\u00e9 parlementaire avant tout acte judiciaire. Ils ont confi\u00e9 aux enqu\u00eateurs de la Dic que la proc\u00e9dure viole leurs pr\u00e9rogatives. Ils ont refus\u00e9 de se prononcer sur leur cachette et leur plainte contre Amy Ndiaye laissant le soin \u00e0 leurs avocats de r\u00e9pondre \u00e0 leurs places.\" \/>\n<meta property=\"og:url\" content=\"https:\/\/www.public.sn\/index.php\/2022\/12\/14\/agression-de-amy-ndiaye-les-deputes-se-confessent-le-parquet-corsent-le-dossier\/\" \/>\n<meta property=\"og:site_name\" content=\"LE PUBLIC\" \/>\n<meta property=\"article:published_time\" content=\"2022-12-14T07:13:06+00:00\" \/>\n<meta property=\"article:modified_time\" content=\"2022-12-14T09:52:39+00:00\" \/>\n<meta property=\"og:image\" content=\"https:\/\/www.public.sn\/wp-content\/uploads\/2022\/12\/deputes-PUR.jpg\" \/>\n\t<meta property=\"og:image:width\" content=\"612\" \/>\n\t<meta property=\"og:image:height\" content=\"298\" \/>\n\t<meta property=\"og:image:type\" content=\"image\/jpeg\" \/>\n<meta name=\"author\" content=\"LA REDACTION\" \/>\n<meta name=\"twitter:card\" content=\"summary_large_image\" \/>\n<meta name=\"twitter:label1\" content=\"\u00c9crit par\" \/>\n\t<meta name=\"twitter:data1\" content=\"LA REDACTION\" \/>\n\t<meta name=\"twitter:label2\" content=\"Dur\u00e9e de lecture estim\u00e9e\" \/>\n\t<meta name=\"twitter:data2\" content=\"1 minute\" \/>\n<script type=\"application\/ld+json\" class=\"yoast-schema-graph\">{\"@context\":\"https:\/\/schema.org\",\"@graph\":[{\"@type\":\"Article\",\"@id\":\"https:\/\/www.public.sn\/index.php\/2022\/12\/14\/agression-de-amy-ndiaye-les-deputes-se-confessent-le-parquet-corsent-le-dossier\/#article\",\"isPartOf\":{\"@id\":\"https:\/\/www.public.sn\/index.php\/2022\/12\/14\/agression-de-amy-ndiaye-les-deputes-se-confessent-le-parquet-corsent-le-dossier\/\"},\"author\":{\"name\":\"LA REDACTION\",\"@id\":\"https:\/\/www.public.sn\/#\/schema\/person\/e3f4a11b037d4203902db148f9bc8d5a\"},\"headline\":\"Agression de Amy Ndiaye\u00a0: les d\u00e9put\u00e9s se confessent, le parquet corse le dossier\",\"datePublished\":\"2022-12-14T07:13:06+00:00\",\"dateModified\":\"2022-12-14T09:52:39+00:00\",\"mainEntityOfPage\":{\"@id\":\"https:\/\/www.public.sn\/index.php\/2022\/12\/14\/agression-de-amy-ndiaye-les-deputes-se-confessent-le-parquet-corsent-le-dossier\/\"},\"wordCount\":174,\"commentCount\":0,\"publisher\":{\"@id\":\"https:\/\/www.public.sn\/#organization\"},\"image\":{\"@id\":\"https:\/\/www.public.sn\/index.php\/2022\/12\/14\/agression-de-amy-ndiaye-les-deputes-se-confessent-le-parquet-corsent-le-dossier\/#primaryimage\"},\"thumbnailUrl\":\"https:\/\/www.public.sn\/wp-content\/uploads\/2022\/12\/deputes-PUR.jpg\",\"keywords\":[\"Amy Ndiaye Gniby\",\"DIC\",\"massata samb\"],\"articleSection\":[\"ACTUALIT\u00c9S\",\"VEDETTE\"],\"inLanguage\":\"fr-FR\",\"potentialAction\":[{\"@type\":\"CommentAction\",\"name\":\"Comment\",\"target\":[\"https:\/\/www.public.sn\/index.php\/2022\/12\/14\/agression-de-amy-ndiaye-les-deputes-se-confessent-le-parquet-corsent-le-dossier\/#respond\"]}]},{\"@type\":\"WebPage\",\"@id\":\"https:\/\/www.public.sn\/index.php\/2022\/12\/14\/agression-de-amy-ndiaye-les-deputes-se-confessent-le-parquet-corsent-le-dossier\/\",\"url\":\"https:\/\/www.public.sn\/index.php\/2022\/12\/14\/agression-de-amy-ndiaye-les-deputes-se-confessent-le-parquet-corsent-le-dossier\/\",\"name\":\"Agression de Amy Ndiaye\u00a0: les d\u00e9put\u00e9s se confessent, le parquet corse le dossier - LE PUBLIC\",\"isPartOf\":{\"@id\":\"https:\/\/www.public.sn\/#website\"},\"primaryImageOfPage\":{\"@id\":\"https:\/\/www.public.sn\/index.php\/2022\/12\/14\/agression-de-amy-ndiaye-les-deputes-se-confessent-le-parquet-corsent-le-dossier\/#primaryimage\"},\"image\":{\"@id\":\"https:\/\/www.public.sn\/index.php\/2022\/12\/14\/agression-de-amy-ndiaye-les-deputes-se-confessent-le-parquet-corsent-le-dossier\/#primaryimage\"},\"thumbnailUrl\":\"https:\/\/www.public.sn\/wp-content\/uploads\/2022\/12\/deputes-PUR.jpg\",\"datePublished\":\"2022-12-14T07:13:06+00:00\",\"dateModified\":\"2022-12-14T09:52:39+00:00\",\"breadcrumb\":{\"@id\":\"https:\/\/www.public.sn\/index.php\/2022\/12\/14\/agression-de-amy-ndiaye-les-deputes-se-confessent-le-parquet-corsent-le-dossier\/#breadcrumb\"},\"inLanguage\":\"fr-FR\",\"potentialAction\":[{\"@type\":\"ReadAction\",\"target\":[\"https:\/\/www.public.sn\/index.php\/2022\/12\/14\/agression-de-amy-ndiaye-les-deputes-se-confessent-le-parquet-corsent-le-dossier\/\"]}]},{\"@type\":\"ImageObject\",\"inLanguage\":\"fr-FR\",\"@id\":\"https:\/\/www.public.sn\/index.php\/2022\/12\/14\/agression-de-amy-ndiaye-les-deputes-se-confessent-le-parquet-corsent-le-dossier\/#primaryimage\",\"url\":\"https:\/\/www.public.sn\/wp-content\/uploads\/2022\/12\/deputes-PUR.jpg\",\"contentUrl\":\"https:\/\/www.public.sn\/wp-content\/uploads\/2022\/12\/deputes-PUR.jpg\",\"width\":612,\"height\":298},{\"@type\":\"BreadcrumbList\",\"@id\":\"https:\/\/www.public.sn\/index.php\/2022\/12\/14\/agression-de-amy-ndiaye-les-deputes-se-confessent-le-parquet-corsent-le-dossier\/#breadcrumb\",\"itemListElement\":[{\"@type\":\"ListItem\",\"position\":1,\"name\":\"Accueil\",\"item\":\"https:\/\/www.public.sn\/\"},{\"@type\":\"ListItem\",\"position\":2,\"name\":\"Agression de Amy Ndiaye\u00a0: les d\u00e9put\u00e9s se confessent, le parquet corse le dossier\"}]},{\"@type\":\"WebSite\",\"@id\":\"https:\/\/www.public.sn\/#website\",\"url\":\"https:\/\/www.public.sn\/\",\"name\":\"LE PUBLIC\",\"description\":\"\",\"publisher\":{\"@id\":\"https:\/\/www.public.sn\/#organization\"},\"potentialAction\":[{\"@type\":\"SearchAction\",\"target\":{\"@type\":\"EntryPoint\",\"urlTemplate\":\"https:\/\/www.public.sn\/?s={search_term_string}\"},\"query-input\":{\"@type\":\"PropertyValueSpecification\",\"valueRequired\":true,\"valueName\":\"search_term_string\"}}],\"inLanguage\":\"fr-FR\"},{\"@type\":\"Organization\",\"@id\":\"https:\/\/www.public.sn\/#organization\",\"name\":\"LE PUBLIC\",\"url\":\"https:\/\/www.public.sn\/\",\"logo\":{\"@type\":\"ImageObject\",\"inLanguage\":\"fr-FR\",\"@id\":\"https:\/\/www.public.sn\/#\/schema\/logo\/image\/\",\"url\":\"https:\/\/www.public.sn\/wp-content\/uploads\/2024\/05\/cropped-LOGO-PUBLIC.SN_.png\",\"contentUrl\":\"https:\/\/www.public.sn\/wp-content\/uploads\/2024\/05\/cropped-LOGO-PUBLIC.SN_.png\",\"width\":682,\"height\":192,\"caption\":\"LE PUBLIC\"},\"image\":{\"@id\":\"https:\/\/www.public.sn\/#\/schema\/logo\/image\/\"}},{\"@type\":\"Person\",\"@id\":\"https:\/\/www.public.sn\/#\/schema\/person\/e3f4a11b037d4203902db148f9bc8d5a\",\"name\":\"LA REDACTION\",\"image\":{\"@type\":\"ImageObject\",\"inLanguage\":\"fr-FR\",\"@id\":\"https:\/\/www.public.sn\/#\/schema\/person\/image\/\",\"url\":\"https:\/\/secure.gravatar.com\/avatar\/d6c030db45db2883c075085c5d6c6258654a801a93766b49af0b82d4f454e2a5?s=96&d=mm&r=g\",\"contentUrl\":\"https:\/\/secure.gravatar.com\/avatar\/d6c030db45db2883c075085c5d6c6258654a801a93766b49af0b82d4f454e2a5?s=96&d=mm&r=g\",\"caption\":\"LA REDACTION\"},\"sameAs\":[\"http:\/\/www.public.sn\"],\"url\":\"https:\/\/www.public.sn\/index.php\/author\/admin7324\/\"}]}<\/script>\n<!-- \/ Yoast SEO plugin. -->","yoast_head_json":{"title":"Agression de Amy Ndiaye\u00a0: les d\u00e9put\u00e9s se confessent, le parquet corse le dossier - LE PUBLIC","robots":{"index":"index","follow":"follow","max-snippet":"max-snippet:-1","max-image-preview":"max-image-preview:large","max-video-preview":"max-video-preview:-1"},"canonical":"https:\/\/www.public.sn\/index.php\/2022\/12\/14\/agression-de-amy-ndiaye-les-deputes-se-confessent-le-parquet-corsent-le-dossier\/","og_locale":"fr_FR","og_type":"article","og_title":"Agression de Amy Ndiaye\u00a0: les d\u00e9put\u00e9s se confessent, le parquet corse le dossier - LE PUBLIC","og_description":"L\u2019affaire de l\u2019agression de Amy Ndiaye Gniby pour laquelle les d\u00e9put\u00e9s du PUR sont en garde \u00e0 vue, connait de nouveaux d\u00e9veloppements. Les parlementaires Massata Samb et Mamadou Niang seront d\u00e9f\u00e9r\u00e9s au parquet aujourd\u2019hui mercredi. De nouvelles charges leur ont \u00e9t\u00e9 notifi\u00e9es. En plus de \u00ab&nbsp;coups et blessures&nbsp;\u00bb ayant entrain\u00e9 une ITT de 23 jours, les deux d\u00e9put\u00e9s de Yewwi sont aussi vis\u00e9s pour \u00ab&nbsp;menaces de mort&nbsp;\u00bb. Lors de leurs auditions qui a dur\u00e9 trois tours d\u2019horloge, ils ont contest\u00e9 l\u2019enqu\u00eate de flagrance d\u00e9lit et ont demand\u00e9 la lev\u00e9e de leur immunit\u00e9 parlementaire avant tout acte judiciaire. Ils ont confi\u00e9 aux enqu\u00eateurs de la Dic que la proc\u00e9dure viole leurs pr\u00e9rogatives. Ils ont refus\u00e9 de se prononcer sur leur cachette et leur plainte contre Amy Ndiaye laissant le soin \u00e0 leurs avocats de r\u00e9pondre \u00e0 leurs places.","og_url":"https:\/\/www.public.sn\/index.php\/2022\/12\/14\/agression-de-amy-ndiaye-les-deputes-se-confessent-le-parquet-corsent-le-dossier\/","og_site_name":"LE PUBLIC","article_published_time":"2022-12-14T07:13:06+00:00","article_modified_time":"2022-12-14T09:52:39+00:00","og_image":[{"width":612,"height":298,"url":"https:\/\/www.public.sn\/wp-content\/uploads\/2022\/12\/deputes-PUR.jpg","type":"image\/jpeg"}],"author":"LA REDACTION","twitter_card":"summary_large_image","twitter_misc":{"\u00c9crit par":"LA REDACTION","Dur\u00e9e de lecture estim\u00e9e":"1 minute"},"schema":{"@context":"https:\/\/schema.org","@graph":[{"@type":"Article","@id":"https:\/\/www.public.sn\/index.php\/2022\/12\/14\/agression-de-amy-ndiaye-les-deputes-se-confessent-le-parquet-corsent-le-dossier\/#article","isPartOf":{"@id":"https:\/\/www.public.sn\/index.php\/2022\/12\/14\/agression-de-amy-ndiaye-les-deputes-se-confessent-le-parquet-corsent-le-dossier\/"},"author":{"name":"LA REDACTION","@id":"https:\/\/www.public.sn\/#\/schema\/person\/e3f4a11b037d4203902db148f9bc8d5a"},"headline":"Agression de Amy Ndiaye\u00a0: les d\u00e9put\u00e9s se confessent, le parquet corse le dossier","datePublished":"2022-12-14T07:13:06+00:00","dateModified":"2022-12-14T09:52:39+00:00","mainEntityOfPage":{"@id":"https:\/\/www.public.sn\/index.php\/2022\/12\/14\/agression-de-amy-ndiaye-les-deputes-se-confessent-le-parquet-corsent-le-dossier\/"},"wordCount":174,"commentCount":0,"publisher":{"@id":"https:\/\/www.public.sn\/#organization"},"image":{"@id":"https:\/\/www.public.sn\/index.php\/2022\/12\/14\/agression-de-amy-ndiaye-les-deputes-se-confessent-le-parquet-corsent-le-dossier\/#primaryimage"},"thumbnailUrl":"https:\/\/www.public.sn\/wp-content\/uploads\/2022\/12\/deputes-PUR.jpg","keywords":["Amy Ndiaye Gniby","DIC","massata samb"],"articleSection":["ACTUALIT\u00c9S","VEDETTE"],"inLanguage":"fr-FR","potentialAction":[{"@type":"CommentAction","name":"Comment","target":["https:\/\/www.public.sn\/index.php\/2022\/12\/14\/agression-de-amy-ndiaye-les-deputes-se-confessent-le-parquet-corsent-le-dossier\/#respond"]}]},{"@type":"WebPage","@id":"https:\/\/www.public.sn\/index.php\/2022\/12\/14\/agression-de-amy-ndiaye-les-deputes-se-confessent-le-parquet-corsent-le-dossier\/","url":"https:\/\/www.public.sn\/index.php\/2022\/12\/14\/agression-de-amy-ndiaye-les-deputes-se-confessent-le-parquet-corsent-le-dossier\/","name":"Agression de Amy Ndiaye\u00a0: les d\u00e9put\u00e9s se confessent, le parquet corse le dossier - LE PUBLIC","isPartOf":{"@id":"https:\/\/www.public.sn\/#website"},"primaryImageOfPage":{"@id":"https:\/\/www.public.sn\/index.php\/2022\/12\/14\/agression-de-amy-ndiaye-les-deputes-se-confessent-le-parquet-corsent-le-dossier\/#primaryimage"},"image":{"@id":"https:\/\/www.public.sn\/index.php\/2022\/12\/14\/agression-de-amy-ndiaye-les-deputes-se-confessent-le-parquet-corsent-le-dossier\/#primaryimage"},"thumbnailUrl":"https:\/\/www.public.sn\/wp-content\/uploads\/2022\/12\/deputes-PUR.jpg","datePublished":"2022-12-14T07:13:06+00:00","dateModified":"2022-12-14T09:52:39+00:00","breadcrumb":{"@id":"https:\/\/www.public.sn\/index.php\/2022\/12\/14\/agression-de-amy-ndiaye-les-deputes-se-confessent-le-parquet-corsent-le-dossier\/#breadcrumb"},"inLanguage":"fr-FR","potentialAction":[{"@type":"ReadAction","target":["https:\/\/www.public.sn\/index.php\/2022\/12\/14\/agression-de-amy-ndiaye-les-deputes-se-confessent-le-parquet-corsent-le-dossier\/"]}]},{"@type":"ImageObject","inLanguage":"fr-FR","@id":"https:\/\/www.public.sn\/index.php\/2022\/12\/14\/agression-de-amy-ndiaye-les-deputes-se-confessent-le-parquet-corsent-le-dossier\/#primaryimage","url":"https:\/\/www.public.sn\/wp-content\/uploads\/2022\/12\/deputes-PUR.jpg","contentUrl":"https:\/\/www.public.sn\/wp-content\/uploads\/2022\/12\/deputes-PUR.jpg","width":612,"height":298},{"@type":"BreadcrumbList","@id":"https:\/\/www.public.sn\/index.php\/2022\/12\/14\/agression-de-amy-ndiaye-les-deputes-se-confessent-le-parquet-corsent-le-dossier\/#breadcrumb","itemListElement":[{"@type":"ListItem","position":1,"name":"Accueil","item":"https:\/\/www.public.sn\/"},{"@type":"ListItem","position":2,"name":"Agression de Amy Ndiaye\u00a0: les d\u00e9put\u00e9s se confessent, le parquet corse le dossier"}]},{"@type":"WebSite","@id":"https:\/\/www.public.sn\/#website","url":"https:\/\/www.public.sn\/","name":"LE PUBLIC","description":"","publisher":{"@id":"https:\/\/www.public.sn\/#organization"},"potentialAction":[{"@type":"SearchAction","target":{"@type":"EntryPoint","urlTemplate":"https:\/\/www.public.sn\/?s={search_term_string}"},"query-input":{"@type":"PropertyValueSpecification","valueRequired":true,"valueName":"search_term_string"}}],"inLanguage":"fr-FR"},{"@type":"Organization","@id":"https:\/\/www.public.sn\/#organization","name":"LE PUBLIC","url":"https:\/\/www.public.sn\/","logo":{"@type":"ImageObject","inLanguage":"fr-FR","@id":"https:\/\/www.public.sn\/#\/schema\/logo\/image\/","url":"https:\/\/www.public.sn\/wp-content\/uploads\/2024\/05\/cropped-LOGO-PUBLIC.SN_.png","contentUrl":"https:\/\/www.public.sn\/wp-content\/uploads\/2024\/05\/cropped-LOGO-PUBLIC.SN_.png","width":682,"height":192,"caption":"LE PUBLIC"},"image":{"@id":"https:\/\/www.public.sn\/#\/schema\/logo\/image\/"}},{"@type":"Person","@id":"https:\/\/www.public.sn\/#\/schema\/person\/e3f4a11b037d4203902db148f9bc8d5a","name":"LA REDACTION","image":{"@type":"ImageObject","inLanguage":"fr-FR","@id":"https:\/\/www.public.sn\/#\/schema\/person\/image\/","url":"https:\/\/secure.gravatar.com\/avatar\/d6c030db45db2883c075085c5d6c6258654a801a93766b49af0b82d4f454e2a5?s=96&d=mm&r=g","contentUrl":"https:\/\/secure.gravatar.com\/avatar\/d6c030db45db2883c075085c5d6c6258654a801a93766b49af0b82d4f454e2a5?s=96&d=mm&r=g","caption":"LA REDACTION"},"sameAs":["http:\/\/www.public.sn"],"url":"https:\/\/www.public.sn\/index.php\/author\/admin7324\/"}]}},"jetpack_featured_media_url":"https:\/\/www.public.sn\/wp-content\/uploads\/2022\/12\/deputes-PUR.jpg","jetpack_sharing_enabled":true,"_links":{"self":[{"href":"https:\/\/www.public.sn\/index.php\/wp-json\/wp\/v2\/posts\/11595","targetHints":{"allow":["GET"]}}],"collection":[{"href":"https:\/\/www.public.sn\/index.php\/wp-json\/wp\/v2\/posts"}],"about":[{"href":"https:\/\/www.public.sn\/index.php\/wp-json\/wp\/v2\/types\/post"}],"author":[{"embeddable":true,"href":"https:\/\/www.public.sn\/index.php\/wp-json\/wp\/v2\/users\/1"}],"replies":[{"embeddable":true,"href":"https:\/\/www.public.sn\/index.php\/wp-json\/wp\/v2\/comments?post=11595"}],"version-history":[{"count":2,"href":"https:\/\/www.public.sn\/index.php\/wp-json\/wp\/v2\/posts\/11595\/revisions"}],"predecessor-version":[{"id":11613,"href":"https:\/\/www.public.sn\/index.php\/wp-json\/wp\/v2\/posts\/11595\/revisions\/11613"}],"wp:featuredmedia":[{"embeddable":true,"href":"https:\/\/www.public.sn\/index.php\/wp-json\/wp\/v2\/media\/11592"}],"wp:attachment":[{"href":"https:\/\/www.public.sn\/index.php\/wp-json\/wp\/v2\/media?parent=11595"}],"wp:term":[{"taxonomy":"category","embeddable":true,"href":"https:\/\/www.public.sn\/index.php\/wp-json\/wp\/v2\/categories?post=11595"},{"taxonomy":"post_tag","embeddable":true,"href":"https:\/\/www.public.sn\/index.php\/wp-json\/wp\/v2\/tags?post=11595"}],"curies":[{"name":"wp","href":"https:\/\/api.w.org\/{rel}","templated":true}]}}