{"id":1160,"date":"2022-09-02T16:43:37","date_gmt":"2022-09-02T14:43:37","guid":{"rendered":"https:\/\/www.public.sn\/?p=1160"},"modified":"2022-09-02T16:43:38","modified_gmt":"2022-09-02T14:43:38","slug":"me-doudou-ndoye-personne-ne-peut-faire-trois-03-mandats-consecutifs","status":"publish","type":"post","link":"https:\/\/www.public.sn\/index.php\/2022\/09\/02\/me-doudou-ndoye-personne-ne-peut-faire-trois-03-mandats-consecutifs\/","title":{"rendered":"Me Doudou Ndoye: \u201cPersonne ne peut faire trois (03) mandats cons\u00e9cutifs\u201d."},"content":{"rendered":"\n<p><strong>La r\u00e9plique du constitutionnaliste Me Doudou Ndoye n\u2019a pas tard\u00e9 apr\u00e8s la sortie de certains membres de la mouvance pr\u00e9sidentielle sur la candidature de Macky Sall en 2024. <\/strong>L\u2019ancien ministre de la Justice, sous le r\u00e9gime socialiste dit clairement que la constitution, quelle que soit la dur\u00e9e du mandat interdit de briguer 3 mandats cons\u00e9cutifs. \u201c<em>Constitution bi n\u00e9na boul t\u00e9gl\u00e9 gnathi mandat\u2026 En plus, Macky Sall l\u2019a clairement dit, il ne peut pas faire un 3e mandat\u201d,<\/em> a d\u00e9clar\u00e9 Me Ndoye.<\/p><div class=\"publi-paragraphe1\" style=\"margin-top: 10px;margin-bottom: 10px;margin-left: auto;margin-right: auto;text-align: center;\" id=\"publi-448582136\"><div class=\"publi-adlabel\">Publicit\u00e9<\/div><script async src=\"\/\/pagead2.googlesyndication.com\/pagead\/js\/adsbygoogle.js?client=ca-pub-4089586018074219\" crossorigin=\"anonymous\"><\/script><ins class=\"adsbygoogle\" style=\"display:block;\" data-ad-client=\"ca-pub-4089586018074219\" \ndata-ad-slot=\"2087940154\" \ndata-ad-format=\"auto\"><\/ins>\n<script> \n(adsbygoogle = window.adsbygoogle || []).push({}); \n<\/script>\n<\/div>\n\n\n\n<p>Selon lui, ces propos du pr\u00e9sident Macky Sall sur son mandat doivent \u00eatre consid\u00e9r\u00e9s par ceux qui parlent. Sinon ils ne parlent pas de droit, de la constitution. Ils parlent juste pour leurrer la population. Quand le pr\u00e9sident s\u2019exprime sur son propre Mandat, nous le fait voter par referendum, le d\u00e9finit contre lui, c\u2019est \u00e7a la grandeur d\u2019un homme d\u2019Etat. Sou done Mane l\u00e0, ma d\u00e9m sama yonne. Doumafi tok\u201d, ajoute t-il.<\/p>\n\n\n\n<p>L\u2019ancien ministre de la justice sous le r\u00e9gime socialiste conseille \u00e0 Macky Sall de ne pas s\u2019agripper au pourvoir puisque la vie ne se r\u00e9sume qu\u2019au pouvoir.<\/p>\n\n\n\n<p>Sur la d\u00e9finition du mandat, il pr\u00e9cise que contrairement au camp du pouvoir, un mandat de 5 ou 7 ans, c\u2019est la m\u00eame chose. C\u2019est un mandat.<\/p>\n\n\n\n<p>\u201cLa constitution, c\u2019est \u00e0 la fois la parole du pr\u00e9sident de la R\u00e9publique et les \u00e9crits. Personne ne peut dissocier les deux. La preuve, il a pr\u00eat\u00e9 serment de faire respecter la constitution et toutes les institutions de la R\u00e9publique. Mais ce qui donne la valeur \u00e0 tout cela, ce sont les hommes qui les incarnent leurs fonctionnements\u201c, poursuit l\u2019avocat. <\/p>\n\n\n\n<p>Selon, le conseil constitutionnel est seulement un organe de la constitution mais le dernier mot revient au peuple qui est souverain.<\/p>\n<div class=\"publi-apres-le-contenu\" style=\"margin-top: 10px;margin-bottom: 10px;margin-left: auto;margin-right: auto;text-align: center;\" id=\"publi-2845365572\"><div class=\"publi-adlabel\">Publicit\u00e9<\/div><script async src=\"\/\/pagead2.googlesyndication.com\/pagead\/js\/adsbygoogle.js?client=ca-pub-4089586018074219\" crossorigin=\"anonymous\"><\/script><ins class=\"adsbygoogle\" style=\"display:block;\" data-ad-client=\"ca-pub-4089586018074219\" \ndata-ad-slot=\"2087940154\" \ndata-ad-format=\"auto\"><\/ins>\n<script> \n(adsbygoogle = window.adsbygoogle || []).push({}); \n<\/script>\n<\/div>","protected":false},"excerpt":{"rendered":"<p>La r\u00e9plique du constitutionnaliste Me Doudou Ndoye n\u2019a pas tard\u00e9 apr\u00e8s la sortie de certains membres de la mouvance pr\u00e9sidentielle sur la candidature de Macky Sall en 2024. L\u2019ancien ministre de la Justice, sous le r\u00e9gime socialiste dit clairement que la constitution, quelle que soit la dur\u00e9e du mandat interdit de briguer 3 mandats cons\u00e9cutifs. \u201cConstitution bi n\u00e9na boul t\u00e9gl\u00e9 gnathi mandat\u2026 En plus, Macky Sall l\u2019a clairement dit, il ne peut pas faire un 3e mandat\u201d, a d\u00e9clar\u00e9 Me Ndoye. Selon lui, ces propos du pr\u00e9sident Macky Sall sur son mandat doivent \u00eatre consid\u00e9r\u00e9s par ceux qui parlent. Sinon ils ne parlent pas de droit, de la constitution. Ils parlent juste pour leurrer la population. Quand le pr\u00e9sident s\u2019exprime sur son propre Mandat, nous le fait voter par referendum, le d\u00e9finit contre lui, c\u2019est \u00e7a la grandeur d\u2019un homme d\u2019Etat. Sou done Mane l\u00e0, ma d\u00e9m sama yonne. Doumafi tok\u201d, ajoute t-il. L\u2019ancien ministre de la justice sous le r\u00e9gime socialiste conseille \u00e0 Macky Sall de ne pas s\u2019agripper au pourvoir puisque la vie ne se r\u00e9sume qu\u2019au pouvoir. Sur la d\u00e9finition du mandat, il pr\u00e9cise que contrairement au camp du pouvoir, un mandat de 5 ou 7 ans, c\u2019est la m\u00eame chose. C\u2019est un mandat. \u201cLa constitution, c\u2019est \u00e0 la fois la parole du pr\u00e9sident de la R\u00e9publique et les \u00e9crits. Personne ne peut dissocier les deux. La preuve, il a pr\u00eat\u00e9 serment de faire respecter la constitution et toutes les institutions de la R\u00e9publique. Mais ce qui donne la valeur \u00e0 tout cela, ce sont les hommes qui les incarnent leurs fonctionnements\u201c, poursuit l\u2019avocat. Selon, le conseil constitutionnel est seulement un organe de la constitution mais le dernier mot revient au peuple qui est souverain.<\/p>\n","protected":false},"author":1,"featured_media":1161,"comment_status":"open","ping_status":"open","sticky":false,"template":"","format":"standard","meta":{"_jetpack_memberships_contains_paid_content":false,"footnotes":""},"categories":[375,3],"tags":[295,455,459,11],"class_list":["post-1160","post","type-post","status-publish","format-standard","has-post-thumbnail","hentry","category-actualites","category-politique","tag-3eme-mandat","tag-conseil-constitutionnel","tag-droit","tag-macky-sall","entry","has-media","owp-thumbs-layout-horizontal","owp-btn-normal","owp-tabs-layout-horizontal","has-no-thumbnails","has-product-nav"],"yoast_head":"<!-- This site is optimized with the Yoast SEO plugin v25.5 - https:\/\/yoast.com\/wordpress\/plugins\/seo\/ -->\n<title>Me Doudou Ndoye: \u201cPersonne ne peut faire trois (03) mandats cons\u00e9cutifs\u201d. - LE PUBLIC<\/title>\n<meta name=\"robots\" content=\"index, follow, max-snippet:-1, max-image-preview:large, max-video-preview:-1\" \/>\n<link rel=\"canonical\" href=\"https:\/\/www.public.sn\/index.php\/2022\/09\/02\/me-doudou-ndoye-personne-ne-peut-faire-trois-03-mandats-consecutifs\/\" \/>\n<meta property=\"og:locale\" content=\"fr_FR\" \/>\n<meta property=\"og:type\" content=\"article\" \/>\n<meta property=\"og:title\" content=\"Me Doudou Ndoye: \u201cPersonne ne peut faire trois (03) mandats cons\u00e9cutifs\u201d. - LE PUBLIC\" \/>\n<meta property=\"og:description\" content=\"La r\u00e9plique du constitutionnaliste Me Doudou Ndoye n\u2019a pas tard\u00e9 apr\u00e8s la sortie de certains membres de la mouvance pr\u00e9sidentielle sur la candidature de Macky Sall en 2024. L\u2019ancien ministre de la Justice, sous le r\u00e9gime socialiste dit clairement que la constitution, quelle que soit la dur\u00e9e du mandat interdit de briguer 3 mandats cons\u00e9cutifs. \u201cConstitution bi n\u00e9na boul t\u00e9gl\u00e9 gnathi mandat\u2026 En plus, Macky Sall l\u2019a clairement dit, il ne peut pas faire un 3e mandat\u201d, a d\u00e9clar\u00e9 Me Ndoye. Selon lui, ces propos du pr\u00e9sident Macky Sall sur son mandat doivent \u00eatre consid\u00e9r\u00e9s par ceux qui parlent. Sinon ils ne parlent pas de droit, de la constitution. Ils parlent juste pour leurrer la population. Quand le pr\u00e9sident s\u2019exprime sur son propre Mandat, nous le fait voter par referendum, le d\u00e9finit contre lui, c\u2019est \u00e7a la grandeur d\u2019un homme d\u2019Etat. Sou done Mane l\u00e0, ma d\u00e9m sama yonne. Doumafi tok\u201d, ajoute t-il. L\u2019ancien ministre de la justice sous le r\u00e9gime socialiste conseille \u00e0 Macky Sall de ne pas s\u2019agripper au pourvoir puisque la vie ne se r\u00e9sume qu\u2019au pouvoir. Sur la d\u00e9finition du mandat, il pr\u00e9cise que contrairement au camp du pouvoir, un mandat de 5 ou 7 ans, c\u2019est la m\u00eame chose. C\u2019est un mandat. \u201cLa constitution, c\u2019est \u00e0 la fois la parole du pr\u00e9sident de la R\u00e9publique et les \u00e9crits. Personne ne peut dissocier les deux. La preuve, il a pr\u00eat\u00e9 serment de faire respecter la constitution et toutes les institutions de la R\u00e9publique. Mais ce qui donne la valeur \u00e0 tout cela, ce sont les hommes qui les incarnent leurs fonctionnements\u201c, poursuit l\u2019avocat. Selon, le conseil constitutionnel est seulement un organe de la constitution mais le dernier mot revient au peuple qui est souverain.\" \/>\n<meta property=\"og:url\" content=\"https:\/\/www.public.sn\/index.php\/2022\/09\/02\/me-doudou-ndoye-personne-ne-peut-faire-trois-03-mandats-consecutifs\/\" \/>\n<meta property=\"og:site_name\" content=\"LE PUBLIC\" \/>\n<meta property=\"article:published_time\" content=\"2022-09-02T14:43:37+00:00\" \/>\n<meta property=\"article:modified_time\" content=\"2022-09-02T14:43:38+00:00\" \/>\n<meta property=\"og:image\" content=\"https:\/\/www.public.sn\/wp-content\/uploads\/2022\/09\/BA51417E-B1DF-4F0C-994B-94E6B1728890.jpeg\" \/>\n\t<meta property=\"og:image:width\" content=\"612\" \/>\n\t<meta property=\"og:image:height\" content=\"298\" \/>\n\t<meta property=\"og:image:type\" content=\"image\/jpeg\" \/>\n<meta name=\"author\" content=\"LA REDACTION\" \/>\n<meta name=\"twitter:card\" content=\"summary_large_image\" \/>\n<meta name=\"twitter:label1\" content=\"\u00c9crit par\" \/>\n\t<meta name=\"twitter:data1\" content=\"LA REDACTION\" \/>\n\t<meta name=\"twitter:label2\" content=\"Dur\u00e9e de lecture estim\u00e9e\" \/>\n\t<meta name=\"twitter:data2\" content=\"2 minutes\" \/>\n<script type=\"application\/ld+json\" class=\"yoast-schema-graph\">{\"@context\":\"https:\/\/schema.org\",\"@graph\":[{\"@type\":\"Article\",\"@id\":\"https:\/\/www.public.sn\/index.php\/2022\/09\/02\/me-doudou-ndoye-personne-ne-peut-faire-trois-03-mandats-consecutifs\/#article\",\"isPartOf\":{\"@id\":\"https:\/\/www.public.sn\/index.php\/2022\/09\/02\/me-doudou-ndoye-personne-ne-peut-faire-trois-03-mandats-consecutifs\/\"},\"author\":{\"name\":\"LA REDACTION\",\"@id\":\"https:\/\/www.public.sn\/#\/schema\/person\/e3f4a11b037d4203902db148f9bc8d5a\"},\"headline\":\"Me Doudou Ndoye: \u201cPersonne ne peut faire trois (03) mandats cons\u00e9cutifs\u201d.\",\"datePublished\":\"2022-09-02T14:43:37+00:00\",\"dateModified\":\"2022-09-02T14:43:38+00:00\",\"mainEntityOfPage\":{\"@id\":\"https:\/\/www.public.sn\/index.php\/2022\/09\/02\/me-doudou-ndoye-personne-ne-peut-faire-trois-03-mandats-consecutifs\/\"},\"wordCount\":330,\"commentCount\":0,\"publisher\":{\"@id\":\"https:\/\/www.public.sn\/#organization\"},\"image\":{\"@id\":\"https:\/\/www.public.sn\/index.php\/2022\/09\/02\/me-doudou-ndoye-personne-ne-peut-faire-trois-03-mandats-consecutifs\/#primaryimage\"},\"thumbnailUrl\":\"https:\/\/www.public.sn\/wp-content\/uploads\/2022\/09\/BA51417E-B1DF-4F0C-994B-94E6B1728890.jpeg\",\"keywords\":[\"3\u00e8me mandat\",\"Conseil Constitutionnel\",\"Droit\",\"Macky Sall\"],\"articleSection\":[\"ACTUALIT\u00c9S\",\"POLITIQUE\"],\"inLanguage\":\"fr-FR\",\"potentialAction\":[{\"@type\":\"CommentAction\",\"name\":\"Comment\",\"target\":[\"https:\/\/www.public.sn\/index.php\/2022\/09\/02\/me-doudou-ndoye-personne-ne-peut-faire-trois-03-mandats-consecutifs\/#respond\"]}]},{\"@type\":\"WebPage\",\"@id\":\"https:\/\/www.public.sn\/index.php\/2022\/09\/02\/me-doudou-ndoye-personne-ne-peut-faire-trois-03-mandats-consecutifs\/\",\"url\":\"https:\/\/www.public.sn\/index.php\/2022\/09\/02\/me-doudou-ndoye-personne-ne-peut-faire-trois-03-mandats-consecutifs\/\",\"name\":\"Me Doudou Ndoye: \u201cPersonne ne peut faire trois (03) mandats cons\u00e9cutifs\u201d. - LE PUBLIC\",\"isPartOf\":{\"@id\":\"https:\/\/www.public.sn\/#website\"},\"primaryImageOfPage\":{\"@id\":\"https:\/\/www.public.sn\/index.php\/2022\/09\/02\/me-doudou-ndoye-personne-ne-peut-faire-trois-03-mandats-consecutifs\/#primaryimage\"},\"image\":{\"@id\":\"https:\/\/www.public.sn\/index.php\/2022\/09\/02\/me-doudou-ndoye-personne-ne-peut-faire-trois-03-mandats-consecutifs\/#primaryimage\"},\"thumbnailUrl\":\"https:\/\/www.public.sn\/wp-content\/uploads\/2022\/09\/BA51417E-B1DF-4F0C-994B-94E6B1728890.jpeg\",\"datePublished\":\"2022-09-02T14:43:37+00:00\",\"dateModified\":\"2022-09-02T14:43:38+00:00\",\"breadcrumb\":{\"@id\":\"https:\/\/www.public.sn\/index.php\/2022\/09\/02\/me-doudou-ndoye-personne-ne-peut-faire-trois-03-mandats-consecutifs\/#breadcrumb\"},\"inLanguage\":\"fr-FR\",\"potentialAction\":[{\"@type\":\"ReadAction\",\"target\":[\"https:\/\/www.public.sn\/index.php\/2022\/09\/02\/me-doudou-ndoye-personne-ne-peut-faire-trois-03-mandats-consecutifs\/\"]}]},{\"@type\":\"ImageObject\",\"inLanguage\":\"fr-FR\",\"@id\":\"https:\/\/www.public.sn\/index.php\/2022\/09\/02\/me-doudou-ndoye-personne-ne-peut-faire-trois-03-mandats-consecutifs\/#primaryimage\",\"url\":\"https:\/\/www.public.sn\/wp-content\/uploads\/2022\/09\/BA51417E-B1DF-4F0C-994B-94E6B1728890.jpeg\",\"contentUrl\":\"https:\/\/www.public.sn\/wp-content\/uploads\/2022\/09\/BA51417E-B1DF-4F0C-994B-94E6B1728890.jpeg\",\"width\":612,\"height\":298},{\"@type\":\"BreadcrumbList\",\"@id\":\"https:\/\/www.public.sn\/index.php\/2022\/09\/02\/me-doudou-ndoye-personne-ne-peut-faire-trois-03-mandats-consecutifs\/#breadcrumb\",\"itemListElement\":[{\"@type\":\"ListItem\",\"position\":1,\"name\":\"Accueil\",\"item\":\"https:\/\/www.public.sn\/\"},{\"@type\":\"ListItem\",\"position\":2,\"name\":\"Me Doudou Ndoye: \u201cPersonne ne peut faire trois (03) mandats cons\u00e9cutifs\u201d.\"}]},{\"@type\":\"WebSite\",\"@id\":\"https:\/\/www.public.sn\/#website\",\"url\":\"https:\/\/www.public.sn\/\",\"name\":\"LE PUBLIC\",\"description\":\"\",\"publisher\":{\"@id\":\"https:\/\/www.public.sn\/#organization\"},\"potentialAction\":[{\"@type\":\"SearchAction\",\"target\":{\"@type\":\"EntryPoint\",\"urlTemplate\":\"https:\/\/www.public.sn\/?s={search_term_string}\"},\"query-input\":{\"@type\":\"PropertyValueSpecification\",\"valueRequired\":true,\"valueName\":\"search_term_string\"}}],\"inLanguage\":\"fr-FR\"},{\"@type\":\"Organization\",\"@id\":\"https:\/\/www.public.sn\/#organization\",\"name\":\"LE PUBLIC\",\"url\":\"https:\/\/www.public.sn\/\",\"logo\":{\"@type\":\"ImageObject\",\"inLanguage\":\"fr-FR\",\"@id\":\"https:\/\/www.public.sn\/#\/schema\/logo\/image\/\",\"url\":\"https:\/\/www.public.sn\/wp-content\/uploads\/2024\/05\/cropped-LOGO-PUBLIC.SN_.png\",\"contentUrl\":\"https:\/\/www.public.sn\/wp-content\/uploads\/2024\/05\/cropped-LOGO-PUBLIC.SN_.png\",\"width\":682,\"height\":192,\"caption\":\"LE PUBLIC\"},\"image\":{\"@id\":\"https:\/\/www.public.sn\/#\/schema\/logo\/image\/\"}},{\"@type\":\"Person\",\"@id\":\"https:\/\/www.public.sn\/#\/schema\/person\/e3f4a11b037d4203902db148f9bc8d5a\",\"name\":\"LA REDACTION\",\"image\":{\"@type\":\"ImageObject\",\"inLanguage\":\"fr-FR\",\"@id\":\"https:\/\/www.public.sn\/#\/schema\/person\/image\/\",\"url\":\"https:\/\/secure.gravatar.com\/avatar\/d6c030db45db2883c075085c5d6c6258654a801a93766b49af0b82d4f454e2a5?s=96&d=mm&r=g\",\"contentUrl\":\"https:\/\/secure.gravatar.com\/avatar\/d6c030db45db2883c075085c5d6c6258654a801a93766b49af0b82d4f454e2a5?s=96&d=mm&r=g\",\"caption\":\"LA REDACTION\"},\"sameAs\":[\"http:\/\/www.public.sn\"],\"url\":\"https:\/\/www.public.sn\/index.php\/author\/admin7324\/\"}]}<\/script>\n<!-- \/ Yoast SEO plugin. -->","yoast_head_json":{"title":"Me Doudou Ndoye: \u201cPersonne ne peut faire trois (03) mandats cons\u00e9cutifs\u201d. - LE PUBLIC","robots":{"index":"index","follow":"follow","max-snippet":"max-snippet:-1","max-image-preview":"max-image-preview:large","max-video-preview":"max-video-preview:-1"},"canonical":"https:\/\/www.public.sn\/index.php\/2022\/09\/02\/me-doudou-ndoye-personne-ne-peut-faire-trois-03-mandats-consecutifs\/","og_locale":"fr_FR","og_type":"article","og_title":"Me Doudou Ndoye: \u201cPersonne ne peut faire trois (03) mandats cons\u00e9cutifs\u201d. - LE PUBLIC","og_description":"La r\u00e9plique du constitutionnaliste Me Doudou Ndoye n\u2019a pas tard\u00e9 apr\u00e8s la sortie de certains membres de la mouvance pr\u00e9sidentielle sur la candidature de Macky Sall en 2024. L\u2019ancien ministre de la Justice, sous le r\u00e9gime socialiste dit clairement que la constitution, quelle que soit la dur\u00e9e du mandat interdit de briguer 3 mandats cons\u00e9cutifs. \u201cConstitution bi n\u00e9na boul t\u00e9gl\u00e9 gnathi mandat\u2026 En plus, Macky Sall l\u2019a clairement dit, il ne peut pas faire un 3e mandat\u201d, a d\u00e9clar\u00e9 Me Ndoye. Selon lui, ces propos du pr\u00e9sident Macky Sall sur son mandat doivent \u00eatre consid\u00e9r\u00e9s par ceux qui parlent. Sinon ils ne parlent pas de droit, de la constitution. Ils parlent juste pour leurrer la population. Quand le pr\u00e9sident s\u2019exprime sur son propre Mandat, nous le fait voter par referendum, le d\u00e9finit contre lui, c\u2019est \u00e7a la grandeur d\u2019un homme d\u2019Etat. Sou done Mane l\u00e0, ma d\u00e9m sama yonne. Doumafi tok\u201d, ajoute t-il. L\u2019ancien ministre de la justice sous le r\u00e9gime socialiste conseille \u00e0 Macky Sall de ne pas s\u2019agripper au pourvoir puisque la vie ne se r\u00e9sume qu\u2019au pouvoir. Sur la d\u00e9finition du mandat, il pr\u00e9cise que contrairement au camp du pouvoir, un mandat de 5 ou 7 ans, c\u2019est la m\u00eame chose. C\u2019est un mandat. \u201cLa constitution, c\u2019est \u00e0 la fois la parole du pr\u00e9sident de la R\u00e9publique et les \u00e9crits. Personne ne peut dissocier les deux. La preuve, il a pr\u00eat\u00e9 serment de faire respecter la constitution et toutes les institutions de la R\u00e9publique. Mais ce qui donne la valeur \u00e0 tout cela, ce sont les hommes qui les incarnent leurs fonctionnements\u201c, poursuit l\u2019avocat. Selon, le conseil constitutionnel est seulement un organe de la constitution mais le dernier mot revient au peuple qui est souverain.","og_url":"https:\/\/www.public.sn\/index.php\/2022\/09\/02\/me-doudou-ndoye-personne-ne-peut-faire-trois-03-mandats-consecutifs\/","og_site_name":"LE PUBLIC","article_published_time":"2022-09-02T14:43:37+00:00","article_modified_time":"2022-09-02T14:43:38+00:00","og_image":[{"width":612,"height":298,"url":"https:\/\/www.public.sn\/wp-content\/uploads\/2022\/09\/BA51417E-B1DF-4F0C-994B-94E6B1728890.jpeg","type":"image\/jpeg"}],"author":"LA REDACTION","twitter_card":"summary_large_image","twitter_misc":{"\u00c9crit par":"LA REDACTION","Dur\u00e9e de lecture estim\u00e9e":"2 minutes"},"schema":{"@context":"https:\/\/schema.org","@graph":[{"@type":"Article","@id":"https:\/\/www.public.sn\/index.php\/2022\/09\/02\/me-doudou-ndoye-personne-ne-peut-faire-trois-03-mandats-consecutifs\/#article","isPartOf":{"@id":"https:\/\/www.public.sn\/index.php\/2022\/09\/02\/me-doudou-ndoye-personne-ne-peut-faire-trois-03-mandats-consecutifs\/"},"author":{"name":"LA REDACTION","@id":"https:\/\/www.public.sn\/#\/schema\/person\/e3f4a11b037d4203902db148f9bc8d5a"},"headline":"Me Doudou Ndoye: \u201cPersonne ne peut faire trois (03) mandats cons\u00e9cutifs\u201d.","datePublished":"2022-09-02T14:43:37+00:00","dateModified":"2022-09-02T14:43:38+00:00","mainEntityOfPage":{"@id":"https:\/\/www.public.sn\/index.php\/2022\/09\/02\/me-doudou-ndoye-personne-ne-peut-faire-trois-03-mandats-consecutifs\/"},"wordCount":330,"commentCount":0,"publisher":{"@id":"https:\/\/www.public.sn\/#organization"},"image":{"@id":"https:\/\/www.public.sn\/index.php\/2022\/09\/02\/me-doudou-ndoye-personne-ne-peut-faire-trois-03-mandats-consecutifs\/#primaryimage"},"thumbnailUrl":"https:\/\/www.public.sn\/wp-content\/uploads\/2022\/09\/BA51417E-B1DF-4F0C-994B-94E6B1728890.jpeg","keywords":["3\u00e8me mandat","Conseil Constitutionnel","Droit","Macky Sall"],"articleSection":["ACTUALIT\u00c9S","POLITIQUE"],"inLanguage":"fr-FR","potentialAction":[{"@type":"CommentAction","name":"Comment","target":["https:\/\/www.public.sn\/index.php\/2022\/09\/02\/me-doudou-ndoye-personne-ne-peut-faire-trois-03-mandats-consecutifs\/#respond"]}]},{"@type":"WebPage","@id":"https:\/\/www.public.sn\/index.php\/2022\/09\/02\/me-doudou-ndoye-personne-ne-peut-faire-trois-03-mandats-consecutifs\/","url":"https:\/\/www.public.sn\/index.php\/2022\/09\/02\/me-doudou-ndoye-personne-ne-peut-faire-trois-03-mandats-consecutifs\/","name":"Me Doudou Ndoye: \u201cPersonne ne peut faire trois (03) mandats cons\u00e9cutifs\u201d. - LE PUBLIC","isPartOf":{"@id":"https:\/\/www.public.sn\/#website"},"primaryImageOfPage":{"@id":"https:\/\/www.public.sn\/index.php\/2022\/09\/02\/me-doudou-ndoye-personne-ne-peut-faire-trois-03-mandats-consecutifs\/#primaryimage"},"image":{"@id":"https:\/\/www.public.sn\/index.php\/2022\/09\/02\/me-doudou-ndoye-personne-ne-peut-faire-trois-03-mandats-consecutifs\/#primaryimage"},"thumbnailUrl":"https:\/\/www.public.sn\/wp-content\/uploads\/2022\/09\/BA51417E-B1DF-4F0C-994B-94E6B1728890.jpeg","datePublished":"2022-09-02T14:43:37+00:00","dateModified":"2022-09-02T14:43:38+00:00","breadcrumb":{"@id":"https:\/\/www.public.sn\/index.php\/2022\/09\/02\/me-doudou-ndoye-personne-ne-peut-faire-trois-03-mandats-consecutifs\/#breadcrumb"},"inLanguage":"fr-FR","potentialAction":[{"@type":"ReadAction","target":["https:\/\/www.public.sn\/index.php\/2022\/09\/02\/me-doudou-ndoye-personne-ne-peut-faire-trois-03-mandats-consecutifs\/"]}]},{"@type":"ImageObject","inLanguage":"fr-FR","@id":"https:\/\/www.public.sn\/index.php\/2022\/09\/02\/me-doudou-ndoye-personne-ne-peut-faire-trois-03-mandats-consecutifs\/#primaryimage","url":"https:\/\/www.public.sn\/wp-content\/uploads\/2022\/09\/BA51417E-B1DF-4F0C-994B-94E6B1728890.jpeg","contentUrl":"https:\/\/www.public.sn\/wp-content\/uploads\/2022\/09\/BA51417E-B1DF-4F0C-994B-94E6B1728890.jpeg","width":612,"height":298},{"@type":"BreadcrumbList","@id":"https:\/\/www.public.sn\/index.php\/2022\/09\/02\/me-doudou-ndoye-personne-ne-peut-faire-trois-03-mandats-consecutifs\/#breadcrumb","itemListElement":[{"@type":"ListItem","position":1,"name":"Accueil","item":"https:\/\/www.public.sn\/"},{"@type":"ListItem","position":2,"name":"Me Doudou Ndoye: \u201cPersonne ne peut faire trois (03) mandats cons\u00e9cutifs\u201d."}]},{"@type":"WebSite","@id":"https:\/\/www.public.sn\/#website","url":"https:\/\/www.public.sn\/","name":"LE PUBLIC","description":"","publisher":{"@id":"https:\/\/www.public.sn\/#organization"},"potentialAction":[{"@type":"SearchAction","target":{"@type":"EntryPoint","urlTemplate":"https:\/\/www.public.sn\/?s={search_term_string}"},"query-input":{"@type":"PropertyValueSpecification","valueRequired":true,"valueName":"search_term_string"}}],"inLanguage":"fr-FR"},{"@type":"Organization","@id":"https:\/\/www.public.sn\/#organization","name":"LE PUBLIC","url":"https:\/\/www.public.sn\/","logo":{"@type":"ImageObject","inLanguage":"fr-FR","@id":"https:\/\/www.public.sn\/#\/schema\/logo\/image\/","url":"https:\/\/www.public.sn\/wp-content\/uploads\/2024\/05\/cropped-LOGO-PUBLIC.SN_.png","contentUrl":"https:\/\/www.public.sn\/wp-content\/uploads\/2024\/05\/cropped-LOGO-PUBLIC.SN_.png","width":682,"height":192,"caption":"LE PUBLIC"},"image":{"@id":"https:\/\/www.public.sn\/#\/schema\/logo\/image\/"}},{"@type":"Person","@id":"https:\/\/www.public.sn\/#\/schema\/person\/e3f4a11b037d4203902db148f9bc8d5a","name":"LA REDACTION","image":{"@type":"ImageObject","inLanguage":"fr-FR","@id":"https:\/\/www.public.sn\/#\/schema\/person\/image\/","url":"https:\/\/secure.gravatar.com\/avatar\/d6c030db45db2883c075085c5d6c6258654a801a93766b49af0b82d4f454e2a5?s=96&d=mm&r=g","contentUrl":"https:\/\/secure.gravatar.com\/avatar\/d6c030db45db2883c075085c5d6c6258654a801a93766b49af0b82d4f454e2a5?s=96&d=mm&r=g","caption":"LA REDACTION"},"sameAs":["http:\/\/www.public.sn"],"url":"https:\/\/www.public.sn\/index.php\/author\/admin7324\/"}]}},"jetpack_featured_media_url":"https:\/\/www.public.sn\/wp-content\/uploads\/2022\/09\/BA51417E-B1DF-4F0C-994B-94E6B1728890.jpeg","jetpack_sharing_enabled":true,"_links":{"self":[{"href":"https:\/\/www.public.sn\/index.php\/wp-json\/wp\/v2\/posts\/1160","targetHints":{"allow":["GET"]}}],"collection":[{"href":"https:\/\/www.public.sn\/index.php\/wp-json\/wp\/v2\/posts"}],"about":[{"href":"https:\/\/www.public.sn\/index.php\/wp-json\/wp\/v2\/types\/post"}],"author":[{"embeddable":true,"href":"https:\/\/www.public.sn\/index.php\/wp-json\/wp\/v2\/users\/1"}],"replies":[{"embeddable":true,"href":"https:\/\/www.public.sn\/index.php\/wp-json\/wp\/v2\/comments?post=1160"}],"version-history":[{"count":1,"href":"https:\/\/www.public.sn\/index.php\/wp-json\/wp\/v2\/posts\/1160\/revisions"}],"predecessor-version":[{"id":1162,"href":"https:\/\/www.public.sn\/index.php\/wp-json\/wp\/v2\/posts\/1160\/revisions\/1162"}],"wp:featuredmedia":[{"embeddable":true,"href":"https:\/\/www.public.sn\/index.php\/wp-json\/wp\/v2\/media\/1161"}],"wp:attachment":[{"href":"https:\/\/www.public.sn\/index.php\/wp-json\/wp\/v2\/media?parent=1160"}],"wp:term":[{"taxonomy":"category","embeddable":true,"href":"https:\/\/www.public.sn\/index.php\/wp-json\/wp\/v2\/categories?post=1160"},{"taxonomy":"post_tag","embeddable":true,"href":"https:\/\/www.public.sn\/index.php\/wp-json\/wp\/v2\/tags?post=1160"}],"curies":[{"name":"wp","href":"https:\/\/api.w.org\/{rel}","templated":true}]}}