{"id":11633,"date":"2022-12-14T11:40:51","date_gmt":"2022-12-14T11:40:51","guid":{"rendered":"https:\/\/www.public.sn\/?p=11633"},"modified":"2022-12-14T11:40:53","modified_gmt":"2022-12-14T11:40:53","slug":"les-deputes-de-yewwi-convoquent-amadou-ba-a-lassemblee-ce-jeudi","status":"publish","type":"post","link":"https:\/\/www.public.sn\/index.php\/2022\/12\/14\/les-deputes-de-yewwi-convoquent-amadou-ba-a-lassemblee-ce-jeudi\/","title":{"rendered":"Les d\u00e9put\u00e9s de Yewwi convoquent Amadou B\u00e2 \u00e0 l\u2019Assembl\u00e9e, ce jeudi"},"content":{"rendered":"\n<p>C\u2019est d\u00e9sormais officiel ! Le Premier ministre fera de nouveau face aux d\u00e9put\u00e9s, ce jeudi 15 d\u00e9cembre, \u00e0 10 h. Et pour cause ! Le groupe parlementaire Yewwi Askan Wi a d\u00e9pos\u00e9 une motion de censure, face au refus d\u2019Amadou Ba de poser la question de confiance.&nbsp;<\/p><div class=\"publi-paragraphe1\" style=\"margin-top: 10px;margin-bottom: 10px;margin-left: auto;margin-right: auto;text-align: center;\" id=\"publi-1289754701\"><div class=\"publi-adlabel\">Publicit\u00e9<\/div><script async src=\"\/\/pagead2.googlesyndication.com\/pagead\/js\/adsbygoogle.js?client=ca-pub-4089586018074219\" crossorigin=\"anonymous\"><\/script><ins class=\"adsbygoogle\" style=\"display:block;\" data-ad-client=\"ca-pub-4089586018074219\" \ndata-ad-slot=\"2087940154\" \ndata-ad-format=\"auto\"><\/ins>\n<script> \n(adsbygoogle = window.adsbygoogle || []).push({}); \n<\/script>\n<\/div>\n\n\n\n<p>Ce mardi, au lendemain de la D\u00e9claration de politique g\u00e9n\u00e9rale, le bureau de l\u2019Assembl\u00e9e nationale s\u2019est r\u00e9uni pour statuer sur la motion de censure d\u00e9pos\u00e9e par l\u2019opposition et a statu\u00e9 favorablement sur sa recevabilit\u00e9.&nbsp;<\/p>\n\n\n\n<p>Amath SARR<\/p>\n<div class=\"publi-apres-le-contenu\" style=\"margin-top: 10px;margin-bottom: 10px;margin-left: auto;margin-right: auto;text-align: center;\" id=\"publi-1679273579\"><div class=\"publi-adlabel\">Publicit\u00e9<\/div><script async src=\"\/\/pagead2.googlesyndication.com\/pagead\/js\/adsbygoogle.js?client=ca-pub-4089586018074219\" crossorigin=\"anonymous\"><\/script><ins class=\"adsbygoogle\" style=\"display:block;\" data-ad-client=\"ca-pub-4089586018074219\" \ndata-ad-slot=\"2087940154\" \ndata-ad-format=\"auto\"><\/ins>\n<script> \n(adsbygoogle = window.adsbygoogle || []).push({}); \n<\/script>\n<\/div>","protected":false},"excerpt":{"rendered":"<p>C\u2019est d\u00e9sormais officiel ! Le Premier ministre fera de nouveau face aux d\u00e9put\u00e9s, ce jeudi 15 d\u00e9cembre, \u00e0 10 h. Et pour cause ! Le groupe parlementaire Yewwi Askan Wi a d\u00e9pos\u00e9 une motion de censure, face au refus d\u2019Amadou Ba de poser la question de confiance.&nbsp; Ce mardi, au lendemain de la D\u00e9claration de politique g\u00e9n\u00e9rale, le bureau de l\u2019Assembl\u00e9e nationale s\u2019est r\u00e9uni pour statuer sur la motion de censure d\u00e9pos\u00e9e par l\u2019opposition et a statu\u00e9 favorablement sur sa recevabilit\u00e9.&nbsp; Amath SARR<\/p>\n","protected":false},"author":7,"featured_media":11524,"comment_status":"open","ping_status":"open","sticky":false,"template":"","format":"standard","meta":{"_jetpack_memberships_contains_paid_content":false,"footnotes":""},"categories":[375,3,1,372],"tags":[3766,3793,3271],"class_list":["post-11633","post","type-post","status-publish","format-standard","has-post-thumbnail","hentry","category-actualites","category-politique","category-non-classe","category-vedette","tag-amadou-ba-2","tag-motion-de-censure-2","tag-yewwi-askan-wi","entry","has-media","owp-thumbs-layout-horizontal","owp-btn-normal","owp-tabs-layout-horizontal","has-no-thumbnails","has-product-nav"],"yoast_head":"<!-- This site is optimized with the Yoast SEO plugin v25.5 - https:\/\/yoast.com\/wordpress\/plugins\/seo\/ -->\n<title>Les d\u00e9put\u00e9s de Yewwi convoquent Amadou B\u00e2 \u00e0 l\u2019Assembl\u00e9e, ce jeudi - LE PUBLIC<\/title>\n<meta name=\"robots\" content=\"index, follow, max-snippet:-1, max-image-preview:large, max-video-preview:-1\" \/>\n<link rel=\"canonical\" href=\"https:\/\/www.public.sn\/index.php\/2022\/12\/14\/les-deputes-de-yewwi-convoquent-amadou-ba-a-lassemblee-ce-jeudi\/\" \/>\n<meta property=\"og:locale\" content=\"fr_FR\" \/>\n<meta property=\"og:type\" content=\"article\" \/>\n<meta property=\"og:title\" content=\"Les d\u00e9put\u00e9s de Yewwi convoquent Amadou B\u00e2 \u00e0 l\u2019Assembl\u00e9e, ce jeudi - LE PUBLIC\" \/>\n<meta property=\"og:description\" content=\"C\u2019est d\u00e9sormais officiel ! Le Premier ministre fera de nouveau face aux d\u00e9put\u00e9s, ce jeudi 15 d\u00e9cembre, \u00e0 10 h. Et pour cause ! Le groupe parlementaire Yewwi Askan Wi a d\u00e9pos\u00e9 une motion de censure, face au refus d\u2019Amadou Ba de poser la question de confiance.&nbsp; Ce mardi, au lendemain de la D\u00e9claration de politique g\u00e9n\u00e9rale, le bureau de l\u2019Assembl\u00e9e nationale s\u2019est r\u00e9uni pour statuer sur la motion de censure d\u00e9pos\u00e9e par l\u2019opposition et a statu\u00e9 favorablement sur sa recevabilit\u00e9.&nbsp; Amath SARR\" \/>\n<meta property=\"og:url\" content=\"https:\/\/www.public.sn\/index.php\/2022\/12\/14\/les-deputes-de-yewwi-convoquent-amadou-ba-a-lassemblee-ce-jeudi\/\" \/>\n<meta property=\"og:site_name\" content=\"LE PUBLIC\" \/>\n<meta property=\"article:published_time\" content=\"2022-12-14T11:40:51+00:00\" \/>\n<meta property=\"article:modified_time\" content=\"2022-12-14T11:40:53+00:00\" \/>\n<meta property=\"og:image\" content=\"https:\/\/www.public.sn\/wp-content\/uploads\/2022\/12\/Amadou-Ba-Premier-Ministre.jpg\" \/>\n\t<meta property=\"og:image:width\" content=\"800\" \/>\n\t<meta property=\"og:image:height\" content=\"484\" \/>\n\t<meta property=\"og:image:type\" content=\"image\/jpeg\" \/>\n<meta name=\"author\" content=\"LA REDACTION\" \/>\n<meta name=\"twitter:card\" content=\"summary_large_image\" \/>\n<meta name=\"twitter:label1\" content=\"\u00c9crit par\" \/>\n\t<meta name=\"twitter:data1\" content=\"LA REDACTION\" \/>\n\t<meta name=\"twitter:label2\" content=\"Dur\u00e9e de lecture estim\u00e9e\" \/>\n\t<meta name=\"twitter:data2\" content=\"1 minute\" \/>\n<script type=\"application\/ld+json\" class=\"yoast-schema-graph\">{\"@context\":\"https:\/\/schema.org\",\"@graph\":[{\"@type\":\"Article\",\"@id\":\"https:\/\/www.public.sn\/index.php\/2022\/12\/14\/les-deputes-de-yewwi-convoquent-amadou-ba-a-lassemblee-ce-jeudi\/#article\",\"isPartOf\":{\"@id\":\"https:\/\/www.public.sn\/index.php\/2022\/12\/14\/les-deputes-de-yewwi-convoquent-amadou-ba-a-lassemblee-ce-jeudi\/\"},\"author\":{\"name\":\"LA REDACTION\",\"@id\":\"https:\/\/www.public.sn\/#\/schema\/person\/cb76c8e1b8becc6be61fb5e92d6d0224\"},\"headline\":\"Les d\u00e9put\u00e9s de Yewwi convoquent Amadou B\u00e2 \u00e0 l\u2019Assembl\u00e9e, ce jeudi\",\"datePublished\":\"2022-12-14T11:40:51+00:00\",\"dateModified\":\"2022-12-14T11:40:53+00:00\",\"mainEntityOfPage\":{\"@id\":\"https:\/\/www.public.sn\/index.php\/2022\/12\/14\/les-deputes-de-yewwi-convoquent-amadou-ba-a-lassemblee-ce-jeudi\/\"},\"wordCount\":111,\"commentCount\":0,\"publisher\":{\"@id\":\"https:\/\/www.public.sn\/#organization\"},\"image\":{\"@id\":\"https:\/\/www.public.sn\/index.php\/2022\/12\/14\/les-deputes-de-yewwi-convoquent-amadou-ba-a-lassemblee-ce-jeudi\/#primaryimage\"},\"thumbnailUrl\":\"https:\/\/www.public.sn\/wp-content\/uploads\/2022\/12\/Amadou-Ba-Premier-Ministre.jpg\",\"keywords\":[\"Amadou B\u00e2;\",\"Motion de censure;\",\"yewwi askan wi\"],\"articleSection\":[\"ACTUALIT\u00c9S\",\"POLITIQUE\",\"S\u00c9N\u00c9GAL\",\"VEDETTE\"],\"inLanguage\":\"fr-FR\",\"potentialAction\":[{\"@type\":\"CommentAction\",\"name\":\"Comment\",\"target\":[\"https:\/\/www.public.sn\/index.php\/2022\/12\/14\/les-deputes-de-yewwi-convoquent-amadou-ba-a-lassemblee-ce-jeudi\/#respond\"]}]},{\"@type\":\"WebPage\",\"@id\":\"https:\/\/www.public.sn\/index.php\/2022\/12\/14\/les-deputes-de-yewwi-convoquent-amadou-ba-a-lassemblee-ce-jeudi\/\",\"url\":\"https:\/\/www.public.sn\/index.php\/2022\/12\/14\/les-deputes-de-yewwi-convoquent-amadou-ba-a-lassemblee-ce-jeudi\/\",\"name\":\"Les d\u00e9put\u00e9s de Yewwi convoquent Amadou B\u00e2 \u00e0 l\u2019Assembl\u00e9e, ce jeudi - LE PUBLIC\",\"isPartOf\":{\"@id\":\"https:\/\/www.public.sn\/#website\"},\"primaryImageOfPage\":{\"@id\":\"https:\/\/www.public.sn\/index.php\/2022\/12\/14\/les-deputes-de-yewwi-convoquent-amadou-ba-a-lassemblee-ce-jeudi\/#primaryimage\"},\"image\":{\"@id\":\"https:\/\/www.public.sn\/index.php\/2022\/12\/14\/les-deputes-de-yewwi-convoquent-amadou-ba-a-lassemblee-ce-jeudi\/#primaryimage\"},\"thumbnailUrl\":\"https:\/\/www.public.sn\/wp-content\/uploads\/2022\/12\/Amadou-Ba-Premier-Ministre.jpg\",\"datePublished\":\"2022-12-14T11:40:51+00:00\",\"dateModified\":\"2022-12-14T11:40:53+00:00\",\"breadcrumb\":{\"@id\":\"https:\/\/www.public.sn\/index.php\/2022\/12\/14\/les-deputes-de-yewwi-convoquent-amadou-ba-a-lassemblee-ce-jeudi\/#breadcrumb\"},\"inLanguage\":\"fr-FR\",\"potentialAction\":[{\"@type\":\"ReadAction\",\"target\":[\"https:\/\/www.public.sn\/index.php\/2022\/12\/14\/les-deputes-de-yewwi-convoquent-amadou-ba-a-lassemblee-ce-jeudi\/\"]}]},{\"@type\":\"ImageObject\",\"inLanguage\":\"fr-FR\",\"@id\":\"https:\/\/www.public.sn\/index.php\/2022\/12\/14\/les-deputes-de-yewwi-convoquent-amadou-ba-a-lassemblee-ce-jeudi\/#primaryimage\",\"url\":\"https:\/\/www.public.sn\/wp-content\/uploads\/2022\/12\/Amadou-Ba-Premier-Ministre.jpg\",\"contentUrl\":\"https:\/\/www.public.sn\/wp-content\/uploads\/2022\/12\/Amadou-Ba-Premier-Ministre.jpg\",\"width\":800,\"height\":484},{\"@type\":\"BreadcrumbList\",\"@id\":\"https:\/\/www.public.sn\/index.php\/2022\/12\/14\/les-deputes-de-yewwi-convoquent-amadou-ba-a-lassemblee-ce-jeudi\/#breadcrumb\",\"itemListElement\":[{\"@type\":\"ListItem\",\"position\":1,\"name\":\"Accueil\",\"item\":\"https:\/\/www.public.sn\/\"},{\"@type\":\"ListItem\",\"position\":2,\"name\":\"Les d\u00e9put\u00e9s de Yewwi convoquent Amadou B\u00e2 \u00e0 l\u2019Assembl\u00e9e, ce jeudi\"}]},{\"@type\":\"WebSite\",\"@id\":\"https:\/\/www.public.sn\/#website\",\"url\":\"https:\/\/www.public.sn\/\",\"name\":\"LE PUBLIC\",\"description\":\"\",\"publisher\":{\"@id\":\"https:\/\/www.public.sn\/#organization\"},\"potentialAction\":[{\"@type\":\"SearchAction\",\"target\":{\"@type\":\"EntryPoint\",\"urlTemplate\":\"https:\/\/www.public.sn\/?s={search_term_string}\"},\"query-input\":{\"@type\":\"PropertyValueSpecification\",\"valueRequired\":true,\"valueName\":\"search_term_string\"}}],\"inLanguage\":\"fr-FR\"},{\"@type\":\"Organization\",\"@id\":\"https:\/\/www.public.sn\/#organization\",\"name\":\"LE PUBLIC\",\"url\":\"https:\/\/www.public.sn\/\",\"logo\":{\"@type\":\"ImageObject\",\"inLanguage\":\"fr-FR\",\"@id\":\"https:\/\/www.public.sn\/#\/schema\/logo\/image\/\",\"url\":\"https:\/\/www.public.sn\/wp-content\/uploads\/2024\/05\/cropped-LOGO-PUBLIC.SN_.png\",\"contentUrl\":\"https:\/\/www.public.sn\/wp-content\/uploads\/2024\/05\/cropped-LOGO-PUBLIC.SN_.png\",\"width\":682,\"height\":192,\"caption\":\"LE PUBLIC\"},\"image\":{\"@id\":\"https:\/\/www.public.sn\/#\/schema\/logo\/image\/\"}},{\"@type\":\"Person\",\"@id\":\"https:\/\/www.public.sn\/#\/schema\/person\/cb76c8e1b8becc6be61fb5e92d6d0224\",\"name\":\"LA REDACTION\",\"image\":{\"@type\":\"ImageObject\",\"inLanguage\":\"fr-FR\",\"@id\":\"https:\/\/www.public.sn\/#\/schema\/person\/image\/\",\"url\":\"https:\/\/secure.gravatar.com\/avatar\/2dce5ddd34b8fef0180efe03aa2a9bee7d953856048f9a16b298190a3178407c?s=96&d=mm&r=g\",\"contentUrl\":\"https:\/\/secure.gravatar.com\/avatar\/2dce5ddd34b8fef0180efe03aa2a9bee7d953856048f9a16b298190a3178407c?s=96&d=mm&r=g\",\"caption\":\"LA REDACTION\"},\"url\":\"https:\/\/www.public.sn\/index.php\/author\/editeurpsn\/\"}]}<\/script>\n<!-- \/ Yoast SEO plugin. -->","yoast_head_json":{"title":"Les d\u00e9put\u00e9s de Yewwi convoquent Amadou B\u00e2 \u00e0 l\u2019Assembl\u00e9e, ce jeudi - LE PUBLIC","robots":{"index":"index","follow":"follow","max-snippet":"max-snippet:-1","max-image-preview":"max-image-preview:large","max-video-preview":"max-video-preview:-1"},"canonical":"https:\/\/www.public.sn\/index.php\/2022\/12\/14\/les-deputes-de-yewwi-convoquent-amadou-ba-a-lassemblee-ce-jeudi\/","og_locale":"fr_FR","og_type":"article","og_title":"Les d\u00e9put\u00e9s de Yewwi convoquent Amadou B\u00e2 \u00e0 l\u2019Assembl\u00e9e, ce jeudi - LE PUBLIC","og_description":"C\u2019est d\u00e9sormais officiel ! Le Premier ministre fera de nouveau face aux d\u00e9put\u00e9s, ce jeudi 15 d\u00e9cembre, \u00e0 10 h. Et pour cause ! Le groupe parlementaire Yewwi Askan Wi a d\u00e9pos\u00e9 une motion de censure, face au refus d\u2019Amadou Ba de poser la question de confiance.&nbsp; Ce mardi, au lendemain de la D\u00e9claration de politique g\u00e9n\u00e9rale, le bureau de l\u2019Assembl\u00e9e nationale s\u2019est r\u00e9uni pour statuer sur la motion de censure d\u00e9pos\u00e9e par l\u2019opposition et a statu\u00e9 favorablement sur sa recevabilit\u00e9.&nbsp; Amath SARR","og_url":"https:\/\/www.public.sn\/index.php\/2022\/12\/14\/les-deputes-de-yewwi-convoquent-amadou-ba-a-lassemblee-ce-jeudi\/","og_site_name":"LE PUBLIC","article_published_time":"2022-12-14T11:40:51+00:00","article_modified_time":"2022-12-14T11:40:53+00:00","og_image":[{"width":800,"height":484,"url":"https:\/\/www.public.sn\/wp-content\/uploads\/2022\/12\/Amadou-Ba-Premier-Ministre.jpg","type":"image\/jpeg"}],"author":"LA REDACTION","twitter_card":"summary_large_image","twitter_misc":{"\u00c9crit par":"LA REDACTION","Dur\u00e9e de lecture estim\u00e9e":"1 minute"},"schema":{"@context":"https:\/\/schema.org","@graph":[{"@type":"Article","@id":"https:\/\/www.public.sn\/index.php\/2022\/12\/14\/les-deputes-de-yewwi-convoquent-amadou-ba-a-lassemblee-ce-jeudi\/#article","isPartOf":{"@id":"https:\/\/www.public.sn\/index.php\/2022\/12\/14\/les-deputes-de-yewwi-convoquent-amadou-ba-a-lassemblee-ce-jeudi\/"},"author":{"name":"LA REDACTION","@id":"https:\/\/www.public.sn\/#\/schema\/person\/cb76c8e1b8becc6be61fb5e92d6d0224"},"headline":"Les d\u00e9put\u00e9s de Yewwi convoquent Amadou B\u00e2 \u00e0 l\u2019Assembl\u00e9e, ce jeudi","datePublished":"2022-12-14T11:40:51+00:00","dateModified":"2022-12-14T11:40:53+00:00","mainEntityOfPage":{"@id":"https:\/\/www.public.sn\/index.php\/2022\/12\/14\/les-deputes-de-yewwi-convoquent-amadou-ba-a-lassemblee-ce-jeudi\/"},"wordCount":111,"commentCount":0,"publisher":{"@id":"https:\/\/www.public.sn\/#organization"},"image":{"@id":"https:\/\/www.public.sn\/index.php\/2022\/12\/14\/les-deputes-de-yewwi-convoquent-amadou-ba-a-lassemblee-ce-jeudi\/#primaryimage"},"thumbnailUrl":"https:\/\/www.public.sn\/wp-content\/uploads\/2022\/12\/Amadou-Ba-Premier-Ministre.jpg","keywords":["Amadou B\u00e2;","Motion de censure;","yewwi askan wi"],"articleSection":["ACTUALIT\u00c9S","POLITIQUE","S\u00c9N\u00c9GAL","VEDETTE"],"inLanguage":"fr-FR","potentialAction":[{"@type":"CommentAction","name":"Comment","target":["https:\/\/www.public.sn\/index.php\/2022\/12\/14\/les-deputes-de-yewwi-convoquent-amadou-ba-a-lassemblee-ce-jeudi\/#respond"]}]},{"@type":"WebPage","@id":"https:\/\/www.public.sn\/index.php\/2022\/12\/14\/les-deputes-de-yewwi-convoquent-amadou-ba-a-lassemblee-ce-jeudi\/","url":"https:\/\/www.public.sn\/index.php\/2022\/12\/14\/les-deputes-de-yewwi-convoquent-amadou-ba-a-lassemblee-ce-jeudi\/","name":"Les d\u00e9put\u00e9s de Yewwi convoquent Amadou B\u00e2 \u00e0 l\u2019Assembl\u00e9e, ce jeudi - LE PUBLIC","isPartOf":{"@id":"https:\/\/www.public.sn\/#website"},"primaryImageOfPage":{"@id":"https:\/\/www.public.sn\/index.php\/2022\/12\/14\/les-deputes-de-yewwi-convoquent-amadou-ba-a-lassemblee-ce-jeudi\/#primaryimage"},"image":{"@id":"https:\/\/www.public.sn\/index.php\/2022\/12\/14\/les-deputes-de-yewwi-convoquent-amadou-ba-a-lassemblee-ce-jeudi\/#primaryimage"},"thumbnailUrl":"https:\/\/www.public.sn\/wp-content\/uploads\/2022\/12\/Amadou-Ba-Premier-Ministre.jpg","datePublished":"2022-12-14T11:40:51+00:00","dateModified":"2022-12-14T11:40:53+00:00","breadcrumb":{"@id":"https:\/\/www.public.sn\/index.php\/2022\/12\/14\/les-deputes-de-yewwi-convoquent-amadou-ba-a-lassemblee-ce-jeudi\/#breadcrumb"},"inLanguage":"fr-FR","potentialAction":[{"@type":"ReadAction","target":["https:\/\/www.public.sn\/index.php\/2022\/12\/14\/les-deputes-de-yewwi-convoquent-amadou-ba-a-lassemblee-ce-jeudi\/"]}]},{"@type":"ImageObject","inLanguage":"fr-FR","@id":"https:\/\/www.public.sn\/index.php\/2022\/12\/14\/les-deputes-de-yewwi-convoquent-amadou-ba-a-lassemblee-ce-jeudi\/#primaryimage","url":"https:\/\/www.public.sn\/wp-content\/uploads\/2022\/12\/Amadou-Ba-Premier-Ministre.jpg","contentUrl":"https:\/\/www.public.sn\/wp-content\/uploads\/2022\/12\/Amadou-Ba-Premier-Ministre.jpg","width":800,"height":484},{"@type":"BreadcrumbList","@id":"https:\/\/www.public.sn\/index.php\/2022\/12\/14\/les-deputes-de-yewwi-convoquent-amadou-ba-a-lassemblee-ce-jeudi\/#breadcrumb","itemListElement":[{"@type":"ListItem","position":1,"name":"Accueil","item":"https:\/\/www.public.sn\/"},{"@type":"ListItem","position":2,"name":"Les d\u00e9put\u00e9s de Yewwi convoquent Amadou B\u00e2 \u00e0 l\u2019Assembl\u00e9e, ce jeudi"}]},{"@type":"WebSite","@id":"https:\/\/www.public.sn\/#website","url":"https:\/\/www.public.sn\/","name":"LE PUBLIC","description":"","publisher":{"@id":"https:\/\/www.public.sn\/#organization"},"potentialAction":[{"@type":"SearchAction","target":{"@type":"EntryPoint","urlTemplate":"https:\/\/www.public.sn\/?s={search_term_string}"},"query-input":{"@type":"PropertyValueSpecification","valueRequired":true,"valueName":"search_term_string"}}],"inLanguage":"fr-FR"},{"@type":"Organization","@id":"https:\/\/www.public.sn\/#organization","name":"LE PUBLIC","url":"https:\/\/www.public.sn\/","logo":{"@type":"ImageObject","inLanguage":"fr-FR","@id":"https:\/\/www.public.sn\/#\/schema\/logo\/image\/","url":"https:\/\/www.public.sn\/wp-content\/uploads\/2024\/05\/cropped-LOGO-PUBLIC.SN_.png","contentUrl":"https:\/\/www.public.sn\/wp-content\/uploads\/2024\/05\/cropped-LOGO-PUBLIC.SN_.png","width":682,"height":192,"caption":"LE PUBLIC"},"image":{"@id":"https:\/\/www.public.sn\/#\/schema\/logo\/image\/"}},{"@type":"Person","@id":"https:\/\/www.public.sn\/#\/schema\/person\/cb76c8e1b8becc6be61fb5e92d6d0224","name":"LA REDACTION","image":{"@type":"ImageObject","inLanguage":"fr-FR","@id":"https:\/\/www.public.sn\/#\/schema\/person\/image\/","url":"https:\/\/secure.gravatar.com\/avatar\/2dce5ddd34b8fef0180efe03aa2a9bee7d953856048f9a16b298190a3178407c?s=96&d=mm&r=g","contentUrl":"https:\/\/secure.gravatar.com\/avatar\/2dce5ddd34b8fef0180efe03aa2a9bee7d953856048f9a16b298190a3178407c?s=96&d=mm&r=g","caption":"LA REDACTION"},"url":"https:\/\/www.public.sn\/index.php\/author\/editeurpsn\/"}]}},"jetpack_featured_media_url":"https:\/\/www.public.sn\/wp-content\/uploads\/2022\/12\/Amadou-Ba-Premier-Ministre.jpg","jetpack_sharing_enabled":true,"_links":{"self":[{"href":"https:\/\/www.public.sn\/index.php\/wp-json\/wp\/v2\/posts\/11633","targetHints":{"allow":["GET"]}}],"collection":[{"href":"https:\/\/www.public.sn\/index.php\/wp-json\/wp\/v2\/posts"}],"about":[{"href":"https:\/\/www.public.sn\/index.php\/wp-json\/wp\/v2\/types\/post"}],"author":[{"embeddable":true,"href":"https:\/\/www.public.sn\/index.php\/wp-json\/wp\/v2\/users\/7"}],"replies":[{"embeddable":true,"href":"https:\/\/www.public.sn\/index.php\/wp-json\/wp\/v2\/comments?post=11633"}],"version-history":[{"count":1,"href":"https:\/\/www.public.sn\/index.php\/wp-json\/wp\/v2\/posts\/11633\/revisions"}],"predecessor-version":[{"id":11639,"href":"https:\/\/www.public.sn\/index.php\/wp-json\/wp\/v2\/posts\/11633\/revisions\/11639"}],"wp:featuredmedia":[{"embeddable":true,"href":"https:\/\/www.public.sn\/index.php\/wp-json\/wp\/v2\/media\/11524"}],"wp:attachment":[{"href":"https:\/\/www.public.sn\/index.php\/wp-json\/wp\/v2\/media?parent=11633"}],"wp:term":[{"taxonomy":"category","embeddable":true,"href":"https:\/\/www.public.sn\/index.php\/wp-json\/wp\/v2\/categories?post=11633"},{"taxonomy":"post_tag","embeddable":true,"href":"https:\/\/www.public.sn\/index.php\/wp-json\/wp\/v2\/tags?post=11633"}],"curies":[{"name":"wp","href":"https:\/\/api.w.org\/{rel}","templated":true}]}}