{"id":11694,"date":"2022-12-14T17:41:53","date_gmt":"2022-12-14T17:41:53","guid":{"rendered":"https:\/\/www.public.sn\/?p=11694"},"modified":"2022-12-14T17:41:54","modified_gmt":"2022-12-14T17:41:54","slug":"cristiano-ronaldo-apercu-dans-le-centre-dentrainement-de-madrid","status":"publish","type":"post","link":"https:\/\/www.public.sn\/index.php\/2022\/12\/14\/cristiano-ronaldo-apercu-dans-le-centre-dentrainement-de-madrid\/","title":{"rendered":"Cristiano Ronaldo aper\u00e7u dans le centre d\u2019entrainement de Madrid !"},"content":{"rendered":"\n<p>L&rsquo;ex joueur de Manchester United et ancien du Real Madrid, sans club depuis son d\u00e9part forc\u00e9 de Manchester, a eu l&rsquo;autorisation du club Merengue de s&rsquo;entra\u00eener \u00e0 Valdebebas, dans les installations du Real, afin de se maintenir en forme et de trouver un nouveau projet sportif.<br>En attente de signer dans un nouveau club, la star portugaise s&rsquo;est entra\u00een\u00e9e dans les installations du Real Madrid ce mercredi.<br>L&rsquo;ancien joueur des Merengues a demand\u00e9 l&rsquo;autorisation d&rsquo;utiliser les installations de Valdebebas afin de rester pr\u00eat physiquement.<br>Un retour au Real, club qu&rsquo;il a repr\u00e9sent\u00e9 pendant 9 saisons et avec lequel il a remport\u00e9 quatre Ligues des Champions, n&rsquo;est pas d&rsquo;actualit\u00e9, m\u00eame si les supporteurs Merengues peuvent se mettre \u00e0 r\u00eaver.<br>Pour le moment, l&rsquo;option la plus envisageable est que Cristiano Ronaldo rejoigne un club du Moyen-Orient. Les Qataris tentent de convaincre le quintuple Ballon d\u2019or de rejoindre le championnat local.<\/p><div class=\"publi-paragraphe1\" style=\"margin-top: 10px;margin-bottom: 10px;margin-left: auto;margin-right: auto;text-align: center;\" id=\"publi-3344085839\"><div class=\"publi-adlabel\">Publicit\u00e9<\/div><script async src=\"\/\/pagead2.googlesyndication.com\/pagead\/js\/adsbygoogle.js?client=ca-pub-4089586018074219\" crossorigin=\"anonymous\"><\/script><ins class=\"adsbygoogle\" style=\"display:block;\" data-ad-client=\"ca-pub-4089586018074219\" \ndata-ad-slot=\"2087940154\" \ndata-ad-format=\"auto\"><\/ins>\n<script> \n(adsbygoogle = window.adsbygoogle || []).push({}); \n<\/script>\n<\/div>\n\n\n\n<p><\/p>\n\n\n\n<p>Birahime Ndiaye<\/p>\n<div class=\"publi-apres-le-contenu\" style=\"margin-top: 10px;margin-bottom: 10px;margin-left: auto;margin-right: auto;text-align: center;\" id=\"publi-1916015515\"><div class=\"publi-adlabel\">Publicit\u00e9<\/div><script async src=\"\/\/pagead2.googlesyndication.com\/pagead\/js\/adsbygoogle.js?client=ca-pub-4089586018074219\" crossorigin=\"anonymous\"><\/script><ins class=\"adsbygoogle\" style=\"display:block;\" data-ad-client=\"ca-pub-4089586018074219\" \ndata-ad-slot=\"2087940154\" \ndata-ad-format=\"auto\"><\/ins>\n<script> \n(adsbygoogle = window.adsbygoogle || []).push({}); \n<\/script>\n<\/div>","protected":false},"excerpt":{"rendered":"<p>L&rsquo;ex joueur de Manchester United et ancien du Real Madrid, sans club depuis son d\u00e9part forc\u00e9 de Manchester, a eu l&rsquo;autorisation du club Merengue de s&rsquo;entra\u00eener \u00e0 Valdebebas, dans les installations du Real, afin de se maintenir en forme et de trouver un nouveau projet sportif.En attente de signer dans un nouveau club, la star portugaise s&rsquo;est entra\u00een\u00e9e dans les installations du Real Madrid ce mercredi.L&rsquo;ancien joueur des Merengues a demand\u00e9 l&rsquo;autorisation d&rsquo;utiliser les installations de Valdebebas afin de rester pr\u00eat physiquement.Un retour au Real, club qu&rsquo;il a repr\u00e9sent\u00e9 pendant 9 saisons et avec lequel il a remport\u00e9 quatre Ligues des Champions, n&rsquo;est pas d&rsquo;actualit\u00e9, m\u00eame si les supporteurs Merengues peuvent se mettre \u00e0 r\u00eaver.Pour le moment, l&rsquo;option la plus envisageable est que Cristiano Ronaldo rejoigne un club du Moyen-Orient. Les Qataris tentent de convaincre le quintuple Ballon d\u2019or de rejoindre le championnat local. Birahime Ndiaye<\/p>\n","protected":false},"author":7,"featured_media":11695,"comment_status":"open","ping_status":"open","sticky":false,"template":"","format":"standard","meta":{"_jetpack_memberships_contains_paid_content":false,"footnotes":""},"categories":[864,3412,3728,7,372],"tags":[3806,68,485,1262],"class_list":["post-11694","post","type-post","status-publish","format-standard","has-post-thumbnail","hentry","category-culture","category-football","category-internationale","category-sport","category-vedette","tag-cristiano-ronaldo","tag-football","tag-real-madrid","tag-sport","entry","has-media","owp-thumbs-layout-horizontal","owp-btn-normal","owp-tabs-layout-horizontal","has-no-thumbnails","has-product-nav"],"yoast_head":"<!-- This site is optimized with the Yoast SEO plugin v25.5 - https:\/\/yoast.com\/wordpress\/plugins\/seo\/ -->\n<title>Cristiano Ronaldo aper\u00e7u dans le centre d\u2019entrainement de Madrid ! - LE PUBLIC<\/title>\n<meta name=\"robots\" content=\"index, follow, max-snippet:-1, max-image-preview:large, max-video-preview:-1\" \/>\n<link rel=\"canonical\" href=\"https:\/\/www.public.sn\/index.php\/2022\/12\/14\/cristiano-ronaldo-apercu-dans-le-centre-dentrainement-de-madrid\/\" \/>\n<meta property=\"og:locale\" content=\"fr_FR\" \/>\n<meta property=\"og:type\" content=\"article\" \/>\n<meta property=\"og:title\" content=\"Cristiano Ronaldo aper\u00e7u dans le centre d\u2019entrainement de Madrid ! - LE PUBLIC\" \/>\n<meta property=\"og:description\" content=\"L&rsquo;ex joueur de Manchester United et ancien du Real Madrid, sans club depuis son d\u00e9part forc\u00e9 de Manchester, a eu l&rsquo;autorisation du club Merengue de s&rsquo;entra\u00eener \u00e0 Valdebebas, dans les installations du Real, afin de se maintenir en forme et de trouver un nouveau projet sportif.En attente de signer dans un nouveau club, la star portugaise s&rsquo;est entra\u00een\u00e9e dans les installations du Real Madrid ce mercredi.L&rsquo;ancien joueur des Merengues a demand\u00e9 l&rsquo;autorisation d&rsquo;utiliser les installations de Valdebebas afin de rester pr\u00eat physiquement.Un retour au Real, club qu&rsquo;il a repr\u00e9sent\u00e9 pendant 9 saisons et avec lequel il a remport\u00e9 quatre Ligues des Champions, n&rsquo;est pas d&rsquo;actualit\u00e9, m\u00eame si les supporteurs Merengues peuvent se mettre \u00e0 r\u00eaver.Pour le moment, l&rsquo;option la plus envisageable est que Cristiano Ronaldo rejoigne un club du Moyen-Orient. Les Qataris tentent de convaincre le quintuple Ballon d\u2019or de rejoindre le championnat local. Birahime Ndiaye\" \/>\n<meta property=\"og:url\" content=\"https:\/\/www.public.sn\/index.php\/2022\/12\/14\/cristiano-ronaldo-apercu-dans-le-centre-dentrainement-de-madrid\/\" \/>\n<meta property=\"og:site_name\" content=\"LE PUBLIC\" \/>\n<meta property=\"article:published_time\" content=\"2022-12-14T17:41:53+00:00\" \/>\n<meta property=\"article:modified_time\" content=\"2022-12-14T17:41:54+00:00\" \/>\n<meta property=\"og:image\" content=\"https:\/\/www.public.sn\/wp-content\/uploads\/2022\/12\/cr7.jpg\" \/>\n\t<meta property=\"og:image:width\" content=\"1000\" \/>\n\t<meta property=\"og:image:height\" content=\"674\" \/>\n\t<meta property=\"og:image:type\" content=\"image\/jpeg\" \/>\n<meta name=\"author\" content=\"LA REDACTION\" \/>\n<meta name=\"twitter:card\" content=\"summary_large_image\" \/>\n<meta name=\"twitter:label1\" content=\"\u00c9crit par\" \/>\n\t<meta name=\"twitter:data1\" content=\"LA REDACTION\" \/>\n\t<meta name=\"twitter:label2\" content=\"Dur\u00e9e de lecture estim\u00e9e\" \/>\n\t<meta name=\"twitter:data2\" content=\"1 minute\" \/>\n<script type=\"application\/ld+json\" class=\"yoast-schema-graph\">{\"@context\":\"https:\/\/schema.org\",\"@graph\":[{\"@type\":\"Article\",\"@id\":\"https:\/\/www.public.sn\/index.php\/2022\/12\/14\/cristiano-ronaldo-apercu-dans-le-centre-dentrainement-de-madrid\/#article\",\"isPartOf\":{\"@id\":\"https:\/\/www.public.sn\/index.php\/2022\/12\/14\/cristiano-ronaldo-apercu-dans-le-centre-dentrainement-de-madrid\/\"},\"author\":{\"name\":\"LA REDACTION\",\"@id\":\"https:\/\/www.public.sn\/#\/schema\/person\/cb76c8e1b8becc6be61fb5e92d6d0224\"},\"headline\":\"Cristiano Ronaldo aper\u00e7u dans le centre d\u2019entrainement de Madrid !\",\"datePublished\":\"2022-12-14T17:41:53+00:00\",\"dateModified\":\"2022-12-14T17:41:54+00:00\",\"mainEntityOfPage\":{\"@id\":\"https:\/\/www.public.sn\/index.php\/2022\/12\/14\/cristiano-ronaldo-apercu-dans-le-centre-dentrainement-de-madrid\/\"},\"wordCount\":167,\"commentCount\":0,\"publisher\":{\"@id\":\"https:\/\/www.public.sn\/#organization\"},\"image\":{\"@id\":\"https:\/\/www.public.sn\/index.php\/2022\/12\/14\/cristiano-ronaldo-apercu-dans-le-centre-dentrainement-de-madrid\/#primaryimage\"},\"thumbnailUrl\":\"https:\/\/www.public.sn\/wp-content\/uploads\/2022\/12\/cr7.jpg\",\"keywords\":[\"cristiano ronaldo\",\"Football\",\"Real Madrid\",\"Sport\"],\"articleSection\":[\"CULTURE\",\"FOOTBALL\",\"internationale\",\"SPORTS\",\"VEDETTE\"],\"inLanguage\":\"fr-FR\",\"potentialAction\":[{\"@type\":\"CommentAction\",\"name\":\"Comment\",\"target\":[\"https:\/\/www.public.sn\/index.php\/2022\/12\/14\/cristiano-ronaldo-apercu-dans-le-centre-dentrainement-de-madrid\/#respond\"]}]},{\"@type\":\"WebPage\",\"@id\":\"https:\/\/www.public.sn\/index.php\/2022\/12\/14\/cristiano-ronaldo-apercu-dans-le-centre-dentrainement-de-madrid\/\",\"url\":\"https:\/\/www.public.sn\/index.php\/2022\/12\/14\/cristiano-ronaldo-apercu-dans-le-centre-dentrainement-de-madrid\/\",\"name\":\"Cristiano Ronaldo aper\u00e7u dans le centre d\u2019entrainement de Madrid ! - LE PUBLIC\",\"isPartOf\":{\"@id\":\"https:\/\/www.public.sn\/#website\"},\"primaryImageOfPage\":{\"@id\":\"https:\/\/www.public.sn\/index.php\/2022\/12\/14\/cristiano-ronaldo-apercu-dans-le-centre-dentrainement-de-madrid\/#primaryimage\"},\"image\":{\"@id\":\"https:\/\/www.public.sn\/index.php\/2022\/12\/14\/cristiano-ronaldo-apercu-dans-le-centre-dentrainement-de-madrid\/#primaryimage\"},\"thumbnailUrl\":\"https:\/\/www.public.sn\/wp-content\/uploads\/2022\/12\/cr7.jpg\",\"datePublished\":\"2022-12-14T17:41:53+00:00\",\"dateModified\":\"2022-12-14T17:41:54+00:00\",\"breadcrumb\":{\"@id\":\"https:\/\/www.public.sn\/index.php\/2022\/12\/14\/cristiano-ronaldo-apercu-dans-le-centre-dentrainement-de-madrid\/#breadcrumb\"},\"inLanguage\":\"fr-FR\",\"potentialAction\":[{\"@type\":\"ReadAction\",\"target\":[\"https:\/\/www.public.sn\/index.php\/2022\/12\/14\/cristiano-ronaldo-apercu-dans-le-centre-dentrainement-de-madrid\/\"]}]},{\"@type\":\"ImageObject\",\"inLanguage\":\"fr-FR\",\"@id\":\"https:\/\/www.public.sn\/index.php\/2022\/12\/14\/cristiano-ronaldo-apercu-dans-le-centre-dentrainement-de-madrid\/#primaryimage\",\"url\":\"https:\/\/www.public.sn\/wp-content\/uploads\/2022\/12\/cr7.jpg\",\"contentUrl\":\"https:\/\/www.public.sn\/wp-content\/uploads\/2022\/12\/cr7.jpg\",\"width\":1000,\"height\":674},{\"@type\":\"BreadcrumbList\",\"@id\":\"https:\/\/www.public.sn\/index.php\/2022\/12\/14\/cristiano-ronaldo-apercu-dans-le-centre-dentrainement-de-madrid\/#breadcrumb\",\"itemListElement\":[{\"@type\":\"ListItem\",\"position\":1,\"name\":\"Accueil\",\"item\":\"https:\/\/www.public.sn\/\"},{\"@type\":\"ListItem\",\"position\":2,\"name\":\"Cristiano Ronaldo aper\u00e7u dans le centre d\u2019entrainement de Madrid !\"}]},{\"@type\":\"WebSite\",\"@id\":\"https:\/\/www.public.sn\/#website\",\"url\":\"https:\/\/www.public.sn\/\",\"name\":\"LE PUBLIC\",\"description\":\"\",\"publisher\":{\"@id\":\"https:\/\/www.public.sn\/#organization\"},\"potentialAction\":[{\"@type\":\"SearchAction\",\"target\":{\"@type\":\"EntryPoint\",\"urlTemplate\":\"https:\/\/www.public.sn\/?s={search_term_string}\"},\"query-input\":{\"@type\":\"PropertyValueSpecification\",\"valueRequired\":true,\"valueName\":\"search_term_string\"}}],\"inLanguage\":\"fr-FR\"},{\"@type\":\"Organization\",\"@id\":\"https:\/\/www.public.sn\/#organization\",\"name\":\"LE PUBLIC\",\"url\":\"https:\/\/www.public.sn\/\",\"logo\":{\"@type\":\"ImageObject\",\"inLanguage\":\"fr-FR\",\"@id\":\"https:\/\/www.public.sn\/#\/schema\/logo\/image\/\",\"url\":\"https:\/\/www.public.sn\/wp-content\/uploads\/2024\/05\/cropped-LOGO-PUBLIC.SN_.png\",\"contentUrl\":\"https:\/\/www.public.sn\/wp-content\/uploads\/2024\/05\/cropped-LOGO-PUBLIC.SN_.png\",\"width\":682,\"height\":192,\"caption\":\"LE PUBLIC\"},\"image\":{\"@id\":\"https:\/\/www.public.sn\/#\/schema\/logo\/image\/\"}},{\"@type\":\"Person\",\"@id\":\"https:\/\/www.public.sn\/#\/schema\/person\/cb76c8e1b8becc6be61fb5e92d6d0224\",\"name\":\"LA REDACTION\",\"image\":{\"@type\":\"ImageObject\",\"inLanguage\":\"fr-FR\",\"@id\":\"https:\/\/www.public.sn\/#\/schema\/person\/image\/\",\"url\":\"https:\/\/secure.gravatar.com\/avatar\/2dce5ddd34b8fef0180efe03aa2a9bee7d953856048f9a16b298190a3178407c?s=96&d=mm&r=g\",\"contentUrl\":\"https:\/\/secure.gravatar.com\/avatar\/2dce5ddd34b8fef0180efe03aa2a9bee7d953856048f9a16b298190a3178407c?s=96&d=mm&r=g\",\"caption\":\"LA REDACTION\"},\"url\":\"https:\/\/www.public.sn\/index.php\/author\/editeurpsn\/\"}]}<\/script>\n<!-- \/ Yoast SEO plugin. -->","yoast_head_json":{"title":"Cristiano Ronaldo aper\u00e7u dans le centre d\u2019entrainement de Madrid ! - LE PUBLIC","robots":{"index":"index","follow":"follow","max-snippet":"max-snippet:-1","max-image-preview":"max-image-preview:large","max-video-preview":"max-video-preview:-1"},"canonical":"https:\/\/www.public.sn\/index.php\/2022\/12\/14\/cristiano-ronaldo-apercu-dans-le-centre-dentrainement-de-madrid\/","og_locale":"fr_FR","og_type":"article","og_title":"Cristiano Ronaldo aper\u00e7u dans le centre d\u2019entrainement de Madrid ! - LE PUBLIC","og_description":"L&rsquo;ex joueur de Manchester United et ancien du Real Madrid, sans club depuis son d\u00e9part forc\u00e9 de Manchester, a eu l&rsquo;autorisation du club Merengue de s&rsquo;entra\u00eener \u00e0 Valdebebas, dans les installations du Real, afin de se maintenir en forme et de trouver un nouveau projet sportif.En attente de signer dans un nouveau club, la star portugaise s&rsquo;est entra\u00een\u00e9e dans les installations du Real Madrid ce mercredi.L&rsquo;ancien joueur des Merengues a demand\u00e9 l&rsquo;autorisation d&rsquo;utiliser les installations de Valdebebas afin de rester pr\u00eat physiquement.Un retour au Real, club qu&rsquo;il a repr\u00e9sent\u00e9 pendant 9 saisons et avec lequel il a remport\u00e9 quatre Ligues des Champions, n&rsquo;est pas d&rsquo;actualit\u00e9, m\u00eame si les supporteurs Merengues peuvent se mettre \u00e0 r\u00eaver.Pour le moment, l&rsquo;option la plus envisageable est que Cristiano Ronaldo rejoigne un club du Moyen-Orient. Les Qataris tentent de convaincre le quintuple Ballon d\u2019or de rejoindre le championnat local. Birahime Ndiaye","og_url":"https:\/\/www.public.sn\/index.php\/2022\/12\/14\/cristiano-ronaldo-apercu-dans-le-centre-dentrainement-de-madrid\/","og_site_name":"LE PUBLIC","article_published_time":"2022-12-14T17:41:53+00:00","article_modified_time":"2022-12-14T17:41:54+00:00","og_image":[{"width":1000,"height":674,"url":"https:\/\/www.public.sn\/wp-content\/uploads\/2022\/12\/cr7.jpg","type":"image\/jpeg"}],"author":"LA REDACTION","twitter_card":"summary_large_image","twitter_misc":{"\u00c9crit par":"LA REDACTION","Dur\u00e9e de lecture estim\u00e9e":"1 minute"},"schema":{"@context":"https:\/\/schema.org","@graph":[{"@type":"Article","@id":"https:\/\/www.public.sn\/index.php\/2022\/12\/14\/cristiano-ronaldo-apercu-dans-le-centre-dentrainement-de-madrid\/#article","isPartOf":{"@id":"https:\/\/www.public.sn\/index.php\/2022\/12\/14\/cristiano-ronaldo-apercu-dans-le-centre-dentrainement-de-madrid\/"},"author":{"name":"LA REDACTION","@id":"https:\/\/www.public.sn\/#\/schema\/person\/cb76c8e1b8becc6be61fb5e92d6d0224"},"headline":"Cristiano Ronaldo aper\u00e7u dans le centre d\u2019entrainement de Madrid !","datePublished":"2022-12-14T17:41:53+00:00","dateModified":"2022-12-14T17:41:54+00:00","mainEntityOfPage":{"@id":"https:\/\/www.public.sn\/index.php\/2022\/12\/14\/cristiano-ronaldo-apercu-dans-le-centre-dentrainement-de-madrid\/"},"wordCount":167,"commentCount":0,"publisher":{"@id":"https:\/\/www.public.sn\/#organization"},"image":{"@id":"https:\/\/www.public.sn\/index.php\/2022\/12\/14\/cristiano-ronaldo-apercu-dans-le-centre-dentrainement-de-madrid\/#primaryimage"},"thumbnailUrl":"https:\/\/www.public.sn\/wp-content\/uploads\/2022\/12\/cr7.jpg","keywords":["cristiano ronaldo","Football","Real Madrid","Sport"],"articleSection":["CULTURE","FOOTBALL","internationale","SPORTS","VEDETTE"],"inLanguage":"fr-FR","potentialAction":[{"@type":"CommentAction","name":"Comment","target":["https:\/\/www.public.sn\/index.php\/2022\/12\/14\/cristiano-ronaldo-apercu-dans-le-centre-dentrainement-de-madrid\/#respond"]}]},{"@type":"WebPage","@id":"https:\/\/www.public.sn\/index.php\/2022\/12\/14\/cristiano-ronaldo-apercu-dans-le-centre-dentrainement-de-madrid\/","url":"https:\/\/www.public.sn\/index.php\/2022\/12\/14\/cristiano-ronaldo-apercu-dans-le-centre-dentrainement-de-madrid\/","name":"Cristiano Ronaldo aper\u00e7u dans le centre d\u2019entrainement de Madrid ! - LE PUBLIC","isPartOf":{"@id":"https:\/\/www.public.sn\/#website"},"primaryImageOfPage":{"@id":"https:\/\/www.public.sn\/index.php\/2022\/12\/14\/cristiano-ronaldo-apercu-dans-le-centre-dentrainement-de-madrid\/#primaryimage"},"image":{"@id":"https:\/\/www.public.sn\/index.php\/2022\/12\/14\/cristiano-ronaldo-apercu-dans-le-centre-dentrainement-de-madrid\/#primaryimage"},"thumbnailUrl":"https:\/\/www.public.sn\/wp-content\/uploads\/2022\/12\/cr7.jpg","datePublished":"2022-12-14T17:41:53+00:00","dateModified":"2022-12-14T17:41:54+00:00","breadcrumb":{"@id":"https:\/\/www.public.sn\/index.php\/2022\/12\/14\/cristiano-ronaldo-apercu-dans-le-centre-dentrainement-de-madrid\/#breadcrumb"},"inLanguage":"fr-FR","potentialAction":[{"@type":"ReadAction","target":["https:\/\/www.public.sn\/index.php\/2022\/12\/14\/cristiano-ronaldo-apercu-dans-le-centre-dentrainement-de-madrid\/"]}]},{"@type":"ImageObject","inLanguage":"fr-FR","@id":"https:\/\/www.public.sn\/index.php\/2022\/12\/14\/cristiano-ronaldo-apercu-dans-le-centre-dentrainement-de-madrid\/#primaryimage","url":"https:\/\/www.public.sn\/wp-content\/uploads\/2022\/12\/cr7.jpg","contentUrl":"https:\/\/www.public.sn\/wp-content\/uploads\/2022\/12\/cr7.jpg","width":1000,"height":674},{"@type":"BreadcrumbList","@id":"https:\/\/www.public.sn\/index.php\/2022\/12\/14\/cristiano-ronaldo-apercu-dans-le-centre-dentrainement-de-madrid\/#breadcrumb","itemListElement":[{"@type":"ListItem","position":1,"name":"Accueil","item":"https:\/\/www.public.sn\/"},{"@type":"ListItem","position":2,"name":"Cristiano Ronaldo aper\u00e7u dans le centre d\u2019entrainement de Madrid !"}]},{"@type":"WebSite","@id":"https:\/\/www.public.sn\/#website","url":"https:\/\/www.public.sn\/","name":"LE PUBLIC","description":"","publisher":{"@id":"https:\/\/www.public.sn\/#organization"},"potentialAction":[{"@type":"SearchAction","target":{"@type":"EntryPoint","urlTemplate":"https:\/\/www.public.sn\/?s={search_term_string}"},"query-input":{"@type":"PropertyValueSpecification","valueRequired":true,"valueName":"search_term_string"}}],"inLanguage":"fr-FR"},{"@type":"Organization","@id":"https:\/\/www.public.sn\/#organization","name":"LE PUBLIC","url":"https:\/\/www.public.sn\/","logo":{"@type":"ImageObject","inLanguage":"fr-FR","@id":"https:\/\/www.public.sn\/#\/schema\/logo\/image\/","url":"https:\/\/www.public.sn\/wp-content\/uploads\/2024\/05\/cropped-LOGO-PUBLIC.SN_.png","contentUrl":"https:\/\/www.public.sn\/wp-content\/uploads\/2024\/05\/cropped-LOGO-PUBLIC.SN_.png","width":682,"height":192,"caption":"LE PUBLIC"},"image":{"@id":"https:\/\/www.public.sn\/#\/schema\/logo\/image\/"}},{"@type":"Person","@id":"https:\/\/www.public.sn\/#\/schema\/person\/cb76c8e1b8becc6be61fb5e92d6d0224","name":"LA REDACTION","image":{"@type":"ImageObject","inLanguage":"fr-FR","@id":"https:\/\/www.public.sn\/#\/schema\/person\/image\/","url":"https:\/\/secure.gravatar.com\/avatar\/2dce5ddd34b8fef0180efe03aa2a9bee7d953856048f9a16b298190a3178407c?s=96&d=mm&r=g","contentUrl":"https:\/\/secure.gravatar.com\/avatar\/2dce5ddd34b8fef0180efe03aa2a9bee7d953856048f9a16b298190a3178407c?s=96&d=mm&r=g","caption":"LA REDACTION"},"url":"https:\/\/www.public.sn\/index.php\/author\/editeurpsn\/"}]}},"jetpack_featured_media_url":"https:\/\/www.public.sn\/wp-content\/uploads\/2022\/12\/cr7.jpg","jetpack_sharing_enabled":true,"_links":{"self":[{"href":"https:\/\/www.public.sn\/index.php\/wp-json\/wp\/v2\/posts\/11694","targetHints":{"allow":["GET"]}}],"collection":[{"href":"https:\/\/www.public.sn\/index.php\/wp-json\/wp\/v2\/posts"}],"about":[{"href":"https:\/\/www.public.sn\/index.php\/wp-json\/wp\/v2\/types\/post"}],"author":[{"embeddable":true,"href":"https:\/\/www.public.sn\/index.php\/wp-json\/wp\/v2\/users\/7"}],"replies":[{"embeddable":true,"href":"https:\/\/www.public.sn\/index.php\/wp-json\/wp\/v2\/comments?post=11694"}],"version-history":[{"count":1,"href":"https:\/\/www.public.sn\/index.php\/wp-json\/wp\/v2\/posts\/11694\/revisions"}],"predecessor-version":[{"id":11696,"href":"https:\/\/www.public.sn\/index.php\/wp-json\/wp\/v2\/posts\/11694\/revisions\/11696"}],"wp:featuredmedia":[{"embeddable":true,"href":"https:\/\/www.public.sn\/index.php\/wp-json\/wp\/v2\/media\/11695"}],"wp:attachment":[{"href":"https:\/\/www.public.sn\/index.php\/wp-json\/wp\/v2\/media?parent=11694"}],"wp:term":[{"taxonomy":"category","embeddable":true,"href":"https:\/\/www.public.sn\/index.php\/wp-json\/wp\/v2\/categories?post=11694"},{"taxonomy":"post_tag","embeddable":true,"href":"https:\/\/www.public.sn\/index.php\/wp-json\/wp\/v2\/tags?post=11694"}],"curies":[{"name":"wp","href":"https:\/\/api.w.org\/{rel}","templated":true}]}}