{"id":1170,"date":"2022-09-02T19:28:23","date_gmt":"2022-09-02T17:28:23","guid":{"rendered":"https:\/\/www.public.sn\/?p=1170"},"modified":"2022-09-02T19:28:24","modified_gmt":"2022-09-02T17:28:24","slug":"presidence-de-lassemblee-nationale-linter-coalition-yewwi-wallu-designe-son-candidat-officiel-ce-09-septembre","status":"publish","type":"post","link":"https:\/\/www.public.sn\/index.php\/2022\/09\/02\/presidence-de-lassemblee-nationale-linter-coalition-yewwi-wallu-designe-son-candidat-officiel-ce-09-septembre\/","title":{"rendered":"Pr\u00e9sidence de l\u2019Assembl\u00e9e nationale: L\u2019inter coalition Yewwi-Wallu d\u00e9signe son candidat officiel ce 09 septembre."},"content":{"rendered":"\n<p><strong>Les tractions se poursuivent \u00e0 l\u2019inter coalition Yewwi-Wallu pour la pr\u00e9sidence de l\u2019Assembl\u00e9e nationale.<\/strong><\/p><div class=\"publi-paragraphe1\" style=\"margin-top: 10px;margin-bottom: 10px;margin-left: auto;margin-right: auto;text-align: center;\" id=\"publi-1859478720\"><div class=\"publi-adlabel\">Publicit\u00e9<\/div><script async src=\"\/\/pagead2.googlesyndication.com\/pagead\/js\/adsbygoogle.js?client=ca-pub-4089586018074219\" crossorigin=\"anonymous\"><\/script><ins class=\"adsbygoogle\" style=\"display:block;\" data-ad-client=\"ca-pub-4089586018074219\" \ndata-ad-slot=\"2087940154\" \ndata-ad-format=\"auto\"><\/ins>\n<script> \n(adsbygoogle = window.adsbygoogle || []).push({}); \n<\/script>\n<\/div>\n\n\n\n<p>La rencontre pr\u00e9vue hier \u00e0 21 h pour harmoniser les positions sur la composition des trois groupes parlementaires (2 de Yewwi et 1 de Wallu) a \u00e9t\u00e9 finalement report\u00e9e \u00e0 ce vendredi apr\u00e8s-midi. <\/p>\n\n\n\n<p>Par contre, \u00e0 propos du choix du candidat de l\u2019inter coalition au Perchoir de l\u2019Assembl\u00e9e nationale, le bien heureux d\u00e9sign\u00e9 sera connu le 9 septembre prochain.<\/p>\n\n\n\n<p>Ce, indique le journal Le T\u00e9moin, apr\u00e8s l\u2019arbitrage de Me Abdoulaye Wade pour d\u00e9partager les candidats d\u00e9clar\u00e9s de Wallu, le d\u00e9put\u00e9 de K\u00e9b\u00e9mer Mamadou Lamine Thiam et celui de Touba, Serigne Abdou Mback\u00e9 Bara Dolly. <\/p>\n\n\n\n<p>Pour rappel, le pr\u00e9sident s\u00e9n\u00e9galais Macky Sall a sign\u00e9 un d\u00e9cret fixant au 12 septembre prochain \u00e0 10h00 la premi\u00e8re session de l\u2019Assembl\u00e9e nationale nouvellement \u00e9lue \u00e0 l\u2019issue des l\u00e9gislatives du 31 juillet dernier.<\/p>\n\n\n\n<p>La coalition pr\u00e9sidentielle, Benno Bokk Yaakar (BBY), dispose de 82 si\u00e8ges les deux grandes coalitions de l\u2019opposition r\u00e9unies, Yewwi Askan Wi et Wallu Senegal, en ont 80.<\/p>\n<div class=\"publi-apres-le-contenu\" style=\"margin-top: 10px;margin-bottom: 10px;margin-left: auto;margin-right: auto;text-align: center;\" id=\"publi-2691492234\"><div class=\"publi-adlabel\">Publicit\u00e9<\/div><script async src=\"\/\/pagead2.googlesyndication.com\/pagead\/js\/adsbygoogle.js?client=ca-pub-4089586018074219\" crossorigin=\"anonymous\"><\/script><ins class=\"adsbygoogle\" style=\"display:block;\" data-ad-client=\"ca-pub-4089586018074219\" \ndata-ad-slot=\"2087940154\" \ndata-ad-format=\"auto\"><\/ins>\n<script> \n(adsbygoogle = window.adsbygoogle || []).push({}); \n<\/script>\n<\/div>","protected":false},"excerpt":{"rendered":"<p>Les tractions se poursuivent \u00e0 l\u2019inter coalition Yewwi-Wallu pour la pr\u00e9sidence de l\u2019Assembl\u00e9e nationale. La rencontre pr\u00e9vue hier \u00e0 21 h pour harmoniser les positions sur la composition des trois groupes parlementaires (2 de Yewwi et 1 de Wallu) a \u00e9t\u00e9 finalement report\u00e9e \u00e0 ce vendredi apr\u00e8s-midi. Par contre, \u00e0 propos du choix du candidat de l\u2019inter coalition au Perchoir de l\u2019Assembl\u00e9e nationale, le bien heureux d\u00e9sign\u00e9 sera connu le 9 septembre prochain. Ce, indique le journal Le T\u00e9moin, apr\u00e8s l\u2019arbitrage de Me Abdoulaye Wade pour d\u00e9partager les candidats d\u00e9clar\u00e9s de Wallu, le d\u00e9put\u00e9 de K\u00e9b\u00e9mer Mamadou Lamine Thiam et celui de Touba, Serigne Abdou Mback\u00e9 Bara Dolly. Pour rappel, le pr\u00e9sident s\u00e9n\u00e9galais Macky Sall a sign\u00e9 un d\u00e9cret fixant au 12 septembre prochain \u00e0 10h00 la premi\u00e8re session de l\u2019Assembl\u00e9e nationale nouvellement \u00e9lue \u00e0 l\u2019issue des l\u00e9gislatives du 31 juillet dernier. La coalition pr\u00e9sidentielle, Benno Bokk Yaakar (BBY), dispose de 82 si\u00e8ges les deux grandes coalitions de l\u2019opposition r\u00e9unies, Yewwi Askan Wi et Wallu Senegal, en ont 80.<\/p>\n","protected":false},"author":1,"featured_media":1171,"comment_status":"open","ping_status":"open","sticky":false,"template":"","format":"standard","meta":{"_jetpack_memberships_contains_paid_content":false,"footnotes":""},"categories":[375,3],"tags":[12,11,17,20],"class_list":["post-1170","post","type-post","status-publish","format-standard","has-post-thumbnail","hentry","category-actualites","category-politique","tag-assemblee-nationale","tag-macky-sall","tag-opposition","tag-presidentielle-2024","entry","has-media","owp-thumbs-layout-horizontal","owp-btn-normal","owp-tabs-layout-horizontal","has-no-thumbnails","has-product-nav"],"yoast_head":"<!-- This site is optimized with the Yoast SEO plugin v25.5 - https:\/\/yoast.com\/wordpress\/plugins\/seo\/ -->\n<title>Pr\u00e9sidence de l\u2019Assembl\u00e9e nationale: L\u2019inter coalition Yewwi-Wallu d\u00e9signe son candidat officiel ce 09 septembre. - LE PUBLIC<\/title>\n<meta name=\"robots\" content=\"index, follow, max-snippet:-1, max-image-preview:large, max-video-preview:-1\" \/>\n<link rel=\"canonical\" href=\"https:\/\/www.public.sn\/index.php\/2022\/09\/02\/presidence-de-lassemblee-nationale-linter-coalition-yewwi-wallu-designe-son-candidat-officiel-ce-09-septembre\/\" \/>\n<meta property=\"og:locale\" content=\"fr_FR\" \/>\n<meta property=\"og:type\" content=\"article\" \/>\n<meta property=\"og:title\" content=\"Pr\u00e9sidence de l\u2019Assembl\u00e9e nationale: L\u2019inter coalition Yewwi-Wallu d\u00e9signe son candidat officiel ce 09 septembre. - LE PUBLIC\" \/>\n<meta property=\"og:description\" content=\"Les tractions se poursuivent \u00e0 l\u2019inter coalition Yewwi-Wallu pour la pr\u00e9sidence de l\u2019Assembl\u00e9e nationale. La rencontre pr\u00e9vue hier \u00e0 21 h pour harmoniser les positions sur la composition des trois groupes parlementaires (2 de Yewwi et 1 de Wallu) a \u00e9t\u00e9 finalement report\u00e9e \u00e0 ce vendredi apr\u00e8s-midi. Par contre, \u00e0 propos du choix du candidat de l\u2019inter coalition au Perchoir de l\u2019Assembl\u00e9e nationale, le bien heureux d\u00e9sign\u00e9 sera connu le 9 septembre prochain. Ce, indique le journal Le T\u00e9moin, apr\u00e8s l\u2019arbitrage de Me Abdoulaye Wade pour d\u00e9partager les candidats d\u00e9clar\u00e9s de Wallu, le d\u00e9put\u00e9 de K\u00e9b\u00e9mer Mamadou Lamine Thiam et celui de Touba, Serigne Abdou Mback\u00e9 Bara Dolly. Pour rappel, le pr\u00e9sident s\u00e9n\u00e9galais Macky Sall a sign\u00e9 un d\u00e9cret fixant au 12 septembre prochain \u00e0 10h00 la premi\u00e8re session de l\u2019Assembl\u00e9e nationale nouvellement \u00e9lue \u00e0 l\u2019issue des l\u00e9gislatives du 31 juillet dernier. La coalition pr\u00e9sidentielle, Benno Bokk Yaakar (BBY), dispose de 82 si\u00e8ges les deux grandes coalitions de l\u2019opposition r\u00e9unies, Yewwi Askan Wi et Wallu Senegal, en ont 80.\" \/>\n<meta property=\"og:url\" content=\"https:\/\/www.public.sn\/index.php\/2022\/09\/02\/presidence-de-lassemblee-nationale-linter-coalition-yewwi-wallu-designe-son-candidat-officiel-ce-09-septembre\/\" \/>\n<meta property=\"og:site_name\" content=\"LE PUBLIC\" \/>\n<meta property=\"article:published_time\" content=\"2022-09-02T17:28:23+00:00\" \/>\n<meta property=\"article:modified_time\" content=\"2022-09-02T17:28:24+00:00\" \/>\n<meta property=\"og:image\" content=\"https:\/\/www.public.sn\/wp-content\/uploads\/2022\/09\/CD734B96-B2A5-4E88-91E1-2995953DBADE.jpeg\" \/>\n\t<meta property=\"og:image:width\" content=\"900\" \/>\n\t<meta property=\"og:image:height\" content=\"630\" \/>\n\t<meta property=\"og:image:type\" content=\"image\/jpeg\" \/>\n<meta name=\"author\" content=\"LA REDACTION\" \/>\n<meta name=\"twitter:card\" content=\"summary_large_image\" \/>\n<meta name=\"twitter:label1\" content=\"\u00c9crit par\" \/>\n\t<meta name=\"twitter:data1\" content=\"LA REDACTION\" \/>\n\t<meta name=\"twitter:label2\" content=\"Dur\u00e9e de lecture estim\u00e9e\" \/>\n\t<meta name=\"twitter:data2\" content=\"1 minute\" \/>\n<script type=\"application\/ld+json\" class=\"yoast-schema-graph\">{\"@context\":\"https:\/\/schema.org\",\"@graph\":[{\"@type\":\"Article\",\"@id\":\"https:\/\/www.public.sn\/index.php\/2022\/09\/02\/presidence-de-lassemblee-nationale-linter-coalition-yewwi-wallu-designe-son-candidat-officiel-ce-09-septembre\/#article\",\"isPartOf\":{\"@id\":\"https:\/\/www.public.sn\/index.php\/2022\/09\/02\/presidence-de-lassemblee-nationale-linter-coalition-yewwi-wallu-designe-son-candidat-officiel-ce-09-septembre\/\"},\"author\":{\"name\":\"LA REDACTION\",\"@id\":\"https:\/\/www.public.sn\/#\/schema\/person\/e3f4a11b037d4203902db148f9bc8d5a\"},\"headline\":\"Pr\u00e9sidence de l\u2019Assembl\u00e9e nationale: L\u2019inter coalition Yewwi-Wallu d\u00e9signe son candidat officiel ce 09 septembre.\",\"datePublished\":\"2022-09-02T17:28:23+00:00\",\"dateModified\":\"2022-09-02T17:28:24+00:00\",\"mainEntityOfPage\":{\"@id\":\"https:\/\/www.public.sn\/index.php\/2022\/09\/02\/presidence-de-lassemblee-nationale-linter-coalition-yewwi-wallu-designe-son-candidat-officiel-ce-09-septembre\/\"},\"wordCount\":206,\"commentCount\":0,\"publisher\":{\"@id\":\"https:\/\/www.public.sn\/#organization\"},\"image\":{\"@id\":\"https:\/\/www.public.sn\/index.php\/2022\/09\/02\/presidence-de-lassemblee-nationale-linter-coalition-yewwi-wallu-designe-son-candidat-officiel-ce-09-septembre\/#primaryimage\"},\"thumbnailUrl\":\"https:\/\/www.public.sn\/wp-content\/uploads\/2022\/09\/CD734B96-B2A5-4E88-91E1-2995953DBADE.jpeg\",\"keywords\":[\"Assembl\u00e9e Nationale\",\"Macky Sall\",\"Opposition\",\"Pr\u00e9sidentielle 2024\"],\"articleSection\":[\"ACTUALIT\u00c9S\",\"POLITIQUE\"],\"inLanguage\":\"fr-FR\",\"potentialAction\":[{\"@type\":\"CommentAction\",\"name\":\"Comment\",\"target\":[\"https:\/\/www.public.sn\/index.php\/2022\/09\/02\/presidence-de-lassemblee-nationale-linter-coalition-yewwi-wallu-designe-son-candidat-officiel-ce-09-septembre\/#respond\"]}]},{\"@type\":\"WebPage\",\"@id\":\"https:\/\/www.public.sn\/index.php\/2022\/09\/02\/presidence-de-lassemblee-nationale-linter-coalition-yewwi-wallu-designe-son-candidat-officiel-ce-09-septembre\/\",\"url\":\"https:\/\/www.public.sn\/index.php\/2022\/09\/02\/presidence-de-lassemblee-nationale-linter-coalition-yewwi-wallu-designe-son-candidat-officiel-ce-09-septembre\/\",\"name\":\"Pr\u00e9sidence de l\u2019Assembl\u00e9e nationale: L\u2019inter coalition Yewwi-Wallu d\u00e9signe son candidat officiel ce 09 septembre. - LE PUBLIC\",\"isPartOf\":{\"@id\":\"https:\/\/www.public.sn\/#website\"},\"primaryImageOfPage\":{\"@id\":\"https:\/\/www.public.sn\/index.php\/2022\/09\/02\/presidence-de-lassemblee-nationale-linter-coalition-yewwi-wallu-designe-son-candidat-officiel-ce-09-septembre\/#primaryimage\"},\"image\":{\"@id\":\"https:\/\/www.public.sn\/index.php\/2022\/09\/02\/presidence-de-lassemblee-nationale-linter-coalition-yewwi-wallu-designe-son-candidat-officiel-ce-09-septembre\/#primaryimage\"},\"thumbnailUrl\":\"https:\/\/www.public.sn\/wp-content\/uploads\/2022\/09\/CD734B96-B2A5-4E88-91E1-2995953DBADE.jpeg\",\"datePublished\":\"2022-09-02T17:28:23+00:00\",\"dateModified\":\"2022-09-02T17:28:24+00:00\",\"breadcrumb\":{\"@id\":\"https:\/\/www.public.sn\/index.php\/2022\/09\/02\/presidence-de-lassemblee-nationale-linter-coalition-yewwi-wallu-designe-son-candidat-officiel-ce-09-septembre\/#breadcrumb\"},\"inLanguage\":\"fr-FR\",\"potentialAction\":[{\"@type\":\"ReadAction\",\"target\":[\"https:\/\/www.public.sn\/index.php\/2022\/09\/02\/presidence-de-lassemblee-nationale-linter-coalition-yewwi-wallu-designe-son-candidat-officiel-ce-09-septembre\/\"]}]},{\"@type\":\"ImageObject\",\"inLanguage\":\"fr-FR\",\"@id\":\"https:\/\/www.public.sn\/index.php\/2022\/09\/02\/presidence-de-lassemblee-nationale-linter-coalition-yewwi-wallu-designe-son-candidat-officiel-ce-09-septembre\/#primaryimage\",\"url\":\"https:\/\/www.public.sn\/wp-content\/uploads\/2022\/09\/CD734B96-B2A5-4E88-91E1-2995953DBADE.jpeg\",\"contentUrl\":\"https:\/\/www.public.sn\/wp-content\/uploads\/2022\/09\/CD734B96-B2A5-4E88-91E1-2995953DBADE.jpeg\",\"width\":900,\"height\":630},{\"@type\":\"BreadcrumbList\",\"@id\":\"https:\/\/www.public.sn\/index.php\/2022\/09\/02\/presidence-de-lassemblee-nationale-linter-coalition-yewwi-wallu-designe-son-candidat-officiel-ce-09-septembre\/#breadcrumb\",\"itemListElement\":[{\"@type\":\"ListItem\",\"position\":1,\"name\":\"Accueil\",\"item\":\"https:\/\/www.public.sn\/\"},{\"@type\":\"ListItem\",\"position\":2,\"name\":\"Pr\u00e9sidence de l\u2019Assembl\u00e9e nationale: L\u2019inter coalition Yewwi-Wallu d\u00e9signe son candidat officiel ce 09 septembre.\"}]},{\"@type\":\"WebSite\",\"@id\":\"https:\/\/www.public.sn\/#website\",\"url\":\"https:\/\/www.public.sn\/\",\"name\":\"LE PUBLIC\",\"description\":\"\",\"publisher\":{\"@id\":\"https:\/\/www.public.sn\/#organization\"},\"potentialAction\":[{\"@type\":\"SearchAction\",\"target\":{\"@type\":\"EntryPoint\",\"urlTemplate\":\"https:\/\/www.public.sn\/?s={search_term_string}\"},\"query-input\":{\"@type\":\"PropertyValueSpecification\",\"valueRequired\":true,\"valueName\":\"search_term_string\"}}],\"inLanguage\":\"fr-FR\"},{\"@type\":\"Organization\",\"@id\":\"https:\/\/www.public.sn\/#organization\",\"name\":\"LE PUBLIC\",\"url\":\"https:\/\/www.public.sn\/\",\"logo\":{\"@type\":\"ImageObject\",\"inLanguage\":\"fr-FR\",\"@id\":\"https:\/\/www.public.sn\/#\/schema\/logo\/image\/\",\"url\":\"https:\/\/www.public.sn\/wp-content\/uploads\/2024\/05\/cropped-LOGO-PUBLIC.SN_.png\",\"contentUrl\":\"https:\/\/www.public.sn\/wp-content\/uploads\/2024\/05\/cropped-LOGO-PUBLIC.SN_.png\",\"width\":682,\"height\":192,\"caption\":\"LE PUBLIC\"},\"image\":{\"@id\":\"https:\/\/www.public.sn\/#\/schema\/logo\/image\/\"}},{\"@type\":\"Person\",\"@id\":\"https:\/\/www.public.sn\/#\/schema\/person\/e3f4a11b037d4203902db148f9bc8d5a\",\"name\":\"LA REDACTION\",\"image\":{\"@type\":\"ImageObject\",\"inLanguage\":\"fr-FR\",\"@id\":\"https:\/\/www.public.sn\/#\/schema\/person\/image\/\",\"url\":\"https:\/\/secure.gravatar.com\/avatar\/d6c030db45db2883c075085c5d6c6258654a801a93766b49af0b82d4f454e2a5?s=96&d=mm&r=g\",\"contentUrl\":\"https:\/\/secure.gravatar.com\/avatar\/d6c030db45db2883c075085c5d6c6258654a801a93766b49af0b82d4f454e2a5?s=96&d=mm&r=g\",\"caption\":\"LA REDACTION\"},\"sameAs\":[\"http:\/\/www.public.sn\"],\"url\":\"https:\/\/www.public.sn\/index.php\/author\/admin7324\/\"}]}<\/script>\n<!-- \/ Yoast SEO plugin. -->","yoast_head_json":{"title":"Pr\u00e9sidence de l\u2019Assembl\u00e9e nationale: L\u2019inter coalition Yewwi-Wallu d\u00e9signe son candidat officiel ce 09 septembre. - LE PUBLIC","robots":{"index":"index","follow":"follow","max-snippet":"max-snippet:-1","max-image-preview":"max-image-preview:large","max-video-preview":"max-video-preview:-1"},"canonical":"https:\/\/www.public.sn\/index.php\/2022\/09\/02\/presidence-de-lassemblee-nationale-linter-coalition-yewwi-wallu-designe-son-candidat-officiel-ce-09-septembre\/","og_locale":"fr_FR","og_type":"article","og_title":"Pr\u00e9sidence de l\u2019Assembl\u00e9e nationale: L\u2019inter coalition Yewwi-Wallu d\u00e9signe son candidat officiel ce 09 septembre. - LE PUBLIC","og_description":"Les tractions se poursuivent \u00e0 l\u2019inter coalition Yewwi-Wallu pour la pr\u00e9sidence de l\u2019Assembl\u00e9e nationale. La rencontre pr\u00e9vue hier \u00e0 21 h pour harmoniser les positions sur la composition des trois groupes parlementaires (2 de Yewwi et 1 de Wallu) a \u00e9t\u00e9 finalement report\u00e9e \u00e0 ce vendredi apr\u00e8s-midi. Par contre, \u00e0 propos du choix du candidat de l\u2019inter coalition au Perchoir de l\u2019Assembl\u00e9e nationale, le bien heureux d\u00e9sign\u00e9 sera connu le 9 septembre prochain. Ce, indique le journal Le T\u00e9moin, apr\u00e8s l\u2019arbitrage de Me Abdoulaye Wade pour d\u00e9partager les candidats d\u00e9clar\u00e9s de Wallu, le d\u00e9put\u00e9 de K\u00e9b\u00e9mer Mamadou Lamine Thiam et celui de Touba, Serigne Abdou Mback\u00e9 Bara Dolly. Pour rappel, le pr\u00e9sident s\u00e9n\u00e9galais Macky Sall a sign\u00e9 un d\u00e9cret fixant au 12 septembre prochain \u00e0 10h00 la premi\u00e8re session de l\u2019Assembl\u00e9e nationale nouvellement \u00e9lue \u00e0 l\u2019issue des l\u00e9gislatives du 31 juillet dernier. La coalition pr\u00e9sidentielle, Benno Bokk Yaakar (BBY), dispose de 82 si\u00e8ges les deux grandes coalitions de l\u2019opposition r\u00e9unies, Yewwi Askan Wi et Wallu Senegal, en ont 80.","og_url":"https:\/\/www.public.sn\/index.php\/2022\/09\/02\/presidence-de-lassemblee-nationale-linter-coalition-yewwi-wallu-designe-son-candidat-officiel-ce-09-septembre\/","og_site_name":"LE PUBLIC","article_published_time":"2022-09-02T17:28:23+00:00","article_modified_time":"2022-09-02T17:28:24+00:00","og_image":[{"width":900,"height":630,"url":"https:\/\/www.public.sn\/wp-content\/uploads\/2022\/09\/CD734B96-B2A5-4E88-91E1-2995953DBADE.jpeg","type":"image\/jpeg"}],"author":"LA REDACTION","twitter_card":"summary_large_image","twitter_misc":{"\u00c9crit par":"LA REDACTION","Dur\u00e9e de lecture estim\u00e9e":"1 minute"},"schema":{"@context":"https:\/\/schema.org","@graph":[{"@type":"Article","@id":"https:\/\/www.public.sn\/index.php\/2022\/09\/02\/presidence-de-lassemblee-nationale-linter-coalition-yewwi-wallu-designe-son-candidat-officiel-ce-09-septembre\/#article","isPartOf":{"@id":"https:\/\/www.public.sn\/index.php\/2022\/09\/02\/presidence-de-lassemblee-nationale-linter-coalition-yewwi-wallu-designe-son-candidat-officiel-ce-09-septembre\/"},"author":{"name":"LA REDACTION","@id":"https:\/\/www.public.sn\/#\/schema\/person\/e3f4a11b037d4203902db148f9bc8d5a"},"headline":"Pr\u00e9sidence de l\u2019Assembl\u00e9e nationale: L\u2019inter coalition Yewwi-Wallu d\u00e9signe son candidat officiel ce 09 septembre.","datePublished":"2022-09-02T17:28:23+00:00","dateModified":"2022-09-02T17:28:24+00:00","mainEntityOfPage":{"@id":"https:\/\/www.public.sn\/index.php\/2022\/09\/02\/presidence-de-lassemblee-nationale-linter-coalition-yewwi-wallu-designe-son-candidat-officiel-ce-09-septembre\/"},"wordCount":206,"commentCount":0,"publisher":{"@id":"https:\/\/www.public.sn\/#organization"},"image":{"@id":"https:\/\/www.public.sn\/index.php\/2022\/09\/02\/presidence-de-lassemblee-nationale-linter-coalition-yewwi-wallu-designe-son-candidat-officiel-ce-09-septembre\/#primaryimage"},"thumbnailUrl":"https:\/\/www.public.sn\/wp-content\/uploads\/2022\/09\/CD734B96-B2A5-4E88-91E1-2995953DBADE.jpeg","keywords":["Assembl\u00e9e Nationale","Macky Sall","Opposition","Pr\u00e9sidentielle 2024"],"articleSection":["ACTUALIT\u00c9S","POLITIQUE"],"inLanguage":"fr-FR","potentialAction":[{"@type":"CommentAction","name":"Comment","target":["https:\/\/www.public.sn\/index.php\/2022\/09\/02\/presidence-de-lassemblee-nationale-linter-coalition-yewwi-wallu-designe-son-candidat-officiel-ce-09-septembre\/#respond"]}]},{"@type":"WebPage","@id":"https:\/\/www.public.sn\/index.php\/2022\/09\/02\/presidence-de-lassemblee-nationale-linter-coalition-yewwi-wallu-designe-son-candidat-officiel-ce-09-septembre\/","url":"https:\/\/www.public.sn\/index.php\/2022\/09\/02\/presidence-de-lassemblee-nationale-linter-coalition-yewwi-wallu-designe-son-candidat-officiel-ce-09-septembre\/","name":"Pr\u00e9sidence de l\u2019Assembl\u00e9e nationale: L\u2019inter coalition Yewwi-Wallu d\u00e9signe son candidat officiel ce 09 septembre. - LE PUBLIC","isPartOf":{"@id":"https:\/\/www.public.sn\/#website"},"primaryImageOfPage":{"@id":"https:\/\/www.public.sn\/index.php\/2022\/09\/02\/presidence-de-lassemblee-nationale-linter-coalition-yewwi-wallu-designe-son-candidat-officiel-ce-09-septembre\/#primaryimage"},"image":{"@id":"https:\/\/www.public.sn\/index.php\/2022\/09\/02\/presidence-de-lassemblee-nationale-linter-coalition-yewwi-wallu-designe-son-candidat-officiel-ce-09-septembre\/#primaryimage"},"thumbnailUrl":"https:\/\/www.public.sn\/wp-content\/uploads\/2022\/09\/CD734B96-B2A5-4E88-91E1-2995953DBADE.jpeg","datePublished":"2022-09-02T17:28:23+00:00","dateModified":"2022-09-02T17:28:24+00:00","breadcrumb":{"@id":"https:\/\/www.public.sn\/index.php\/2022\/09\/02\/presidence-de-lassemblee-nationale-linter-coalition-yewwi-wallu-designe-son-candidat-officiel-ce-09-septembre\/#breadcrumb"},"inLanguage":"fr-FR","potentialAction":[{"@type":"ReadAction","target":["https:\/\/www.public.sn\/index.php\/2022\/09\/02\/presidence-de-lassemblee-nationale-linter-coalition-yewwi-wallu-designe-son-candidat-officiel-ce-09-septembre\/"]}]},{"@type":"ImageObject","inLanguage":"fr-FR","@id":"https:\/\/www.public.sn\/index.php\/2022\/09\/02\/presidence-de-lassemblee-nationale-linter-coalition-yewwi-wallu-designe-son-candidat-officiel-ce-09-septembre\/#primaryimage","url":"https:\/\/www.public.sn\/wp-content\/uploads\/2022\/09\/CD734B96-B2A5-4E88-91E1-2995953DBADE.jpeg","contentUrl":"https:\/\/www.public.sn\/wp-content\/uploads\/2022\/09\/CD734B96-B2A5-4E88-91E1-2995953DBADE.jpeg","width":900,"height":630},{"@type":"BreadcrumbList","@id":"https:\/\/www.public.sn\/index.php\/2022\/09\/02\/presidence-de-lassemblee-nationale-linter-coalition-yewwi-wallu-designe-son-candidat-officiel-ce-09-septembre\/#breadcrumb","itemListElement":[{"@type":"ListItem","position":1,"name":"Accueil","item":"https:\/\/www.public.sn\/"},{"@type":"ListItem","position":2,"name":"Pr\u00e9sidence de l\u2019Assembl\u00e9e nationale: L\u2019inter coalition Yewwi-Wallu d\u00e9signe son candidat officiel ce 09 septembre."}]},{"@type":"WebSite","@id":"https:\/\/www.public.sn\/#website","url":"https:\/\/www.public.sn\/","name":"LE PUBLIC","description":"","publisher":{"@id":"https:\/\/www.public.sn\/#organization"},"potentialAction":[{"@type":"SearchAction","target":{"@type":"EntryPoint","urlTemplate":"https:\/\/www.public.sn\/?s={search_term_string}"},"query-input":{"@type":"PropertyValueSpecification","valueRequired":true,"valueName":"search_term_string"}}],"inLanguage":"fr-FR"},{"@type":"Organization","@id":"https:\/\/www.public.sn\/#organization","name":"LE PUBLIC","url":"https:\/\/www.public.sn\/","logo":{"@type":"ImageObject","inLanguage":"fr-FR","@id":"https:\/\/www.public.sn\/#\/schema\/logo\/image\/","url":"https:\/\/www.public.sn\/wp-content\/uploads\/2024\/05\/cropped-LOGO-PUBLIC.SN_.png","contentUrl":"https:\/\/www.public.sn\/wp-content\/uploads\/2024\/05\/cropped-LOGO-PUBLIC.SN_.png","width":682,"height":192,"caption":"LE PUBLIC"},"image":{"@id":"https:\/\/www.public.sn\/#\/schema\/logo\/image\/"}},{"@type":"Person","@id":"https:\/\/www.public.sn\/#\/schema\/person\/e3f4a11b037d4203902db148f9bc8d5a","name":"LA REDACTION","image":{"@type":"ImageObject","inLanguage":"fr-FR","@id":"https:\/\/www.public.sn\/#\/schema\/person\/image\/","url":"https:\/\/secure.gravatar.com\/avatar\/d6c030db45db2883c075085c5d6c6258654a801a93766b49af0b82d4f454e2a5?s=96&d=mm&r=g","contentUrl":"https:\/\/secure.gravatar.com\/avatar\/d6c030db45db2883c075085c5d6c6258654a801a93766b49af0b82d4f454e2a5?s=96&d=mm&r=g","caption":"LA REDACTION"},"sameAs":["http:\/\/www.public.sn"],"url":"https:\/\/www.public.sn\/index.php\/author\/admin7324\/"}]}},"jetpack_featured_media_url":"https:\/\/www.public.sn\/wp-content\/uploads\/2022\/09\/CD734B96-B2A5-4E88-91E1-2995953DBADE.jpeg","jetpack_sharing_enabled":true,"_links":{"self":[{"href":"https:\/\/www.public.sn\/index.php\/wp-json\/wp\/v2\/posts\/1170","targetHints":{"allow":["GET"]}}],"collection":[{"href":"https:\/\/www.public.sn\/index.php\/wp-json\/wp\/v2\/posts"}],"about":[{"href":"https:\/\/www.public.sn\/index.php\/wp-json\/wp\/v2\/types\/post"}],"author":[{"embeddable":true,"href":"https:\/\/www.public.sn\/index.php\/wp-json\/wp\/v2\/users\/1"}],"replies":[{"embeddable":true,"href":"https:\/\/www.public.sn\/index.php\/wp-json\/wp\/v2\/comments?post=1170"}],"version-history":[{"count":1,"href":"https:\/\/www.public.sn\/index.php\/wp-json\/wp\/v2\/posts\/1170\/revisions"}],"predecessor-version":[{"id":1172,"href":"https:\/\/www.public.sn\/index.php\/wp-json\/wp\/v2\/posts\/1170\/revisions\/1172"}],"wp:featuredmedia":[{"embeddable":true,"href":"https:\/\/www.public.sn\/index.php\/wp-json\/wp\/v2\/media\/1171"}],"wp:attachment":[{"href":"https:\/\/www.public.sn\/index.php\/wp-json\/wp\/v2\/media?parent=1170"}],"wp:term":[{"taxonomy":"category","embeddable":true,"href":"https:\/\/www.public.sn\/index.php\/wp-json\/wp\/v2\/categories?post=1170"},{"taxonomy":"post_tag","embeddable":true,"href":"https:\/\/www.public.sn\/index.php\/wp-json\/wp\/v2\/tags?post=1170"}],"curies":[{"name":"wp","href":"https:\/\/api.w.org\/{rel}","templated":true}]}}