{"id":11705,"date":"2022-12-14T20:47:09","date_gmt":"2022-12-14T20:47:09","guid":{"rendered":"https:\/\/www.public.sn\/?p=11705"},"modified":"2022-12-14T21:11:38","modified_gmt":"2022-12-14T21:11:38","slug":"yewwi-askan-wi-alerte-et-menace-de-faire-face","status":"publish","type":"post","link":"https:\/\/www.public.sn\/index.php\/2022\/12\/14\/yewwi-askan-wi-alerte-et-menace-de-faire-face\/","title":{"rendered":"Yewwi Askan Wi alerte et menace&#8230;"},"content":{"rendered":"\n<p>En conf\u00e9rence de presse, cet apr\u00e8s-midi au si\u00e8ge du PRP, les leader de la coalition Yewwi Askan Wi se sont prononc\u00e9s sur l&rsquo;actualit\u00e9 politique nationale. Ils ont d\u00e9nonc\u00e9, \u00e0 tour de r\u00f4le,  la justice \u00e0 deux balles ainsi que la gestion n\u00e9buleuse des deniers publics. Ce n&rsquo;est pas tout. Sonko et Cie ko menacent de faire face au pouvoir avec des plans d\u2019action qui seront bient\u00f4t mis en \u0153uvre. <\/p><div class=\"publi-paragraphe1\" style=\"margin-top: 10px;margin-bottom: 10px;margin-left: auto;margin-right: auto;text-align: center;\" id=\"publi-325247822\"><div class=\"publi-adlabel\">Publicit\u00e9<\/div><script async src=\"\/\/pagead2.googlesyndication.com\/pagead\/js\/adsbygoogle.js?client=ca-pub-4089586018074219\" crossorigin=\"anonymous\"><\/script><ins class=\"adsbygoogle\" style=\"display:block;\" data-ad-client=\"ca-pub-4089586018074219\" \ndata-ad-slot=\"2087940154\" \ndata-ad-format=\"auto\"><\/ins>\n<script> \n(adsbygoogle = window.adsbygoogle || []).push({}); \n<\/script>\n<\/div>\n\n\n<p><iframe width=\"746\" height=\"420\" src=\"https:\/\/www.youtube.com\/embed\/XkP1Y3MJCsc\" title=\"yewwi askan wi alerte et menace de faire face ...\" frameborder=\"0\" allow=\"accelerometer; autoplay; clipboard-write; encrypted-media; gyroscope; picture-in-picture\" allowfullscreen=\"\"><\/iframe><\/p>\n\n\n<p>Amath SARR<\/p>\n<div class=\"publi-apres-le-contenu\" style=\"margin-top: 10px;margin-bottom: 10px;margin-left: auto;margin-right: auto;text-align: center;\" id=\"publi-2587479136\"><div class=\"publi-adlabel\">Publicit\u00e9<\/div><script async src=\"\/\/pagead2.googlesyndication.com\/pagead\/js\/adsbygoogle.js?client=ca-pub-4089586018074219\" crossorigin=\"anonymous\"><\/script><ins class=\"adsbygoogle\" style=\"display:block;\" data-ad-client=\"ca-pub-4089586018074219\" \ndata-ad-slot=\"2087940154\" \ndata-ad-format=\"auto\"><\/ins>\n<script> \n(adsbygoogle = window.adsbygoogle || []).push({}); \n<\/script>\n<\/div>","protected":false},"excerpt":{"rendered":"<p>En conf\u00e9rence de presse, cet apr\u00e8s-midi au si\u00e8ge du PRP, les leader de la coalition Yewwi Askan Wi se sont prononc\u00e9s sur l&rsquo;actualit\u00e9 politique nationale. Ils ont d\u00e9nonc\u00e9, \u00e0 tour de r\u00f4le, la justice \u00e0 deux balles ainsi que la gestion n\u00e9buleuse des deniers publics. Ce n&rsquo;est pas tout. Sonko et Cie ko menacent de faire face au pouvoir avec des plans d\u2019action qui seront bient\u00f4t mis en \u0153uvre. Amath SARR<\/p>\n","protected":false},"author":7,"featured_media":11706,"comment_status":"open","ping_status":"open","sticky":false,"template":"","format":"standard","meta":{"_jetpack_memberships_contains_paid_content":false,"footnotes":""},"categories":[375,3,1,372],"tags":[11,3778,3271],"class_list":["post-11705","post","type-post","status-publish","format-standard","has-post-thumbnail","hentry","category-actualites","category-politique","category-non-classe","category-vedette","tag-macky-sall","tag-menace-2","tag-yewwi-askan-wi","entry","has-media","owp-thumbs-layout-horizontal","owp-btn-normal","owp-tabs-layout-horizontal","has-no-thumbnails","has-product-nav"],"yoast_head":"<!-- This site is optimized with the Yoast SEO plugin v25.5 - https:\/\/yoast.com\/wordpress\/plugins\/seo\/ -->\n<title>Yewwi Askan Wi alerte et menace... - LE PUBLIC<\/title>\n<meta name=\"robots\" content=\"index, follow, max-snippet:-1, max-image-preview:large, max-video-preview:-1\" \/>\n<link rel=\"canonical\" href=\"https:\/\/www.public.sn\/index.php\/2022\/12\/14\/yewwi-askan-wi-alerte-et-menace-de-faire-face\/\" \/>\n<meta property=\"og:locale\" content=\"fr_FR\" \/>\n<meta property=\"og:type\" content=\"article\" \/>\n<meta property=\"og:title\" content=\"Yewwi Askan Wi alerte et menace... - LE PUBLIC\" \/>\n<meta property=\"og:description\" content=\"En conf\u00e9rence de presse, cet apr\u00e8s-midi au si\u00e8ge du PRP, les leader de la coalition Yewwi Askan Wi se sont prononc\u00e9s sur l&rsquo;actualit\u00e9 politique nationale. Ils ont d\u00e9nonc\u00e9, \u00e0 tour de r\u00f4le, la justice \u00e0 deux balles ainsi que la gestion n\u00e9buleuse des deniers publics. Ce n&rsquo;est pas tout. Sonko et Cie ko menacent de faire face au pouvoir avec des plans d\u2019action qui seront bient\u00f4t mis en \u0153uvre. Amath SARR\" \/>\n<meta property=\"og:url\" content=\"https:\/\/www.public.sn\/index.php\/2022\/12\/14\/yewwi-askan-wi-alerte-et-menace-de-faire-face\/\" \/>\n<meta property=\"og:site_name\" content=\"LE PUBLIC\" \/>\n<meta property=\"article:published_time\" content=\"2022-12-14T20:47:09+00:00\" \/>\n<meta property=\"article:modified_time\" content=\"2022-12-14T21:11:38+00:00\" \/>\n<meta property=\"og:image\" content=\"https:\/\/www.public.sn\/wp-content\/uploads\/2022\/12\/yewi.jpg\" \/>\n\t<meta property=\"og:image:width\" content=\"1920\" \/>\n\t<meta property=\"og:image:height\" content=\"1080\" \/>\n\t<meta property=\"og:image:type\" content=\"image\/jpeg\" \/>\n<meta name=\"author\" content=\"LA REDACTION\" \/>\n<meta name=\"twitter:card\" content=\"summary_large_image\" \/>\n<meta name=\"twitter:label1\" content=\"\u00c9crit par\" \/>\n\t<meta name=\"twitter:data1\" content=\"LA REDACTION\" \/>\n\t<meta name=\"twitter:label2\" content=\"Dur\u00e9e de lecture estim\u00e9e\" \/>\n\t<meta name=\"twitter:data2\" content=\"1 minute\" \/>\n<script type=\"application\/ld+json\" class=\"yoast-schema-graph\">{\"@context\":\"https:\/\/schema.org\",\"@graph\":[{\"@type\":\"Article\",\"@id\":\"https:\/\/www.public.sn\/index.php\/2022\/12\/14\/yewwi-askan-wi-alerte-et-menace-de-faire-face\/#article\",\"isPartOf\":{\"@id\":\"https:\/\/www.public.sn\/index.php\/2022\/12\/14\/yewwi-askan-wi-alerte-et-menace-de-faire-face\/\"},\"author\":{\"name\":\"LA REDACTION\",\"@id\":\"https:\/\/www.public.sn\/#\/schema\/person\/cb76c8e1b8becc6be61fb5e92d6d0224\"},\"headline\":\"Yewwi Askan Wi alerte et menace&#8230;\",\"datePublished\":\"2022-12-14T20:47:09+00:00\",\"dateModified\":\"2022-12-14T21:11:38+00:00\",\"mainEntityOfPage\":{\"@id\":\"https:\/\/www.public.sn\/index.php\/2022\/12\/14\/yewwi-askan-wi-alerte-et-menace-de-faire-face\/\"},\"wordCount\":84,\"commentCount\":1,\"publisher\":{\"@id\":\"https:\/\/www.public.sn\/#organization\"},\"image\":{\"@id\":\"https:\/\/www.public.sn\/index.php\/2022\/12\/14\/yewwi-askan-wi-alerte-et-menace-de-faire-face\/#primaryimage\"},\"thumbnailUrl\":\"https:\/\/www.public.sn\/wp-content\/uploads\/2022\/12\/yewi.jpg\",\"keywords\":[\"Macky Sall\",\"menace;\",\"yewwi askan wi\"],\"articleSection\":[\"ACTUALIT\u00c9S\",\"POLITIQUE\",\"S\u00c9N\u00c9GAL\",\"VEDETTE\"],\"inLanguage\":\"fr-FR\",\"potentialAction\":[{\"@type\":\"CommentAction\",\"name\":\"Comment\",\"target\":[\"https:\/\/www.public.sn\/index.php\/2022\/12\/14\/yewwi-askan-wi-alerte-et-menace-de-faire-face\/#respond\"]}]},{\"@type\":\"WebPage\",\"@id\":\"https:\/\/www.public.sn\/index.php\/2022\/12\/14\/yewwi-askan-wi-alerte-et-menace-de-faire-face\/\",\"url\":\"https:\/\/www.public.sn\/index.php\/2022\/12\/14\/yewwi-askan-wi-alerte-et-menace-de-faire-face\/\",\"name\":\"Yewwi Askan Wi alerte et menace... - LE PUBLIC\",\"isPartOf\":{\"@id\":\"https:\/\/www.public.sn\/#website\"},\"primaryImageOfPage\":{\"@id\":\"https:\/\/www.public.sn\/index.php\/2022\/12\/14\/yewwi-askan-wi-alerte-et-menace-de-faire-face\/#primaryimage\"},\"image\":{\"@id\":\"https:\/\/www.public.sn\/index.php\/2022\/12\/14\/yewwi-askan-wi-alerte-et-menace-de-faire-face\/#primaryimage\"},\"thumbnailUrl\":\"https:\/\/www.public.sn\/wp-content\/uploads\/2022\/12\/yewi.jpg\",\"datePublished\":\"2022-12-14T20:47:09+00:00\",\"dateModified\":\"2022-12-14T21:11:38+00:00\",\"breadcrumb\":{\"@id\":\"https:\/\/www.public.sn\/index.php\/2022\/12\/14\/yewwi-askan-wi-alerte-et-menace-de-faire-face\/#breadcrumb\"},\"inLanguage\":\"fr-FR\",\"potentialAction\":[{\"@type\":\"ReadAction\",\"target\":[\"https:\/\/www.public.sn\/index.php\/2022\/12\/14\/yewwi-askan-wi-alerte-et-menace-de-faire-face\/\"]}]},{\"@type\":\"ImageObject\",\"inLanguage\":\"fr-FR\",\"@id\":\"https:\/\/www.public.sn\/index.php\/2022\/12\/14\/yewwi-askan-wi-alerte-et-menace-de-faire-face\/#primaryimage\",\"url\":\"https:\/\/www.public.sn\/wp-content\/uploads\/2022\/12\/yewi.jpg\",\"contentUrl\":\"https:\/\/www.public.sn\/wp-content\/uploads\/2022\/12\/yewi.jpg\",\"width\":1920,\"height\":1080},{\"@type\":\"BreadcrumbList\",\"@id\":\"https:\/\/www.public.sn\/index.php\/2022\/12\/14\/yewwi-askan-wi-alerte-et-menace-de-faire-face\/#breadcrumb\",\"itemListElement\":[{\"@type\":\"ListItem\",\"position\":1,\"name\":\"Accueil\",\"item\":\"https:\/\/www.public.sn\/\"},{\"@type\":\"ListItem\",\"position\":2,\"name\":\"Yewwi Askan Wi alerte et menace&#8230;\"}]},{\"@type\":\"WebSite\",\"@id\":\"https:\/\/www.public.sn\/#website\",\"url\":\"https:\/\/www.public.sn\/\",\"name\":\"LE PUBLIC\",\"description\":\"\",\"publisher\":{\"@id\":\"https:\/\/www.public.sn\/#organization\"},\"potentialAction\":[{\"@type\":\"SearchAction\",\"target\":{\"@type\":\"EntryPoint\",\"urlTemplate\":\"https:\/\/www.public.sn\/?s={search_term_string}\"},\"query-input\":{\"@type\":\"PropertyValueSpecification\",\"valueRequired\":true,\"valueName\":\"search_term_string\"}}],\"inLanguage\":\"fr-FR\"},{\"@type\":\"Organization\",\"@id\":\"https:\/\/www.public.sn\/#organization\",\"name\":\"LE PUBLIC\",\"url\":\"https:\/\/www.public.sn\/\",\"logo\":{\"@type\":\"ImageObject\",\"inLanguage\":\"fr-FR\",\"@id\":\"https:\/\/www.public.sn\/#\/schema\/logo\/image\/\",\"url\":\"https:\/\/www.public.sn\/wp-content\/uploads\/2024\/05\/cropped-LOGO-PUBLIC.SN_.png\",\"contentUrl\":\"https:\/\/www.public.sn\/wp-content\/uploads\/2024\/05\/cropped-LOGO-PUBLIC.SN_.png\",\"width\":682,\"height\":192,\"caption\":\"LE PUBLIC\"},\"image\":{\"@id\":\"https:\/\/www.public.sn\/#\/schema\/logo\/image\/\"}},{\"@type\":\"Person\",\"@id\":\"https:\/\/www.public.sn\/#\/schema\/person\/cb76c8e1b8becc6be61fb5e92d6d0224\",\"name\":\"LA REDACTION\",\"image\":{\"@type\":\"ImageObject\",\"inLanguage\":\"fr-FR\",\"@id\":\"https:\/\/www.public.sn\/#\/schema\/person\/image\/\",\"url\":\"https:\/\/secure.gravatar.com\/avatar\/2dce5ddd34b8fef0180efe03aa2a9bee7d953856048f9a16b298190a3178407c?s=96&d=mm&r=g\",\"contentUrl\":\"https:\/\/secure.gravatar.com\/avatar\/2dce5ddd34b8fef0180efe03aa2a9bee7d953856048f9a16b298190a3178407c?s=96&d=mm&r=g\",\"caption\":\"LA REDACTION\"},\"url\":\"https:\/\/www.public.sn\/index.php\/author\/editeurpsn\/\"}]}<\/script>\n<!-- \/ Yoast SEO plugin. -->","yoast_head_json":{"title":"Yewwi Askan Wi alerte et menace... - LE PUBLIC","robots":{"index":"index","follow":"follow","max-snippet":"max-snippet:-1","max-image-preview":"max-image-preview:large","max-video-preview":"max-video-preview:-1"},"canonical":"https:\/\/www.public.sn\/index.php\/2022\/12\/14\/yewwi-askan-wi-alerte-et-menace-de-faire-face\/","og_locale":"fr_FR","og_type":"article","og_title":"Yewwi Askan Wi alerte et menace... - LE PUBLIC","og_description":"En conf\u00e9rence de presse, cet apr\u00e8s-midi au si\u00e8ge du PRP, les leader de la coalition Yewwi Askan Wi se sont prononc\u00e9s sur l&rsquo;actualit\u00e9 politique nationale. Ils ont d\u00e9nonc\u00e9, \u00e0 tour de r\u00f4le, la justice \u00e0 deux balles ainsi que la gestion n\u00e9buleuse des deniers publics. Ce n&rsquo;est pas tout. Sonko et Cie ko menacent de faire face au pouvoir avec des plans d\u2019action qui seront bient\u00f4t mis en \u0153uvre. Amath SARR","og_url":"https:\/\/www.public.sn\/index.php\/2022\/12\/14\/yewwi-askan-wi-alerte-et-menace-de-faire-face\/","og_site_name":"LE PUBLIC","article_published_time":"2022-12-14T20:47:09+00:00","article_modified_time":"2022-12-14T21:11:38+00:00","og_image":[{"width":1920,"height":1080,"url":"https:\/\/www.public.sn\/wp-content\/uploads\/2022\/12\/yewi.jpg","type":"image\/jpeg"}],"author":"LA REDACTION","twitter_card":"summary_large_image","twitter_misc":{"\u00c9crit par":"LA REDACTION","Dur\u00e9e de lecture estim\u00e9e":"1 minute"},"schema":{"@context":"https:\/\/schema.org","@graph":[{"@type":"Article","@id":"https:\/\/www.public.sn\/index.php\/2022\/12\/14\/yewwi-askan-wi-alerte-et-menace-de-faire-face\/#article","isPartOf":{"@id":"https:\/\/www.public.sn\/index.php\/2022\/12\/14\/yewwi-askan-wi-alerte-et-menace-de-faire-face\/"},"author":{"name":"LA REDACTION","@id":"https:\/\/www.public.sn\/#\/schema\/person\/cb76c8e1b8becc6be61fb5e92d6d0224"},"headline":"Yewwi Askan Wi alerte et menace&#8230;","datePublished":"2022-12-14T20:47:09+00:00","dateModified":"2022-12-14T21:11:38+00:00","mainEntityOfPage":{"@id":"https:\/\/www.public.sn\/index.php\/2022\/12\/14\/yewwi-askan-wi-alerte-et-menace-de-faire-face\/"},"wordCount":84,"commentCount":1,"publisher":{"@id":"https:\/\/www.public.sn\/#organization"},"image":{"@id":"https:\/\/www.public.sn\/index.php\/2022\/12\/14\/yewwi-askan-wi-alerte-et-menace-de-faire-face\/#primaryimage"},"thumbnailUrl":"https:\/\/www.public.sn\/wp-content\/uploads\/2022\/12\/yewi.jpg","keywords":["Macky Sall","menace;","yewwi askan wi"],"articleSection":["ACTUALIT\u00c9S","POLITIQUE","S\u00c9N\u00c9GAL","VEDETTE"],"inLanguage":"fr-FR","potentialAction":[{"@type":"CommentAction","name":"Comment","target":["https:\/\/www.public.sn\/index.php\/2022\/12\/14\/yewwi-askan-wi-alerte-et-menace-de-faire-face\/#respond"]}]},{"@type":"WebPage","@id":"https:\/\/www.public.sn\/index.php\/2022\/12\/14\/yewwi-askan-wi-alerte-et-menace-de-faire-face\/","url":"https:\/\/www.public.sn\/index.php\/2022\/12\/14\/yewwi-askan-wi-alerte-et-menace-de-faire-face\/","name":"Yewwi Askan Wi alerte et menace... - LE PUBLIC","isPartOf":{"@id":"https:\/\/www.public.sn\/#website"},"primaryImageOfPage":{"@id":"https:\/\/www.public.sn\/index.php\/2022\/12\/14\/yewwi-askan-wi-alerte-et-menace-de-faire-face\/#primaryimage"},"image":{"@id":"https:\/\/www.public.sn\/index.php\/2022\/12\/14\/yewwi-askan-wi-alerte-et-menace-de-faire-face\/#primaryimage"},"thumbnailUrl":"https:\/\/www.public.sn\/wp-content\/uploads\/2022\/12\/yewi.jpg","datePublished":"2022-12-14T20:47:09+00:00","dateModified":"2022-12-14T21:11:38+00:00","breadcrumb":{"@id":"https:\/\/www.public.sn\/index.php\/2022\/12\/14\/yewwi-askan-wi-alerte-et-menace-de-faire-face\/#breadcrumb"},"inLanguage":"fr-FR","potentialAction":[{"@type":"ReadAction","target":["https:\/\/www.public.sn\/index.php\/2022\/12\/14\/yewwi-askan-wi-alerte-et-menace-de-faire-face\/"]}]},{"@type":"ImageObject","inLanguage":"fr-FR","@id":"https:\/\/www.public.sn\/index.php\/2022\/12\/14\/yewwi-askan-wi-alerte-et-menace-de-faire-face\/#primaryimage","url":"https:\/\/www.public.sn\/wp-content\/uploads\/2022\/12\/yewi.jpg","contentUrl":"https:\/\/www.public.sn\/wp-content\/uploads\/2022\/12\/yewi.jpg","width":1920,"height":1080},{"@type":"BreadcrumbList","@id":"https:\/\/www.public.sn\/index.php\/2022\/12\/14\/yewwi-askan-wi-alerte-et-menace-de-faire-face\/#breadcrumb","itemListElement":[{"@type":"ListItem","position":1,"name":"Accueil","item":"https:\/\/www.public.sn\/"},{"@type":"ListItem","position":2,"name":"Yewwi Askan Wi alerte et menace&#8230;"}]},{"@type":"WebSite","@id":"https:\/\/www.public.sn\/#website","url":"https:\/\/www.public.sn\/","name":"LE PUBLIC","description":"","publisher":{"@id":"https:\/\/www.public.sn\/#organization"},"potentialAction":[{"@type":"SearchAction","target":{"@type":"EntryPoint","urlTemplate":"https:\/\/www.public.sn\/?s={search_term_string}"},"query-input":{"@type":"PropertyValueSpecification","valueRequired":true,"valueName":"search_term_string"}}],"inLanguage":"fr-FR"},{"@type":"Organization","@id":"https:\/\/www.public.sn\/#organization","name":"LE PUBLIC","url":"https:\/\/www.public.sn\/","logo":{"@type":"ImageObject","inLanguage":"fr-FR","@id":"https:\/\/www.public.sn\/#\/schema\/logo\/image\/","url":"https:\/\/www.public.sn\/wp-content\/uploads\/2024\/05\/cropped-LOGO-PUBLIC.SN_.png","contentUrl":"https:\/\/www.public.sn\/wp-content\/uploads\/2024\/05\/cropped-LOGO-PUBLIC.SN_.png","width":682,"height":192,"caption":"LE PUBLIC"},"image":{"@id":"https:\/\/www.public.sn\/#\/schema\/logo\/image\/"}},{"@type":"Person","@id":"https:\/\/www.public.sn\/#\/schema\/person\/cb76c8e1b8becc6be61fb5e92d6d0224","name":"LA REDACTION","image":{"@type":"ImageObject","inLanguage":"fr-FR","@id":"https:\/\/www.public.sn\/#\/schema\/person\/image\/","url":"https:\/\/secure.gravatar.com\/avatar\/2dce5ddd34b8fef0180efe03aa2a9bee7d953856048f9a16b298190a3178407c?s=96&d=mm&r=g","contentUrl":"https:\/\/secure.gravatar.com\/avatar\/2dce5ddd34b8fef0180efe03aa2a9bee7d953856048f9a16b298190a3178407c?s=96&d=mm&r=g","caption":"LA REDACTION"},"url":"https:\/\/www.public.sn\/index.php\/author\/editeurpsn\/"}]}},"jetpack_featured_media_url":"https:\/\/www.public.sn\/wp-content\/uploads\/2022\/12\/yewi.jpg","jetpack_sharing_enabled":true,"_links":{"self":[{"href":"https:\/\/www.public.sn\/index.php\/wp-json\/wp\/v2\/posts\/11705","targetHints":{"allow":["GET"]}}],"collection":[{"href":"https:\/\/www.public.sn\/index.php\/wp-json\/wp\/v2\/posts"}],"about":[{"href":"https:\/\/www.public.sn\/index.php\/wp-json\/wp\/v2\/types\/post"}],"author":[{"embeddable":true,"href":"https:\/\/www.public.sn\/index.php\/wp-json\/wp\/v2\/users\/7"}],"replies":[{"embeddable":true,"href":"https:\/\/www.public.sn\/index.php\/wp-json\/wp\/v2\/comments?post=11705"}],"version-history":[{"count":2,"href":"https:\/\/www.public.sn\/index.php\/wp-json\/wp\/v2\/posts\/11705\/revisions"}],"predecessor-version":[{"id":11716,"href":"https:\/\/www.public.sn\/index.php\/wp-json\/wp\/v2\/posts\/11705\/revisions\/11716"}],"wp:featuredmedia":[{"embeddable":true,"href":"https:\/\/www.public.sn\/index.php\/wp-json\/wp\/v2\/media\/11706"}],"wp:attachment":[{"href":"https:\/\/www.public.sn\/index.php\/wp-json\/wp\/v2\/media?parent=11705"}],"wp:term":[{"taxonomy":"category","embeddable":true,"href":"https:\/\/www.public.sn\/index.php\/wp-json\/wp\/v2\/categories?post=11705"},{"taxonomy":"post_tag","embeddable":true,"href":"https:\/\/www.public.sn\/index.php\/wp-json\/wp\/v2\/tags?post=11705"}],"curies":[{"name":"wp","href":"https:\/\/api.w.org\/{rel}","templated":true}]}}