{"id":11727,"date":"2022-12-15T07:29:52","date_gmt":"2022-12-15T07:29:52","guid":{"rendered":"https:\/\/www.public.sn\/?p=11727"},"modified":"2022-12-15T07:29:54","modified_gmt":"2022-12-15T07:29:54","slug":"ousmane-sonko-convoque-a-la-dic","status":"publish","type":"post","link":"https:\/\/www.public.sn\/index.php\/2022\/12\/15\/ousmane-sonko-convoque-a-la-dic\/","title":{"rendered":"Ousmane Sonko convoqu\u00e9 \u00e0 la DIC"},"content":{"rendered":"\n<p>Mame Mbaye Niang qui avait annonc\u00e9 des poursuites judiciaires contre le leader de Pastef avait d\u00e9pos\u00e9 sa plainte sur la table du procureur.\u00a0 Et le parquet a fait un soit-transmis qu\u2019il a remis \u00e0 la DIC qui va diriger l\u2019enqu\u00eate.<\/p><div class=\"publi-paragraphe1\" style=\"margin-top: 10px;margin-bottom: 10px;margin-left: auto;margin-right: auto;text-align: center;\" id=\"publi-1553862581\"><div class=\"publi-adlabel\">Publicit\u00e9<\/div><script async src=\"\/\/pagead2.googlesyndication.com\/pagead\/js\/adsbygoogle.js?client=ca-pub-4089586018074219\" crossorigin=\"anonymous\"><\/script><ins class=\"adsbygoogle\" style=\"display:block;\" data-ad-client=\"ca-pub-4089586018074219\" \ndata-ad-slot=\"2087940154\" \ndata-ad-format=\"auto\"><\/ins>\n<script> \n(adsbygoogle = window.adsbygoogle || []).push({}); \n<\/script>\n<\/div>\n\n\n\n<p>Une convocation a \u00e9t\u00e9 adress\u00e9e \u00e0 Ousmane Sonko pour confirmer ou infirmer ses accusations contre l\u2019ex ministre de la jeunesse. Il nous revient que le leader de Pastef s&rsquo;est rendu \u00e0 la BAG o\u00f9 il a \u00e9t\u00e9 auditionn\u00e9 par la DIC. La fin de l&rsquo;enqu\u00eate permettra au procureur de savoir quelle suite donner \u00e0 la plainte de Mame Mbaye Niang.<\/p>\n\n\n\n<p>Ousmane Sonko, dans son expos\u00e9 dit d\u00e9tenir un rapport de l\u2019IGE qui aurait \u00e9pingl\u00e9 l&rsquo;ex ministre de la Jeunesse, rapport relatif au march\u00e9 pass\u00e9 par le PRODAC pour la construction des DAC.<\/p>\n\n\n\n<p>\u00ab\u00a0A Ousmane SONKO, je r\u00e9it\u00e8re, il n\u2019y a aucun rapport de l\u2019IGE relatif au PRODAC qui m\u2019incrimine ou plus simplement qui me d\u00e9signe comme responsable d\u2019une quelconque faute, \u00e0 fortiori d\u2019une infraction\u00a0\u00bb, disait Mame Mbaye Niang.<\/p>\n<div class=\"publi-apres-le-contenu\" style=\"margin-top: 10px;margin-bottom: 10px;margin-left: auto;margin-right: auto;text-align: center;\" id=\"publi-3045255222\"><div class=\"publi-adlabel\">Publicit\u00e9<\/div><script async src=\"\/\/pagead2.googlesyndication.com\/pagead\/js\/adsbygoogle.js?client=ca-pub-4089586018074219\" crossorigin=\"anonymous\"><\/script><ins class=\"adsbygoogle\" style=\"display:block;\" data-ad-client=\"ca-pub-4089586018074219\" \ndata-ad-slot=\"2087940154\" \ndata-ad-format=\"auto\"><\/ins>\n<script> \n(adsbygoogle = window.adsbygoogle || []).push({}); \n<\/script>\n<\/div>","protected":false},"excerpt":{"rendered":"<p>Mame Mbaye Niang qui avait annonc\u00e9 des poursuites judiciaires contre le leader de Pastef avait d\u00e9pos\u00e9 sa plainte sur la table du procureur.\u00a0 Et le parquet a fait un soit-transmis qu\u2019il a remis \u00e0 la DIC qui va diriger l\u2019enqu\u00eate. Une convocation a \u00e9t\u00e9 adress\u00e9e \u00e0 Ousmane Sonko pour confirmer ou infirmer ses accusations contre l\u2019ex ministre de la jeunesse. Il nous revient que le leader de Pastef s&rsquo;est rendu \u00e0 la BAG o\u00f9 il a \u00e9t\u00e9 auditionn\u00e9 par la DIC. La fin de l&rsquo;enqu\u00eate permettra au procureur de savoir quelle suite donner \u00e0 la plainte de Mame Mbaye Niang. Ousmane Sonko, dans son expos\u00e9 dit d\u00e9tenir un rapport de l\u2019IGE qui aurait \u00e9pingl\u00e9 l&rsquo;ex ministre de la Jeunesse, rapport relatif au march\u00e9 pass\u00e9 par le PRODAC pour la construction des DAC. \u00ab\u00a0A Ousmane SONKO, je r\u00e9it\u00e8re, il n\u2019y a aucun rapport de l\u2019IGE relatif au PRODAC qui m\u2019incrimine ou plus simplement qui me d\u00e9signe comme responsable d\u2019une quelconque faute, \u00e0 fortiori d\u2019une infraction\u00a0\u00bb, disait Mame Mbaye Niang.<\/p>\n","protected":false},"author":1,"featured_media":11728,"comment_status":"open","ping_status":"open","sticky":false,"template":"","format":"standard","meta":{"_jetpack_memberships_contains_paid_content":false,"footnotes":""},"categories":[375,372],"tags":[640,293,16],"class_list":["post-11727","post","type-post","status-publish","format-standard","has-post-thumbnail","hentry","category-actualites","category-vedette","tag-dic","tag-mame-mbaye-niang","tag-ousmane-sonko","entry","has-media","owp-thumbs-layout-horizontal","owp-btn-normal","owp-tabs-layout-horizontal","has-no-thumbnails","has-product-nav"],"yoast_head":"<!-- This site is optimized with the Yoast SEO plugin v25.5 - https:\/\/yoast.com\/wordpress\/plugins\/seo\/ -->\n<title>Ousmane Sonko convoqu\u00e9 \u00e0 la DIC - LE PUBLIC<\/title>\n<meta name=\"robots\" content=\"index, follow, max-snippet:-1, max-image-preview:large, max-video-preview:-1\" \/>\n<link rel=\"canonical\" href=\"https:\/\/www.public.sn\/index.php\/2022\/12\/15\/ousmane-sonko-convoque-a-la-dic\/\" \/>\n<meta property=\"og:locale\" content=\"fr_FR\" \/>\n<meta property=\"og:type\" content=\"article\" \/>\n<meta property=\"og:title\" content=\"Ousmane Sonko convoqu\u00e9 \u00e0 la DIC - LE PUBLIC\" \/>\n<meta property=\"og:description\" content=\"Mame Mbaye Niang qui avait annonc\u00e9 des poursuites judiciaires contre le leader de Pastef avait d\u00e9pos\u00e9 sa plainte sur la table du procureur.\u00a0 Et le parquet a fait un soit-transmis qu\u2019il a remis \u00e0 la DIC qui va diriger l\u2019enqu\u00eate. Une convocation a \u00e9t\u00e9 adress\u00e9e \u00e0 Ousmane Sonko pour confirmer ou infirmer ses accusations contre l\u2019ex ministre de la jeunesse. Il nous revient que le leader de Pastef s&rsquo;est rendu \u00e0 la BAG o\u00f9 il a \u00e9t\u00e9 auditionn\u00e9 par la DIC. La fin de l&rsquo;enqu\u00eate permettra au procureur de savoir quelle suite donner \u00e0 la plainte de Mame Mbaye Niang. Ousmane Sonko, dans son expos\u00e9 dit d\u00e9tenir un rapport de l\u2019IGE qui aurait \u00e9pingl\u00e9 l&rsquo;ex ministre de la Jeunesse, rapport relatif au march\u00e9 pass\u00e9 par le PRODAC pour la construction des DAC. \u00ab\u00a0A Ousmane SONKO, je r\u00e9it\u00e8re, il n\u2019y a aucun rapport de l\u2019IGE relatif au PRODAC qui m\u2019incrimine ou plus simplement qui me d\u00e9signe comme responsable d\u2019une quelconque faute, \u00e0 fortiori d\u2019une infraction\u00a0\u00bb, disait Mame Mbaye Niang.\" \/>\n<meta property=\"og:url\" content=\"https:\/\/www.public.sn\/index.php\/2022\/12\/15\/ousmane-sonko-convoque-a-la-dic\/\" \/>\n<meta property=\"og:site_name\" content=\"LE PUBLIC\" \/>\n<meta property=\"article:published_time\" content=\"2022-12-15T07:29:52+00:00\" \/>\n<meta property=\"article:modified_time\" content=\"2022-12-15T07:29:54+00:00\" \/>\n<meta property=\"og:image\" content=\"https:\/\/www.public.sn\/wp-content\/uploads\/2022\/12\/sonko.jpg\" \/>\n\t<meta property=\"og:image:width\" content=\"696\" \/>\n\t<meta property=\"og:image:height\" content=\"379\" \/>\n\t<meta property=\"og:image:type\" content=\"image\/jpeg\" \/>\n<meta name=\"author\" content=\"LA REDACTION\" \/>\n<meta name=\"twitter:card\" content=\"summary_large_image\" \/>\n<meta name=\"twitter:label1\" content=\"\u00c9crit par\" \/>\n\t<meta name=\"twitter:data1\" content=\"LA REDACTION\" \/>\n\t<meta name=\"twitter:label2\" content=\"Dur\u00e9e de lecture estim\u00e9e\" \/>\n\t<meta name=\"twitter:data2\" content=\"1 minute\" \/>\n<script type=\"application\/ld+json\" class=\"yoast-schema-graph\">{\"@context\":\"https:\/\/schema.org\",\"@graph\":[{\"@type\":\"Article\",\"@id\":\"https:\/\/www.public.sn\/index.php\/2022\/12\/15\/ousmane-sonko-convoque-a-la-dic\/#article\",\"isPartOf\":{\"@id\":\"https:\/\/www.public.sn\/index.php\/2022\/12\/15\/ousmane-sonko-convoque-a-la-dic\/\"},\"author\":{\"name\":\"LA REDACTION\",\"@id\":\"https:\/\/www.public.sn\/#\/schema\/person\/e3f4a11b037d4203902db148f9bc8d5a\"},\"headline\":\"Ousmane Sonko convoqu\u00e9 \u00e0 la DIC\",\"datePublished\":\"2022-12-15T07:29:52+00:00\",\"dateModified\":\"2022-12-15T07:29:54+00:00\",\"mainEntityOfPage\":{\"@id\":\"https:\/\/www.public.sn\/index.php\/2022\/12\/15\/ousmane-sonko-convoque-a-la-dic\/\"},\"wordCount\":185,\"commentCount\":0,\"publisher\":{\"@id\":\"https:\/\/www.public.sn\/#organization\"},\"image\":{\"@id\":\"https:\/\/www.public.sn\/index.php\/2022\/12\/15\/ousmane-sonko-convoque-a-la-dic\/#primaryimage\"},\"thumbnailUrl\":\"https:\/\/www.public.sn\/wp-content\/uploads\/2022\/12\/sonko.jpg\",\"keywords\":[\"DIC\",\"Mame Mbaye Niang\",\"Ousmane Sonko\"],\"articleSection\":[\"ACTUALIT\u00c9S\",\"VEDETTE\"],\"inLanguage\":\"fr-FR\",\"potentialAction\":[{\"@type\":\"CommentAction\",\"name\":\"Comment\",\"target\":[\"https:\/\/www.public.sn\/index.php\/2022\/12\/15\/ousmane-sonko-convoque-a-la-dic\/#respond\"]}]},{\"@type\":\"WebPage\",\"@id\":\"https:\/\/www.public.sn\/index.php\/2022\/12\/15\/ousmane-sonko-convoque-a-la-dic\/\",\"url\":\"https:\/\/www.public.sn\/index.php\/2022\/12\/15\/ousmane-sonko-convoque-a-la-dic\/\",\"name\":\"Ousmane Sonko convoqu\u00e9 \u00e0 la DIC - LE PUBLIC\",\"isPartOf\":{\"@id\":\"https:\/\/www.public.sn\/#website\"},\"primaryImageOfPage\":{\"@id\":\"https:\/\/www.public.sn\/index.php\/2022\/12\/15\/ousmane-sonko-convoque-a-la-dic\/#primaryimage\"},\"image\":{\"@id\":\"https:\/\/www.public.sn\/index.php\/2022\/12\/15\/ousmane-sonko-convoque-a-la-dic\/#primaryimage\"},\"thumbnailUrl\":\"https:\/\/www.public.sn\/wp-content\/uploads\/2022\/12\/sonko.jpg\",\"datePublished\":\"2022-12-15T07:29:52+00:00\",\"dateModified\":\"2022-12-15T07:29:54+00:00\",\"breadcrumb\":{\"@id\":\"https:\/\/www.public.sn\/index.php\/2022\/12\/15\/ousmane-sonko-convoque-a-la-dic\/#breadcrumb\"},\"inLanguage\":\"fr-FR\",\"potentialAction\":[{\"@type\":\"ReadAction\",\"target\":[\"https:\/\/www.public.sn\/index.php\/2022\/12\/15\/ousmane-sonko-convoque-a-la-dic\/\"]}]},{\"@type\":\"ImageObject\",\"inLanguage\":\"fr-FR\",\"@id\":\"https:\/\/www.public.sn\/index.php\/2022\/12\/15\/ousmane-sonko-convoque-a-la-dic\/#primaryimage\",\"url\":\"https:\/\/www.public.sn\/wp-content\/uploads\/2022\/12\/sonko.jpg\",\"contentUrl\":\"https:\/\/www.public.sn\/wp-content\/uploads\/2022\/12\/sonko.jpg\",\"width\":696,\"height\":379},{\"@type\":\"BreadcrumbList\",\"@id\":\"https:\/\/www.public.sn\/index.php\/2022\/12\/15\/ousmane-sonko-convoque-a-la-dic\/#breadcrumb\",\"itemListElement\":[{\"@type\":\"ListItem\",\"position\":1,\"name\":\"Accueil\",\"item\":\"https:\/\/www.public.sn\/\"},{\"@type\":\"ListItem\",\"position\":2,\"name\":\"Ousmane Sonko convoqu\u00e9 \u00e0 la DIC\"}]},{\"@type\":\"WebSite\",\"@id\":\"https:\/\/www.public.sn\/#website\",\"url\":\"https:\/\/www.public.sn\/\",\"name\":\"LE PUBLIC\",\"description\":\"\",\"publisher\":{\"@id\":\"https:\/\/www.public.sn\/#organization\"},\"potentialAction\":[{\"@type\":\"SearchAction\",\"target\":{\"@type\":\"EntryPoint\",\"urlTemplate\":\"https:\/\/www.public.sn\/?s={search_term_string}\"},\"query-input\":{\"@type\":\"PropertyValueSpecification\",\"valueRequired\":true,\"valueName\":\"search_term_string\"}}],\"inLanguage\":\"fr-FR\"},{\"@type\":\"Organization\",\"@id\":\"https:\/\/www.public.sn\/#organization\",\"name\":\"LE PUBLIC\",\"url\":\"https:\/\/www.public.sn\/\",\"logo\":{\"@type\":\"ImageObject\",\"inLanguage\":\"fr-FR\",\"@id\":\"https:\/\/www.public.sn\/#\/schema\/logo\/image\/\",\"url\":\"https:\/\/www.public.sn\/wp-content\/uploads\/2024\/05\/cropped-LOGO-PUBLIC.SN_.png\",\"contentUrl\":\"https:\/\/www.public.sn\/wp-content\/uploads\/2024\/05\/cropped-LOGO-PUBLIC.SN_.png\",\"width\":682,\"height\":192,\"caption\":\"LE PUBLIC\"},\"image\":{\"@id\":\"https:\/\/www.public.sn\/#\/schema\/logo\/image\/\"}},{\"@type\":\"Person\",\"@id\":\"https:\/\/www.public.sn\/#\/schema\/person\/e3f4a11b037d4203902db148f9bc8d5a\",\"name\":\"LA REDACTION\",\"image\":{\"@type\":\"ImageObject\",\"inLanguage\":\"fr-FR\",\"@id\":\"https:\/\/www.public.sn\/#\/schema\/person\/image\/\",\"url\":\"https:\/\/secure.gravatar.com\/avatar\/d6c030db45db2883c075085c5d6c6258654a801a93766b49af0b82d4f454e2a5?s=96&d=mm&r=g\",\"contentUrl\":\"https:\/\/secure.gravatar.com\/avatar\/d6c030db45db2883c075085c5d6c6258654a801a93766b49af0b82d4f454e2a5?s=96&d=mm&r=g\",\"caption\":\"LA REDACTION\"},\"sameAs\":[\"http:\/\/www.public.sn\"],\"url\":\"https:\/\/www.public.sn\/index.php\/author\/admin7324\/\"}]}<\/script>\n<!-- \/ Yoast SEO plugin. -->","yoast_head_json":{"title":"Ousmane Sonko convoqu\u00e9 \u00e0 la DIC - LE PUBLIC","robots":{"index":"index","follow":"follow","max-snippet":"max-snippet:-1","max-image-preview":"max-image-preview:large","max-video-preview":"max-video-preview:-1"},"canonical":"https:\/\/www.public.sn\/index.php\/2022\/12\/15\/ousmane-sonko-convoque-a-la-dic\/","og_locale":"fr_FR","og_type":"article","og_title":"Ousmane Sonko convoqu\u00e9 \u00e0 la DIC - LE PUBLIC","og_description":"Mame Mbaye Niang qui avait annonc\u00e9 des poursuites judiciaires contre le leader de Pastef avait d\u00e9pos\u00e9 sa plainte sur la table du procureur.\u00a0 Et le parquet a fait un soit-transmis qu\u2019il a remis \u00e0 la DIC qui va diriger l\u2019enqu\u00eate. Une convocation a \u00e9t\u00e9 adress\u00e9e \u00e0 Ousmane Sonko pour confirmer ou infirmer ses accusations contre l\u2019ex ministre de la jeunesse. Il nous revient que le leader de Pastef s&rsquo;est rendu \u00e0 la BAG o\u00f9 il a \u00e9t\u00e9 auditionn\u00e9 par la DIC. La fin de l&rsquo;enqu\u00eate permettra au procureur de savoir quelle suite donner \u00e0 la plainte de Mame Mbaye Niang. Ousmane Sonko, dans son expos\u00e9 dit d\u00e9tenir un rapport de l\u2019IGE qui aurait \u00e9pingl\u00e9 l&rsquo;ex ministre de la Jeunesse, rapport relatif au march\u00e9 pass\u00e9 par le PRODAC pour la construction des DAC. \u00ab\u00a0A Ousmane SONKO, je r\u00e9it\u00e8re, il n\u2019y a aucun rapport de l\u2019IGE relatif au PRODAC qui m\u2019incrimine ou plus simplement qui me d\u00e9signe comme responsable d\u2019une quelconque faute, \u00e0 fortiori d\u2019une infraction\u00a0\u00bb, disait Mame Mbaye Niang.","og_url":"https:\/\/www.public.sn\/index.php\/2022\/12\/15\/ousmane-sonko-convoque-a-la-dic\/","og_site_name":"LE PUBLIC","article_published_time":"2022-12-15T07:29:52+00:00","article_modified_time":"2022-12-15T07:29:54+00:00","og_image":[{"width":696,"height":379,"url":"https:\/\/www.public.sn\/wp-content\/uploads\/2022\/12\/sonko.jpg","type":"image\/jpeg"}],"author":"LA REDACTION","twitter_card":"summary_large_image","twitter_misc":{"\u00c9crit par":"LA REDACTION","Dur\u00e9e de lecture estim\u00e9e":"1 minute"},"schema":{"@context":"https:\/\/schema.org","@graph":[{"@type":"Article","@id":"https:\/\/www.public.sn\/index.php\/2022\/12\/15\/ousmane-sonko-convoque-a-la-dic\/#article","isPartOf":{"@id":"https:\/\/www.public.sn\/index.php\/2022\/12\/15\/ousmane-sonko-convoque-a-la-dic\/"},"author":{"name":"LA REDACTION","@id":"https:\/\/www.public.sn\/#\/schema\/person\/e3f4a11b037d4203902db148f9bc8d5a"},"headline":"Ousmane Sonko convoqu\u00e9 \u00e0 la DIC","datePublished":"2022-12-15T07:29:52+00:00","dateModified":"2022-12-15T07:29:54+00:00","mainEntityOfPage":{"@id":"https:\/\/www.public.sn\/index.php\/2022\/12\/15\/ousmane-sonko-convoque-a-la-dic\/"},"wordCount":185,"commentCount":0,"publisher":{"@id":"https:\/\/www.public.sn\/#organization"},"image":{"@id":"https:\/\/www.public.sn\/index.php\/2022\/12\/15\/ousmane-sonko-convoque-a-la-dic\/#primaryimage"},"thumbnailUrl":"https:\/\/www.public.sn\/wp-content\/uploads\/2022\/12\/sonko.jpg","keywords":["DIC","Mame Mbaye Niang","Ousmane Sonko"],"articleSection":["ACTUALIT\u00c9S","VEDETTE"],"inLanguage":"fr-FR","potentialAction":[{"@type":"CommentAction","name":"Comment","target":["https:\/\/www.public.sn\/index.php\/2022\/12\/15\/ousmane-sonko-convoque-a-la-dic\/#respond"]}]},{"@type":"WebPage","@id":"https:\/\/www.public.sn\/index.php\/2022\/12\/15\/ousmane-sonko-convoque-a-la-dic\/","url":"https:\/\/www.public.sn\/index.php\/2022\/12\/15\/ousmane-sonko-convoque-a-la-dic\/","name":"Ousmane Sonko convoqu\u00e9 \u00e0 la DIC - LE PUBLIC","isPartOf":{"@id":"https:\/\/www.public.sn\/#website"},"primaryImageOfPage":{"@id":"https:\/\/www.public.sn\/index.php\/2022\/12\/15\/ousmane-sonko-convoque-a-la-dic\/#primaryimage"},"image":{"@id":"https:\/\/www.public.sn\/index.php\/2022\/12\/15\/ousmane-sonko-convoque-a-la-dic\/#primaryimage"},"thumbnailUrl":"https:\/\/www.public.sn\/wp-content\/uploads\/2022\/12\/sonko.jpg","datePublished":"2022-12-15T07:29:52+00:00","dateModified":"2022-12-15T07:29:54+00:00","breadcrumb":{"@id":"https:\/\/www.public.sn\/index.php\/2022\/12\/15\/ousmane-sonko-convoque-a-la-dic\/#breadcrumb"},"inLanguage":"fr-FR","potentialAction":[{"@type":"ReadAction","target":["https:\/\/www.public.sn\/index.php\/2022\/12\/15\/ousmane-sonko-convoque-a-la-dic\/"]}]},{"@type":"ImageObject","inLanguage":"fr-FR","@id":"https:\/\/www.public.sn\/index.php\/2022\/12\/15\/ousmane-sonko-convoque-a-la-dic\/#primaryimage","url":"https:\/\/www.public.sn\/wp-content\/uploads\/2022\/12\/sonko.jpg","contentUrl":"https:\/\/www.public.sn\/wp-content\/uploads\/2022\/12\/sonko.jpg","width":696,"height":379},{"@type":"BreadcrumbList","@id":"https:\/\/www.public.sn\/index.php\/2022\/12\/15\/ousmane-sonko-convoque-a-la-dic\/#breadcrumb","itemListElement":[{"@type":"ListItem","position":1,"name":"Accueil","item":"https:\/\/www.public.sn\/"},{"@type":"ListItem","position":2,"name":"Ousmane Sonko convoqu\u00e9 \u00e0 la DIC"}]},{"@type":"WebSite","@id":"https:\/\/www.public.sn\/#website","url":"https:\/\/www.public.sn\/","name":"LE PUBLIC","description":"","publisher":{"@id":"https:\/\/www.public.sn\/#organization"},"potentialAction":[{"@type":"SearchAction","target":{"@type":"EntryPoint","urlTemplate":"https:\/\/www.public.sn\/?s={search_term_string}"},"query-input":{"@type":"PropertyValueSpecification","valueRequired":true,"valueName":"search_term_string"}}],"inLanguage":"fr-FR"},{"@type":"Organization","@id":"https:\/\/www.public.sn\/#organization","name":"LE PUBLIC","url":"https:\/\/www.public.sn\/","logo":{"@type":"ImageObject","inLanguage":"fr-FR","@id":"https:\/\/www.public.sn\/#\/schema\/logo\/image\/","url":"https:\/\/www.public.sn\/wp-content\/uploads\/2024\/05\/cropped-LOGO-PUBLIC.SN_.png","contentUrl":"https:\/\/www.public.sn\/wp-content\/uploads\/2024\/05\/cropped-LOGO-PUBLIC.SN_.png","width":682,"height":192,"caption":"LE PUBLIC"},"image":{"@id":"https:\/\/www.public.sn\/#\/schema\/logo\/image\/"}},{"@type":"Person","@id":"https:\/\/www.public.sn\/#\/schema\/person\/e3f4a11b037d4203902db148f9bc8d5a","name":"LA REDACTION","image":{"@type":"ImageObject","inLanguage":"fr-FR","@id":"https:\/\/www.public.sn\/#\/schema\/person\/image\/","url":"https:\/\/secure.gravatar.com\/avatar\/d6c030db45db2883c075085c5d6c6258654a801a93766b49af0b82d4f454e2a5?s=96&d=mm&r=g","contentUrl":"https:\/\/secure.gravatar.com\/avatar\/d6c030db45db2883c075085c5d6c6258654a801a93766b49af0b82d4f454e2a5?s=96&d=mm&r=g","caption":"LA REDACTION"},"sameAs":["http:\/\/www.public.sn"],"url":"https:\/\/www.public.sn\/index.php\/author\/admin7324\/"}]}},"jetpack_featured_media_url":"https:\/\/www.public.sn\/wp-content\/uploads\/2022\/12\/sonko.jpg","jetpack_sharing_enabled":true,"_links":{"self":[{"href":"https:\/\/www.public.sn\/index.php\/wp-json\/wp\/v2\/posts\/11727","targetHints":{"allow":["GET"]}}],"collection":[{"href":"https:\/\/www.public.sn\/index.php\/wp-json\/wp\/v2\/posts"}],"about":[{"href":"https:\/\/www.public.sn\/index.php\/wp-json\/wp\/v2\/types\/post"}],"author":[{"embeddable":true,"href":"https:\/\/www.public.sn\/index.php\/wp-json\/wp\/v2\/users\/1"}],"replies":[{"embeddable":true,"href":"https:\/\/www.public.sn\/index.php\/wp-json\/wp\/v2\/comments?post=11727"}],"version-history":[{"count":2,"href":"https:\/\/www.public.sn\/index.php\/wp-json\/wp\/v2\/posts\/11727\/revisions"}],"predecessor-version":[{"id":11730,"href":"https:\/\/www.public.sn\/index.php\/wp-json\/wp\/v2\/posts\/11727\/revisions\/11730"}],"wp:featuredmedia":[{"embeddable":true,"href":"https:\/\/www.public.sn\/index.php\/wp-json\/wp\/v2\/media\/11728"}],"wp:attachment":[{"href":"https:\/\/www.public.sn\/index.php\/wp-json\/wp\/v2\/media?parent=11727"}],"wp:term":[{"taxonomy":"category","embeddable":true,"href":"https:\/\/www.public.sn\/index.php\/wp-json\/wp\/v2\/categories?post=11727"},{"taxonomy":"post_tag","embeddable":true,"href":"https:\/\/www.public.sn\/index.php\/wp-json\/wp\/v2\/tags?post=11727"}],"curies":[{"name":"wp","href":"https:\/\/api.w.org\/{rel}","templated":true}]}}