{"id":11761,"date":"2022-12-15T13:42:49","date_gmt":"2022-12-15T13:42:49","guid":{"rendered":"https:\/\/www.public.sn\/?p=11761"},"modified":"2022-12-15T13:42:52","modified_gmt":"2022-12-15T13:42:52","slug":"assemblee-les-graves-accusations-de-bathelemy-dias-sur-la-grossesse-de-amy-ndiaye-gniby","status":"publish","type":"post","link":"https:\/\/www.public.sn\/index.php\/2022\/12\/15\/assemblee-les-graves-accusations-de-bathelemy-dias-sur-la-grossesse-de-amy-ndiaye-gniby\/","title":{"rendered":"Assembl\u00e9e : Les graves accusations  de Bathel\u00e9my Dias sur la grossesse de Amy Ndiaye Gniby"},"content":{"rendered":"\n<p>\u00ab Amy Ndiaye Gniby n\u2019est pas enceinte!\u00bb; telle est la d\u00e9claration faite par le d\u00e9put\u00e9 de l\u2019opposition Barth\u00e9l\u00e9my Dias, \u00e0 l\u2019Assembl\u00e9e nationale. Aujourd\u2019hui, on veut nous faire croire qu\u2019une femme est enceinte, alors qu\u2019il y a une autre femme qui \u00e9tait enceinte il y a 22 ans et n\u2019a toujours pas accouch\u00e9\u00a0\u00bb, a t-il lanc\u00e9 au premier ministre Amadou Ba lors de son passage de l\u2019examen de la motion de censure.<\/p><div class=\"publi-paragraphe1\" style=\"margin-top: 10px;margin-bottom: 10px;margin-left: auto;margin-right: auto;text-align: center;\" id=\"publi-17736834\"><div class=\"publi-adlabel\">Publicit\u00e9<\/div><script async src=\"\/\/pagead2.googlesyndication.com\/pagead\/js\/adsbygoogle.js?client=ca-pub-4089586018074219\" crossorigin=\"anonymous\"><\/script><ins class=\"adsbygoogle\" style=\"display:block;\" data-ad-client=\"ca-pub-4089586018074219\" \ndata-ad-slot=\"2087940154\" \ndata-ad-format=\"auto\"><\/ins>\n<script> \n(adsbygoogle = window.adsbygoogle || []).push({}); \n<\/script>\n<\/div>\n\n\n\n<p>Pour appuyer ses dires, le maire de Dakar prend en t\u00e9moin le ministre de l\u2019Int\u00e9rieur Antoine Felix Diome qu\u2019il accuse de \u00ab\u00a0comploter \u00e0 nouveau contre l\u2019opposition\u00a0\u00bb. \u00a0 \u00abVotre ministre de l\u2019Int\u00e9rieur sait qu\u2019elle (Amy Ndiaye Gniby) n\u2019est pas enceinte. Parce que son mari ne l\u2019a pas enceint\u00e9. Apparemment on ne peut pas trouver un homme qui l\u2019a enceint\u00e9. Et dans le cadre du complot il semblerait m\u00eame que c\u2019est son chauffeur qui l\u2019aurait enceint\u00e9\u00a0\u00bb.<\/p>\n\n\n\n<p>S\u2019agissant des deux d\u00e9put\u00e9s du Pur qui ont \u00e9t\u00e9 arr\u00eat\u00e9s pour \u00ab&nbsp;coups et blessures volontaires&nbsp;\u00bb sur la personne de Amy Ndiaye Gnigby, Barth\u00e9l\u00e9my Dias de pr\u00e9venir qu\u2019ils \u00ab&nbsp;n\u2019accepteront pas d\u2019\u00eatre domestiqu\u00e9. Parce que chercher \u00e0 arr\u00eater ces deux d\u00e9put\u00e9s nous savons ce que vous visez&nbsp;\u00bb.<\/p>\n<div class=\"publi-apres-le-contenu\" style=\"margin-top: 10px;margin-bottom: 10px;margin-left: auto;margin-right: auto;text-align: center;\" id=\"publi-3052387819\"><div class=\"publi-adlabel\">Publicit\u00e9<\/div><script async src=\"\/\/pagead2.googlesyndication.com\/pagead\/js\/adsbygoogle.js?client=ca-pub-4089586018074219\" crossorigin=\"anonymous\"><\/script><ins class=\"adsbygoogle\" style=\"display:block;\" data-ad-client=\"ca-pub-4089586018074219\" \ndata-ad-slot=\"2087940154\" \ndata-ad-format=\"auto\"><\/ins>\n<script> \n(adsbygoogle = window.adsbygoogle || []).push({}); \n<\/script>\n<\/div>","protected":false},"excerpt":{"rendered":"<p>\u00ab Amy Ndiaye Gniby n\u2019est pas enceinte!\u00bb; telle est la d\u00e9claration faite par le d\u00e9put\u00e9 de l\u2019opposition Barth\u00e9l\u00e9my Dias, \u00e0 l\u2019Assembl\u00e9e nationale. Aujourd\u2019hui, on veut nous faire croire qu\u2019une femme est enceinte, alors qu\u2019il y a une autre femme qui \u00e9tait enceinte il y a 22 ans et n\u2019a toujours pas accouch\u00e9\u00a0\u00bb, a t-il lanc\u00e9 au premier ministre Amadou Ba lors de son passage de l\u2019examen de la motion de censure. Pour appuyer ses dires, le maire de Dakar prend en t\u00e9moin le ministre de l\u2019Int\u00e9rieur Antoine Felix Diome qu\u2019il accuse de \u00ab\u00a0comploter \u00e0 nouveau contre l\u2019opposition\u00a0\u00bb. \u00a0 \u00abVotre ministre de l\u2019Int\u00e9rieur sait qu\u2019elle (Amy Ndiaye Gniby) n\u2019est pas enceinte. Parce que son mari ne l\u2019a pas enceint\u00e9. Apparemment on ne peut pas trouver un homme qui l\u2019a enceint\u00e9. Et dans le cadre du complot il semblerait m\u00eame que c\u2019est son chauffeur qui l\u2019aurait enceint\u00e9\u00a0\u00bb. S\u2019agissant des deux d\u00e9put\u00e9s du Pur qui ont \u00e9t\u00e9 arr\u00eat\u00e9s pour \u00ab&nbsp;coups et blessures volontaires&nbsp;\u00bb sur la personne de Amy Ndiaye Gnigby, Barth\u00e9l\u00e9my Dias de pr\u00e9venir qu\u2019ils \u00ab&nbsp;n\u2019accepteront pas d\u2019\u00eatre domestiqu\u00e9. Parce que chercher \u00e0 arr\u00eater ces deux d\u00e9put\u00e9s nous savons ce que vous visez&nbsp;\u00bb.<\/p>\n","protected":false},"author":7,"featured_media":11762,"comment_status":"open","ping_status":"open","sticky":false,"template":"","format":"standard","meta":{"_jetpack_memberships_contains_paid_content":false,"footnotes":""},"categories":[375],"tags":[3621,12,3815],"class_list":["post-11761","post","type-post","status-publish","format-standard","has-post-thumbnail","hentry","category-actualites","tag-amy-ndiaye-gniby","tag-assemblee-nationale","tag-barthelemy-dias-4","entry","has-media","owp-thumbs-layout-horizontal","owp-btn-normal","owp-tabs-layout-horizontal","has-no-thumbnails","has-product-nav"],"yoast_head":"<!-- This site is optimized with the Yoast SEO plugin v25.5 - https:\/\/yoast.com\/wordpress\/plugins\/seo\/ -->\n<title>Assembl\u00e9e : Les graves accusations de Bathel\u00e9my Dias sur la grossesse de Amy Ndiaye Gniby - LE PUBLIC<\/title>\n<meta name=\"description\" content=\"\u00ab Amy Ndiaye Gniby n\u2019est pas enceinte!\u00bb; telle est la d\u00e9claration faite par le d\u00e9put\u00e9 de l\u2019opposition Barth\u00e9l\u00e9my Dias, \u00e0 l\u2019Assembl\u00e9e\" \/>\n<meta name=\"robots\" content=\"index, follow, max-snippet:-1, max-image-preview:large, max-video-preview:-1\" \/>\n<link rel=\"canonical\" href=\"https:\/\/www.public.sn\/index.php\/2022\/12\/15\/assemblee-les-graves-accusations-de-bathelemy-dias-sur-la-grossesse-de-amy-ndiaye-gniby\/\" \/>\n<meta property=\"og:locale\" content=\"fr_FR\" \/>\n<meta property=\"og:type\" content=\"article\" \/>\n<meta property=\"og:title\" content=\"Assembl\u00e9e : Les graves accusations de Bathel\u00e9my Dias sur la grossesse de Amy Ndiaye Gniby - LE PUBLIC\" \/>\n<meta property=\"og:description\" content=\"\u00ab Amy Ndiaye Gniby n\u2019est pas enceinte!\u00bb; telle est la d\u00e9claration faite par le d\u00e9put\u00e9 de l\u2019opposition Barth\u00e9l\u00e9my Dias, \u00e0 l\u2019Assembl\u00e9e\" \/>\n<meta property=\"og:url\" content=\"https:\/\/www.public.sn\/index.php\/2022\/12\/15\/assemblee-les-graves-accusations-de-bathelemy-dias-sur-la-grossesse-de-amy-ndiaye-gniby\/\" \/>\n<meta property=\"og:site_name\" content=\"LE PUBLIC\" \/>\n<meta property=\"article:published_time\" content=\"2022-12-15T13:42:49+00:00\" \/>\n<meta property=\"article:modified_time\" content=\"2022-12-15T13:42:52+00:00\" \/>\n<meta property=\"og:image\" content=\"https:\/\/www.public.sn\/wp-content\/uploads\/2022\/12\/10543705-17326013.jpg\" \/>\n\t<meta property=\"og:image:width\" content=\"800\" \/>\n\t<meta property=\"og:image:height\" content=\"533\" \/>\n\t<meta property=\"og:image:type\" content=\"image\/jpeg\" \/>\n<meta name=\"author\" content=\"LA REDACTION\" \/>\n<meta name=\"twitter:card\" content=\"summary_large_image\" \/>\n<meta name=\"twitter:label1\" content=\"\u00c9crit par\" \/>\n\t<meta name=\"twitter:data1\" content=\"LA REDACTION\" \/>\n\t<meta name=\"twitter:label2\" content=\"Dur\u00e9e de lecture estim\u00e9e\" \/>\n\t<meta name=\"twitter:data2\" content=\"1 minute\" \/>\n<script type=\"application\/ld+json\" class=\"yoast-schema-graph\">{\"@context\":\"https:\/\/schema.org\",\"@graph\":[{\"@type\":\"Article\",\"@id\":\"https:\/\/www.public.sn\/index.php\/2022\/12\/15\/assemblee-les-graves-accusations-de-bathelemy-dias-sur-la-grossesse-de-amy-ndiaye-gniby\/#article\",\"isPartOf\":{\"@id\":\"https:\/\/www.public.sn\/index.php\/2022\/12\/15\/assemblee-les-graves-accusations-de-bathelemy-dias-sur-la-grossesse-de-amy-ndiaye-gniby\/\"},\"author\":{\"name\":\"LA REDACTION\",\"@id\":\"https:\/\/www.public.sn\/#\/schema\/person\/cb76c8e1b8becc6be61fb5e92d6d0224\"},\"headline\":\"Assembl\u00e9e : Les graves accusations de Bathel\u00e9my Dias sur la grossesse de Amy Ndiaye Gniby\",\"datePublished\":\"2022-12-15T13:42:49+00:00\",\"dateModified\":\"2022-12-15T13:42:52+00:00\",\"mainEntityOfPage\":{\"@id\":\"https:\/\/www.public.sn\/index.php\/2022\/12\/15\/assemblee-les-graves-accusations-de-bathelemy-dias-sur-la-grossesse-de-amy-ndiaye-gniby\/\"},\"wordCount\":245,\"commentCount\":0,\"publisher\":{\"@id\":\"https:\/\/www.public.sn\/#organization\"},\"image\":{\"@id\":\"https:\/\/www.public.sn\/index.php\/2022\/12\/15\/assemblee-les-graves-accusations-de-bathelemy-dias-sur-la-grossesse-de-amy-ndiaye-gniby\/#primaryimage\"},\"thumbnailUrl\":\"https:\/\/www.public.sn\/wp-content\/uploads\/2022\/12\/10543705-17326013.jpg\",\"keywords\":[\"Amy Ndiaye Gniby\",\"Assembl\u00e9e Nationale\",\"Barth\u00e9lemy Dias\"],\"articleSection\":[\"ACTUALIT\u00c9S\"],\"inLanguage\":\"fr-FR\",\"potentialAction\":[{\"@type\":\"CommentAction\",\"name\":\"Comment\",\"target\":[\"https:\/\/www.public.sn\/index.php\/2022\/12\/15\/assemblee-les-graves-accusations-de-bathelemy-dias-sur-la-grossesse-de-amy-ndiaye-gniby\/#respond\"]}]},{\"@type\":\"WebPage\",\"@id\":\"https:\/\/www.public.sn\/index.php\/2022\/12\/15\/assemblee-les-graves-accusations-de-bathelemy-dias-sur-la-grossesse-de-amy-ndiaye-gniby\/\",\"url\":\"https:\/\/www.public.sn\/index.php\/2022\/12\/15\/assemblee-les-graves-accusations-de-bathelemy-dias-sur-la-grossesse-de-amy-ndiaye-gniby\/\",\"name\":\"Assembl\u00e9e : Les graves accusations de Bathel\u00e9my Dias sur la grossesse de Amy Ndiaye Gniby - LE PUBLIC\",\"isPartOf\":{\"@id\":\"https:\/\/www.public.sn\/#website\"},\"primaryImageOfPage\":{\"@id\":\"https:\/\/www.public.sn\/index.php\/2022\/12\/15\/assemblee-les-graves-accusations-de-bathelemy-dias-sur-la-grossesse-de-amy-ndiaye-gniby\/#primaryimage\"},\"image\":{\"@id\":\"https:\/\/www.public.sn\/index.php\/2022\/12\/15\/assemblee-les-graves-accusations-de-bathelemy-dias-sur-la-grossesse-de-amy-ndiaye-gniby\/#primaryimage\"},\"thumbnailUrl\":\"https:\/\/www.public.sn\/wp-content\/uploads\/2022\/12\/10543705-17326013.jpg\",\"datePublished\":\"2022-12-15T13:42:49+00:00\",\"dateModified\":\"2022-12-15T13:42:52+00:00\",\"description\":\"\u00ab Amy Ndiaye Gniby n\u2019est pas enceinte!\u00bb; telle est la d\u00e9claration faite par le d\u00e9put\u00e9 de l\u2019opposition Barth\u00e9l\u00e9my Dias, \u00e0 l\u2019Assembl\u00e9e\",\"breadcrumb\":{\"@id\":\"https:\/\/www.public.sn\/index.php\/2022\/12\/15\/assemblee-les-graves-accusations-de-bathelemy-dias-sur-la-grossesse-de-amy-ndiaye-gniby\/#breadcrumb\"},\"inLanguage\":\"fr-FR\",\"potentialAction\":[{\"@type\":\"ReadAction\",\"target\":[\"https:\/\/www.public.sn\/index.php\/2022\/12\/15\/assemblee-les-graves-accusations-de-bathelemy-dias-sur-la-grossesse-de-amy-ndiaye-gniby\/\"]}]},{\"@type\":\"ImageObject\",\"inLanguage\":\"fr-FR\",\"@id\":\"https:\/\/www.public.sn\/index.php\/2022\/12\/15\/assemblee-les-graves-accusations-de-bathelemy-dias-sur-la-grossesse-de-amy-ndiaye-gniby\/#primaryimage\",\"url\":\"https:\/\/www.public.sn\/wp-content\/uploads\/2022\/12\/10543705-17326013.jpg\",\"contentUrl\":\"https:\/\/www.public.sn\/wp-content\/uploads\/2022\/12\/10543705-17326013.jpg\",\"width\":800,\"height\":533},{\"@type\":\"BreadcrumbList\",\"@id\":\"https:\/\/www.public.sn\/index.php\/2022\/12\/15\/assemblee-les-graves-accusations-de-bathelemy-dias-sur-la-grossesse-de-amy-ndiaye-gniby\/#breadcrumb\",\"itemListElement\":[{\"@type\":\"ListItem\",\"position\":1,\"name\":\"Accueil\",\"item\":\"https:\/\/www.public.sn\/\"},{\"@type\":\"ListItem\",\"position\":2,\"name\":\"Assembl\u00e9e : Les graves accusations de Bathel\u00e9my Dias sur la grossesse de Amy Ndiaye Gniby\"}]},{\"@type\":\"WebSite\",\"@id\":\"https:\/\/www.public.sn\/#website\",\"url\":\"https:\/\/www.public.sn\/\",\"name\":\"LE PUBLIC\",\"description\":\"\",\"publisher\":{\"@id\":\"https:\/\/www.public.sn\/#organization\"},\"potentialAction\":[{\"@type\":\"SearchAction\",\"target\":{\"@type\":\"EntryPoint\",\"urlTemplate\":\"https:\/\/www.public.sn\/?s={search_term_string}\"},\"query-input\":{\"@type\":\"PropertyValueSpecification\",\"valueRequired\":true,\"valueName\":\"search_term_string\"}}],\"inLanguage\":\"fr-FR\"},{\"@type\":\"Organization\",\"@id\":\"https:\/\/www.public.sn\/#organization\",\"name\":\"LE PUBLIC\",\"url\":\"https:\/\/www.public.sn\/\",\"logo\":{\"@type\":\"ImageObject\",\"inLanguage\":\"fr-FR\",\"@id\":\"https:\/\/www.public.sn\/#\/schema\/logo\/image\/\",\"url\":\"https:\/\/www.public.sn\/wp-content\/uploads\/2024\/05\/cropped-LOGO-PUBLIC.SN_.png\",\"contentUrl\":\"https:\/\/www.public.sn\/wp-content\/uploads\/2024\/05\/cropped-LOGO-PUBLIC.SN_.png\",\"width\":682,\"height\":192,\"caption\":\"LE PUBLIC\"},\"image\":{\"@id\":\"https:\/\/www.public.sn\/#\/schema\/logo\/image\/\"}},{\"@type\":\"Person\",\"@id\":\"https:\/\/www.public.sn\/#\/schema\/person\/cb76c8e1b8becc6be61fb5e92d6d0224\",\"name\":\"LA REDACTION\",\"image\":{\"@type\":\"ImageObject\",\"inLanguage\":\"fr-FR\",\"@id\":\"https:\/\/www.public.sn\/#\/schema\/person\/image\/\",\"url\":\"https:\/\/secure.gravatar.com\/avatar\/2dce5ddd34b8fef0180efe03aa2a9bee7d953856048f9a16b298190a3178407c?s=96&d=mm&r=g\",\"contentUrl\":\"https:\/\/secure.gravatar.com\/avatar\/2dce5ddd34b8fef0180efe03aa2a9bee7d953856048f9a16b298190a3178407c?s=96&d=mm&r=g\",\"caption\":\"LA REDACTION\"},\"url\":\"https:\/\/www.public.sn\/index.php\/author\/editeurpsn\/\"}]}<\/script>\n<!-- \/ Yoast SEO plugin. -->","yoast_head_json":{"title":"Assembl\u00e9e : Les graves accusations de Bathel\u00e9my Dias sur la grossesse de Amy Ndiaye Gniby - LE PUBLIC","description":"\u00ab Amy Ndiaye Gniby n\u2019est pas enceinte!\u00bb; telle est la d\u00e9claration faite par le d\u00e9put\u00e9 de l\u2019opposition Barth\u00e9l\u00e9my Dias, \u00e0 l\u2019Assembl\u00e9e","robots":{"index":"index","follow":"follow","max-snippet":"max-snippet:-1","max-image-preview":"max-image-preview:large","max-video-preview":"max-video-preview:-1"},"canonical":"https:\/\/www.public.sn\/index.php\/2022\/12\/15\/assemblee-les-graves-accusations-de-bathelemy-dias-sur-la-grossesse-de-amy-ndiaye-gniby\/","og_locale":"fr_FR","og_type":"article","og_title":"Assembl\u00e9e : Les graves accusations de Bathel\u00e9my Dias sur la grossesse de Amy Ndiaye Gniby - LE PUBLIC","og_description":"\u00ab Amy Ndiaye Gniby n\u2019est pas enceinte!\u00bb; telle est la d\u00e9claration faite par le d\u00e9put\u00e9 de l\u2019opposition Barth\u00e9l\u00e9my Dias, \u00e0 l\u2019Assembl\u00e9e","og_url":"https:\/\/www.public.sn\/index.php\/2022\/12\/15\/assemblee-les-graves-accusations-de-bathelemy-dias-sur-la-grossesse-de-amy-ndiaye-gniby\/","og_site_name":"LE PUBLIC","article_published_time":"2022-12-15T13:42:49+00:00","article_modified_time":"2022-12-15T13:42:52+00:00","og_image":[{"width":800,"height":533,"url":"https:\/\/www.public.sn\/wp-content\/uploads\/2022\/12\/10543705-17326013.jpg","type":"image\/jpeg"}],"author":"LA REDACTION","twitter_card":"summary_large_image","twitter_misc":{"\u00c9crit par":"LA REDACTION","Dur\u00e9e de lecture estim\u00e9e":"1 minute"},"schema":{"@context":"https:\/\/schema.org","@graph":[{"@type":"Article","@id":"https:\/\/www.public.sn\/index.php\/2022\/12\/15\/assemblee-les-graves-accusations-de-bathelemy-dias-sur-la-grossesse-de-amy-ndiaye-gniby\/#article","isPartOf":{"@id":"https:\/\/www.public.sn\/index.php\/2022\/12\/15\/assemblee-les-graves-accusations-de-bathelemy-dias-sur-la-grossesse-de-amy-ndiaye-gniby\/"},"author":{"name":"LA REDACTION","@id":"https:\/\/www.public.sn\/#\/schema\/person\/cb76c8e1b8becc6be61fb5e92d6d0224"},"headline":"Assembl\u00e9e : Les graves accusations de Bathel\u00e9my Dias sur la grossesse de Amy Ndiaye Gniby","datePublished":"2022-12-15T13:42:49+00:00","dateModified":"2022-12-15T13:42:52+00:00","mainEntityOfPage":{"@id":"https:\/\/www.public.sn\/index.php\/2022\/12\/15\/assemblee-les-graves-accusations-de-bathelemy-dias-sur-la-grossesse-de-amy-ndiaye-gniby\/"},"wordCount":245,"commentCount":0,"publisher":{"@id":"https:\/\/www.public.sn\/#organization"},"image":{"@id":"https:\/\/www.public.sn\/index.php\/2022\/12\/15\/assemblee-les-graves-accusations-de-bathelemy-dias-sur-la-grossesse-de-amy-ndiaye-gniby\/#primaryimage"},"thumbnailUrl":"https:\/\/www.public.sn\/wp-content\/uploads\/2022\/12\/10543705-17326013.jpg","keywords":["Amy Ndiaye Gniby","Assembl\u00e9e Nationale","Barth\u00e9lemy Dias"],"articleSection":["ACTUALIT\u00c9S"],"inLanguage":"fr-FR","potentialAction":[{"@type":"CommentAction","name":"Comment","target":["https:\/\/www.public.sn\/index.php\/2022\/12\/15\/assemblee-les-graves-accusations-de-bathelemy-dias-sur-la-grossesse-de-amy-ndiaye-gniby\/#respond"]}]},{"@type":"WebPage","@id":"https:\/\/www.public.sn\/index.php\/2022\/12\/15\/assemblee-les-graves-accusations-de-bathelemy-dias-sur-la-grossesse-de-amy-ndiaye-gniby\/","url":"https:\/\/www.public.sn\/index.php\/2022\/12\/15\/assemblee-les-graves-accusations-de-bathelemy-dias-sur-la-grossesse-de-amy-ndiaye-gniby\/","name":"Assembl\u00e9e : Les graves accusations de Bathel\u00e9my Dias sur la grossesse de Amy Ndiaye Gniby - LE PUBLIC","isPartOf":{"@id":"https:\/\/www.public.sn\/#website"},"primaryImageOfPage":{"@id":"https:\/\/www.public.sn\/index.php\/2022\/12\/15\/assemblee-les-graves-accusations-de-bathelemy-dias-sur-la-grossesse-de-amy-ndiaye-gniby\/#primaryimage"},"image":{"@id":"https:\/\/www.public.sn\/index.php\/2022\/12\/15\/assemblee-les-graves-accusations-de-bathelemy-dias-sur-la-grossesse-de-amy-ndiaye-gniby\/#primaryimage"},"thumbnailUrl":"https:\/\/www.public.sn\/wp-content\/uploads\/2022\/12\/10543705-17326013.jpg","datePublished":"2022-12-15T13:42:49+00:00","dateModified":"2022-12-15T13:42:52+00:00","description":"\u00ab Amy Ndiaye Gniby n\u2019est pas enceinte!\u00bb; telle est la d\u00e9claration faite par le d\u00e9put\u00e9 de l\u2019opposition Barth\u00e9l\u00e9my Dias, \u00e0 l\u2019Assembl\u00e9e","breadcrumb":{"@id":"https:\/\/www.public.sn\/index.php\/2022\/12\/15\/assemblee-les-graves-accusations-de-bathelemy-dias-sur-la-grossesse-de-amy-ndiaye-gniby\/#breadcrumb"},"inLanguage":"fr-FR","potentialAction":[{"@type":"ReadAction","target":["https:\/\/www.public.sn\/index.php\/2022\/12\/15\/assemblee-les-graves-accusations-de-bathelemy-dias-sur-la-grossesse-de-amy-ndiaye-gniby\/"]}]},{"@type":"ImageObject","inLanguage":"fr-FR","@id":"https:\/\/www.public.sn\/index.php\/2022\/12\/15\/assemblee-les-graves-accusations-de-bathelemy-dias-sur-la-grossesse-de-amy-ndiaye-gniby\/#primaryimage","url":"https:\/\/www.public.sn\/wp-content\/uploads\/2022\/12\/10543705-17326013.jpg","contentUrl":"https:\/\/www.public.sn\/wp-content\/uploads\/2022\/12\/10543705-17326013.jpg","width":800,"height":533},{"@type":"BreadcrumbList","@id":"https:\/\/www.public.sn\/index.php\/2022\/12\/15\/assemblee-les-graves-accusations-de-bathelemy-dias-sur-la-grossesse-de-amy-ndiaye-gniby\/#breadcrumb","itemListElement":[{"@type":"ListItem","position":1,"name":"Accueil","item":"https:\/\/www.public.sn\/"},{"@type":"ListItem","position":2,"name":"Assembl\u00e9e : Les graves accusations de Bathel\u00e9my Dias sur la grossesse de Amy Ndiaye Gniby"}]},{"@type":"WebSite","@id":"https:\/\/www.public.sn\/#website","url":"https:\/\/www.public.sn\/","name":"LE PUBLIC","description":"","publisher":{"@id":"https:\/\/www.public.sn\/#organization"},"potentialAction":[{"@type":"SearchAction","target":{"@type":"EntryPoint","urlTemplate":"https:\/\/www.public.sn\/?s={search_term_string}"},"query-input":{"@type":"PropertyValueSpecification","valueRequired":true,"valueName":"search_term_string"}}],"inLanguage":"fr-FR"},{"@type":"Organization","@id":"https:\/\/www.public.sn\/#organization","name":"LE PUBLIC","url":"https:\/\/www.public.sn\/","logo":{"@type":"ImageObject","inLanguage":"fr-FR","@id":"https:\/\/www.public.sn\/#\/schema\/logo\/image\/","url":"https:\/\/www.public.sn\/wp-content\/uploads\/2024\/05\/cropped-LOGO-PUBLIC.SN_.png","contentUrl":"https:\/\/www.public.sn\/wp-content\/uploads\/2024\/05\/cropped-LOGO-PUBLIC.SN_.png","width":682,"height":192,"caption":"LE PUBLIC"},"image":{"@id":"https:\/\/www.public.sn\/#\/schema\/logo\/image\/"}},{"@type":"Person","@id":"https:\/\/www.public.sn\/#\/schema\/person\/cb76c8e1b8becc6be61fb5e92d6d0224","name":"LA REDACTION","image":{"@type":"ImageObject","inLanguage":"fr-FR","@id":"https:\/\/www.public.sn\/#\/schema\/person\/image\/","url":"https:\/\/secure.gravatar.com\/avatar\/2dce5ddd34b8fef0180efe03aa2a9bee7d953856048f9a16b298190a3178407c?s=96&d=mm&r=g","contentUrl":"https:\/\/secure.gravatar.com\/avatar\/2dce5ddd34b8fef0180efe03aa2a9bee7d953856048f9a16b298190a3178407c?s=96&d=mm&r=g","caption":"LA REDACTION"},"url":"https:\/\/www.public.sn\/index.php\/author\/editeurpsn\/"}]}},"jetpack_featured_media_url":"https:\/\/www.public.sn\/wp-content\/uploads\/2022\/12\/10543705-17326013.jpg","jetpack_sharing_enabled":true,"_links":{"self":[{"href":"https:\/\/www.public.sn\/index.php\/wp-json\/wp\/v2\/posts\/11761","targetHints":{"allow":["GET"]}}],"collection":[{"href":"https:\/\/www.public.sn\/index.php\/wp-json\/wp\/v2\/posts"}],"about":[{"href":"https:\/\/www.public.sn\/index.php\/wp-json\/wp\/v2\/types\/post"}],"author":[{"embeddable":true,"href":"https:\/\/www.public.sn\/index.php\/wp-json\/wp\/v2\/users\/7"}],"replies":[{"embeddable":true,"href":"https:\/\/www.public.sn\/index.php\/wp-json\/wp\/v2\/comments?post=11761"}],"version-history":[{"count":1,"href":"https:\/\/www.public.sn\/index.php\/wp-json\/wp\/v2\/posts\/11761\/revisions"}],"predecessor-version":[{"id":11763,"href":"https:\/\/www.public.sn\/index.php\/wp-json\/wp\/v2\/posts\/11761\/revisions\/11763"}],"wp:featuredmedia":[{"embeddable":true,"href":"https:\/\/www.public.sn\/index.php\/wp-json\/wp\/v2\/media\/11762"}],"wp:attachment":[{"href":"https:\/\/www.public.sn\/index.php\/wp-json\/wp\/v2\/media?parent=11761"}],"wp:term":[{"taxonomy":"category","embeddable":true,"href":"https:\/\/www.public.sn\/index.php\/wp-json\/wp\/v2\/categories?post=11761"},{"taxonomy":"post_tag","embeddable":true,"href":"https:\/\/www.public.sn\/index.php\/wp-json\/wp\/v2\/tags?post=11761"}],"curies":[{"name":"wp","href":"https:\/\/api.w.org\/{rel}","templated":true}]}}