{"id":11767,"date":"2022-12-15T14:04:02","date_gmt":"2022-12-15T14:04:02","guid":{"rendered":"https:\/\/www.public.sn\/?p=11767"},"modified":"2022-12-15T14:06:59","modified_gmt":"2022-12-15T14:06:59","slug":"assemblee-la-motion-de-censure-contre-le-gouvernement-rejetee","status":"publish","type":"post","link":"https:\/\/www.public.sn\/index.php\/2022\/12\/15\/assemblee-la-motion-de-censure-contre-le-gouvernement-rejetee\/","title":{"rendered":"Assembl\u00e9e : la motion de censure contre le gouvernement rejet\u00e9e"},"content":{"rendered":"\n<p>Les d\u00e9put\u00e9s ont rejet\u00e9 ce jeudi la motion de censure d\u00e9pos\u00e9e par le Groupe parlementaire Yewwi contre le nouveau gouvernement de Amadou B\u00e2.<\/p><div class=\"publi-paragraphe1\" style=\"margin-top: 10px;margin-bottom: 10px;margin-left: auto;margin-right: auto;text-align: center;\" id=\"publi-1149554831\"><div class=\"publi-adlabel\">Publicit\u00e9<\/div><script async src=\"\/\/pagead2.googlesyndication.com\/pagead\/js\/adsbygoogle.js?client=ca-pub-4089586018074219\" crossorigin=\"anonymous\"><\/script><ins class=\"adsbygoogle\" style=\"display:block;\" data-ad-client=\"ca-pub-4089586018074219\" \ndata-ad-slot=\"2087940154\" \ndata-ad-format=\"auto\"><\/ins>\n<script> \n(adsbygoogle = window.adsbygoogle || []).push({}); \n<\/script>\n<\/div>\n\n\n\n<p>La proc\u00e9dure se voulait une r\u00e9ponse au refus du Premier ministre de solliciter la confiance du Parlement \u2013 un choix en rupture avec une tradition jusqu\u2019\u00e0 pr\u00e9sent globalement respect\u00e9e.<\/p>\n\n\n\n<p>Apr\u00e8s pr\u00e8s de 4 heures de d\u00e9bats suivis du vote, l&rsquo;Assembl\u00e9e, avec sa majorit\u00e9, a d\u00e9cid\u00e9 de voter contre cette motion de censure pour la destitution du gouvernement d\u2019Amadou Ba. Le Pouvoir a donc remport\u00e9 cette \u00ab\u00a0bataille\u00a0\u00bb contre la coalition Yewwi Askan Wi, qui n\u2019a recueilli que 55 votes.<\/p>\n\n\n\n<p>Pour rappel, il en fallait 83 pour faire passer cette motion de censure.<\/p>\n<div class=\"publi-apres-le-contenu\" style=\"margin-top: 10px;margin-bottom: 10px;margin-left: auto;margin-right: auto;text-align: center;\" id=\"publi-1898707643\"><div class=\"publi-adlabel\">Publicit\u00e9<\/div><script async src=\"\/\/pagead2.googlesyndication.com\/pagead\/js\/adsbygoogle.js?client=ca-pub-4089586018074219\" crossorigin=\"anonymous\"><\/script><ins class=\"adsbygoogle\" style=\"display:block;\" data-ad-client=\"ca-pub-4089586018074219\" \ndata-ad-slot=\"2087940154\" \ndata-ad-format=\"auto\"><\/ins>\n<script> \n(adsbygoogle = window.adsbygoogle || []).push({}); \n<\/script>\n<\/div>","protected":false},"excerpt":{"rendered":"<p>Les d\u00e9put\u00e9s ont rejet\u00e9 ce jeudi la motion de censure d\u00e9pos\u00e9e par le Groupe parlementaire Yewwi contre le nouveau gouvernement de Amadou B\u00e2. La proc\u00e9dure se voulait une r\u00e9ponse au refus du Premier ministre de solliciter la confiance du Parlement \u2013 un choix en rupture avec une tradition jusqu\u2019\u00e0 pr\u00e9sent globalement respect\u00e9e. Apr\u00e8s pr\u00e8s de 4 heures de d\u00e9bats suivis du vote, l&rsquo;Assembl\u00e9e, avec sa majorit\u00e9, a d\u00e9cid\u00e9 de voter contre cette motion de censure pour la destitution du gouvernement d\u2019Amadou Ba. Le Pouvoir a donc remport\u00e9 cette \u00ab\u00a0bataille\u00a0\u00bb contre la coalition Yewwi Askan Wi, qui n\u2019a recueilli que 55 votes. Pour rappel, il en fallait 83 pour faire passer cette motion de censure.<\/p>\n","protected":false},"author":1,"featured_media":11773,"comment_status":"open","ping_status":"open","sticky":false,"template":"","format":"standard","meta":{"_jetpack_memberships_contains_paid_content":false,"footnotes":""},"categories":[375,3,372],"tags":[411,3779],"class_list":["post-11767","post","type-post","status-publish","format-standard","has-post-thumbnail","hentry","category-actualites","category-politique","category-vedette","tag-assemblee","tag-motion-de-censure","entry","has-media","owp-thumbs-layout-horizontal","owp-btn-normal","owp-tabs-layout-horizontal","has-no-thumbnails","has-product-nav"],"yoast_head":"<!-- This site is optimized with the Yoast SEO plugin v25.5 - https:\/\/yoast.com\/wordpress\/plugins\/seo\/ -->\n<title>Assembl\u00e9e : la motion de censure contre le gouvernement rejet\u00e9e - LE PUBLIC<\/title>\n<meta name=\"robots\" content=\"index, follow, max-snippet:-1, max-image-preview:large, max-video-preview:-1\" \/>\n<link rel=\"canonical\" href=\"https:\/\/www.public.sn\/index.php\/2022\/12\/15\/assemblee-la-motion-de-censure-contre-le-gouvernement-rejetee\/\" \/>\n<meta property=\"og:locale\" content=\"fr_FR\" \/>\n<meta property=\"og:type\" content=\"article\" \/>\n<meta property=\"og:title\" content=\"Assembl\u00e9e : la motion de censure contre le gouvernement rejet\u00e9e - LE PUBLIC\" \/>\n<meta property=\"og:description\" content=\"Les d\u00e9put\u00e9s ont rejet\u00e9 ce jeudi la motion de censure d\u00e9pos\u00e9e par le Groupe parlementaire Yewwi contre le nouveau gouvernement de Amadou B\u00e2. La proc\u00e9dure se voulait une r\u00e9ponse au refus du Premier ministre de solliciter la confiance du Parlement \u2013 un choix en rupture avec une tradition jusqu\u2019\u00e0 pr\u00e9sent globalement respect\u00e9e. Apr\u00e8s pr\u00e8s de 4 heures de d\u00e9bats suivis du vote, l&rsquo;Assembl\u00e9e, avec sa majorit\u00e9, a d\u00e9cid\u00e9 de voter contre cette motion de censure pour la destitution du gouvernement d\u2019Amadou Ba. Le Pouvoir a donc remport\u00e9 cette \u00ab\u00a0bataille\u00a0\u00bb contre la coalition Yewwi Askan Wi, qui n\u2019a recueilli que 55 votes. Pour rappel, il en fallait 83 pour faire passer cette motion de censure.\" \/>\n<meta property=\"og:url\" content=\"https:\/\/www.public.sn\/index.php\/2022\/12\/15\/assemblee-la-motion-de-censure-contre-le-gouvernement-rejetee\/\" \/>\n<meta property=\"og:site_name\" content=\"LE PUBLIC\" \/>\n<meta property=\"article:published_time\" content=\"2022-12-15T14:04:02+00:00\" \/>\n<meta property=\"article:modified_time\" content=\"2022-12-15T14:06:59+00:00\" \/>\n<meta property=\"og:image\" content=\"https:\/\/www.public.sn\/wp-content\/uploads\/2022\/12\/amadou-ba.webp\" \/>\n\t<meta property=\"og:image:width\" content=\"575\" \/>\n\t<meta property=\"og:image:height\" content=\"403\" \/>\n\t<meta property=\"og:image:type\" content=\"image\/webp\" \/>\n<meta name=\"author\" content=\"LA REDACTION\" \/>\n<meta name=\"twitter:card\" content=\"summary_large_image\" \/>\n<meta name=\"twitter:label1\" content=\"\u00c9crit par\" \/>\n\t<meta name=\"twitter:data1\" content=\"LA REDACTION\" \/>\n\t<meta name=\"twitter:label2\" content=\"Dur\u00e9e de lecture estim\u00e9e\" \/>\n\t<meta name=\"twitter:data2\" content=\"1 minute\" \/>\n<script type=\"application\/ld+json\" class=\"yoast-schema-graph\">{\"@context\":\"https:\/\/schema.org\",\"@graph\":[{\"@type\":\"Article\",\"@id\":\"https:\/\/www.public.sn\/index.php\/2022\/12\/15\/assemblee-la-motion-de-censure-contre-le-gouvernement-rejetee\/#article\",\"isPartOf\":{\"@id\":\"https:\/\/www.public.sn\/index.php\/2022\/12\/15\/assemblee-la-motion-de-censure-contre-le-gouvernement-rejetee\/\"},\"author\":{\"name\":\"LA REDACTION\",\"@id\":\"https:\/\/www.public.sn\/#\/schema\/person\/e3f4a11b037d4203902db148f9bc8d5a\"},\"headline\":\"Assembl\u00e9e : la motion de censure contre le gouvernement rejet\u00e9e\",\"datePublished\":\"2022-12-15T14:04:02+00:00\",\"dateModified\":\"2022-12-15T14:06:59+00:00\",\"mainEntityOfPage\":{\"@id\":\"https:\/\/www.public.sn\/index.php\/2022\/12\/15\/assemblee-la-motion-de-censure-contre-le-gouvernement-rejetee\/\"},\"wordCount\":136,\"commentCount\":0,\"publisher\":{\"@id\":\"https:\/\/www.public.sn\/#organization\"},\"image\":{\"@id\":\"https:\/\/www.public.sn\/index.php\/2022\/12\/15\/assemblee-la-motion-de-censure-contre-le-gouvernement-rejetee\/#primaryimage\"},\"thumbnailUrl\":\"https:\/\/www.public.sn\/wp-content\/uploads\/2022\/12\/amadou-ba.webp\",\"keywords\":[\"Assembl\u00e9e\",\"motion de censure\"],\"articleSection\":[\"ACTUALIT\u00c9S\",\"POLITIQUE\",\"VEDETTE\"],\"inLanguage\":\"fr-FR\",\"potentialAction\":[{\"@type\":\"CommentAction\",\"name\":\"Comment\",\"target\":[\"https:\/\/www.public.sn\/index.php\/2022\/12\/15\/assemblee-la-motion-de-censure-contre-le-gouvernement-rejetee\/#respond\"]}]},{\"@type\":\"WebPage\",\"@id\":\"https:\/\/www.public.sn\/index.php\/2022\/12\/15\/assemblee-la-motion-de-censure-contre-le-gouvernement-rejetee\/\",\"url\":\"https:\/\/www.public.sn\/index.php\/2022\/12\/15\/assemblee-la-motion-de-censure-contre-le-gouvernement-rejetee\/\",\"name\":\"Assembl\u00e9e : la motion de censure contre le gouvernement rejet\u00e9e - LE PUBLIC\",\"isPartOf\":{\"@id\":\"https:\/\/www.public.sn\/#website\"},\"primaryImageOfPage\":{\"@id\":\"https:\/\/www.public.sn\/index.php\/2022\/12\/15\/assemblee-la-motion-de-censure-contre-le-gouvernement-rejetee\/#primaryimage\"},\"image\":{\"@id\":\"https:\/\/www.public.sn\/index.php\/2022\/12\/15\/assemblee-la-motion-de-censure-contre-le-gouvernement-rejetee\/#primaryimage\"},\"thumbnailUrl\":\"https:\/\/www.public.sn\/wp-content\/uploads\/2022\/12\/amadou-ba.webp\",\"datePublished\":\"2022-12-15T14:04:02+00:00\",\"dateModified\":\"2022-12-15T14:06:59+00:00\",\"breadcrumb\":{\"@id\":\"https:\/\/www.public.sn\/index.php\/2022\/12\/15\/assemblee-la-motion-de-censure-contre-le-gouvernement-rejetee\/#breadcrumb\"},\"inLanguage\":\"fr-FR\",\"potentialAction\":[{\"@type\":\"ReadAction\",\"target\":[\"https:\/\/www.public.sn\/index.php\/2022\/12\/15\/assemblee-la-motion-de-censure-contre-le-gouvernement-rejetee\/\"]}]},{\"@type\":\"ImageObject\",\"inLanguage\":\"fr-FR\",\"@id\":\"https:\/\/www.public.sn\/index.php\/2022\/12\/15\/assemblee-la-motion-de-censure-contre-le-gouvernement-rejetee\/#primaryimage\",\"url\":\"https:\/\/www.public.sn\/wp-content\/uploads\/2022\/12\/amadou-ba.webp\",\"contentUrl\":\"https:\/\/www.public.sn\/wp-content\/uploads\/2022\/12\/amadou-ba.webp\",\"width\":575,\"height\":403},{\"@type\":\"BreadcrumbList\",\"@id\":\"https:\/\/www.public.sn\/index.php\/2022\/12\/15\/assemblee-la-motion-de-censure-contre-le-gouvernement-rejetee\/#breadcrumb\",\"itemListElement\":[{\"@type\":\"ListItem\",\"position\":1,\"name\":\"Accueil\",\"item\":\"https:\/\/www.public.sn\/\"},{\"@type\":\"ListItem\",\"position\":2,\"name\":\"Assembl\u00e9e : la motion de censure contre le gouvernement rejet\u00e9e\"}]},{\"@type\":\"WebSite\",\"@id\":\"https:\/\/www.public.sn\/#website\",\"url\":\"https:\/\/www.public.sn\/\",\"name\":\"LE PUBLIC\",\"description\":\"\",\"publisher\":{\"@id\":\"https:\/\/www.public.sn\/#organization\"},\"potentialAction\":[{\"@type\":\"SearchAction\",\"target\":{\"@type\":\"EntryPoint\",\"urlTemplate\":\"https:\/\/www.public.sn\/?s={search_term_string}\"},\"query-input\":{\"@type\":\"PropertyValueSpecification\",\"valueRequired\":true,\"valueName\":\"search_term_string\"}}],\"inLanguage\":\"fr-FR\"},{\"@type\":\"Organization\",\"@id\":\"https:\/\/www.public.sn\/#organization\",\"name\":\"LE PUBLIC\",\"url\":\"https:\/\/www.public.sn\/\",\"logo\":{\"@type\":\"ImageObject\",\"inLanguage\":\"fr-FR\",\"@id\":\"https:\/\/www.public.sn\/#\/schema\/logo\/image\/\",\"url\":\"https:\/\/www.public.sn\/wp-content\/uploads\/2024\/05\/cropped-LOGO-PUBLIC.SN_.png\",\"contentUrl\":\"https:\/\/www.public.sn\/wp-content\/uploads\/2024\/05\/cropped-LOGO-PUBLIC.SN_.png\",\"width\":682,\"height\":192,\"caption\":\"LE PUBLIC\"},\"image\":{\"@id\":\"https:\/\/www.public.sn\/#\/schema\/logo\/image\/\"}},{\"@type\":\"Person\",\"@id\":\"https:\/\/www.public.sn\/#\/schema\/person\/e3f4a11b037d4203902db148f9bc8d5a\",\"name\":\"LA REDACTION\",\"image\":{\"@type\":\"ImageObject\",\"inLanguage\":\"fr-FR\",\"@id\":\"https:\/\/www.public.sn\/#\/schema\/person\/image\/\",\"url\":\"https:\/\/secure.gravatar.com\/avatar\/d6c030db45db2883c075085c5d6c6258654a801a93766b49af0b82d4f454e2a5?s=96&d=mm&r=g\",\"contentUrl\":\"https:\/\/secure.gravatar.com\/avatar\/d6c030db45db2883c075085c5d6c6258654a801a93766b49af0b82d4f454e2a5?s=96&d=mm&r=g\",\"caption\":\"LA REDACTION\"},\"sameAs\":[\"http:\/\/www.public.sn\"],\"url\":\"https:\/\/www.public.sn\/index.php\/author\/admin7324\/\"}]}<\/script>\n<!-- \/ Yoast SEO plugin. -->","yoast_head_json":{"title":"Assembl\u00e9e : la motion de censure contre le gouvernement rejet\u00e9e - LE PUBLIC","robots":{"index":"index","follow":"follow","max-snippet":"max-snippet:-1","max-image-preview":"max-image-preview:large","max-video-preview":"max-video-preview:-1"},"canonical":"https:\/\/www.public.sn\/index.php\/2022\/12\/15\/assemblee-la-motion-de-censure-contre-le-gouvernement-rejetee\/","og_locale":"fr_FR","og_type":"article","og_title":"Assembl\u00e9e : la motion de censure contre le gouvernement rejet\u00e9e - LE PUBLIC","og_description":"Les d\u00e9put\u00e9s ont rejet\u00e9 ce jeudi la motion de censure d\u00e9pos\u00e9e par le Groupe parlementaire Yewwi contre le nouveau gouvernement de Amadou B\u00e2. La proc\u00e9dure se voulait une r\u00e9ponse au refus du Premier ministre de solliciter la confiance du Parlement \u2013 un choix en rupture avec une tradition jusqu\u2019\u00e0 pr\u00e9sent globalement respect\u00e9e. Apr\u00e8s pr\u00e8s de 4 heures de d\u00e9bats suivis du vote, l&rsquo;Assembl\u00e9e, avec sa majorit\u00e9, a d\u00e9cid\u00e9 de voter contre cette motion de censure pour la destitution du gouvernement d\u2019Amadou Ba. Le Pouvoir a donc remport\u00e9 cette \u00ab\u00a0bataille\u00a0\u00bb contre la coalition Yewwi Askan Wi, qui n\u2019a recueilli que 55 votes. Pour rappel, il en fallait 83 pour faire passer cette motion de censure.","og_url":"https:\/\/www.public.sn\/index.php\/2022\/12\/15\/assemblee-la-motion-de-censure-contre-le-gouvernement-rejetee\/","og_site_name":"LE PUBLIC","article_published_time":"2022-12-15T14:04:02+00:00","article_modified_time":"2022-12-15T14:06:59+00:00","og_image":[{"width":575,"height":403,"url":"https:\/\/www.public.sn\/wp-content\/uploads\/2022\/12\/amadou-ba.webp","type":"image\/webp"}],"author":"LA REDACTION","twitter_card":"summary_large_image","twitter_misc":{"\u00c9crit par":"LA REDACTION","Dur\u00e9e de lecture estim\u00e9e":"1 minute"},"schema":{"@context":"https:\/\/schema.org","@graph":[{"@type":"Article","@id":"https:\/\/www.public.sn\/index.php\/2022\/12\/15\/assemblee-la-motion-de-censure-contre-le-gouvernement-rejetee\/#article","isPartOf":{"@id":"https:\/\/www.public.sn\/index.php\/2022\/12\/15\/assemblee-la-motion-de-censure-contre-le-gouvernement-rejetee\/"},"author":{"name":"LA REDACTION","@id":"https:\/\/www.public.sn\/#\/schema\/person\/e3f4a11b037d4203902db148f9bc8d5a"},"headline":"Assembl\u00e9e : la motion de censure contre le gouvernement rejet\u00e9e","datePublished":"2022-12-15T14:04:02+00:00","dateModified":"2022-12-15T14:06:59+00:00","mainEntityOfPage":{"@id":"https:\/\/www.public.sn\/index.php\/2022\/12\/15\/assemblee-la-motion-de-censure-contre-le-gouvernement-rejetee\/"},"wordCount":136,"commentCount":0,"publisher":{"@id":"https:\/\/www.public.sn\/#organization"},"image":{"@id":"https:\/\/www.public.sn\/index.php\/2022\/12\/15\/assemblee-la-motion-de-censure-contre-le-gouvernement-rejetee\/#primaryimage"},"thumbnailUrl":"https:\/\/www.public.sn\/wp-content\/uploads\/2022\/12\/amadou-ba.webp","keywords":["Assembl\u00e9e","motion de censure"],"articleSection":["ACTUALIT\u00c9S","POLITIQUE","VEDETTE"],"inLanguage":"fr-FR","potentialAction":[{"@type":"CommentAction","name":"Comment","target":["https:\/\/www.public.sn\/index.php\/2022\/12\/15\/assemblee-la-motion-de-censure-contre-le-gouvernement-rejetee\/#respond"]}]},{"@type":"WebPage","@id":"https:\/\/www.public.sn\/index.php\/2022\/12\/15\/assemblee-la-motion-de-censure-contre-le-gouvernement-rejetee\/","url":"https:\/\/www.public.sn\/index.php\/2022\/12\/15\/assemblee-la-motion-de-censure-contre-le-gouvernement-rejetee\/","name":"Assembl\u00e9e : la motion de censure contre le gouvernement rejet\u00e9e - LE PUBLIC","isPartOf":{"@id":"https:\/\/www.public.sn\/#website"},"primaryImageOfPage":{"@id":"https:\/\/www.public.sn\/index.php\/2022\/12\/15\/assemblee-la-motion-de-censure-contre-le-gouvernement-rejetee\/#primaryimage"},"image":{"@id":"https:\/\/www.public.sn\/index.php\/2022\/12\/15\/assemblee-la-motion-de-censure-contre-le-gouvernement-rejetee\/#primaryimage"},"thumbnailUrl":"https:\/\/www.public.sn\/wp-content\/uploads\/2022\/12\/amadou-ba.webp","datePublished":"2022-12-15T14:04:02+00:00","dateModified":"2022-12-15T14:06:59+00:00","breadcrumb":{"@id":"https:\/\/www.public.sn\/index.php\/2022\/12\/15\/assemblee-la-motion-de-censure-contre-le-gouvernement-rejetee\/#breadcrumb"},"inLanguage":"fr-FR","potentialAction":[{"@type":"ReadAction","target":["https:\/\/www.public.sn\/index.php\/2022\/12\/15\/assemblee-la-motion-de-censure-contre-le-gouvernement-rejetee\/"]}]},{"@type":"ImageObject","inLanguage":"fr-FR","@id":"https:\/\/www.public.sn\/index.php\/2022\/12\/15\/assemblee-la-motion-de-censure-contre-le-gouvernement-rejetee\/#primaryimage","url":"https:\/\/www.public.sn\/wp-content\/uploads\/2022\/12\/amadou-ba.webp","contentUrl":"https:\/\/www.public.sn\/wp-content\/uploads\/2022\/12\/amadou-ba.webp","width":575,"height":403},{"@type":"BreadcrumbList","@id":"https:\/\/www.public.sn\/index.php\/2022\/12\/15\/assemblee-la-motion-de-censure-contre-le-gouvernement-rejetee\/#breadcrumb","itemListElement":[{"@type":"ListItem","position":1,"name":"Accueil","item":"https:\/\/www.public.sn\/"},{"@type":"ListItem","position":2,"name":"Assembl\u00e9e : la motion de censure contre le gouvernement rejet\u00e9e"}]},{"@type":"WebSite","@id":"https:\/\/www.public.sn\/#website","url":"https:\/\/www.public.sn\/","name":"LE PUBLIC","description":"","publisher":{"@id":"https:\/\/www.public.sn\/#organization"},"potentialAction":[{"@type":"SearchAction","target":{"@type":"EntryPoint","urlTemplate":"https:\/\/www.public.sn\/?s={search_term_string}"},"query-input":{"@type":"PropertyValueSpecification","valueRequired":true,"valueName":"search_term_string"}}],"inLanguage":"fr-FR"},{"@type":"Organization","@id":"https:\/\/www.public.sn\/#organization","name":"LE PUBLIC","url":"https:\/\/www.public.sn\/","logo":{"@type":"ImageObject","inLanguage":"fr-FR","@id":"https:\/\/www.public.sn\/#\/schema\/logo\/image\/","url":"https:\/\/www.public.sn\/wp-content\/uploads\/2024\/05\/cropped-LOGO-PUBLIC.SN_.png","contentUrl":"https:\/\/www.public.sn\/wp-content\/uploads\/2024\/05\/cropped-LOGO-PUBLIC.SN_.png","width":682,"height":192,"caption":"LE PUBLIC"},"image":{"@id":"https:\/\/www.public.sn\/#\/schema\/logo\/image\/"}},{"@type":"Person","@id":"https:\/\/www.public.sn\/#\/schema\/person\/e3f4a11b037d4203902db148f9bc8d5a","name":"LA REDACTION","image":{"@type":"ImageObject","inLanguage":"fr-FR","@id":"https:\/\/www.public.sn\/#\/schema\/person\/image\/","url":"https:\/\/secure.gravatar.com\/avatar\/d6c030db45db2883c075085c5d6c6258654a801a93766b49af0b82d4f454e2a5?s=96&d=mm&r=g","contentUrl":"https:\/\/secure.gravatar.com\/avatar\/d6c030db45db2883c075085c5d6c6258654a801a93766b49af0b82d4f454e2a5?s=96&d=mm&r=g","caption":"LA REDACTION"},"sameAs":["http:\/\/www.public.sn"],"url":"https:\/\/www.public.sn\/index.php\/author\/admin7324\/"}]}},"jetpack_featured_media_url":"https:\/\/www.public.sn\/wp-content\/uploads\/2022\/12\/amadou-ba.webp","jetpack_sharing_enabled":true,"_links":{"self":[{"href":"https:\/\/www.public.sn\/index.php\/wp-json\/wp\/v2\/posts\/11767","targetHints":{"allow":["GET"]}}],"collection":[{"href":"https:\/\/www.public.sn\/index.php\/wp-json\/wp\/v2\/posts"}],"about":[{"href":"https:\/\/www.public.sn\/index.php\/wp-json\/wp\/v2\/types\/post"}],"author":[{"embeddable":true,"href":"https:\/\/www.public.sn\/index.php\/wp-json\/wp\/v2\/users\/1"}],"replies":[{"embeddable":true,"href":"https:\/\/www.public.sn\/index.php\/wp-json\/wp\/v2\/comments?post=11767"}],"version-history":[{"count":2,"href":"https:\/\/www.public.sn\/index.php\/wp-json\/wp\/v2\/posts\/11767\/revisions"}],"predecessor-version":[{"id":11774,"href":"https:\/\/www.public.sn\/index.php\/wp-json\/wp\/v2\/posts\/11767\/revisions\/11774"}],"wp:featuredmedia":[{"embeddable":true,"href":"https:\/\/www.public.sn\/index.php\/wp-json\/wp\/v2\/media\/11773"}],"wp:attachment":[{"href":"https:\/\/www.public.sn\/index.php\/wp-json\/wp\/v2\/media?parent=11767"}],"wp:term":[{"taxonomy":"category","embeddable":true,"href":"https:\/\/www.public.sn\/index.php\/wp-json\/wp\/v2\/categories?post=11767"},{"taxonomy":"post_tag","embeddable":true,"href":"https:\/\/www.public.sn\/index.php\/wp-json\/wp\/v2\/tags?post=11767"}],"curies":[{"name":"wp","href":"https:\/\/api.w.org\/{rel}","templated":true}]}}