{"id":11815,"date":"2022-12-15T18:14:04","date_gmt":"2022-12-15T18:14:04","guid":{"rendered":"https:\/\/www.public.sn\/?p=11815"},"modified":"2022-12-15T20:46:50","modified_gmt":"2022-12-15T20:46:50","slug":"derniere-minute-les-deputes-massata-samb-et-mamadou-niang-envoyer","status":"publish","type":"post","link":"https:\/\/www.public.sn\/index.php\/2022\/12\/15\/derniere-minute-les-deputes-massata-samb-et-mamadou-niang-envoyer\/","title":{"rendered":"Les d\u00e9put\u00e9s du PUR en prison et jug\u00e9s lundi"},"content":{"rendered":"\n<p>Les d\u00e9put\u00e9s du PUR plac\u00e9s sous mandat de d\u00e9p\u00f4t. Massata Samb et Mamadou Niang seront jug\u00e9s en audience lundi prochain \u00e0 8h30 en flagrant d\u00e9lit. Ils sont poursuivis pour coups et blessures volontaires ayant entrain\u00e9s une indisponibilit\u00e9 temporaire de travail de 23 jours suite \u00e0 une plainte formul\u00e9e par leur coll\u00e8gue Aminata Ndiaye informe un de leur avocat.<\/p><div class=\"publi-paragraphe1\" style=\"margin-top: 10px;margin-bottom: 10px;margin-left: auto;margin-right: auto;text-align: center;\" id=\"publi-1900745531\"><div class=\"publi-adlabel\">Publicit\u00e9<\/div><script async src=\"\/\/pagead2.googlesyndication.com\/pagead\/js\/adsbygoogle.js?client=ca-pub-4089586018074219\" crossorigin=\"anonymous\"><\/script><ins class=\"adsbygoogle\" style=\"display:block;\" data-ad-client=\"ca-pub-4089586018074219\" \ndata-ad-slot=\"2087940154\" \ndata-ad-format=\"auto\"><\/ins>\n<script> \n(adsbygoogle = window.adsbygoogle || []).push({}); \n<\/script>\n<\/div>\n\n\n\n<p>Les deux d\u00e9put\u00e9s Massata Samb et Mamadou Niang avaient fait leur r\u00e9apparition \u00e0 l&rsquo;Assembl\u00e9e nationale hier lors de la DPG du premier ministre Amadou B\u00e2. Selon leur conseil, les deux parlementaires avaient b\u00e9n\u00e9fici\u00e9 d&rsquo;un repos m\u00e9dical, ce qui explique qu&rsquo;ils avaient disparu de la circulation. Il ajoutait que les deux d\u00e9put\u00e9s de PUR n&rsquo;ont jusqu&rsquo;\u00e0 pr\u00e9sent re\u00e7u aucune convocation des autorit\u00e9s polici\u00e8res et qu&rsquo;ils vaquent librement \u00e0 leurs occupations.<\/p>\n\n\n\n<p>Victime d&rsquo;agression, la d\u00e9put\u00e9 Amy Ndiaye a d\u00e9pos\u00e9 une plainte sur le bureau du procureur. Elle poursuit les d\u00e9put\u00e9s mis en cause pour coups et blessures pouvant entrainer la perte d&rsquo;une grossesse, voie de fait, injures publiques et association de malfaiteurs.<\/p>\n\n\n\n<p>Birahime Ndiaye<\/p>\n<div class=\"publi-apres-le-contenu\" style=\"margin-top: 10px;margin-bottom: 10px;margin-left: auto;margin-right: auto;text-align: center;\" id=\"publi-989671833\"><div class=\"publi-adlabel\">Publicit\u00e9<\/div><script async src=\"\/\/pagead2.googlesyndication.com\/pagead\/js\/adsbygoogle.js?client=ca-pub-4089586018074219\" crossorigin=\"anonymous\"><\/script><ins class=\"adsbygoogle\" style=\"display:block;\" data-ad-client=\"ca-pub-4089586018074219\" \ndata-ad-slot=\"2087940154\" \ndata-ad-format=\"auto\"><\/ins>\n<script> \n(adsbygoogle = window.adsbygoogle || []).push({}); \n<\/script>\n<\/div>","protected":false},"excerpt":{"rendered":"<p>Les d\u00e9put\u00e9s du PUR plac\u00e9s sous mandat de d\u00e9p\u00f4t. Massata Samb et Mamadou Niang seront jug\u00e9s en audience lundi prochain \u00e0 8h30 en flagrant d\u00e9lit. Ils sont poursuivis pour coups et blessures volontaires ayant entrain\u00e9s une indisponibilit\u00e9 temporaire de travail de 23 jours suite \u00e0 une plainte formul\u00e9e par leur coll\u00e8gue Aminata Ndiaye informe un de leur avocat. Les deux d\u00e9put\u00e9s Massata Samb et Mamadou Niang avaient fait leur r\u00e9apparition \u00e0 l&rsquo;Assembl\u00e9e nationale hier lors de la DPG du premier ministre Amadou B\u00e2. Selon leur conseil, les deux parlementaires avaient b\u00e9n\u00e9fici\u00e9 d&rsquo;un repos m\u00e9dical, ce qui explique qu&rsquo;ils avaient disparu de la circulation. Il ajoutait que les deux d\u00e9put\u00e9s de PUR n&rsquo;ont jusqu&rsquo;\u00e0 pr\u00e9sent re\u00e7u aucune convocation des autorit\u00e9s polici\u00e8res et qu&rsquo;ils vaquent librement \u00e0 leurs occupations. Victime d&rsquo;agression, la d\u00e9put\u00e9 Amy Ndiaye a d\u00e9pos\u00e9 une plainte sur le bureau du procureur. Elle poursuit les d\u00e9put\u00e9s mis en cause pour coups et blessures pouvant entrainer la perte d&rsquo;une grossesse, voie de fait, injures publiques et association de malfaiteurs. Birahime Ndiaye<\/p>\n","protected":false},"author":7,"featured_media":11818,"comment_status":"open","ping_status":"open","sticky":false,"template":"","format":"standard","meta":{"_jetpack_memberships_contains_paid_content":false,"footnotes":""},"categories":[375,3724,3,8,376,372],"tags":[3805,3542,130],"class_list":["post-11815","post","type-post","status-publish","format-standard","has-post-thumbnail","hentry","category-actualites","category-justice","category-politique","category-public-tv","category-securite-justice","category-vedette","tag-mamadou-niang","tag-massata-samb","tag-prison","entry","has-media","owp-thumbs-layout-horizontal","owp-btn-normal","owp-tabs-layout-horizontal","has-no-thumbnails","has-product-nav"],"yoast_head":"<!-- This site is optimized with the Yoast SEO plugin v25.5 - https:\/\/yoast.com\/wordpress\/plugins\/seo\/ -->\n<title>Les d\u00e9put\u00e9s du PUR en prison et jug\u00e9s lundi - LE PUBLIC<\/title>\n<meta name=\"robots\" content=\"index, follow, max-snippet:-1, max-image-preview:large, max-video-preview:-1\" \/>\n<link rel=\"canonical\" href=\"https:\/\/www.public.sn\/index.php\/2022\/12\/15\/derniere-minute-les-deputes-massata-samb-et-mamadou-niang-envoyer\/\" \/>\n<meta property=\"og:locale\" content=\"fr_FR\" \/>\n<meta property=\"og:type\" content=\"article\" \/>\n<meta property=\"og:title\" content=\"Les d\u00e9put\u00e9s du PUR en prison et jug\u00e9s lundi - LE PUBLIC\" \/>\n<meta property=\"og:description\" content=\"Les d\u00e9put\u00e9s du PUR plac\u00e9s sous mandat de d\u00e9p\u00f4t. Massata Samb et Mamadou Niang seront jug\u00e9s en audience lundi prochain \u00e0 8h30 en flagrant d\u00e9lit. Ils sont poursuivis pour coups et blessures volontaires ayant entrain\u00e9s une indisponibilit\u00e9 temporaire de travail de 23 jours suite \u00e0 une plainte formul\u00e9e par leur coll\u00e8gue Aminata Ndiaye informe un de leur avocat. Les deux d\u00e9put\u00e9s Massata Samb et Mamadou Niang avaient fait leur r\u00e9apparition \u00e0 l&rsquo;Assembl\u00e9e nationale hier lors de la DPG du premier ministre Amadou B\u00e2. Selon leur conseil, les deux parlementaires avaient b\u00e9n\u00e9fici\u00e9 d&rsquo;un repos m\u00e9dical, ce qui explique qu&rsquo;ils avaient disparu de la circulation. Il ajoutait que les deux d\u00e9put\u00e9s de PUR n&rsquo;ont jusqu&rsquo;\u00e0 pr\u00e9sent re\u00e7u aucune convocation des autorit\u00e9s polici\u00e8res et qu&rsquo;ils vaquent librement \u00e0 leurs occupations. Victime d&rsquo;agression, la d\u00e9put\u00e9 Amy Ndiaye a d\u00e9pos\u00e9 une plainte sur le bureau du procureur. Elle poursuit les d\u00e9put\u00e9s mis en cause pour coups et blessures pouvant entrainer la perte d&rsquo;une grossesse, voie de fait, injures publiques et association de malfaiteurs. Birahime Ndiaye\" \/>\n<meta property=\"og:url\" content=\"https:\/\/www.public.sn\/index.php\/2022\/12\/15\/derniere-minute-les-deputes-massata-samb-et-mamadou-niang-envoyer\/\" \/>\n<meta property=\"og:site_name\" content=\"LE PUBLIC\" \/>\n<meta property=\"article:published_time\" content=\"2022-12-15T18:14:04+00:00\" \/>\n<meta property=\"article:modified_time\" content=\"2022-12-15T20:46:50+00:00\" \/>\n<meta property=\"og:image\" content=\"https:\/\/www.public.sn\/wp-content\/uploads\/2022\/12\/WhatsApp-Image-2022-12-15-at-19.11.51.jpeg\" \/>\n\t<meta property=\"og:image:width\" content=\"1024\" \/>\n\t<meta property=\"og:image:height\" content=\"768\" \/>\n\t<meta property=\"og:image:type\" content=\"image\/jpeg\" \/>\n<meta name=\"author\" content=\"LA REDACTION\" \/>\n<meta name=\"twitter:card\" content=\"summary_large_image\" \/>\n<meta name=\"twitter:label1\" content=\"\u00c9crit par\" \/>\n\t<meta name=\"twitter:data1\" content=\"LA REDACTION\" \/>\n\t<meta name=\"twitter:label2\" content=\"Dur\u00e9e de lecture estim\u00e9e\" \/>\n\t<meta name=\"twitter:data2\" content=\"1 minute\" \/>\n<script type=\"application\/ld+json\" class=\"yoast-schema-graph\">{\"@context\":\"https:\/\/schema.org\",\"@graph\":[{\"@type\":\"Article\",\"@id\":\"https:\/\/www.public.sn\/index.php\/2022\/12\/15\/derniere-minute-les-deputes-massata-samb-et-mamadou-niang-envoyer\/#article\",\"isPartOf\":{\"@id\":\"https:\/\/www.public.sn\/index.php\/2022\/12\/15\/derniere-minute-les-deputes-massata-samb-et-mamadou-niang-envoyer\/\"},\"author\":{\"name\":\"LA REDACTION\",\"@id\":\"https:\/\/www.public.sn\/#\/schema\/person\/cb76c8e1b8becc6be61fb5e92d6d0224\"},\"headline\":\"Les d\u00e9put\u00e9s du PUR en prison et jug\u00e9s lundi\",\"datePublished\":\"2022-12-15T18:14:04+00:00\",\"dateModified\":\"2022-12-15T20:46:50+00:00\",\"mainEntityOfPage\":{\"@id\":\"https:\/\/www.public.sn\/index.php\/2022\/12\/15\/derniere-minute-les-deputes-massata-samb-et-mamadou-niang-envoyer\/\"},\"wordCount\":204,\"commentCount\":0,\"publisher\":{\"@id\":\"https:\/\/www.public.sn\/#organization\"},\"image\":{\"@id\":\"https:\/\/www.public.sn\/index.php\/2022\/12\/15\/derniere-minute-les-deputes-massata-samb-et-mamadou-niang-envoyer\/#primaryimage\"},\"thumbnailUrl\":\"https:\/\/www.public.sn\/wp-content\/uploads\/2022\/12\/WhatsApp-Image-2022-12-15-at-19.11.51.jpeg\",\"keywords\":[\"Mamadou Niang\",\"massata samb\",\"Prison\"],\"articleSection\":[\"ACTUALIT\u00c9S\",\"justice\",\"POLITIQUE\",\"PUBLIC TV\",\"S\u00c9CURIT\u00c9 &amp; JUSTICE\",\"VEDETTE\"],\"inLanguage\":\"fr-FR\",\"potentialAction\":[{\"@type\":\"CommentAction\",\"name\":\"Comment\",\"target\":[\"https:\/\/www.public.sn\/index.php\/2022\/12\/15\/derniere-minute-les-deputes-massata-samb-et-mamadou-niang-envoyer\/#respond\"]}]},{\"@type\":\"WebPage\",\"@id\":\"https:\/\/www.public.sn\/index.php\/2022\/12\/15\/derniere-minute-les-deputes-massata-samb-et-mamadou-niang-envoyer\/\",\"url\":\"https:\/\/www.public.sn\/index.php\/2022\/12\/15\/derniere-minute-les-deputes-massata-samb-et-mamadou-niang-envoyer\/\",\"name\":\"Les d\u00e9put\u00e9s du PUR en prison et jug\u00e9s lundi - LE PUBLIC\",\"isPartOf\":{\"@id\":\"https:\/\/www.public.sn\/#website\"},\"primaryImageOfPage\":{\"@id\":\"https:\/\/www.public.sn\/index.php\/2022\/12\/15\/derniere-minute-les-deputes-massata-samb-et-mamadou-niang-envoyer\/#primaryimage\"},\"image\":{\"@id\":\"https:\/\/www.public.sn\/index.php\/2022\/12\/15\/derniere-minute-les-deputes-massata-samb-et-mamadou-niang-envoyer\/#primaryimage\"},\"thumbnailUrl\":\"https:\/\/www.public.sn\/wp-content\/uploads\/2022\/12\/WhatsApp-Image-2022-12-15-at-19.11.51.jpeg\",\"datePublished\":\"2022-12-15T18:14:04+00:00\",\"dateModified\":\"2022-12-15T20:46:50+00:00\",\"breadcrumb\":{\"@id\":\"https:\/\/www.public.sn\/index.php\/2022\/12\/15\/derniere-minute-les-deputes-massata-samb-et-mamadou-niang-envoyer\/#breadcrumb\"},\"inLanguage\":\"fr-FR\",\"potentialAction\":[{\"@type\":\"ReadAction\",\"target\":[\"https:\/\/www.public.sn\/index.php\/2022\/12\/15\/derniere-minute-les-deputes-massata-samb-et-mamadou-niang-envoyer\/\"]}]},{\"@type\":\"ImageObject\",\"inLanguage\":\"fr-FR\",\"@id\":\"https:\/\/www.public.sn\/index.php\/2022\/12\/15\/derniere-minute-les-deputes-massata-samb-et-mamadou-niang-envoyer\/#primaryimage\",\"url\":\"https:\/\/www.public.sn\/wp-content\/uploads\/2022\/12\/WhatsApp-Image-2022-12-15-at-19.11.51.jpeg\",\"contentUrl\":\"https:\/\/www.public.sn\/wp-content\/uploads\/2022\/12\/WhatsApp-Image-2022-12-15-at-19.11.51.jpeg\",\"width\":1024,\"height\":768},{\"@type\":\"BreadcrumbList\",\"@id\":\"https:\/\/www.public.sn\/index.php\/2022\/12\/15\/derniere-minute-les-deputes-massata-samb-et-mamadou-niang-envoyer\/#breadcrumb\",\"itemListElement\":[{\"@type\":\"ListItem\",\"position\":1,\"name\":\"Accueil\",\"item\":\"https:\/\/www.public.sn\/\"},{\"@type\":\"ListItem\",\"position\":2,\"name\":\"Les d\u00e9put\u00e9s du PUR en prison et jug\u00e9s lundi\"}]},{\"@type\":\"WebSite\",\"@id\":\"https:\/\/www.public.sn\/#website\",\"url\":\"https:\/\/www.public.sn\/\",\"name\":\"LE PUBLIC\",\"description\":\"\",\"publisher\":{\"@id\":\"https:\/\/www.public.sn\/#organization\"},\"potentialAction\":[{\"@type\":\"SearchAction\",\"target\":{\"@type\":\"EntryPoint\",\"urlTemplate\":\"https:\/\/www.public.sn\/?s={search_term_string}\"},\"query-input\":{\"@type\":\"PropertyValueSpecification\",\"valueRequired\":true,\"valueName\":\"search_term_string\"}}],\"inLanguage\":\"fr-FR\"},{\"@type\":\"Organization\",\"@id\":\"https:\/\/www.public.sn\/#organization\",\"name\":\"LE PUBLIC\",\"url\":\"https:\/\/www.public.sn\/\",\"logo\":{\"@type\":\"ImageObject\",\"inLanguage\":\"fr-FR\",\"@id\":\"https:\/\/www.public.sn\/#\/schema\/logo\/image\/\",\"url\":\"https:\/\/www.public.sn\/wp-content\/uploads\/2024\/05\/cropped-LOGO-PUBLIC.SN_.png\",\"contentUrl\":\"https:\/\/www.public.sn\/wp-content\/uploads\/2024\/05\/cropped-LOGO-PUBLIC.SN_.png\",\"width\":682,\"height\":192,\"caption\":\"LE PUBLIC\"},\"image\":{\"@id\":\"https:\/\/www.public.sn\/#\/schema\/logo\/image\/\"}},{\"@type\":\"Person\",\"@id\":\"https:\/\/www.public.sn\/#\/schema\/person\/cb76c8e1b8becc6be61fb5e92d6d0224\",\"name\":\"LA REDACTION\",\"image\":{\"@type\":\"ImageObject\",\"inLanguage\":\"fr-FR\",\"@id\":\"https:\/\/www.public.sn\/#\/schema\/person\/image\/\",\"url\":\"https:\/\/secure.gravatar.com\/avatar\/2dce5ddd34b8fef0180efe03aa2a9bee7d953856048f9a16b298190a3178407c?s=96&d=mm&r=g\",\"contentUrl\":\"https:\/\/secure.gravatar.com\/avatar\/2dce5ddd34b8fef0180efe03aa2a9bee7d953856048f9a16b298190a3178407c?s=96&d=mm&r=g\",\"caption\":\"LA REDACTION\"},\"url\":\"https:\/\/www.public.sn\/index.php\/author\/editeurpsn\/\"}]}<\/script>\n<!-- \/ Yoast SEO plugin. -->","yoast_head_json":{"title":"Les d\u00e9put\u00e9s du PUR en prison et jug\u00e9s lundi - LE PUBLIC","robots":{"index":"index","follow":"follow","max-snippet":"max-snippet:-1","max-image-preview":"max-image-preview:large","max-video-preview":"max-video-preview:-1"},"canonical":"https:\/\/www.public.sn\/index.php\/2022\/12\/15\/derniere-minute-les-deputes-massata-samb-et-mamadou-niang-envoyer\/","og_locale":"fr_FR","og_type":"article","og_title":"Les d\u00e9put\u00e9s du PUR en prison et jug\u00e9s lundi - LE PUBLIC","og_description":"Les d\u00e9put\u00e9s du PUR plac\u00e9s sous mandat de d\u00e9p\u00f4t. Massata Samb et Mamadou Niang seront jug\u00e9s en audience lundi prochain \u00e0 8h30 en flagrant d\u00e9lit. Ils sont poursuivis pour coups et blessures volontaires ayant entrain\u00e9s une indisponibilit\u00e9 temporaire de travail de 23 jours suite \u00e0 une plainte formul\u00e9e par leur coll\u00e8gue Aminata Ndiaye informe un de leur avocat. Les deux d\u00e9put\u00e9s Massata Samb et Mamadou Niang avaient fait leur r\u00e9apparition \u00e0 l&rsquo;Assembl\u00e9e nationale hier lors de la DPG du premier ministre Amadou B\u00e2. Selon leur conseil, les deux parlementaires avaient b\u00e9n\u00e9fici\u00e9 d&rsquo;un repos m\u00e9dical, ce qui explique qu&rsquo;ils avaient disparu de la circulation. Il ajoutait que les deux d\u00e9put\u00e9s de PUR n&rsquo;ont jusqu&rsquo;\u00e0 pr\u00e9sent re\u00e7u aucune convocation des autorit\u00e9s polici\u00e8res et qu&rsquo;ils vaquent librement \u00e0 leurs occupations. Victime d&rsquo;agression, la d\u00e9put\u00e9 Amy Ndiaye a d\u00e9pos\u00e9 une plainte sur le bureau du procureur. Elle poursuit les d\u00e9put\u00e9s mis en cause pour coups et blessures pouvant entrainer la perte d&rsquo;une grossesse, voie de fait, injures publiques et association de malfaiteurs. Birahime Ndiaye","og_url":"https:\/\/www.public.sn\/index.php\/2022\/12\/15\/derniere-minute-les-deputes-massata-samb-et-mamadou-niang-envoyer\/","og_site_name":"LE PUBLIC","article_published_time":"2022-12-15T18:14:04+00:00","article_modified_time":"2022-12-15T20:46:50+00:00","og_image":[{"width":1024,"height":768,"url":"https:\/\/www.public.sn\/wp-content\/uploads\/2022\/12\/WhatsApp-Image-2022-12-15-at-19.11.51.jpeg","type":"image\/jpeg"}],"author":"LA REDACTION","twitter_card":"summary_large_image","twitter_misc":{"\u00c9crit par":"LA REDACTION","Dur\u00e9e de lecture estim\u00e9e":"1 minute"},"schema":{"@context":"https:\/\/schema.org","@graph":[{"@type":"Article","@id":"https:\/\/www.public.sn\/index.php\/2022\/12\/15\/derniere-minute-les-deputes-massata-samb-et-mamadou-niang-envoyer\/#article","isPartOf":{"@id":"https:\/\/www.public.sn\/index.php\/2022\/12\/15\/derniere-minute-les-deputes-massata-samb-et-mamadou-niang-envoyer\/"},"author":{"name":"LA REDACTION","@id":"https:\/\/www.public.sn\/#\/schema\/person\/cb76c8e1b8becc6be61fb5e92d6d0224"},"headline":"Les d\u00e9put\u00e9s du PUR en prison et jug\u00e9s lundi","datePublished":"2022-12-15T18:14:04+00:00","dateModified":"2022-12-15T20:46:50+00:00","mainEntityOfPage":{"@id":"https:\/\/www.public.sn\/index.php\/2022\/12\/15\/derniere-minute-les-deputes-massata-samb-et-mamadou-niang-envoyer\/"},"wordCount":204,"commentCount":0,"publisher":{"@id":"https:\/\/www.public.sn\/#organization"},"image":{"@id":"https:\/\/www.public.sn\/index.php\/2022\/12\/15\/derniere-minute-les-deputes-massata-samb-et-mamadou-niang-envoyer\/#primaryimage"},"thumbnailUrl":"https:\/\/www.public.sn\/wp-content\/uploads\/2022\/12\/WhatsApp-Image-2022-12-15-at-19.11.51.jpeg","keywords":["Mamadou Niang","massata samb","Prison"],"articleSection":["ACTUALIT\u00c9S","justice","POLITIQUE","PUBLIC TV","S\u00c9CURIT\u00c9 &amp; JUSTICE","VEDETTE"],"inLanguage":"fr-FR","potentialAction":[{"@type":"CommentAction","name":"Comment","target":["https:\/\/www.public.sn\/index.php\/2022\/12\/15\/derniere-minute-les-deputes-massata-samb-et-mamadou-niang-envoyer\/#respond"]}]},{"@type":"WebPage","@id":"https:\/\/www.public.sn\/index.php\/2022\/12\/15\/derniere-minute-les-deputes-massata-samb-et-mamadou-niang-envoyer\/","url":"https:\/\/www.public.sn\/index.php\/2022\/12\/15\/derniere-minute-les-deputes-massata-samb-et-mamadou-niang-envoyer\/","name":"Les d\u00e9put\u00e9s du PUR en prison et jug\u00e9s lundi - LE PUBLIC","isPartOf":{"@id":"https:\/\/www.public.sn\/#website"},"primaryImageOfPage":{"@id":"https:\/\/www.public.sn\/index.php\/2022\/12\/15\/derniere-minute-les-deputes-massata-samb-et-mamadou-niang-envoyer\/#primaryimage"},"image":{"@id":"https:\/\/www.public.sn\/index.php\/2022\/12\/15\/derniere-minute-les-deputes-massata-samb-et-mamadou-niang-envoyer\/#primaryimage"},"thumbnailUrl":"https:\/\/www.public.sn\/wp-content\/uploads\/2022\/12\/WhatsApp-Image-2022-12-15-at-19.11.51.jpeg","datePublished":"2022-12-15T18:14:04+00:00","dateModified":"2022-12-15T20:46:50+00:00","breadcrumb":{"@id":"https:\/\/www.public.sn\/index.php\/2022\/12\/15\/derniere-minute-les-deputes-massata-samb-et-mamadou-niang-envoyer\/#breadcrumb"},"inLanguage":"fr-FR","potentialAction":[{"@type":"ReadAction","target":["https:\/\/www.public.sn\/index.php\/2022\/12\/15\/derniere-minute-les-deputes-massata-samb-et-mamadou-niang-envoyer\/"]}]},{"@type":"ImageObject","inLanguage":"fr-FR","@id":"https:\/\/www.public.sn\/index.php\/2022\/12\/15\/derniere-minute-les-deputes-massata-samb-et-mamadou-niang-envoyer\/#primaryimage","url":"https:\/\/www.public.sn\/wp-content\/uploads\/2022\/12\/WhatsApp-Image-2022-12-15-at-19.11.51.jpeg","contentUrl":"https:\/\/www.public.sn\/wp-content\/uploads\/2022\/12\/WhatsApp-Image-2022-12-15-at-19.11.51.jpeg","width":1024,"height":768},{"@type":"BreadcrumbList","@id":"https:\/\/www.public.sn\/index.php\/2022\/12\/15\/derniere-minute-les-deputes-massata-samb-et-mamadou-niang-envoyer\/#breadcrumb","itemListElement":[{"@type":"ListItem","position":1,"name":"Accueil","item":"https:\/\/www.public.sn\/"},{"@type":"ListItem","position":2,"name":"Les d\u00e9put\u00e9s du PUR en prison et jug\u00e9s lundi"}]},{"@type":"WebSite","@id":"https:\/\/www.public.sn\/#website","url":"https:\/\/www.public.sn\/","name":"LE PUBLIC","description":"","publisher":{"@id":"https:\/\/www.public.sn\/#organization"},"potentialAction":[{"@type":"SearchAction","target":{"@type":"EntryPoint","urlTemplate":"https:\/\/www.public.sn\/?s={search_term_string}"},"query-input":{"@type":"PropertyValueSpecification","valueRequired":true,"valueName":"search_term_string"}}],"inLanguage":"fr-FR"},{"@type":"Organization","@id":"https:\/\/www.public.sn\/#organization","name":"LE PUBLIC","url":"https:\/\/www.public.sn\/","logo":{"@type":"ImageObject","inLanguage":"fr-FR","@id":"https:\/\/www.public.sn\/#\/schema\/logo\/image\/","url":"https:\/\/www.public.sn\/wp-content\/uploads\/2024\/05\/cropped-LOGO-PUBLIC.SN_.png","contentUrl":"https:\/\/www.public.sn\/wp-content\/uploads\/2024\/05\/cropped-LOGO-PUBLIC.SN_.png","width":682,"height":192,"caption":"LE PUBLIC"},"image":{"@id":"https:\/\/www.public.sn\/#\/schema\/logo\/image\/"}},{"@type":"Person","@id":"https:\/\/www.public.sn\/#\/schema\/person\/cb76c8e1b8becc6be61fb5e92d6d0224","name":"LA REDACTION","image":{"@type":"ImageObject","inLanguage":"fr-FR","@id":"https:\/\/www.public.sn\/#\/schema\/person\/image\/","url":"https:\/\/secure.gravatar.com\/avatar\/2dce5ddd34b8fef0180efe03aa2a9bee7d953856048f9a16b298190a3178407c?s=96&d=mm&r=g","contentUrl":"https:\/\/secure.gravatar.com\/avatar\/2dce5ddd34b8fef0180efe03aa2a9bee7d953856048f9a16b298190a3178407c?s=96&d=mm&r=g","caption":"LA REDACTION"},"url":"https:\/\/www.public.sn\/index.php\/author\/editeurpsn\/"}]}},"jetpack_featured_media_url":"https:\/\/www.public.sn\/wp-content\/uploads\/2022\/12\/WhatsApp-Image-2022-12-15-at-19.11.51.jpeg","jetpack_sharing_enabled":true,"_links":{"self":[{"href":"https:\/\/www.public.sn\/index.php\/wp-json\/wp\/v2\/posts\/11815","targetHints":{"allow":["GET"]}}],"collection":[{"href":"https:\/\/www.public.sn\/index.php\/wp-json\/wp\/v2\/posts"}],"about":[{"href":"https:\/\/www.public.sn\/index.php\/wp-json\/wp\/v2\/types\/post"}],"author":[{"embeddable":true,"href":"https:\/\/www.public.sn\/index.php\/wp-json\/wp\/v2\/users\/7"}],"replies":[{"embeddable":true,"href":"https:\/\/www.public.sn\/index.php\/wp-json\/wp\/v2\/comments?post=11815"}],"version-history":[{"count":5,"href":"https:\/\/www.public.sn\/index.php\/wp-json\/wp\/v2\/posts\/11815\/revisions"}],"predecessor-version":[{"id":11833,"href":"https:\/\/www.public.sn\/index.php\/wp-json\/wp\/v2\/posts\/11815\/revisions\/11833"}],"wp:featuredmedia":[{"embeddable":true,"href":"https:\/\/www.public.sn\/index.php\/wp-json\/wp\/v2\/media\/11818"}],"wp:attachment":[{"href":"https:\/\/www.public.sn\/index.php\/wp-json\/wp\/v2\/media?parent=11815"}],"wp:term":[{"taxonomy":"category","embeddable":true,"href":"https:\/\/www.public.sn\/index.php\/wp-json\/wp\/v2\/categories?post=11815"},{"taxonomy":"post_tag","embeddable":true,"href":"https:\/\/www.public.sn\/index.php\/wp-json\/wp\/v2\/tags?post=11815"}],"curies":[{"name":"wp","href":"https:\/\/api.w.org\/{rel}","templated":true}]}}