{"id":11816,"date":"2022-12-15T19:02:41","date_gmt":"2022-12-15T19:02:41","guid":{"rendered":"https:\/\/www.public.sn\/?p=11816"},"modified":"2022-12-15T19:02:43","modified_gmt":"2022-12-15T19:02:43","slug":"sonko-accuse-macky-dassassinats-politiques-les-jeunes-interpelles","status":"publish","type":"post","link":"https:\/\/www.public.sn\/index.php\/2022\/12\/15\/sonko-accuse-macky-dassassinats-politiques-les-jeunes-interpelles\/","title":{"rendered":"Sonko accuse Macky d\u2019assassinats politiques&nbsp;: Les jeunes interpell\u00e9s"},"content":{"rendered":"\n<p>Suite \u00e0 la sortie d\u2019Ousmane Sonko, leader de PASTEF, accusant le gouvernement de Macky Sall d\u2019\u00eatre coupable d\u2019assassinats politiques depuis son accession au pouvoir, les S\u00e9n\u00e9galais se sont prononc\u00e9s. Si l\u2019une des personnes interrog\u00e9es, parle de recul d\u00e9mocratique, si toutefois les faits sont av\u00e9r\u00e9s, l\u2019autre \u00a0demande aux jeunes de ne plus accepter d\u2019\u00eatre sacrifi\u00e9s par les politiciens.<\/p><div class=\"publi-paragraphe1\" style=\"margin-top: 10px;margin-bottom: 10px;margin-left: auto;margin-right: auto;text-align: center;\" id=\"publi-84735811\"><div class=\"publi-adlabel\">Publicit\u00e9<\/div><script async src=\"\/\/pagead2.googlesyndication.com\/pagead\/js\/adsbygoogle.js?client=ca-pub-4089586018074219\" crossorigin=\"anonymous\"><\/script><ins class=\"adsbygoogle\" style=\"display:block;\" data-ad-client=\"ca-pub-4089586018074219\" \ndata-ad-slot=\"2087940154\" \ndata-ad-format=\"auto\"><\/ins>\n<script> \n(adsbygoogle = window.adsbygoogle || []).push({}); \n<\/script>\n<\/div>\n\n\n\n<figure class=\"wp-block-embed is-type-video is-provider-youtube wp-block-embed-youtube wp-embed-aspect-16-9 wp-has-aspect-ratio\"><div class=\"wp-block-embed__wrapper\">\n<p class=\"responsive-video-wrap clr\"><iframe title=\"Sonko accuse Macky Sall d&#039;assassinats politiques: Les jeunes interpell\u00e9s\" width=\"1200\" height=\"675\" src=\"https:\/\/www.youtube.com\/embed\/u-P2hSwAtTo?feature=oembed\" frameborder=\"0\" allow=\"accelerometer; autoplay; clipboard-write; encrypted-media; gyroscope; picture-in-picture\" allowfullscreen><\/iframe><\/p>\n<\/div><\/figure>\n<div class=\"publi-apres-le-contenu\" style=\"margin-top: 10px;margin-bottom: 10px;margin-left: auto;margin-right: auto;text-align: center;\" id=\"publi-200723806\"><div class=\"publi-adlabel\">Publicit\u00e9<\/div><script async src=\"\/\/pagead2.googlesyndication.com\/pagead\/js\/adsbygoogle.js?client=ca-pub-4089586018074219\" crossorigin=\"anonymous\"><\/script><ins class=\"adsbygoogle\" style=\"display:block;\" data-ad-client=\"ca-pub-4089586018074219\" \ndata-ad-slot=\"2087940154\" \ndata-ad-format=\"auto\"><\/ins>\n<script> \n(adsbygoogle = window.adsbygoogle || []).push({}); \n<\/script>\n<\/div>","protected":false},"excerpt":{"rendered":"<p>Suite \u00e0 la sortie d\u2019Ousmane Sonko, leader de PASTEF, accusant le gouvernement de Macky Sall d\u2019\u00eatre coupable d\u2019assassinats politiques depuis son accession au pouvoir, les S\u00e9n\u00e9galais se sont prononc\u00e9s. Si l\u2019une des personnes interrog\u00e9es, parle de recul d\u00e9mocratique, si toutefois les faits sont av\u00e9r\u00e9s, l\u2019autre \u00a0demande aux jeunes de ne plus accepter d\u2019\u00eatre sacrifi\u00e9s par les politiciens.<\/p>\n","protected":false},"author":7,"featured_media":11821,"comment_status":"open","ping_status":"open","sticky":false,"template":"","format":"standard","meta":{"_jetpack_memberships_contains_paid_content":false,"footnotes":""},"categories":[375,3724,3,1,6],"tags":[24,11,17,16,306],"class_list":["post-11816","post","type-post","status-publish","format-standard","has-post-thumbnail","hentry","category-actualites","category-justice","category-politique","category-non-classe","category-videos","tag-justice","tag-macky-sall","tag-opposition","tag-ousmane-sonko","tag-sonko","entry","has-media","owp-thumbs-layout-horizontal","owp-btn-normal","owp-tabs-layout-horizontal","has-no-thumbnails","has-product-nav"],"yoast_head":"<!-- This site is optimized with the Yoast SEO plugin v25.5 - https:\/\/yoast.com\/wordpress\/plugins\/seo\/ -->\n<title>Sonko accuse Macky d\u2019assassinats politiques&nbsp;: Les jeunes interpell\u00e9s - LE PUBLIC<\/title>\n<meta name=\"description\" content=\"Suite \u00e0 la sortie d\u2019Ousmane Sonko, leader de PASTEF, accusant le gouvernement de Macky Sall d\u2019\u00eatre coupable d\u2019assassinats\" \/>\n<meta name=\"robots\" content=\"index, follow, max-snippet:-1, max-image-preview:large, max-video-preview:-1\" \/>\n<link rel=\"canonical\" href=\"https:\/\/www.public.sn\/index.php\/2022\/12\/15\/sonko-accuse-macky-dassassinats-politiques-les-jeunes-interpelles\/\" \/>\n<meta property=\"og:locale\" content=\"fr_FR\" \/>\n<meta property=\"og:type\" content=\"article\" \/>\n<meta property=\"og:title\" content=\"Sonko accuse Macky d\u2019assassinats politiques&nbsp;: Les jeunes interpell\u00e9s - LE PUBLIC\" \/>\n<meta property=\"og:description\" content=\"Suite \u00e0 la sortie d\u2019Ousmane Sonko, leader de PASTEF, accusant le gouvernement de Macky Sall d\u2019\u00eatre coupable d\u2019assassinats\" \/>\n<meta property=\"og:url\" content=\"https:\/\/www.public.sn\/index.php\/2022\/12\/15\/sonko-accuse-macky-dassassinats-politiques-les-jeunes-interpelles\/\" \/>\n<meta property=\"og:site_name\" content=\"LE PUBLIC\" \/>\n<meta property=\"article:published_time\" content=\"2022-12-15T19:02:41+00:00\" \/>\n<meta property=\"article:modified_time\" content=\"2022-12-15T19:02:43+00:00\" \/>\n<meta property=\"og:image\" content=\"https:\/\/www.public.sn\/wp-content\/uploads\/2022\/12\/RP-Amina.jpg\" \/>\n\t<meta property=\"og:image:width\" content=\"1890\" \/>\n\t<meta property=\"og:image:height\" content=\"1064\" \/>\n\t<meta property=\"og:image:type\" content=\"image\/jpeg\" \/>\n<meta name=\"author\" content=\"LA REDACTION\" \/>\n<meta name=\"twitter:card\" content=\"summary_large_image\" \/>\n<meta name=\"twitter:label1\" content=\"\u00c9crit par\" \/>\n\t<meta name=\"twitter:data1\" content=\"LA REDACTION\" \/>\n\t<meta name=\"twitter:label2\" content=\"Dur\u00e9e de lecture estim\u00e9e\" \/>\n\t<meta name=\"twitter:data2\" content=\"1 minute\" \/>\n<script type=\"application\/ld+json\" class=\"yoast-schema-graph\">{\"@context\":\"https:\/\/schema.org\",\"@graph\":[{\"@type\":\"Article\",\"@id\":\"https:\/\/www.public.sn\/index.php\/2022\/12\/15\/sonko-accuse-macky-dassassinats-politiques-les-jeunes-interpelles\/#article\",\"isPartOf\":{\"@id\":\"https:\/\/www.public.sn\/index.php\/2022\/12\/15\/sonko-accuse-macky-dassassinats-politiques-les-jeunes-interpelles\/\"},\"author\":{\"name\":\"LA REDACTION\",\"@id\":\"https:\/\/www.public.sn\/#\/schema\/person\/cb76c8e1b8becc6be61fb5e92d6d0224\"},\"headline\":\"Sonko accuse Macky d\u2019assassinats politiques&nbsp;: Les jeunes interpell\u00e9s\",\"datePublished\":\"2022-12-15T19:02:41+00:00\",\"dateModified\":\"2022-12-15T19:02:43+00:00\",\"mainEntityOfPage\":{\"@id\":\"https:\/\/www.public.sn\/index.php\/2022\/12\/15\/sonko-accuse-macky-dassassinats-politiques-les-jeunes-interpelles\/\"},\"wordCount\":89,\"commentCount\":0,\"publisher\":{\"@id\":\"https:\/\/www.public.sn\/#organization\"},\"image\":{\"@id\":\"https:\/\/www.public.sn\/index.php\/2022\/12\/15\/sonko-accuse-macky-dassassinats-politiques-les-jeunes-interpelles\/#primaryimage\"},\"thumbnailUrl\":\"https:\/\/www.public.sn\/wp-content\/uploads\/2022\/12\/RP-Amina.jpg\",\"keywords\":[\"Justice\",\"Macky Sall\",\"Opposition\",\"Ousmane Sonko\",\"sonko\"],\"articleSection\":[\"ACTUALIT\u00c9S\",\"justice\",\"POLITIQUE\",\"S\u00c9N\u00c9GAL\",\"VIDEOS\"],\"inLanguage\":\"fr-FR\",\"potentialAction\":[{\"@type\":\"CommentAction\",\"name\":\"Comment\",\"target\":[\"https:\/\/www.public.sn\/index.php\/2022\/12\/15\/sonko-accuse-macky-dassassinats-politiques-les-jeunes-interpelles\/#respond\"]}]},{\"@type\":\"WebPage\",\"@id\":\"https:\/\/www.public.sn\/index.php\/2022\/12\/15\/sonko-accuse-macky-dassassinats-politiques-les-jeunes-interpelles\/\",\"url\":\"https:\/\/www.public.sn\/index.php\/2022\/12\/15\/sonko-accuse-macky-dassassinats-politiques-les-jeunes-interpelles\/\",\"name\":\"Sonko accuse Macky d\u2019assassinats politiques&nbsp;: Les jeunes interpell\u00e9s - LE PUBLIC\",\"isPartOf\":{\"@id\":\"https:\/\/www.public.sn\/#website\"},\"primaryImageOfPage\":{\"@id\":\"https:\/\/www.public.sn\/index.php\/2022\/12\/15\/sonko-accuse-macky-dassassinats-politiques-les-jeunes-interpelles\/#primaryimage\"},\"image\":{\"@id\":\"https:\/\/www.public.sn\/index.php\/2022\/12\/15\/sonko-accuse-macky-dassassinats-politiques-les-jeunes-interpelles\/#primaryimage\"},\"thumbnailUrl\":\"https:\/\/www.public.sn\/wp-content\/uploads\/2022\/12\/RP-Amina.jpg\",\"datePublished\":\"2022-12-15T19:02:41+00:00\",\"dateModified\":\"2022-12-15T19:02:43+00:00\",\"description\":\"Suite \u00e0 la sortie d\u2019Ousmane Sonko, leader de PASTEF, accusant le gouvernement de Macky Sall d\u2019\u00eatre coupable d\u2019assassinats\",\"breadcrumb\":{\"@id\":\"https:\/\/www.public.sn\/index.php\/2022\/12\/15\/sonko-accuse-macky-dassassinats-politiques-les-jeunes-interpelles\/#breadcrumb\"},\"inLanguage\":\"fr-FR\",\"potentialAction\":[{\"@type\":\"ReadAction\",\"target\":[\"https:\/\/www.public.sn\/index.php\/2022\/12\/15\/sonko-accuse-macky-dassassinats-politiques-les-jeunes-interpelles\/\"]}]},{\"@type\":\"ImageObject\",\"inLanguage\":\"fr-FR\",\"@id\":\"https:\/\/www.public.sn\/index.php\/2022\/12\/15\/sonko-accuse-macky-dassassinats-politiques-les-jeunes-interpelles\/#primaryimage\",\"url\":\"https:\/\/www.public.sn\/wp-content\/uploads\/2022\/12\/RP-Amina.jpg\",\"contentUrl\":\"https:\/\/www.public.sn\/wp-content\/uploads\/2022\/12\/RP-Amina.jpg\",\"width\":1890,\"height\":1064},{\"@type\":\"BreadcrumbList\",\"@id\":\"https:\/\/www.public.sn\/index.php\/2022\/12\/15\/sonko-accuse-macky-dassassinats-politiques-les-jeunes-interpelles\/#breadcrumb\",\"itemListElement\":[{\"@type\":\"ListItem\",\"position\":1,\"name\":\"Accueil\",\"item\":\"https:\/\/www.public.sn\/\"},{\"@type\":\"ListItem\",\"position\":2,\"name\":\"Sonko accuse Macky d\u2019assassinats politiques&nbsp;: Les jeunes interpell\u00e9s\"}]},{\"@type\":\"WebSite\",\"@id\":\"https:\/\/www.public.sn\/#website\",\"url\":\"https:\/\/www.public.sn\/\",\"name\":\"LE PUBLIC\",\"description\":\"\",\"publisher\":{\"@id\":\"https:\/\/www.public.sn\/#organization\"},\"potentialAction\":[{\"@type\":\"SearchAction\",\"target\":{\"@type\":\"EntryPoint\",\"urlTemplate\":\"https:\/\/www.public.sn\/?s={search_term_string}\"},\"query-input\":{\"@type\":\"PropertyValueSpecification\",\"valueRequired\":true,\"valueName\":\"search_term_string\"}}],\"inLanguage\":\"fr-FR\"},{\"@type\":\"Organization\",\"@id\":\"https:\/\/www.public.sn\/#organization\",\"name\":\"LE PUBLIC\",\"url\":\"https:\/\/www.public.sn\/\",\"logo\":{\"@type\":\"ImageObject\",\"inLanguage\":\"fr-FR\",\"@id\":\"https:\/\/www.public.sn\/#\/schema\/logo\/image\/\",\"url\":\"https:\/\/www.public.sn\/wp-content\/uploads\/2024\/05\/cropped-LOGO-PUBLIC.SN_.png\",\"contentUrl\":\"https:\/\/www.public.sn\/wp-content\/uploads\/2024\/05\/cropped-LOGO-PUBLIC.SN_.png\",\"width\":682,\"height\":192,\"caption\":\"LE PUBLIC\"},\"image\":{\"@id\":\"https:\/\/www.public.sn\/#\/schema\/logo\/image\/\"}},{\"@type\":\"Person\",\"@id\":\"https:\/\/www.public.sn\/#\/schema\/person\/cb76c8e1b8becc6be61fb5e92d6d0224\",\"name\":\"LA REDACTION\",\"image\":{\"@type\":\"ImageObject\",\"inLanguage\":\"fr-FR\",\"@id\":\"https:\/\/www.public.sn\/#\/schema\/person\/image\/\",\"url\":\"https:\/\/secure.gravatar.com\/avatar\/2dce5ddd34b8fef0180efe03aa2a9bee7d953856048f9a16b298190a3178407c?s=96&d=mm&r=g\",\"contentUrl\":\"https:\/\/secure.gravatar.com\/avatar\/2dce5ddd34b8fef0180efe03aa2a9bee7d953856048f9a16b298190a3178407c?s=96&d=mm&r=g\",\"caption\":\"LA REDACTION\"},\"url\":\"https:\/\/www.public.sn\/index.php\/author\/editeurpsn\/\"}]}<\/script>\n<!-- \/ Yoast SEO plugin. -->","yoast_head_json":{"title":"Sonko accuse Macky d\u2019assassinats politiques&nbsp;: Les jeunes interpell\u00e9s - LE PUBLIC","description":"Suite \u00e0 la sortie d\u2019Ousmane Sonko, leader de PASTEF, accusant le gouvernement de Macky Sall d\u2019\u00eatre coupable d\u2019assassinats","robots":{"index":"index","follow":"follow","max-snippet":"max-snippet:-1","max-image-preview":"max-image-preview:large","max-video-preview":"max-video-preview:-1"},"canonical":"https:\/\/www.public.sn\/index.php\/2022\/12\/15\/sonko-accuse-macky-dassassinats-politiques-les-jeunes-interpelles\/","og_locale":"fr_FR","og_type":"article","og_title":"Sonko accuse Macky d\u2019assassinats politiques&nbsp;: Les jeunes interpell\u00e9s - LE PUBLIC","og_description":"Suite \u00e0 la sortie d\u2019Ousmane Sonko, leader de PASTEF, accusant le gouvernement de Macky Sall d\u2019\u00eatre coupable d\u2019assassinats","og_url":"https:\/\/www.public.sn\/index.php\/2022\/12\/15\/sonko-accuse-macky-dassassinats-politiques-les-jeunes-interpelles\/","og_site_name":"LE PUBLIC","article_published_time":"2022-12-15T19:02:41+00:00","article_modified_time":"2022-12-15T19:02:43+00:00","og_image":[{"width":1890,"height":1064,"url":"https:\/\/www.public.sn\/wp-content\/uploads\/2022\/12\/RP-Amina.jpg","type":"image\/jpeg"}],"author":"LA REDACTION","twitter_card":"summary_large_image","twitter_misc":{"\u00c9crit par":"LA REDACTION","Dur\u00e9e de lecture estim\u00e9e":"1 minute"},"schema":{"@context":"https:\/\/schema.org","@graph":[{"@type":"Article","@id":"https:\/\/www.public.sn\/index.php\/2022\/12\/15\/sonko-accuse-macky-dassassinats-politiques-les-jeunes-interpelles\/#article","isPartOf":{"@id":"https:\/\/www.public.sn\/index.php\/2022\/12\/15\/sonko-accuse-macky-dassassinats-politiques-les-jeunes-interpelles\/"},"author":{"name":"LA REDACTION","@id":"https:\/\/www.public.sn\/#\/schema\/person\/cb76c8e1b8becc6be61fb5e92d6d0224"},"headline":"Sonko accuse Macky d\u2019assassinats politiques&nbsp;: Les jeunes interpell\u00e9s","datePublished":"2022-12-15T19:02:41+00:00","dateModified":"2022-12-15T19:02:43+00:00","mainEntityOfPage":{"@id":"https:\/\/www.public.sn\/index.php\/2022\/12\/15\/sonko-accuse-macky-dassassinats-politiques-les-jeunes-interpelles\/"},"wordCount":89,"commentCount":0,"publisher":{"@id":"https:\/\/www.public.sn\/#organization"},"image":{"@id":"https:\/\/www.public.sn\/index.php\/2022\/12\/15\/sonko-accuse-macky-dassassinats-politiques-les-jeunes-interpelles\/#primaryimage"},"thumbnailUrl":"https:\/\/www.public.sn\/wp-content\/uploads\/2022\/12\/RP-Amina.jpg","keywords":["Justice","Macky Sall","Opposition","Ousmane Sonko","sonko"],"articleSection":["ACTUALIT\u00c9S","justice","POLITIQUE","S\u00c9N\u00c9GAL","VIDEOS"],"inLanguage":"fr-FR","potentialAction":[{"@type":"CommentAction","name":"Comment","target":["https:\/\/www.public.sn\/index.php\/2022\/12\/15\/sonko-accuse-macky-dassassinats-politiques-les-jeunes-interpelles\/#respond"]}]},{"@type":"WebPage","@id":"https:\/\/www.public.sn\/index.php\/2022\/12\/15\/sonko-accuse-macky-dassassinats-politiques-les-jeunes-interpelles\/","url":"https:\/\/www.public.sn\/index.php\/2022\/12\/15\/sonko-accuse-macky-dassassinats-politiques-les-jeunes-interpelles\/","name":"Sonko accuse Macky d\u2019assassinats politiques&nbsp;: Les jeunes interpell\u00e9s - LE PUBLIC","isPartOf":{"@id":"https:\/\/www.public.sn\/#website"},"primaryImageOfPage":{"@id":"https:\/\/www.public.sn\/index.php\/2022\/12\/15\/sonko-accuse-macky-dassassinats-politiques-les-jeunes-interpelles\/#primaryimage"},"image":{"@id":"https:\/\/www.public.sn\/index.php\/2022\/12\/15\/sonko-accuse-macky-dassassinats-politiques-les-jeunes-interpelles\/#primaryimage"},"thumbnailUrl":"https:\/\/www.public.sn\/wp-content\/uploads\/2022\/12\/RP-Amina.jpg","datePublished":"2022-12-15T19:02:41+00:00","dateModified":"2022-12-15T19:02:43+00:00","description":"Suite \u00e0 la sortie d\u2019Ousmane Sonko, leader de PASTEF, accusant le gouvernement de Macky Sall d\u2019\u00eatre coupable d\u2019assassinats","breadcrumb":{"@id":"https:\/\/www.public.sn\/index.php\/2022\/12\/15\/sonko-accuse-macky-dassassinats-politiques-les-jeunes-interpelles\/#breadcrumb"},"inLanguage":"fr-FR","potentialAction":[{"@type":"ReadAction","target":["https:\/\/www.public.sn\/index.php\/2022\/12\/15\/sonko-accuse-macky-dassassinats-politiques-les-jeunes-interpelles\/"]}]},{"@type":"ImageObject","inLanguage":"fr-FR","@id":"https:\/\/www.public.sn\/index.php\/2022\/12\/15\/sonko-accuse-macky-dassassinats-politiques-les-jeunes-interpelles\/#primaryimage","url":"https:\/\/www.public.sn\/wp-content\/uploads\/2022\/12\/RP-Amina.jpg","contentUrl":"https:\/\/www.public.sn\/wp-content\/uploads\/2022\/12\/RP-Amina.jpg","width":1890,"height":1064},{"@type":"BreadcrumbList","@id":"https:\/\/www.public.sn\/index.php\/2022\/12\/15\/sonko-accuse-macky-dassassinats-politiques-les-jeunes-interpelles\/#breadcrumb","itemListElement":[{"@type":"ListItem","position":1,"name":"Accueil","item":"https:\/\/www.public.sn\/"},{"@type":"ListItem","position":2,"name":"Sonko accuse Macky d\u2019assassinats politiques&nbsp;: Les jeunes interpell\u00e9s"}]},{"@type":"WebSite","@id":"https:\/\/www.public.sn\/#website","url":"https:\/\/www.public.sn\/","name":"LE PUBLIC","description":"","publisher":{"@id":"https:\/\/www.public.sn\/#organization"},"potentialAction":[{"@type":"SearchAction","target":{"@type":"EntryPoint","urlTemplate":"https:\/\/www.public.sn\/?s={search_term_string}"},"query-input":{"@type":"PropertyValueSpecification","valueRequired":true,"valueName":"search_term_string"}}],"inLanguage":"fr-FR"},{"@type":"Organization","@id":"https:\/\/www.public.sn\/#organization","name":"LE PUBLIC","url":"https:\/\/www.public.sn\/","logo":{"@type":"ImageObject","inLanguage":"fr-FR","@id":"https:\/\/www.public.sn\/#\/schema\/logo\/image\/","url":"https:\/\/www.public.sn\/wp-content\/uploads\/2024\/05\/cropped-LOGO-PUBLIC.SN_.png","contentUrl":"https:\/\/www.public.sn\/wp-content\/uploads\/2024\/05\/cropped-LOGO-PUBLIC.SN_.png","width":682,"height":192,"caption":"LE PUBLIC"},"image":{"@id":"https:\/\/www.public.sn\/#\/schema\/logo\/image\/"}},{"@type":"Person","@id":"https:\/\/www.public.sn\/#\/schema\/person\/cb76c8e1b8becc6be61fb5e92d6d0224","name":"LA REDACTION","image":{"@type":"ImageObject","inLanguage":"fr-FR","@id":"https:\/\/www.public.sn\/#\/schema\/person\/image\/","url":"https:\/\/secure.gravatar.com\/avatar\/2dce5ddd34b8fef0180efe03aa2a9bee7d953856048f9a16b298190a3178407c?s=96&d=mm&r=g","contentUrl":"https:\/\/secure.gravatar.com\/avatar\/2dce5ddd34b8fef0180efe03aa2a9bee7d953856048f9a16b298190a3178407c?s=96&d=mm&r=g","caption":"LA REDACTION"},"url":"https:\/\/www.public.sn\/index.php\/author\/editeurpsn\/"}]}},"jetpack_featured_media_url":"https:\/\/www.public.sn\/wp-content\/uploads\/2022\/12\/RP-Amina.jpg","jetpack_sharing_enabled":true,"_links":{"self":[{"href":"https:\/\/www.public.sn\/index.php\/wp-json\/wp\/v2\/posts\/11816","targetHints":{"allow":["GET"]}}],"collection":[{"href":"https:\/\/www.public.sn\/index.php\/wp-json\/wp\/v2\/posts"}],"about":[{"href":"https:\/\/www.public.sn\/index.php\/wp-json\/wp\/v2\/types\/post"}],"author":[{"embeddable":true,"href":"https:\/\/www.public.sn\/index.php\/wp-json\/wp\/v2\/users\/7"}],"replies":[{"embeddable":true,"href":"https:\/\/www.public.sn\/index.php\/wp-json\/wp\/v2\/comments?post=11816"}],"version-history":[{"count":1,"href":"https:\/\/www.public.sn\/index.php\/wp-json\/wp\/v2\/posts\/11816\/revisions"}],"predecessor-version":[{"id":11822,"href":"https:\/\/www.public.sn\/index.php\/wp-json\/wp\/v2\/posts\/11816\/revisions\/11822"}],"wp:featuredmedia":[{"embeddable":true,"href":"https:\/\/www.public.sn\/index.php\/wp-json\/wp\/v2\/media\/11821"}],"wp:attachment":[{"href":"https:\/\/www.public.sn\/index.php\/wp-json\/wp\/v2\/media?parent=11816"}],"wp:term":[{"taxonomy":"category","embeddable":true,"href":"https:\/\/www.public.sn\/index.php\/wp-json\/wp\/v2\/categories?post=11816"},{"taxonomy":"post_tag","embeddable":true,"href":"https:\/\/www.public.sn\/index.php\/wp-json\/wp\/v2\/tags?post=11816"}],"curies":[{"name":"wp","href":"https:\/\/api.w.org\/{rel}","templated":true}]}}