{"id":11851,"date":"2022-12-16T10:02:52","date_gmt":"2022-12-16T10:02:52","guid":{"rendered":"https:\/\/www.public.sn\/?p=11851"},"modified":"2022-12-16T10:23:34","modified_gmt":"2022-12-16T10:23:34","slug":"covidgate-macky-sort-la-sulfateuse-contre-les-epingles","status":"publish","type":"post","link":"https:\/\/www.public.sn\/index.php\/2022\/12\/16\/covidgate-macky-sort-la-sulfateuse-contre-les-epingles\/","title":{"rendered":"Covidgate : Macky sort la sulfateuse contre les \u00e9pingl\u00e9s"},"content":{"rendered":"\n<p>Le dernier rapport de la Cour des Comptes pointe certaines irr\u00e9gularit\u00e9s dans le cadre de la gestion l&rsquo;administration publique. Ce qui n&rsquo;a pas manqu\u00e9 de susciter un toll\u00e9 au niveau de l&rsquo;opinion et n&rsquo;a pas laiss\u00e9 indiff\u00e9rent le pr\u00e9sident de la R\u00e9publique.<\/p><div class=\"publi-paragraphe1\" style=\"margin-top: 10px;margin-bottom: 10px;margin-left: auto;margin-right: auto;text-align: center;\" id=\"publi-2356207106\"><div class=\"publi-adlabel\">Publicit\u00e9<\/div><script async src=\"\/\/pagead2.googlesyndication.com\/pagead\/js\/adsbygoogle.js?client=ca-pub-4089586018074219\" crossorigin=\"anonymous\"><\/script><ins class=\"adsbygoogle\" style=\"display:block;\" data-ad-client=\"ca-pub-4089586018074219\" \ndata-ad-slot=\"2087940154\" \ndata-ad-format=\"auto\"><\/ins>\n<script> \n(adsbygoogle = window.adsbygoogle || []).push({}); \n<\/script>\n<\/div>\n\n\n\n<p>Selon des sources log\u00e9es \u00e0 la pr\u00e9sidence de la R\u00e9publique, Macky Sall a indiqu\u00e9 \u00e0 certains de ses proches que dans cette affaire, nul ne sera \u00e9pargn\u00e9 et que tout sera tir\u00e9 au clair, car ce sera la tol\u00e9rance z\u00e9ro contre les \u00e9pingl\u00e9s. Le Procureur de la R\u00e9publique peut donc d\u00e9sormais se pr\u00e9parer, le temps que les personnes \u00e9pingl\u00e9es par le dernier rapport de la Cour des comptes rangent leurs bagages, nous confie-t-on dans l&rsquo;entourage de Macky Sall. <\/p>\n\n\n\n<p>Selon la m\u00eame source, le chef de l\u2019Etat est dans tous ses \u00e9tats, depuis qu&rsquo;il a re\u00e7u ledit rapport. \u00ab\u00a0Il est vraiment m\u00e9content, non pas seulement pour les sommes colossales d\u00e9tourn\u00e9es, mais, plut\u00f4t que des personnes aient abus\u00e9 de sa confiance. C&rsquo;est une chose qu&rsquo;il ne peut pas laisser passer et c&rsquo;est \u00e9vident qu&rsquo;il y aura des sanctions dans les jours \u00e0 venir\u00a0\u00bb, renseigne notre source tr\u00e8s proche du Pr\u00e9sident de la R\u00e9publique.<\/p>\n\n\n\n<p>\u2018\u2019Les conclusions sont excr\u00e9ment graves et accablant, pour que le Pr\u00e9sident soit insensible aux directives donn\u00e9es par les magistrats\u00a0\u00bb, a-t-il ajout\u00e9. Avant d&rsquo;affirmer que Macky Sall a explicitement r\u00e9v\u00e9l\u00e9 son intention de s\u00e9vir contre tous les pr\u00e9sum\u00e9s auteurs, d\u00e8s qu&rsquo;il aura foul\u00e9 le sol s\u00e9n\u00e9galais<\/p>\n\n\n\n<p>.Pour rappel, l&rsquo;audit de la Cour des comptes a demand\u00e9 l&rsquo;ouverture d&rsquo;une information judiciaire contre au moins 10 personnes dont la plupart concerne les DAGES..<\/p>\n<div class=\"publi-apres-le-contenu\" style=\"margin-top: 10px;margin-bottom: 10px;margin-left: auto;margin-right: auto;text-align: center;\" id=\"publi-4168520344\"><div class=\"publi-adlabel\">Publicit\u00e9<\/div><script async src=\"\/\/pagead2.googlesyndication.com\/pagead\/js\/adsbygoogle.js?client=ca-pub-4089586018074219\" crossorigin=\"anonymous\"><\/script><ins class=\"adsbygoogle\" style=\"display:block;\" data-ad-client=\"ca-pub-4089586018074219\" \ndata-ad-slot=\"2087940154\" \ndata-ad-format=\"auto\"><\/ins>\n<script> \n(adsbygoogle = window.adsbygoogle || []).push({}); \n<\/script>\n<\/div>","protected":false},"excerpt":{"rendered":"<p>Le dernier rapport de la Cour des Comptes pointe certaines irr\u00e9gularit\u00e9s dans le cadre de la gestion l&rsquo;administration publique. Ce qui n&rsquo;a pas manqu\u00e9 de susciter un toll\u00e9 au niveau de l&rsquo;opinion et n&rsquo;a pas laiss\u00e9 indiff\u00e9rent le pr\u00e9sident de la R\u00e9publique. Selon des sources log\u00e9es \u00e0 la pr\u00e9sidence de la R\u00e9publique, Macky Sall a indiqu\u00e9 \u00e0 certains de ses proches que dans cette affaire, nul ne sera \u00e9pargn\u00e9 et que tout sera tir\u00e9 au clair, car ce sera la tol\u00e9rance z\u00e9ro contre les \u00e9pingl\u00e9s. Le Procureur de la R\u00e9publique peut donc d\u00e9sormais se pr\u00e9parer, le temps que les personnes \u00e9pingl\u00e9es par le dernier rapport de la Cour des comptes rangent leurs bagages, nous confie-t-on dans l&rsquo;entourage de Macky Sall. Selon la m\u00eame source, le chef de l\u2019Etat est dans tous ses \u00e9tats, depuis qu&rsquo;il a re\u00e7u ledit rapport. \u00ab\u00a0Il est vraiment m\u00e9content, non pas seulement pour les sommes colossales d\u00e9tourn\u00e9es, mais, plut\u00f4t que des personnes aient abus\u00e9 de sa confiance. C&rsquo;est une chose qu&rsquo;il ne peut pas laisser passer et c&rsquo;est \u00e9vident qu&rsquo;il y aura des sanctions dans les jours \u00e0 venir\u00a0\u00bb, renseigne notre source tr\u00e8s proche du Pr\u00e9sident de la R\u00e9publique. \u2018\u2019Les conclusions sont excr\u00e9ment graves et accablant, pour que le Pr\u00e9sident soit insensible aux directives donn\u00e9es par les magistrats\u00a0\u00bb, a-t-il ajout\u00e9. Avant d&rsquo;affirmer que Macky Sall a explicitement r\u00e9v\u00e9l\u00e9 son intention de s\u00e9vir contre tous les pr\u00e9sum\u00e9s auteurs, d\u00e8s qu&rsquo;il aura foul\u00e9 le sol s\u00e9n\u00e9galais .Pour rappel, l&rsquo;audit de la Cour des comptes a demand\u00e9 l&rsquo;ouverture d&rsquo;une information judiciaire contre au moins 10 personnes dont la plupart concerne les DAGES..<\/p>\n","protected":false},"author":1,"featured_media":11583,"comment_status":"open","ping_status":"open","sticky":false,"template":"","format":"standard","meta":{"_jetpack_memberships_contains_paid_content":false,"footnotes":""},"categories":[375,549,372],"tags":[3830,3829],"class_list":["post-11851","post","type-post","status-publish","format-standard","has-post-thumbnail","hentry","category-actualites","category-economie","category-vedette","tag-cour-des-comptes","tag-covidgate","entry","has-media","owp-thumbs-layout-horizontal","owp-btn-normal","owp-tabs-layout-horizontal","has-no-thumbnails","has-product-nav"],"yoast_head":"<!-- This site is optimized with the Yoast SEO plugin v25.5 - https:\/\/yoast.com\/wordpress\/plugins\/seo\/ -->\n<title>Covidgate : Macky sort la sulfateuse contre les \u00e9pingl\u00e9s - LE PUBLIC<\/title>\n<meta name=\"robots\" content=\"index, follow, max-snippet:-1, max-image-preview:large, max-video-preview:-1\" \/>\n<link rel=\"canonical\" href=\"https:\/\/www.public.sn\/index.php\/2022\/12\/16\/covidgate-macky-sort-la-sulfateuse-contre-les-epingles\/\" \/>\n<meta property=\"og:locale\" content=\"fr_FR\" \/>\n<meta property=\"og:type\" content=\"article\" \/>\n<meta property=\"og:title\" content=\"Covidgate : Macky sort la sulfateuse contre les \u00e9pingl\u00e9s - LE PUBLIC\" \/>\n<meta property=\"og:description\" content=\"Le dernier rapport de la Cour des Comptes pointe certaines irr\u00e9gularit\u00e9s dans le cadre de la gestion l&rsquo;administration publique. Ce qui n&rsquo;a pas manqu\u00e9 de susciter un toll\u00e9 au niveau de l&rsquo;opinion et n&rsquo;a pas laiss\u00e9 indiff\u00e9rent le pr\u00e9sident de la R\u00e9publique. Selon des sources log\u00e9es \u00e0 la pr\u00e9sidence de la R\u00e9publique, Macky Sall a indiqu\u00e9 \u00e0 certains de ses proches que dans cette affaire, nul ne sera \u00e9pargn\u00e9 et que tout sera tir\u00e9 au clair, car ce sera la tol\u00e9rance z\u00e9ro contre les \u00e9pingl\u00e9s. Le Procureur de la R\u00e9publique peut donc d\u00e9sormais se pr\u00e9parer, le temps que les personnes \u00e9pingl\u00e9es par le dernier rapport de la Cour des comptes rangent leurs bagages, nous confie-t-on dans l&rsquo;entourage de Macky Sall. Selon la m\u00eame source, le chef de l\u2019Etat est dans tous ses \u00e9tats, depuis qu&rsquo;il a re\u00e7u ledit rapport. \u00ab\u00a0Il est vraiment m\u00e9content, non pas seulement pour les sommes colossales d\u00e9tourn\u00e9es, mais, plut\u00f4t que des personnes aient abus\u00e9 de sa confiance. C&rsquo;est une chose qu&rsquo;il ne peut pas laisser passer et c&rsquo;est \u00e9vident qu&rsquo;il y aura des sanctions dans les jours \u00e0 venir\u00a0\u00bb, renseigne notre source tr\u00e8s proche du Pr\u00e9sident de la R\u00e9publique. \u2018\u2019Les conclusions sont excr\u00e9ment graves et accablant, pour que le Pr\u00e9sident soit insensible aux directives donn\u00e9es par les magistrats\u00a0\u00bb, a-t-il ajout\u00e9. Avant d&rsquo;affirmer que Macky Sall a explicitement r\u00e9v\u00e9l\u00e9 son intention de s\u00e9vir contre tous les pr\u00e9sum\u00e9s auteurs, d\u00e8s qu&rsquo;il aura foul\u00e9 le sol s\u00e9n\u00e9galais .Pour rappel, l&rsquo;audit de la Cour des comptes a demand\u00e9 l&rsquo;ouverture d&rsquo;une information judiciaire contre au moins 10 personnes dont la plupart concerne les DAGES..\" \/>\n<meta property=\"og:url\" content=\"https:\/\/www.public.sn\/index.php\/2022\/12\/16\/covidgate-macky-sort-la-sulfateuse-contre-les-epingles\/\" \/>\n<meta property=\"og:site_name\" content=\"LE PUBLIC\" \/>\n<meta property=\"article:published_time\" content=\"2022-12-16T10:02:52+00:00\" \/>\n<meta property=\"article:modified_time\" content=\"2022-12-16T10:23:34+00:00\" \/>\n<meta property=\"og:image\" content=\"https:\/\/www.public.sn\/wp-content\/uploads\/2022\/12\/Macky-Sall.webp\" \/>\n\t<meta property=\"og:image:width\" content=\"790\" \/>\n\t<meta property=\"og:image:height\" content=\"430\" \/>\n\t<meta property=\"og:image:type\" content=\"image\/webp\" \/>\n<meta name=\"author\" content=\"LA REDACTION\" \/>\n<meta name=\"twitter:card\" content=\"summary_large_image\" \/>\n<meta name=\"twitter:label1\" content=\"\u00c9crit par\" \/>\n\t<meta name=\"twitter:data1\" content=\"LA REDACTION\" \/>\n\t<meta name=\"twitter:label2\" content=\"Dur\u00e9e de lecture estim\u00e9e\" \/>\n\t<meta name=\"twitter:data2\" content=\"2 minutes\" \/>\n<script type=\"application\/ld+json\" class=\"yoast-schema-graph\">{\"@context\":\"https:\/\/schema.org\",\"@graph\":[{\"@type\":\"Article\",\"@id\":\"https:\/\/www.public.sn\/index.php\/2022\/12\/16\/covidgate-macky-sort-la-sulfateuse-contre-les-epingles\/#article\",\"isPartOf\":{\"@id\":\"https:\/\/www.public.sn\/index.php\/2022\/12\/16\/covidgate-macky-sort-la-sulfateuse-contre-les-epingles\/\"},\"author\":{\"name\":\"LA REDACTION\",\"@id\":\"https:\/\/www.public.sn\/#\/schema\/person\/e3f4a11b037d4203902db148f9bc8d5a\"},\"headline\":\"Covidgate : Macky sort la sulfateuse contre les \u00e9pingl\u00e9s\",\"datePublished\":\"2022-12-16T10:02:52+00:00\",\"dateModified\":\"2022-12-16T10:23:34+00:00\",\"mainEntityOfPage\":{\"@id\":\"https:\/\/www.public.sn\/index.php\/2022\/12\/16\/covidgate-macky-sort-la-sulfateuse-contre-les-epingles\/\"},\"wordCount\":304,\"commentCount\":1,\"publisher\":{\"@id\":\"https:\/\/www.public.sn\/#organization\"},\"image\":{\"@id\":\"https:\/\/www.public.sn\/index.php\/2022\/12\/16\/covidgate-macky-sort-la-sulfateuse-contre-les-epingles\/#primaryimage\"},\"thumbnailUrl\":\"https:\/\/www.public.sn\/wp-content\/uploads\/2022\/12\/Macky-Sall.webp\",\"keywords\":[\"Cour des comptes\",\"Covidgate\"],\"articleSection\":[\"ACTUALIT\u00c9S\",\"\u00c9CONOMIE\",\"VEDETTE\"],\"inLanguage\":\"fr-FR\",\"potentialAction\":[{\"@type\":\"CommentAction\",\"name\":\"Comment\",\"target\":[\"https:\/\/www.public.sn\/index.php\/2022\/12\/16\/covidgate-macky-sort-la-sulfateuse-contre-les-epingles\/#respond\"]}]},{\"@type\":\"WebPage\",\"@id\":\"https:\/\/www.public.sn\/index.php\/2022\/12\/16\/covidgate-macky-sort-la-sulfateuse-contre-les-epingles\/\",\"url\":\"https:\/\/www.public.sn\/index.php\/2022\/12\/16\/covidgate-macky-sort-la-sulfateuse-contre-les-epingles\/\",\"name\":\"Covidgate : Macky sort la sulfateuse contre les \u00e9pingl\u00e9s - LE PUBLIC\",\"isPartOf\":{\"@id\":\"https:\/\/www.public.sn\/#website\"},\"primaryImageOfPage\":{\"@id\":\"https:\/\/www.public.sn\/index.php\/2022\/12\/16\/covidgate-macky-sort-la-sulfateuse-contre-les-epingles\/#primaryimage\"},\"image\":{\"@id\":\"https:\/\/www.public.sn\/index.php\/2022\/12\/16\/covidgate-macky-sort-la-sulfateuse-contre-les-epingles\/#primaryimage\"},\"thumbnailUrl\":\"https:\/\/www.public.sn\/wp-content\/uploads\/2022\/12\/Macky-Sall.webp\",\"datePublished\":\"2022-12-16T10:02:52+00:00\",\"dateModified\":\"2022-12-16T10:23:34+00:00\",\"breadcrumb\":{\"@id\":\"https:\/\/www.public.sn\/index.php\/2022\/12\/16\/covidgate-macky-sort-la-sulfateuse-contre-les-epingles\/#breadcrumb\"},\"inLanguage\":\"fr-FR\",\"potentialAction\":[{\"@type\":\"ReadAction\",\"target\":[\"https:\/\/www.public.sn\/index.php\/2022\/12\/16\/covidgate-macky-sort-la-sulfateuse-contre-les-epingles\/\"]}]},{\"@type\":\"ImageObject\",\"inLanguage\":\"fr-FR\",\"@id\":\"https:\/\/www.public.sn\/index.php\/2022\/12\/16\/covidgate-macky-sort-la-sulfateuse-contre-les-epingles\/#primaryimage\",\"url\":\"https:\/\/www.public.sn\/wp-content\/uploads\/2022\/12\/Macky-Sall.webp\",\"contentUrl\":\"https:\/\/www.public.sn\/wp-content\/uploads\/2022\/12\/Macky-Sall.webp\",\"width\":790,\"height\":430},{\"@type\":\"BreadcrumbList\",\"@id\":\"https:\/\/www.public.sn\/index.php\/2022\/12\/16\/covidgate-macky-sort-la-sulfateuse-contre-les-epingles\/#breadcrumb\",\"itemListElement\":[{\"@type\":\"ListItem\",\"position\":1,\"name\":\"Accueil\",\"item\":\"https:\/\/www.public.sn\/\"},{\"@type\":\"ListItem\",\"position\":2,\"name\":\"Covidgate : Macky sort la sulfateuse contre les \u00e9pingl\u00e9s\"}]},{\"@type\":\"WebSite\",\"@id\":\"https:\/\/www.public.sn\/#website\",\"url\":\"https:\/\/www.public.sn\/\",\"name\":\"LE PUBLIC\",\"description\":\"\",\"publisher\":{\"@id\":\"https:\/\/www.public.sn\/#organization\"},\"potentialAction\":[{\"@type\":\"SearchAction\",\"target\":{\"@type\":\"EntryPoint\",\"urlTemplate\":\"https:\/\/www.public.sn\/?s={search_term_string}\"},\"query-input\":{\"@type\":\"PropertyValueSpecification\",\"valueRequired\":true,\"valueName\":\"search_term_string\"}}],\"inLanguage\":\"fr-FR\"},{\"@type\":\"Organization\",\"@id\":\"https:\/\/www.public.sn\/#organization\",\"name\":\"LE PUBLIC\",\"url\":\"https:\/\/www.public.sn\/\",\"logo\":{\"@type\":\"ImageObject\",\"inLanguage\":\"fr-FR\",\"@id\":\"https:\/\/www.public.sn\/#\/schema\/logo\/image\/\",\"url\":\"https:\/\/www.public.sn\/wp-content\/uploads\/2024\/05\/cropped-LOGO-PUBLIC.SN_.png\",\"contentUrl\":\"https:\/\/www.public.sn\/wp-content\/uploads\/2024\/05\/cropped-LOGO-PUBLIC.SN_.png\",\"width\":682,\"height\":192,\"caption\":\"LE PUBLIC\"},\"image\":{\"@id\":\"https:\/\/www.public.sn\/#\/schema\/logo\/image\/\"}},{\"@type\":\"Person\",\"@id\":\"https:\/\/www.public.sn\/#\/schema\/person\/e3f4a11b037d4203902db148f9bc8d5a\",\"name\":\"LA REDACTION\",\"image\":{\"@type\":\"ImageObject\",\"inLanguage\":\"fr-FR\",\"@id\":\"https:\/\/www.public.sn\/#\/schema\/person\/image\/\",\"url\":\"https:\/\/secure.gravatar.com\/avatar\/d6c030db45db2883c075085c5d6c6258654a801a93766b49af0b82d4f454e2a5?s=96&d=mm&r=g\",\"contentUrl\":\"https:\/\/secure.gravatar.com\/avatar\/d6c030db45db2883c075085c5d6c6258654a801a93766b49af0b82d4f454e2a5?s=96&d=mm&r=g\",\"caption\":\"LA REDACTION\"},\"sameAs\":[\"http:\/\/www.public.sn\"],\"url\":\"https:\/\/www.public.sn\/index.php\/author\/admin7324\/\"}]}<\/script>\n<!-- \/ Yoast SEO plugin. -->","yoast_head_json":{"title":"Covidgate : Macky sort la sulfateuse contre les \u00e9pingl\u00e9s - LE PUBLIC","robots":{"index":"index","follow":"follow","max-snippet":"max-snippet:-1","max-image-preview":"max-image-preview:large","max-video-preview":"max-video-preview:-1"},"canonical":"https:\/\/www.public.sn\/index.php\/2022\/12\/16\/covidgate-macky-sort-la-sulfateuse-contre-les-epingles\/","og_locale":"fr_FR","og_type":"article","og_title":"Covidgate : Macky sort la sulfateuse contre les \u00e9pingl\u00e9s - LE PUBLIC","og_description":"Le dernier rapport de la Cour des Comptes pointe certaines irr\u00e9gularit\u00e9s dans le cadre de la gestion l&rsquo;administration publique. Ce qui n&rsquo;a pas manqu\u00e9 de susciter un toll\u00e9 au niveau de l&rsquo;opinion et n&rsquo;a pas laiss\u00e9 indiff\u00e9rent le pr\u00e9sident de la R\u00e9publique. Selon des sources log\u00e9es \u00e0 la pr\u00e9sidence de la R\u00e9publique, Macky Sall a indiqu\u00e9 \u00e0 certains de ses proches que dans cette affaire, nul ne sera \u00e9pargn\u00e9 et que tout sera tir\u00e9 au clair, car ce sera la tol\u00e9rance z\u00e9ro contre les \u00e9pingl\u00e9s. Le Procureur de la R\u00e9publique peut donc d\u00e9sormais se pr\u00e9parer, le temps que les personnes \u00e9pingl\u00e9es par le dernier rapport de la Cour des comptes rangent leurs bagages, nous confie-t-on dans l&rsquo;entourage de Macky Sall. Selon la m\u00eame source, le chef de l\u2019Etat est dans tous ses \u00e9tats, depuis qu&rsquo;il a re\u00e7u ledit rapport. \u00ab\u00a0Il est vraiment m\u00e9content, non pas seulement pour les sommes colossales d\u00e9tourn\u00e9es, mais, plut\u00f4t que des personnes aient abus\u00e9 de sa confiance. C&rsquo;est une chose qu&rsquo;il ne peut pas laisser passer et c&rsquo;est \u00e9vident qu&rsquo;il y aura des sanctions dans les jours \u00e0 venir\u00a0\u00bb, renseigne notre source tr\u00e8s proche du Pr\u00e9sident de la R\u00e9publique. \u2018\u2019Les conclusions sont excr\u00e9ment graves et accablant, pour que le Pr\u00e9sident soit insensible aux directives donn\u00e9es par les magistrats\u00a0\u00bb, a-t-il ajout\u00e9. Avant d&rsquo;affirmer que Macky Sall a explicitement r\u00e9v\u00e9l\u00e9 son intention de s\u00e9vir contre tous les pr\u00e9sum\u00e9s auteurs, d\u00e8s qu&rsquo;il aura foul\u00e9 le sol s\u00e9n\u00e9galais .Pour rappel, l&rsquo;audit de la Cour des comptes a demand\u00e9 l&rsquo;ouverture d&rsquo;une information judiciaire contre au moins 10 personnes dont la plupart concerne les DAGES..","og_url":"https:\/\/www.public.sn\/index.php\/2022\/12\/16\/covidgate-macky-sort-la-sulfateuse-contre-les-epingles\/","og_site_name":"LE PUBLIC","article_published_time":"2022-12-16T10:02:52+00:00","article_modified_time":"2022-12-16T10:23:34+00:00","og_image":[{"width":790,"height":430,"url":"https:\/\/www.public.sn\/wp-content\/uploads\/2022\/12\/Macky-Sall.webp","type":"image\/webp"}],"author":"LA REDACTION","twitter_card":"summary_large_image","twitter_misc":{"\u00c9crit par":"LA REDACTION","Dur\u00e9e de lecture estim\u00e9e":"2 minutes"},"schema":{"@context":"https:\/\/schema.org","@graph":[{"@type":"Article","@id":"https:\/\/www.public.sn\/index.php\/2022\/12\/16\/covidgate-macky-sort-la-sulfateuse-contre-les-epingles\/#article","isPartOf":{"@id":"https:\/\/www.public.sn\/index.php\/2022\/12\/16\/covidgate-macky-sort-la-sulfateuse-contre-les-epingles\/"},"author":{"name":"LA REDACTION","@id":"https:\/\/www.public.sn\/#\/schema\/person\/e3f4a11b037d4203902db148f9bc8d5a"},"headline":"Covidgate : Macky sort la sulfateuse contre les \u00e9pingl\u00e9s","datePublished":"2022-12-16T10:02:52+00:00","dateModified":"2022-12-16T10:23:34+00:00","mainEntityOfPage":{"@id":"https:\/\/www.public.sn\/index.php\/2022\/12\/16\/covidgate-macky-sort-la-sulfateuse-contre-les-epingles\/"},"wordCount":304,"commentCount":1,"publisher":{"@id":"https:\/\/www.public.sn\/#organization"},"image":{"@id":"https:\/\/www.public.sn\/index.php\/2022\/12\/16\/covidgate-macky-sort-la-sulfateuse-contre-les-epingles\/#primaryimage"},"thumbnailUrl":"https:\/\/www.public.sn\/wp-content\/uploads\/2022\/12\/Macky-Sall.webp","keywords":["Cour des comptes","Covidgate"],"articleSection":["ACTUALIT\u00c9S","\u00c9CONOMIE","VEDETTE"],"inLanguage":"fr-FR","potentialAction":[{"@type":"CommentAction","name":"Comment","target":["https:\/\/www.public.sn\/index.php\/2022\/12\/16\/covidgate-macky-sort-la-sulfateuse-contre-les-epingles\/#respond"]}]},{"@type":"WebPage","@id":"https:\/\/www.public.sn\/index.php\/2022\/12\/16\/covidgate-macky-sort-la-sulfateuse-contre-les-epingles\/","url":"https:\/\/www.public.sn\/index.php\/2022\/12\/16\/covidgate-macky-sort-la-sulfateuse-contre-les-epingles\/","name":"Covidgate : Macky sort la sulfateuse contre les \u00e9pingl\u00e9s - LE PUBLIC","isPartOf":{"@id":"https:\/\/www.public.sn\/#website"},"primaryImageOfPage":{"@id":"https:\/\/www.public.sn\/index.php\/2022\/12\/16\/covidgate-macky-sort-la-sulfateuse-contre-les-epingles\/#primaryimage"},"image":{"@id":"https:\/\/www.public.sn\/index.php\/2022\/12\/16\/covidgate-macky-sort-la-sulfateuse-contre-les-epingles\/#primaryimage"},"thumbnailUrl":"https:\/\/www.public.sn\/wp-content\/uploads\/2022\/12\/Macky-Sall.webp","datePublished":"2022-12-16T10:02:52+00:00","dateModified":"2022-12-16T10:23:34+00:00","breadcrumb":{"@id":"https:\/\/www.public.sn\/index.php\/2022\/12\/16\/covidgate-macky-sort-la-sulfateuse-contre-les-epingles\/#breadcrumb"},"inLanguage":"fr-FR","potentialAction":[{"@type":"ReadAction","target":["https:\/\/www.public.sn\/index.php\/2022\/12\/16\/covidgate-macky-sort-la-sulfateuse-contre-les-epingles\/"]}]},{"@type":"ImageObject","inLanguage":"fr-FR","@id":"https:\/\/www.public.sn\/index.php\/2022\/12\/16\/covidgate-macky-sort-la-sulfateuse-contre-les-epingles\/#primaryimage","url":"https:\/\/www.public.sn\/wp-content\/uploads\/2022\/12\/Macky-Sall.webp","contentUrl":"https:\/\/www.public.sn\/wp-content\/uploads\/2022\/12\/Macky-Sall.webp","width":790,"height":430},{"@type":"BreadcrumbList","@id":"https:\/\/www.public.sn\/index.php\/2022\/12\/16\/covidgate-macky-sort-la-sulfateuse-contre-les-epingles\/#breadcrumb","itemListElement":[{"@type":"ListItem","position":1,"name":"Accueil","item":"https:\/\/www.public.sn\/"},{"@type":"ListItem","position":2,"name":"Covidgate : Macky sort la sulfateuse contre les \u00e9pingl\u00e9s"}]},{"@type":"WebSite","@id":"https:\/\/www.public.sn\/#website","url":"https:\/\/www.public.sn\/","name":"LE PUBLIC","description":"","publisher":{"@id":"https:\/\/www.public.sn\/#organization"},"potentialAction":[{"@type":"SearchAction","target":{"@type":"EntryPoint","urlTemplate":"https:\/\/www.public.sn\/?s={search_term_string}"},"query-input":{"@type":"PropertyValueSpecification","valueRequired":true,"valueName":"search_term_string"}}],"inLanguage":"fr-FR"},{"@type":"Organization","@id":"https:\/\/www.public.sn\/#organization","name":"LE PUBLIC","url":"https:\/\/www.public.sn\/","logo":{"@type":"ImageObject","inLanguage":"fr-FR","@id":"https:\/\/www.public.sn\/#\/schema\/logo\/image\/","url":"https:\/\/www.public.sn\/wp-content\/uploads\/2024\/05\/cropped-LOGO-PUBLIC.SN_.png","contentUrl":"https:\/\/www.public.sn\/wp-content\/uploads\/2024\/05\/cropped-LOGO-PUBLIC.SN_.png","width":682,"height":192,"caption":"LE PUBLIC"},"image":{"@id":"https:\/\/www.public.sn\/#\/schema\/logo\/image\/"}},{"@type":"Person","@id":"https:\/\/www.public.sn\/#\/schema\/person\/e3f4a11b037d4203902db148f9bc8d5a","name":"LA REDACTION","image":{"@type":"ImageObject","inLanguage":"fr-FR","@id":"https:\/\/www.public.sn\/#\/schema\/person\/image\/","url":"https:\/\/secure.gravatar.com\/avatar\/d6c030db45db2883c075085c5d6c6258654a801a93766b49af0b82d4f454e2a5?s=96&d=mm&r=g","contentUrl":"https:\/\/secure.gravatar.com\/avatar\/d6c030db45db2883c075085c5d6c6258654a801a93766b49af0b82d4f454e2a5?s=96&d=mm&r=g","caption":"LA REDACTION"},"sameAs":["http:\/\/www.public.sn"],"url":"https:\/\/www.public.sn\/index.php\/author\/admin7324\/"}]}},"jetpack_featured_media_url":"https:\/\/www.public.sn\/wp-content\/uploads\/2022\/12\/Macky-Sall.webp","jetpack_sharing_enabled":true,"_links":{"self":[{"href":"https:\/\/www.public.sn\/index.php\/wp-json\/wp\/v2\/posts\/11851","targetHints":{"allow":["GET"]}}],"collection":[{"href":"https:\/\/www.public.sn\/index.php\/wp-json\/wp\/v2\/posts"}],"about":[{"href":"https:\/\/www.public.sn\/index.php\/wp-json\/wp\/v2\/types\/post"}],"author":[{"embeddable":true,"href":"https:\/\/www.public.sn\/index.php\/wp-json\/wp\/v2\/users\/1"}],"replies":[{"embeddable":true,"href":"https:\/\/www.public.sn\/index.php\/wp-json\/wp\/v2\/comments?post=11851"}],"version-history":[{"count":4,"href":"https:\/\/www.public.sn\/index.php\/wp-json\/wp\/v2\/posts\/11851\/revisions"}],"predecessor-version":[{"id":11859,"href":"https:\/\/www.public.sn\/index.php\/wp-json\/wp\/v2\/posts\/11851\/revisions\/11859"}],"wp:featuredmedia":[{"embeddable":true,"href":"https:\/\/www.public.sn\/index.php\/wp-json\/wp\/v2\/media\/11583"}],"wp:attachment":[{"href":"https:\/\/www.public.sn\/index.php\/wp-json\/wp\/v2\/media?parent=11851"}],"wp:term":[{"taxonomy":"category","embeddable":true,"href":"https:\/\/www.public.sn\/index.php\/wp-json\/wp\/v2\/categories?post=11851"},{"taxonomy":"post_tag","embeddable":true,"href":"https:\/\/www.public.sn\/index.php\/wp-json\/wp\/v2\/tags?post=11851"}],"curies":[{"name":"wp","href":"https:\/\/api.w.org\/{rel}","templated":true}]}}