{"id":11855,"date":"2022-12-16T12:51:27","date_gmt":"2022-12-16T12:51:27","guid":{"rendered":"https:\/\/www.public.sn\/?p=11855"},"modified":"2022-12-16T14:13:04","modified_gmt":"2022-12-16T14:13:04","slug":"coupe-du-monde-2022-un-virus-circule-t-il-chez-les-bleus-a-trois-jours-de-la-finale-face-a-largentine","status":"publish","type":"post","link":"https:\/\/www.public.sn\/index.php\/2022\/12\/16\/coupe-du-monde-2022-un-virus-circule-t-il-chez-les-bleus-a-trois-jours-de-la-finale-face-a-largentine\/","title":{"rendered":"Coupe du monde 2022 : un virus circule-t-il chez les Bleus \u00e0 trois jours de la finale face \u00e0 l&rsquo;Argentine ?"},"content":{"rendered":"\n<p>Trois joueurs de l&rsquo;\u00e9quipe de France ont \u00e9t\u00e9 priv\u00e9s de la demi-finale face au Maroc affaiblis par une maladie. Mais le staff refuse de rentrer dans la parano avant de d\u00e9fier l&rsquo;Argentine en finale dimanche.<\/p><div class=\"publi-paragraphe1\" style=\"margin-top: 10px;margin-bottom: 10px;margin-left: auto;margin-right: auto;text-align: center;\" id=\"publi-449527526\"><div class=\"publi-adlabel\">Publicit\u00e9<\/div><script async src=\"\/\/pagead2.googlesyndication.com\/pagead\/js\/adsbygoogle.js?client=ca-pub-4089586018074219\" crossorigin=\"anonymous\"><\/script><ins class=\"adsbygoogle\" style=\"display:block;\" data-ad-client=\"ca-pub-4089586018074219\" \ndata-ad-slot=\"2087940154\" \ndata-ad-format=\"auto\"><\/ins>\n<script> \n(adsbygoogle = window.adsbygoogle || []).push({}); \n<\/script>\n<\/div>\n\n\n\n<p>La pr\u00e9paration de la finale de la Coupe du monde de l&rsquo;\u00e9quipe de France va-t-elle \u00eatre perturb\u00e9e par un virus ?<br>Au lendemain de la qualification obtenue face au Maroc (2-0) au terme d&rsquo;une rencontre plut\u00f4t ma\u00eetris\u00e9e, l&rsquo;\u00e9tat de sant\u00e9 d&rsquo;Adrien Rabiot, Dayot Upamecano et Kingsley Coman interroge. Malades, les trois joueurs n&rsquo;\u00e9taient pas en \u00e9tat de disputer la demi-finale. Le milieu de la Juventus Turin a suivi la victoire de ses co\u00e9quipiers \u00e0 l&rsquo;h\u00f4tel et les deux joueurs du Bayern Munich, f\u00e9briles, sont rest\u00e9s sur le banc sans m\u00eame s&rsquo;\u00e9chauffer mercredi.<\/p>\n\n\n\n<p>\u00ab\u00a0Coup de froid\u00a0\u00bb, \u00ab\u00a0syndrome viral\u00a0\u00bb, \u00ab\u00a0f\u00e9brilit\u00e9\u00a0\u00bb\u2026 Plusieurs hypoth\u00e8ses ont \u00e9t\u00e9 \u00e9voqu\u00e9es ces derni\u00e8res heures dans l&rsquo;entourage des Bleus sans toutefois indiquer la nature pr\u00e9cise de la maladie qui touche plusieurs membres du groupe. \u00ab\u00a0Les temp\u00e9ratures ont plut\u00f4t baiss\u00e9, il y a la climatisation \u00e0 fond. Il y a des \u00e9tats f\u00e9briles. On fait tous attention. On prend les pr\u00e9cautions, on s&rsquo;adapte.<br>Tout ce qui est viral est transmissible. On a pris des pr\u00e9cautions pour qu&rsquo;il n&rsquo;y ait pas de contact avec Dayot, et pour Adrien pareil, a expliqu\u00e9 Didier Deschamps en conf\u00e9rence de presse, conc\u00e9dant \u00e0 demi-mot la possibilit\u00e9 d&rsquo;un virus circulant dans le camp de base des Fran\u00e7ais<\/p>\n\n\n\n<p>\u00ab\u00a0Toutes les pr\u00e9cautions sont prises depuis quatre jours au sein du groupe et dans l&rsquo;entourage de l&rsquo;\u00e9quipe de France, explique Nicolas Georgereau, reporter de RTL au Qatar. Dayot Upamecano a attrap\u00e9 froid apr\u00e8s le quart de finale face \u00e0 l&rsquo;Angleterre samedi. Adrien Rabiot est tomb\u00e9 malade dans la foul\u00e9e. M\u00eame si le Covid est pr\u00e9sent, il y a surtout une souche de la grippe tr\u00e8s virulente qui vient d&rsquo;Asie et qui touche pas mal de spectateurs et de journalistes. Plusieurs dizaines de journalistes sont all\u00e9s se faire tester r\u00e9cemment \u00e0 Doha pensant \u00eatre positifs au Covid. La situation est surveill\u00e9e de pr\u00e8s\u00a0\u00bb. Malgr\u00e9 cette situation impr\u00e9vue, les Bleus refusent de verser dans la parano \u00e0 l&rsquo;aube de d\u00e9fier l&rsquo;Argentine, \u00e0 l&rsquo;issue d&rsquo;une \u00e9reintante comp\u00e9tition. Si Aur\u00e9lien Tchouam\u00e9ni a admis faire preuve d&rsquo;un peu plus de vigilance, avec notamment \u00ab\u00a0davantage de gel hydroalcoolique sur les tables\u00a0\u00bb, Th\u00e9o Hernandez, premier buteur mercredi, ne s&rsquo;est pas dit particuli\u00e8rement inquiet. \u00ab\u00a0Rabiot et Upamecano vont bien\u00a0\u00bb, a promis Jules Kound\u00e9. Apr\u00e8s la qualification mercredi, les Bleus n&rsquo;ont d&rsquo;ailleurs montr\u00e9 aucune retenue dans leurs c\u00e9l\u00e9brations, en compagnie de plusieurs personnalit\u00e9s ext\u00e9rieures au groupe, notamment.<\/p>\n\n\n\n<p>Birahime Ndiaye<\/p>\n<div class=\"publi-apres-le-contenu\" style=\"margin-top: 10px;margin-bottom: 10px;margin-left: auto;margin-right: auto;text-align: center;\" id=\"publi-3918320212\"><div class=\"publi-adlabel\">Publicit\u00e9<\/div><script async src=\"\/\/pagead2.googlesyndication.com\/pagead\/js\/adsbygoogle.js?client=ca-pub-4089586018074219\" crossorigin=\"anonymous\"><\/script><ins class=\"adsbygoogle\" style=\"display:block;\" data-ad-client=\"ca-pub-4089586018074219\" \ndata-ad-slot=\"2087940154\" \ndata-ad-format=\"auto\"><\/ins>\n<script> \n(adsbygoogle = window.adsbygoogle || []).push({}); \n<\/script>\n<\/div>","protected":false},"excerpt":{"rendered":"<p>Trois joueurs de l&rsquo;\u00e9quipe de France ont \u00e9t\u00e9 priv\u00e9s de la demi-finale face au Maroc affaiblis par une maladie. Mais le staff refuse de rentrer dans la parano avant de d\u00e9fier l&rsquo;Argentine en finale dimanche. La pr\u00e9paration de la finale de la Coupe du monde de l&rsquo;\u00e9quipe de France va-t-elle \u00eatre perturb\u00e9e par un virus ?Au lendemain de la qualification obtenue face au Maroc (2-0) au terme d&rsquo;une rencontre plut\u00f4t ma\u00eetris\u00e9e, l&rsquo;\u00e9tat de sant\u00e9 d&rsquo;Adrien Rabiot, Dayot Upamecano et Kingsley Coman interroge. Malades, les trois joueurs n&rsquo;\u00e9taient pas en \u00e9tat de disputer la demi-finale. Le milieu de la Juventus Turin a suivi la victoire de ses co\u00e9quipiers \u00e0 l&rsquo;h\u00f4tel et les deux joueurs du Bayern Munich, f\u00e9briles, sont rest\u00e9s sur le banc sans m\u00eame s&rsquo;\u00e9chauffer mercredi. \u00ab\u00a0Coup de froid\u00a0\u00bb, \u00ab\u00a0syndrome viral\u00a0\u00bb, \u00ab\u00a0f\u00e9brilit\u00e9\u00a0\u00bb\u2026 Plusieurs hypoth\u00e8ses ont \u00e9t\u00e9 \u00e9voqu\u00e9es ces derni\u00e8res heures dans l&rsquo;entourage des Bleus sans toutefois indiquer la nature pr\u00e9cise de la maladie qui touche plusieurs membres du groupe. \u00ab\u00a0Les temp\u00e9ratures ont plut\u00f4t baiss\u00e9, il y a la climatisation \u00e0 fond. Il y a des \u00e9tats f\u00e9briles. On fait tous attention. On prend les pr\u00e9cautions, on s&rsquo;adapte.Tout ce qui est viral est transmissible. On a pris des pr\u00e9cautions pour qu&rsquo;il n&rsquo;y ait pas de contact avec Dayot, et pour Adrien pareil, a expliqu\u00e9 Didier Deschamps en conf\u00e9rence de presse, conc\u00e9dant \u00e0 demi-mot la possibilit\u00e9 d&rsquo;un virus circulant dans le camp de base des Fran\u00e7ais \u00ab\u00a0Toutes les pr\u00e9cautions sont prises depuis quatre jours au sein du groupe et dans l&rsquo;entourage de l&rsquo;\u00e9quipe de France, explique Nicolas Georgereau, reporter de RTL au Qatar. Dayot Upamecano a attrap\u00e9 froid apr\u00e8s le quart de finale face \u00e0 l&rsquo;Angleterre samedi. Adrien Rabiot est tomb\u00e9 malade dans la foul\u00e9e. M\u00eame si le Covid est pr\u00e9sent, il y a surtout une souche de la grippe tr\u00e8s virulente qui vient d&rsquo;Asie et qui touche pas mal de spectateurs et de journalistes. Plusieurs dizaines de journalistes sont all\u00e9s se faire tester r\u00e9cemment \u00e0 Doha pensant \u00eatre positifs au Covid. La situation est surveill\u00e9e de pr\u00e8s\u00a0\u00bb. Malgr\u00e9 cette situation impr\u00e9vue, les Bleus refusent de verser dans la parano \u00e0 l&rsquo;aube de d\u00e9fier l&rsquo;Argentine, \u00e0 l&rsquo;issue d&rsquo;une \u00e9reintante comp\u00e9tition. Si Aur\u00e9lien Tchouam\u00e9ni a admis faire preuve d&rsquo;un peu plus de vigilance, avec notamment \u00ab\u00a0davantage de gel hydroalcoolique sur les tables\u00a0\u00bb, Th\u00e9o Hernandez, premier buteur mercredi, ne s&rsquo;est pas dit particuli\u00e8rement inquiet. \u00ab\u00a0Rabiot et Upamecano vont bien\u00a0\u00bb, a promis Jules Kound\u00e9. Apr\u00e8s la qualification mercredi, les Bleus n&rsquo;ont d&rsquo;ailleurs montr\u00e9 aucune retenue dans leurs c\u00e9l\u00e9brations, en compagnie de plusieurs personnalit\u00e9s ext\u00e9rieures au groupe, notamment. Birahime Ndiaye<\/p>\n","protected":false},"author":7,"featured_media":11882,"comment_status":"open","ping_status":"open","sticky":false,"template":"","format":"standard","meta":{"_jetpack_memberships_contains_paid_content":false,"footnotes":""},"categories":[550,3412,3728,7],"tags":[68,351,3833,1262,3834],"class_list":["post-11855","post","type-post","status-publish","format-standard","has-post-thumbnail","hentry","category-afrique-monde","category-football","category-internationale","category-sport","tag-football","tag-france","tag-maladies","tag-sport","tag-virus","entry","has-media","owp-thumbs-layout-horizontal","owp-btn-normal","owp-tabs-layout-horizontal","has-no-thumbnails","has-product-nav"],"yoast_head":"<!-- This site is optimized with the Yoast SEO plugin v25.5 - https:\/\/yoast.com\/wordpress\/plugins\/seo\/ -->\n<title>Coupe du monde 2022 : un virus circule-t-il chez les Bleus \u00e0 trois jours de la finale face \u00e0 l&#039;Argentine ? - LE PUBLIC<\/title>\n<meta name=\"robots\" content=\"index, follow, max-snippet:-1, max-image-preview:large, max-video-preview:-1\" \/>\n<link rel=\"canonical\" href=\"https:\/\/www.public.sn\/index.php\/2022\/12\/16\/coupe-du-monde-2022-un-virus-circule-t-il-chez-les-bleus-a-trois-jours-de-la-finale-face-a-largentine\/\" \/>\n<meta property=\"og:locale\" content=\"fr_FR\" \/>\n<meta property=\"og:type\" content=\"article\" \/>\n<meta property=\"og:title\" content=\"Coupe du monde 2022 : un virus circule-t-il chez les Bleus \u00e0 trois jours de la finale face \u00e0 l&#039;Argentine ? - LE PUBLIC\" \/>\n<meta property=\"og:description\" content=\"Trois joueurs de l&rsquo;\u00e9quipe de France ont \u00e9t\u00e9 priv\u00e9s de la demi-finale face au Maroc affaiblis par une maladie. Mais le staff refuse de rentrer dans la parano avant de d\u00e9fier l&rsquo;Argentine en finale dimanche. La pr\u00e9paration de la finale de la Coupe du monde de l&rsquo;\u00e9quipe de France va-t-elle \u00eatre perturb\u00e9e par un virus ?Au lendemain de la qualification obtenue face au Maroc (2-0) au terme d&rsquo;une rencontre plut\u00f4t ma\u00eetris\u00e9e, l&rsquo;\u00e9tat de sant\u00e9 d&rsquo;Adrien Rabiot, Dayot Upamecano et Kingsley Coman interroge. Malades, les trois joueurs n&rsquo;\u00e9taient pas en \u00e9tat de disputer la demi-finale. Le milieu de la Juventus Turin a suivi la victoire de ses co\u00e9quipiers \u00e0 l&rsquo;h\u00f4tel et les deux joueurs du Bayern Munich, f\u00e9briles, sont rest\u00e9s sur le banc sans m\u00eame s&rsquo;\u00e9chauffer mercredi. \u00ab\u00a0Coup de froid\u00a0\u00bb, \u00ab\u00a0syndrome viral\u00a0\u00bb, \u00ab\u00a0f\u00e9brilit\u00e9\u00a0\u00bb\u2026 Plusieurs hypoth\u00e8ses ont \u00e9t\u00e9 \u00e9voqu\u00e9es ces derni\u00e8res heures dans l&rsquo;entourage des Bleus sans toutefois indiquer la nature pr\u00e9cise de la maladie qui touche plusieurs membres du groupe. \u00ab\u00a0Les temp\u00e9ratures ont plut\u00f4t baiss\u00e9, il y a la climatisation \u00e0 fond. Il y a des \u00e9tats f\u00e9briles. On fait tous attention. On prend les pr\u00e9cautions, on s&rsquo;adapte.Tout ce qui est viral est transmissible. On a pris des pr\u00e9cautions pour qu&rsquo;il n&rsquo;y ait pas de contact avec Dayot, et pour Adrien pareil, a expliqu\u00e9 Didier Deschamps en conf\u00e9rence de presse, conc\u00e9dant \u00e0 demi-mot la possibilit\u00e9 d&rsquo;un virus circulant dans le camp de base des Fran\u00e7ais \u00ab\u00a0Toutes les pr\u00e9cautions sont prises depuis quatre jours au sein du groupe et dans l&rsquo;entourage de l&rsquo;\u00e9quipe de France, explique Nicolas Georgereau, reporter de RTL au Qatar. Dayot Upamecano a attrap\u00e9 froid apr\u00e8s le quart de finale face \u00e0 l&rsquo;Angleterre samedi. Adrien Rabiot est tomb\u00e9 malade dans la foul\u00e9e. M\u00eame si le Covid est pr\u00e9sent, il y a surtout une souche de la grippe tr\u00e8s virulente qui vient d&rsquo;Asie et qui touche pas mal de spectateurs et de journalistes. Plusieurs dizaines de journalistes sont all\u00e9s se faire tester r\u00e9cemment \u00e0 Doha pensant \u00eatre positifs au Covid. La situation est surveill\u00e9e de pr\u00e8s\u00a0\u00bb. Malgr\u00e9 cette situation impr\u00e9vue, les Bleus refusent de verser dans la parano \u00e0 l&rsquo;aube de d\u00e9fier l&rsquo;Argentine, \u00e0 l&rsquo;issue d&rsquo;une \u00e9reintante comp\u00e9tition. Si Aur\u00e9lien Tchouam\u00e9ni a admis faire preuve d&rsquo;un peu plus de vigilance, avec notamment \u00ab\u00a0davantage de gel hydroalcoolique sur les tables\u00a0\u00bb, Th\u00e9o Hernandez, premier buteur mercredi, ne s&rsquo;est pas dit particuli\u00e8rement inquiet. \u00ab\u00a0Rabiot et Upamecano vont bien\u00a0\u00bb, a promis Jules Kound\u00e9. Apr\u00e8s la qualification mercredi, les Bleus n&rsquo;ont d&rsquo;ailleurs montr\u00e9 aucune retenue dans leurs c\u00e9l\u00e9brations, en compagnie de plusieurs personnalit\u00e9s ext\u00e9rieures au groupe, notamment. Birahime Ndiaye\" \/>\n<meta property=\"og:url\" content=\"https:\/\/www.public.sn\/index.php\/2022\/12\/16\/coupe-du-monde-2022-un-virus-circule-t-il-chez-les-bleus-a-trois-jours-de-la-finale-face-a-largentine\/\" \/>\n<meta property=\"og:site_name\" content=\"LE PUBLIC\" \/>\n<meta property=\"article:published_time\" content=\"2022-12-16T12:51:27+00:00\" \/>\n<meta property=\"article:modified_time\" content=\"2022-12-16T14:13:04+00:00\" \/>\n<meta property=\"og:image\" content=\"https:\/\/www.public.sn\/wp-content\/uploads\/2022\/12\/WhatsApp-Image-2022-12-16-at-13.50.44.jpeg\" \/>\n\t<meta property=\"og:image:width\" content=\"1024\" \/>\n\t<meta property=\"og:image:height\" content=\"576\" \/>\n\t<meta property=\"og:image:type\" content=\"image\/jpeg\" \/>\n<meta name=\"author\" content=\"LA REDACTION\" \/>\n<meta name=\"twitter:card\" content=\"summary_large_image\" \/>\n<meta name=\"twitter:label1\" content=\"\u00c9crit par\" \/>\n\t<meta name=\"twitter:data1\" content=\"LA REDACTION\" \/>\n\t<meta name=\"twitter:label2\" content=\"Dur\u00e9e de lecture estim\u00e9e\" \/>\n\t<meta name=\"twitter:data2\" content=\"3 minutes\" \/>\n<script type=\"application\/ld+json\" class=\"yoast-schema-graph\">{\"@context\":\"https:\/\/schema.org\",\"@graph\":[{\"@type\":\"Article\",\"@id\":\"https:\/\/www.public.sn\/index.php\/2022\/12\/16\/coupe-du-monde-2022-un-virus-circule-t-il-chez-les-bleus-a-trois-jours-de-la-finale-face-a-largentine\/#article\",\"isPartOf\":{\"@id\":\"https:\/\/www.public.sn\/index.php\/2022\/12\/16\/coupe-du-monde-2022-un-virus-circule-t-il-chez-les-bleus-a-trois-jours-de-la-finale-face-a-largentine\/\"},\"author\":{\"name\":\"LA REDACTION\",\"@id\":\"https:\/\/www.public.sn\/#\/schema\/person\/cb76c8e1b8becc6be61fb5e92d6d0224\"},\"headline\":\"Coupe du monde 2022 : un virus circule-t-il chez les Bleus \u00e0 trois jours de la finale face \u00e0 l&rsquo;Argentine ?\",\"datePublished\":\"2022-12-16T12:51:27+00:00\",\"dateModified\":\"2022-12-16T14:13:04+00:00\",\"mainEntityOfPage\":{\"@id\":\"https:\/\/www.public.sn\/index.php\/2022\/12\/16\/coupe-du-monde-2022-un-virus-circule-t-il-chez-les-bleus-a-trois-jours-de-la-finale-face-a-largentine\/\"},\"wordCount\":487,\"commentCount\":0,\"publisher\":{\"@id\":\"https:\/\/www.public.sn\/#organization\"},\"image\":{\"@id\":\"https:\/\/www.public.sn\/index.php\/2022\/12\/16\/coupe-du-monde-2022-un-virus-circule-t-il-chez-les-bleus-a-trois-jours-de-la-finale-face-a-largentine\/#primaryimage\"},\"thumbnailUrl\":\"https:\/\/www.public.sn\/wp-content\/uploads\/2022\/12\/WhatsApp-Image-2022-12-16-at-13.50.44.jpeg\",\"keywords\":[\"Football\",\"France\",\"maladies\",\"Sport\",\"virus\"],\"articleSection\":[\"AFRIQUE &amp; MONDE\",\"FOOTBALL\",\"internationale\",\"SPORTS\"],\"inLanguage\":\"fr-FR\",\"potentialAction\":[{\"@type\":\"CommentAction\",\"name\":\"Comment\",\"target\":[\"https:\/\/www.public.sn\/index.php\/2022\/12\/16\/coupe-du-monde-2022-un-virus-circule-t-il-chez-les-bleus-a-trois-jours-de-la-finale-face-a-largentine\/#respond\"]}]},{\"@type\":\"WebPage\",\"@id\":\"https:\/\/www.public.sn\/index.php\/2022\/12\/16\/coupe-du-monde-2022-un-virus-circule-t-il-chez-les-bleus-a-trois-jours-de-la-finale-face-a-largentine\/\",\"url\":\"https:\/\/www.public.sn\/index.php\/2022\/12\/16\/coupe-du-monde-2022-un-virus-circule-t-il-chez-les-bleus-a-trois-jours-de-la-finale-face-a-largentine\/\",\"name\":\"Coupe du monde 2022 : un virus circule-t-il chez les Bleus \u00e0 trois jours de la finale face \u00e0 l'Argentine ? - LE PUBLIC\",\"isPartOf\":{\"@id\":\"https:\/\/www.public.sn\/#website\"},\"primaryImageOfPage\":{\"@id\":\"https:\/\/www.public.sn\/index.php\/2022\/12\/16\/coupe-du-monde-2022-un-virus-circule-t-il-chez-les-bleus-a-trois-jours-de-la-finale-face-a-largentine\/#primaryimage\"},\"image\":{\"@id\":\"https:\/\/www.public.sn\/index.php\/2022\/12\/16\/coupe-du-monde-2022-un-virus-circule-t-il-chez-les-bleus-a-trois-jours-de-la-finale-face-a-largentine\/#primaryimage\"},\"thumbnailUrl\":\"https:\/\/www.public.sn\/wp-content\/uploads\/2022\/12\/WhatsApp-Image-2022-12-16-at-13.50.44.jpeg\",\"datePublished\":\"2022-12-16T12:51:27+00:00\",\"dateModified\":\"2022-12-16T14:13:04+00:00\",\"breadcrumb\":{\"@id\":\"https:\/\/www.public.sn\/index.php\/2022\/12\/16\/coupe-du-monde-2022-un-virus-circule-t-il-chez-les-bleus-a-trois-jours-de-la-finale-face-a-largentine\/#breadcrumb\"},\"inLanguage\":\"fr-FR\",\"potentialAction\":[{\"@type\":\"ReadAction\",\"target\":[\"https:\/\/www.public.sn\/index.php\/2022\/12\/16\/coupe-du-monde-2022-un-virus-circule-t-il-chez-les-bleus-a-trois-jours-de-la-finale-face-a-largentine\/\"]}]},{\"@type\":\"ImageObject\",\"inLanguage\":\"fr-FR\",\"@id\":\"https:\/\/www.public.sn\/index.php\/2022\/12\/16\/coupe-du-monde-2022-un-virus-circule-t-il-chez-les-bleus-a-trois-jours-de-la-finale-face-a-largentine\/#primaryimage\",\"url\":\"https:\/\/www.public.sn\/wp-content\/uploads\/2022\/12\/WhatsApp-Image-2022-12-16-at-13.50.44.jpeg\",\"contentUrl\":\"https:\/\/www.public.sn\/wp-content\/uploads\/2022\/12\/WhatsApp-Image-2022-12-16-at-13.50.44.jpeg\",\"width\":1024,\"height\":576},{\"@type\":\"BreadcrumbList\",\"@id\":\"https:\/\/www.public.sn\/index.php\/2022\/12\/16\/coupe-du-monde-2022-un-virus-circule-t-il-chez-les-bleus-a-trois-jours-de-la-finale-face-a-largentine\/#breadcrumb\",\"itemListElement\":[{\"@type\":\"ListItem\",\"position\":1,\"name\":\"Accueil\",\"item\":\"https:\/\/www.public.sn\/\"},{\"@type\":\"ListItem\",\"position\":2,\"name\":\"Coupe du monde 2022 : un virus circule-t-il chez les Bleus \u00e0 trois jours de la finale face \u00e0 l&rsquo;Argentine ?\"}]},{\"@type\":\"WebSite\",\"@id\":\"https:\/\/www.public.sn\/#website\",\"url\":\"https:\/\/www.public.sn\/\",\"name\":\"LE PUBLIC\",\"description\":\"\",\"publisher\":{\"@id\":\"https:\/\/www.public.sn\/#organization\"},\"potentialAction\":[{\"@type\":\"SearchAction\",\"target\":{\"@type\":\"EntryPoint\",\"urlTemplate\":\"https:\/\/www.public.sn\/?s={search_term_string}\"},\"query-input\":{\"@type\":\"PropertyValueSpecification\",\"valueRequired\":true,\"valueName\":\"search_term_string\"}}],\"inLanguage\":\"fr-FR\"},{\"@type\":\"Organization\",\"@id\":\"https:\/\/www.public.sn\/#organization\",\"name\":\"LE PUBLIC\",\"url\":\"https:\/\/www.public.sn\/\",\"logo\":{\"@type\":\"ImageObject\",\"inLanguage\":\"fr-FR\",\"@id\":\"https:\/\/www.public.sn\/#\/schema\/logo\/image\/\",\"url\":\"https:\/\/www.public.sn\/wp-content\/uploads\/2024\/05\/cropped-LOGO-PUBLIC.SN_.png\",\"contentUrl\":\"https:\/\/www.public.sn\/wp-content\/uploads\/2024\/05\/cropped-LOGO-PUBLIC.SN_.png\",\"width\":682,\"height\":192,\"caption\":\"LE PUBLIC\"},\"image\":{\"@id\":\"https:\/\/www.public.sn\/#\/schema\/logo\/image\/\"}},{\"@type\":\"Person\",\"@id\":\"https:\/\/www.public.sn\/#\/schema\/person\/cb76c8e1b8becc6be61fb5e92d6d0224\",\"name\":\"LA REDACTION\",\"image\":{\"@type\":\"ImageObject\",\"inLanguage\":\"fr-FR\",\"@id\":\"https:\/\/www.public.sn\/#\/schema\/person\/image\/\",\"url\":\"https:\/\/secure.gravatar.com\/avatar\/2dce5ddd34b8fef0180efe03aa2a9bee7d953856048f9a16b298190a3178407c?s=96&d=mm&r=g\",\"contentUrl\":\"https:\/\/secure.gravatar.com\/avatar\/2dce5ddd34b8fef0180efe03aa2a9bee7d953856048f9a16b298190a3178407c?s=96&d=mm&r=g\",\"caption\":\"LA REDACTION\"},\"url\":\"https:\/\/www.public.sn\/index.php\/author\/editeurpsn\/\"}]}<\/script>\n<!-- \/ Yoast SEO plugin. -->","yoast_head_json":{"title":"Coupe du monde 2022 : un virus circule-t-il chez les Bleus \u00e0 trois jours de la finale face \u00e0 l'Argentine ? - LE PUBLIC","robots":{"index":"index","follow":"follow","max-snippet":"max-snippet:-1","max-image-preview":"max-image-preview:large","max-video-preview":"max-video-preview:-1"},"canonical":"https:\/\/www.public.sn\/index.php\/2022\/12\/16\/coupe-du-monde-2022-un-virus-circule-t-il-chez-les-bleus-a-trois-jours-de-la-finale-face-a-largentine\/","og_locale":"fr_FR","og_type":"article","og_title":"Coupe du monde 2022 : un virus circule-t-il chez les Bleus \u00e0 trois jours de la finale face \u00e0 l'Argentine ? - LE PUBLIC","og_description":"Trois joueurs de l&rsquo;\u00e9quipe de France ont \u00e9t\u00e9 priv\u00e9s de la demi-finale face au Maroc affaiblis par une maladie. Mais le staff refuse de rentrer dans la parano avant de d\u00e9fier l&rsquo;Argentine en finale dimanche. La pr\u00e9paration de la finale de la Coupe du monde de l&rsquo;\u00e9quipe de France va-t-elle \u00eatre perturb\u00e9e par un virus ?Au lendemain de la qualification obtenue face au Maroc (2-0) au terme d&rsquo;une rencontre plut\u00f4t ma\u00eetris\u00e9e, l&rsquo;\u00e9tat de sant\u00e9 d&rsquo;Adrien Rabiot, Dayot Upamecano et Kingsley Coman interroge. Malades, les trois joueurs n&rsquo;\u00e9taient pas en \u00e9tat de disputer la demi-finale. Le milieu de la Juventus Turin a suivi la victoire de ses co\u00e9quipiers \u00e0 l&rsquo;h\u00f4tel et les deux joueurs du Bayern Munich, f\u00e9briles, sont rest\u00e9s sur le banc sans m\u00eame s&rsquo;\u00e9chauffer mercredi. \u00ab\u00a0Coup de froid\u00a0\u00bb, \u00ab\u00a0syndrome viral\u00a0\u00bb, \u00ab\u00a0f\u00e9brilit\u00e9\u00a0\u00bb\u2026 Plusieurs hypoth\u00e8ses ont \u00e9t\u00e9 \u00e9voqu\u00e9es ces derni\u00e8res heures dans l&rsquo;entourage des Bleus sans toutefois indiquer la nature pr\u00e9cise de la maladie qui touche plusieurs membres du groupe. \u00ab\u00a0Les temp\u00e9ratures ont plut\u00f4t baiss\u00e9, il y a la climatisation \u00e0 fond. Il y a des \u00e9tats f\u00e9briles. On fait tous attention. On prend les pr\u00e9cautions, on s&rsquo;adapte.Tout ce qui est viral est transmissible. On a pris des pr\u00e9cautions pour qu&rsquo;il n&rsquo;y ait pas de contact avec Dayot, et pour Adrien pareil, a expliqu\u00e9 Didier Deschamps en conf\u00e9rence de presse, conc\u00e9dant \u00e0 demi-mot la possibilit\u00e9 d&rsquo;un virus circulant dans le camp de base des Fran\u00e7ais \u00ab\u00a0Toutes les pr\u00e9cautions sont prises depuis quatre jours au sein du groupe et dans l&rsquo;entourage de l&rsquo;\u00e9quipe de France, explique Nicolas Georgereau, reporter de RTL au Qatar. Dayot Upamecano a attrap\u00e9 froid apr\u00e8s le quart de finale face \u00e0 l&rsquo;Angleterre samedi. Adrien Rabiot est tomb\u00e9 malade dans la foul\u00e9e. M\u00eame si le Covid est pr\u00e9sent, il y a surtout une souche de la grippe tr\u00e8s virulente qui vient d&rsquo;Asie et qui touche pas mal de spectateurs et de journalistes. Plusieurs dizaines de journalistes sont all\u00e9s se faire tester r\u00e9cemment \u00e0 Doha pensant \u00eatre positifs au Covid. La situation est surveill\u00e9e de pr\u00e8s\u00a0\u00bb. Malgr\u00e9 cette situation impr\u00e9vue, les Bleus refusent de verser dans la parano \u00e0 l&rsquo;aube de d\u00e9fier l&rsquo;Argentine, \u00e0 l&rsquo;issue d&rsquo;une \u00e9reintante comp\u00e9tition. Si Aur\u00e9lien Tchouam\u00e9ni a admis faire preuve d&rsquo;un peu plus de vigilance, avec notamment \u00ab\u00a0davantage de gel hydroalcoolique sur les tables\u00a0\u00bb, Th\u00e9o Hernandez, premier buteur mercredi, ne s&rsquo;est pas dit particuli\u00e8rement inquiet. \u00ab\u00a0Rabiot et Upamecano vont bien\u00a0\u00bb, a promis Jules Kound\u00e9. Apr\u00e8s la qualification mercredi, les Bleus n&rsquo;ont d&rsquo;ailleurs montr\u00e9 aucune retenue dans leurs c\u00e9l\u00e9brations, en compagnie de plusieurs personnalit\u00e9s ext\u00e9rieures au groupe, notamment. Birahime Ndiaye","og_url":"https:\/\/www.public.sn\/index.php\/2022\/12\/16\/coupe-du-monde-2022-un-virus-circule-t-il-chez-les-bleus-a-trois-jours-de-la-finale-face-a-largentine\/","og_site_name":"LE PUBLIC","article_published_time":"2022-12-16T12:51:27+00:00","article_modified_time":"2022-12-16T14:13:04+00:00","og_image":[{"width":1024,"height":576,"url":"https:\/\/www.public.sn\/wp-content\/uploads\/2022\/12\/WhatsApp-Image-2022-12-16-at-13.50.44.jpeg","type":"image\/jpeg"}],"author":"LA REDACTION","twitter_card":"summary_large_image","twitter_misc":{"\u00c9crit par":"LA REDACTION","Dur\u00e9e de lecture estim\u00e9e":"3 minutes"},"schema":{"@context":"https:\/\/schema.org","@graph":[{"@type":"Article","@id":"https:\/\/www.public.sn\/index.php\/2022\/12\/16\/coupe-du-monde-2022-un-virus-circule-t-il-chez-les-bleus-a-trois-jours-de-la-finale-face-a-largentine\/#article","isPartOf":{"@id":"https:\/\/www.public.sn\/index.php\/2022\/12\/16\/coupe-du-monde-2022-un-virus-circule-t-il-chez-les-bleus-a-trois-jours-de-la-finale-face-a-largentine\/"},"author":{"name":"LA REDACTION","@id":"https:\/\/www.public.sn\/#\/schema\/person\/cb76c8e1b8becc6be61fb5e92d6d0224"},"headline":"Coupe du monde 2022 : un virus circule-t-il chez les Bleus \u00e0 trois jours de la finale face \u00e0 l&rsquo;Argentine ?","datePublished":"2022-12-16T12:51:27+00:00","dateModified":"2022-12-16T14:13:04+00:00","mainEntityOfPage":{"@id":"https:\/\/www.public.sn\/index.php\/2022\/12\/16\/coupe-du-monde-2022-un-virus-circule-t-il-chez-les-bleus-a-trois-jours-de-la-finale-face-a-largentine\/"},"wordCount":487,"commentCount":0,"publisher":{"@id":"https:\/\/www.public.sn\/#organization"},"image":{"@id":"https:\/\/www.public.sn\/index.php\/2022\/12\/16\/coupe-du-monde-2022-un-virus-circule-t-il-chez-les-bleus-a-trois-jours-de-la-finale-face-a-largentine\/#primaryimage"},"thumbnailUrl":"https:\/\/www.public.sn\/wp-content\/uploads\/2022\/12\/WhatsApp-Image-2022-12-16-at-13.50.44.jpeg","keywords":["Football","France","maladies","Sport","virus"],"articleSection":["AFRIQUE &amp; MONDE","FOOTBALL","internationale","SPORTS"],"inLanguage":"fr-FR","potentialAction":[{"@type":"CommentAction","name":"Comment","target":["https:\/\/www.public.sn\/index.php\/2022\/12\/16\/coupe-du-monde-2022-un-virus-circule-t-il-chez-les-bleus-a-trois-jours-de-la-finale-face-a-largentine\/#respond"]}]},{"@type":"WebPage","@id":"https:\/\/www.public.sn\/index.php\/2022\/12\/16\/coupe-du-monde-2022-un-virus-circule-t-il-chez-les-bleus-a-trois-jours-de-la-finale-face-a-largentine\/","url":"https:\/\/www.public.sn\/index.php\/2022\/12\/16\/coupe-du-monde-2022-un-virus-circule-t-il-chez-les-bleus-a-trois-jours-de-la-finale-face-a-largentine\/","name":"Coupe du monde 2022 : un virus circule-t-il chez les Bleus \u00e0 trois jours de la finale face \u00e0 l'Argentine ? - LE PUBLIC","isPartOf":{"@id":"https:\/\/www.public.sn\/#website"},"primaryImageOfPage":{"@id":"https:\/\/www.public.sn\/index.php\/2022\/12\/16\/coupe-du-monde-2022-un-virus-circule-t-il-chez-les-bleus-a-trois-jours-de-la-finale-face-a-largentine\/#primaryimage"},"image":{"@id":"https:\/\/www.public.sn\/index.php\/2022\/12\/16\/coupe-du-monde-2022-un-virus-circule-t-il-chez-les-bleus-a-trois-jours-de-la-finale-face-a-largentine\/#primaryimage"},"thumbnailUrl":"https:\/\/www.public.sn\/wp-content\/uploads\/2022\/12\/WhatsApp-Image-2022-12-16-at-13.50.44.jpeg","datePublished":"2022-12-16T12:51:27+00:00","dateModified":"2022-12-16T14:13:04+00:00","breadcrumb":{"@id":"https:\/\/www.public.sn\/index.php\/2022\/12\/16\/coupe-du-monde-2022-un-virus-circule-t-il-chez-les-bleus-a-trois-jours-de-la-finale-face-a-largentine\/#breadcrumb"},"inLanguage":"fr-FR","potentialAction":[{"@type":"ReadAction","target":["https:\/\/www.public.sn\/index.php\/2022\/12\/16\/coupe-du-monde-2022-un-virus-circule-t-il-chez-les-bleus-a-trois-jours-de-la-finale-face-a-largentine\/"]}]},{"@type":"ImageObject","inLanguage":"fr-FR","@id":"https:\/\/www.public.sn\/index.php\/2022\/12\/16\/coupe-du-monde-2022-un-virus-circule-t-il-chez-les-bleus-a-trois-jours-de-la-finale-face-a-largentine\/#primaryimage","url":"https:\/\/www.public.sn\/wp-content\/uploads\/2022\/12\/WhatsApp-Image-2022-12-16-at-13.50.44.jpeg","contentUrl":"https:\/\/www.public.sn\/wp-content\/uploads\/2022\/12\/WhatsApp-Image-2022-12-16-at-13.50.44.jpeg","width":1024,"height":576},{"@type":"BreadcrumbList","@id":"https:\/\/www.public.sn\/index.php\/2022\/12\/16\/coupe-du-monde-2022-un-virus-circule-t-il-chez-les-bleus-a-trois-jours-de-la-finale-face-a-largentine\/#breadcrumb","itemListElement":[{"@type":"ListItem","position":1,"name":"Accueil","item":"https:\/\/www.public.sn\/"},{"@type":"ListItem","position":2,"name":"Coupe du monde 2022 : un virus circule-t-il chez les Bleus \u00e0 trois jours de la finale face \u00e0 l&rsquo;Argentine ?"}]},{"@type":"WebSite","@id":"https:\/\/www.public.sn\/#website","url":"https:\/\/www.public.sn\/","name":"LE PUBLIC","description":"","publisher":{"@id":"https:\/\/www.public.sn\/#organization"},"potentialAction":[{"@type":"SearchAction","target":{"@type":"EntryPoint","urlTemplate":"https:\/\/www.public.sn\/?s={search_term_string}"},"query-input":{"@type":"PropertyValueSpecification","valueRequired":true,"valueName":"search_term_string"}}],"inLanguage":"fr-FR"},{"@type":"Organization","@id":"https:\/\/www.public.sn\/#organization","name":"LE PUBLIC","url":"https:\/\/www.public.sn\/","logo":{"@type":"ImageObject","inLanguage":"fr-FR","@id":"https:\/\/www.public.sn\/#\/schema\/logo\/image\/","url":"https:\/\/www.public.sn\/wp-content\/uploads\/2024\/05\/cropped-LOGO-PUBLIC.SN_.png","contentUrl":"https:\/\/www.public.sn\/wp-content\/uploads\/2024\/05\/cropped-LOGO-PUBLIC.SN_.png","width":682,"height":192,"caption":"LE PUBLIC"},"image":{"@id":"https:\/\/www.public.sn\/#\/schema\/logo\/image\/"}},{"@type":"Person","@id":"https:\/\/www.public.sn\/#\/schema\/person\/cb76c8e1b8becc6be61fb5e92d6d0224","name":"LA REDACTION","image":{"@type":"ImageObject","inLanguage":"fr-FR","@id":"https:\/\/www.public.sn\/#\/schema\/person\/image\/","url":"https:\/\/secure.gravatar.com\/avatar\/2dce5ddd34b8fef0180efe03aa2a9bee7d953856048f9a16b298190a3178407c?s=96&d=mm&r=g","contentUrl":"https:\/\/secure.gravatar.com\/avatar\/2dce5ddd34b8fef0180efe03aa2a9bee7d953856048f9a16b298190a3178407c?s=96&d=mm&r=g","caption":"LA REDACTION"},"url":"https:\/\/www.public.sn\/index.php\/author\/editeurpsn\/"}]}},"jetpack_featured_media_url":"https:\/\/www.public.sn\/wp-content\/uploads\/2022\/12\/WhatsApp-Image-2022-12-16-at-13.50.44.jpeg","jetpack_sharing_enabled":true,"_links":{"self":[{"href":"https:\/\/www.public.sn\/index.php\/wp-json\/wp\/v2\/posts\/11855","targetHints":{"allow":["GET"]}}],"collection":[{"href":"https:\/\/www.public.sn\/index.php\/wp-json\/wp\/v2\/posts"}],"about":[{"href":"https:\/\/www.public.sn\/index.php\/wp-json\/wp\/v2\/types\/post"}],"author":[{"embeddable":true,"href":"https:\/\/www.public.sn\/index.php\/wp-json\/wp\/v2\/users\/7"}],"replies":[{"embeddable":true,"href":"https:\/\/www.public.sn\/index.php\/wp-json\/wp\/v2\/comments?post=11855"}],"version-history":[{"count":2,"href":"https:\/\/www.public.sn\/index.php\/wp-json\/wp\/v2\/posts\/11855\/revisions"}],"predecessor-version":[{"id":11890,"href":"https:\/\/www.public.sn\/index.php\/wp-json\/wp\/v2\/posts\/11855\/revisions\/11890"}],"wp:featuredmedia":[{"embeddable":true,"href":"https:\/\/www.public.sn\/index.php\/wp-json\/wp\/v2\/media\/11882"}],"wp:attachment":[{"href":"https:\/\/www.public.sn\/index.php\/wp-json\/wp\/v2\/media?parent=11855"}],"wp:term":[{"taxonomy":"category","embeddable":true,"href":"https:\/\/www.public.sn\/index.php\/wp-json\/wp\/v2\/categories?post=11855"},{"taxonomy":"post_tag","embeddable":true,"href":"https:\/\/www.public.sn\/index.php\/wp-json\/wp\/v2\/tags?post=11855"}],"curies":[{"name":"wp","href":"https:\/\/api.w.org\/{rel}","templated":true}]}}