{"id":11926,"date":"2022-12-16T17:57:53","date_gmt":"2022-12-16T17:57:53","guid":{"rendered":"https:\/\/www.public.sn\/?p=11926"},"modified":"2022-12-16T17:58:13","modified_gmt":"2022-12-16T17:58:13","slug":"les-bleus-restent-calmes-face-au-virus","status":"publish","type":"post","link":"https:\/\/www.public.sn\/index.php\/2022\/12\/16\/les-bleus-restent-calmes-face-au-virus\/","title":{"rendered":"Les Bleus restent calmes face au virus."},"content":{"rendered":"\n<p>Depuis quelques jours un virus se propage chez les Bleus. Rabiot et Upamecano ont \u00e9t\u00e9 les premiers \u00e0 le contracter et ont m\u00eame loup\u00e9 le match face au Maroc. Ce vendredi, Varane, Konat\u00e9 et Coman ont manqu\u00e9 eux aussi l&rsquo;entra\u00eenement\u2026 de quoi s&rsquo;inqui\u00e9ter pour la bande \u00e0 Didier Deschamps ?<\/p><div class=\"publi-paragraphe1\" style=\"margin-top: 10px;margin-bottom: 10px;margin-left: auto;margin-right: auto;text-align: center;\" id=\"publi-2652219614\"><div class=\"publi-adlabel\">Publicit\u00e9<\/div><script async src=\"\/\/pagead2.googlesyndication.com\/pagead\/js\/adsbygoogle.js?client=ca-pub-4089586018074219\" crossorigin=\"anonymous\"><\/script><ins class=\"adsbygoogle\" style=\"display:block;\" data-ad-client=\"ca-pub-4089586018074219\" \ndata-ad-slot=\"2087940154\" \ndata-ad-format=\"auto\"><\/ins>\n<script> \n(adsbygoogle = window.adsbygoogle || []).push({}); \n<\/script>\n<\/div>\n\n\n\n<p>Nous sommes \u00e0 deux jours de la grande finale de la Coupe du monde 2022. Elle opposera, ce dimanche \u00e0 16 heures, la France de Mbapp\u00e9 \u00e0 l&rsquo;Argentine de Messi. Malheureusement, Didier Deschamps doit de nouveau faire face \u00e0 des complications: depuis une semaine, un virus se r\u00e9pand chez les Bleus. Rabiot et Upamecano ont d\u00e9j\u00e0 loup\u00e9 la demi-finale de mercredi dernier contre le Maroc et, ce vendredi, Varane, Konat\u00e9 et Coman ont rat\u00e9 l&rsquo;entra\u00eenement. Dans ce contexte, l&rsquo;\u00e9quipe de France ne veut pas c\u00e9der \u00e0 la panique. \u00ab\u00a0Les docteurs mettent en place quelques zones sanitaires. On ne peut pas s&rsquo;inqui\u00e9ter sur \u00e7a. \u00c7a va aller mieux dans les jours \u00e0 venir\u00a0\u00bb, avait expliqu\u00e9 Kolo Muani.<\/p>\n\n\n\n<p>Ousmane Demb\u00e9l\u00e9 a lui aussi r\u00e9agi, ce vendredi, \u00e0 la pol\u00e9mique du virus. \u00ab\u00a0On n&rsquo;a pas peur du virus. Dayot et Adrien ont eu mal \u00e0 t\u00eate. Je leur ai fait un th\u00e9 gingembre-miel et \u00e7a allait mieux apr\u00e8s. J&rsquo;esp\u00e8re que \u00e7a ira bien pour la finale. Ils sont solides. Dayot \u00e9tait rest\u00e9 dans sa chambre le premier jour par pr\u00e9caution, mais par la suite il avait r\u00e9int\u00e9gr\u00e9 le groupe\u00a0\u00bb, a-t-il plaisant\u00e9. Alors que le sprint final de ce Mondial est lanc\u00e9, les Bleus assurent qu&rsquo;il n&rsquo;y a pas d&rsquo;inqui\u00e9tude \u00e0 avoir.<\/p>\n\n\n\n<p>Birahime Ndiaye<\/p>\n<div class=\"publi-apres-le-contenu\" style=\"margin-top: 10px;margin-bottom: 10px;margin-left: auto;margin-right: auto;text-align: center;\" id=\"publi-1596909099\"><div class=\"publi-adlabel\">Publicit\u00e9<\/div><script async src=\"\/\/pagead2.googlesyndication.com\/pagead\/js\/adsbygoogle.js?client=ca-pub-4089586018074219\" crossorigin=\"anonymous\"><\/script><ins class=\"adsbygoogle\" style=\"display:block;\" data-ad-client=\"ca-pub-4089586018074219\" \ndata-ad-slot=\"2087940154\" \ndata-ad-format=\"auto\"><\/ins>\n<script> \n(adsbygoogle = window.adsbygoogle || []).push({}); \n<\/script>\n<\/div>","protected":false},"excerpt":{"rendered":"<p>Depuis quelques jours un virus se propage chez les Bleus. Rabiot et Upamecano ont \u00e9t\u00e9 les premiers \u00e0 le contracter et ont m\u00eame loup\u00e9 le match face au Maroc. Ce vendredi, Varane, Konat\u00e9 et Coman ont manqu\u00e9 eux aussi l&rsquo;entra\u00eenement\u2026 de quoi s&rsquo;inqui\u00e9ter pour la bande \u00e0 Didier Deschamps ? Nous sommes \u00e0 deux jours de la grande finale de la Coupe du monde 2022. Elle opposera, ce dimanche \u00e0 16 heures, la France de Mbapp\u00e9 \u00e0 l&rsquo;Argentine de Messi. Malheureusement, Didier Deschamps doit de nouveau faire face \u00e0 des complications: depuis une semaine, un virus se r\u00e9pand chez les Bleus. Rabiot et Upamecano ont d\u00e9j\u00e0 loup\u00e9 la demi-finale de mercredi dernier contre le Maroc et, ce vendredi, Varane, Konat\u00e9 et Coman ont rat\u00e9 l&rsquo;entra\u00eenement. Dans ce contexte, l&rsquo;\u00e9quipe de France ne veut pas c\u00e9der \u00e0 la panique. \u00ab\u00a0Les docteurs mettent en place quelques zones sanitaires. On ne peut pas s&rsquo;inqui\u00e9ter sur \u00e7a. \u00c7a va aller mieux dans les jours \u00e0 venir\u00a0\u00bb, avait expliqu\u00e9 Kolo Muani. Ousmane Demb\u00e9l\u00e9 a lui aussi r\u00e9agi, ce vendredi, \u00e0 la pol\u00e9mique du virus. \u00ab\u00a0On n&rsquo;a pas peur du virus. Dayot et Adrien ont eu mal \u00e0 t\u00eate. Je leur ai fait un th\u00e9 gingembre-miel et \u00e7a allait mieux apr\u00e8s. J&rsquo;esp\u00e8re que \u00e7a ira bien pour la finale. Ils sont solides. Dayot \u00e9tait rest\u00e9 dans sa chambre le premier jour par pr\u00e9caution, mais par la suite il avait r\u00e9int\u00e9gr\u00e9 le groupe\u00a0\u00bb, a-t-il plaisant\u00e9. Alors que le sprint final de ce Mondial est lanc\u00e9, les Bleus assurent qu&rsquo;il n&rsquo;y a pas d&rsquo;inqui\u00e9tude \u00e0 avoir. Birahime Ndiaye<\/p>\n","protected":false},"author":7,"featured_media":11882,"comment_status":"open","ping_status":"open","sticky":false,"template":"","format":"standard","meta":{"_jetpack_memberships_contains_paid_content":false,"footnotes":""},"categories":[550,3412,3728,7],"tags":[68,351,3833,56,1262,3834],"class_list":["post-11926","post","type-post","status-publish","format-standard","has-post-thumbnail","hentry","category-afrique-monde","category-football","category-internationale","category-sport","tag-football","tag-france","tag-maladies","tag-qatar-2022","tag-sport","tag-virus","entry","has-media","owp-thumbs-layout-horizontal","owp-btn-normal","owp-tabs-layout-horizontal","has-no-thumbnails","has-product-nav"],"yoast_head":"<!-- This site is optimized with the Yoast SEO plugin v25.5 - https:\/\/yoast.com\/wordpress\/plugins\/seo\/ -->\n<title>Les Bleus restent calmes face au virus. - LE PUBLIC<\/title>\n<meta name=\"robots\" content=\"index, follow, max-snippet:-1, max-image-preview:large, max-video-preview:-1\" \/>\n<link rel=\"canonical\" href=\"https:\/\/www.public.sn\/index.php\/2022\/12\/16\/les-bleus-restent-calmes-face-au-virus\/\" \/>\n<meta property=\"og:locale\" content=\"fr_FR\" \/>\n<meta property=\"og:type\" content=\"article\" \/>\n<meta property=\"og:title\" content=\"Les Bleus restent calmes face au virus. - LE PUBLIC\" \/>\n<meta property=\"og:description\" content=\"Depuis quelques jours un virus se propage chez les Bleus. Rabiot et Upamecano ont \u00e9t\u00e9 les premiers \u00e0 le contracter et ont m\u00eame loup\u00e9 le match face au Maroc. Ce vendredi, Varane, Konat\u00e9 et Coman ont manqu\u00e9 eux aussi l&rsquo;entra\u00eenement\u2026 de quoi s&rsquo;inqui\u00e9ter pour la bande \u00e0 Didier Deschamps ? Nous sommes \u00e0 deux jours de la grande finale de la Coupe du monde 2022. Elle opposera, ce dimanche \u00e0 16 heures, la France de Mbapp\u00e9 \u00e0 l&rsquo;Argentine de Messi. Malheureusement, Didier Deschamps doit de nouveau faire face \u00e0 des complications: depuis une semaine, un virus se r\u00e9pand chez les Bleus. Rabiot et Upamecano ont d\u00e9j\u00e0 loup\u00e9 la demi-finale de mercredi dernier contre le Maroc et, ce vendredi, Varane, Konat\u00e9 et Coman ont rat\u00e9 l&rsquo;entra\u00eenement. Dans ce contexte, l&rsquo;\u00e9quipe de France ne veut pas c\u00e9der \u00e0 la panique. \u00ab\u00a0Les docteurs mettent en place quelques zones sanitaires. On ne peut pas s&rsquo;inqui\u00e9ter sur \u00e7a. \u00c7a va aller mieux dans les jours \u00e0 venir\u00a0\u00bb, avait expliqu\u00e9 Kolo Muani. Ousmane Demb\u00e9l\u00e9 a lui aussi r\u00e9agi, ce vendredi, \u00e0 la pol\u00e9mique du virus. \u00ab\u00a0On n&rsquo;a pas peur du virus. Dayot et Adrien ont eu mal \u00e0 t\u00eate. Je leur ai fait un th\u00e9 gingembre-miel et \u00e7a allait mieux apr\u00e8s. J&rsquo;esp\u00e8re que \u00e7a ira bien pour la finale. Ils sont solides. Dayot \u00e9tait rest\u00e9 dans sa chambre le premier jour par pr\u00e9caution, mais par la suite il avait r\u00e9int\u00e9gr\u00e9 le groupe\u00a0\u00bb, a-t-il plaisant\u00e9. Alors que le sprint final de ce Mondial est lanc\u00e9, les Bleus assurent qu&rsquo;il n&rsquo;y a pas d&rsquo;inqui\u00e9tude \u00e0 avoir. Birahime Ndiaye\" \/>\n<meta property=\"og:url\" content=\"https:\/\/www.public.sn\/index.php\/2022\/12\/16\/les-bleus-restent-calmes-face-au-virus\/\" \/>\n<meta property=\"og:site_name\" content=\"LE PUBLIC\" \/>\n<meta property=\"article:published_time\" content=\"2022-12-16T17:57:53+00:00\" \/>\n<meta property=\"article:modified_time\" content=\"2022-12-16T17:58:13+00:00\" \/>\n<meta property=\"og:image\" content=\"https:\/\/www.public.sn\/wp-content\/uploads\/2022\/12\/WhatsApp-Image-2022-12-16-at-13.50.44.jpeg\" \/>\n\t<meta property=\"og:image:width\" content=\"1024\" \/>\n\t<meta property=\"og:image:height\" content=\"576\" \/>\n\t<meta property=\"og:image:type\" content=\"image\/jpeg\" \/>\n<meta name=\"author\" content=\"LA REDACTION\" \/>\n<meta name=\"twitter:card\" content=\"summary_large_image\" \/>\n<meta name=\"twitter:label1\" content=\"\u00c9crit par\" \/>\n\t<meta name=\"twitter:data1\" content=\"LA REDACTION\" \/>\n\t<meta name=\"twitter:label2\" content=\"Dur\u00e9e de lecture estim\u00e9e\" \/>\n\t<meta name=\"twitter:data2\" content=\"2 minutes\" \/>\n<script type=\"application\/ld+json\" class=\"yoast-schema-graph\">{\"@context\":\"https:\/\/schema.org\",\"@graph\":[{\"@type\":\"Article\",\"@id\":\"https:\/\/www.public.sn\/index.php\/2022\/12\/16\/les-bleus-restent-calmes-face-au-virus\/#article\",\"isPartOf\":{\"@id\":\"https:\/\/www.public.sn\/index.php\/2022\/12\/16\/les-bleus-restent-calmes-face-au-virus\/\"},\"author\":{\"name\":\"LA REDACTION\",\"@id\":\"https:\/\/www.public.sn\/#\/schema\/person\/cb76c8e1b8becc6be61fb5e92d6d0224\"},\"headline\":\"Les Bleus restent calmes face au virus.\",\"datePublished\":\"2022-12-16T17:57:53+00:00\",\"dateModified\":\"2022-12-16T17:58:13+00:00\",\"mainEntityOfPage\":{\"@id\":\"https:\/\/www.public.sn\/index.php\/2022\/12\/16\/les-bleus-restent-calmes-face-au-virus\/\"},\"wordCount\":272,\"commentCount\":0,\"publisher\":{\"@id\":\"https:\/\/www.public.sn\/#organization\"},\"image\":{\"@id\":\"https:\/\/www.public.sn\/index.php\/2022\/12\/16\/les-bleus-restent-calmes-face-au-virus\/#primaryimage\"},\"thumbnailUrl\":\"https:\/\/www.public.sn\/wp-content\/uploads\/2022\/12\/WhatsApp-Image-2022-12-16-at-13.50.44.jpeg\",\"keywords\":[\"Football\",\"France\",\"maladies\",\"Qatar 2022\",\"Sport\",\"virus\"],\"articleSection\":[\"AFRIQUE &amp; MONDE\",\"FOOTBALL\",\"internationale\",\"SPORTS\"],\"inLanguage\":\"fr-FR\",\"potentialAction\":[{\"@type\":\"CommentAction\",\"name\":\"Comment\",\"target\":[\"https:\/\/www.public.sn\/index.php\/2022\/12\/16\/les-bleus-restent-calmes-face-au-virus\/#respond\"]}]},{\"@type\":\"WebPage\",\"@id\":\"https:\/\/www.public.sn\/index.php\/2022\/12\/16\/les-bleus-restent-calmes-face-au-virus\/\",\"url\":\"https:\/\/www.public.sn\/index.php\/2022\/12\/16\/les-bleus-restent-calmes-face-au-virus\/\",\"name\":\"Les Bleus restent calmes face au virus. - LE PUBLIC\",\"isPartOf\":{\"@id\":\"https:\/\/www.public.sn\/#website\"},\"primaryImageOfPage\":{\"@id\":\"https:\/\/www.public.sn\/index.php\/2022\/12\/16\/les-bleus-restent-calmes-face-au-virus\/#primaryimage\"},\"image\":{\"@id\":\"https:\/\/www.public.sn\/index.php\/2022\/12\/16\/les-bleus-restent-calmes-face-au-virus\/#primaryimage\"},\"thumbnailUrl\":\"https:\/\/www.public.sn\/wp-content\/uploads\/2022\/12\/WhatsApp-Image-2022-12-16-at-13.50.44.jpeg\",\"datePublished\":\"2022-12-16T17:57:53+00:00\",\"dateModified\":\"2022-12-16T17:58:13+00:00\",\"breadcrumb\":{\"@id\":\"https:\/\/www.public.sn\/index.php\/2022\/12\/16\/les-bleus-restent-calmes-face-au-virus\/#breadcrumb\"},\"inLanguage\":\"fr-FR\",\"potentialAction\":[{\"@type\":\"ReadAction\",\"target\":[\"https:\/\/www.public.sn\/index.php\/2022\/12\/16\/les-bleus-restent-calmes-face-au-virus\/\"]}]},{\"@type\":\"ImageObject\",\"inLanguage\":\"fr-FR\",\"@id\":\"https:\/\/www.public.sn\/index.php\/2022\/12\/16\/les-bleus-restent-calmes-face-au-virus\/#primaryimage\",\"url\":\"https:\/\/www.public.sn\/wp-content\/uploads\/2022\/12\/WhatsApp-Image-2022-12-16-at-13.50.44.jpeg\",\"contentUrl\":\"https:\/\/www.public.sn\/wp-content\/uploads\/2022\/12\/WhatsApp-Image-2022-12-16-at-13.50.44.jpeg\",\"width\":1024,\"height\":576},{\"@type\":\"BreadcrumbList\",\"@id\":\"https:\/\/www.public.sn\/index.php\/2022\/12\/16\/les-bleus-restent-calmes-face-au-virus\/#breadcrumb\",\"itemListElement\":[{\"@type\":\"ListItem\",\"position\":1,\"name\":\"Accueil\",\"item\":\"https:\/\/www.public.sn\/\"},{\"@type\":\"ListItem\",\"position\":2,\"name\":\"Les Bleus restent calmes face au virus.\"}]},{\"@type\":\"WebSite\",\"@id\":\"https:\/\/www.public.sn\/#website\",\"url\":\"https:\/\/www.public.sn\/\",\"name\":\"LE PUBLIC\",\"description\":\"\",\"publisher\":{\"@id\":\"https:\/\/www.public.sn\/#organization\"},\"potentialAction\":[{\"@type\":\"SearchAction\",\"target\":{\"@type\":\"EntryPoint\",\"urlTemplate\":\"https:\/\/www.public.sn\/?s={search_term_string}\"},\"query-input\":{\"@type\":\"PropertyValueSpecification\",\"valueRequired\":true,\"valueName\":\"search_term_string\"}}],\"inLanguage\":\"fr-FR\"},{\"@type\":\"Organization\",\"@id\":\"https:\/\/www.public.sn\/#organization\",\"name\":\"LE PUBLIC\",\"url\":\"https:\/\/www.public.sn\/\",\"logo\":{\"@type\":\"ImageObject\",\"inLanguage\":\"fr-FR\",\"@id\":\"https:\/\/www.public.sn\/#\/schema\/logo\/image\/\",\"url\":\"https:\/\/www.public.sn\/wp-content\/uploads\/2024\/05\/cropped-LOGO-PUBLIC.SN_.png\",\"contentUrl\":\"https:\/\/www.public.sn\/wp-content\/uploads\/2024\/05\/cropped-LOGO-PUBLIC.SN_.png\",\"width\":682,\"height\":192,\"caption\":\"LE PUBLIC\"},\"image\":{\"@id\":\"https:\/\/www.public.sn\/#\/schema\/logo\/image\/\"}},{\"@type\":\"Person\",\"@id\":\"https:\/\/www.public.sn\/#\/schema\/person\/cb76c8e1b8becc6be61fb5e92d6d0224\",\"name\":\"LA REDACTION\",\"image\":{\"@type\":\"ImageObject\",\"inLanguage\":\"fr-FR\",\"@id\":\"https:\/\/www.public.sn\/#\/schema\/person\/image\/\",\"url\":\"https:\/\/secure.gravatar.com\/avatar\/2dce5ddd34b8fef0180efe03aa2a9bee7d953856048f9a16b298190a3178407c?s=96&d=mm&r=g\",\"contentUrl\":\"https:\/\/secure.gravatar.com\/avatar\/2dce5ddd34b8fef0180efe03aa2a9bee7d953856048f9a16b298190a3178407c?s=96&d=mm&r=g\",\"caption\":\"LA REDACTION\"},\"url\":\"https:\/\/www.public.sn\/index.php\/author\/editeurpsn\/\"}]}<\/script>\n<!-- \/ Yoast SEO plugin. -->","yoast_head_json":{"title":"Les Bleus restent calmes face au virus. - LE PUBLIC","robots":{"index":"index","follow":"follow","max-snippet":"max-snippet:-1","max-image-preview":"max-image-preview:large","max-video-preview":"max-video-preview:-1"},"canonical":"https:\/\/www.public.sn\/index.php\/2022\/12\/16\/les-bleus-restent-calmes-face-au-virus\/","og_locale":"fr_FR","og_type":"article","og_title":"Les Bleus restent calmes face au virus. - LE PUBLIC","og_description":"Depuis quelques jours un virus se propage chez les Bleus. Rabiot et Upamecano ont \u00e9t\u00e9 les premiers \u00e0 le contracter et ont m\u00eame loup\u00e9 le match face au Maroc. Ce vendredi, Varane, Konat\u00e9 et Coman ont manqu\u00e9 eux aussi l&rsquo;entra\u00eenement\u2026 de quoi s&rsquo;inqui\u00e9ter pour la bande \u00e0 Didier Deschamps ? Nous sommes \u00e0 deux jours de la grande finale de la Coupe du monde 2022. Elle opposera, ce dimanche \u00e0 16 heures, la France de Mbapp\u00e9 \u00e0 l&rsquo;Argentine de Messi. Malheureusement, Didier Deschamps doit de nouveau faire face \u00e0 des complications: depuis une semaine, un virus se r\u00e9pand chez les Bleus. Rabiot et Upamecano ont d\u00e9j\u00e0 loup\u00e9 la demi-finale de mercredi dernier contre le Maroc et, ce vendredi, Varane, Konat\u00e9 et Coman ont rat\u00e9 l&rsquo;entra\u00eenement. Dans ce contexte, l&rsquo;\u00e9quipe de France ne veut pas c\u00e9der \u00e0 la panique. \u00ab\u00a0Les docteurs mettent en place quelques zones sanitaires. On ne peut pas s&rsquo;inqui\u00e9ter sur \u00e7a. \u00c7a va aller mieux dans les jours \u00e0 venir\u00a0\u00bb, avait expliqu\u00e9 Kolo Muani. Ousmane Demb\u00e9l\u00e9 a lui aussi r\u00e9agi, ce vendredi, \u00e0 la pol\u00e9mique du virus. \u00ab\u00a0On n&rsquo;a pas peur du virus. Dayot et Adrien ont eu mal \u00e0 t\u00eate. Je leur ai fait un th\u00e9 gingembre-miel et \u00e7a allait mieux apr\u00e8s. J&rsquo;esp\u00e8re que \u00e7a ira bien pour la finale. Ils sont solides. Dayot \u00e9tait rest\u00e9 dans sa chambre le premier jour par pr\u00e9caution, mais par la suite il avait r\u00e9int\u00e9gr\u00e9 le groupe\u00a0\u00bb, a-t-il plaisant\u00e9. Alors que le sprint final de ce Mondial est lanc\u00e9, les Bleus assurent qu&rsquo;il n&rsquo;y a pas d&rsquo;inqui\u00e9tude \u00e0 avoir. Birahime Ndiaye","og_url":"https:\/\/www.public.sn\/index.php\/2022\/12\/16\/les-bleus-restent-calmes-face-au-virus\/","og_site_name":"LE PUBLIC","article_published_time":"2022-12-16T17:57:53+00:00","article_modified_time":"2022-12-16T17:58:13+00:00","og_image":[{"width":1024,"height":576,"url":"https:\/\/www.public.sn\/wp-content\/uploads\/2022\/12\/WhatsApp-Image-2022-12-16-at-13.50.44.jpeg","type":"image\/jpeg"}],"author":"LA REDACTION","twitter_card":"summary_large_image","twitter_misc":{"\u00c9crit par":"LA REDACTION","Dur\u00e9e de lecture estim\u00e9e":"2 minutes"},"schema":{"@context":"https:\/\/schema.org","@graph":[{"@type":"Article","@id":"https:\/\/www.public.sn\/index.php\/2022\/12\/16\/les-bleus-restent-calmes-face-au-virus\/#article","isPartOf":{"@id":"https:\/\/www.public.sn\/index.php\/2022\/12\/16\/les-bleus-restent-calmes-face-au-virus\/"},"author":{"name":"LA REDACTION","@id":"https:\/\/www.public.sn\/#\/schema\/person\/cb76c8e1b8becc6be61fb5e92d6d0224"},"headline":"Les Bleus restent calmes face au virus.","datePublished":"2022-12-16T17:57:53+00:00","dateModified":"2022-12-16T17:58:13+00:00","mainEntityOfPage":{"@id":"https:\/\/www.public.sn\/index.php\/2022\/12\/16\/les-bleus-restent-calmes-face-au-virus\/"},"wordCount":272,"commentCount":0,"publisher":{"@id":"https:\/\/www.public.sn\/#organization"},"image":{"@id":"https:\/\/www.public.sn\/index.php\/2022\/12\/16\/les-bleus-restent-calmes-face-au-virus\/#primaryimage"},"thumbnailUrl":"https:\/\/www.public.sn\/wp-content\/uploads\/2022\/12\/WhatsApp-Image-2022-12-16-at-13.50.44.jpeg","keywords":["Football","France","maladies","Qatar 2022","Sport","virus"],"articleSection":["AFRIQUE &amp; MONDE","FOOTBALL","internationale","SPORTS"],"inLanguage":"fr-FR","potentialAction":[{"@type":"CommentAction","name":"Comment","target":["https:\/\/www.public.sn\/index.php\/2022\/12\/16\/les-bleus-restent-calmes-face-au-virus\/#respond"]}]},{"@type":"WebPage","@id":"https:\/\/www.public.sn\/index.php\/2022\/12\/16\/les-bleus-restent-calmes-face-au-virus\/","url":"https:\/\/www.public.sn\/index.php\/2022\/12\/16\/les-bleus-restent-calmes-face-au-virus\/","name":"Les Bleus restent calmes face au virus. - LE PUBLIC","isPartOf":{"@id":"https:\/\/www.public.sn\/#website"},"primaryImageOfPage":{"@id":"https:\/\/www.public.sn\/index.php\/2022\/12\/16\/les-bleus-restent-calmes-face-au-virus\/#primaryimage"},"image":{"@id":"https:\/\/www.public.sn\/index.php\/2022\/12\/16\/les-bleus-restent-calmes-face-au-virus\/#primaryimage"},"thumbnailUrl":"https:\/\/www.public.sn\/wp-content\/uploads\/2022\/12\/WhatsApp-Image-2022-12-16-at-13.50.44.jpeg","datePublished":"2022-12-16T17:57:53+00:00","dateModified":"2022-12-16T17:58:13+00:00","breadcrumb":{"@id":"https:\/\/www.public.sn\/index.php\/2022\/12\/16\/les-bleus-restent-calmes-face-au-virus\/#breadcrumb"},"inLanguage":"fr-FR","potentialAction":[{"@type":"ReadAction","target":["https:\/\/www.public.sn\/index.php\/2022\/12\/16\/les-bleus-restent-calmes-face-au-virus\/"]}]},{"@type":"ImageObject","inLanguage":"fr-FR","@id":"https:\/\/www.public.sn\/index.php\/2022\/12\/16\/les-bleus-restent-calmes-face-au-virus\/#primaryimage","url":"https:\/\/www.public.sn\/wp-content\/uploads\/2022\/12\/WhatsApp-Image-2022-12-16-at-13.50.44.jpeg","contentUrl":"https:\/\/www.public.sn\/wp-content\/uploads\/2022\/12\/WhatsApp-Image-2022-12-16-at-13.50.44.jpeg","width":1024,"height":576},{"@type":"BreadcrumbList","@id":"https:\/\/www.public.sn\/index.php\/2022\/12\/16\/les-bleus-restent-calmes-face-au-virus\/#breadcrumb","itemListElement":[{"@type":"ListItem","position":1,"name":"Accueil","item":"https:\/\/www.public.sn\/"},{"@type":"ListItem","position":2,"name":"Les Bleus restent calmes face au virus."}]},{"@type":"WebSite","@id":"https:\/\/www.public.sn\/#website","url":"https:\/\/www.public.sn\/","name":"LE PUBLIC","description":"","publisher":{"@id":"https:\/\/www.public.sn\/#organization"},"potentialAction":[{"@type":"SearchAction","target":{"@type":"EntryPoint","urlTemplate":"https:\/\/www.public.sn\/?s={search_term_string}"},"query-input":{"@type":"PropertyValueSpecification","valueRequired":true,"valueName":"search_term_string"}}],"inLanguage":"fr-FR"},{"@type":"Organization","@id":"https:\/\/www.public.sn\/#organization","name":"LE PUBLIC","url":"https:\/\/www.public.sn\/","logo":{"@type":"ImageObject","inLanguage":"fr-FR","@id":"https:\/\/www.public.sn\/#\/schema\/logo\/image\/","url":"https:\/\/www.public.sn\/wp-content\/uploads\/2024\/05\/cropped-LOGO-PUBLIC.SN_.png","contentUrl":"https:\/\/www.public.sn\/wp-content\/uploads\/2024\/05\/cropped-LOGO-PUBLIC.SN_.png","width":682,"height":192,"caption":"LE PUBLIC"},"image":{"@id":"https:\/\/www.public.sn\/#\/schema\/logo\/image\/"}},{"@type":"Person","@id":"https:\/\/www.public.sn\/#\/schema\/person\/cb76c8e1b8becc6be61fb5e92d6d0224","name":"LA REDACTION","image":{"@type":"ImageObject","inLanguage":"fr-FR","@id":"https:\/\/www.public.sn\/#\/schema\/person\/image\/","url":"https:\/\/secure.gravatar.com\/avatar\/2dce5ddd34b8fef0180efe03aa2a9bee7d953856048f9a16b298190a3178407c?s=96&d=mm&r=g","contentUrl":"https:\/\/secure.gravatar.com\/avatar\/2dce5ddd34b8fef0180efe03aa2a9bee7d953856048f9a16b298190a3178407c?s=96&d=mm&r=g","caption":"LA REDACTION"},"url":"https:\/\/www.public.sn\/index.php\/author\/editeurpsn\/"}]}},"jetpack_featured_media_url":"https:\/\/www.public.sn\/wp-content\/uploads\/2022\/12\/WhatsApp-Image-2022-12-16-at-13.50.44.jpeg","jetpack_sharing_enabled":true,"_links":{"self":[{"href":"https:\/\/www.public.sn\/index.php\/wp-json\/wp\/v2\/posts\/11926","targetHints":{"allow":["GET"]}}],"collection":[{"href":"https:\/\/www.public.sn\/index.php\/wp-json\/wp\/v2\/posts"}],"about":[{"href":"https:\/\/www.public.sn\/index.php\/wp-json\/wp\/v2\/types\/post"}],"author":[{"embeddable":true,"href":"https:\/\/www.public.sn\/index.php\/wp-json\/wp\/v2\/users\/7"}],"replies":[{"embeddable":true,"href":"https:\/\/www.public.sn\/index.php\/wp-json\/wp\/v2\/comments?post=11926"}],"version-history":[{"count":1,"href":"https:\/\/www.public.sn\/index.php\/wp-json\/wp\/v2\/posts\/11926\/revisions"}],"predecessor-version":[{"id":11929,"href":"https:\/\/www.public.sn\/index.php\/wp-json\/wp\/v2\/posts\/11926\/revisions\/11929"}],"wp:featuredmedia":[{"embeddable":true,"href":"https:\/\/www.public.sn\/index.php\/wp-json\/wp\/v2\/media\/11882"}],"wp:attachment":[{"href":"https:\/\/www.public.sn\/index.php\/wp-json\/wp\/v2\/media?parent=11926"}],"wp:term":[{"taxonomy":"category","embeddable":true,"href":"https:\/\/www.public.sn\/index.php\/wp-json\/wp\/v2\/categories?post=11926"},{"taxonomy":"post_tag","embeddable":true,"href":"https:\/\/www.public.sn\/index.php\/wp-json\/wp\/v2\/tags?post=11926"}],"curies":[{"name":"wp","href":"https:\/\/api.w.org\/{rel}","templated":true}]}}