{"id":1194,"date":"2022-09-03T13:19:06","date_gmt":"2022-09-03T11:19:06","guid":{"rendered":"https:\/\/www.public.sn\/?p=1194"},"modified":"2022-09-03T13:19:07","modified_gmt":"2022-09-03T11:19:07","slug":"pluies-a-dakar-le-pont-de-lemergence-sous-les-eaux","status":"publish","type":"post","link":"https:\/\/www.public.sn\/index.php\/2022\/09\/03\/pluies-a-dakar-le-pont-de-lemergence-sous-les-eaux\/","title":{"rendered":"Pluies \u00e0 Dakar: Le pont de l\u2019\u00e9mergence sous les eaux."},"content":{"rendered":"\n<p>Les fortes pluies qui s\u2019abattent actuellement sur Dakar continue de faire ses d\u00e9g\u00e2ts. Au moment o\u00f9 ces lignes sont \u00e9crites le Pont de l\u2019\u00e9mergence est sous les eaux. Le bassin qui est \u00e0 c\u00f4t\u00e9 est plein et d\u00e9borde sur l\u2019autoroute.\u00a0<\/p><div class=\"publi-paragraphe1\" style=\"margin-top: 10px;margin-bottom: 10px;margin-left: auto;margin-right: auto;text-align: center;\" id=\"publi-1187847141\"><div class=\"publi-adlabel\">Publicit\u00e9<\/div><script async src=\"\/\/pagead2.googlesyndication.com\/pagead\/js\/adsbygoogle.js?client=ca-pub-4089586018074219\" crossorigin=\"anonymous\"><\/script><ins class=\"adsbygoogle\" style=\"display:block;\" data-ad-client=\"ca-pub-4089586018074219\" \ndata-ad-slot=\"2087940154\" \ndata-ad-format=\"auto\"><\/ins>\n<script> \n(adsbygoogle = window.adsbygoogle || []).push({}); \n<\/script>\n<\/div>\n\n\n\n<p>Ainsi, cela cr\u00e9e un embouteillage monstre sur cet axe allant de l\u2019h\u00f4pital Nabil Choucair jusqu\u2019au stade L\u00e9opold Sedar Senghor. Certains passagers n\u2019ayant pas de v\u00e9hicules au top subissent la loi des eaux.<\/p>\n\n\n\n<p>D\u2019\u00e9normes d\u00e9g\u00e2ts consid\u00e9rables pourraient si les pr\u00e9cipitations se poursuivent \u00e0 ce rythme.<\/p>\n<div class=\"publi-apres-le-contenu\" style=\"margin-top: 10px;margin-bottom: 10px;margin-left: auto;margin-right: auto;text-align: center;\" id=\"publi-1358370527\"><div class=\"publi-adlabel\">Publicit\u00e9<\/div><script async src=\"\/\/pagead2.googlesyndication.com\/pagead\/js\/adsbygoogle.js?client=ca-pub-4089586018074219\" crossorigin=\"anonymous\"><\/script><ins class=\"adsbygoogle\" style=\"display:block;\" data-ad-client=\"ca-pub-4089586018074219\" \ndata-ad-slot=\"2087940154\" \ndata-ad-format=\"auto\"><\/ins>\n<script> \n(adsbygoogle = window.adsbygoogle || []).push({}); \n<\/script>\n<\/div>","protected":false},"excerpt":{"rendered":"<p>Les fortes pluies qui s\u2019abattent actuellement sur Dakar continue de faire ses d\u00e9g\u00e2ts. Au moment o\u00f9 ces lignes sont \u00e9crites le Pont de l\u2019\u00e9mergence est sous les eaux. Le bassin qui est \u00e0 c\u00f4t\u00e9 est plein et d\u00e9borde sur l\u2019autoroute.\u00a0 Ainsi, cela cr\u00e9e un embouteillage monstre sur cet axe allant de l\u2019h\u00f4pital Nabil Choucair jusqu\u2019au stade L\u00e9opold Sedar Senghor. Certains passagers n\u2019ayant pas de v\u00e9hicules au top subissent la loi des eaux. D\u2019\u00e9normes d\u00e9g\u00e2ts consid\u00e9rables pourraient si les pr\u00e9cipitations se poursuivent \u00e0 ce rythme.<\/p>\n","protected":false},"author":1,"featured_media":1195,"comment_status":"open","ping_status":"open","sticky":false,"template":"","format":"standard","meta":{"_jetpack_memberships_contains_paid_content":false,"footnotes":""},"categories":[375,4],"tags":[75,478,92,477],"class_list":["post-1194","post","type-post","status-publish","format-standard","has-post-thumbnail","hentry","category-actualites","category-societe","tag-dakar","tag-embouteillages","tag-inondations","tag-pont-de-lemergence","entry","has-media","owp-thumbs-layout-horizontal","owp-btn-normal","owp-tabs-layout-horizontal","has-no-thumbnails","has-product-nav"],"yoast_head":"<!-- This site is optimized with the Yoast SEO plugin v25.5 - https:\/\/yoast.com\/wordpress\/plugins\/seo\/ -->\n<title>Pluies \u00e0 Dakar: Le pont de l\u2019\u00e9mergence sous les eaux. - LE PUBLIC<\/title>\n<meta name=\"robots\" content=\"index, follow, max-snippet:-1, max-image-preview:large, max-video-preview:-1\" \/>\n<link rel=\"canonical\" href=\"https:\/\/www.public.sn\/index.php\/2022\/09\/03\/pluies-a-dakar-le-pont-de-lemergence-sous-les-eaux\/\" \/>\n<meta property=\"og:locale\" content=\"fr_FR\" \/>\n<meta property=\"og:type\" content=\"article\" \/>\n<meta property=\"og:title\" content=\"Pluies \u00e0 Dakar: Le pont de l\u2019\u00e9mergence sous les eaux. - LE PUBLIC\" \/>\n<meta property=\"og:description\" content=\"Les fortes pluies qui s\u2019abattent actuellement sur Dakar continue de faire ses d\u00e9g\u00e2ts. Au moment o\u00f9 ces lignes sont \u00e9crites le Pont de l\u2019\u00e9mergence est sous les eaux. Le bassin qui est \u00e0 c\u00f4t\u00e9 est plein et d\u00e9borde sur l\u2019autoroute.\u00a0 Ainsi, cela cr\u00e9e un embouteillage monstre sur cet axe allant de l\u2019h\u00f4pital Nabil Choucair jusqu\u2019au stade L\u00e9opold Sedar Senghor. Certains passagers n\u2019ayant pas de v\u00e9hicules au top subissent la loi des eaux. D\u2019\u00e9normes d\u00e9g\u00e2ts consid\u00e9rables pourraient si les pr\u00e9cipitations se poursuivent \u00e0 ce rythme.\" \/>\n<meta property=\"og:url\" content=\"https:\/\/www.public.sn\/index.php\/2022\/09\/03\/pluies-a-dakar-le-pont-de-lemergence-sous-les-eaux\/\" \/>\n<meta property=\"og:site_name\" content=\"LE PUBLIC\" \/>\n<meta property=\"article:published_time\" content=\"2022-09-03T11:19:06+00:00\" \/>\n<meta property=\"article:modified_time\" content=\"2022-09-03T11:19:07+00:00\" \/>\n<meta property=\"og:image\" content=\"https:\/\/www.public.sn\/wp-content\/uploads\/2022\/09\/0870B083-F1EF-448F-A475-EB811042D55E.jpeg\" \/>\n\t<meta property=\"og:image:width\" content=\"1024\" \/>\n\t<meta property=\"og:image:height\" content=\"768\" \/>\n\t<meta property=\"og:image:type\" content=\"image\/jpeg\" \/>\n<meta name=\"author\" content=\"LA REDACTION\" \/>\n<meta name=\"twitter:card\" content=\"summary_large_image\" \/>\n<meta name=\"twitter:label1\" content=\"\u00c9crit par\" \/>\n\t<meta name=\"twitter:data1\" content=\"LA REDACTION\" \/>\n\t<meta name=\"twitter:label2\" content=\"Dur\u00e9e de lecture estim\u00e9e\" \/>\n\t<meta name=\"twitter:data2\" content=\"1 minute\" \/>\n<script type=\"application\/ld+json\" class=\"yoast-schema-graph\">{\"@context\":\"https:\/\/schema.org\",\"@graph\":[{\"@type\":\"Article\",\"@id\":\"https:\/\/www.public.sn\/index.php\/2022\/09\/03\/pluies-a-dakar-le-pont-de-lemergence-sous-les-eaux\/#article\",\"isPartOf\":{\"@id\":\"https:\/\/www.public.sn\/index.php\/2022\/09\/03\/pluies-a-dakar-le-pont-de-lemergence-sous-les-eaux\/\"},\"author\":{\"name\":\"LA REDACTION\",\"@id\":\"https:\/\/www.public.sn\/#\/schema\/person\/e3f4a11b037d4203902db148f9bc8d5a\"},\"headline\":\"Pluies \u00e0 Dakar: Le pont de l\u2019\u00e9mergence sous les eaux.\",\"datePublished\":\"2022-09-03T11:19:06+00:00\",\"dateModified\":\"2022-09-03T11:19:07+00:00\",\"mainEntityOfPage\":{\"@id\":\"https:\/\/www.public.sn\/index.php\/2022\/09\/03\/pluies-a-dakar-le-pont-de-lemergence-sous-les-eaux\/\"},\"wordCount\":111,\"commentCount\":0,\"publisher\":{\"@id\":\"https:\/\/www.public.sn\/#organization\"},\"image\":{\"@id\":\"https:\/\/www.public.sn\/index.php\/2022\/09\/03\/pluies-a-dakar-le-pont-de-lemergence-sous-les-eaux\/#primaryimage\"},\"thumbnailUrl\":\"https:\/\/www.public.sn\/wp-content\/uploads\/2022\/09\/0870B083-F1EF-448F-A475-EB811042D55E.jpeg\",\"keywords\":[\"Dakar\",\"Embouteillages\",\"Inondations\",\"Pont de l\u2019\u00e9mergence\"],\"articleSection\":[\"ACTUALIT\u00c9S\",\"SOCIETE\"],\"inLanguage\":\"fr-FR\",\"potentialAction\":[{\"@type\":\"CommentAction\",\"name\":\"Comment\",\"target\":[\"https:\/\/www.public.sn\/index.php\/2022\/09\/03\/pluies-a-dakar-le-pont-de-lemergence-sous-les-eaux\/#respond\"]}]},{\"@type\":\"WebPage\",\"@id\":\"https:\/\/www.public.sn\/index.php\/2022\/09\/03\/pluies-a-dakar-le-pont-de-lemergence-sous-les-eaux\/\",\"url\":\"https:\/\/www.public.sn\/index.php\/2022\/09\/03\/pluies-a-dakar-le-pont-de-lemergence-sous-les-eaux\/\",\"name\":\"Pluies \u00e0 Dakar: Le pont de l\u2019\u00e9mergence sous les eaux. - LE PUBLIC\",\"isPartOf\":{\"@id\":\"https:\/\/www.public.sn\/#website\"},\"primaryImageOfPage\":{\"@id\":\"https:\/\/www.public.sn\/index.php\/2022\/09\/03\/pluies-a-dakar-le-pont-de-lemergence-sous-les-eaux\/#primaryimage\"},\"image\":{\"@id\":\"https:\/\/www.public.sn\/index.php\/2022\/09\/03\/pluies-a-dakar-le-pont-de-lemergence-sous-les-eaux\/#primaryimage\"},\"thumbnailUrl\":\"https:\/\/www.public.sn\/wp-content\/uploads\/2022\/09\/0870B083-F1EF-448F-A475-EB811042D55E.jpeg\",\"datePublished\":\"2022-09-03T11:19:06+00:00\",\"dateModified\":\"2022-09-03T11:19:07+00:00\",\"breadcrumb\":{\"@id\":\"https:\/\/www.public.sn\/index.php\/2022\/09\/03\/pluies-a-dakar-le-pont-de-lemergence-sous-les-eaux\/#breadcrumb\"},\"inLanguage\":\"fr-FR\",\"potentialAction\":[{\"@type\":\"ReadAction\",\"target\":[\"https:\/\/www.public.sn\/index.php\/2022\/09\/03\/pluies-a-dakar-le-pont-de-lemergence-sous-les-eaux\/\"]}]},{\"@type\":\"ImageObject\",\"inLanguage\":\"fr-FR\",\"@id\":\"https:\/\/www.public.sn\/index.php\/2022\/09\/03\/pluies-a-dakar-le-pont-de-lemergence-sous-les-eaux\/#primaryimage\",\"url\":\"https:\/\/www.public.sn\/wp-content\/uploads\/2022\/09\/0870B083-F1EF-448F-A475-EB811042D55E.jpeg\",\"contentUrl\":\"https:\/\/www.public.sn\/wp-content\/uploads\/2022\/09\/0870B083-F1EF-448F-A475-EB811042D55E.jpeg\",\"width\":1024,\"height\":768},{\"@type\":\"BreadcrumbList\",\"@id\":\"https:\/\/www.public.sn\/index.php\/2022\/09\/03\/pluies-a-dakar-le-pont-de-lemergence-sous-les-eaux\/#breadcrumb\",\"itemListElement\":[{\"@type\":\"ListItem\",\"position\":1,\"name\":\"Accueil\",\"item\":\"https:\/\/www.public.sn\/\"},{\"@type\":\"ListItem\",\"position\":2,\"name\":\"Pluies \u00e0 Dakar: Le pont de l\u2019\u00e9mergence sous les eaux.\"}]},{\"@type\":\"WebSite\",\"@id\":\"https:\/\/www.public.sn\/#website\",\"url\":\"https:\/\/www.public.sn\/\",\"name\":\"LE PUBLIC\",\"description\":\"\",\"publisher\":{\"@id\":\"https:\/\/www.public.sn\/#organization\"},\"potentialAction\":[{\"@type\":\"SearchAction\",\"target\":{\"@type\":\"EntryPoint\",\"urlTemplate\":\"https:\/\/www.public.sn\/?s={search_term_string}\"},\"query-input\":{\"@type\":\"PropertyValueSpecification\",\"valueRequired\":true,\"valueName\":\"search_term_string\"}}],\"inLanguage\":\"fr-FR\"},{\"@type\":\"Organization\",\"@id\":\"https:\/\/www.public.sn\/#organization\",\"name\":\"LE PUBLIC\",\"url\":\"https:\/\/www.public.sn\/\",\"logo\":{\"@type\":\"ImageObject\",\"inLanguage\":\"fr-FR\",\"@id\":\"https:\/\/www.public.sn\/#\/schema\/logo\/image\/\",\"url\":\"https:\/\/www.public.sn\/wp-content\/uploads\/2024\/05\/cropped-LOGO-PUBLIC.SN_.png\",\"contentUrl\":\"https:\/\/www.public.sn\/wp-content\/uploads\/2024\/05\/cropped-LOGO-PUBLIC.SN_.png\",\"width\":682,\"height\":192,\"caption\":\"LE PUBLIC\"},\"image\":{\"@id\":\"https:\/\/www.public.sn\/#\/schema\/logo\/image\/\"}},{\"@type\":\"Person\",\"@id\":\"https:\/\/www.public.sn\/#\/schema\/person\/e3f4a11b037d4203902db148f9bc8d5a\",\"name\":\"LA REDACTION\",\"image\":{\"@type\":\"ImageObject\",\"inLanguage\":\"fr-FR\",\"@id\":\"https:\/\/www.public.sn\/#\/schema\/person\/image\/\",\"url\":\"https:\/\/secure.gravatar.com\/avatar\/d6c030db45db2883c075085c5d6c6258654a801a93766b49af0b82d4f454e2a5?s=96&d=mm&r=g\",\"contentUrl\":\"https:\/\/secure.gravatar.com\/avatar\/d6c030db45db2883c075085c5d6c6258654a801a93766b49af0b82d4f454e2a5?s=96&d=mm&r=g\",\"caption\":\"LA REDACTION\"},\"sameAs\":[\"http:\/\/www.public.sn\"],\"url\":\"https:\/\/www.public.sn\/index.php\/author\/admin7324\/\"}]}<\/script>\n<!-- \/ Yoast SEO plugin. -->","yoast_head_json":{"title":"Pluies \u00e0 Dakar: Le pont de l\u2019\u00e9mergence sous les eaux. - LE PUBLIC","robots":{"index":"index","follow":"follow","max-snippet":"max-snippet:-1","max-image-preview":"max-image-preview:large","max-video-preview":"max-video-preview:-1"},"canonical":"https:\/\/www.public.sn\/index.php\/2022\/09\/03\/pluies-a-dakar-le-pont-de-lemergence-sous-les-eaux\/","og_locale":"fr_FR","og_type":"article","og_title":"Pluies \u00e0 Dakar: Le pont de l\u2019\u00e9mergence sous les eaux. - LE PUBLIC","og_description":"Les fortes pluies qui s\u2019abattent actuellement sur Dakar continue de faire ses d\u00e9g\u00e2ts. Au moment o\u00f9 ces lignes sont \u00e9crites le Pont de l\u2019\u00e9mergence est sous les eaux. Le bassin qui est \u00e0 c\u00f4t\u00e9 est plein et d\u00e9borde sur l\u2019autoroute.\u00a0 Ainsi, cela cr\u00e9e un embouteillage monstre sur cet axe allant de l\u2019h\u00f4pital Nabil Choucair jusqu\u2019au stade L\u00e9opold Sedar Senghor. Certains passagers n\u2019ayant pas de v\u00e9hicules au top subissent la loi des eaux. D\u2019\u00e9normes d\u00e9g\u00e2ts consid\u00e9rables pourraient si les pr\u00e9cipitations se poursuivent \u00e0 ce rythme.","og_url":"https:\/\/www.public.sn\/index.php\/2022\/09\/03\/pluies-a-dakar-le-pont-de-lemergence-sous-les-eaux\/","og_site_name":"LE PUBLIC","article_published_time":"2022-09-03T11:19:06+00:00","article_modified_time":"2022-09-03T11:19:07+00:00","og_image":[{"width":1024,"height":768,"url":"https:\/\/www.public.sn\/wp-content\/uploads\/2022\/09\/0870B083-F1EF-448F-A475-EB811042D55E.jpeg","type":"image\/jpeg"}],"author":"LA REDACTION","twitter_card":"summary_large_image","twitter_misc":{"\u00c9crit par":"LA REDACTION","Dur\u00e9e de lecture estim\u00e9e":"1 minute"},"schema":{"@context":"https:\/\/schema.org","@graph":[{"@type":"Article","@id":"https:\/\/www.public.sn\/index.php\/2022\/09\/03\/pluies-a-dakar-le-pont-de-lemergence-sous-les-eaux\/#article","isPartOf":{"@id":"https:\/\/www.public.sn\/index.php\/2022\/09\/03\/pluies-a-dakar-le-pont-de-lemergence-sous-les-eaux\/"},"author":{"name":"LA REDACTION","@id":"https:\/\/www.public.sn\/#\/schema\/person\/e3f4a11b037d4203902db148f9bc8d5a"},"headline":"Pluies \u00e0 Dakar: Le pont de l\u2019\u00e9mergence sous les eaux.","datePublished":"2022-09-03T11:19:06+00:00","dateModified":"2022-09-03T11:19:07+00:00","mainEntityOfPage":{"@id":"https:\/\/www.public.sn\/index.php\/2022\/09\/03\/pluies-a-dakar-le-pont-de-lemergence-sous-les-eaux\/"},"wordCount":111,"commentCount":0,"publisher":{"@id":"https:\/\/www.public.sn\/#organization"},"image":{"@id":"https:\/\/www.public.sn\/index.php\/2022\/09\/03\/pluies-a-dakar-le-pont-de-lemergence-sous-les-eaux\/#primaryimage"},"thumbnailUrl":"https:\/\/www.public.sn\/wp-content\/uploads\/2022\/09\/0870B083-F1EF-448F-A475-EB811042D55E.jpeg","keywords":["Dakar","Embouteillages","Inondations","Pont de l\u2019\u00e9mergence"],"articleSection":["ACTUALIT\u00c9S","SOCIETE"],"inLanguage":"fr-FR","potentialAction":[{"@type":"CommentAction","name":"Comment","target":["https:\/\/www.public.sn\/index.php\/2022\/09\/03\/pluies-a-dakar-le-pont-de-lemergence-sous-les-eaux\/#respond"]}]},{"@type":"WebPage","@id":"https:\/\/www.public.sn\/index.php\/2022\/09\/03\/pluies-a-dakar-le-pont-de-lemergence-sous-les-eaux\/","url":"https:\/\/www.public.sn\/index.php\/2022\/09\/03\/pluies-a-dakar-le-pont-de-lemergence-sous-les-eaux\/","name":"Pluies \u00e0 Dakar: Le pont de l\u2019\u00e9mergence sous les eaux. - LE PUBLIC","isPartOf":{"@id":"https:\/\/www.public.sn\/#website"},"primaryImageOfPage":{"@id":"https:\/\/www.public.sn\/index.php\/2022\/09\/03\/pluies-a-dakar-le-pont-de-lemergence-sous-les-eaux\/#primaryimage"},"image":{"@id":"https:\/\/www.public.sn\/index.php\/2022\/09\/03\/pluies-a-dakar-le-pont-de-lemergence-sous-les-eaux\/#primaryimage"},"thumbnailUrl":"https:\/\/www.public.sn\/wp-content\/uploads\/2022\/09\/0870B083-F1EF-448F-A475-EB811042D55E.jpeg","datePublished":"2022-09-03T11:19:06+00:00","dateModified":"2022-09-03T11:19:07+00:00","breadcrumb":{"@id":"https:\/\/www.public.sn\/index.php\/2022\/09\/03\/pluies-a-dakar-le-pont-de-lemergence-sous-les-eaux\/#breadcrumb"},"inLanguage":"fr-FR","potentialAction":[{"@type":"ReadAction","target":["https:\/\/www.public.sn\/index.php\/2022\/09\/03\/pluies-a-dakar-le-pont-de-lemergence-sous-les-eaux\/"]}]},{"@type":"ImageObject","inLanguage":"fr-FR","@id":"https:\/\/www.public.sn\/index.php\/2022\/09\/03\/pluies-a-dakar-le-pont-de-lemergence-sous-les-eaux\/#primaryimage","url":"https:\/\/www.public.sn\/wp-content\/uploads\/2022\/09\/0870B083-F1EF-448F-A475-EB811042D55E.jpeg","contentUrl":"https:\/\/www.public.sn\/wp-content\/uploads\/2022\/09\/0870B083-F1EF-448F-A475-EB811042D55E.jpeg","width":1024,"height":768},{"@type":"BreadcrumbList","@id":"https:\/\/www.public.sn\/index.php\/2022\/09\/03\/pluies-a-dakar-le-pont-de-lemergence-sous-les-eaux\/#breadcrumb","itemListElement":[{"@type":"ListItem","position":1,"name":"Accueil","item":"https:\/\/www.public.sn\/"},{"@type":"ListItem","position":2,"name":"Pluies \u00e0 Dakar: Le pont de l\u2019\u00e9mergence sous les eaux."}]},{"@type":"WebSite","@id":"https:\/\/www.public.sn\/#website","url":"https:\/\/www.public.sn\/","name":"LE PUBLIC","description":"","publisher":{"@id":"https:\/\/www.public.sn\/#organization"},"potentialAction":[{"@type":"SearchAction","target":{"@type":"EntryPoint","urlTemplate":"https:\/\/www.public.sn\/?s={search_term_string}"},"query-input":{"@type":"PropertyValueSpecification","valueRequired":true,"valueName":"search_term_string"}}],"inLanguage":"fr-FR"},{"@type":"Organization","@id":"https:\/\/www.public.sn\/#organization","name":"LE PUBLIC","url":"https:\/\/www.public.sn\/","logo":{"@type":"ImageObject","inLanguage":"fr-FR","@id":"https:\/\/www.public.sn\/#\/schema\/logo\/image\/","url":"https:\/\/www.public.sn\/wp-content\/uploads\/2024\/05\/cropped-LOGO-PUBLIC.SN_.png","contentUrl":"https:\/\/www.public.sn\/wp-content\/uploads\/2024\/05\/cropped-LOGO-PUBLIC.SN_.png","width":682,"height":192,"caption":"LE PUBLIC"},"image":{"@id":"https:\/\/www.public.sn\/#\/schema\/logo\/image\/"}},{"@type":"Person","@id":"https:\/\/www.public.sn\/#\/schema\/person\/e3f4a11b037d4203902db148f9bc8d5a","name":"LA REDACTION","image":{"@type":"ImageObject","inLanguage":"fr-FR","@id":"https:\/\/www.public.sn\/#\/schema\/person\/image\/","url":"https:\/\/secure.gravatar.com\/avatar\/d6c030db45db2883c075085c5d6c6258654a801a93766b49af0b82d4f454e2a5?s=96&d=mm&r=g","contentUrl":"https:\/\/secure.gravatar.com\/avatar\/d6c030db45db2883c075085c5d6c6258654a801a93766b49af0b82d4f454e2a5?s=96&d=mm&r=g","caption":"LA REDACTION"},"sameAs":["http:\/\/www.public.sn"],"url":"https:\/\/www.public.sn\/index.php\/author\/admin7324\/"}]}},"jetpack_featured_media_url":"https:\/\/www.public.sn\/wp-content\/uploads\/2022\/09\/0870B083-F1EF-448F-A475-EB811042D55E.jpeg","jetpack_sharing_enabled":true,"_links":{"self":[{"href":"https:\/\/www.public.sn\/index.php\/wp-json\/wp\/v2\/posts\/1194","targetHints":{"allow":["GET"]}}],"collection":[{"href":"https:\/\/www.public.sn\/index.php\/wp-json\/wp\/v2\/posts"}],"about":[{"href":"https:\/\/www.public.sn\/index.php\/wp-json\/wp\/v2\/types\/post"}],"author":[{"embeddable":true,"href":"https:\/\/www.public.sn\/index.php\/wp-json\/wp\/v2\/users\/1"}],"replies":[{"embeddable":true,"href":"https:\/\/www.public.sn\/index.php\/wp-json\/wp\/v2\/comments?post=1194"}],"version-history":[{"count":1,"href":"https:\/\/www.public.sn\/index.php\/wp-json\/wp\/v2\/posts\/1194\/revisions"}],"predecessor-version":[{"id":1196,"href":"https:\/\/www.public.sn\/index.php\/wp-json\/wp\/v2\/posts\/1194\/revisions\/1196"}],"wp:featuredmedia":[{"embeddable":true,"href":"https:\/\/www.public.sn\/index.php\/wp-json\/wp\/v2\/media\/1195"}],"wp:attachment":[{"href":"https:\/\/www.public.sn\/index.php\/wp-json\/wp\/v2\/media?parent=1194"}],"wp:term":[{"taxonomy":"category","embeddable":true,"href":"https:\/\/www.public.sn\/index.php\/wp-json\/wp\/v2\/categories?post=1194"},{"taxonomy":"post_tag","embeddable":true,"href":"https:\/\/www.public.sn\/index.php\/wp-json\/wp\/v2\/tags?post=1194"}],"curies":[{"name":"wp","href":"https:\/\/api.w.org\/{rel}","templated":true}]}}