{"id":11971,"date":"2022-12-17T17:12:23","date_gmt":"2022-12-17T17:12:23","guid":{"rendered":"https:\/\/www.public.sn\/?p=11971"},"modified":"2022-12-17T17:20:04","modified_gmt":"2022-12-17T17:20:04","slug":"coupe-du-monde-2022-le-maroc-termine-4e","status":"publish","type":"post","link":"https:\/\/www.public.sn\/index.php\/2022\/12\/17\/coupe-du-monde-2022-le-maroc-termine-4e\/","title":{"rendered":"Mondial : la Croatie en bronze, le Maroc finit 4e"},"content":{"rendered":"\n<p>Sortis en demi-finales par la France et l\u2019Argentine, le Maroc et la Croatie s\u2019affrontaient dans la petite finale pour d\u00e9terminer qui terminerait troisi\u00e8me de cette Coupe du Monde 2022.<\/p><div class=\"publi-paragraphe1\" style=\"margin-top: 10px;margin-bottom: 10px;margin-left: auto;margin-right: auto;text-align: center;\" id=\"publi-3061197495\"><div class=\"publi-adlabel\">Publicit\u00e9<\/div><script async src=\"\/\/pagead2.googlesyndication.com\/pagead\/js\/adsbygoogle.js?client=ca-pub-4089586018074219\" crossorigin=\"anonymous\"><\/script><ins class=\"adsbygoogle\" style=\"display:block;\" data-ad-client=\"ca-pub-4089586018074219\" \ndata-ad-slot=\"2087940154\" \ndata-ad-format=\"auto\"><\/ins>\n<script> \n(adsbygoogle = window.adsbygoogle || []).push({}); \n<\/script>\n<\/div>\n\n\n\n<p>Dans cette rencontre entre deux nations surprenantes, ce sont les Croates qui l\u2019ont emport\u00e9 sur le score de 2-1. S\u2019il n\u2019a particip\u00e9 \u00e0 aucune rencontre,\u00a0Ivo Grbic\u00a0fait partie de ce parcours et de ce troisi\u00e8me podium de la Croatie lors des sept derni\u00e8res \u00e9ditions du Mondial. De son c\u00f4t\u00e9,\u00a0Sofiane Boufal, de nouveau titulaire, a marqu\u00e9 le tournoi de son empreinte, comme ses co\u00e9quipiers, pour r\u00e9aliser le meilleur classement d\u2019une nation africaine dans une Coupe du Monde.<\/p>\n<div class=\"publi-apres-le-contenu\" style=\"margin-top: 10px;margin-bottom: 10px;margin-left: auto;margin-right: auto;text-align: center;\" id=\"publi-2904455996\"><div class=\"publi-adlabel\">Publicit\u00e9<\/div><script async src=\"\/\/pagead2.googlesyndication.com\/pagead\/js\/adsbygoogle.js?client=ca-pub-4089586018074219\" crossorigin=\"anonymous\"><\/script><ins class=\"adsbygoogle\" style=\"display:block;\" data-ad-client=\"ca-pub-4089586018074219\" \ndata-ad-slot=\"2087940154\" \ndata-ad-format=\"auto\"><\/ins>\n<script> \n(adsbygoogle = window.adsbygoogle || []).push({}); \n<\/script>\n<\/div>","protected":false},"excerpt":{"rendered":"<p>Sortis en demi-finales par la France et l\u2019Argentine, le Maroc et la Croatie s\u2019affrontaient dans la petite finale pour d\u00e9terminer qui terminerait troisi\u00e8me de cette Coupe du Monde 2022. Dans cette rencontre entre deux nations surprenantes, ce sont les Croates qui l\u2019ont emport\u00e9 sur le score de 2-1. S\u2019il n\u2019a particip\u00e9 \u00e0 aucune rencontre,\u00a0Ivo Grbic\u00a0fait partie de ce parcours et de ce troisi\u00e8me podium de la Croatie lors des sept derni\u00e8res \u00e9ditions du Mondial. De son c\u00f4t\u00e9,\u00a0Sofiane Boufal, de nouveau titulaire, a marqu\u00e9 le tournoi de son empreinte, comme ses co\u00e9quipiers, pour r\u00e9aliser le meilleur classement d\u2019une nation africaine dans une Coupe du Monde.<\/p>\n","protected":false},"author":1,"featured_media":11972,"comment_status":"open","ping_status":"open","sticky":false,"template":"","format":"standard","meta":{"_jetpack_memberships_contains_paid_content":false,"footnotes":""},"categories":[375,7,372],"tags":[220],"class_list":["post-11971","post","type-post","status-publish","format-standard","has-post-thumbnail","hentry","category-actualites","category-sport","category-vedette","tag-mondial-2022","entry","has-media","owp-thumbs-layout-horizontal","owp-btn-normal","owp-tabs-layout-horizontal","has-no-thumbnails","has-product-nav"],"yoast_head":"<!-- This site is optimized with the Yoast SEO plugin v25.5 - https:\/\/yoast.com\/wordpress\/plugins\/seo\/ -->\n<title>Mondial : la Croatie en bronze, le Maroc finit 4e - LE PUBLIC<\/title>\n<meta name=\"robots\" content=\"index, follow, max-snippet:-1, max-image-preview:large, max-video-preview:-1\" \/>\n<link rel=\"canonical\" href=\"https:\/\/www.public.sn\/index.php\/2022\/12\/17\/coupe-du-monde-2022-le-maroc-termine-4e\/\" \/>\n<meta property=\"og:locale\" content=\"fr_FR\" \/>\n<meta property=\"og:type\" content=\"article\" \/>\n<meta property=\"og:title\" content=\"Mondial : la Croatie en bronze, le Maroc finit 4e - LE PUBLIC\" \/>\n<meta property=\"og:description\" content=\"Sortis en demi-finales par la France et l\u2019Argentine, le Maroc et la Croatie s\u2019affrontaient dans la petite finale pour d\u00e9terminer qui terminerait troisi\u00e8me de cette Coupe du Monde 2022. Dans cette rencontre entre deux nations surprenantes, ce sont les Croates qui l\u2019ont emport\u00e9 sur le score de 2-1. S\u2019il n\u2019a particip\u00e9 \u00e0 aucune rencontre,\u00a0Ivo Grbic\u00a0fait partie de ce parcours et de ce troisi\u00e8me podium de la Croatie lors des sept derni\u00e8res \u00e9ditions du Mondial. De son c\u00f4t\u00e9,\u00a0Sofiane Boufal, de nouveau titulaire, a marqu\u00e9 le tournoi de son empreinte, comme ses co\u00e9quipiers, pour r\u00e9aliser le meilleur classement d\u2019une nation africaine dans une Coupe du Monde.\" \/>\n<meta property=\"og:url\" content=\"https:\/\/www.public.sn\/index.php\/2022\/12\/17\/coupe-du-monde-2022-le-maroc-termine-4e\/\" \/>\n<meta property=\"og:site_name\" content=\"LE PUBLIC\" \/>\n<meta property=\"article:published_time\" content=\"2022-12-17T17:12:23+00:00\" \/>\n<meta property=\"article:modified_time\" content=\"2022-12-17T17:20:04+00:00\" \/>\n<meta property=\"og:image\" content=\"https:\/\/www.public.sn\/wp-content\/uploads\/2022\/12\/croatie.webp\" \/>\n\t<meta property=\"og:image:width\" content=\"1480\" \/>\n\t<meta property=\"og:image:height\" content=\"986\" \/>\n\t<meta property=\"og:image:type\" content=\"image\/webp\" \/>\n<meta name=\"author\" content=\"LA REDACTION\" \/>\n<meta name=\"twitter:card\" content=\"summary_large_image\" \/>\n<meta name=\"twitter:label1\" content=\"\u00c9crit par\" \/>\n\t<meta name=\"twitter:data1\" content=\"LA REDACTION\" \/>\n\t<meta name=\"twitter:label2\" content=\"Dur\u00e9e de lecture estim\u00e9e\" \/>\n\t<meta name=\"twitter:data2\" content=\"1 minute\" \/>\n<script type=\"application\/ld+json\" class=\"yoast-schema-graph\">{\"@context\":\"https:\/\/schema.org\",\"@graph\":[{\"@type\":\"Article\",\"@id\":\"https:\/\/www.public.sn\/index.php\/2022\/12\/17\/coupe-du-monde-2022-le-maroc-termine-4e\/#article\",\"isPartOf\":{\"@id\":\"https:\/\/www.public.sn\/index.php\/2022\/12\/17\/coupe-du-monde-2022-le-maroc-termine-4e\/\"},\"author\":{\"name\":\"LA REDACTION\",\"@id\":\"https:\/\/www.public.sn\/#\/schema\/person\/e3f4a11b037d4203902db148f9bc8d5a\"},\"headline\":\"Mondial : la Croatie en bronze, le Maroc finit 4e\",\"datePublished\":\"2022-12-17T17:12:23+00:00\",\"dateModified\":\"2022-12-17T17:20:04+00:00\",\"mainEntityOfPage\":{\"@id\":\"https:\/\/www.public.sn\/index.php\/2022\/12\/17\/coupe-du-monde-2022-le-maroc-termine-4e\/\"},\"wordCount\":127,\"commentCount\":0,\"publisher\":{\"@id\":\"https:\/\/www.public.sn\/#organization\"},\"image\":{\"@id\":\"https:\/\/www.public.sn\/index.php\/2022\/12\/17\/coupe-du-monde-2022-le-maroc-termine-4e\/#primaryimage\"},\"thumbnailUrl\":\"https:\/\/www.public.sn\/wp-content\/uploads\/2022\/12\/croatie.webp\",\"keywords\":[\"Mondial 2022\"],\"articleSection\":[\"ACTUALIT\u00c9S\",\"SPORTS\",\"VEDETTE\"],\"inLanguage\":\"fr-FR\",\"potentialAction\":[{\"@type\":\"CommentAction\",\"name\":\"Comment\",\"target\":[\"https:\/\/www.public.sn\/index.php\/2022\/12\/17\/coupe-du-monde-2022-le-maroc-termine-4e\/#respond\"]}]},{\"@type\":\"WebPage\",\"@id\":\"https:\/\/www.public.sn\/index.php\/2022\/12\/17\/coupe-du-monde-2022-le-maroc-termine-4e\/\",\"url\":\"https:\/\/www.public.sn\/index.php\/2022\/12\/17\/coupe-du-monde-2022-le-maroc-termine-4e\/\",\"name\":\"Mondial : la Croatie en bronze, le Maroc finit 4e - LE PUBLIC\",\"isPartOf\":{\"@id\":\"https:\/\/www.public.sn\/#website\"},\"primaryImageOfPage\":{\"@id\":\"https:\/\/www.public.sn\/index.php\/2022\/12\/17\/coupe-du-monde-2022-le-maroc-termine-4e\/#primaryimage\"},\"image\":{\"@id\":\"https:\/\/www.public.sn\/index.php\/2022\/12\/17\/coupe-du-monde-2022-le-maroc-termine-4e\/#primaryimage\"},\"thumbnailUrl\":\"https:\/\/www.public.sn\/wp-content\/uploads\/2022\/12\/croatie.webp\",\"datePublished\":\"2022-12-17T17:12:23+00:00\",\"dateModified\":\"2022-12-17T17:20:04+00:00\",\"breadcrumb\":{\"@id\":\"https:\/\/www.public.sn\/index.php\/2022\/12\/17\/coupe-du-monde-2022-le-maroc-termine-4e\/#breadcrumb\"},\"inLanguage\":\"fr-FR\",\"potentialAction\":[{\"@type\":\"ReadAction\",\"target\":[\"https:\/\/www.public.sn\/index.php\/2022\/12\/17\/coupe-du-monde-2022-le-maroc-termine-4e\/\"]}]},{\"@type\":\"ImageObject\",\"inLanguage\":\"fr-FR\",\"@id\":\"https:\/\/www.public.sn\/index.php\/2022\/12\/17\/coupe-du-monde-2022-le-maroc-termine-4e\/#primaryimage\",\"url\":\"https:\/\/www.public.sn\/wp-content\/uploads\/2022\/12\/croatie.webp\",\"contentUrl\":\"https:\/\/www.public.sn\/wp-content\/uploads\/2022\/12\/croatie.webp\",\"width\":1480,\"height\":986},{\"@type\":\"BreadcrumbList\",\"@id\":\"https:\/\/www.public.sn\/index.php\/2022\/12\/17\/coupe-du-monde-2022-le-maroc-termine-4e\/#breadcrumb\",\"itemListElement\":[{\"@type\":\"ListItem\",\"position\":1,\"name\":\"Accueil\",\"item\":\"https:\/\/www.public.sn\/\"},{\"@type\":\"ListItem\",\"position\":2,\"name\":\"Mondial : la Croatie en bronze, le Maroc finit 4e\"}]},{\"@type\":\"WebSite\",\"@id\":\"https:\/\/www.public.sn\/#website\",\"url\":\"https:\/\/www.public.sn\/\",\"name\":\"LE PUBLIC\",\"description\":\"\",\"publisher\":{\"@id\":\"https:\/\/www.public.sn\/#organization\"},\"potentialAction\":[{\"@type\":\"SearchAction\",\"target\":{\"@type\":\"EntryPoint\",\"urlTemplate\":\"https:\/\/www.public.sn\/?s={search_term_string}\"},\"query-input\":{\"@type\":\"PropertyValueSpecification\",\"valueRequired\":true,\"valueName\":\"search_term_string\"}}],\"inLanguage\":\"fr-FR\"},{\"@type\":\"Organization\",\"@id\":\"https:\/\/www.public.sn\/#organization\",\"name\":\"LE PUBLIC\",\"url\":\"https:\/\/www.public.sn\/\",\"logo\":{\"@type\":\"ImageObject\",\"inLanguage\":\"fr-FR\",\"@id\":\"https:\/\/www.public.sn\/#\/schema\/logo\/image\/\",\"url\":\"https:\/\/www.public.sn\/wp-content\/uploads\/2024\/05\/cropped-LOGO-PUBLIC.SN_.png\",\"contentUrl\":\"https:\/\/www.public.sn\/wp-content\/uploads\/2024\/05\/cropped-LOGO-PUBLIC.SN_.png\",\"width\":682,\"height\":192,\"caption\":\"LE PUBLIC\"},\"image\":{\"@id\":\"https:\/\/www.public.sn\/#\/schema\/logo\/image\/\"}},{\"@type\":\"Person\",\"@id\":\"https:\/\/www.public.sn\/#\/schema\/person\/e3f4a11b037d4203902db148f9bc8d5a\",\"name\":\"LA REDACTION\",\"image\":{\"@type\":\"ImageObject\",\"inLanguage\":\"fr-FR\",\"@id\":\"https:\/\/www.public.sn\/#\/schema\/person\/image\/\",\"url\":\"https:\/\/secure.gravatar.com\/avatar\/d6c030db45db2883c075085c5d6c6258654a801a93766b49af0b82d4f454e2a5?s=96&d=mm&r=g\",\"contentUrl\":\"https:\/\/secure.gravatar.com\/avatar\/d6c030db45db2883c075085c5d6c6258654a801a93766b49af0b82d4f454e2a5?s=96&d=mm&r=g\",\"caption\":\"LA REDACTION\"},\"sameAs\":[\"http:\/\/www.public.sn\"],\"url\":\"https:\/\/www.public.sn\/index.php\/author\/admin7324\/\"}]}<\/script>\n<!-- \/ Yoast SEO plugin. -->","yoast_head_json":{"title":"Mondial : la Croatie en bronze, le Maroc finit 4e - LE PUBLIC","robots":{"index":"index","follow":"follow","max-snippet":"max-snippet:-1","max-image-preview":"max-image-preview:large","max-video-preview":"max-video-preview:-1"},"canonical":"https:\/\/www.public.sn\/index.php\/2022\/12\/17\/coupe-du-monde-2022-le-maroc-termine-4e\/","og_locale":"fr_FR","og_type":"article","og_title":"Mondial : la Croatie en bronze, le Maroc finit 4e - LE PUBLIC","og_description":"Sortis en demi-finales par la France et l\u2019Argentine, le Maroc et la Croatie s\u2019affrontaient dans la petite finale pour d\u00e9terminer qui terminerait troisi\u00e8me de cette Coupe du Monde 2022. Dans cette rencontre entre deux nations surprenantes, ce sont les Croates qui l\u2019ont emport\u00e9 sur le score de 2-1. S\u2019il n\u2019a particip\u00e9 \u00e0 aucune rencontre,\u00a0Ivo Grbic\u00a0fait partie de ce parcours et de ce troisi\u00e8me podium de la Croatie lors des sept derni\u00e8res \u00e9ditions du Mondial. De son c\u00f4t\u00e9,\u00a0Sofiane Boufal, de nouveau titulaire, a marqu\u00e9 le tournoi de son empreinte, comme ses co\u00e9quipiers, pour r\u00e9aliser le meilleur classement d\u2019une nation africaine dans une Coupe du Monde.","og_url":"https:\/\/www.public.sn\/index.php\/2022\/12\/17\/coupe-du-monde-2022-le-maroc-termine-4e\/","og_site_name":"LE PUBLIC","article_published_time":"2022-12-17T17:12:23+00:00","article_modified_time":"2022-12-17T17:20:04+00:00","og_image":[{"width":1480,"height":986,"url":"https:\/\/www.public.sn\/wp-content\/uploads\/2022\/12\/croatie.webp","type":"image\/webp"}],"author":"LA REDACTION","twitter_card":"summary_large_image","twitter_misc":{"\u00c9crit par":"LA REDACTION","Dur\u00e9e de lecture estim\u00e9e":"1 minute"},"schema":{"@context":"https:\/\/schema.org","@graph":[{"@type":"Article","@id":"https:\/\/www.public.sn\/index.php\/2022\/12\/17\/coupe-du-monde-2022-le-maroc-termine-4e\/#article","isPartOf":{"@id":"https:\/\/www.public.sn\/index.php\/2022\/12\/17\/coupe-du-monde-2022-le-maroc-termine-4e\/"},"author":{"name":"LA REDACTION","@id":"https:\/\/www.public.sn\/#\/schema\/person\/e3f4a11b037d4203902db148f9bc8d5a"},"headline":"Mondial : la Croatie en bronze, le Maroc finit 4e","datePublished":"2022-12-17T17:12:23+00:00","dateModified":"2022-12-17T17:20:04+00:00","mainEntityOfPage":{"@id":"https:\/\/www.public.sn\/index.php\/2022\/12\/17\/coupe-du-monde-2022-le-maroc-termine-4e\/"},"wordCount":127,"commentCount":0,"publisher":{"@id":"https:\/\/www.public.sn\/#organization"},"image":{"@id":"https:\/\/www.public.sn\/index.php\/2022\/12\/17\/coupe-du-monde-2022-le-maroc-termine-4e\/#primaryimage"},"thumbnailUrl":"https:\/\/www.public.sn\/wp-content\/uploads\/2022\/12\/croatie.webp","keywords":["Mondial 2022"],"articleSection":["ACTUALIT\u00c9S","SPORTS","VEDETTE"],"inLanguage":"fr-FR","potentialAction":[{"@type":"CommentAction","name":"Comment","target":["https:\/\/www.public.sn\/index.php\/2022\/12\/17\/coupe-du-monde-2022-le-maroc-termine-4e\/#respond"]}]},{"@type":"WebPage","@id":"https:\/\/www.public.sn\/index.php\/2022\/12\/17\/coupe-du-monde-2022-le-maroc-termine-4e\/","url":"https:\/\/www.public.sn\/index.php\/2022\/12\/17\/coupe-du-monde-2022-le-maroc-termine-4e\/","name":"Mondial : la Croatie en bronze, le Maroc finit 4e - LE PUBLIC","isPartOf":{"@id":"https:\/\/www.public.sn\/#website"},"primaryImageOfPage":{"@id":"https:\/\/www.public.sn\/index.php\/2022\/12\/17\/coupe-du-monde-2022-le-maroc-termine-4e\/#primaryimage"},"image":{"@id":"https:\/\/www.public.sn\/index.php\/2022\/12\/17\/coupe-du-monde-2022-le-maroc-termine-4e\/#primaryimage"},"thumbnailUrl":"https:\/\/www.public.sn\/wp-content\/uploads\/2022\/12\/croatie.webp","datePublished":"2022-12-17T17:12:23+00:00","dateModified":"2022-12-17T17:20:04+00:00","breadcrumb":{"@id":"https:\/\/www.public.sn\/index.php\/2022\/12\/17\/coupe-du-monde-2022-le-maroc-termine-4e\/#breadcrumb"},"inLanguage":"fr-FR","potentialAction":[{"@type":"ReadAction","target":["https:\/\/www.public.sn\/index.php\/2022\/12\/17\/coupe-du-monde-2022-le-maroc-termine-4e\/"]}]},{"@type":"ImageObject","inLanguage":"fr-FR","@id":"https:\/\/www.public.sn\/index.php\/2022\/12\/17\/coupe-du-monde-2022-le-maroc-termine-4e\/#primaryimage","url":"https:\/\/www.public.sn\/wp-content\/uploads\/2022\/12\/croatie.webp","contentUrl":"https:\/\/www.public.sn\/wp-content\/uploads\/2022\/12\/croatie.webp","width":1480,"height":986},{"@type":"BreadcrumbList","@id":"https:\/\/www.public.sn\/index.php\/2022\/12\/17\/coupe-du-monde-2022-le-maroc-termine-4e\/#breadcrumb","itemListElement":[{"@type":"ListItem","position":1,"name":"Accueil","item":"https:\/\/www.public.sn\/"},{"@type":"ListItem","position":2,"name":"Mondial : la Croatie en bronze, le Maroc finit 4e"}]},{"@type":"WebSite","@id":"https:\/\/www.public.sn\/#website","url":"https:\/\/www.public.sn\/","name":"LE PUBLIC","description":"","publisher":{"@id":"https:\/\/www.public.sn\/#organization"},"potentialAction":[{"@type":"SearchAction","target":{"@type":"EntryPoint","urlTemplate":"https:\/\/www.public.sn\/?s={search_term_string}"},"query-input":{"@type":"PropertyValueSpecification","valueRequired":true,"valueName":"search_term_string"}}],"inLanguage":"fr-FR"},{"@type":"Organization","@id":"https:\/\/www.public.sn\/#organization","name":"LE PUBLIC","url":"https:\/\/www.public.sn\/","logo":{"@type":"ImageObject","inLanguage":"fr-FR","@id":"https:\/\/www.public.sn\/#\/schema\/logo\/image\/","url":"https:\/\/www.public.sn\/wp-content\/uploads\/2024\/05\/cropped-LOGO-PUBLIC.SN_.png","contentUrl":"https:\/\/www.public.sn\/wp-content\/uploads\/2024\/05\/cropped-LOGO-PUBLIC.SN_.png","width":682,"height":192,"caption":"LE PUBLIC"},"image":{"@id":"https:\/\/www.public.sn\/#\/schema\/logo\/image\/"}},{"@type":"Person","@id":"https:\/\/www.public.sn\/#\/schema\/person\/e3f4a11b037d4203902db148f9bc8d5a","name":"LA REDACTION","image":{"@type":"ImageObject","inLanguage":"fr-FR","@id":"https:\/\/www.public.sn\/#\/schema\/person\/image\/","url":"https:\/\/secure.gravatar.com\/avatar\/d6c030db45db2883c075085c5d6c6258654a801a93766b49af0b82d4f454e2a5?s=96&d=mm&r=g","contentUrl":"https:\/\/secure.gravatar.com\/avatar\/d6c030db45db2883c075085c5d6c6258654a801a93766b49af0b82d4f454e2a5?s=96&d=mm&r=g","caption":"LA REDACTION"},"sameAs":["http:\/\/www.public.sn"],"url":"https:\/\/www.public.sn\/index.php\/author\/admin7324\/"}]}},"jetpack_featured_media_url":"https:\/\/www.public.sn\/wp-content\/uploads\/2022\/12\/croatie.webp","jetpack_sharing_enabled":true,"_links":{"self":[{"href":"https:\/\/www.public.sn\/index.php\/wp-json\/wp\/v2\/posts\/11971","targetHints":{"allow":["GET"]}}],"collection":[{"href":"https:\/\/www.public.sn\/index.php\/wp-json\/wp\/v2\/posts"}],"about":[{"href":"https:\/\/www.public.sn\/index.php\/wp-json\/wp\/v2\/types\/post"}],"author":[{"embeddable":true,"href":"https:\/\/www.public.sn\/index.php\/wp-json\/wp\/v2\/users\/1"}],"replies":[{"embeddable":true,"href":"https:\/\/www.public.sn\/index.php\/wp-json\/wp\/v2\/comments?post=11971"}],"version-history":[{"count":3,"href":"https:\/\/www.public.sn\/index.php\/wp-json\/wp\/v2\/posts\/11971\/revisions"}],"predecessor-version":[{"id":11975,"href":"https:\/\/www.public.sn\/index.php\/wp-json\/wp\/v2\/posts\/11971\/revisions\/11975"}],"wp:featuredmedia":[{"embeddable":true,"href":"https:\/\/www.public.sn\/index.php\/wp-json\/wp\/v2\/media\/11972"}],"wp:attachment":[{"href":"https:\/\/www.public.sn\/index.php\/wp-json\/wp\/v2\/media?parent=11971"}],"wp:term":[{"taxonomy":"category","embeddable":true,"href":"https:\/\/www.public.sn\/index.php\/wp-json\/wp\/v2\/categories?post=11971"},{"taxonomy":"post_tag","embeddable":true,"href":"https:\/\/www.public.sn\/index.php\/wp-json\/wp\/v2\/tags?post=11971"}],"curies":[{"name":"wp","href":"https:\/\/api.w.org\/{rel}","templated":true}]}}