{"id":11981,"date":"2022-12-18T09:21:26","date_gmt":"2022-12-18T09:21:26","guid":{"rendered":"https:\/\/www.public.sn\/?p=11981"},"modified":"2022-12-18T09:21:28","modified_gmt":"2022-12-18T09:21:28","slug":"le-sames-a-un-nouveau-patron","status":"publish","type":"post","link":"https:\/\/www.public.sn\/index.php\/2022\/12\/18\/le-sames-a-un-nouveau-patron\/","title":{"rendered":"Le SAMES a un nouveau patron"},"content":{"rendered":"\n<p>Dr Mamadou Demba Ndour est le nouveau SG Secr\u00e9taire G\u00e9n\u00e9ral National du Syndicat Autonome des M\u00e9decins, Pharmaciens et Chirurgiens-dentistes du S\u00e9n\u00e9gal (SAMES). Il a \u00e9t\u00e9 \u00e9lu ce samedi 17 d\u00e9cembre 2022.<\/p><div class=\"publi-paragraphe1\" style=\"margin-top: 10px;margin-bottom: 10px;margin-left: auto;margin-right: auto;text-align: center;\" id=\"publi-1751824780\"><div class=\"publi-adlabel\">Publicit\u00e9<\/div><script async src=\"\/\/pagead2.googlesyndication.com\/pagead\/js\/adsbygoogle.js?client=ca-pub-4089586018074219\" crossorigin=\"anonymous\"><\/script><ins class=\"adsbygoogle\" style=\"display:block;\" data-ad-client=\"ca-pub-4089586018074219\" \ndata-ad-slot=\"2087940154\" \ndata-ad-format=\"auto\"><\/ins>\n<script> \n(adsbygoogle = window.adsbygoogle || []).push({}); \n<\/script>\n<\/div>\n\n\n\n<p>Le docteur Mamadou Demba Ndour remplace ainsi le Dr Amadou Yeri Camara. Le congr\u00e8s de renouvellement des instances s\u2019est tenu ce samedi \u00e0 Dakar. Lors des votes, le tout nouveau patron du Sames a obtenu 254 voix quand son principal concurrent le docteur Ly n\u2019a r\u00e9colt\u00e9 que 63 voix.<\/p>\n\n\n\n<p>Dr Mamadou Demba Ndour est gyn\u00e9cologue obst\u00e9tricien. Il est membre de l\u2019association s\u00e9n\u00e9galais de la gyn\u00e9cologie Obst\u00e9trique (Asgo)<\/p>\n\n\n\n<p>L\u2019homme est Chef de service de gyn\u00e9cologie et obst\u00e9trique de l\u2019h\u00f4pital r\u00e9gional de Matam. Le docteur Ndour a l\u2019habitude des m\u00eal\u00e9es syndicalistes et est prompt \u00e0 monter au front.<\/p>\n\n\n\n<p> Comme pour l\u2019affaire de l\u2019h\u00f4pital de K\u00e9dougou pendant laquelle il a apport\u00e9 son soutien au docteur L\u00e9once Faye mis en cause pour un accouchement qui aurait mal tourn\u00e9. <\/p>\n\n\n\n<p>Un bras de fer a aussi oppos\u00e9 le Chef de service, qu\u2019il est, au directeur de l\u2019h\u00f4pital pour une lettre ouverte qu\u2019il aurait \u00e9crit au Chef de l\u2019Etat sur sa page Facebook pendant la visite \u00e9conomique de Macky Sall dans la r\u00e9gion de Matam.<\/p>\n<div class=\"publi-apres-le-contenu\" style=\"margin-top: 10px;margin-bottom: 10px;margin-left: auto;margin-right: auto;text-align: center;\" id=\"publi-53769786\"><div class=\"publi-adlabel\">Publicit\u00e9<\/div><script async src=\"\/\/pagead2.googlesyndication.com\/pagead\/js\/adsbygoogle.js?client=ca-pub-4089586018074219\" crossorigin=\"anonymous\"><\/script><ins class=\"adsbygoogle\" style=\"display:block;\" data-ad-client=\"ca-pub-4089586018074219\" \ndata-ad-slot=\"2087940154\" \ndata-ad-format=\"auto\"><\/ins>\n<script> \n(adsbygoogle = window.adsbygoogle || []).push({}); \n<\/script>\n<\/div>","protected":false},"excerpt":{"rendered":"<p>Dr Mamadou Demba Ndour est le nouveau SG Secr\u00e9taire G\u00e9n\u00e9ral National du Syndicat Autonome des M\u00e9decins, Pharmaciens et Chirurgiens-dentistes du S\u00e9n\u00e9gal (SAMES). Il a \u00e9t\u00e9 \u00e9lu ce samedi 17 d\u00e9cembre 2022. Le docteur Mamadou Demba Ndour remplace ainsi le Dr Amadou Yeri Camara. Le congr\u00e8s de renouvellement des instances s\u2019est tenu ce samedi \u00e0 Dakar. Lors des votes, le tout nouveau patron du Sames a obtenu 254 voix quand son principal concurrent le docteur Ly n\u2019a r\u00e9colt\u00e9 que 63 voix. Dr Mamadou Demba Ndour est gyn\u00e9cologue obst\u00e9tricien. Il est membre de l\u2019association s\u00e9n\u00e9galais de la gyn\u00e9cologie Obst\u00e9trique (Asgo) L\u2019homme est Chef de service de gyn\u00e9cologie et obst\u00e9trique de l\u2019h\u00f4pital r\u00e9gional de Matam. Le docteur Ndour a l\u2019habitude des m\u00eal\u00e9es syndicalistes et est prompt \u00e0 monter au front. Comme pour l\u2019affaire de l\u2019h\u00f4pital de K\u00e9dougou pendant laquelle il a apport\u00e9 son soutien au docteur L\u00e9once Faye mis en cause pour un accouchement qui aurait mal tourn\u00e9. Un bras de fer a aussi oppos\u00e9 le Chef de service, qu\u2019il est, au directeur de l\u2019h\u00f4pital pour une lettre ouverte qu\u2019il aurait \u00e9crit au Chef de l\u2019Etat sur sa page Facebook pendant la visite \u00e9conomique de Macky Sall dans la r\u00e9gion de Matam.<\/p>\n","protected":false},"author":1,"featured_media":11982,"comment_status":"open","ping_status":"open","sticky":false,"template":"","format":"standard","meta":{"_jetpack_memberships_contains_paid_content":false,"footnotes":""},"categories":[375,4],"tags":[3848,693],"class_list":["post-11981","post","type-post","status-publish","format-standard","has-post-thumbnail","hentry","category-actualites","category-societe","tag-dr-mamadou-demba-ndour","tag-sames","entry","has-media","owp-thumbs-layout-horizontal","owp-btn-normal","owp-tabs-layout-horizontal","has-no-thumbnails","has-product-nav"],"yoast_head":"<!-- This site is optimized with the Yoast SEO plugin v25.5 - https:\/\/yoast.com\/wordpress\/plugins\/seo\/ -->\n<title>Le SAMES a un nouveau patron - LE PUBLIC<\/title>\n<meta name=\"robots\" content=\"index, follow, max-snippet:-1, max-image-preview:large, max-video-preview:-1\" \/>\n<link rel=\"canonical\" href=\"https:\/\/www.public.sn\/index.php\/2022\/12\/18\/le-sames-a-un-nouveau-patron\/\" \/>\n<meta property=\"og:locale\" content=\"fr_FR\" \/>\n<meta property=\"og:type\" content=\"article\" \/>\n<meta property=\"og:title\" content=\"Le SAMES a un nouveau patron - LE PUBLIC\" \/>\n<meta property=\"og:description\" content=\"Dr Mamadou Demba Ndour est le nouveau SG Secr\u00e9taire G\u00e9n\u00e9ral National du Syndicat Autonome des M\u00e9decins, Pharmaciens et Chirurgiens-dentistes du S\u00e9n\u00e9gal (SAMES). Il a \u00e9t\u00e9 \u00e9lu ce samedi 17 d\u00e9cembre 2022. Le docteur Mamadou Demba Ndour remplace ainsi le Dr Amadou Yeri Camara. Le congr\u00e8s de renouvellement des instances s\u2019est tenu ce samedi \u00e0 Dakar. Lors des votes, le tout nouveau patron du Sames a obtenu 254 voix quand son principal concurrent le docteur Ly n\u2019a r\u00e9colt\u00e9 que 63 voix. Dr Mamadou Demba Ndour est gyn\u00e9cologue obst\u00e9tricien. Il est membre de l\u2019association s\u00e9n\u00e9galais de la gyn\u00e9cologie Obst\u00e9trique (Asgo) L\u2019homme est Chef de service de gyn\u00e9cologie et obst\u00e9trique de l\u2019h\u00f4pital r\u00e9gional de Matam. Le docteur Ndour a l\u2019habitude des m\u00eal\u00e9es syndicalistes et est prompt \u00e0 monter au front. Comme pour l\u2019affaire de l\u2019h\u00f4pital de K\u00e9dougou pendant laquelle il a apport\u00e9 son soutien au docteur L\u00e9once Faye mis en cause pour un accouchement qui aurait mal tourn\u00e9. Un bras de fer a aussi oppos\u00e9 le Chef de service, qu\u2019il est, au directeur de l\u2019h\u00f4pital pour une lettre ouverte qu\u2019il aurait \u00e9crit au Chef de l\u2019Etat sur sa page Facebook pendant la visite \u00e9conomique de Macky Sall dans la r\u00e9gion de Matam.\" \/>\n<meta property=\"og:url\" content=\"https:\/\/www.public.sn\/index.php\/2022\/12\/18\/le-sames-a-un-nouveau-patron\/\" \/>\n<meta property=\"og:site_name\" content=\"LE PUBLIC\" \/>\n<meta property=\"article:published_time\" content=\"2022-12-18T09:21:26+00:00\" \/>\n<meta property=\"article:modified_time\" content=\"2022-12-18T09:21:28+00:00\" \/>\n<meta property=\"og:image\" content=\"https:\/\/www.public.sn\/wp-content\/uploads\/2022\/12\/sames.png\" \/>\n\t<meta property=\"og:image:width\" content=\"644\" \/>\n\t<meta property=\"og:image:height\" content=\"468\" \/>\n\t<meta property=\"og:image:type\" content=\"image\/png\" \/>\n<meta name=\"author\" content=\"LA REDACTION\" \/>\n<meta name=\"twitter:card\" content=\"summary_large_image\" \/>\n<meta name=\"twitter:label1\" content=\"\u00c9crit par\" \/>\n\t<meta name=\"twitter:data1\" content=\"LA REDACTION\" \/>\n\t<meta name=\"twitter:label2\" content=\"Dur\u00e9e de lecture estim\u00e9e\" \/>\n\t<meta name=\"twitter:data2\" content=\"2 minutes\" \/>\n<script type=\"application\/ld+json\" class=\"yoast-schema-graph\">{\"@context\":\"https:\/\/schema.org\",\"@graph\":[{\"@type\":\"Article\",\"@id\":\"https:\/\/www.public.sn\/index.php\/2022\/12\/18\/le-sames-a-un-nouveau-patron\/#article\",\"isPartOf\":{\"@id\":\"https:\/\/www.public.sn\/index.php\/2022\/12\/18\/le-sames-a-un-nouveau-patron\/\"},\"author\":{\"name\":\"LA REDACTION\",\"@id\":\"https:\/\/www.public.sn\/#\/schema\/person\/e3f4a11b037d4203902db148f9bc8d5a\"},\"headline\":\"Le SAMES a un nouveau patron\",\"datePublished\":\"2022-12-18T09:21:26+00:00\",\"dateModified\":\"2022-12-18T09:21:28+00:00\",\"mainEntityOfPage\":{\"@id\":\"https:\/\/www.public.sn\/index.php\/2022\/12\/18\/le-sames-a-un-nouveau-patron\/\"},\"wordCount\":237,\"commentCount\":0,\"publisher\":{\"@id\":\"https:\/\/www.public.sn\/#organization\"},\"image\":{\"@id\":\"https:\/\/www.public.sn\/index.php\/2022\/12\/18\/le-sames-a-un-nouveau-patron\/#primaryimage\"},\"thumbnailUrl\":\"https:\/\/www.public.sn\/wp-content\/uploads\/2022\/12\/sames.png\",\"keywords\":[\"Dr Mamadou Demba Ndour\",\"Sames\"],\"articleSection\":[\"ACTUALIT\u00c9S\",\"SOCIETE\"],\"inLanguage\":\"fr-FR\",\"potentialAction\":[{\"@type\":\"CommentAction\",\"name\":\"Comment\",\"target\":[\"https:\/\/www.public.sn\/index.php\/2022\/12\/18\/le-sames-a-un-nouveau-patron\/#respond\"]}]},{\"@type\":\"WebPage\",\"@id\":\"https:\/\/www.public.sn\/index.php\/2022\/12\/18\/le-sames-a-un-nouveau-patron\/\",\"url\":\"https:\/\/www.public.sn\/index.php\/2022\/12\/18\/le-sames-a-un-nouveau-patron\/\",\"name\":\"Le SAMES a un nouveau patron - LE PUBLIC\",\"isPartOf\":{\"@id\":\"https:\/\/www.public.sn\/#website\"},\"primaryImageOfPage\":{\"@id\":\"https:\/\/www.public.sn\/index.php\/2022\/12\/18\/le-sames-a-un-nouveau-patron\/#primaryimage\"},\"image\":{\"@id\":\"https:\/\/www.public.sn\/index.php\/2022\/12\/18\/le-sames-a-un-nouveau-patron\/#primaryimage\"},\"thumbnailUrl\":\"https:\/\/www.public.sn\/wp-content\/uploads\/2022\/12\/sames.png\",\"datePublished\":\"2022-12-18T09:21:26+00:00\",\"dateModified\":\"2022-12-18T09:21:28+00:00\",\"breadcrumb\":{\"@id\":\"https:\/\/www.public.sn\/index.php\/2022\/12\/18\/le-sames-a-un-nouveau-patron\/#breadcrumb\"},\"inLanguage\":\"fr-FR\",\"potentialAction\":[{\"@type\":\"ReadAction\",\"target\":[\"https:\/\/www.public.sn\/index.php\/2022\/12\/18\/le-sames-a-un-nouveau-patron\/\"]}]},{\"@type\":\"ImageObject\",\"inLanguage\":\"fr-FR\",\"@id\":\"https:\/\/www.public.sn\/index.php\/2022\/12\/18\/le-sames-a-un-nouveau-patron\/#primaryimage\",\"url\":\"https:\/\/www.public.sn\/wp-content\/uploads\/2022\/12\/sames.png\",\"contentUrl\":\"https:\/\/www.public.sn\/wp-content\/uploads\/2022\/12\/sames.png\",\"width\":644,\"height\":468},{\"@type\":\"BreadcrumbList\",\"@id\":\"https:\/\/www.public.sn\/index.php\/2022\/12\/18\/le-sames-a-un-nouveau-patron\/#breadcrumb\",\"itemListElement\":[{\"@type\":\"ListItem\",\"position\":1,\"name\":\"Accueil\",\"item\":\"https:\/\/www.public.sn\/\"},{\"@type\":\"ListItem\",\"position\":2,\"name\":\"Le SAMES a un nouveau patron\"}]},{\"@type\":\"WebSite\",\"@id\":\"https:\/\/www.public.sn\/#website\",\"url\":\"https:\/\/www.public.sn\/\",\"name\":\"LE PUBLIC\",\"description\":\"\",\"publisher\":{\"@id\":\"https:\/\/www.public.sn\/#organization\"},\"potentialAction\":[{\"@type\":\"SearchAction\",\"target\":{\"@type\":\"EntryPoint\",\"urlTemplate\":\"https:\/\/www.public.sn\/?s={search_term_string}\"},\"query-input\":{\"@type\":\"PropertyValueSpecification\",\"valueRequired\":true,\"valueName\":\"search_term_string\"}}],\"inLanguage\":\"fr-FR\"},{\"@type\":\"Organization\",\"@id\":\"https:\/\/www.public.sn\/#organization\",\"name\":\"LE PUBLIC\",\"url\":\"https:\/\/www.public.sn\/\",\"logo\":{\"@type\":\"ImageObject\",\"inLanguage\":\"fr-FR\",\"@id\":\"https:\/\/www.public.sn\/#\/schema\/logo\/image\/\",\"url\":\"https:\/\/www.public.sn\/wp-content\/uploads\/2024\/05\/cropped-LOGO-PUBLIC.SN_.png\",\"contentUrl\":\"https:\/\/www.public.sn\/wp-content\/uploads\/2024\/05\/cropped-LOGO-PUBLIC.SN_.png\",\"width\":682,\"height\":192,\"caption\":\"LE PUBLIC\"},\"image\":{\"@id\":\"https:\/\/www.public.sn\/#\/schema\/logo\/image\/\"}},{\"@type\":\"Person\",\"@id\":\"https:\/\/www.public.sn\/#\/schema\/person\/e3f4a11b037d4203902db148f9bc8d5a\",\"name\":\"LA REDACTION\",\"image\":{\"@type\":\"ImageObject\",\"inLanguage\":\"fr-FR\",\"@id\":\"https:\/\/www.public.sn\/#\/schema\/person\/image\/\",\"url\":\"https:\/\/secure.gravatar.com\/avatar\/d6c030db45db2883c075085c5d6c6258654a801a93766b49af0b82d4f454e2a5?s=96&d=mm&r=g\",\"contentUrl\":\"https:\/\/secure.gravatar.com\/avatar\/d6c030db45db2883c075085c5d6c6258654a801a93766b49af0b82d4f454e2a5?s=96&d=mm&r=g\",\"caption\":\"LA REDACTION\"},\"sameAs\":[\"http:\/\/www.public.sn\"],\"url\":\"https:\/\/www.public.sn\/index.php\/author\/admin7324\/\"}]}<\/script>\n<!-- \/ Yoast SEO plugin. -->","yoast_head_json":{"title":"Le SAMES a un nouveau patron - LE PUBLIC","robots":{"index":"index","follow":"follow","max-snippet":"max-snippet:-1","max-image-preview":"max-image-preview:large","max-video-preview":"max-video-preview:-1"},"canonical":"https:\/\/www.public.sn\/index.php\/2022\/12\/18\/le-sames-a-un-nouveau-patron\/","og_locale":"fr_FR","og_type":"article","og_title":"Le SAMES a un nouveau patron - LE PUBLIC","og_description":"Dr Mamadou Demba Ndour est le nouveau SG Secr\u00e9taire G\u00e9n\u00e9ral National du Syndicat Autonome des M\u00e9decins, Pharmaciens et Chirurgiens-dentistes du S\u00e9n\u00e9gal (SAMES). Il a \u00e9t\u00e9 \u00e9lu ce samedi 17 d\u00e9cembre 2022. Le docteur Mamadou Demba Ndour remplace ainsi le Dr Amadou Yeri Camara. Le congr\u00e8s de renouvellement des instances s\u2019est tenu ce samedi \u00e0 Dakar. Lors des votes, le tout nouveau patron du Sames a obtenu 254 voix quand son principal concurrent le docteur Ly n\u2019a r\u00e9colt\u00e9 que 63 voix. Dr Mamadou Demba Ndour est gyn\u00e9cologue obst\u00e9tricien. Il est membre de l\u2019association s\u00e9n\u00e9galais de la gyn\u00e9cologie Obst\u00e9trique (Asgo) L\u2019homme est Chef de service de gyn\u00e9cologie et obst\u00e9trique de l\u2019h\u00f4pital r\u00e9gional de Matam. Le docteur Ndour a l\u2019habitude des m\u00eal\u00e9es syndicalistes et est prompt \u00e0 monter au front. Comme pour l\u2019affaire de l\u2019h\u00f4pital de K\u00e9dougou pendant laquelle il a apport\u00e9 son soutien au docteur L\u00e9once Faye mis en cause pour un accouchement qui aurait mal tourn\u00e9. Un bras de fer a aussi oppos\u00e9 le Chef de service, qu\u2019il est, au directeur de l\u2019h\u00f4pital pour une lettre ouverte qu\u2019il aurait \u00e9crit au Chef de l\u2019Etat sur sa page Facebook pendant la visite \u00e9conomique de Macky Sall dans la r\u00e9gion de Matam.","og_url":"https:\/\/www.public.sn\/index.php\/2022\/12\/18\/le-sames-a-un-nouveau-patron\/","og_site_name":"LE PUBLIC","article_published_time":"2022-12-18T09:21:26+00:00","article_modified_time":"2022-12-18T09:21:28+00:00","og_image":[{"width":644,"height":468,"url":"https:\/\/www.public.sn\/wp-content\/uploads\/2022\/12\/sames.png","type":"image\/png"}],"author":"LA REDACTION","twitter_card":"summary_large_image","twitter_misc":{"\u00c9crit par":"LA REDACTION","Dur\u00e9e de lecture estim\u00e9e":"2 minutes"},"schema":{"@context":"https:\/\/schema.org","@graph":[{"@type":"Article","@id":"https:\/\/www.public.sn\/index.php\/2022\/12\/18\/le-sames-a-un-nouveau-patron\/#article","isPartOf":{"@id":"https:\/\/www.public.sn\/index.php\/2022\/12\/18\/le-sames-a-un-nouveau-patron\/"},"author":{"name":"LA REDACTION","@id":"https:\/\/www.public.sn\/#\/schema\/person\/e3f4a11b037d4203902db148f9bc8d5a"},"headline":"Le SAMES a un nouveau patron","datePublished":"2022-12-18T09:21:26+00:00","dateModified":"2022-12-18T09:21:28+00:00","mainEntityOfPage":{"@id":"https:\/\/www.public.sn\/index.php\/2022\/12\/18\/le-sames-a-un-nouveau-patron\/"},"wordCount":237,"commentCount":0,"publisher":{"@id":"https:\/\/www.public.sn\/#organization"},"image":{"@id":"https:\/\/www.public.sn\/index.php\/2022\/12\/18\/le-sames-a-un-nouveau-patron\/#primaryimage"},"thumbnailUrl":"https:\/\/www.public.sn\/wp-content\/uploads\/2022\/12\/sames.png","keywords":["Dr Mamadou Demba Ndour","Sames"],"articleSection":["ACTUALIT\u00c9S","SOCIETE"],"inLanguage":"fr-FR","potentialAction":[{"@type":"CommentAction","name":"Comment","target":["https:\/\/www.public.sn\/index.php\/2022\/12\/18\/le-sames-a-un-nouveau-patron\/#respond"]}]},{"@type":"WebPage","@id":"https:\/\/www.public.sn\/index.php\/2022\/12\/18\/le-sames-a-un-nouveau-patron\/","url":"https:\/\/www.public.sn\/index.php\/2022\/12\/18\/le-sames-a-un-nouveau-patron\/","name":"Le SAMES a un nouveau patron - LE PUBLIC","isPartOf":{"@id":"https:\/\/www.public.sn\/#website"},"primaryImageOfPage":{"@id":"https:\/\/www.public.sn\/index.php\/2022\/12\/18\/le-sames-a-un-nouveau-patron\/#primaryimage"},"image":{"@id":"https:\/\/www.public.sn\/index.php\/2022\/12\/18\/le-sames-a-un-nouveau-patron\/#primaryimage"},"thumbnailUrl":"https:\/\/www.public.sn\/wp-content\/uploads\/2022\/12\/sames.png","datePublished":"2022-12-18T09:21:26+00:00","dateModified":"2022-12-18T09:21:28+00:00","breadcrumb":{"@id":"https:\/\/www.public.sn\/index.php\/2022\/12\/18\/le-sames-a-un-nouveau-patron\/#breadcrumb"},"inLanguage":"fr-FR","potentialAction":[{"@type":"ReadAction","target":["https:\/\/www.public.sn\/index.php\/2022\/12\/18\/le-sames-a-un-nouveau-patron\/"]}]},{"@type":"ImageObject","inLanguage":"fr-FR","@id":"https:\/\/www.public.sn\/index.php\/2022\/12\/18\/le-sames-a-un-nouveau-patron\/#primaryimage","url":"https:\/\/www.public.sn\/wp-content\/uploads\/2022\/12\/sames.png","contentUrl":"https:\/\/www.public.sn\/wp-content\/uploads\/2022\/12\/sames.png","width":644,"height":468},{"@type":"BreadcrumbList","@id":"https:\/\/www.public.sn\/index.php\/2022\/12\/18\/le-sames-a-un-nouveau-patron\/#breadcrumb","itemListElement":[{"@type":"ListItem","position":1,"name":"Accueil","item":"https:\/\/www.public.sn\/"},{"@type":"ListItem","position":2,"name":"Le SAMES a un nouveau patron"}]},{"@type":"WebSite","@id":"https:\/\/www.public.sn\/#website","url":"https:\/\/www.public.sn\/","name":"LE PUBLIC","description":"","publisher":{"@id":"https:\/\/www.public.sn\/#organization"},"potentialAction":[{"@type":"SearchAction","target":{"@type":"EntryPoint","urlTemplate":"https:\/\/www.public.sn\/?s={search_term_string}"},"query-input":{"@type":"PropertyValueSpecification","valueRequired":true,"valueName":"search_term_string"}}],"inLanguage":"fr-FR"},{"@type":"Organization","@id":"https:\/\/www.public.sn\/#organization","name":"LE PUBLIC","url":"https:\/\/www.public.sn\/","logo":{"@type":"ImageObject","inLanguage":"fr-FR","@id":"https:\/\/www.public.sn\/#\/schema\/logo\/image\/","url":"https:\/\/www.public.sn\/wp-content\/uploads\/2024\/05\/cropped-LOGO-PUBLIC.SN_.png","contentUrl":"https:\/\/www.public.sn\/wp-content\/uploads\/2024\/05\/cropped-LOGO-PUBLIC.SN_.png","width":682,"height":192,"caption":"LE PUBLIC"},"image":{"@id":"https:\/\/www.public.sn\/#\/schema\/logo\/image\/"}},{"@type":"Person","@id":"https:\/\/www.public.sn\/#\/schema\/person\/e3f4a11b037d4203902db148f9bc8d5a","name":"LA REDACTION","image":{"@type":"ImageObject","inLanguage":"fr-FR","@id":"https:\/\/www.public.sn\/#\/schema\/person\/image\/","url":"https:\/\/secure.gravatar.com\/avatar\/d6c030db45db2883c075085c5d6c6258654a801a93766b49af0b82d4f454e2a5?s=96&d=mm&r=g","contentUrl":"https:\/\/secure.gravatar.com\/avatar\/d6c030db45db2883c075085c5d6c6258654a801a93766b49af0b82d4f454e2a5?s=96&d=mm&r=g","caption":"LA REDACTION"},"sameAs":["http:\/\/www.public.sn"],"url":"https:\/\/www.public.sn\/index.php\/author\/admin7324\/"}]}},"jetpack_featured_media_url":"https:\/\/www.public.sn\/wp-content\/uploads\/2022\/12\/sames.png","jetpack_sharing_enabled":true,"_links":{"self":[{"href":"https:\/\/www.public.sn\/index.php\/wp-json\/wp\/v2\/posts\/11981","targetHints":{"allow":["GET"]}}],"collection":[{"href":"https:\/\/www.public.sn\/index.php\/wp-json\/wp\/v2\/posts"}],"about":[{"href":"https:\/\/www.public.sn\/index.php\/wp-json\/wp\/v2\/types\/post"}],"author":[{"embeddable":true,"href":"https:\/\/www.public.sn\/index.php\/wp-json\/wp\/v2\/users\/1"}],"replies":[{"embeddable":true,"href":"https:\/\/www.public.sn\/index.php\/wp-json\/wp\/v2\/comments?post=11981"}],"version-history":[{"count":1,"href":"https:\/\/www.public.sn\/index.php\/wp-json\/wp\/v2\/posts\/11981\/revisions"}],"predecessor-version":[{"id":11983,"href":"https:\/\/www.public.sn\/index.php\/wp-json\/wp\/v2\/posts\/11981\/revisions\/11983"}],"wp:featuredmedia":[{"embeddable":true,"href":"https:\/\/www.public.sn\/index.php\/wp-json\/wp\/v2\/media\/11982"}],"wp:attachment":[{"href":"https:\/\/www.public.sn\/index.php\/wp-json\/wp\/v2\/media?parent=11981"}],"wp:term":[{"taxonomy":"category","embeddable":true,"href":"https:\/\/www.public.sn\/index.php\/wp-json\/wp\/v2\/categories?post=11981"},{"taxonomy":"post_tag","embeddable":true,"href":"https:\/\/www.public.sn\/index.php\/wp-json\/wp\/v2\/tags?post=11981"}],"curies":[{"name":"wp","href":"https:\/\/api.w.org\/{rel}","templated":true}]}}