{"id":1201,"date":"2022-09-03T14:03:35","date_gmt":"2022-09-03T12:03:35","guid":{"rendered":"https:\/\/www.public.sn\/?p=1201"},"modified":"2022-09-03T14:03:36","modified_gmt":"2022-09-03T12:03:36","slug":"kolda-aminata-toure-tuee-puis-jetee-dans-la-foret","status":"publish","type":"post","link":"https:\/\/www.public.sn\/index.php\/2022\/09\/03\/kolda-aminata-toure-tuee-puis-jetee-dans-la-foret\/","title":{"rendered":"Kolda: Aminata Tour\u00e9 tu\u00e9e puis jet\u00e9e dans la for\u00eat."},"content":{"rendered":"\n<p><strong>D\u00e9couverte macabre dans la brousse \u00e0 la sortie de la ville de Kolda sur la route de Fafacourou. Le corps sans vie d\u2019une femme a \u00e9t\u00e9 d\u00e9couvert non loin de la route par des passants.<\/strong><\/p><div class=\"publi-paragraphe1\" style=\"margin-top: 10px;margin-bottom: 10px;margin-left: auto;margin-right: auto;text-align: center;\" id=\"publi-1851109348\"><div class=\"publi-adlabel\">Publicit\u00e9<\/div><script async src=\"\/\/pagead2.googlesyndication.com\/pagead\/js\/adsbygoogle.js?client=ca-pub-4089586018074219\" crossorigin=\"anonymous\"><\/script><ins class=\"adsbygoogle\" style=\"display:block;\" data-ad-client=\"ca-pub-4089586018074219\" \ndata-ad-slot=\"2087940154\" \ndata-ad-format=\"auto\"><\/ins>\n<script> \n(adsbygoogle = window.adsbygoogle || []).push({}); \n<\/script>\n<\/div>\n\n\n\n<p>La victime est une dame qui vivait en France depuis plus de dix ans. Elle revenait dans son village natal Sar\u00e9 Demba Tour\u00e9, d\u00e9partement de M\u00e9dina Yoro Foulah, r\u00e9gion de Kolda. Aminata Tour\u00e9 plus connue sous le nom de M\u00e9ta comme c\u2019est d\u2019elle qu\u2019il s\u2019agit, a fait escale \u00e0 Mbour avant de quitter hier vendredi pour regagner son village. <br>Dans un r\u00e9cit gla\u00e7ant, sa grande s\u0153ur Mariama Tour\u00e9 affirme avoir discut\u00e9 au t\u00e9l\u00e9phone avec la victime qui dit prendre d\u00e9part sur Kolda.<\/p>\n\n\n\n<p> \u201c<em>C\u2019est \u00e0 06 h du matin de ce samedi, que j\u2019ai re\u00e7u un appel me signifiant qu\u2019une femme est tu\u00e9e dans la brousse mais qu\u2019elle ressemble \u00e0 ma petite s\u0153ur. Ainsi, je me suis rendue sur les lieux en compagnie de la gendarmerie pour constater un corps sans vie avec du sang qui sortait de partout\u201d<\/em>, a racont\u00e9 Mariama Tour\u00e9 dans une voix tremblotante de tristesse. <br>Alert\u00e9s, les sapeurs-pompiers ont \u00e9vacu\u00e9 le corps pour le d\u00e9poser \u00e0 la morgue de l\u2019h\u00f4pital r\u00e9gional de kolda.<\/p>\n\n\n\n<p>A en croire Mariama Tour\u00e9, la victime \u00e2g\u00e9e d\u2019une quarantaine d\u2019ann\u00e9es devrait repartir en France dans deux semaines. <br>\u201c<em>Elle venait pour s\u2019occuper de la scolarit\u00e9 de sa fille unique qui vit ici avec moi\u201d<\/em>, confie Mariama Tour\u00e9 qui dit m\u00eame ignorer la personne qui l\u2019a appel\u00e9e pour lui donner cette triste nouvelle, au moment o\u00f9 elle et sa ni\u00e8ce s\u2019impatientaient d\u2019accueillir M\u00e9ta Tour\u00e9 qu\u2019elles verront plus jamais. <br>Les faits se sont d\u00e9roul\u00e9s dans la nuit du vendredi au samedi. Une enqu\u00eate est ouverte par la gendarmerie pour d\u00e9terminer les auteurs de ce meurtre.<\/p>\n<div class=\"publi-apres-le-contenu\" style=\"margin-top: 10px;margin-bottom: 10px;margin-left: auto;margin-right: auto;text-align: center;\" id=\"publi-3808549250\"><div class=\"publi-adlabel\">Publicit\u00e9<\/div><script async src=\"\/\/pagead2.googlesyndication.com\/pagead\/js\/adsbygoogle.js?client=ca-pub-4089586018074219\" crossorigin=\"anonymous\"><\/script><ins class=\"adsbygoogle\" style=\"display:block;\" data-ad-client=\"ca-pub-4089586018074219\" \ndata-ad-slot=\"2087940154\" \ndata-ad-format=\"auto\"><\/ins>\n<script> \n(adsbygoogle = window.adsbygoogle || []).push({}); \n<\/script>\n<\/div>","protected":false},"excerpt":{"rendered":"<p>D\u00e9couverte macabre dans la brousse \u00e0 la sortie de la ville de Kolda sur la route de Fafacourou. Le corps sans vie d\u2019une femme a \u00e9t\u00e9 d\u00e9couvert non loin de la route par des passants. La victime est une dame qui vivait en France depuis plus de dix ans. Elle revenait dans son village natal Sar\u00e9 Demba Tour\u00e9, d\u00e9partement de M\u00e9dina Yoro Foulah, r\u00e9gion de Kolda. Aminata Tour\u00e9 plus connue sous le nom de M\u00e9ta comme c\u2019est d\u2019elle qu\u2019il s\u2019agit, a fait escale \u00e0 Mbour avant de quitter hier vendredi pour regagner son village. Dans un r\u00e9cit gla\u00e7ant, sa grande s\u0153ur Mariama Tour\u00e9 affirme avoir discut\u00e9 au t\u00e9l\u00e9phone avec la victime qui dit prendre d\u00e9part sur Kolda. \u201cC\u2019est \u00e0 06 h du matin de ce samedi, que j\u2019ai re\u00e7u un appel me signifiant qu\u2019une femme est tu\u00e9e dans la brousse mais qu\u2019elle ressemble \u00e0 ma petite s\u0153ur. Ainsi, je me suis rendue sur les lieux en compagnie de la gendarmerie pour constater un corps sans vie avec du sang qui sortait de partout\u201d, a racont\u00e9 Mariama Tour\u00e9 dans une voix tremblotante de tristesse. Alert\u00e9s, les sapeurs-pompiers ont \u00e9vacu\u00e9 le corps pour le d\u00e9poser \u00e0 la morgue de l\u2019h\u00f4pital r\u00e9gional de kolda. A en croire Mariama Tour\u00e9, la victime \u00e2g\u00e9e d\u2019une quarantaine d\u2019ann\u00e9es devrait repartir en France dans deux semaines. \u201cElle venait pour s\u2019occuper de la scolarit\u00e9 de sa fille unique qui vit ici avec moi\u201d, confie Mariama Tour\u00e9 qui dit m\u00eame ignorer la personne qui l\u2019a appel\u00e9e pour lui donner cette triste nouvelle, au moment o\u00f9 elle et sa ni\u00e8ce s\u2019impatientaient d\u2019accueillir M\u00e9ta Tour\u00e9 qu\u2019elles verront plus jamais. Les faits se sont d\u00e9roul\u00e9s dans la nuit du vendredi au samedi. Une enqu\u00eate est ouverte par la gendarmerie pour d\u00e9terminer les auteurs de ce meurtre.<\/p>\n","protected":false},"author":1,"featured_media":1202,"comment_status":"open","ping_status":"open","sticky":false,"template":"","format":"standard","meta":{"_jetpack_memberships_contains_paid_content":false,"footnotes":""},"categories":[379,4],"tags":[480,444,198,336,481],"class_list":["post-1201","post","type-post","status-publish","format-standard","has-post-thumbnail","hentry","category-faits-divers","category-societe","tag-aminata-toure","tag-drame","tag-gendarmerie","tag-kolda","tag-meurtre","entry","has-media","owp-thumbs-layout-horizontal","owp-btn-normal","owp-tabs-layout-horizontal","has-no-thumbnails","has-product-nav"],"yoast_head":"<!-- This site is optimized with the Yoast SEO plugin v25.5 - https:\/\/yoast.com\/wordpress\/plugins\/seo\/ -->\n<title>Kolda: Aminata Tour\u00e9 tu\u00e9e puis jet\u00e9e dans la for\u00eat. - LE PUBLIC<\/title>\n<meta name=\"robots\" content=\"index, follow, max-snippet:-1, max-image-preview:large, max-video-preview:-1\" \/>\n<link rel=\"canonical\" href=\"https:\/\/www.public.sn\/index.php\/2022\/09\/03\/kolda-aminata-toure-tuee-puis-jetee-dans-la-foret\/\" \/>\n<meta property=\"og:locale\" content=\"fr_FR\" \/>\n<meta property=\"og:type\" content=\"article\" \/>\n<meta property=\"og:title\" content=\"Kolda: Aminata Tour\u00e9 tu\u00e9e puis jet\u00e9e dans la for\u00eat. - LE PUBLIC\" \/>\n<meta property=\"og:description\" content=\"D\u00e9couverte macabre dans la brousse \u00e0 la sortie de la ville de Kolda sur la route de Fafacourou. Le corps sans vie d\u2019une femme a \u00e9t\u00e9 d\u00e9couvert non loin de la route par des passants. La victime est une dame qui vivait en France depuis plus de dix ans. Elle revenait dans son village natal Sar\u00e9 Demba Tour\u00e9, d\u00e9partement de M\u00e9dina Yoro Foulah, r\u00e9gion de Kolda. Aminata Tour\u00e9 plus connue sous le nom de M\u00e9ta comme c\u2019est d\u2019elle qu\u2019il s\u2019agit, a fait escale \u00e0 Mbour avant de quitter hier vendredi pour regagner son village. Dans un r\u00e9cit gla\u00e7ant, sa grande s\u0153ur Mariama Tour\u00e9 affirme avoir discut\u00e9 au t\u00e9l\u00e9phone avec la victime qui dit prendre d\u00e9part sur Kolda. \u201cC\u2019est \u00e0 06 h du matin de ce samedi, que j\u2019ai re\u00e7u un appel me signifiant qu\u2019une femme est tu\u00e9e dans la brousse mais qu\u2019elle ressemble \u00e0 ma petite s\u0153ur. Ainsi, je me suis rendue sur les lieux en compagnie de la gendarmerie pour constater un corps sans vie avec du sang qui sortait de partout\u201d, a racont\u00e9 Mariama Tour\u00e9 dans une voix tremblotante de tristesse. Alert\u00e9s, les sapeurs-pompiers ont \u00e9vacu\u00e9 le corps pour le d\u00e9poser \u00e0 la morgue de l\u2019h\u00f4pital r\u00e9gional de kolda. A en croire Mariama Tour\u00e9, la victime \u00e2g\u00e9e d\u2019une quarantaine d\u2019ann\u00e9es devrait repartir en France dans deux semaines. \u201cElle venait pour s\u2019occuper de la scolarit\u00e9 de sa fille unique qui vit ici avec moi\u201d, confie Mariama Tour\u00e9 qui dit m\u00eame ignorer la personne qui l\u2019a appel\u00e9e pour lui donner cette triste nouvelle, au moment o\u00f9 elle et sa ni\u00e8ce s\u2019impatientaient d\u2019accueillir M\u00e9ta Tour\u00e9 qu\u2019elles verront plus jamais. Les faits se sont d\u00e9roul\u00e9s dans la nuit du vendredi au samedi. Une enqu\u00eate est ouverte par la gendarmerie pour d\u00e9terminer les auteurs de ce meurtre.\" \/>\n<meta property=\"og:url\" content=\"https:\/\/www.public.sn\/index.php\/2022\/09\/03\/kolda-aminata-toure-tuee-puis-jetee-dans-la-foret\/\" \/>\n<meta property=\"og:site_name\" content=\"LE PUBLIC\" \/>\n<meta property=\"article:published_time\" content=\"2022-09-03T12:03:35+00:00\" \/>\n<meta property=\"article:modified_time\" content=\"2022-09-03T12:03:36+00:00\" \/>\n<meta property=\"og:image\" content=\"https:\/\/www.public.sn\/wp-content\/uploads\/2022\/09\/FF35A2EA-866D-4A4B-BB2B-2336C58EDD42.jpeg\" \/>\n\t<meta property=\"og:image:width\" content=\"495\" \/>\n\t<meta property=\"og:image:height\" content=\"309\" \/>\n\t<meta property=\"og:image:type\" content=\"image\/jpeg\" \/>\n<meta name=\"author\" content=\"LA REDACTION\" \/>\n<meta name=\"twitter:card\" content=\"summary_large_image\" \/>\n<meta name=\"twitter:label1\" content=\"\u00c9crit par\" \/>\n\t<meta name=\"twitter:data1\" content=\"LA REDACTION\" \/>\n\t<meta name=\"twitter:label2\" content=\"Dur\u00e9e de lecture estim\u00e9e\" \/>\n\t<meta name=\"twitter:data2\" content=\"2 minutes\" \/>\n<script type=\"application\/ld+json\" class=\"yoast-schema-graph\">{\"@context\":\"https:\/\/schema.org\",\"@graph\":[{\"@type\":\"Article\",\"@id\":\"https:\/\/www.public.sn\/index.php\/2022\/09\/03\/kolda-aminata-toure-tuee-puis-jetee-dans-la-foret\/#article\",\"isPartOf\":{\"@id\":\"https:\/\/www.public.sn\/index.php\/2022\/09\/03\/kolda-aminata-toure-tuee-puis-jetee-dans-la-foret\/\"},\"author\":{\"name\":\"LA REDACTION\",\"@id\":\"https:\/\/www.public.sn\/#\/schema\/person\/e3f4a11b037d4203902db148f9bc8d5a\"},\"headline\":\"Kolda: Aminata Tour\u00e9 tu\u00e9e puis jet\u00e9e dans la for\u00eat.\",\"datePublished\":\"2022-09-03T12:03:35+00:00\",\"dateModified\":\"2022-09-03T12:03:36+00:00\",\"mainEntityOfPage\":{\"@id\":\"https:\/\/www.public.sn\/index.php\/2022\/09\/03\/kolda-aminata-toure-tuee-puis-jetee-dans-la-foret\/\"},\"wordCount\":346,\"commentCount\":0,\"publisher\":{\"@id\":\"https:\/\/www.public.sn\/#organization\"},\"image\":{\"@id\":\"https:\/\/www.public.sn\/index.php\/2022\/09\/03\/kolda-aminata-toure-tuee-puis-jetee-dans-la-foret\/#primaryimage\"},\"thumbnailUrl\":\"https:\/\/www.public.sn\/wp-content\/uploads\/2022\/09\/FF35A2EA-866D-4A4B-BB2B-2336C58EDD42.jpeg\",\"keywords\":[\"Aminata Tour\u00e9\",\"Drame\",\"Gendarmerie\",\"Kolda\",\"Meurtre\"],\"articleSection\":[\"FAITS DIVERS\",\"SOCIETE\"],\"inLanguage\":\"fr-FR\",\"potentialAction\":[{\"@type\":\"CommentAction\",\"name\":\"Comment\",\"target\":[\"https:\/\/www.public.sn\/index.php\/2022\/09\/03\/kolda-aminata-toure-tuee-puis-jetee-dans-la-foret\/#respond\"]}]},{\"@type\":\"WebPage\",\"@id\":\"https:\/\/www.public.sn\/index.php\/2022\/09\/03\/kolda-aminata-toure-tuee-puis-jetee-dans-la-foret\/\",\"url\":\"https:\/\/www.public.sn\/index.php\/2022\/09\/03\/kolda-aminata-toure-tuee-puis-jetee-dans-la-foret\/\",\"name\":\"Kolda: Aminata Tour\u00e9 tu\u00e9e puis jet\u00e9e dans la for\u00eat. - LE PUBLIC\",\"isPartOf\":{\"@id\":\"https:\/\/www.public.sn\/#website\"},\"primaryImageOfPage\":{\"@id\":\"https:\/\/www.public.sn\/index.php\/2022\/09\/03\/kolda-aminata-toure-tuee-puis-jetee-dans-la-foret\/#primaryimage\"},\"image\":{\"@id\":\"https:\/\/www.public.sn\/index.php\/2022\/09\/03\/kolda-aminata-toure-tuee-puis-jetee-dans-la-foret\/#primaryimage\"},\"thumbnailUrl\":\"https:\/\/www.public.sn\/wp-content\/uploads\/2022\/09\/FF35A2EA-866D-4A4B-BB2B-2336C58EDD42.jpeg\",\"datePublished\":\"2022-09-03T12:03:35+00:00\",\"dateModified\":\"2022-09-03T12:03:36+00:00\",\"breadcrumb\":{\"@id\":\"https:\/\/www.public.sn\/index.php\/2022\/09\/03\/kolda-aminata-toure-tuee-puis-jetee-dans-la-foret\/#breadcrumb\"},\"inLanguage\":\"fr-FR\",\"potentialAction\":[{\"@type\":\"ReadAction\",\"target\":[\"https:\/\/www.public.sn\/index.php\/2022\/09\/03\/kolda-aminata-toure-tuee-puis-jetee-dans-la-foret\/\"]}]},{\"@type\":\"ImageObject\",\"inLanguage\":\"fr-FR\",\"@id\":\"https:\/\/www.public.sn\/index.php\/2022\/09\/03\/kolda-aminata-toure-tuee-puis-jetee-dans-la-foret\/#primaryimage\",\"url\":\"https:\/\/www.public.sn\/wp-content\/uploads\/2022\/09\/FF35A2EA-866D-4A4B-BB2B-2336C58EDD42.jpeg\",\"contentUrl\":\"https:\/\/www.public.sn\/wp-content\/uploads\/2022\/09\/FF35A2EA-866D-4A4B-BB2B-2336C58EDD42.jpeg\",\"width\":495,\"height\":309},{\"@type\":\"BreadcrumbList\",\"@id\":\"https:\/\/www.public.sn\/index.php\/2022\/09\/03\/kolda-aminata-toure-tuee-puis-jetee-dans-la-foret\/#breadcrumb\",\"itemListElement\":[{\"@type\":\"ListItem\",\"position\":1,\"name\":\"Accueil\",\"item\":\"https:\/\/www.public.sn\/\"},{\"@type\":\"ListItem\",\"position\":2,\"name\":\"Kolda: Aminata Tour\u00e9 tu\u00e9e puis jet\u00e9e dans la for\u00eat.\"}]},{\"@type\":\"WebSite\",\"@id\":\"https:\/\/www.public.sn\/#website\",\"url\":\"https:\/\/www.public.sn\/\",\"name\":\"LE PUBLIC\",\"description\":\"\",\"publisher\":{\"@id\":\"https:\/\/www.public.sn\/#organization\"},\"potentialAction\":[{\"@type\":\"SearchAction\",\"target\":{\"@type\":\"EntryPoint\",\"urlTemplate\":\"https:\/\/www.public.sn\/?s={search_term_string}\"},\"query-input\":{\"@type\":\"PropertyValueSpecification\",\"valueRequired\":true,\"valueName\":\"search_term_string\"}}],\"inLanguage\":\"fr-FR\"},{\"@type\":\"Organization\",\"@id\":\"https:\/\/www.public.sn\/#organization\",\"name\":\"LE PUBLIC\",\"url\":\"https:\/\/www.public.sn\/\",\"logo\":{\"@type\":\"ImageObject\",\"inLanguage\":\"fr-FR\",\"@id\":\"https:\/\/www.public.sn\/#\/schema\/logo\/image\/\",\"url\":\"https:\/\/www.public.sn\/wp-content\/uploads\/2024\/05\/cropped-LOGO-PUBLIC.SN_.png\",\"contentUrl\":\"https:\/\/www.public.sn\/wp-content\/uploads\/2024\/05\/cropped-LOGO-PUBLIC.SN_.png\",\"width\":682,\"height\":192,\"caption\":\"LE PUBLIC\"},\"image\":{\"@id\":\"https:\/\/www.public.sn\/#\/schema\/logo\/image\/\"}},{\"@type\":\"Person\",\"@id\":\"https:\/\/www.public.sn\/#\/schema\/person\/e3f4a11b037d4203902db148f9bc8d5a\",\"name\":\"LA REDACTION\",\"image\":{\"@type\":\"ImageObject\",\"inLanguage\":\"fr-FR\",\"@id\":\"https:\/\/www.public.sn\/#\/schema\/person\/image\/\",\"url\":\"https:\/\/secure.gravatar.com\/avatar\/d6c030db45db2883c075085c5d6c6258654a801a93766b49af0b82d4f454e2a5?s=96&d=mm&r=g\",\"contentUrl\":\"https:\/\/secure.gravatar.com\/avatar\/d6c030db45db2883c075085c5d6c6258654a801a93766b49af0b82d4f454e2a5?s=96&d=mm&r=g\",\"caption\":\"LA REDACTION\"},\"sameAs\":[\"http:\/\/www.public.sn\"],\"url\":\"https:\/\/www.public.sn\/index.php\/author\/admin7324\/\"}]}<\/script>\n<!-- \/ Yoast SEO plugin. -->","yoast_head_json":{"title":"Kolda: Aminata Tour\u00e9 tu\u00e9e puis jet\u00e9e dans la for\u00eat. - LE PUBLIC","robots":{"index":"index","follow":"follow","max-snippet":"max-snippet:-1","max-image-preview":"max-image-preview:large","max-video-preview":"max-video-preview:-1"},"canonical":"https:\/\/www.public.sn\/index.php\/2022\/09\/03\/kolda-aminata-toure-tuee-puis-jetee-dans-la-foret\/","og_locale":"fr_FR","og_type":"article","og_title":"Kolda: Aminata Tour\u00e9 tu\u00e9e puis jet\u00e9e dans la for\u00eat. - LE PUBLIC","og_description":"D\u00e9couverte macabre dans la brousse \u00e0 la sortie de la ville de Kolda sur la route de Fafacourou. Le corps sans vie d\u2019une femme a \u00e9t\u00e9 d\u00e9couvert non loin de la route par des passants. La victime est une dame qui vivait en France depuis plus de dix ans. Elle revenait dans son village natal Sar\u00e9 Demba Tour\u00e9, d\u00e9partement de M\u00e9dina Yoro Foulah, r\u00e9gion de Kolda. Aminata Tour\u00e9 plus connue sous le nom de M\u00e9ta comme c\u2019est d\u2019elle qu\u2019il s\u2019agit, a fait escale \u00e0 Mbour avant de quitter hier vendredi pour regagner son village. Dans un r\u00e9cit gla\u00e7ant, sa grande s\u0153ur Mariama Tour\u00e9 affirme avoir discut\u00e9 au t\u00e9l\u00e9phone avec la victime qui dit prendre d\u00e9part sur Kolda. \u201cC\u2019est \u00e0 06 h du matin de ce samedi, que j\u2019ai re\u00e7u un appel me signifiant qu\u2019une femme est tu\u00e9e dans la brousse mais qu\u2019elle ressemble \u00e0 ma petite s\u0153ur. Ainsi, je me suis rendue sur les lieux en compagnie de la gendarmerie pour constater un corps sans vie avec du sang qui sortait de partout\u201d, a racont\u00e9 Mariama Tour\u00e9 dans une voix tremblotante de tristesse. Alert\u00e9s, les sapeurs-pompiers ont \u00e9vacu\u00e9 le corps pour le d\u00e9poser \u00e0 la morgue de l\u2019h\u00f4pital r\u00e9gional de kolda. A en croire Mariama Tour\u00e9, la victime \u00e2g\u00e9e d\u2019une quarantaine d\u2019ann\u00e9es devrait repartir en France dans deux semaines. \u201cElle venait pour s\u2019occuper de la scolarit\u00e9 de sa fille unique qui vit ici avec moi\u201d, confie Mariama Tour\u00e9 qui dit m\u00eame ignorer la personne qui l\u2019a appel\u00e9e pour lui donner cette triste nouvelle, au moment o\u00f9 elle et sa ni\u00e8ce s\u2019impatientaient d\u2019accueillir M\u00e9ta Tour\u00e9 qu\u2019elles verront plus jamais. Les faits se sont d\u00e9roul\u00e9s dans la nuit du vendredi au samedi. Une enqu\u00eate est ouverte par la gendarmerie pour d\u00e9terminer les auteurs de ce meurtre.","og_url":"https:\/\/www.public.sn\/index.php\/2022\/09\/03\/kolda-aminata-toure-tuee-puis-jetee-dans-la-foret\/","og_site_name":"LE PUBLIC","article_published_time":"2022-09-03T12:03:35+00:00","article_modified_time":"2022-09-03T12:03:36+00:00","og_image":[{"width":495,"height":309,"url":"https:\/\/www.public.sn\/wp-content\/uploads\/2022\/09\/FF35A2EA-866D-4A4B-BB2B-2336C58EDD42.jpeg","type":"image\/jpeg"}],"author":"LA REDACTION","twitter_card":"summary_large_image","twitter_misc":{"\u00c9crit par":"LA REDACTION","Dur\u00e9e de lecture estim\u00e9e":"2 minutes"},"schema":{"@context":"https:\/\/schema.org","@graph":[{"@type":"Article","@id":"https:\/\/www.public.sn\/index.php\/2022\/09\/03\/kolda-aminata-toure-tuee-puis-jetee-dans-la-foret\/#article","isPartOf":{"@id":"https:\/\/www.public.sn\/index.php\/2022\/09\/03\/kolda-aminata-toure-tuee-puis-jetee-dans-la-foret\/"},"author":{"name":"LA REDACTION","@id":"https:\/\/www.public.sn\/#\/schema\/person\/e3f4a11b037d4203902db148f9bc8d5a"},"headline":"Kolda: Aminata Tour\u00e9 tu\u00e9e puis jet\u00e9e dans la for\u00eat.","datePublished":"2022-09-03T12:03:35+00:00","dateModified":"2022-09-03T12:03:36+00:00","mainEntityOfPage":{"@id":"https:\/\/www.public.sn\/index.php\/2022\/09\/03\/kolda-aminata-toure-tuee-puis-jetee-dans-la-foret\/"},"wordCount":346,"commentCount":0,"publisher":{"@id":"https:\/\/www.public.sn\/#organization"},"image":{"@id":"https:\/\/www.public.sn\/index.php\/2022\/09\/03\/kolda-aminata-toure-tuee-puis-jetee-dans-la-foret\/#primaryimage"},"thumbnailUrl":"https:\/\/www.public.sn\/wp-content\/uploads\/2022\/09\/FF35A2EA-866D-4A4B-BB2B-2336C58EDD42.jpeg","keywords":["Aminata Tour\u00e9","Drame","Gendarmerie","Kolda","Meurtre"],"articleSection":["FAITS DIVERS","SOCIETE"],"inLanguage":"fr-FR","potentialAction":[{"@type":"CommentAction","name":"Comment","target":["https:\/\/www.public.sn\/index.php\/2022\/09\/03\/kolda-aminata-toure-tuee-puis-jetee-dans-la-foret\/#respond"]}]},{"@type":"WebPage","@id":"https:\/\/www.public.sn\/index.php\/2022\/09\/03\/kolda-aminata-toure-tuee-puis-jetee-dans-la-foret\/","url":"https:\/\/www.public.sn\/index.php\/2022\/09\/03\/kolda-aminata-toure-tuee-puis-jetee-dans-la-foret\/","name":"Kolda: Aminata Tour\u00e9 tu\u00e9e puis jet\u00e9e dans la for\u00eat. - LE PUBLIC","isPartOf":{"@id":"https:\/\/www.public.sn\/#website"},"primaryImageOfPage":{"@id":"https:\/\/www.public.sn\/index.php\/2022\/09\/03\/kolda-aminata-toure-tuee-puis-jetee-dans-la-foret\/#primaryimage"},"image":{"@id":"https:\/\/www.public.sn\/index.php\/2022\/09\/03\/kolda-aminata-toure-tuee-puis-jetee-dans-la-foret\/#primaryimage"},"thumbnailUrl":"https:\/\/www.public.sn\/wp-content\/uploads\/2022\/09\/FF35A2EA-866D-4A4B-BB2B-2336C58EDD42.jpeg","datePublished":"2022-09-03T12:03:35+00:00","dateModified":"2022-09-03T12:03:36+00:00","breadcrumb":{"@id":"https:\/\/www.public.sn\/index.php\/2022\/09\/03\/kolda-aminata-toure-tuee-puis-jetee-dans-la-foret\/#breadcrumb"},"inLanguage":"fr-FR","potentialAction":[{"@type":"ReadAction","target":["https:\/\/www.public.sn\/index.php\/2022\/09\/03\/kolda-aminata-toure-tuee-puis-jetee-dans-la-foret\/"]}]},{"@type":"ImageObject","inLanguage":"fr-FR","@id":"https:\/\/www.public.sn\/index.php\/2022\/09\/03\/kolda-aminata-toure-tuee-puis-jetee-dans-la-foret\/#primaryimage","url":"https:\/\/www.public.sn\/wp-content\/uploads\/2022\/09\/FF35A2EA-866D-4A4B-BB2B-2336C58EDD42.jpeg","contentUrl":"https:\/\/www.public.sn\/wp-content\/uploads\/2022\/09\/FF35A2EA-866D-4A4B-BB2B-2336C58EDD42.jpeg","width":495,"height":309},{"@type":"BreadcrumbList","@id":"https:\/\/www.public.sn\/index.php\/2022\/09\/03\/kolda-aminata-toure-tuee-puis-jetee-dans-la-foret\/#breadcrumb","itemListElement":[{"@type":"ListItem","position":1,"name":"Accueil","item":"https:\/\/www.public.sn\/"},{"@type":"ListItem","position":2,"name":"Kolda: Aminata Tour\u00e9 tu\u00e9e puis jet\u00e9e dans la for\u00eat."}]},{"@type":"WebSite","@id":"https:\/\/www.public.sn\/#website","url":"https:\/\/www.public.sn\/","name":"LE PUBLIC","description":"","publisher":{"@id":"https:\/\/www.public.sn\/#organization"},"potentialAction":[{"@type":"SearchAction","target":{"@type":"EntryPoint","urlTemplate":"https:\/\/www.public.sn\/?s={search_term_string}"},"query-input":{"@type":"PropertyValueSpecification","valueRequired":true,"valueName":"search_term_string"}}],"inLanguage":"fr-FR"},{"@type":"Organization","@id":"https:\/\/www.public.sn\/#organization","name":"LE PUBLIC","url":"https:\/\/www.public.sn\/","logo":{"@type":"ImageObject","inLanguage":"fr-FR","@id":"https:\/\/www.public.sn\/#\/schema\/logo\/image\/","url":"https:\/\/www.public.sn\/wp-content\/uploads\/2024\/05\/cropped-LOGO-PUBLIC.SN_.png","contentUrl":"https:\/\/www.public.sn\/wp-content\/uploads\/2024\/05\/cropped-LOGO-PUBLIC.SN_.png","width":682,"height":192,"caption":"LE PUBLIC"},"image":{"@id":"https:\/\/www.public.sn\/#\/schema\/logo\/image\/"}},{"@type":"Person","@id":"https:\/\/www.public.sn\/#\/schema\/person\/e3f4a11b037d4203902db148f9bc8d5a","name":"LA REDACTION","image":{"@type":"ImageObject","inLanguage":"fr-FR","@id":"https:\/\/www.public.sn\/#\/schema\/person\/image\/","url":"https:\/\/secure.gravatar.com\/avatar\/d6c030db45db2883c075085c5d6c6258654a801a93766b49af0b82d4f454e2a5?s=96&d=mm&r=g","contentUrl":"https:\/\/secure.gravatar.com\/avatar\/d6c030db45db2883c075085c5d6c6258654a801a93766b49af0b82d4f454e2a5?s=96&d=mm&r=g","caption":"LA REDACTION"},"sameAs":["http:\/\/www.public.sn"],"url":"https:\/\/www.public.sn\/index.php\/author\/admin7324\/"}]}},"jetpack_featured_media_url":"https:\/\/www.public.sn\/wp-content\/uploads\/2022\/09\/FF35A2EA-866D-4A4B-BB2B-2336C58EDD42.jpeg","jetpack_sharing_enabled":true,"_links":{"self":[{"href":"https:\/\/www.public.sn\/index.php\/wp-json\/wp\/v2\/posts\/1201","targetHints":{"allow":["GET"]}}],"collection":[{"href":"https:\/\/www.public.sn\/index.php\/wp-json\/wp\/v2\/posts"}],"about":[{"href":"https:\/\/www.public.sn\/index.php\/wp-json\/wp\/v2\/types\/post"}],"author":[{"embeddable":true,"href":"https:\/\/www.public.sn\/index.php\/wp-json\/wp\/v2\/users\/1"}],"replies":[{"embeddable":true,"href":"https:\/\/www.public.sn\/index.php\/wp-json\/wp\/v2\/comments?post=1201"}],"version-history":[{"count":1,"href":"https:\/\/www.public.sn\/index.php\/wp-json\/wp\/v2\/posts\/1201\/revisions"}],"predecessor-version":[{"id":1203,"href":"https:\/\/www.public.sn\/index.php\/wp-json\/wp\/v2\/posts\/1201\/revisions\/1203"}],"wp:featuredmedia":[{"embeddable":true,"href":"https:\/\/www.public.sn\/index.php\/wp-json\/wp\/v2\/media\/1202"}],"wp:attachment":[{"href":"https:\/\/www.public.sn\/index.php\/wp-json\/wp\/v2\/media?parent=1201"}],"wp:term":[{"taxonomy":"category","embeddable":true,"href":"https:\/\/www.public.sn\/index.php\/wp-json\/wp\/v2\/categories?post=1201"},{"taxonomy":"post_tag","embeddable":true,"href":"https:\/\/www.public.sn\/index.php\/wp-json\/wp\/v2\/tags?post=1201"}],"curies":[{"name":"wp","href":"https:\/\/api.w.org\/{rel}","templated":true}]}}