{"id":1207,"date":"2022-09-03T17:38:33","date_gmt":"2022-09-03T15:38:33","guid":{"rendered":"https:\/\/www.public.sn\/?p=1207"},"modified":"2022-09-03T17:54:07","modified_gmt":"2022-09-03T15:54:07","slug":"mercato-marcelo-qui-le-real-madrid-pour-lolympiakos","status":"publish","type":"post","link":"https:\/\/www.public.sn\/index.php\/2022\/09\/03\/mercato-marcelo-qui-le-real-madrid-pour-lolympiakos\/","title":{"rendered":"Mercato: Marcelo quitte le Real Madrid pour l\u2019Olympiakos."},"content":{"rendered":"\n<p><strong>Le lat\u00e9ral gauche br\u00e9silien Marcelo a sign\u00e9 un contrat en faveur de l&rsquo;Olympiakos, a annonc\u00e9 vendredi le triple champion en titre de Gr\u00e8ce, sans r\u00e9v\u00e9ler la dur\u00e9e ni le montant du contrat.<\/strong><\/p><div class=\"publi-paragraphe1\" style=\"margin-top: 10px;margin-bottom: 10px;margin-left: auto;margin-right: auto;text-align: center;\" id=\"publi-2242384372\"><div class=\"publi-adlabel\">Publicit\u00e9<\/div><script async src=\"\/\/pagead2.googlesyndication.com\/pagead\/js\/adsbygoogle.js?client=ca-pub-4089586018074219\" crossorigin=\"anonymous\"><\/script><ins class=\"adsbygoogle\" style=\"display:block;\" data-ad-client=\"ca-pub-4089586018074219\" \ndata-ad-slot=\"2087940154\" \ndata-ad-format=\"auto\"><\/ins>\n<script> \n(adsbygoogle = window.adsbygoogle || []).push({}); \n<\/script>\n<\/div>\n\n\n\n<p>\u00ab\u00a0<em>Une vraie LEGENDE du football rejoint OLYMPIAKOS<\/em>\u00ab\u00a0, \u00e9crit le club en grec et en anglais sur Twitter.\u00a0\u00c2g\u00e9 de 34 ans, Marcelo a disput\u00e9 546 matches sous les couleurs du Real Madrid o\u00f9 il \u00e9tait arriv\u00e9 en 2006 \u00e0 l&rsquo;\u00e2ge de 18 ans et avec lequel il a remport\u00e9 cinq Ligues des champions, pr\u00e9cise encore l&rsquo;Olympiakos dans un communiqu\u00e9 sur son site officiel.\u00a0Il est le joueur le plus titr\u00e9 de l&rsquo;histoire du Real Madrid avec 25 troph\u00e9es.<\/p>\n\n\n\n<p>La direction du Real avait d\u00e9cid\u00e9 de ne pas prolonger son contrat au terme d&rsquo;une saison 2021\/2022 compliqu\u00e9e pour le joueur, qui n&rsquo;a \u00e9t\u00e9 que cinq fois titulaire en Liga et n&rsquo;a pas disput\u00e9 la finale de la Ligue des champions le 28 mai au Stade de France contre Liverpool, remport\u00e9e 1-0. &nbsp;<\/p>\n\n\n\n<p>Marcelo, qui jouait \u00e0 Fluminense avant de venir en Europe, compte 58 s\u00e9lections en \u00e9quipe du Br\u00e9sil (6 buts) sous le maillot duquel il a pris part \u00e0 deux Coupes du monde en 2014 et 2018.&nbsp;L&rsquo;Olympiakos, club du Pir\u00e9e, \u00e0 Ath\u00e8nes, est dans le m\u00eame groupe de Ligue Europa que le FC Nantes chez qui il se rendra lors de la premi\u00e8re journ\u00e9e, jeudi prochain (21h00).<\/p>\n<div class=\"publi-apres-le-contenu\" style=\"margin-top: 10px;margin-bottom: 10px;margin-left: auto;margin-right: auto;text-align: center;\" id=\"publi-1066270376\"><div class=\"publi-adlabel\">Publicit\u00e9<\/div><script async src=\"\/\/pagead2.googlesyndication.com\/pagead\/js\/adsbygoogle.js?client=ca-pub-4089586018074219\" crossorigin=\"anonymous\"><\/script><ins class=\"adsbygoogle\" style=\"display:block;\" data-ad-client=\"ca-pub-4089586018074219\" \ndata-ad-slot=\"2087940154\" \ndata-ad-format=\"auto\"><\/ins>\n<script> \n(adsbygoogle = window.adsbygoogle || []).push({}); \n<\/script>\n<\/div>","protected":false},"excerpt":{"rendered":"<p>Le lat\u00e9ral gauche br\u00e9silien Marcelo a sign\u00e9 un contrat en faveur de l&rsquo;Olympiakos, a annonc\u00e9 vendredi le triple champion en titre de Gr\u00e8ce, sans r\u00e9v\u00e9ler la dur\u00e9e ni le montant du contrat. \u00ab\u00a0Une vraie LEGENDE du football rejoint OLYMPIAKOS\u00ab\u00a0, \u00e9crit le club en grec et en anglais sur Twitter.\u00a0\u00c2g\u00e9 de 34 ans, Marcelo a disput\u00e9 546 matches sous les couleurs du Real Madrid o\u00f9 il \u00e9tait arriv\u00e9 en 2006 \u00e0 l&rsquo;\u00e2ge de 18 ans et avec lequel il a remport\u00e9 cinq Ligues des champions, pr\u00e9cise encore l&rsquo;Olympiakos dans un communiqu\u00e9 sur son site officiel.\u00a0Il est le joueur le plus titr\u00e9 de l&rsquo;histoire du Real Madrid avec 25 troph\u00e9es. La direction du Real avait d\u00e9cid\u00e9 de ne pas prolonger son contrat au terme d&rsquo;une saison 2021\/2022 compliqu\u00e9e pour le joueur, qui n&rsquo;a \u00e9t\u00e9 que cinq fois titulaire en Liga et n&rsquo;a pas disput\u00e9 la finale de la Ligue des champions le 28 mai au Stade de France contre Liverpool, remport\u00e9e 1-0. &nbsp; Marcelo, qui jouait \u00e0 Fluminense avant de venir en Europe, compte 58 s\u00e9lections en \u00e9quipe du Br\u00e9sil (6 buts) sous le maillot duquel il a pris part \u00e0 deux Coupes du monde en 2014 et 2018.&nbsp;L&rsquo;Olympiakos, club du Pir\u00e9e, \u00e0 Ath\u00e8nes, est dans le m\u00eame groupe de Ligue Europa que le FC Nantes chez qui il se rendra lors de la premi\u00e8re journ\u00e9e, jeudi prochain (21h00).<\/p>\n","protected":false},"author":1,"featured_media":1208,"comment_status":"open","ping_status":"open","sticky":false,"template":"","format":"standard","meta":{"_jetpack_memberships_contains_paid_content":false,"footnotes":""},"categories":[7,372],"tags":[487,484,50,486,485],"class_list":["post-1207","post","type-post","status-publish","format-standard","has-post-thumbnail","hentry","category-sport","category-vedette","tag-latteral","tag-marcelo","tag-mercato","tag-olympiakos","tag-real-madrid","entry","has-media","owp-thumbs-layout-horizontal","owp-btn-normal","owp-tabs-layout-horizontal","has-no-thumbnails","has-product-nav"],"yoast_head":"<!-- This site is optimized with the Yoast SEO plugin v25.5 - https:\/\/yoast.com\/wordpress\/plugins\/seo\/ -->\n<title>Mercato: Marcelo quitte le Real Madrid pour l\u2019Olympiakos. - LE PUBLIC<\/title>\n<meta name=\"robots\" content=\"index, follow, max-snippet:-1, max-image-preview:large, max-video-preview:-1\" \/>\n<link rel=\"canonical\" href=\"https:\/\/www.public.sn\/index.php\/2022\/09\/03\/mercato-marcelo-qui-le-real-madrid-pour-lolympiakos\/\" \/>\n<meta property=\"og:locale\" content=\"fr_FR\" \/>\n<meta property=\"og:type\" content=\"article\" \/>\n<meta property=\"og:title\" content=\"Mercato: Marcelo quitte le Real Madrid pour l\u2019Olympiakos. - LE PUBLIC\" \/>\n<meta property=\"og:description\" content=\"Le lat\u00e9ral gauche br\u00e9silien Marcelo a sign\u00e9 un contrat en faveur de l&rsquo;Olympiakos, a annonc\u00e9 vendredi le triple champion en titre de Gr\u00e8ce, sans r\u00e9v\u00e9ler la dur\u00e9e ni le montant du contrat. \u00ab\u00a0Une vraie LEGENDE du football rejoint OLYMPIAKOS\u00ab\u00a0, \u00e9crit le club en grec et en anglais sur Twitter.\u00a0\u00c2g\u00e9 de 34 ans, Marcelo a disput\u00e9 546 matches sous les couleurs du Real Madrid o\u00f9 il \u00e9tait arriv\u00e9 en 2006 \u00e0 l&rsquo;\u00e2ge de 18 ans et avec lequel il a remport\u00e9 cinq Ligues des champions, pr\u00e9cise encore l&rsquo;Olympiakos dans un communiqu\u00e9 sur son site officiel.\u00a0Il est le joueur le plus titr\u00e9 de l&rsquo;histoire du Real Madrid avec 25 troph\u00e9es. La direction du Real avait d\u00e9cid\u00e9 de ne pas prolonger son contrat au terme d&rsquo;une saison 2021\/2022 compliqu\u00e9e pour le joueur, qui n&rsquo;a \u00e9t\u00e9 que cinq fois titulaire en Liga et n&rsquo;a pas disput\u00e9 la finale de la Ligue des champions le 28 mai au Stade de France contre Liverpool, remport\u00e9e 1-0. &nbsp; Marcelo, qui jouait \u00e0 Fluminense avant de venir en Europe, compte 58 s\u00e9lections en \u00e9quipe du Br\u00e9sil (6 buts) sous le maillot duquel il a pris part \u00e0 deux Coupes du monde en 2014 et 2018.&nbsp;L&rsquo;Olympiakos, club du Pir\u00e9e, \u00e0 Ath\u00e8nes, est dans le m\u00eame groupe de Ligue Europa que le FC Nantes chez qui il se rendra lors de la premi\u00e8re journ\u00e9e, jeudi prochain (21h00).\" \/>\n<meta property=\"og:url\" content=\"https:\/\/www.public.sn\/index.php\/2022\/09\/03\/mercato-marcelo-qui-le-real-madrid-pour-lolympiakos\/\" \/>\n<meta property=\"og:site_name\" content=\"LE PUBLIC\" \/>\n<meta property=\"article:published_time\" content=\"2022-09-03T15:38:33+00:00\" \/>\n<meta property=\"article:modified_time\" content=\"2022-09-03T15:54:07+00:00\" \/>\n<meta property=\"og:image\" content=\"https:\/\/www.public.sn\/wp-content\/uploads\/2022\/09\/55008B6E-9106-4AEA-9955-772D74120F04.jpeg\" \/>\n\t<meta property=\"og:image:width\" content=\"1200\" \/>\n\t<meta property=\"og:image:height\" content=\"640\" \/>\n\t<meta property=\"og:image:type\" content=\"image\/jpeg\" \/>\n<meta name=\"author\" content=\"LA REDACTION\" \/>\n<meta name=\"twitter:card\" content=\"summary_large_image\" \/>\n<meta name=\"twitter:label1\" content=\"\u00c9crit par\" \/>\n\t<meta name=\"twitter:data1\" content=\"LA REDACTION\" \/>\n\t<meta name=\"twitter:label2\" content=\"Dur\u00e9e de lecture estim\u00e9e\" \/>\n\t<meta name=\"twitter:data2\" content=\"2 minutes\" \/>\n<script type=\"application\/ld+json\" class=\"yoast-schema-graph\">{\"@context\":\"https:\/\/schema.org\",\"@graph\":[{\"@type\":\"Article\",\"@id\":\"https:\/\/www.public.sn\/index.php\/2022\/09\/03\/mercato-marcelo-qui-le-real-madrid-pour-lolympiakos\/#article\",\"isPartOf\":{\"@id\":\"https:\/\/www.public.sn\/index.php\/2022\/09\/03\/mercato-marcelo-qui-le-real-madrid-pour-lolympiakos\/\"},\"author\":{\"name\":\"LA REDACTION\",\"@id\":\"https:\/\/www.public.sn\/#\/schema\/person\/e3f4a11b037d4203902db148f9bc8d5a\"},\"headline\":\"Mercato: Marcelo quitte le Real Madrid pour l\u2019Olympiakos.\",\"datePublished\":\"2022-09-03T15:38:33+00:00\",\"dateModified\":\"2022-09-03T15:54:07+00:00\",\"mainEntityOfPage\":{\"@id\":\"https:\/\/www.public.sn\/index.php\/2022\/09\/03\/mercato-marcelo-qui-le-real-madrid-pour-lolympiakos\/\"},\"wordCount\":244,\"commentCount\":0,\"publisher\":{\"@id\":\"https:\/\/www.public.sn\/#organization\"},\"image\":{\"@id\":\"https:\/\/www.public.sn\/index.php\/2022\/09\/03\/mercato-marcelo-qui-le-real-madrid-pour-lolympiakos\/#primaryimage\"},\"thumbnailUrl\":\"https:\/\/www.public.sn\/wp-content\/uploads\/2022\/09\/55008B6E-9106-4AEA-9955-772D74120F04.jpeg\",\"keywords\":[\"Latteral\",\"Marcelo\",\"Mercato\",\"Olympiakos\",\"Real Madrid\"],\"articleSection\":[\"SPORTS\",\"VEDETTE\"],\"inLanguage\":\"fr-FR\",\"potentialAction\":[{\"@type\":\"CommentAction\",\"name\":\"Comment\",\"target\":[\"https:\/\/www.public.sn\/index.php\/2022\/09\/03\/mercato-marcelo-qui-le-real-madrid-pour-lolympiakos\/#respond\"]}]},{\"@type\":\"WebPage\",\"@id\":\"https:\/\/www.public.sn\/index.php\/2022\/09\/03\/mercato-marcelo-qui-le-real-madrid-pour-lolympiakos\/\",\"url\":\"https:\/\/www.public.sn\/index.php\/2022\/09\/03\/mercato-marcelo-qui-le-real-madrid-pour-lolympiakos\/\",\"name\":\"Mercato: Marcelo quitte le Real Madrid pour l\u2019Olympiakos. - LE PUBLIC\",\"isPartOf\":{\"@id\":\"https:\/\/www.public.sn\/#website\"},\"primaryImageOfPage\":{\"@id\":\"https:\/\/www.public.sn\/index.php\/2022\/09\/03\/mercato-marcelo-qui-le-real-madrid-pour-lolympiakos\/#primaryimage\"},\"image\":{\"@id\":\"https:\/\/www.public.sn\/index.php\/2022\/09\/03\/mercato-marcelo-qui-le-real-madrid-pour-lolympiakos\/#primaryimage\"},\"thumbnailUrl\":\"https:\/\/www.public.sn\/wp-content\/uploads\/2022\/09\/55008B6E-9106-4AEA-9955-772D74120F04.jpeg\",\"datePublished\":\"2022-09-03T15:38:33+00:00\",\"dateModified\":\"2022-09-03T15:54:07+00:00\",\"breadcrumb\":{\"@id\":\"https:\/\/www.public.sn\/index.php\/2022\/09\/03\/mercato-marcelo-qui-le-real-madrid-pour-lolympiakos\/#breadcrumb\"},\"inLanguage\":\"fr-FR\",\"potentialAction\":[{\"@type\":\"ReadAction\",\"target\":[\"https:\/\/www.public.sn\/index.php\/2022\/09\/03\/mercato-marcelo-qui-le-real-madrid-pour-lolympiakos\/\"]}]},{\"@type\":\"ImageObject\",\"inLanguage\":\"fr-FR\",\"@id\":\"https:\/\/www.public.sn\/index.php\/2022\/09\/03\/mercato-marcelo-qui-le-real-madrid-pour-lolympiakos\/#primaryimage\",\"url\":\"https:\/\/www.public.sn\/wp-content\/uploads\/2022\/09\/55008B6E-9106-4AEA-9955-772D74120F04.jpeg\",\"contentUrl\":\"https:\/\/www.public.sn\/wp-content\/uploads\/2022\/09\/55008B6E-9106-4AEA-9955-772D74120F04.jpeg\",\"width\":1200,\"height\":640},{\"@type\":\"BreadcrumbList\",\"@id\":\"https:\/\/www.public.sn\/index.php\/2022\/09\/03\/mercato-marcelo-qui-le-real-madrid-pour-lolympiakos\/#breadcrumb\",\"itemListElement\":[{\"@type\":\"ListItem\",\"position\":1,\"name\":\"Accueil\",\"item\":\"https:\/\/www.public.sn\/\"},{\"@type\":\"ListItem\",\"position\":2,\"name\":\"Mercato: Marcelo quitte le Real Madrid pour l\u2019Olympiakos.\"}]},{\"@type\":\"WebSite\",\"@id\":\"https:\/\/www.public.sn\/#website\",\"url\":\"https:\/\/www.public.sn\/\",\"name\":\"LE PUBLIC\",\"description\":\"\",\"publisher\":{\"@id\":\"https:\/\/www.public.sn\/#organization\"},\"potentialAction\":[{\"@type\":\"SearchAction\",\"target\":{\"@type\":\"EntryPoint\",\"urlTemplate\":\"https:\/\/www.public.sn\/?s={search_term_string}\"},\"query-input\":{\"@type\":\"PropertyValueSpecification\",\"valueRequired\":true,\"valueName\":\"search_term_string\"}}],\"inLanguage\":\"fr-FR\"},{\"@type\":\"Organization\",\"@id\":\"https:\/\/www.public.sn\/#organization\",\"name\":\"LE PUBLIC\",\"url\":\"https:\/\/www.public.sn\/\",\"logo\":{\"@type\":\"ImageObject\",\"inLanguage\":\"fr-FR\",\"@id\":\"https:\/\/www.public.sn\/#\/schema\/logo\/image\/\",\"url\":\"https:\/\/www.public.sn\/wp-content\/uploads\/2024\/05\/cropped-LOGO-PUBLIC.SN_.png\",\"contentUrl\":\"https:\/\/www.public.sn\/wp-content\/uploads\/2024\/05\/cropped-LOGO-PUBLIC.SN_.png\",\"width\":682,\"height\":192,\"caption\":\"LE PUBLIC\"},\"image\":{\"@id\":\"https:\/\/www.public.sn\/#\/schema\/logo\/image\/\"}},{\"@type\":\"Person\",\"@id\":\"https:\/\/www.public.sn\/#\/schema\/person\/e3f4a11b037d4203902db148f9bc8d5a\",\"name\":\"LA REDACTION\",\"image\":{\"@type\":\"ImageObject\",\"inLanguage\":\"fr-FR\",\"@id\":\"https:\/\/www.public.sn\/#\/schema\/person\/image\/\",\"url\":\"https:\/\/secure.gravatar.com\/avatar\/d6c030db45db2883c075085c5d6c6258654a801a93766b49af0b82d4f454e2a5?s=96&d=mm&r=g\",\"contentUrl\":\"https:\/\/secure.gravatar.com\/avatar\/d6c030db45db2883c075085c5d6c6258654a801a93766b49af0b82d4f454e2a5?s=96&d=mm&r=g\",\"caption\":\"LA REDACTION\"},\"sameAs\":[\"http:\/\/www.public.sn\"],\"url\":\"https:\/\/www.public.sn\/index.php\/author\/admin7324\/\"}]}<\/script>\n<!-- \/ Yoast SEO plugin. -->","yoast_head_json":{"title":"Mercato: Marcelo quitte le Real Madrid pour l\u2019Olympiakos. - LE PUBLIC","robots":{"index":"index","follow":"follow","max-snippet":"max-snippet:-1","max-image-preview":"max-image-preview:large","max-video-preview":"max-video-preview:-1"},"canonical":"https:\/\/www.public.sn\/index.php\/2022\/09\/03\/mercato-marcelo-qui-le-real-madrid-pour-lolympiakos\/","og_locale":"fr_FR","og_type":"article","og_title":"Mercato: Marcelo quitte le Real Madrid pour l\u2019Olympiakos. - LE PUBLIC","og_description":"Le lat\u00e9ral gauche br\u00e9silien Marcelo a sign\u00e9 un contrat en faveur de l&rsquo;Olympiakos, a annonc\u00e9 vendredi le triple champion en titre de Gr\u00e8ce, sans r\u00e9v\u00e9ler la dur\u00e9e ni le montant du contrat. \u00ab\u00a0Une vraie LEGENDE du football rejoint OLYMPIAKOS\u00ab\u00a0, \u00e9crit le club en grec et en anglais sur Twitter.\u00a0\u00c2g\u00e9 de 34 ans, Marcelo a disput\u00e9 546 matches sous les couleurs du Real Madrid o\u00f9 il \u00e9tait arriv\u00e9 en 2006 \u00e0 l&rsquo;\u00e2ge de 18 ans et avec lequel il a remport\u00e9 cinq Ligues des champions, pr\u00e9cise encore l&rsquo;Olympiakos dans un communiqu\u00e9 sur son site officiel.\u00a0Il est le joueur le plus titr\u00e9 de l&rsquo;histoire du Real Madrid avec 25 troph\u00e9es. La direction du Real avait d\u00e9cid\u00e9 de ne pas prolonger son contrat au terme d&rsquo;une saison 2021\/2022 compliqu\u00e9e pour le joueur, qui n&rsquo;a \u00e9t\u00e9 que cinq fois titulaire en Liga et n&rsquo;a pas disput\u00e9 la finale de la Ligue des champions le 28 mai au Stade de France contre Liverpool, remport\u00e9e 1-0. &nbsp; Marcelo, qui jouait \u00e0 Fluminense avant de venir en Europe, compte 58 s\u00e9lections en \u00e9quipe du Br\u00e9sil (6 buts) sous le maillot duquel il a pris part \u00e0 deux Coupes du monde en 2014 et 2018.&nbsp;L&rsquo;Olympiakos, club du Pir\u00e9e, \u00e0 Ath\u00e8nes, est dans le m\u00eame groupe de Ligue Europa que le FC Nantes chez qui il se rendra lors de la premi\u00e8re journ\u00e9e, jeudi prochain (21h00).","og_url":"https:\/\/www.public.sn\/index.php\/2022\/09\/03\/mercato-marcelo-qui-le-real-madrid-pour-lolympiakos\/","og_site_name":"LE PUBLIC","article_published_time":"2022-09-03T15:38:33+00:00","article_modified_time":"2022-09-03T15:54:07+00:00","og_image":[{"width":1200,"height":640,"url":"https:\/\/www.public.sn\/wp-content\/uploads\/2022\/09\/55008B6E-9106-4AEA-9955-772D74120F04.jpeg","type":"image\/jpeg"}],"author":"LA REDACTION","twitter_card":"summary_large_image","twitter_misc":{"\u00c9crit par":"LA REDACTION","Dur\u00e9e de lecture estim\u00e9e":"2 minutes"},"schema":{"@context":"https:\/\/schema.org","@graph":[{"@type":"Article","@id":"https:\/\/www.public.sn\/index.php\/2022\/09\/03\/mercato-marcelo-qui-le-real-madrid-pour-lolympiakos\/#article","isPartOf":{"@id":"https:\/\/www.public.sn\/index.php\/2022\/09\/03\/mercato-marcelo-qui-le-real-madrid-pour-lolympiakos\/"},"author":{"name":"LA REDACTION","@id":"https:\/\/www.public.sn\/#\/schema\/person\/e3f4a11b037d4203902db148f9bc8d5a"},"headline":"Mercato: Marcelo quitte le Real Madrid pour l\u2019Olympiakos.","datePublished":"2022-09-03T15:38:33+00:00","dateModified":"2022-09-03T15:54:07+00:00","mainEntityOfPage":{"@id":"https:\/\/www.public.sn\/index.php\/2022\/09\/03\/mercato-marcelo-qui-le-real-madrid-pour-lolympiakos\/"},"wordCount":244,"commentCount":0,"publisher":{"@id":"https:\/\/www.public.sn\/#organization"},"image":{"@id":"https:\/\/www.public.sn\/index.php\/2022\/09\/03\/mercato-marcelo-qui-le-real-madrid-pour-lolympiakos\/#primaryimage"},"thumbnailUrl":"https:\/\/www.public.sn\/wp-content\/uploads\/2022\/09\/55008B6E-9106-4AEA-9955-772D74120F04.jpeg","keywords":["Latteral","Marcelo","Mercato","Olympiakos","Real Madrid"],"articleSection":["SPORTS","VEDETTE"],"inLanguage":"fr-FR","potentialAction":[{"@type":"CommentAction","name":"Comment","target":["https:\/\/www.public.sn\/index.php\/2022\/09\/03\/mercato-marcelo-qui-le-real-madrid-pour-lolympiakos\/#respond"]}]},{"@type":"WebPage","@id":"https:\/\/www.public.sn\/index.php\/2022\/09\/03\/mercato-marcelo-qui-le-real-madrid-pour-lolympiakos\/","url":"https:\/\/www.public.sn\/index.php\/2022\/09\/03\/mercato-marcelo-qui-le-real-madrid-pour-lolympiakos\/","name":"Mercato: Marcelo quitte le Real Madrid pour l\u2019Olympiakos. - LE PUBLIC","isPartOf":{"@id":"https:\/\/www.public.sn\/#website"},"primaryImageOfPage":{"@id":"https:\/\/www.public.sn\/index.php\/2022\/09\/03\/mercato-marcelo-qui-le-real-madrid-pour-lolympiakos\/#primaryimage"},"image":{"@id":"https:\/\/www.public.sn\/index.php\/2022\/09\/03\/mercato-marcelo-qui-le-real-madrid-pour-lolympiakos\/#primaryimage"},"thumbnailUrl":"https:\/\/www.public.sn\/wp-content\/uploads\/2022\/09\/55008B6E-9106-4AEA-9955-772D74120F04.jpeg","datePublished":"2022-09-03T15:38:33+00:00","dateModified":"2022-09-03T15:54:07+00:00","breadcrumb":{"@id":"https:\/\/www.public.sn\/index.php\/2022\/09\/03\/mercato-marcelo-qui-le-real-madrid-pour-lolympiakos\/#breadcrumb"},"inLanguage":"fr-FR","potentialAction":[{"@type":"ReadAction","target":["https:\/\/www.public.sn\/index.php\/2022\/09\/03\/mercato-marcelo-qui-le-real-madrid-pour-lolympiakos\/"]}]},{"@type":"ImageObject","inLanguage":"fr-FR","@id":"https:\/\/www.public.sn\/index.php\/2022\/09\/03\/mercato-marcelo-qui-le-real-madrid-pour-lolympiakos\/#primaryimage","url":"https:\/\/www.public.sn\/wp-content\/uploads\/2022\/09\/55008B6E-9106-4AEA-9955-772D74120F04.jpeg","contentUrl":"https:\/\/www.public.sn\/wp-content\/uploads\/2022\/09\/55008B6E-9106-4AEA-9955-772D74120F04.jpeg","width":1200,"height":640},{"@type":"BreadcrumbList","@id":"https:\/\/www.public.sn\/index.php\/2022\/09\/03\/mercato-marcelo-qui-le-real-madrid-pour-lolympiakos\/#breadcrumb","itemListElement":[{"@type":"ListItem","position":1,"name":"Accueil","item":"https:\/\/www.public.sn\/"},{"@type":"ListItem","position":2,"name":"Mercato: Marcelo quitte le Real Madrid pour l\u2019Olympiakos."}]},{"@type":"WebSite","@id":"https:\/\/www.public.sn\/#website","url":"https:\/\/www.public.sn\/","name":"LE PUBLIC","description":"","publisher":{"@id":"https:\/\/www.public.sn\/#organization"},"potentialAction":[{"@type":"SearchAction","target":{"@type":"EntryPoint","urlTemplate":"https:\/\/www.public.sn\/?s={search_term_string}"},"query-input":{"@type":"PropertyValueSpecification","valueRequired":true,"valueName":"search_term_string"}}],"inLanguage":"fr-FR"},{"@type":"Organization","@id":"https:\/\/www.public.sn\/#organization","name":"LE PUBLIC","url":"https:\/\/www.public.sn\/","logo":{"@type":"ImageObject","inLanguage":"fr-FR","@id":"https:\/\/www.public.sn\/#\/schema\/logo\/image\/","url":"https:\/\/www.public.sn\/wp-content\/uploads\/2024\/05\/cropped-LOGO-PUBLIC.SN_.png","contentUrl":"https:\/\/www.public.sn\/wp-content\/uploads\/2024\/05\/cropped-LOGO-PUBLIC.SN_.png","width":682,"height":192,"caption":"LE PUBLIC"},"image":{"@id":"https:\/\/www.public.sn\/#\/schema\/logo\/image\/"}},{"@type":"Person","@id":"https:\/\/www.public.sn\/#\/schema\/person\/e3f4a11b037d4203902db148f9bc8d5a","name":"LA REDACTION","image":{"@type":"ImageObject","inLanguage":"fr-FR","@id":"https:\/\/www.public.sn\/#\/schema\/person\/image\/","url":"https:\/\/secure.gravatar.com\/avatar\/d6c030db45db2883c075085c5d6c6258654a801a93766b49af0b82d4f454e2a5?s=96&d=mm&r=g","contentUrl":"https:\/\/secure.gravatar.com\/avatar\/d6c030db45db2883c075085c5d6c6258654a801a93766b49af0b82d4f454e2a5?s=96&d=mm&r=g","caption":"LA REDACTION"},"sameAs":["http:\/\/www.public.sn"],"url":"https:\/\/www.public.sn\/index.php\/author\/admin7324\/"}]}},"jetpack_featured_media_url":"https:\/\/www.public.sn\/wp-content\/uploads\/2022\/09\/55008B6E-9106-4AEA-9955-772D74120F04.jpeg","jetpack_sharing_enabled":true,"_links":{"self":[{"href":"https:\/\/www.public.sn\/index.php\/wp-json\/wp\/v2\/posts\/1207","targetHints":{"allow":["GET"]}}],"collection":[{"href":"https:\/\/www.public.sn\/index.php\/wp-json\/wp\/v2\/posts"}],"about":[{"href":"https:\/\/www.public.sn\/index.php\/wp-json\/wp\/v2\/types\/post"}],"author":[{"embeddable":true,"href":"https:\/\/www.public.sn\/index.php\/wp-json\/wp\/v2\/users\/1"}],"replies":[{"embeddable":true,"href":"https:\/\/www.public.sn\/index.php\/wp-json\/wp\/v2\/comments?post=1207"}],"version-history":[{"count":2,"href":"https:\/\/www.public.sn\/index.php\/wp-json\/wp\/v2\/posts\/1207\/revisions"}],"predecessor-version":[{"id":1210,"href":"https:\/\/www.public.sn\/index.php\/wp-json\/wp\/v2\/posts\/1207\/revisions\/1210"}],"wp:featuredmedia":[{"embeddable":true,"href":"https:\/\/www.public.sn\/index.php\/wp-json\/wp\/v2\/media\/1208"}],"wp:attachment":[{"href":"https:\/\/www.public.sn\/index.php\/wp-json\/wp\/v2\/media?parent=1207"}],"wp:term":[{"taxonomy":"category","embeddable":true,"href":"https:\/\/www.public.sn\/index.php\/wp-json\/wp\/v2\/categories?post=1207"},{"taxonomy":"post_tag","embeddable":true,"href":"https:\/\/www.public.sn\/index.php\/wp-json\/wp\/v2\/tags?post=1207"}],"curies":[{"name":"wp","href":"https:\/\/api.w.org\/{rel}","templated":true}]}}