{"id":12099,"date":"2022-12-20T11:45:15","date_gmt":"2022-12-20T11:45:15","guid":{"rendered":"https:\/\/www.public.sn\/?p=12099"},"modified":"2022-12-20T11:45:17","modified_gmt":"2022-12-20T11:45:17","slug":"rapport-de-la-cour-des-comptes-wade-saisit-lassemblee","status":"publish","type":"post","link":"https:\/\/www.public.sn\/index.php\/2022\/12\/20\/rapport-de-la-cour-des-comptes-wade-saisit-lassemblee\/","title":{"rendered":"Rapport de la Cour des comptes : Wade saisit l&rsquo;Assembl\u00e9e"},"content":{"rendered":"\n<p>\u00a0La Coalition Wallu ne compte pas laisser le rapport sur la gestion du fonds Force Covid-19 sans suite. Le groupe parlementaire Libert\u00e9, d\u00e9mocratie et changement a annonc\u00e9 hier une saisine du Bureau de l\u2019Assembl\u00e9e nationale \u00e0 cet effet. <\/p><div class=\"publi-paragraphe1\" style=\"margin-top: 10px;margin-bottom: 10px;margin-left: auto;margin-right: auto;text-align: center;\" id=\"publi-2730219666\"><div class=\"publi-adlabel\">Publicit\u00e9<\/div><script async src=\"\/\/pagead2.googlesyndication.com\/pagead\/js\/adsbygoogle.js?client=ca-pub-4089586018074219\" crossorigin=\"anonymous\"><\/script><ins class=\"adsbygoogle\" style=\"display:block;\" data-ad-client=\"ca-pub-4089586018074219\" \ndata-ad-slot=\"2087940154\" \ndata-ad-format=\"auto\"><\/ins>\n<script> \n(adsbygoogle = window.adsbygoogle || []).push({}); \n<\/script>\n<\/div>\n\n\n\n<p><em>\u00abLes malversations soulev\u00e9es par la Cour des comptes ne seront pas sans suite. Notre groupe parlementaire compte saisir toutes les initiatives que lui conf\u00e8re la loi pour que des sanctions soient prises. Nous allons saisir le Bureau de l\u2019Assembl\u00e9e nationale pour l\u2019\u00e9lection dans les plus brefs d\u00e9lais des membres de la Haute cour de justice qui est charg\u00e9e de juger les membres du gouvernement et le pr\u00e9sident de la R\u00e9publique\u00bb,<\/em> a annonc\u00e9 Lamine Thiam, le pr\u00e9sident de Libert\u00e9, d\u00e9mocratie et changement.\u00a0<\/p>\n\n\n\n<p>A signaler qu&rsquo;une question d\u2019actualit\u00e9 relative aux \u201ccrimes \u00e9conomiques\u201d dont parle le dernier rapport de la Cour des comptes a \u00e9t\u00e9 d\u00e9pos\u00e9e hier sur la table du pr\u00e9sident de l\u2019Assembl\u00e9e nationale par les d\u00e9put\u00e9s Guy Marius Sagna et Aminata Tour\u00e9. Cette s\u00e9ance sera l\u2019occasion d\u2019interpeller le gouvernement sur les questions d\u2019actualit\u00e9 qui concernent notamment le rapport de la Cour des comptes sur le contr\u00f4le de la gestion du Fonds de riposte et de solidarit\u00e9 contre les effets du Covid-19, pr\u00e9cisent les concern\u00e9s. <\/p>\n\n\n\n<p>Ils rappellent que c\u2019est l\u2019article 94 du R\u00e8glement int\u00e9rieur de l\u2019Assembl\u00e9e nationale qui leur donne cette pr\u00e9rogative de demander la convocation du gouvernement devant le Parlement. \u201cLes d\u00e9put\u00e9s peuvent poser, aux membres du gouvernement, des questions d\u2019actualit\u00e9 nationale ou internationale. Elles sont libell\u00e9es succinctement. Les questions d\u2019actualit\u00e9 doivent pr\u00e9senter un caract\u00e8re d\u2019int\u00e9r\u00eat g\u00e9n\u00e9ral et se rapporter \u00e0 un fait datant de moins d\u2019un mois, au moment de leur d\u00e9p\u00f4t (\u2026)\u201d, citent-ils.<\/p>\n\n\n\n<p>Sur sa page Facebook, le d\u00e9put\u00e9 Guy Marius Sagna a critiqu\u00e9 la gouvernance du Pr\u00e9sident Macky Sall. \u201cLe gouvernement du Pr\u00e9sident Macky Sall, en plus de commettre des crimes de sang, commet des crimes \u00e9conomiques. Souvent, les deux vont ensemble. Les crimes de sang sont commis par le gouvernement de Macky Sall pour cacher des crimes \u00e9conomiques ou tuer celles et ceux qui se battent contre les crimes \u00e9conomiques\u201d, peste le parlementaire.<\/p>\n<div class=\"publi-apres-le-contenu\" style=\"margin-top: 10px;margin-bottom: 10px;margin-left: auto;margin-right: auto;text-align: center;\" id=\"publi-752179445\"><div class=\"publi-adlabel\">Publicit\u00e9<\/div><script async src=\"\/\/pagead2.googlesyndication.com\/pagead\/js\/adsbygoogle.js?client=ca-pub-4089586018074219\" crossorigin=\"anonymous\"><\/script><ins class=\"adsbygoogle\" style=\"display:block;\" data-ad-client=\"ca-pub-4089586018074219\" \ndata-ad-slot=\"2087940154\" \ndata-ad-format=\"auto\"><\/ins>\n<script> \n(adsbygoogle = window.adsbygoogle || []).push({}); \n<\/script>\n<\/div>","protected":false},"excerpt":{"rendered":"<p>\u00a0La Coalition Wallu ne compte pas laisser le rapport sur la gestion du fonds Force Covid-19 sans suite. Le groupe parlementaire Libert\u00e9, d\u00e9mocratie et changement a annonc\u00e9 hier une saisine du Bureau de l\u2019Assembl\u00e9e nationale \u00e0 cet effet. \u00abLes malversations soulev\u00e9es par la Cour des comptes ne seront pas sans suite. Notre groupe parlementaire compte saisir toutes les initiatives que lui conf\u00e8re la loi pour que des sanctions soient prises. Nous allons saisir le Bureau de l\u2019Assembl\u00e9e nationale pour l\u2019\u00e9lection dans les plus brefs d\u00e9lais des membres de la Haute cour de justice qui est charg\u00e9e de juger les membres du gouvernement et le pr\u00e9sident de la R\u00e9publique\u00bb, a annonc\u00e9 Lamine Thiam, le pr\u00e9sident de Libert\u00e9, d\u00e9mocratie et changement.\u00a0 A signaler qu&rsquo;une question d\u2019actualit\u00e9 relative aux \u201ccrimes \u00e9conomiques\u201d dont parle le dernier rapport de la Cour des comptes a \u00e9t\u00e9 d\u00e9pos\u00e9e hier sur la table du pr\u00e9sident de l\u2019Assembl\u00e9e nationale par les d\u00e9put\u00e9s Guy Marius Sagna et Aminata Tour\u00e9. Cette s\u00e9ance sera l\u2019occasion d\u2019interpeller le gouvernement sur les questions d\u2019actualit\u00e9 qui concernent notamment le rapport de la Cour des comptes sur le contr\u00f4le de la gestion du Fonds de riposte et de solidarit\u00e9 contre les effets du Covid-19, pr\u00e9cisent les concern\u00e9s. Ils rappellent que c\u2019est l\u2019article 94 du R\u00e8glement int\u00e9rieur de l\u2019Assembl\u00e9e nationale qui leur donne cette pr\u00e9rogative de demander la convocation du gouvernement devant le Parlement. \u201cLes d\u00e9put\u00e9s peuvent poser, aux membres du gouvernement, des questions d\u2019actualit\u00e9 nationale ou internationale. Elles sont libell\u00e9es succinctement. Les questions d\u2019actualit\u00e9 doivent pr\u00e9senter un caract\u00e8re d\u2019int\u00e9r\u00eat g\u00e9n\u00e9ral et se rapporter \u00e0 un fait datant de moins d\u2019un mois, au moment de leur d\u00e9p\u00f4t (\u2026)\u201d, citent-ils. Sur sa page Facebook, le d\u00e9put\u00e9 Guy Marius Sagna a critiqu\u00e9 la gouvernance du Pr\u00e9sident Macky Sall. \u201cLe gouvernement du Pr\u00e9sident Macky Sall, en plus de commettre des crimes de sang, commet des crimes \u00e9conomiques. Souvent, les deux vont ensemble. Les crimes de sang sont commis par le gouvernement de Macky Sall pour cacher des crimes \u00e9conomiques ou tuer celles et ceux qui se battent contre les crimes \u00e9conomiques\u201d, peste le parlementaire.<\/p>\n","protected":false},"author":1,"featured_media":12100,"comment_status":"open","ping_status":"open","sticky":false,"template":"","format":"standard","meta":{"_jetpack_memberships_contains_paid_content":false,"footnotes":""},"categories":[375,3],"tags":[154,300],"class_list":["post-12099","post","type-post","status-publish","format-standard","has-post-thumbnail","hentry","category-actualites","category-politique","tag-abdoulaye-wade","tag-wallu","entry","has-media","owp-thumbs-layout-horizontal","owp-btn-normal","owp-tabs-layout-horizontal","has-no-thumbnails","has-product-nav"],"yoast_head":"<!-- This site is optimized with the Yoast SEO plugin v25.5 - https:\/\/yoast.com\/wordpress\/plugins\/seo\/ -->\n<title>Rapport de la Cour des comptes : Wade saisit l&#039;Assembl\u00e9e - LE PUBLIC<\/title>\n<meta name=\"robots\" content=\"index, follow, max-snippet:-1, max-image-preview:large, max-video-preview:-1\" \/>\n<link rel=\"canonical\" href=\"https:\/\/www.public.sn\/index.php\/2022\/12\/20\/rapport-de-la-cour-des-comptes-wade-saisit-lassemblee\/\" \/>\n<meta property=\"og:locale\" content=\"fr_FR\" \/>\n<meta property=\"og:type\" content=\"article\" \/>\n<meta property=\"og:title\" content=\"Rapport de la Cour des comptes : Wade saisit l&#039;Assembl\u00e9e - LE PUBLIC\" \/>\n<meta property=\"og:description\" content=\"\u00a0La Coalition Wallu ne compte pas laisser le rapport sur la gestion du fonds Force Covid-19 sans suite. Le groupe parlementaire Libert\u00e9, d\u00e9mocratie et changement a annonc\u00e9 hier une saisine du Bureau de l\u2019Assembl\u00e9e nationale \u00e0 cet effet. \u00abLes malversations soulev\u00e9es par la Cour des comptes ne seront pas sans suite. Notre groupe parlementaire compte saisir toutes les initiatives que lui conf\u00e8re la loi pour que des sanctions soient prises. Nous allons saisir le Bureau de l\u2019Assembl\u00e9e nationale pour l\u2019\u00e9lection dans les plus brefs d\u00e9lais des membres de la Haute cour de justice qui est charg\u00e9e de juger les membres du gouvernement et le pr\u00e9sident de la R\u00e9publique\u00bb, a annonc\u00e9 Lamine Thiam, le pr\u00e9sident de Libert\u00e9, d\u00e9mocratie et changement.\u00a0 A signaler qu&rsquo;une question d\u2019actualit\u00e9 relative aux \u201ccrimes \u00e9conomiques\u201d dont parle le dernier rapport de la Cour des comptes a \u00e9t\u00e9 d\u00e9pos\u00e9e hier sur la table du pr\u00e9sident de l\u2019Assembl\u00e9e nationale par les d\u00e9put\u00e9s Guy Marius Sagna et Aminata Tour\u00e9. Cette s\u00e9ance sera l\u2019occasion d\u2019interpeller le gouvernement sur les questions d\u2019actualit\u00e9 qui concernent notamment le rapport de la Cour des comptes sur le contr\u00f4le de la gestion du Fonds de riposte et de solidarit\u00e9 contre les effets du Covid-19, pr\u00e9cisent les concern\u00e9s. Ils rappellent que c\u2019est l\u2019article 94 du R\u00e8glement int\u00e9rieur de l\u2019Assembl\u00e9e nationale qui leur donne cette pr\u00e9rogative de demander la convocation du gouvernement devant le Parlement. \u201cLes d\u00e9put\u00e9s peuvent poser, aux membres du gouvernement, des questions d\u2019actualit\u00e9 nationale ou internationale. Elles sont libell\u00e9es succinctement. Les questions d\u2019actualit\u00e9 doivent pr\u00e9senter un caract\u00e8re d\u2019int\u00e9r\u00eat g\u00e9n\u00e9ral et se rapporter \u00e0 un fait datant de moins d\u2019un mois, au moment de leur d\u00e9p\u00f4t (\u2026)\u201d, citent-ils. Sur sa page Facebook, le d\u00e9put\u00e9 Guy Marius Sagna a critiqu\u00e9 la gouvernance du Pr\u00e9sident Macky Sall. \u201cLe gouvernement du Pr\u00e9sident Macky Sall, en plus de commettre des crimes de sang, commet des crimes \u00e9conomiques. Souvent, les deux vont ensemble. Les crimes de sang sont commis par le gouvernement de Macky Sall pour cacher des crimes \u00e9conomiques ou tuer celles et ceux qui se battent contre les crimes \u00e9conomiques\u201d, peste le parlementaire.\" \/>\n<meta property=\"og:url\" content=\"https:\/\/www.public.sn\/index.php\/2022\/12\/20\/rapport-de-la-cour-des-comptes-wade-saisit-lassemblee\/\" \/>\n<meta property=\"og:site_name\" content=\"LE PUBLIC\" \/>\n<meta property=\"article:published_time\" content=\"2022-12-20T11:45:15+00:00\" \/>\n<meta property=\"article:modified_time\" content=\"2022-12-20T11:45:17+00:00\" \/>\n<meta property=\"og:image\" content=\"https:\/\/www.public.sn\/wp-content\/uploads\/2022\/12\/wade.webp\" \/>\n\t<meta property=\"og:image:width\" content=\"660\" \/>\n\t<meta property=\"og:image:height\" content=\"330\" \/>\n\t<meta property=\"og:image:type\" content=\"image\/webp\" \/>\n<meta name=\"author\" content=\"LA REDACTION\" \/>\n<meta name=\"twitter:card\" content=\"summary_large_image\" \/>\n<meta name=\"twitter:label1\" content=\"\u00c9crit par\" \/>\n\t<meta name=\"twitter:data1\" content=\"LA REDACTION\" \/>\n\t<meta name=\"twitter:label2\" content=\"Dur\u00e9e de lecture estim\u00e9e\" \/>\n\t<meta name=\"twitter:data2\" content=\"2 minutes\" \/>\n<script type=\"application\/ld+json\" class=\"yoast-schema-graph\">{\"@context\":\"https:\/\/schema.org\",\"@graph\":[{\"@type\":\"Article\",\"@id\":\"https:\/\/www.public.sn\/index.php\/2022\/12\/20\/rapport-de-la-cour-des-comptes-wade-saisit-lassemblee\/#article\",\"isPartOf\":{\"@id\":\"https:\/\/www.public.sn\/index.php\/2022\/12\/20\/rapport-de-la-cour-des-comptes-wade-saisit-lassemblee\/\"},\"author\":{\"name\":\"LA REDACTION\",\"@id\":\"https:\/\/www.public.sn\/#\/schema\/person\/e3f4a11b037d4203902db148f9bc8d5a\"},\"headline\":\"Rapport de la Cour des comptes : Wade saisit l&rsquo;Assembl\u00e9e\",\"datePublished\":\"2022-12-20T11:45:15+00:00\",\"dateModified\":\"2022-12-20T11:45:17+00:00\",\"mainEntityOfPage\":{\"@id\":\"https:\/\/www.public.sn\/index.php\/2022\/12\/20\/rapport-de-la-cour-des-comptes-wade-saisit-lassemblee\/\"},\"wordCount\":404,\"commentCount\":0,\"publisher\":{\"@id\":\"https:\/\/www.public.sn\/#organization\"},\"image\":{\"@id\":\"https:\/\/www.public.sn\/index.php\/2022\/12\/20\/rapport-de-la-cour-des-comptes-wade-saisit-lassemblee\/#primaryimage\"},\"thumbnailUrl\":\"https:\/\/www.public.sn\/wp-content\/uploads\/2022\/12\/wade.webp\",\"keywords\":[\"Abdoulaye Wade\",\"Wallu\"],\"articleSection\":[\"ACTUALIT\u00c9S\",\"POLITIQUE\"],\"inLanguage\":\"fr-FR\",\"potentialAction\":[{\"@type\":\"CommentAction\",\"name\":\"Comment\",\"target\":[\"https:\/\/www.public.sn\/index.php\/2022\/12\/20\/rapport-de-la-cour-des-comptes-wade-saisit-lassemblee\/#respond\"]}]},{\"@type\":\"WebPage\",\"@id\":\"https:\/\/www.public.sn\/index.php\/2022\/12\/20\/rapport-de-la-cour-des-comptes-wade-saisit-lassemblee\/\",\"url\":\"https:\/\/www.public.sn\/index.php\/2022\/12\/20\/rapport-de-la-cour-des-comptes-wade-saisit-lassemblee\/\",\"name\":\"Rapport de la Cour des comptes : Wade saisit l'Assembl\u00e9e - LE PUBLIC\",\"isPartOf\":{\"@id\":\"https:\/\/www.public.sn\/#website\"},\"primaryImageOfPage\":{\"@id\":\"https:\/\/www.public.sn\/index.php\/2022\/12\/20\/rapport-de-la-cour-des-comptes-wade-saisit-lassemblee\/#primaryimage\"},\"image\":{\"@id\":\"https:\/\/www.public.sn\/index.php\/2022\/12\/20\/rapport-de-la-cour-des-comptes-wade-saisit-lassemblee\/#primaryimage\"},\"thumbnailUrl\":\"https:\/\/www.public.sn\/wp-content\/uploads\/2022\/12\/wade.webp\",\"datePublished\":\"2022-12-20T11:45:15+00:00\",\"dateModified\":\"2022-12-20T11:45:17+00:00\",\"breadcrumb\":{\"@id\":\"https:\/\/www.public.sn\/index.php\/2022\/12\/20\/rapport-de-la-cour-des-comptes-wade-saisit-lassemblee\/#breadcrumb\"},\"inLanguage\":\"fr-FR\",\"potentialAction\":[{\"@type\":\"ReadAction\",\"target\":[\"https:\/\/www.public.sn\/index.php\/2022\/12\/20\/rapport-de-la-cour-des-comptes-wade-saisit-lassemblee\/\"]}]},{\"@type\":\"ImageObject\",\"inLanguage\":\"fr-FR\",\"@id\":\"https:\/\/www.public.sn\/index.php\/2022\/12\/20\/rapport-de-la-cour-des-comptes-wade-saisit-lassemblee\/#primaryimage\",\"url\":\"https:\/\/www.public.sn\/wp-content\/uploads\/2022\/12\/wade.webp\",\"contentUrl\":\"https:\/\/www.public.sn\/wp-content\/uploads\/2022\/12\/wade.webp\",\"width\":660,\"height\":330},{\"@type\":\"BreadcrumbList\",\"@id\":\"https:\/\/www.public.sn\/index.php\/2022\/12\/20\/rapport-de-la-cour-des-comptes-wade-saisit-lassemblee\/#breadcrumb\",\"itemListElement\":[{\"@type\":\"ListItem\",\"position\":1,\"name\":\"Accueil\",\"item\":\"https:\/\/www.public.sn\/\"},{\"@type\":\"ListItem\",\"position\":2,\"name\":\"Rapport de la Cour des comptes : Wade saisit l&rsquo;Assembl\u00e9e\"}]},{\"@type\":\"WebSite\",\"@id\":\"https:\/\/www.public.sn\/#website\",\"url\":\"https:\/\/www.public.sn\/\",\"name\":\"LE PUBLIC\",\"description\":\"\",\"publisher\":{\"@id\":\"https:\/\/www.public.sn\/#organization\"},\"potentialAction\":[{\"@type\":\"SearchAction\",\"target\":{\"@type\":\"EntryPoint\",\"urlTemplate\":\"https:\/\/www.public.sn\/?s={search_term_string}\"},\"query-input\":{\"@type\":\"PropertyValueSpecification\",\"valueRequired\":true,\"valueName\":\"search_term_string\"}}],\"inLanguage\":\"fr-FR\"},{\"@type\":\"Organization\",\"@id\":\"https:\/\/www.public.sn\/#organization\",\"name\":\"LE PUBLIC\",\"url\":\"https:\/\/www.public.sn\/\",\"logo\":{\"@type\":\"ImageObject\",\"inLanguage\":\"fr-FR\",\"@id\":\"https:\/\/www.public.sn\/#\/schema\/logo\/image\/\",\"url\":\"https:\/\/www.public.sn\/wp-content\/uploads\/2024\/05\/cropped-LOGO-PUBLIC.SN_.png\",\"contentUrl\":\"https:\/\/www.public.sn\/wp-content\/uploads\/2024\/05\/cropped-LOGO-PUBLIC.SN_.png\",\"width\":682,\"height\":192,\"caption\":\"LE PUBLIC\"},\"image\":{\"@id\":\"https:\/\/www.public.sn\/#\/schema\/logo\/image\/\"}},{\"@type\":\"Person\",\"@id\":\"https:\/\/www.public.sn\/#\/schema\/person\/e3f4a11b037d4203902db148f9bc8d5a\",\"name\":\"LA REDACTION\",\"image\":{\"@type\":\"ImageObject\",\"inLanguage\":\"fr-FR\",\"@id\":\"https:\/\/www.public.sn\/#\/schema\/person\/image\/\",\"url\":\"https:\/\/secure.gravatar.com\/avatar\/d6c030db45db2883c075085c5d6c6258654a801a93766b49af0b82d4f454e2a5?s=96&d=mm&r=g\",\"contentUrl\":\"https:\/\/secure.gravatar.com\/avatar\/d6c030db45db2883c075085c5d6c6258654a801a93766b49af0b82d4f454e2a5?s=96&d=mm&r=g\",\"caption\":\"LA REDACTION\"},\"sameAs\":[\"http:\/\/www.public.sn\"],\"url\":\"https:\/\/www.public.sn\/index.php\/author\/admin7324\/\"}]}<\/script>\n<!-- \/ Yoast SEO plugin. -->","yoast_head_json":{"title":"Rapport de la Cour des comptes : Wade saisit l'Assembl\u00e9e - LE PUBLIC","robots":{"index":"index","follow":"follow","max-snippet":"max-snippet:-1","max-image-preview":"max-image-preview:large","max-video-preview":"max-video-preview:-1"},"canonical":"https:\/\/www.public.sn\/index.php\/2022\/12\/20\/rapport-de-la-cour-des-comptes-wade-saisit-lassemblee\/","og_locale":"fr_FR","og_type":"article","og_title":"Rapport de la Cour des comptes : Wade saisit l'Assembl\u00e9e - LE PUBLIC","og_description":"\u00a0La Coalition Wallu ne compte pas laisser le rapport sur la gestion du fonds Force Covid-19 sans suite. Le groupe parlementaire Libert\u00e9, d\u00e9mocratie et changement a annonc\u00e9 hier une saisine du Bureau de l\u2019Assembl\u00e9e nationale \u00e0 cet effet. \u00abLes malversations soulev\u00e9es par la Cour des comptes ne seront pas sans suite. Notre groupe parlementaire compte saisir toutes les initiatives que lui conf\u00e8re la loi pour que des sanctions soient prises. Nous allons saisir le Bureau de l\u2019Assembl\u00e9e nationale pour l\u2019\u00e9lection dans les plus brefs d\u00e9lais des membres de la Haute cour de justice qui est charg\u00e9e de juger les membres du gouvernement et le pr\u00e9sident de la R\u00e9publique\u00bb, a annonc\u00e9 Lamine Thiam, le pr\u00e9sident de Libert\u00e9, d\u00e9mocratie et changement.\u00a0 A signaler qu&rsquo;une question d\u2019actualit\u00e9 relative aux \u201ccrimes \u00e9conomiques\u201d dont parle le dernier rapport de la Cour des comptes a \u00e9t\u00e9 d\u00e9pos\u00e9e hier sur la table du pr\u00e9sident de l\u2019Assembl\u00e9e nationale par les d\u00e9put\u00e9s Guy Marius Sagna et Aminata Tour\u00e9. Cette s\u00e9ance sera l\u2019occasion d\u2019interpeller le gouvernement sur les questions d\u2019actualit\u00e9 qui concernent notamment le rapport de la Cour des comptes sur le contr\u00f4le de la gestion du Fonds de riposte et de solidarit\u00e9 contre les effets du Covid-19, pr\u00e9cisent les concern\u00e9s. Ils rappellent que c\u2019est l\u2019article 94 du R\u00e8glement int\u00e9rieur de l\u2019Assembl\u00e9e nationale qui leur donne cette pr\u00e9rogative de demander la convocation du gouvernement devant le Parlement. \u201cLes d\u00e9put\u00e9s peuvent poser, aux membres du gouvernement, des questions d\u2019actualit\u00e9 nationale ou internationale. Elles sont libell\u00e9es succinctement. Les questions d\u2019actualit\u00e9 doivent pr\u00e9senter un caract\u00e8re d\u2019int\u00e9r\u00eat g\u00e9n\u00e9ral et se rapporter \u00e0 un fait datant de moins d\u2019un mois, au moment de leur d\u00e9p\u00f4t (\u2026)\u201d, citent-ils. Sur sa page Facebook, le d\u00e9put\u00e9 Guy Marius Sagna a critiqu\u00e9 la gouvernance du Pr\u00e9sident Macky Sall. \u201cLe gouvernement du Pr\u00e9sident Macky Sall, en plus de commettre des crimes de sang, commet des crimes \u00e9conomiques. Souvent, les deux vont ensemble. Les crimes de sang sont commis par le gouvernement de Macky Sall pour cacher des crimes \u00e9conomiques ou tuer celles et ceux qui se battent contre les crimes \u00e9conomiques\u201d, peste le parlementaire.","og_url":"https:\/\/www.public.sn\/index.php\/2022\/12\/20\/rapport-de-la-cour-des-comptes-wade-saisit-lassemblee\/","og_site_name":"LE PUBLIC","article_published_time":"2022-12-20T11:45:15+00:00","article_modified_time":"2022-12-20T11:45:17+00:00","og_image":[{"width":660,"height":330,"url":"https:\/\/www.public.sn\/wp-content\/uploads\/2022\/12\/wade.webp","type":"image\/webp"}],"author":"LA REDACTION","twitter_card":"summary_large_image","twitter_misc":{"\u00c9crit par":"LA REDACTION","Dur\u00e9e de lecture estim\u00e9e":"2 minutes"},"schema":{"@context":"https:\/\/schema.org","@graph":[{"@type":"Article","@id":"https:\/\/www.public.sn\/index.php\/2022\/12\/20\/rapport-de-la-cour-des-comptes-wade-saisit-lassemblee\/#article","isPartOf":{"@id":"https:\/\/www.public.sn\/index.php\/2022\/12\/20\/rapport-de-la-cour-des-comptes-wade-saisit-lassemblee\/"},"author":{"name":"LA REDACTION","@id":"https:\/\/www.public.sn\/#\/schema\/person\/e3f4a11b037d4203902db148f9bc8d5a"},"headline":"Rapport de la Cour des comptes : Wade saisit l&rsquo;Assembl\u00e9e","datePublished":"2022-12-20T11:45:15+00:00","dateModified":"2022-12-20T11:45:17+00:00","mainEntityOfPage":{"@id":"https:\/\/www.public.sn\/index.php\/2022\/12\/20\/rapport-de-la-cour-des-comptes-wade-saisit-lassemblee\/"},"wordCount":404,"commentCount":0,"publisher":{"@id":"https:\/\/www.public.sn\/#organization"},"image":{"@id":"https:\/\/www.public.sn\/index.php\/2022\/12\/20\/rapport-de-la-cour-des-comptes-wade-saisit-lassemblee\/#primaryimage"},"thumbnailUrl":"https:\/\/www.public.sn\/wp-content\/uploads\/2022\/12\/wade.webp","keywords":["Abdoulaye Wade","Wallu"],"articleSection":["ACTUALIT\u00c9S","POLITIQUE"],"inLanguage":"fr-FR","potentialAction":[{"@type":"CommentAction","name":"Comment","target":["https:\/\/www.public.sn\/index.php\/2022\/12\/20\/rapport-de-la-cour-des-comptes-wade-saisit-lassemblee\/#respond"]}]},{"@type":"WebPage","@id":"https:\/\/www.public.sn\/index.php\/2022\/12\/20\/rapport-de-la-cour-des-comptes-wade-saisit-lassemblee\/","url":"https:\/\/www.public.sn\/index.php\/2022\/12\/20\/rapport-de-la-cour-des-comptes-wade-saisit-lassemblee\/","name":"Rapport de la Cour des comptes : Wade saisit l'Assembl\u00e9e - LE PUBLIC","isPartOf":{"@id":"https:\/\/www.public.sn\/#website"},"primaryImageOfPage":{"@id":"https:\/\/www.public.sn\/index.php\/2022\/12\/20\/rapport-de-la-cour-des-comptes-wade-saisit-lassemblee\/#primaryimage"},"image":{"@id":"https:\/\/www.public.sn\/index.php\/2022\/12\/20\/rapport-de-la-cour-des-comptes-wade-saisit-lassemblee\/#primaryimage"},"thumbnailUrl":"https:\/\/www.public.sn\/wp-content\/uploads\/2022\/12\/wade.webp","datePublished":"2022-12-20T11:45:15+00:00","dateModified":"2022-12-20T11:45:17+00:00","breadcrumb":{"@id":"https:\/\/www.public.sn\/index.php\/2022\/12\/20\/rapport-de-la-cour-des-comptes-wade-saisit-lassemblee\/#breadcrumb"},"inLanguage":"fr-FR","potentialAction":[{"@type":"ReadAction","target":["https:\/\/www.public.sn\/index.php\/2022\/12\/20\/rapport-de-la-cour-des-comptes-wade-saisit-lassemblee\/"]}]},{"@type":"ImageObject","inLanguage":"fr-FR","@id":"https:\/\/www.public.sn\/index.php\/2022\/12\/20\/rapport-de-la-cour-des-comptes-wade-saisit-lassemblee\/#primaryimage","url":"https:\/\/www.public.sn\/wp-content\/uploads\/2022\/12\/wade.webp","contentUrl":"https:\/\/www.public.sn\/wp-content\/uploads\/2022\/12\/wade.webp","width":660,"height":330},{"@type":"BreadcrumbList","@id":"https:\/\/www.public.sn\/index.php\/2022\/12\/20\/rapport-de-la-cour-des-comptes-wade-saisit-lassemblee\/#breadcrumb","itemListElement":[{"@type":"ListItem","position":1,"name":"Accueil","item":"https:\/\/www.public.sn\/"},{"@type":"ListItem","position":2,"name":"Rapport de la Cour des comptes : Wade saisit l&rsquo;Assembl\u00e9e"}]},{"@type":"WebSite","@id":"https:\/\/www.public.sn\/#website","url":"https:\/\/www.public.sn\/","name":"LE PUBLIC","description":"","publisher":{"@id":"https:\/\/www.public.sn\/#organization"},"potentialAction":[{"@type":"SearchAction","target":{"@type":"EntryPoint","urlTemplate":"https:\/\/www.public.sn\/?s={search_term_string}"},"query-input":{"@type":"PropertyValueSpecification","valueRequired":true,"valueName":"search_term_string"}}],"inLanguage":"fr-FR"},{"@type":"Organization","@id":"https:\/\/www.public.sn\/#organization","name":"LE PUBLIC","url":"https:\/\/www.public.sn\/","logo":{"@type":"ImageObject","inLanguage":"fr-FR","@id":"https:\/\/www.public.sn\/#\/schema\/logo\/image\/","url":"https:\/\/www.public.sn\/wp-content\/uploads\/2024\/05\/cropped-LOGO-PUBLIC.SN_.png","contentUrl":"https:\/\/www.public.sn\/wp-content\/uploads\/2024\/05\/cropped-LOGO-PUBLIC.SN_.png","width":682,"height":192,"caption":"LE PUBLIC"},"image":{"@id":"https:\/\/www.public.sn\/#\/schema\/logo\/image\/"}},{"@type":"Person","@id":"https:\/\/www.public.sn\/#\/schema\/person\/e3f4a11b037d4203902db148f9bc8d5a","name":"LA REDACTION","image":{"@type":"ImageObject","inLanguage":"fr-FR","@id":"https:\/\/www.public.sn\/#\/schema\/person\/image\/","url":"https:\/\/secure.gravatar.com\/avatar\/d6c030db45db2883c075085c5d6c6258654a801a93766b49af0b82d4f454e2a5?s=96&d=mm&r=g","contentUrl":"https:\/\/secure.gravatar.com\/avatar\/d6c030db45db2883c075085c5d6c6258654a801a93766b49af0b82d4f454e2a5?s=96&d=mm&r=g","caption":"LA REDACTION"},"sameAs":["http:\/\/www.public.sn"],"url":"https:\/\/www.public.sn\/index.php\/author\/admin7324\/"}]}},"jetpack_featured_media_url":"https:\/\/www.public.sn\/wp-content\/uploads\/2022\/12\/wade.webp","jetpack_sharing_enabled":true,"_links":{"self":[{"href":"https:\/\/www.public.sn\/index.php\/wp-json\/wp\/v2\/posts\/12099","targetHints":{"allow":["GET"]}}],"collection":[{"href":"https:\/\/www.public.sn\/index.php\/wp-json\/wp\/v2\/posts"}],"about":[{"href":"https:\/\/www.public.sn\/index.php\/wp-json\/wp\/v2\/types\/post"}],"author":[{"embeddable":true,"href":"https:\/\/www.public.sn\/index.php\/wp-json\/wp\/v2\/users\/1"}],"replies":[{"embeddable":true,"href":"https:\/\/www.public.sn\/index.php\/wp-json\/wp\/v2\/comments?post=12099"}],"version-history":[{"count":1,"href":"https:\/\/www.public.sn\/index.php\/wp-json\/wp\/v2\/posts\/12099\/revisions"}],"predecessor-version":[{"id":12101,"href":"https:\/\/www.public.sn\/index.php\/wp-json\/wp\/v2\/posts\/12099\/revisions\/12101"}],"wp:featuredmedia":[{"embeddable":true,"href":"https:\/\/www.public.sn\/index.php\/wp-json\/wp\/v2\/media\/12100"}],"wp:attachment":[{"href":"https:\/\/www.public.sn\/index.php\/wp-json\/wp\/v2\/media?parent=12099"}],"wp:term":[{"taxonomy":"category","embeddable":true,"href":"https:\/\/www.public.sn\/index.php\/wp-json\/wp\/v2\/categories?post=12099"},{"taxonomy":"post_tag","embeddable":true,"href":"https:\/\/www.public.sn\/index.php\/wp-json\/wp\/v2\/tags?post=12099"}],"curies":[{"name":"wp","href":"https:\/\/api.w.org\/{rel}","templated":true}]}}