{"id":12105,"date":"2022-12-20T13:01:12","date_gmt":"2022-12-20T13:01:12","guid":{"rendered":"https:\/\/www.public.sn\/?p=12105"},"modified":"2022-12-20T13:03:46","modified_gmt":"2022-12-20T13:03:46","slug":"amy-ndiaye-gniby-est-rentree-chez-elle-les-exigences-de-son-gyneco","status":"publish","type":"post","link":"https:\/\/www.public.sn\/index.php\/2022\/12\/20\/amy-ndiaye-gniby-est-rentree-chez-elle-les-exigences-de-son-gyneco\/","title":{"rendered":"Amy Ndiaye Gniby est rentr\u00e9e chez elle, les exigences de son gyn\u00e9co"},"content":{"rendered":"\n<p>Amy Ndiaye Gniby est finalement rentr\u00e9e chez elle. Le gyn\u00e9cologue de la maternit\u00e9 de l\u2019h\u00f4pital Principal qui la suit en a d\u00e9cid\u00e9 ainsi avec toutefois quelques consignes qu\u2019elle doit respecter vu que, selon nos informations, elle ne s\u2019est pas encore tir\u00e9e d\u2019affaire.<\/p><div class=\"publi-paragraphe1\" style=\"margin-top: 10px;margin-bottom: 10px;margin-left: auto;margin-right: auto;text-align: center;\" id=\"publi-2307928699\"><div class=\"publi-adlabel\">Publicit\u00e9<\/div><script async src=\"\/\/pagead2.googlesyndication.com\/pagead\/js\/adsbygoogle.js?client=ca-pub-4089586018074219\" crossorigin=\"anonymous\"><\/script><ins class=\"adsbygoogle\" style=\"display:block;\" data-ad-client=\"ca-pub-4089586018074219\" \ndata-ad-slot=\"2087940154\" \ndata-ad-format=\"auto\"><\/ins>\n<script> \n(adsbygoogle = window.adsbygoogle || []).push({}); \n<\/script>\n<\/div>\n\n\n\n<p>La d\u00e9put\u00e9e maire de Gniby a quitt\u00e9 la maternit\u00e9 de l\u2019h\u00f4pital Principal, vendredi dernier. Le gyn\u00e9cologue qui la suit lui a donn\u00e9 un ticket de sortie. Tout de m\u00eame, le sp\u00e9cialiste lui a prescrit un repos forc\u00e9 de 15 jours. Durant ces deux semaines, l\u2019am\u00e9lioration de son \u00e9tat de sant\u00e9 sera pass\u00e9 \u00e0 la loupe. L\u2019on nous informe que Amy Ndiaye est toujours en observation.<\/p>\n\n\n\n<p>Vu que sa grossesse comporte toujours des risques. Raison pour laquelle il lui est interdit un quelconque d\u00e9placement.<\/p>\n<div class=\"publi-apres-le-contenu\" style=\"margin-top: 10px;margin-bottom: 10px;margin-left: auto;margin-right: auto;text-align: center;\" id=\"publi-2115378676\"><div class=\"publi-adlabel\">Publicit\u00e9<\/div><script async src=\"\/\/pagead2.googlesyndication.com\/pagead\/js\/adsbygoogle.js?client=ca-pub-4089586018074219\" crossorigin=\"anonymous\"><\/script><ins class=\"adsbygoogle\" style=\"display:block;\" data-ad-client=\"ca-pub-4089586018074219\" \ndata-ad-slot=\"2087940154\" \ndata-ad-format=\"auto\"><\/ins>\n<script> \n(adsbygoogle = window.adsbygoogle || []).push({}); \n<\/script>\n<\/div>","protected":false},"excerpt":{"rendered":"<p>Amy Ndiaye Gniby est finalement rentr\u00e9e chez elle. Le gyn\u00e9cologue de la maternit\u00e9 de l\u2019h\u00f4pital Principal qui la suit en a d\u00e9cid\u00e9 ainsi avec toutefois quelques consignes qu\u2019elle doit respecter vu que, selon nos informations, elle ne s\u2019est pas encore tir\u00e9e d\u2019affaire. La d\u00e9put\u00e9e maire de Gniby a quitt\u00e9 la maternit\u00e9 de l\u2019h\u00f4pital Principal, vendredi dernier. Le gyn\u00e9cologue qui la suit lui a donn\u00e9 un ticket de sortie. Tout de m\u00eame, le sp\u00e9cialiste lui a prescrit un repos forc\u00e9 de 15 jours. Durant ces deux semaines, l\u2019am\u00e9lioration de son \u00e9tat de sant\u00e9 sera pass\u00e9 \u00e0 la loupe. L\u2019on nous informe que Amy Ndiaye est toujours en observation. Vu que sa grossesse comporte toujours des risques. Raison pour laquelle il lui est interdit un quelconque d\u00e9placement.<\/p>\n","protected":false},"author":1,"featured_media":12106,"comment_status":"open","ping_status":"open","sticky":false,"template":"","format":"standard","meta":{"_jetpack_memberships_contains_paid_content":false,"footnotes":""},"categories":[375,379],"tags":[3621],"class_list":["post-12105","post","type-post","status-publish","format-standard","has-post-thumbnail","hentry","category-actualites","category-faits-divers","tag-amy-ndiaye-gniby","entry","has-media","owp-thumbs-layout-horizontal","owp-btn-normal","owp-tabs-layout-horizontal","has-no-thumbnails","has-product-nav"],"yoast_head":"<!-- This site is optimized with the Yoast SEO plugin v25.5 - https:\/\/yoast.com\/wordpress\/plugins\/seo\/ -->\n<title>Amy Ndiaye Gniby est rentr\u00e9e chez elle, les exigences de son gyn\u00e9co - LE PUBLIC<\/title>\n<meta name=\"robots\" content=\"index, follow, max-snippet:-1, max-image-preview:large, max-video-preview:-1\" \/>\n<link rel=\"canonical\" href=\"https:\/\/www.public.sn\/index.php\/2022\/12\/20\/amy-ndiaye-gniby-est-rentree-chez-elle-les-exigences-de-son-gyneco\/\" \/>\n<meta property=\"og:locale\" content=\"fr_FR\" \/>\n<meta property=\"og:type\" content=\"article\" \/>\n<meta property=\"og:title\" content=\"Amy Ndiaye Gniby est rentr\u00e9e chez elle, les exigences de son gyn\u00e9co - LE PUBLIC\" \/>\n<meta property=\"og:description\" content=\"Amy Ndiaye Gniby est finalement rentr\u00e9e chez elle. Le gyn\u00e9cologue de la maternit\u00e9 de l\u2019h\u00f4pital Principal qui la suit en a d\u00e9cid\u00e9 ainsi avec toutefois quelques consignes qu\u2019elle doit respecter vu que, selon nos informations, elle ne s\u2019est pas encore tir\u00e9e d\u2019affaire. La d\u00e9put\u00e9e maire de Gniby a quitt\u00e9 la maternit\u00e9 de l\u2019h\u00f4pital Principal, vendredi dernier. Le gyn\u00e9cologue qui la suit lui a donn\u00e9 un ticket de sortie. Tout de m\u00eame, le sp\u00e9cialiste lui a prescrit un repos forc\u00e9 de 15 jours. Durant ces deux semaines, l\u2019am\u00e9lioration de son \u00e9tat de sant\u00e9 sera pass\u00e9 \u00e0 la loupe. L\u2019on nous informe que Amy Ndiaye est toujours en observation. Vu que sa grossesse comporte toujours des risques. Raison pour laquelle il lui est interdit un quelconque d\u00e9placement.\" \/>\n<meta property=\"og:url\" content=\"https:\/\/www.public.sn\/index.php\/2022\/12\/20\/amy-ndiaye-gniby-est-rentree-chez-elle-les-exigences-de-son-gyneco\/\" \/>\n<meta property=\"og:site_name\" content=\"LE PUBLIC\" \/>\n<meta property=\"article:published_time\" content=\"2022-12-20T13:01:12+00:00\" \/>\n<meta property=\"article:modified_time\" content=\"2022-12-20T13:03:46+00:00\" \/>\n<meta property=\"og:image\" content=\"https:\/\/www.public.sn\/wp-content\/uploads\/2022\/12\/amy-ndiaye-gnibi.webp\" \/>\n\t<meta property=\"og:image:width\" content=\"667\" \/>\n\t<meta property=\"og:image:height\" content=\"375\" \/>\n\t<meta property=\"og:image:type\" content=\"image\/webp\" \/>\n<meta name=\"author\" content=\"LA REDACTION\" \/>\n<meta name=\"twitter:card\" content=\"summary_large_image\" \/>\n<meta name=\"twitter:label1\" content=\"\u00c9crit par\" \/>\n\t<meta name=\"twitter:data1\" content=\"LA REDACTION\" \/>\n\t<meta name=\"twitter:label2\" content=\"Dur\u00e9e de lecture estim\u00e9e\" \/>\n\t<meta name=\"twitter:data2\" content=\"1 minute\" \/>\n<script type=\"application\/ld+json\" class=\"yoast-schema-graph\">{\"@context\":\"https:\/\/schema.org\",\"@graph\":[{\"@type\":\"Article\",\"@id\":\"https:\/\/www.public.sn\/index.php\/2022\/12\/20\/amy-ndiaye-gniby-est-rentree-chez-elle-les-exigences-de-son-gyneco\/#article\",\"isPartOf\":{\"@id\":\"https:\/\/www.public.sn\/index.php\/2022\/12\/20\/amy-ndiaye-gniby-est-rentree-chez-elle-les-exigences-de-son-gyneco\/\"},\"author\":{\"name\":\"LA REDACTION\",\"@id\":\"https:\/\/www.public.sn\/#\/schema\/person\/e3f4a11b037d4203902db148f9bc8d5a\"},\"headline\":\"Amy Ndiaye Gniby est rentr\u00e9e chez elle, les exigences de son gyn\u00e9co\",\"datePublished\":\"2022-12-20T13:01:12+00:00\",\"dateModified\":\"2022-12-20T13:03:46+00:00\",\"mainEntityOfPage\":{\"@id\":\"https:\/\/www.public.sn\/index.php\/2022\/12\/20\/amy-ndiaye-gniby-est-rentree-chez-elle-les-exigences-de-son-gyneco\/\"},\"wordCount\":157,\"commentCount\":1,\"publisher\":{\"@id\":\"https:\/\/www.public.sn\/#organization\"},\"image\":{\"@id\":\"https:\/\/www.public.sn\/index.php\/2022\/12\/20\/amy-ndiaye-gniby-est-rentree-chez-elle-les-exigences-de-son-gyneco\/#primaryimage\"},\"thumbnailUrl\":\"https:\/\/www.public.sn\/wp-content\/uploads\/2022\/12\/amy-ndiaye-gnibi.webp\",\"keywords\":[\"Amy Ndiaye Gniby\"],\"articleSection\":[\"ACTUALIT\u00c9S\",\"FAITS DIVERS\"],\"inLanguage\":\"fr-FR\",\"potentialAction\":[{\"@type\":\"CommentAction\",\"name\":\"Comment\",\"target\":[\"https:\/\/www.public.sn\/index.php\/2022\/12\/20\/amy-ndiaye-gniby-est-rentree-chez-elle-les-exigences-de-son-gyneco\/#respond\"]}]},{\"@type\":\"WebPage\",\"@id\":\"https:\/\/www.public.sn\/index.php\/2022\/12\/20\/amy-ndiaye-gniby-est-rentree-chez-elle-les-exigences-de-son-gyneco\/\",\"url\":\"https:\/\/www.public.sn\/index.php\/2022\/12\/20\/amy-ndiaye-gniby-est-rentree-chez-elle-les-exigences-de-son-gyneco\/\",\"name\":\"Amy Ndiaye Gniby est rentr\u00e9e chez elle, les exigences de son gyn\u00e9co - LE PUBLIC\",\"isPartOf\":{\"@id\":\"https:\/\/www.public.sn\/#website\"},\"primaryImageOfPage\":{\"@id\":\"https:\/\/www.public.sn\/index.php\/2022\/12\/20\/amy-ndiaye-gniby-est-rentree-chez-elle-les-exigences-de-son-gyneco\/#primaryimage\"},\"image\":{\"@id\":\"https:\/\/www.public.sn\/index.php\/2022\/12\/20\/amy-ndiaye-gniby-est-rentree-chez-elle-les-exigences-de-son-gyneco\/#primaryimage\"},\"thumbnailUrl\":\"https:\/\/www.public.sn\/wp-content\/uploads\/2022\/12\/amy-ndiaye-gnibi.webp\",\"datePublished\":\"2022-12-20T13:01:12+00:00\",\"dateModified\":\"2022-12-20T13:03:46+00:00\",\"breadcrumb\":{\"@id\":\"https:\/\/www.public.sn\/index.php\/2022\/12\/20\/amy-ndiaye-gniby-est-rentree-chez-elle-les-exigences-de-son-gyneco\/#breadcrumb\"},\"inLanguage\":\"fr-FR\",\"potentialAction\":[{\"@type\":\"ReadAction\",\"target\":[\"https:\/\/www.public.sn\/index.php\/2022\/12\/20\/amy-ndiaye-gniby-est-rentree-chez-elle-les-exigences-de-son-gyneco\/\"]}]},{\"@type\":\"ImageObject\",\"inLanguage\":\"fr-FR\",\"@id\":\"https:\/\/www.public.sn\/index.php\/2022\/12\/20\/amy-ndiaye-gniby-est-rentree-chez-elle-les-exigences-de-son-gyneco\/#primaryimage\",\"url\":\"https:\/\/www.public.sn\/wp-content\/uploads\/2022\/12\/amy-ndiaye-gnibi.webp\",\"contentUrl\":\"https:\/\/www.public.sn\/wp-content\/uploads\/2022\/12\/amy-ndiaye-gnibi.webp\",\"width\":667,\"height\":375},{\"@type\":\"BreadcrumbList\",\"@id\":\"https:\/\/www.public.sn\/index.php\/2022\/12\/20\/amy-ndiaye-gniby-est-rentree-chez-elle-les-exigences-de-son-gyneco\/#breadcrumb\",\"itemListElement\":[{\"@type\":\"ListItem\",\"position\":1,\"name\":\"Accueil\",\"item\":\"https:\/\/www.public.sn\/\"},{\"@type\":\"ListItem\",\"position\":2,\"name\":\"Amy Ndiaye Gniby est rentr\u00e9e chez elle, les exigences de son gyn\u00e9co\"}]},{\"@type\":\"WebSite\",\"@id\":\"https:\/\/www.public.sn\/#website\",\"url\":\"https:\/\/www.public.sn\/\",\"name\":\"LE PUBLIC\",\"description\":\"\",\"publisher\":{\"@id\":\"https:\/\/www.public.sn\/#organization\"},\"potentialAction\":[{\"@type\":\"SearchAction\",\"target\":{\"@type\":\"EntryPoint\",\"urlTemplate\":\"https:\/\/www.public.sn\/?s={search_term_string}\"},\"query-input\":{\"@type\":\"PropertyValueSpecification\",\"valueRequired\":true,\"valueName\":\"search_term_string\"}}],\"inLanguage\":\"fr-FR\"},{\"@type\":\"Organization\",\"@id\":\"https:\/\/www.public.sn\/#organization\",\"name\":\"LE PUBLIC\",\"url\":\"https:\/\/www.public.sn\/\",\"logo\":{\"@type\":\"ImageObject\",\"inLanguage\":\"fr-FR\",\"@id\":\"https:\/\/www.public.sn\/#\/schema\/logo\/image\/\",\"url\":\"https:\/\/www.public.sn\/wp-content\/uploads\/2024\/05\/cropped-LOGO-PUBLIC.SN_.png\",\"contentUrl\":\"https:\/\/www.public.sn\/wp-content\/uploads\/2024\/05\/cropped-LOGO-PUBLIC.SN_.png\",\"width\":682,\"height\":192,\"caption\":\"LE PUBLIC\"},\"image\":{\"@id\":\"https:\/\/www.public.sn\/#\/schema\/logo\/image\/\"}},{\"@type\":\"Person\",\"@id\":\"https:\/\/www.public.sn\/#\/schema\/person\/e3f4a11b037d4203902db148f9bc8d5a\",\"name\":\"LA REDACTION\",\"image\":{\"@type\":\"ImageObject\",\"inLanguage\":\"fr-FR\",\"@id\":\"https:\/\/www.public.sn\/#\/schema\/person\/image\/\",\"url\":\"https:\/\/secure.gravatar.com\/avatar\/d6c030db45db2883c075085c5d6c6258654a801a93766b49af0b82d4f454e2a5?s=96&d=mm&r=g\",\"contentUrl\":\"https:\/\/secure.gravatar.com\/avatar\/d6c030db45db2883c075085c5d6c6258654a801a93766b49af0b82d4f454e2a5?s=96&d=mm&r=g\",\"caption\":\"LA REDACTION\"},\"sameAs\":[\"http:\/\/www.public.sn\"],\"url\":\"https:\/\/www.public.sn\/index.php\/author\/admin7324\/\"}]}<\/script>\n<!-- \/ Yoast SEO plugin. -->","yoast_head_json":{"title":"Amy Ndiaye Gniby est rentr\u00e9e chez elle, les exigences de son gyn\u00e9co - LE PUBLIC","robots":{"index":"index","follow":"follow","max-snippet":"max-snippet:-1","max-image-preview":"max-image-preview:large","max-video-preview":"max-video-preview:-1"},"canonical":"https:\/\/www.public.sn\/index.php\/2022\/12\/20\/amy-ndiaye-gniby-est-rentree-chez-elle-les-exigences-de-son-gyneco\/","og_locale":"fr_FR","og_type":"article","og_title":"Amy Ndiaye Gniby est rentr\u00e9e chez elle, les exigences de son gyn\u00e9co - LE PUBLIC","og_description":"Amy Ndiaye Gniby est finalement rentr\u00e9e chez elle. Le gyn\u00e9cologue de la maternit\u00e9 de l\u2019h\u00f4pital Principal qui la suit en a d\u00e9cid\u00e9 ainsi avec toutefois quelques consignes qu\u2019elle doit respecter vu que, selon nos informations, elle ne s\u2019est pas encore tir\u00e9e d\u2019affaire. La d\u00e9put\u00e9e maire de Gniby a quitt\u00e9 la maternit\u00e9 de l\u2019h\u00f4pital Principal, vendredi dernier. Le gyn\u00e9cologue qui la suit lui a donn\u00e9 un ticket de sortie. Tout de m\u00eame, le sp\u00e9cialiste lui a prescrit un repos forc\u00e9 de 15 jours. Durant ces deux semaines, l\u2019am\u00e9lioration de son \u00e9tat de sant\u00e9 sera pass\u00e9 \u00e0 la loupe. L\u2019on nous informe que Amy Ndiaye est toujours en observation. Vu que sa grossesse comporte toujours des risques. Raison pour laquelle il lui est interdit un quelconque d\u00e9placement.","og_url":"https:\/\/www.public.sn\/index.php\/2022\/12\/20\/amy-ndiaye-gniby-est-rentree-chez-elle-les-exigences-de-son-gyneco\/","og_site_name":"LE PUBLIC","article_published_time":"2022-12-20T13:01:12+00:00","article_modified_time":"2022-12-20T13:03:46+00:00","og_image":[{"width":667,"height":375,"url":"https:\/\/www.public.sn\/wp-content\/uploads\/2022\/12\/amy-ndiaye-gnibi.webp","type":"image\/webp"}],"author":"LA REDACTION","twitter_card":"summary_large_image","twitter_misc":{"\u00c9crit par":"LA REDACTION","Dur\u00e9e de lecture estim\u00e9e":"1 minute"},"schema":{"@context":"https:\/\/schema.org","@graph":[{"@type":"Article","@id":"https:\/\/www.public.sn\/index.php\/2022\/12\/20\/amy-ndiaye-gniby-est-rentree-chez-elle-les-exigences-de-son-gyneco\/#article","isPartOf":{"@id":"https:\/\/www.public.sn\/index.php\/2022\/12\/20\/amy-ndiaye-gniby-est-rentree-chez-elle-les-exigences-de-son-gyneco\/"},"author":{"name":"LA REDACTION","@id":"https:\/\/www.public.sn\/#\/schema\/person\/e3f4a11b037d4203902db148f9bc8d5a"},"headline":"Amy Ndiaye Gniby est rentr\u00e9e chez elle, les exigences de son gyn\u00e9co","datePublished":"2022-12-20T13:01:12+00:00","dateModified":"2022-12-20T13:03:46+00:00","mainEntityOfPage":{"@id":"https:\/\/www.public.sn\/index.php\/2022\/12\/20\/amy-ndiaye-gniby-est-rentree-chez-elle-les-exigences-de-son-gyneco\/"},"wordCount":157,"commentCount":1,"publisher":{"@id":"https:\/\/www.public.sn\/#organization"},"image":{"@id":"https:\/\/www.public.sn\/index.php\/2022\/12\/20\/amy-ndiaye-gniby-est-rentree-chez-elle-les-exigences-de-son-gyneco\/#primaryimage"},"thumbnailUrl":"https:\/\/www.public.sn\/wp-content\/uploads\/2022\/12\/amy-ndiaye-gnibi.webp","keywords":["Amy Ndiaye Gniby"],"articleSection":["ACTUALIT\u00c9S","FAITS DIVERS"],"inLanguage":"fr-FR","potentialAction":[{"@type":"CommentAction","name":"Comment","target":["https:\/\/www.public.sn\/index.php\/2022\/12\/20\/amy-ndiaye-gniby-est-rentree-chez-elle-les-exigences-de-son-gyneco\/#respond"]}]},{"@type":"WebPage","@id":"https:\/\/www.public.sn\/index.php\/2022\/12\/20\/amy-ndiaye-gniby-est-rentree-chez-elle-les-exigences-de-son-gyneco\/","url":"https:\/\/www.public.sn\/index.php\/2022\/12\/20\/amy-ndiaye-gniby-est-rentree-chez-elle-les-exigences-de-son-gyneco\/","name":"Amy Ndiaye Gniby est rentr\u00e9e chez elle, les exigences de son gyn\u00e9co - LE PUBLIC","isPartOf":{"@id":"https:\/\/www.public.sn\/#website"},"primaryImageOfPage":{"@id":"https:\/\/www.public.sn\/index.php\/2022\/12\/20\/amy-ndiaye-gniby-est-rentree-chez-elle-les-exigences-de-son-gyneco\/#primaryimage"},"image":{"@id":"https:\/\/www.public.sn\/index.php\/2022\/12\/20\/amy-ndiaye-gniby-est-rentree-chez-elle-les-exigences-de-son-gyneco\/#primaryimage"},"thumbnailUrl":"https:\/\/www.public.sn\/wp-content\/uploads\/2022\/12\/amy-ndiaye-gnibi.webp","datePublished":"2022-12-20T13:01:12+00:00","dateModified":"2022-12-20T13:03:46+00:00","breadcrumb":{"@id":"https:\/\/www.public.sn\/index.php\/2022\/12\/20\/amy-ndiaye-gniby-est-rentree-chez-elle-les-exigences-de-son-gyneco\/#breadcrumb"},"inLanguage":"fr-FR","potentialAction":[{"@type":"ReadAction","target":["https:\/\/www.public.sn\/index.php\/2022\/12\/20\/amy-ndiaye-gniby-est-rentree-chez-elle-les-exigences-de-son-gyneco\/"]}]},{"@type":"ImageObject","inLanguage":"fr-FR","@id":"https:\/\/www.public.sn\/index.php\/2022\/12\/20\/amy-ndiaye-gniby-est-rentree-chez-elle-les-exigences-de-son-gyneco\/#primaryimage","url":"https:\/\/www.public.sn\/wp-content\/uploads\/2022\/12\/amy-ndiaye-gnibi.webp","contentUrl":"https:\/\/www.public.sn\/wp-content\/uploads\/2022\/12\/amy-ndiaye-gnibi.webp","width":667,"height":375},{"@type":"BreadcrumbList","@id":"https:\/\/www.public.sn\/index.php\/2022\/12\/20\/amy-ndiaye-gniby-est-rentree-chez-elle-les-exigences-de-son-gyneco\/#breadcrumb","itemListElement":[{"@type":"ListItem","position":1,"name":"Accueil","item":"https:\/\/www.public.sn\/"},{"@type":"ListItem","position":2,"name":"Amy Ndiaye Gniby est rentr\u00e9e chez elle, les exigences de son gyn\u00e9co"}]},{"@type":"WebSite","@id":"https:\/\/www.public.sn\/#website","url":"https:\/\/www.public.sn\/","name":"LE PUBLIC","description":"","publisher":{"@id":"https:\/\/www.public.sn\/#organization"},"potentialAction":[{"@type":"SearchAction","target":{"@type":"EntryPoint","urlTemplate":"https:\/\/www.public.sn\/?s={search_term_string}"},"query-input":{"@type":"PropertyValueSpecification","valueRequired":true,"valueName":"search_term_string"}}],"inLanguage":"fr-FR"},{"@type":"Organization","@id":"https:\/\/www.public.sn\/#organization","name":"LE PUBLIC","url":"https:\/\/www.public.sn\/","logo":{"@type":"ImageObject","inLanguage":"fr-FR","@id":"https:\/\/www.public.sn\/#\/schema\/logo\/image\/","url":"https:\/\/www.public.sn\/wp-content\/uploads\/2024\/05\/cropped-LOGO-PUBLIC.SN_.png","contentUrl":"https:\/\/www.public.sn\/wp-content\/uploads\/2024\/05\/cropped-LOGO-PUBLIC.SN_.png","width":682,"height":192,"caption":"LE PUBLIC"},"image":{"@id":"https:\/\/www.public.sn\/#\/schema\/logo\/image\/"}},{"@type":"Person","@id":"https:\/\/www.public.sn\/#\/schema\/person\/e3f4a11b037d4203902db148f9bc8d5a","name":"LA REDACTION","image":{"@type":"ImageObject","inLanguage":"fr-FR","@id":"https:\/\/www.public.sn\/#\/schema\/person\/image\/","url":"https:\/\/secure.gravatar.com\/avatar\/d6c030db45db2883c075085c5d6c6258654a801a93766b49af0b82d4f454e2a5?s=96&d=mm&r=g","contentUrl":"https:\/\/secure.gravatar.com\/avatar\/d6c030db45db2883c075085c5d6c6258654a801a93766b49af0b82d4f454e2a5?s=96&d=mm&r=g","caption":"LA REDACTION"},"sameAs":["http:\/\/www.public.sn"],"url":"https:\/\/www.public.sn\/index.php\/author\/admin7324\/"}]}},"jetpack_featured_media_url":"https:\/\/www.public.sn\/wp-content\/uploads\/2022\/12\/amy-ndiaye-gnibi.webp","jetpack_sharing_enabled":true,"_links":{"self":[{"href":"https:\/\/www.public.sn\/index.php\/wp-json\/wp\/v2\/posts\/12105","targetHints":{"allow":["GET"]}}],"collection":[{"href":"https:\/\/www.public.sn\/index.php\/wp-json\/wp\/v2\/posts"}],"about":[{"href":"https:\/\/www.public.sn\/index.php\/wp-json\/wp\/v2\/types\/post"}],"author":[{"embeddable":true,"href":"https:\/\/www.public.sn\/index.php\/wp-json\/wp\/v2\/users\/1"}],"replies":[{"embeddable":true,"href":"https:\/\/www.public.sn\/index.php\/wp-json\/wp\/v2\/comments?post=12105"}],"version-history":[{"count":2,"href":"https:\/\/www.public.sn\/index.php\/wp-json\/wp\/v2\/posts\/12105\/revisions"}],"predecessor-version":[{"id":12108,"href":"https:\/\/www.public.sn\/index.php\/wp-json\/wp\/v2\/posts\/12105\/revisions\/12108"}],"wp:featuredmedia":[{"embeddable":true,"href":"https:\/\/www.public.sn\/index.php\/wp-json\/wp\/v2\/media\/12106"}],"wp:attachment":[{"href":"https:\/\/www.public.sn\/index.php\/wp-json\/wp\/v2\/media?parent=12105"}],"wp:term":[{"taxonomy":"category","embeddable":true,"href":"https:\/\/www.public.sn\/index.php\/wp-json\/wp\/v2\/categories?post=12105"},{"taxonomy":"post_tag","embeddable":true,"href":"https:\/\/www.public.sn\/index.php\/wp-json\/wp\/v2\/tags?post=12105"}],"curies":[{"name":"wp","href":"https:\/\/api.w.org\/{rel}","templated":true}]}}