{"id":12115,"date":"2022-12-20T14:04:20","date_gmt":"2022-12-20T14:04:20","guid":{"rendered":"https:\/\/www.public.sn\/?p=12115"},"modified":"2022-12-20T14:37:09","modified_gmt":"2022-12-20T14:37:09","slug":"triste-message-de-pan-qui-preditle-pire-je-confie-ma-famille-mes-enfants-au-bon-dieu","status":"publish","type":"post","link":"https:\/\/www.public.sn\/index.php\/2022\/12\/20\/triste-message-de-pan-qui-preditle-pire-je-confie-ma-famille-mes-enfants-au-bon-dieu\/","title":{"rendered":"Triste message de PAN qui pr\u00e9dit le pire :  \u00ab\u00a0Je confie ma famille, mes enfants au Bon Dieu\u00a0\u00bb"},"content":{"rendered":"\n<p>Plac\u00e9 sous mandat d\u00e9p\u00f4t, ce mardi, Pape Ale Niang reprend sa gr\u00e8ve de la faim, comme lors de sa premi\u00e8re d\u00e9tention. <br><em>\u00ab J&rsquo;informe l&rsquo;opinion nationale et internationale que je fais l&rsquo;objet d&rsquo;un acharnement et d&rsquo;une pers\u00e9cution abominables et abjects de la part du r\u00e9gime de Macky Sall. Ils ont d\u00e9cid\u00e9 de me faire taire \u00e0 tout prix en exer\u00e7ant une violence inou\u00efe sur moi jamais vue dans un r\u00e9gime d\u00e9mocratique qui respecte les droits de l&rsquo;homme. Face \u00e0 cela je me nourris d&rsquo;une d\u00e9termination qui me permet d&rsquo;endurer la souffrance. J&rsquo;implore pas de soutien. Tout soutien doit \u00eatre sinc\u00e8re et chevill\u00e9 au respect de la d\u00e9mocratie, des droits de l&rsquo;homme et les principes qui r\u00e9gissent l&rsquo;exercice de mon m\u00e9tier de journaliste. En attendant ils n&rsquo;ont qu&rsquo;\u00e0 creuser une tombe dans ma cellule pour m&rsquo;ensevelir. Car j&rsquo;ai d\u00e9cid\u00e9 de me battre jusqu&rsquo;au bout. J&rsquo;observe une gr\u00e8ve de la faim pour d\u00e9noncer ma d\u00e9tention arbitraire et injuste. Je confie ma famille, mes enfants au bon Dieu\u00bb<\/em>, a post\u00e9 le journaliste.<\/p><div class=\"publi-paragraphe1\" style=\"margin-top: 10px;margin-bottom: 10px;margin-left: auto;margin-right: auto;text-align: center;\" id=\"publi-3843006874\"><div class=\"publi-adlabel\">Publicit\u00e9<\/div><script async src=\"\/\/pagead2.googlesyndication.com\/pagead\/js\/adsbygoogle.js?client=ca-pub-4089586018074219\" crossorigin=\"anonymous\"><\/script><ins class=\"adsbygoogle\" style=\"display:block;\" data-ad-client=\"ca-pub-4089586018074219\" \ndata-ad-slot=\"2087940154\" \ndata-ad-format=\"auto\"><\/ins>\n<script> \n(adsbygoogle = window.adsbygoogle || []).push({}); \n<\/script>\n<\/div>\n<div class=\"publi-apres-le-contenu\" style=\"margin-top: 10px;margin-bottom: 10px;margin-left: auto;margin-right: auto;text-align: center;\" id=\"publi-4051195953\"><div class=\"publi-adlabel\">Publicit\u00e9<\/div><script async src=\"\/\/pagead2.googlesyndication.com\/pagead\/js\/adsbygoogle.js?client=ca-pub-4089586018074219\" crossorigin=\"anonymous\"><\/script><ins class=\"adsbygoogle\" style=\"display:block;\" data-ad-client=\"ca-pub-4089586018074219\" \ndata-ad-slot=\"2087940154\" \ndata-ad-format=\"auto\"><\/ins>\n<script> \n(adsbygoogle = window.adsbygoogle || []).push({}); \n<\/script>\n<\/div>","protected":false},"excerpt":{"rendered":"<p>Plac\u00e9 sous mandat d\u00e9p\u00f4t, ce mardi, Pape Ale Niang reprend sa gr\u00e8ve de la faim, comme lors de sa premi\u00e8re d\u00e9tention. \u00ab J&rsquo;informe l&rsquo;opinion nationale et internationale que je fais l&rsquo;objet d&rsquo;un acharnement et d&rsquo;une pers\u00e9cution abominables et abjects de la part du r\u00e9gime de Macky Sall. Ils ont d\u00e9cid\u00e9 de me faire taire \u00e0 tout prix en exer\u00e7ant une violence inou\u00efe sur moi jamais vue dans un r\u00e9gime d\u00e9mocratique qui respecte les droits de l&rsquo;homme. Face \u00e0 cela je me nourris d&rsquo;une d\u00e9termination qui me permet d&rsquo;endurer la souffrance. J&rsquo;implore pas de soutien. Tout soutien doit \u00eatre sinc\u00e8re et chevill\u00e9 au respect de la d\u00e9mocratie, des droits de l&rsquo;homme et les principes qui r\u00e9gissent l&rsquo;exercice de mon m\u00e9tier de journaliste. En attendant ils n&rsquo;ont qu&rsquo;\u00e0 creuser une tombe dans ma cellule pour m&rsquo;ensevelir. Car j&rsquo;ai d\u00e9cid\u00e9 de me battre jusqu&rsquo;au bout. J&rsquo;observe une gr\u00e8ve de la faim pour d\u00e9noncer ma d\u00e9tention arbitraire et injuste. Je confie ma famille, mes enfants au bon Dieu\u00bb, a post\u00e9 le journaliste.<\/p>\n","protected":false},"author":1,"featured_media":10627,"comment_status":"open","ping_status":"open","sticky":false,"template":"","format":"standard","meta":{"_jetpack_memberships_contains_paid_content":false,"footnotes":""},"categories":[375,3724],"tags":[2489],"class_list":["post-12115","post","type-post","status-publish","format-standard","has-post-thumbnail","hentry","category-actualites","category-justice","tag-pape-ale-niang","entry","has-media","owp-thumbs-layout-horizontal","owp-btn-normal","owp-tabs-layout-horizontal","has-no-thumbnails","has-product-nav"],"yoast_head":"<!-- This site is optimized with the Yoast SEO plugin v25.5 - https:\/\/yoast.com\/wordpress\/plugins\/seo\/ -->\n<title>Triste message de PAN qui pr\u00e9dit le pire : &quot;Je confie ma famille, mes enfants au Bon Dieu&quot; - LE PUBLIC<\/title>\n<meta name=\"robots\" content=\"index, follow, max-snippet:-1, max-image-preview:large, max-video-preview:-1\" \/>\n<link rel=\"canonical\" href=\"https:\/\/www.public.sn\/index.php\/2022\/12\/20\/triste-message-de-pan-qui-preditle-pire-je-confie-ma-famille-mes-enfants-au-bon-dieu\/\" \/>\n<meta property=\"og:locale\" content=\"fr_FR\" \/>\n<meta property=\"og:type\" content=\"article\" \/>\n<meta property=\"og:title\" content=\"Triste message de PAN qui pr\u00e9dit le pire : &quot;Je confie ma famille, mes enfants au Bon Dieu&quot; - LE PUBLIC\" \/>\n<meta property=\"og:description\" content=\"Plac\u00e9 sous mandat d\u00e9p\u00f4t, ce mardi, Pape Ale Niang reprend sa gr\u00e8ve de la faim, comme lors de sa premi\u00e8re d\u00e9tention. \u00ab J&rsquo;informe l&rsquo;opinion nationale et internationale que je fais l&rsquo;objet d&rsquo;un acharnement et d&rsquo;une pers\u00e9cution abominables et abjects de la part du r\u00e9gime de Macky Sall. Ils ont d\u00e9cid\u00e9 de me faire taire \u00e0 tout prix en exer\u00e7ant une violence inou\u00efe sur moi jamais vue dans un r\u00e9gime d\u00e9mocratique qui respecte les droits de l&rsquo;homme. Face \u00e0 cela je me nourris d&rsquo;une d\u00e9termination qui me permet d&rsquo;endurer la souffrance. J&rsquo;implore pas de soutien. Tout soutien doit \u00eatre sinc\u00e8re et chevill\u00e9 au respect de la d\u00e9mocratie, des droits de l&rsquo;homme et les principes qui r\u00e9gissent l&rsquo;exercice de mon m\u00e9tier de journaliste. En attendant ils n&rsquo;ont qu&rsquo;\u00e0 creuser une tombe dans ma cellule pour m&rsquo;ensevelir. Car j&rsquo;ai d\u00e9cid\u00e9 de me battre jusqu&rsquo;au bout. J&rsquo;observe une gr\u00e8ve de la faim pour d\u00e9noncer ma d\u00e9tention arbitraire et injuste. Je confie ma famille, mes enfants au bon Dieu\u00bb, a post\u00e9 le journaliste.\" \/>\n<meta property=\"og:url\" content=\"https:\/\/www.public.sn\/index.php\/2022\/12\/20\/triste-message-de-pan-qui-preditle-pire-je-confie-ma-famille-mes-enfants-au-bon-dieu\/\" \/>\n<meta property=\"og:site_name\" content=\"LE PUBLIC\" \/>\n<meta property=\"article:published_time\" content=\"2022-12-20T14:04:20+00:00\" \/>\n<meta property=\"article:modified_time\" content=\"2022-12-20T14:37:09+00:00\" \/>\n<meta property=\"og:image\" content=\"https:\/\/www.public.sn\/wp-content\/uploads\/2022\/11\/pape-ale.webp\" \/>\n\t<meta property=\"og:image:width\" content=\"1256\" \/>\n\t<meta property=\"og:image:height\" content=\"628\" \/>\n\t<meta property=\"og:image:type\" content=\"image\/webp\" \/>\n<meta name=\"author\" content=\"LA REDACTION\" \/>\n<meta name=\"twitter:card\" content=\"summary_large_image\" \/>\n<meta name=\"twitter:label1\" content=\"\u00c9crit par\" \/>\n\t<meta name=\"twitter:data1\" content=\"LA REDACTION\" \/>\n\t<meta name=\"twitter:label2\" content=\"Dur\u00e9e de lecture estim\u00e9e\" \/>\n\t<meta name=\"twitter:data2\" content=\"1 minute\" \/>\n<script type=\"application\/ld+json\" class=\"yoast-schema-graph\">{\"@context\":\"https:\/\/schema.org\",\"@graph\":[{\"@type\":\"Article\",\"@id\":\"https:\/\/www.public.sn\/index.php\/2022\/12\/20\/triste-message-de-pan-qui-preditle-pire-je-confie-ma-famille-mes-enfants-au-bon-dieu\/#article\",\"isPartOf\":{\"@id\":\"https:\/\/www.public.sn\/index.php\/2022\/12\/20\/triste-message-de-pan-qui-preditle-pire-je-confie-ma-famille-mes-enfants-au-bon-dieu\/\"},\"author\":{\"name\":\"LA REDACTION\",\"@id\":\"https:\/\/www.public.sn\/#\/schema\/person\/e3f4a11b037d4203902db148f9bc8d5a\"},\"headline\":\"Triste message de PAN qui pr\u00e9dit le pire : \u00ab\u00a0Je confie ma famille, mes enfants au Bon Dieu\u00a0\u00bb\",\"datePublished\":\"2022-12-20T14:04:20+00:00\",\"dateModified\":\"2022-12-20T14:37:09+00:00\",\"mainEntityOfPage\":{\"@id\":\"https:\/\/www.public.sn\/index.php\/2022\/12\/20\/triste-message-de-pan-qui-preditle-pire-je-confie-ma-famille-mes-enfants-au-bon-dieu\/\"},\"wordCount\":204,\"commentCount\":0,\"publisher\":{\"@id\":\"https:\/\/www.public.sn\/#organization\"},\"image\":{\"@id\":\"https:\/\/www.public.sn\/index.php\/2022\/12\/20\/triste-message-de-pan-qui-preditle-pire-je-confie-ma-famille-mes-enfants-au-bon-dieu\/#primaryimage\"},\"thumbnailUrl\":\"https:\/\/www.public.sn\/wp-content\/uploads\/2022\/11\/pape-ale.webp\",\"keywords\":[\"Pape Al\u00e9 Niang\"],\"articleSection\":[\"ACTUALIT\u00c9S\",\"justice\"],\"inLanguage\":\"fr-FR\",\"potentialAction\":[{\"@type\":\"CommentAction\",\"name\":\"Comment\",\"target\":[\"https:\/\/www.public.sn\/index.php\/2022\/12\/20\/triste-message-de-pan-qui-preditle-pire-je-confie-ma-famille-mes-enfants-au-bon-dieu\/#respond\"]}]},{\"@type\":\"WebPage\",\"@id\":\"https:\/\/www.public.sn\/index.php\/2022\/12\/20\/triste-message-de-pan-qui-preditle-pire-je-confie-ma-famille-mes-enfants-au-bon-dieu\/\",\"url\":\"https:\/\/www.public.sn\/index.php\/2022\/12\/20\/triste-message-de-pan-qui-preditle-pire-je-confie-ma-famille-mes-enfants-au-bon-dieu\/\",\"name\":\"Triste message de PAN qui pr\u00e9dit le pire : \\\"Je confie ma famille, mes enfants au Bon Dieu\\\" - LE PUBLIC\",\"isPartOf\":{\"@id\":\"https:\/\/www.public.sn\/#website\"},\"primaryImageOfPage\":{\"@id\":\"https:\/\/www.public.sn\/index.php\/2022\/12\/20\/triste-message-de-pan-qui-preditle-pire-je-confie-ma-famille-mes-enfants-au-bon-dieu\/#primaryimage\"},\"image\":{\"@id\":\"https:\/\/www.public.sn\/index.php\/2022\/12\/20\/triste-message-de-pan-qui-preditle-pire-je-confie-ma-famille-mes-enfants-au-bon-dieu\/#primaryimage\"},\"thumbnailUrl\":\"https:\/\/www.public.sn\/wp-content\/uploads\/2022\/11\/pape-ale.webp\",\"datePublished\":\"2022-12-20T14:04:20+00:00\",\"dateModified\":\"2022-12-20T14:37:09+00:00\",\"breadcrumb\":{\"@id\":\"https:\/\/www.public.sn\/index.php\/2022\/12\/20\/triste-message-de-pan-qui-preditle-pire-je-confie-ma-famille-mes-enfants-au-bon-dieu\/#breadcrumb\"},\"inLanguage\":\"fr-FR\",\"potentialAction\":[{\"@type\":\"ReadAction\",\"target\":[\"https:\/\/www.public.sn\/index.php\/2022\/12\/20\/triste-message-de-pan-qui-preditle-pire-je-confie-ma-famille-mes-enfants-au-bon-dieu\/\"]}]},{\"@type\":\"ImageObject\",\"inLanguage\":\"fr-FR\",\"@id\":\"https:\/\/www.public.sn\/index.php\/2022\/12\/20\/triste-message-de-pan-qui-preditle-pire-je-confie-ma-famille-mes-enfants-au-bon-dieu\/#primaryimage\",\"url\":\"https:\/\/www.public.sn\/wp-content\/uploads\/2022\/11\/pape-ale.webp\",\"contentUrl\":\"https:\/\/www.public.sn\/wp-content\/uploads\/2022\/11\/pape-ale.webp\",\"width\":1256,\"height\":628,\"caption\":\"publicsn\"},{\"@type\":\"BreadcrumbList\",\"@id\":\"https:\/\/www.public.sn\/index.php\/2022\/12\/20\/triste-message-de-pan-qui-preditle-pire-je-confie-ma-famille-mes-enfants-au-bon-dieu\/#breadcrumb\",\"itemListElement\":[{\"@type\":\"ListItem\",\"position\":1,\"name\":\"Accueil\",\"item\":\"https:\/\/www.public.sn\/\"},{\"@type\":\"ListItem\",\"position\":2,\"name\":\"Triste message de PAN qui pr\u00e9dit le pire : \u00ab\u00a0Je confie ma famille, mes enfants au Bon Dieu\u00a0\u00bb\"}]},{\"@type\":\"WebSite\",\"@id\":\"https:\/\/www.public.sn\/#website\",\"url\":\"https:\/\/www.public.sn\/\",\"name\":\"LE PUBLIC\",\"description\":\"\",\"publisher\":{\"@id\":\"https:\/\/www.public.sn\/#organization\"},\"potentialAction\":[{\"@type\":\"SearchAction\",\"target\":{\"@type\":\"EntryPoint\",\"urlTemplate\":\"https:\/\/www.public.sn\/?s={search_term_string}\"},\"query-input\":{\"@type\":\"PropertyValueSpecification\",\"valueRequired\":true,\"valueName\":\"search_term_string\"}}],\"inLanguage\":\"fr-FR\"},{\"@type\":\"Organization\",\"@id\":\"https:\/\/www.public.sn\/#organization\",\"name\":\"LE PUBLIC\",\"url\":\"https:\/\/www.public.sn\/\",\"logo\":{\"@type\":\"ImageObject\",\"inLanguage\":\"fr-FR\",\"@id\":\"https:\/\/www.public.sn\/#\/schema\/logo\/image\/\",\"url\":\"https:\/\/www.public.sn\/wp-content\/uploads\/2024\/05\/cropped-LOGO-PUBLIC.SN_.png\",\"contentUrl\":\"https:\/\/www.public.sn\/wp-content\/uploads\/2024\/05\/cropped-LOGO-PUBLIC.SN_.png\",\"width\":682,\"height\":192,\"caption\":\"LE PUBLIC\"},\"image\":{\"@id\":\"https:\/\/www.public.sn\/#\/schema\/logo\/image\/\"}},{\"@type\":\"Person\",\"@id\":\"https:\/\/www.public.sn\/#\/schema\/person\/e3f4a11b037d4203902db148f9bc8d5a\",\"name\":\"LA REDACTION\",\"image\":{\"@type\":\"ImageObject\",\"inLanguage\":\"fr-FR\",\"@id\":\"https:\/\/www.public.sn\/#\/schema\/person\/image\/\",\"url\":\"https:\/\/secure.gravatar.com\/avatar\/d6c030db45db2883c075085c5d6c6258654a801a93766b49af0b82d4f454e2a5?s=96&d=mm&r=g\",\"contentUrl\":\"https:\/\/secure.gravatar.com\/avatar\/d6c030db45db2883c075085c5d6c6258654a801a93766b49af0b82d4f454e2a5?s=96&d=mm&r=g\",\"caption\":\"LA REDACTION\"},\"sameAs\":[\"http:\/\/www.public.sn\"],\"url\":\"https:\/\/www.public.sn\/index.php\/author\/admin7324\/\"}]}<\/script>\n<!-- \/ Yoast SEO plugin. -->","yoast_head_json":{"title":"Triste message de PAN qui pr\u00e9dit le pire : \"Je confie ma famille, mes enfants au Bon Dieu\" - LE PUBLIC","robots":{"index":"index","follow":"follow","max-snippet":"max-snippet:-1","max-image-preview":"max-image-preview:large","max-video-preview":"max-video-preview:-1"},"canonical":"https:\/\/www.public.sn\/index.php\/2022\/12\/20\/triste-message-de-pan-qui-preditle-pire-je-confie-ma-famille-mes-enfants-au-bon-dieu\/","og_locale":"fr_FR","og_type":"article","og_title":"Triste message de PAN qui pr\u00e9dit le pire : \"Je confie ma famille, mes enfants au Bon Dieu\" - LE PUBLIC","og_description":"Plac\u00e9 sous mandat d\u00e9p\u00f4t, ce mardi, Pape Ale Niang reprend sa gr\u00e8ve de la faim, comme lors de sa premi\u00e8re d\u00e9tention. \u00ab J&rsquo;informe l&rsquo;opinion nationale et internationale que je fais l&rsquo;objet d&rsquo;un acharnement et d&rsquo;une pers\u00e9cution abominables et abjects de la part du r\u00e9gime de Macky Sall. Ils ont d\u00e9cid\u00e9 de me faire taire \u00e0 tout prix en exer\u00e7ant une violence inou\u00efe sur moi jamais vue dans un r\u00e9gime d\u00e9mocratique qui respecte les droits de l&rsquo;homme. Face \u00e0 cela je me nourris d&rsquo;une d\u00e9termination qui me permet d&rsquo;endurer la souffrance. J&rsquo;implore pas de soutien. Tout soutien doit \u00eatre sinc\u00e8re et chevill\u00e9 au respect de la d\u00e9mocratie, des droits de l&rsquo;homme et les principes qui r\u00e9gissent l&rsquo;exercice de mon m\u00e9tier de journaliste. En attendant ils n&rsquo;ont qu&rsquo;\u00e0 creuser une tombe dans ma cellule pour m&rsquo;ensevelir. Car j&rsquo;ai d\u00e9cid\u00e9 de me battre jusqu&rsquo;au bout. J&rsquo;observe une gr\u00e8ve de la faim pour d\u00e9noncer ma d\u00e9tention arbitraire et injuste. Je confie ma famille, mes enfants au bon Dieu\u00bb, a post\u00e9 le journaliste.","og_url":"https:\/\/www.public.sn\/index.php\/2022\/12\/20\/triste-message-de-pan-qui-preditle-pire-je-confie-ma-famille-mes-enfants-au-bon-dieu\/","og_site_name":"LE PUBLIC","article_published_time":"2022-12-20T14:04:20+00:00","article_modified_time":"2022-12-20T14:37:09+00:00","og_image":[{"width":1256,"height":628,"url":"https:\/\/www.public.sn\/wp-content\/uploads\/2022\/11\/pape-ale.webp","type":"image\/webp"}],"author":"LA REDACTION","twitter_card":"summary_large_image","twitter_misc":{"\u00c9crit par":"LA REDACTION","Dur\u00e9e de lecture estim\u00e9e":"1 minute"},"schema":{"@context":"https:\/\/schema.org","@graph":[{"@type":"Article","@id":"https:\/\/www.public.sn\/index.php\/2022\/12\/20\/triste-message-de-pan-qui-preditle-pire-je-confie-ma-famille-mes-enfants-au-bon-dieu\/#article","isPartOf":{"@id":"https:\/\/www.public.sn\/index.php\/2022\/12\/20\/triste-message-de-pan-qui-preditle-pire-je-confie-ma-famille-mes-enfants-au-bon-dieu\/"},"author":{"name":"LA REDACTION","@id":"https:\/\/www.public.sn\/#\/schema\/person\/e3f4a11b037d4203902db148f9bc8d5a"},"headline":"Triste message de PAN qui pr\u00e9dit le pire : \u00ab\u00a0Je confie ma famille, mes enfants au Bon Dieu\u00a0\u00bb","datePublished":"2022-12-20T14:04:20+00:00","dateModified":"2022-12-20T14:37:09+00:00","mainEntityOfPage":{"@id":"https:\/\/www.public.sn\/index.php\/2022\/12\/20\/triste-message-de-pan-qui-preditle-pire-je-confie-ma-famille-mes-enfants-au-bon-dieu\/"},"wordCount":204,"commentCount":0,"publisher":{"@id":"https:\/\/www.public.sn\/#organization"},"image":{"@id":"https:\/\/www.public.sn\/index.php\/2022\/12\/20\/triste-message-de-pan-qui-preditle-pire-je-confie-ma-famille-mes-enfants-au-bon-dieu\/#primaryimage"},"thumbnailUrl":"https:\/\/www.public.sn\/wp-content\/uploads\/2022\/11\/pape-ale.webp","keywords":["Pape Al\u00e9 Niang"],"articleSection":["ACTUALIT\u00c9S","justice"],"inLanguage":"fr-FR","potentialAction":[{"@type":"CommentAction","name":"Comment","target":["https:\/\/www.public.sn\/index.php\/2022\/12\/20\/triste-message-de-pan-qui-preditle-pire-je-confie-ma-famille-mes-enfants-au-bon-dieu\/#respond"]}]},{"@type":"WebPage","@id":"https:\/\/www.public.sn\/index.php\/2022\/12\/20\/triste-message-de-pan-qui-preditle-pire-je-confie-ma-famille-mes-enfants-au-bon-dieu\/","url":"https:\/\/www.public.sn\/index.php\/2022\/12\/20\/triste-message-de-pan-qui-preditle-pire-je-confie-ma-famille-mes-enfants-au-bon-dieu\/","name":"Triste message de PAN qui pr\u00e9dit le pire : \"Je confie ma famille, mes enfants au Bon Dieu\" - LE PUBLIC","isPartOf":{"@id":"https:\/\/www.public.sn\/#website"},"primaryImageOfPage":{"@id":"https:\/\/www.public.sn\/index.php\/2022\/12\/20\/triste-message-de-pan-qui-preditle-pire-je-confie-ma-famille-mes-enfants-au-bon-dieu\/#primaryimage"},"image":{"@id":"https:\/\/www.public.sn\/index.php\/2022\/12\/20\/triste-message-de-pan-qui-preditle-pire-je-confie-ma-famille-mes-enfants-au-bon-dieu\/#primaryimage"},"thumbnailUrl":"https:\/\/www.public.sn\/wp-content\/uploads\/2022\/11\/pape-ale.webp","datePublished":"2022-12-20T14:04:20+00:00","dateModified":"2022-12-20T14:37:09+00:00","breadcrumb":{"@id":"https:\/\/www.public.sn\/index.php\/2022\/12\/20\/triste-message-de-pan-qui-preditle-pire-je-confie-ma-famille-mes-enfants-au-bon-dieu\/#breadcrumb"},"inLanguage":"fr-FR","potentialAction":[{"@type":"ReadAction","target":["https:\/\/www.public.sn\/index.php\/2022\/12\/20\/triste-message-de-pan-qui-preditle-pire-je-confie-ma-famille-mes-enfants-au-bon-dieu\/"]}]},{"@type":"ImageObject","inLanguage":"fr-FR","@id":"https:\/\/www.public.sn\/index.php\/2022\/12\/20\/triste-message-de-pan-qui-preditle-pire-je-confie-ma-famille-mes-enfants-au-bon-dieu\/#primaryimage","url":"https:\/\/www.public.sn\/wp-content\/uploads\/2022\/11\/pape-ale.webp","contentUrl":"https:\/\/www.public.sn\/wp-content\/uploads\/2022\/11\/pape-ale.webp","width":1256,"height":628,"caption":"publicsn"},{"@type":"BreadcrumbList","@id":"https:\/\/www.public.sn\/index.php\/2022\/12\/20\/triste-message-de-pan-qui-preditle-pire-je-confie-ma-famille-mes-enfants-au-bon-dieu\/#breadcrumb","itemListElement":[{"@type":"ListItem","position":1,"name":"Accueil","item":"https:\/\/www.public.sn\/"},{"@type":"ListItem","position":2,"name":"Triste message de PAN qui pr\u00e9dit le pire : \u00ab\u00a0Je confie ma famille, mes enfants au Bon Dieu\u00a0\u00bb"}]},{"@type":"WebSite","@id":"https:\/\/www.public.sn\/#website","url":"https:\/\/www.public.sn\/","name":"LE PUBLIC","description":"","publisher":{"@id":"https:\/\/www.public.sn\/#organization"},"potentialAction":[{"@type":"SearchAction","target":{"@type":"EntryPoint","urlTemplate":"https:\/\/www.public.sn\/?s={search_term_string}"},"query-input":{"@type":"PropertyValueSpecification","valueRequired":true,"valueName":"search_term_string"}}],"inLanguage":"fr-FR"},{"@type":"Organization","@id":"https:\/\/www.public.sn\/#organization","name":"LE PUBLIC","url":"https:\/\/www.public.sn\/","logo":{"@type":"ImageObject","inLanguage":"fr-FR","@id":"https:\/\/www.public.sn\/#\/schema\/logo\/image\/","url":"https:\/\/www.public.sn\/wp-content\/uploads\/2024\/05\/cropped-LOGO-PUBLIC.SN_.png","contentUrl":"https:\/\/www.public.sn\/wp-content\/uploads\/2024\/05\/cropped-LOGO-PUBLIC.SN_.png","width":682,"height":192,"caption":"LE PUBLIC"},"image":{"@id":"https:\/\/www.public.sn\/#\/schema\/logo\/image\/"}},{"@type":"Person","@id":"https:\/\/www.public.sn\/#\/schema\/person\/e3f4a11b037d4203902db148f9bc8d5a","name":"LA REDACTION","image":{"@type":"ImageObject","inLanguage":"fr-FR","@id":"https:\/\/www.public.sn\/#\/schema\/person\/image\/","url":"https:\/\/secure.gravatar.com\/avatar\/d6c030db45db2883c075085c5d6c6258654a801a93766b49af0b82d4f454e2a5?s=96&d=mm&r=g","contentUrl":"https:\/\/secure.gravatar.com\/avatar\/d6c030db45db2883c075085c5d6c6258654a801a93766b49af0b82d4f454e2a5?s=96&d=mm&r=g","caption":"LA REDACTION"},"sameAs":["http:\/\/www.public.sn"],"url":"https:\/\/www.public.sn\/index.php\/author\/admin7324\/"}]}},"jetpack_featured_media_url":"https:\/\/www.public.sn\/wp-content\/uploads\/2022\/11\/pape-ale.webp","jetpack_sharing_enabled":true,"_links":{"self":[{"href":"https:\/\/www.public.sn\/index.php\/wp-json\/wp\/v2\/posts\/12115","targetHints":{"allow":["GET"]}}],"collection":[{"href":"https:\/\/www.public.sn\/index.php\/wp-json\/wp\/v2\/posts"}],"about":[{"href":"https:\/\/www.public.sn\/index.php\/wp-json\/wp\/v2\/types\/post"}],"author":[{"embeddable":true,"href":"https:\/\/www.public.sn\/index.php\/wp-json\/wp\/v2\/users\/1"}],"replies":[{"embeddable":true,"href":"https:\/\/www.public.sn\/index.php\/wp-json\/wp\/v2\/comments?post=12115"}],"version-history":[{"count":2,"href":"https:\/\/www.public.sn\/index.php\/wp-json\/wp\/v2\/posts\/12115\/revisions"}],"predecessor-version":[{"id":12117,"href":"https:\/\/www.public.sn\/index.php\/wp-json\/wp\/v2\/posts\/12115\/revisions\/12117"}],"wp:featuredmedia":[{"embeddable":true,"href":"https:\/\/www.public.sn\/index.php\/wp-json\/wp\/v2\/media\/10627"}],"wp:attachment":[{"href":"https:\/\/www.public.sn\/index.php\/wp-json\/wp\/v2\/media?parent=12115"}],"wp:term":[{"taxonomy":"category","embeddable":true,"href":"https:\/\/www.public.sn\/index.php\/wp-json\/wp\/v2\/categories?post=12115"},{"taxonomy":"post_tag","embeddable":true,"href":"https:\/\/www.public.sn\/index.php\/wp-json\/wp\/v2\/tags?post=12115"}],"curies":[{"name":"wp","href":"https:\/\/api.w.org\/{rel}","templated":true}]}}