{"id":12127,"date":"2022-12-20T14:47:39","date_gmt":"2022-12-20T14:47:39","guid":{"rendered":"https:\/\/www.public.sn\/?p=12127"},"modified":"2022-12-20T15:03:14","modified_gmt":"2022-12-20T15:03:14","slug":"rapport-cour-des-comptes-diouf-sarr-et-khemesse-ngom-ndiaye-epingles","status":"publish","type":"post","link":"https:\/\/www.public.sn\/index.php\/2022\/12\/20\/rapport-cour-des-comptes-diouf-sarr-et-khemesse-ngom-ndiaye-epingles\/","title":{"rendered":"Rapport cour des comptes\u00a0: Diouf Sarr et Kh\u00e9m\u00e9sse \u00a0Ngom Ndiaye \u00e9pingl\u00e9s!"},"content":{"rendered":"\n<figure class=\"wp-block-image size-full\"><img fetchpriority=\"high\" decoding=\"async\" width=\"949\" height=\"634\" src=\"https:\/\/www.public.sn\/wp-content\/uploads\/2022\/12\/image-2.png\" alt=\"\" class=\"wp-image-12132\" srcset=\"https:\/\/www.public.sn\/wp-content\/uploads\/2022\/12\/image-2.png 949w, https:\/\/www.public.sn\/wp-content\/uploads\/2022\/12\/image-2-600x401.png 600w, https:\/\/www.public.sn\/wp-content\/uploads\/2022\/12\/image-2-300x200.png 300w, https:\/\/www.public.sn\/wp-content\/uploads\/2022\/12\/image-2-768x513.png 768w\" sizes=\"(max-width: 949px) 100vw, 949px\" \/><\/figure>\n\n\n\n<p>Apr\u00e8s les DAGES, c&rsquo;est au tour d&rsquo;Abdoulaye Diouf Sarr et Marie Kh\u00e9m\u00e9sse Ngom Ndiaye de donner des explications.\u00a0<\/p><div class=\"publi-paragraphe1\" style=\"margin-top: 10px;margin-bottom: 10px;margin-left: auto;margin-right: auto;text-align: center;\" id=\"publi-3040821699\"><div class=\"publi-adlabel\">Publicit\u00e9<\/div><script async src=\"\/\/pagead2.googlesyndication.com\/pagead\/js\/adsbygoogle.js?client=ca-pub-4089586018074219\" crossorigin=\"anonymous\"><\/script><ins class=\"adsbygoogle\" style=\"display:block;\" data-ad-client=\"ca-pub-4089586018074219\" \ndata-ad-slot=\"2087940154\" \ndata-ad-format=\"auto\"><\/ins>\n<script> \n(adsbygoogle = window.adsbygoogle || []).push({}); \n<\/script>\n<\/div>\n\n\n\n<p>\u00a0L\u2019ex ministre de la sant\u00e9 et de l\u2019action social Abdoulaye Diouf Sarr et sa directrice g\u00e9n\u00e9rale de la sant\u00e9 Marie Kh\u00e9m\u00e9sse Ngom Ndiaye, actuelle ministre de la sant\u00e9 et de l\u2019action sociale ont \u00e9t\u00e9 cit\u00e9 dans le rapport publi\u00e9 par la cour des comptes sur la gestion du fond\u00a0 Covid19. Le dit rapport r\u00e9v\u00e8le que l\u2019ancien ministre\u00a0 multipliait les chiffres sur les cas graves \u00a0et testes des patients revenus positif avec \u00a0la complicit\u00e9 de Kh\u00e9messe Ngom Ndiaye.<\/p>\n\n\n\n<p>La cour des Comptes r\u00e9clame des \u00e9clairesissement sur le pourquoi de la publication de ces faux r\u00e9sultats .<\/p>\n\n\n\n<p>Le rapport rel\u00e8ve \u00a0\u00a0107\u00a0639 tests effectu\u00e9s, un nombre diff\u00e9rent du nombre qu\u2019a publi\u00e9 le minist\u00e8re qui r\u00e9v\u00e8le 164\u00a0236 tests effectu\u00e9s.<\/p>\n\n\n\n<p>Amina  Adama Ciss\u00e9<\/p>\n<div class=\"publi-apres-le-contenu\" style=\"margin-top: 10px;margin-bottom: 10px;margin-left: auto;margin-right: auto;text-align: center;\" id=\"publi-2078396761\"><div class=\"publi-adlabel\">Publicit\u00e9<\/div><script async src=\"\/\/pagead2.googlesyndication.com\/pagead\/js\/adsbygoogle.js?client=ca-pub-4089586018074219\" crossorigin=\"anonymous\"><\/script><ins class=\"adsbygoogle\" style=\"display:block;\" data-ad-client=\"ca-pub-4089586018074219\" \ndata-ad-slot=\"2087940154\" \ndata-ad-format=\"auto\"><\/ins>\n<script> \n(adsbygoogle = window.adsbygoogle || []).push({}); \n<\/script>\n<\/div>","protected":false},"excerpt":{"rendered":"<p>Apr\u00e8s les DAGES, c&rsquo;est au tour d&rsquo;Abdoulaye Diouf Sarr et Marie Kh\u00e9m\u00e9sse Ngom Ndiaye de donner des explications.\u00a0 \u00a0L\u2019ex ministre de la sant\u00e9 et de l\u2019action social Abdoulaye Diouf Sarr et sa directrice g\u00e9n\u00e9rale de la sant\u00e9 Marie Kh\u00e9m\u00e9sse Ngom Ndiaye, actuelle ministre de la sant\u00e9 et de l\u2019action sociale ont \u00e9t\u00e9 cit\u00e9 dans le rapport publi\u00e9 par la cour des comptes sur la gestion du fond\u00a0 Covid19. Le dit rapport r\u00e9v\u00e8le que l\u2019ancien ministre\u00a0 multipliait les chiffres sur les cas graves \u00a0et testes des patients revenus positif avec \u00a0la complicit\u00e9 de Kh\u00e9messe Ngom Ndiaye. La cour des Comptes r\u00e9clame des \u00e9clairesissement sur le pourquoi de la publication de ces faux r\u00e9sultats . Le rapport rel\u00e8ve \u00a0\u00a0107\u00a0639 tests effectu\u00e9s, un nombre diff\u00e9rent du nombre qu\u2019a publi\u00e9 le minist\u00e8re qui r\u00e9v\u00e8le 164\u00a0236 tests effectu\u00e9s. Amina Adama Ciss\u00e9<\/p>\n","protected":false},"author":7,"featured_media":12130,"comment_status":"open","ping_status":"open","sticky":false,"template":"","format":"standard","meta":{"_jetpack_memberships_contains_paid_content":false,"footnotes":""},"categories":[375,3724,3,8,1574,1],"tags":[3830,3861,563,3871],"class_list":["post-12127","post","type-post","status-publish","format-standard","has-post-thumbnail","hentry","category-actualites","category-justice","category-politique","category-public-tv","category-sante","category-non-classe","tag-cour-des-comptes","tag-fond-covid19","tag-fraude","tag-ministere-de-la-sante","entry","has-media","owp-thumbs-layout-horizontal","owp-btn-normal","owp-tabs-layout-horizontal","has-no-thumbnails","has-product-nav"],"yoast_head":"<!-- This site is optimized with the Yoast SEO plugin v25.5 - https:\/\/yoast.com\/wordpress\/plugins\/seo\/ -->\n<title>Rapport cour des comptes\u00a0: Diouf Sarr et Kh\u00e9m\u00e9sse \u00a0Ngom Ndiaye \u00e9pingl\u00e9s! - LE PUBLIC<\/title>\n<meta name=\"robots\" content=\"index, follow, max-snippet:-1, max-image-preview:large, max-video-preview:-1\" \/>\n<link rel=\"canonical\" href=\"https:\/\/www.public.sn\/index.php\/2022\/12\/20\/rapport-cour-des-comptes-diouf-sarr-et-khemesse-ngom-ndiaye-epingles\/\" \/>\n<meta property=\"og:locale\" content=\"fr_FR\" \/>\n<meta property=\"og:type\" content=\"article\" \/>\n<meta property=\"og:title\" content=\"Rapport cour des comptes\u00a0: Diouf Sarr et Kh\u00e9m\u00e9sse \u00a0Ngom Ndiaye \u00e9pingl\u00e9s! - LE PUBLIC\" \/>\n<meta property=\"og:description\" content=\"Apr\u00e8s les DAGES, c&rsquo;est au tour d&rsquo;Abdoulaye Diouf Sarr et Marie Kh\u00e9m\u00e9sse Ngom Ndiaye de donner des explications.\u00a0 \u00a0L\u2019ex ministre de la sant\u00e9 et de l\u2019action social Abdoulaye Diouf Sarr et sa directrice g\u00e9n\u00e9rale de la sant\u00e9 Marie Kh\u00e9m\u00e9sse Ngom Ndiaye, actuelle ministre de la sant\u00e9 et de l\u2019action sociale ont \u00e9t\u00e9 cit\u00e9 dans le rapport publi\u00e9 par la cour des comptes sur la gestion du fond\u00a0 Covid19. Le dit rapport r\u00e9v\u00e8le que l\u2019ancien ministre\u00a0 multipliait les chiffres sur les cas graves \u00a0et testes des patients revenus positif avec \u00a0la complicit\u00e9 de Kh\u00e9messe Ngom Ndiaye. La cour des Comptes r\u00e9clame des \u00e9clairesissement sur le pourquoi de la publication de ces faux r\u00e9sultats . Le rapport rel\u00e8ve \u00a0\u00a0107\u00a0639 tests effectu\u00e9s, un nombre diff\u00e9rent du nombre qu\u2019a publi\u00e9 le minist\u00e8re qui r\u00e9v\u00e8le 164\u00a0236 tests effectu\u00e9s. Amina Adama Ciss\u00e9\" \/>\n<meta property=\"og:url\" content=\"https:\/\/www.public.sn\/index.php\/2022\/12\/20\/rapport-cour-des-comptes-diouf-sarr-et-khemesse-ngom-ndiaye-epingles\/\" \/>\n<meta property=\"og:site_name\" content=\"LE PUBLIC\" \/>\n<meta property=\"article:published_time\" content=\"2022-12-20T14:47:39+00:00\" \/>\n<meta property=\"article:modified_time\" content=\"2022-12-20T15:03:14+00:00\" \/>\n<meta property=\"og:image\" content=\"https:\/\/www.public.sn\/wp-content\/uploads\/2022\/12\/Abdoulaye-Diouf-1.jpg\" \/>\n\t<meta property=\"og:image:width\" content=\"600\" \/>\n\t<meta property=\"og:image:height\" content=\"504\" \/>\n\t<meta property=\"og:image:type\" content=\"image\/jpeg\" \/>\n<meta name=\"author\" content=\"LA REDACTION\" \/>\n<meta name=\"twitter:card\" content=\"summary_large_image\" \/>\n<meta name=\"twitter:label1\" content=\"\u00c9crit par\" \/>\n\t<meta name=\"twitter:data1\" content=\"LA REDACTION\" \/>\n\t<meta name=\"twitter:label2\" content=\"Dur\u00e9e de lecture estim\u00e9e\" \/>\n\t<meta name=\"twitter:data2\" content=\"1 minute\" \/>\n<script type=\"application\/ld+json\" class=\"yoast-schema-graph\">{\"@context\":\"https:\/\/schema.org\",\"@graph\":[{\"@type\":\"Article\",\"@id\":\"https:\/\/www.public.sn\/index.php\/2022\/12\/20\/rapport-cour-des-comptes-diouf-sarr-et-khemesse-ngom-ndiaye-epingles\/#article\",\"isPartOf\":{\"@id\":\"https:\/\/www.public.sn\/index.php\/2022\/12\/20\/rapport-cour-des-comptes-diouf-sarr-et-khemesse-ngom-ndiaye-epingles\/\"},\"author\":{\"name\":\"LA REDACTION\",\"@id\":\"https:\/\/www.public.sn\/#\/schema\/person\/cb76c8e1b8becc6be61fb5e92d6d0224\"},\"headline\":\"Rapport cour des comptes\u00a0: Diouf Sarr et Kh\u00e9m\u00e9sse \u00a0Ngom Ndiaye \u00e9pingl\u00e9s!\",\"datePublished\":\"2022-12-20T14:47:39+00:00\",\"dateModified\":\"2022-12-20T15:03:14+00:00\",\"mainEntityOfPage\":{\"@id\":\"https:\/\/www.public.sn\/index.php\/2022\/12\/20\/rapport-cour-des-comptes-diouf-sarr-et-khemesse-ngom-ndiaye-epingles\/\"},\"wordCount\":171,\"commentCount\":0,\"publisher\":{\"@id\":\"https:\/\/www.public.sn\/#organization\"},\"image\":{\"@id\":\"https:\/\/www.public.sn\/index.php\/2022\/12\/20\/rapport-cour-des-comptes-diouf-sarr-et-khemesse-ngom-ndiaye-epingles\/#primaryimage\"},\"thumbnailUrl\":\"https:\/\/www.public.sn\/wp-content\/uploads\/2022\/12\/Abdoulaye-Diouf-1.jpg\",\"keywords\":[\"Cour des comptes\",\"fond covid19\",\"Fraude\",\"minist\u00e8re de la sant\u00e9\"],\"articleSection\":[\"ACTUALIT\u00c9S\",\"justice\",\"POLITIQUE\",\"PUBLIC TV\",\"SANT\u00c9\",\"S\u00c9N\u00c9GAL\"],\"inLanguage\":\"fr-FR\",\"potentialAction\":[{\"@type\":\"CommentAction\",\"name\":\"Comment\",\"target\":[\"https:\/\/www.public.sn\/index.php\/2022\/12\/20\/rapport-cour-des-comptes-diouf-sarr-et-khemesse-ngom-ndiaye-epingles\/#respond\"]}]},{\"@type\":\"WebPage\",\"@id\":\"https:\/\/www.public.sn\/index.php\/2022\/12\/20\/rapport-cour-des-comptes-diouf-sarr-et-khemesse-ngom-ndiaye-epingles\/\",\"url\":\"https:\/\/www.public.sn\/index.php\/2022\/12\/20\/rapport-cour-des-comptes-diouf-sarr-et-khemesse-ngom-ndiaye-epingles\/\",\"name\":\"Rapport cour des comptes\u00a0: Diouf Sarr et Kh\u00e9m\u00e9sse \u00a0Ngom Ndiaye \u00e9pingl\u00e9s! - LE PUBLIC\",\"isPartOf\":{\"@id\":\"https:\/\/www.public.sn\/#website\"},\"primaryImageOfPage\":{\"@id\":\"https:\/\/www.public.sn\/index.php\/2022\/12\/20\/rapport-cour-des-comptes-diouf-sarr-et-khemesse-ngom-ndiaye-epingles\/#primaryimage\"},\"image\":{\"@id\":\"https:\/\/www.public.sn\/index.php\/2022\/12\/20\/rapport-cour-des-comptes-diouf-sarr-et-khemesse-ngom-ndiaye-epingles\/#primaryimage\"},\"thumbnailUrl\":\"https:\/\/www.public.sn\/wp-content\/uploads\/2022\/12\/Abdoulaye-Diouf-1.jpg\",\"datePublished\":\"2022-12-20T14:47:39+00:00\",\"dateModified\":\"2022-12-20T15:03:14+00:00\",\"breadcrumb\":{\"@id\":\"https:\/\/www.public.sn\/index.php\/2022\/12\/20\/rapport-cour-des-comptes-diouf-sarr-et-khemesse-ngom-ndiaye-epingles\/#breadcrumb\"},\"inLanguage\":\"fr-FR\",\"potentialAction\":[{\"@type\":\"ReadAction\",\"target\":[\"https:\/\/www.public.sn\/index.php\/2022\/12\/20\/rapport-cour-des-comptes-diouf-sarr-et-khemesse-ngom-ndiaye-epingles\/\"]}]},{\"@type\":\"ImageObject\",\"inLanguage\":\"fr-FR\",\"@id\":\"https:\/\/www.public.sn\/index.php\/2022\/12\/20\/rapport-cour-des-comptes-diouf-sarr-et-khemesse-ngom-ndiaye-epingles\/#primaryimage\",\"url\":\"https:\/\/www.public.sn\/wp-content\/uploads\/2022\/12\/Abdoulaye-Diouf-1.jpg\",\"contentUrl\":\"https:\/\/www.public.sn\/wp-content\/uploads\/2022\/12\/Abdoulaye-Diouf-1.jpg\",\"width\":600,\"height\":504},{\"@type\":\"BreadcrumbList\",\"@id\":\"https:\/\/www.public.sn\/index.php\/2022\/12\/20\/rapport-cour-des-comptes-diouf-sarr-et-khemesse-ngom-ndiaye-epingles\/#breadcrumb\",\"itemListElement\":[{\"@type\":\"ListItem\",\"position\":1,\"name\":\"Accueil\",\"item\":\"https:\/\/www.public.sn\/\"},{\"@type\":\"ListItem\",\"position\":2,\"name\":\"Rapport cour des comptes\u00a0: Diouf Sarr et Kh\u00e9m\u00e9sse \u00a0Ngom Ndiaye \u00e9pingl\u00e9s!\"}]},{\"@type\":\"WebSite\",\"@id\":\"https:\/\/www.public.sn\/#website\",\"url\":\"https:\/\/www.public.sn\/\",\"name\":\"LE PUBLIC\",\"description\":\"\",\"publisher\":{\"@id\":\"https:\/\/www.public.sn\/#organization\"},\"potentialAction\":[{\"@type\":\"SearchAction\",\"target\":{\"@type\":\"EntryPoint\",\"urlTemplate\":\"https:\/\/www.public.sn\/?s={search_term_string}\"},\"query-input\":{\"@type\":\"PropertyValueSpecification\",\"valueRequired\":true,\"valueName\":\"search_term_string\"}}],\"inLanguage\":\"fr-FR\"},{\"@type\":\"Organization\",\"@id\":\"https:\/\/www.public.sn\/#organization\",\"name\":\"LE PUBLIC\",\"url\":\"https:\/\/www.public.sn\/\",\"logo\":{\"@type\":\"ImageObject\",\"inLanguage\":\"fr-FR\",\"@id\":\"https:\/\/www.public.sn\/#\/schema\/logo\/image\/\",\"url\":\"https:\/\/www.public.sn\/wp-content\/uploads\/2024\/05\/cropped-LOGO-PUBLIC.SN_.png\",\"contentUrl\":\"https:\/\/www.public.sn\/wp-content\/uploads\/2024\/05\/cropped-LOGO-PUBLIC.SN_.png\",\"width\":682,\"height\":192,\"caption\":\"LE PUBLIC\"},\"image\":{\"@id\":\"https:\/\/www.public.sn\/#\/schema\/logo\/image\/\"}},{\"@type\":\"Person\",\"@id\":\"https:\/\/www.public.sn\/#\/schema\/person\/cb76c8e1b8becc6be61fb5e92d6d0224\",\"name\":\"LA REDACTION\",\"image\":{\"@type\":\"ImageObject\",\"inLanguage\":\"fr-FR\",\"@id\":\"https:\/\/www.public.sn\/#\/schema\/person\/image\/\",\"url\":\"https:\/\/secure.gravatar.com\/avatar\/2dce5ddd34b8fef0180efe03aa2a9bee7d953856048f9a16b298190a3178407c?s=96&d=mm&r=g\",\"contentUrl\":\"https:\/\/secure.gravatar.com\/avatar\/2dce5ddd34b8fef0180efe03aa2a9bee7d953856048f9a16b298190a3178407c?s=96&d=mm&r=g\",\"caption\":\"LA REDACTION\"},\"url\":\"https:\/\/www.public.sn\/index.php\/author\/editeurpsn\/\"}]}<\/script>\n<!-- \/ Yoast SEO plugin. -->","yoast_head_json":{"title":"Rapport cour des comptes\u00a0: Diouf Sarr et Kh\u00e9m\u00e9sse \u00a0Ngom Ndiaye \u00e9pingl\u00e9s! - LE PUBLIC","robots":{"index":"index","follow":"follow","max-snippet":"max-snippet:-1","max-image-preview":"max-image-preview:large","max-video-preview":"max-video-preview:-1"},"canonical":"https:\/\/www.public.sn\/index.php\/2022\/12\/20\/rapport-cour-des-comptes-diouf-sarr-et-khemesse-ngom-ndiaye-epingles\/","og_locale":"fr_FR","og_type":"article","og_title":"Rapport cour des comptes\u00a0: Diouf Sarr et Kh\u00e9m\u00e9sse \u00a0Ngom Ndiaye \u00e9pingl\u00e9s! - LE PUBLIC","og_description":"Apr\u00e8s les DAGES, c&rsquo;est au tour d&rsquo;Abdoulaye Diouf Sarr et Marie Kh\u00e9m\u00e9sse Ngom Ndiaye de donner des explications.\u00a0 \u00a0L\u2019ex ministre de la sant\u00e9 et de l\u2019action social Abdoulaye Diouf Sarr et sa directrice g\u00e9n\u00e9rale de la sant\u00e9 Marie Kh\u00e9m\u00e9sse Ngom Ndiaye, actuelle ministre de la sant\u00e9 et de l\u2019action sociale ont \u00e9t\u00e9 cit\u00e9 dans le rapport publi\u00e9 par la cour des comptes sur la gestion du fond\u00a0 Covid19. Le dit rapport r\u00e9v\u00e8le que l\u2019ancien ministre\u00a0 multipliait les chiffres sur les cas graves \u00a0et testes des patients revenus positif avec \u00a0la complicit\u00e9 de Kh\u00e9messe Ngom Ndiaye. La cour des Comptes r\u00e9clame des \u00e9clairesissement sur le pourquoi de la publication de ces faux r\u00e9sultats . Le rapport rel\u00e8ve \u00a0\u00a0107\u00a0639 tests effectu\u00e9s, un nombre diff\u00e9rent du nombre qu\u2019a publi\u00e9 le minist\u00e8re qui r\u00e9v\u00e8le 164\u00a0236 tests effectu\u00e9s. Amina Adama Ciss\u00e9","og_url":"https:\/\/www.public.sn\/index.php\/2022\/12\/20\/rapport-cour-des-comptes-diouf-sarr-et-khemesse-ngom-ndiaye-epingles\/","og_site_name":"LE PUBLIC","article_published_time":"2022-12-20T14:47:39+00:00","article_modified_time":"2022-12-20T15:03:14+00:00","og_image":[{"width":600,"height":504,"url":"https:\/\/www.public.sn\/wp-content\/uploads\/2022\/12\/Abdoulaye-Diouf-1.jpg","type":"image\/jpeg"}],"author":"LA REDACTION","twitter_card":"summary_large_image","twitter_misc":{"\u00c9crit par":"LA REDACTION","Dur\u00e9e de lecture estim\u00e9e":"1 minute"},"schema":{"@context":"https:\/\/schema.org","@graph":[{"@type":"Article","@id":"https:\/\/www.public.sn\/index.php\/2022\/12\/20\/rapport-cour-des-comptes-diouf-sarr-et-khemesse-ngom-ndiaye-epingles\/#article","isPartOf":{"@id":"https:\/\/www.public.sn\/index.php\/2022\/12\/20\/rapport-cour-des-comptes-diouf-sarr-et-khemesse-ngom-ndiaye-epingles\/"},"author":{"name":"LA REDACTION","@id":"https:\/\/www.public.sn\/#\/schema\/person\/cb76c8e1b8becc6be61fb5e92d6d0224"},"headline":"Rapport cour des comptes\u00a0: Diouf Sarr et Kh\u00e9m\u00e9sse \u00a0Ngom Ndiaye \u00e9pingl\u00e9s!","datePublished":"2022-12-20T14:47:39+00:00","dateModified":"2022-12-20T15:03:14+00:00","mainEntityOfPage":{"@id":"https:\/\/www.public.sn\/index.php\/2022\/12\/20\/rapport-cour-des-comptes-diouf-sarr-et-khemesse-ngom-ndiaye-epingles\/"},"wordCount":171,"commentCount":0,"publisher":{"@id":"https:\/\/www.public.sn\/#organization"},"image":{"@id":"https:\/\/www.public.sn\/index.php\/2022\/12\/20\/rapport-cour-des-comptes-diouf-sarr-et-khemesse-ngom-ndiaye-epingles\/#primaryimage"},"thumbnailUrl":"https:\/\/www.public.sn\/wp-content\/uploads\/2022\/12\/Abdoulaye-Diouf-1.jpg","keywords":["Cour des comptes","fond covid19","Fraude","minist\u00e8re de la sant\u00e9"],"articleSection":["ACTUALIT\u00c9S","justice","POLITIQUE","PUBLIC TV","SANT\u00c9","S\u00c9N\u00c9GAL"],"inLanguage":"fr-FR","potentialAction":[{"@type":"CommentAction","name":"Comment","target":["https:\/\/www.public.sn\/index.php\/2022\/12\/20\/rapport-cour-des-comptes-diouf-sarr-et-khemesse-ngom-ndiaye-epingles\/#respond"]}]},{"@type":"WebPage","@id":"https:\/\/www.public.sn\/index.php\/2022\/12\/20\/rapport-cour-des-comptes-diouf-sarr-et-khemesse-ngom-ndiaye-epingles\/","url":"https:\/\/www.public.sn\/index.php\/2022\/12\/20\/rapport-cour-des-comptes-diouf-sarr-et-khemesse-ngom-ndiaye-epingles\/","name":"Rapport cour des comptes\u00a0: Diouf Sarr et Kh\u00e9m\u00e9sse \u00a0Ngom Ndiaye \u00e9pingl\u00e9s! - LE PUBLIC","isPartOf":{"@id":"https:\/\/www.public.sn\/#website"},"primaryImageOfPage":{"@id":"https:\/\/www.public.sn\/index.php\/2022\/12\/20\/rapport-cour-des-comptes-diouf-sarr-et-khemesse-ngom-ndiaye-epingles\/#primaryimage"},"image":{"@id":"https:\/\/www.public.sn\/index.php\/2022\/12\/20\/rapport-cour-des-comptes-diouf-sarr-et-khemesse-ngom-ndiaye-epingles\/#primaryimage"},"thumbnailUrl":"https:\/\/www.public.sn\/wp-content\/uploads\/2022\/12\/Abdoulaye-Diouf-1.jpg","datePublished":"2022-12-20T14:47:39+00:00","dateModified":"2022-12-20T15:03:14+00:00","breadcrumb":{"@id":"https:\/\/www.public.sn\/index.php\/2022\/12\/20\/rapport-cour-des-comptes-diouf-sarr-et-khemesse-ngom-ndiaye-epingles\/#breadcrumb"},"inLanguage":"fr-FR","potentialAction":[{"@type":"ReadAction","target":["https:\/\/www.public.sn\/index.php\/2022\/12\/20\/rapport-cour-des-comptes-diouf-sarr-et-khemesse-ngom-ndiaye-epingles\/"]}]},{"@type":"ImageObject","inLanguage":"fr-FR","@id":"https:\/\/www.public.sn\/index.php\/2022\/12\/20\/rapport-cour-des-comptes-diouf-sarr-et-khemesse-ngom-ndiaye-epingles\/#primaryimage","url":"https:\/\/www.public.sn\/wp-content\/uploads\/2022\/12\/Abdoulaye-Diouf-1.jpg","contentUrl":"https:\/\/www.public.sn\/wp-content\/uploads\/2022\/12\/Abdoulaye-Diouf-1.jpg","width":600,"height":504},{"@type":"BreadcrumbList","@id":"https:\/\/www.public.sn\/index.php\/2022\/12\/20\/rapport-cour-des-comptes-diouf-sarr-et-khemesse-ngom-ndiaye-epingles\/#breadcrumb","itemListElement":[{"@type":"ListItem","position":1,"name":"Accueil","item":"https:\/\/www.public.sn\/"},{"@type":"ListItem","position":2,"name":"Rapport cour des comptes\u00a0: Diouf Sarr et Kh\u00e9m\u00e9sse \u00a0Ngom Ndiaye \u00e9pingl\u00e9s!"}]},{"@type":"WebSite","@id":"https:\/\/www.public.sn\/#website","url":"https:\/\/www.public.sn\/","name":"LE PUBLIC","description":"","publisher":{"@id":"https:\/\/www.public.sn\/#organization"},"potentialAction":[{"@type":"SearchAction","target":{"@type":"EntryPoint","urlTemplate":"https:\/\/www.public.sn\/?s={search_term_string}"},"query-input":{"@type":"PropertyValueSpecification","valueRequired":true,"valueName":"search_term_string"}}],"inLanguage":"fr-FR"},{"@type":"Organization","@id":"https:\/\/www.public.sn\/#organization","name":"LE PUBLIC","url":"https:\/\/www.public.sn\/","logo":{"@type":"ImageObject","inLanguage":"fr-FR","@id":"https:\/\/www.public.sn\/#\/schema\/logo\/image\/","url":"https:\/\/www.public.sn\/wp-content\/uploads\/2024\/05\/cropped-LOGO-PUBLIC.SN_.png","contentUrl":"https:\/\/www.public.sn\/wp-content\/uploads\/2024\/05\/cropped-LOGO-PUBLIC.SN_.png","width":682,"height":192,"caption":"LE PUBLIC"},"image":{"@id":"https:\/\/www.public.sn\/#\/schema\/logo\/image\/"}},{"@type":"Person","@id":"https:\/\/www.public.sn\/#\/schema\/person\/cb76c8e1b8becc6be61fb5e92d6d0224","name":"LA REDACTION","image":{"@type":"ImageObject","inLanguage":"fr-FR","@id":"https:\/\/www.public.sn\/#\/schema\/person\/image\/","url":"https:\/\/secure.gravatar.com\/avatar\/2dce5ddd34b8fef0180efe03aa2a9bee7d953856048f9a16b298190a3178407c?s=96&d=mm&r=g","contentUrl":"https:\/\/secure.gravatar.com\/avatar\/2dce5ddd34b8fef0180efe03aa2a9bee7d953856048f9a16b298190a3178407c?s=96&d=mm&r=g","caption":"LA REDACTION"},"url":"https:\/\/www.public.sn\/index.php\/author\/editeurpsn\/"}]}},"jetpack_featured_media_url":"https:\/\/www.public.sn\/wp-content\/uploads\/2022\/12\/Abdoulaye-Diouf-1.jpg","jetpack_sharing_enabled":true,"_links":{"self":[{"href":"https:\/\/www.public.sn\/index.php\/wp-json\/wp\/v2\/posts\/12127","targetHints":{"allow":["GET"]}}],"collection":[{"href":"https:\/\/www.public.sn\/index.php\/wp-json\/wp\/v2\/posts"}],"about":[{"href":"https:\/\/www.public.sn\/index.php\/wp-json\/wp\/v2\/types\/post"}],"author":[{"embeddable":true,"href":"https:\/\/www.public.sn\/index.php\/wp-json\/wp\/v2\/users\/7"}],"replies":[{"embeddable":true,"href":"https:\/\/www.public.sn\/index.php\/wp-json\/wp\/v2\/comments?post=12127"}],"version-history":[{"count":1,"href":"https:\/\/www.public.sn\/index.php\/wp-json\/wp\/v2\/posts\/12127\/revisions"}],"predecessor-version":[{"id":12133,"href":"https:\/\/www.public.sn\/index.php\/wp-json\/wp\/v2\/posts\/12127\/revisions\/12133"}],"wp:featuredmedia":[{"embeddable":true,"href":"https:\/\/www.public.sn\/index.php\/wp-json\/wp\/v2\/media\/12130"}],"wp:attachment":[{"href":"https:\/\/www.public.sn\/index.php\/wp-json\/wp\/v2\/media?parent=12127"}],"wp:term":[{"taxonomy":"category","embeddable":true,"href":"https:\/\/www.public.sn\/index.php\/wp-json\/wp\/v2\/categories?post=12127"},{"taxonomy":"post_tag","embeddable":true,"href":"https:\/\/www.public.sn\/index.php\/wp-json\/wp\/v2\/tags?post=12127"}],"curies":[{"name":"wp","href":"https:\/\/api.w.org\/{rel}","templated":true}]}}