{"id":1215,"date":"2022-09-03T23:01:14","date_gmt":"2022-09-03T21:01:14","guid":{"rendered":"https:\/\/www.public.sn\/?p=1215"},"modified":"2022-09-03T23:01:15","modified_gmt":"2022-09-03T21:01:15","slug":"pluies-a-dakar-un-jeune-garcon-dune-dizaine-dannees-meurt-electrocute","status":"publish","type":"post","link":"https:\/\/www.public.sn\/index.php\/2022\/09\/03\/pluies-a-dakar-un-jeune-garcon-dune-dizaine-dannees-meurt-electrocute\/","title":{"rendered":"Pluies \u00e0 Dakar: Un jeune gar\u00e7on,  d\u2019une dizaine d\u2019ann\u00e9es, meurt \u00e9lectrocut\u00e9."},"content":{"rendered":"\n<p><strong>La forte pluviom\u00e9trie enregistr\u00e9e sur Dakar a caus\u00e9 un mort. La victime est un adolescent \u00e2g\u00e9 entre 10 et 12 ans qui est d\u00e9c\u00e9d\u00e9 par \u00e9lectrocution. <\/strong><\/p><div class=\"publi-paragraphe1\" style=\"margin-top: 10px;margin-bottom: 10px;margin-left: auto;margin-right: auto;text-align: center;\" id=\"publi-2687285825\"><div class=\"publi-adlabel\">Publicit\u00e9<\/div><script async src=\"\/\/pagead2.googlesyndication.com\/pagead\/js\/adsbygoogle.js?client=ca-pub-4089586018074219\" crossorigin=\"anonymous\"><\/script><ins class=\"adsbygoogle\" style=\"display:block;\" data-ad-client=\"ca-pub-4089586018074219\" \ndata-ad-slot=\"2087940154\" \ndata-ad-format=\"auto\"><\/ins>\n<script> \n(adsbygoogle = window.adsbygoogle || []).push({}); \n<\/script>\n<\/div>\n\n\n\n<p>Le petit M.S.Diallo a touch\u00e9 les grilles d\u2019une boutique avant de recevoir une d\u00e9charge \u00e9lectrique. Le jeune innocent est mort sur le coup.<br>Inform\u00e9s du drame, les policiers du commissariat de Golf-Sud ont rappliqu\u00e9 sur les lieux indiqu\u00e9s. Puis, le corps sans vie a \u00e9t\u00e9 rep\u00each\u00e9 dans les eaux pluviales puis achemin\u00e9 \u00e0 l\u2019h\u00f4pital Dalal Jam par les sapeurs-pompiers.<\/p>\n\n\n\n<p>Apr\u00e8s avoir effectu\u00e9 le constat, les \u00e9l\u00e9ments du commissaire Adja Astou Marone ont ouvert une enqu\u00eate pour \u00e9lucider cette affaire.<\/p>\n<div class=\"publi-apres-le-contenu\" style=\"margin-top: 10px;margin-bottom: 10px;margin-left: auto;margin-right: auto;text-align: center;\" id=\"publi-3345269291\"><div class=\"publi-adlabel\">Publicit\u00e9<\/div><script async src=\"\/\/pagead2.googlesyndication.com\/pagead\/js\/adsbygoogle.js?client=ca-pub-4089586018074219\" crossorigin=\"anonymous\"><\/script><ins class=\"adsbygoogle\" style=\"display:block;\" data-ad-client=\"ca-pub-4089586018074219\" \ndata-ad-slot=\"2087940154\" \ndata-ad-format=\"auto\"><\/ins>\n<script> \n(adsbygoogle = window.adsbygoogle || []).push({}); \n<\/script>\n<\/div>","protected":false},"excerpt":{"rendered":"<p>La forte pluviom\u00e9trie enregistr\u00e9e sur Dakar a caus\u00e9 un mort. La victime est un adolescent \u00e2g\u00e9 entre 10 et 12 ans qui est d\u00e9c\u00e9d\u00e9 par \u00e9lectrocution. Le petit M.S.Diallo a touch\u00e9 les grilles d\u2019une boutique avant de recevoir une d\u00e9charge \u00e9lectrique. Le jeune innocent est mort sur le coup.Inform\u00e9s du drame, les policiers du commissariat de Golf-Sud ont rappliqu\u00e9 sur les lieux indiqu\u00e9s. Puis, le corps sans vie a \u00e9t\u00e9 rep\u00each\u00e9 dans les eaux pluviales puis achemin\u00e9 \u00e0 l\u2019h\u00f4pital Dalal Jam par les sapeurs-pompiers. Apr\u00e8s avoir effectu\u00e9 le constat, les \u00e9l\u00e9ments du commissaire Adja Astou Marone ont ouvert une enqu\u00eate pour \u00e9lucider cette affaire.<\/p>\n","protected":false},"author":1,"featured_media":1216,"comment_status":"open","ping_status":"open","sticky":false,"template":"","format":"standard","meta":{"_jetpack_memberships_contains_paid_content":false,"footnotes":""},"categories":[375,4],"tags":[75,493,491,92,492,494],"class_list":["post-1215","post","type-post","status-publish","format-standard","has-post-thumbnail","hentry","category-actualites","category-societe","tag-dakar","tag-electrocution","tag-fortes-pluies","tag-inondations","tag-mort","tag-parcelles-assainies","entry","has-media","owp-thumbs-layout-horizontal","owp-btn-normal","owp-tabs-layout-horizontal","has-no-thumbnails","has-product-nav"],"yoast_head":"<!-- This site is optimized with the Yoast SEO plugin v25.5 - https:\/\/yoast.com\/wordpress\/plugins\/seo\/ -->\n<title>Pluies \u00e0 Dakar: Un jeune gar\u00e7on, d\u2019une dizaine d\u2019ann\u00e9es, meurt \u00e9lectrocut\u00e9. - LE PUBLIC<\/title>\n<meta name=\"robots\" content=\"index, follow, max-snippet:-1, max-image-preview:large, max-video-preview:-1\" \/>\n<link rel=\"canonical\" href=\"https:\/\/www.public.sn\/index.php\/2022\/09\/03\/pluies-a-dakar-un-jeune-garcon-dune-dizaine-dannees-meurt-electrocute\/\" \/>\n<meta property=\"og:locale\" content=\"fr_FR\" \/>\n<meta property=\"og:type\" content=\"article\" \/>\n<meta property=\"og:title\" content=\"Pluies \u00e0 Dakar: Un jeune gar\u00e7on, d\u2019une dizaine d\u2019ann\u00e9es, meurt \u00e9lectrocut\u00e9. - LE PUBLIC\" \/>\n<meta property=\"og:description\" content=\"La forte pluviom\u00e9trie enregistr\u00e9e sur Dakar a caus\u00e9 un mort. La victime est un adolescent \u00e2g\u00e9 entre 10 et 12 ans qui est d\u00e9c\u00e9d\u00e9 par \u00e9lectrocution. Le petit M.S.Diallo a touch\u00e9 les grilles d\u2019une boutique avant de recevoir une d\u00e9charge \u00e9lectrique. Le jeune innocent est mort sur le coup.Inform\u00e9s du drame, les policiers du commissariat de Golf-Sud ont rappliqu\u00e9 sur les lieux indiqu\u00e9s. Puis, le corps sans vie a \u00e9t\u00e9 rep\u00each\u00e9 dans les eaux pluviales puis achemin\u00e9 \u00e0 l\u2019h\u00f4pital Dalal Jam par les sapeurs-pompiers. Apr\u00e8s avoir effectu\u00e9 le constat, les \u00e9l\u00e9ments du commissaire Adja Astou Marone ont ouvert une enqu\u00eate pour \u00e9lucider cette affaire.\" \/>\n<meta property=\"og:url\" content=\"https:\/\/www.public.sn\/index.php\/2022\/09\/03\/pluies-a-dakar-un-jeune-garcon-dune-dizaine-dannees-meurt-electrocute\/\" \/>\n<meta property=\"og:site_name\" content=\"LE PUBLIC\" \/>\n<meta property=\"article:published_time\" content=\"2022-09-03T21:01:14+00:00\" \/>\n<meta property=\"article:modified_time\" content=\"2022-09-03T21:01:15+00:00\" \/>\n<meta property=\"og:image\" content=\"https:\/\/www.public.sn\/wp-content\/uploads\/2022\/09\/47495285-8CFC-4944-A4FC-2E586DFA5CE5.jpeg\" \/>\n\t<meta property=\"og:image:width\" content=\"408\" \/>\n\t<meta property=\"og:image:height\" content=\"230\" \/>\n\t<meta property=\"og:image:type\" content=\"image\/jpeg\" \/>\n<meta name=\"author\" content=\"LA REDACTION\" \/>\n<meta name=\"twitter:card\" content=\"summary_large_image\" \/>\n<meta name=\"twitter:label1\" content=\"\u00c9crit par\" \/>\n\t<meta name=\"twitter:data1\" content=\"LA REDACTION\" \/>\n\t<meta name=\"twitter:label2\" content=\"Dur\u00e9e de lecture estim\u00e9e\" \/>\n\t<meta name=\"twitter:data2\" content=\"1 minute\" \/>\n<script type=\"application\/ld+json\" class=\"yoast-schema-graph\">{\"@context\":\"https:\/\/schema.org\",\"@graph\":[{\"@type\":\"Article\",\"@id\":\"https:\/\/www.public.sn\/index.php\/2022\/09\/03\/pluies-a-dakar-un-jeune-garcon-dune-dizaine-dannees-meurt-electrocute\/#article\",\"isPartOf\":{\"@id\":\"https:\/\/www.public.sn\/index.php\/2022\/09\/03\/pluies-a-dakar-un-jeune-garcon-dune-dizaine-dannees-meurt-electrocute\/\"},\"author\":{\"name\":\"LA REDACTION\",\"@id\":\"https:\/\/www.public.sn\/#\/schema\/person\/e3f4a11b037d4203902db148f9bc8d5a\"},\"headline\":\"Pluies \u00e0 Dakar: Un jeune gar\u00e7on, d\u2019une dizaine d\u2019ann\u00e9es, meurt \u00e9lectrocut\u00e9.\",\"datePublished\":\"2022-09-03T21:01:14+00:00\",\"dateModified\":\"2022-09-03T21:01:15+00:00\",\"mainEntityOfPage\":{\"@id\":\"https:\/\/www.public.sn\/index.php\/2022\/09\/03\/pluies-a-dakar-un-jeune-garcon-dune-dizaine-dannees-meurt-electrocute\/\"},\"wordCount\":132,\"commentCount\":0,\"publisher\":{\"@id\":\"https:\/\/www.public.sn\/#organization\"},\"image\":{\"@id\":\"https:\/\/www.public.sn\/index.php\/2022\/09\/03\/pluies-a-dakar-un-jeune-garcon-dune-dizaine-dannees-meurt-electrocute\/#primaryimage\"},\"thumbnailUrl\":\"https:\/\/www.public.sn\/wp-content\/uploads\/2022\/09\/47495285-8CFC-4944-A4FC-2E586DFA5CE5.jpeg\",\"keywords\":[\"Dakar\",\"\u00c9lectrocution\",\"Fortes pluies\",\"Inondations\",\"Mort\",\"Parcelles Assainies\"],\"articleSection\":[\"ACTUALIT\u00c9S\",\"SOCIETE\"],\"inLanguage\":\"fr-FR\",\"potentialAction\":[{\"@type\":\"CommentAction\",\"name\":\"Comment\",\"target\":[\"https:\/\/www.public.sn\/index.php\/2022\/09\/03\/pluies-a-dakar-un-jeune-garcon-dune-dizaine-dannees-meurt-electrocute\/#respond\"]}]},{\"@type\":\"WebPage\",\"@id\":\"https:\/\/www.public.sn\/index.php\/2022\/09\/03\/pluies-a-dakar-un-jeune-garcon-dune-dizaine-dannees-meurt-electrocute\/\",\"url\":\"https:\/\/www.public.sn\/index.php\/2022\/09\/03\/pluies-a-dakar-un-jeune-garcon-dune-dizaine-dannees-meurt-electrocute\/\",\"name\":\"Pluies \u00e0 Dakar: Un jeune gar\u00e7on, d\u2019une dizaine d\u2019ann\u00e9es, meurt \u00e9lectrocut\u00e9. - LE PUBLIC\",\"isPartOf\":{\"@id\":\"https:\/\/www.public.sn\/#website\"},\"primaryImageOfPage\":{\"@id\":\"https:\/\/www.public.sn\/index.php\/2022\/09\/03\/pluies-a-dakar-un-jeune-garcon-dune-dizaine-dannees-meurt-electrocute\/#primaryimage\"},\"image\":{\"@id\":\"https:\/\/www.public.sn\/index.php\/2022\/09\/03\/pluies-a-dakar-un-jeune-garcon-dune-dizaine-dannees-meurt-electrocute\/#primaryimage\"},\"thumbnailUrl\":\"https:\/\/www.public.sn\/wp-content\/uploads\/2022\/09\/47495285-8CFC-4944-A4FC-2E586DFA5CE5.jpeg\",\"datePublished\":\"2022-09-03T21:01:14+00:00\",\"dateModified\":\"2022-09-03T21:01:15+00:00\",\"breadcrumb\":{\"@id\":\"https:\/\/www.public.sn\/index.php\/2022\/09\/03\/pluies-a-dakar-un-jeune-garcon-dune-dizaine-dannees-meurt-electrocute\/#breadcrumb\"},\"inLanguage\":\"fr-FR\",\"potentialAction\":[{\"@type\":\"ReadAction\",\"target\":[\"https:\/\/www.public.sn\/index.php\/2022\/09\/03\/pluies-a-dakar-un-jeune-garcon-dune-dizaine-dannees-meurt-electrocute\/\"]}]},{\"@type\":\"ImageObject\",\"inLanguage\":\"fr-FR\",\"@id\":\"https:\/\/www.public.sn\/index.php\/2022\/09\/03\/pluies-a-dakar-un-jeune-garcon-dune-dizaine-dannees-meurt-electrocute\/#primaryimage\",\"url\":\"https:\/\/www.public.sn\/wp-content\/uploads\/2022\/09\/47495285-8CFC-4944-A4FC-2E586DFA5CE5.jpeg\",\"contentUrl\":\"https:\/\/www.public.sn\/wp-content\/uploads\/2022\/09\/47495285-8CFC-4944-A4FC-2E586DFA5CE5.jpeg\",\"width\":408,\"height\":230},{\"@type\":\"BreadcrumbList\",\"@id\":\"https:\/\/www.public.sn\/index.php\/2022\/09\/03\/pluies-a-dakar-un-jeune-garcon-dune-dizaine-dannees-meurt-electrocute\/#breadcrumb\",\"itemListElement\":[{\"@type\":\"ListItem\",\"position\":1,\"name\":\"Accueil\",\"item\":\"https:\/\/www.public.sn\/\"},{\"@type\":\"ListItem\",\"position\":2,\"name\":\"Pluies \u00e0 Dakar: Un jeune gar\u00e7on, d\u2019une dizaine d\u2019ann\u00e9es, meurt \u00e9lectrocut\u00e9.\"}]},{\"@type\":\"WebSite\",\"@id\":\"https:\/\/www.public.sn\/#website\",\"url\":\"https:\/\/www.public.sn\/\",\"name\":\"LE PUBLIC\",\"description\":\"\",\"publisher\":{\"@id\":\"https:\/\/www.public.sn\/#organization\"},\"potentialAction\":[{\"@type\":\"SearchAction\",\"target\":{\"@type\":\"EntryPoint\",\"urlTemplate\":\"https:\/\/www.public.sn\/?s={search_term_string}\"},\"query-input\":{\"@type\":\"PropertyValueSpecification\",\"valueRequired\":true,\"valueName\":\"search_term_string\"}}],\"inLanguage\":\"fr-FR\"},{\"@type\":\"Organization\",\"@id\":\"https:\/\/www.public.sn\/#organization\",\"name\":\"LE PUBLIC\",\"url\":\"https:\/\/www.public.sn\/\",\"logo\":{\"@type\":\"ImageObject\",\"inLanguage\":\"fr-FR\",\"@id\":\"https:\/\/www.public.sn\/#\/schema\/logo\/image\/\",\"url\":\"https:\/\/www.public.sn\/wp-content\/uploads\/2024\/05\/cropped-LOGO-PUBLIC.SN_.png\",\"contentUrl\":\"https:\/\/www.public.sn\/wp-content\/uploads\/2024\/05\/cropped-LOGO-PUBLIC.SN_.png\",\"width\":682,\"height\":192,\"caption\":\"LE PUBLIC\"},\"image\":{\"@id\":\"https:\/\/www.public.sn\/#\/schema\/logo\/image\/\"}},{\"@type\":\"Person\",\"@id\":\"https:\/\/www.public.sn\/#\/schema\/person\/e3f4a11b037d4203902db148f9bc8d5a\",\"name\":\"LA REDACTION\",\"image\":{\"@type\":\"ImageObject\",\"inLanguage\":\"fr-FR\",\"@id\":\"https:\/\/www.public.sn\/#\/schema\/person\/image\/\",\"url\":\"https:\/\/secure.gravatar.com\/avatar\/d6c030db45db2883c075085c5d6c6258654a801a93766b49af0b82d4f454e2a5?s=96&d=mm&r=g\",\"contentUrl\":\"https:\/\/secure.gravatar.com\/avatar\/d6c030db45db2883c075085c5d6c6258654a801a93766b49af0b82d4f454e2a5?s=96&d=mm&r=g\",\"caption\":\"LA REDACTION\"},\"sameAs\":[\"http:\/\/www.public.sn\"],\"url\":\"https:\/\/www.public.sn\/index.php\/author\/admin7324\/\"}]}<\/script>\n<!-- \/ Yoast SEO plugin. -->","yoast_head_json":{"title":"Pluies \u00e0 Dakar: Un jeune gar\u00e7on, d\u2019une dizaine d\u2019ann\u00e9es, meurt \u00e9lectrocut\u00e9. - LE PUBLIC","robots":{"index":"index","follow":"follow","max-snippet":"max-snippet:-1","max-image-preview":"max-image-preview:large","max-video-preview":"max-video-preview:-1"},"canonical":"https:\/\/www.public.sn\/index.php\/2022\/09\/03\/pluies-a-dakar-un-jeune-garcon-dune-dizaine-dannees-meurt-electrocute\/","og_locale":"fr_FR","og_type":"article","og_title":"Pluies \u00e0 Dakar: Un jeune gar\u00e7on, d\u2019une dizaine d\u2019ann\u00e9es, meurt \u00e9lectrocut\u00e9. - LE PUBLIC","og_description":"La forte pluviom\u00e9trie enregistr\u00e9e sur Dakar a caus\u00e9 un mort. La victime est un adolescent \u00e2g\u00e9 entre 10 et 12 ans qui est d\u00e9c\u00e9d\u00e9 par \u00e9lectrocution. Le petit M.S.Diallo a touch\u00e9 les grilles d\u2019une boutique avant de recevoir une d\u00e9charge \u00e9lectrique. Le jeune innocent est mort sur le coup.Inform\u00e9s du drame, les policiers du commissariat de Golf-Sud ont rappliqu\u00e9 sur les lieux indiqu\u00e9s. Puis, le corps sans vie a \u00e9t\u00e9 rep\u00each\u00e9 dans les eaux pluviales puis achemin\u00e9 \u00e0 l\u2019h\u00f4pital Dalal Jam par les sapeurs-pompiers. Apr\u00e8s avoir effectu\u00e9 le constat, les \u00e9l\u00e9ments du commissaire Adja Astou Marone ont ouvert une enqu\u00eate pour \u00e9lucider cette affaire.","og_url":"https:\/\/www.public.sn\/index.php\/2022\/09\/03\/pluies-a-dakar-un-jeune-garcon-dune-dizaine-dannees-meurt-electrocute\/","og_site_name":"LE PUBLIC","article_published_time":"2022-09-03T21:01:14+00:00","article_modified_time":"2022-09-03T21:01:15+00:00","og_image":[{"width":408,"height":230,"url":"https:\/\/www.public.sn\/wp-content\/uploads\/2022\/09\/47495285-8CFC-4944-A4FC-2E586DFA5CE5.jpeg","type":"image\/jpeg"}],"author":"LA REDACTION","twitter_card":"summary_large_image","twitter_misc":{"\u00c9crit par":"LA REDACTION","Dur\u00e9e de lecture estim\u00e9e":"1 minute"},"schema":{"@context":"https:\/\/schema.org","@graph":[{"@type":"Article","@id":"https:\/\/www.public.sn\/index.php\/2022\/09\/03\/pluies-a-dakar-un-jeune-garcon-dune-dizaine-dannees-meurt-electrocute\/#article","isPartOf":{"@id":"https:\/\/www.public.sn\/index.php\/2022\/09\/03\/pluies-a-dakar-un-jeune-garcon-dune-dizaine-dannees-meurt-electrocute\/"},"author":{"name":"LA REDACTION","@id":"https:\/\/www.public.sn\/#\/schema\/person\/e3f4a11b037d4203902db148f9bc8d5a"},"headline":"Pluies \u00e0 Dakar: Un jeune gar\u00e7on, d\u2019une dizaine d\u2019ann\u00e9es, meurt \u00e9lectrocut\u00e9.","datePublished":"2022-09-03T21:01:14+00:00","dateModified":"2022-09-03T21:01:15+00:00","mainEntityOfPage":{"@id":"https:\/\/www.public.sn\/index.php\/2022\/09\/03\/pluies-a-dakar-un-jeune-garcon-dune-dizaine-dannees-meurt-electrocute\/"},"wordCount":132,"commentCount":0,"publisher":{"@id":"https:\/\/www.public.sn\/#organization"},"image":{"@id":"https:\/\/www.public.sn\/index.php\/2022\/09\/03\/pluies-a-dakar-un-jeune-garcon-dune-dizaine-dannees-meurt-electrocute\/#primaryimage"},"thumbnailUrl":"https:\/\/www.public.sn\/wp-content\/uploads\/2022\/09\/47495285-8CFC-4944-A4FC-2E586DFA5CE5.jpeg","keywords":["Dakar","\u00c9lectrocution","Fortes pluies","Inondations","Mort","Parcelles Assainies"],"articleSection":["ACTUALIT\u00c9S","SOCIETE"],"inLanguage":"fr-FR","potentialAction":[{"@type":"CommentAction","name":"Comment","target":["https:\/\/www.public.sn\/index.php\/2022\/09\/03\/pluies-a-dakar-un-jeune-garcon-dune-dizaine-dannees-meurt-electrocute\/#respond"]}]},{"@type":"WebPage","@id":"https:\/\/www.public.sn\/index.php\/2022\/09\/03\/pluies-a-dakar-un-jeune-garcon-dune-dizaine-dannees-meurt-electrocute\/","url":"https:\/\/www.public.sn\/index.php\/2022\/09\/03\/pluies-a-dakar-un-jeune-garcon-dune-dizaine-dannees-meurt-electrocute\/","name":"Pluies \u00e0 Dakar: Un jeune gar\u00e7on, d\u2019une dizaine d\u2019ann\u00e9es, meurt \u00e9lectrocut\u00e9. - LE PUBLIC","isPartOf":{"@id":"https:\/\/www.public.sn\/#website"},"primaryImageOfPage":{"@id":"https:\/\/www.public.sn\/index.php\/2022\/09\/03\/pluies-a-dakar-un-jeune-garcon-dune-dizaine-dannees-meurt-electrocute\/#primaryimage"},"image":{"@id":"https:\/\/www.public.sn\/index.php\/2022\/09\/03\/pluies-a-dakar-un-jeune-garcon-dune-dizaine-dannees-meurt-electrocute\/#primaryimage"},"thumbnailUrl":"https:\/\/www.public.sn\/wp-content\/uploads\/2022\/09\/47495285-8CFC-4944-A4FC-2E586DFA5CE5.jpeg","datePublished":"2022-09-03T21:01:14+00:00","dateModified":"2022-09-03T21:01:15+00:00","breadcrumb":{"@id":"https:\/\/www.public.sn\/index.php\/2022\/09\/03\/pluies-a-dakar-un-jeune-garcon-dune-dizaine-dannees-meurt-electrocute\/#breadcrumb"},"inLanguage":"fr-FR","potentialAction":[{"@type":"ReadAction","target":["https:\/\/www.public.sn\/index.php\/2022\/09\/03\/pluies-a-dakar-un-jeune-garcon-dune-dizaine-dannees-meurt-electrocute\/"]}]},{"@type":"ImageObject","inLanguage":"fr-FR","@id":"https:\/\/www.public.sn\/index.php\/2022\/09\/03\/pluies-a-dakar-un-jeune-garcon-dune-dizaine-dannees-meurt-electrocute\/#primaryimage","url":"https:\/\/www.public.sn\/wp-content\/uploads\/2022\/09\/47495285-8CFC-4944-A4FC-2E586DFA5CE5.jpeg","contentUrl":"https:\/\/www.public.sn\/wp-content\/uploads\/2022\/09\/47495285-8CFC-4944-A4FC-2E586DFA5CE5.jpeg","width":408,"height":230},{"@type":"BreadcrumbList","@id":"https:\/\/www.public.sn\/index.php\/2022\/09\/03\/pluies-a-dakar-un-jeune-garcon-dune-dizaine-dannees-meurt-electrocute\/#breadcrumb","itemListElement":[{"@type":"ListItem","position":1,"name":"Accueil","item":"https:\/\/www.public.sn\/"},{"@type":"ListItem","position":2,"name":"Pluies \u00e0 Dakar: Un jeune gar\u00e7on, d\u2019une dizaine d\u2019ann\u00e9es, meurt \u00e9lectrocut\u00e9."}]},{"@type":"WebSite","@id":"https:\/\/www.public.sn\/#website","url":"https:\/\/www.public.sn\/","name":"LE PUBLIC","description":"","publisher":{"@id":"https:\/\/www.public.sn\/#organization"},"potentialAction":[{"@type":"SearchAction","target":{"@type":"EntryPoint","urlTemplate":"https:\/\/www.public.sn\/?s={search_term_string}"},"query-input":{"@type":"PropertyValueSpecification","valueRequired":true,"valueName":"search_term_string"}}],"inLanguage":"fr-FR"},{"@type":"Organization","@id":"https:\/\/www.public.sn\/#organization","name":"LE PUBLIC","url":"https:\/\/www.public.sn\/","logo":{"@type":"ImageObject","inLanguage":"fr-FR","@id":"https:\/\/www.public.sn\/#\/schema\/logo\/image\/","url":"https:\/\/www.public.sn\/wp-content\/uploads\/2024\/05\/cropped-LOGO-PUBLIC.SN_.png","contentUrl":"https:\/\/www.public.sn\/wp-content\/uploads\/2024\/05\/cropped-LOGO-PUBLIC.SN_.png","width":682,"height":192,"caption":"LE PUBLIC"},"image":{"@id":"https:\/\/www.public.sn\/#\/schema\/logo\/image\/"}},{"@type":"Person","@id":"https:\/\/www.public.sn\/#\/schema\/person\/e3f4a11b037d4203902db148f9bc8d5a","name":"LA REDACTION","image":{"@type":"ImageObject","inLanguage":"fr-FR","@id":"https:\/\/www.public.sn\/#\/schema\/person\/image\/","url":"https:\/\/secure.gravatar.com\/avatar\/d6c030db45db2883c075085c5d6c6258654a801a93766b49af0b82d4f454e2a5?s=96&d=mm&r=g","contentUrl":"https:\/\/secure.gravatar.com\/avatar\/d6c030db45db2883c075085c5d6c6258654a801a93766b49af0b82d4f454e2a5?s=96&d=mm&r=g","caption":"LA REDACTION"},"sameAs":["http:\/\/www.public.sn"],"url":"https:\/\/www.public.sn\/index.php\/author\/admin7324\/"}]}},"jetpack_featured_media_url":"https:\/\/www.public.sn\/wp-content\/uploads\/2022\/09\/47495285-8CFC-4944-A4FC-2E586DFA5CE5.jpeg","jetpack_sharing_enabled":true,"_links":{"self":[{"href":"https:\/\/www.public.sn\/index.php\/wp-json\/wp\/v2\/posts\/1215","targetHints":{"allow":["GET"]}}],"collection":[{"href":"https:\/\/www.public.sn\/index.php\/wp-json\/wp\/v2\/posts"}],"about":[{"href":"https:\/\/www.public.sn\/index.php\/wp-json\/wp\/v2\/types\/post"}],"author":[{"embeddable":true,"href":"https:\/\/www.public.sn\/index.php\/wp-json\/wp\/v2\/users\/1"}],"replies":[{"embeddable":true,"href":"https:\/\/www.public.sn\/index.php\/wp-json\/wp\/v2\/comments?post=1215"}],"version-history":[{"count":1,"href":"https:\/\/www.public.sn\/index.php\/wp-json\/wp\/v2\/posts\/1215\/revisions"}],"predecessor-version":[{"id":1217,"href":"https:\/\/www.public.sn\/index.php\/wp-json\/wp\/v2\/posts\/1215\/revisions\/1217"}],"wp:featuredmedia":[{"embeddable":true,"href":"https:\/\/www.public.sn\/index.php\/wp-json\/wp\/v2\/media\/1216"}],"wp:attachment":[{"href":"https:\/\/www.public.sn\/index.php\/wp-json\/wp\/v2\/media?parent=1215"}],"wp:term":[{"taxonomy":"category","embeddable":true,"href":"https:\/\/www.public.sn\/index.php\/wp-json\/wp\/v2\/categories?post=1215"},{"taxonomy":"post_tag","embeddable":true,"href":"https:\/\/www.public.sn\/index.php\/wp-json\/wp\/v2\/tags?post=1215"}],"curies":[{"name":"wp","href":"https:\/\/api.w.org\/{rel}","templated":true}]}}