{"id":12169,"date":"2022-12-21T07:08:54","date_gmt":"2022-12-21T07:08:54","guid":{"rendered":"https:\/\/www.public.sn\/?p=12169"},"modified":"2022-12-21T08:07:05","modified_gmt":"2022-12-21T08:07:05","slug":"adji-sarr-sur-laffaire-des-audio-je-voulais-pieger-mc-niass","status":"publish","type":"post","link":"https:\/\/www.public.sn\/index.php\/2022\/12\/21\/adji-sarr-sur-laffaire-des-audio-je-voulais-pieger-mc-niass\/","title":{"rendered":"Adji Sarr sur l&rsquo;affaire des audios : \u00ab\u00a0je voulais pi\u00e9ger Mc Niass\u00a0\u00bb"},"content":{"rendered":"\n<p><a href=\"https:\/\/www.public.sn\/index.php\/2022\/12\/20\/adji-sarr-sonko-les-revelations-explosives-de-mme-tall\/\">Adji Sarr<\/a> \u00e9tait convoqu\u00e9e, hier mardi, par le Doyen des juges, Oumar Maham Diallo. L\u2019accusatrice de Ousmane Sonko a \u00e9t\u00e9 entendue que les audios de Mc Niass, lesquels sont au nombre de 6.&nbsp; <\/p><div class=\"publi-paragraphe1\" style=\"margin-top: 10px;margin-bottom: 10px;margin-left: auto;margin-right: auto;text-align: center;\" id=\"publi-2092073944\"><div class=\"publi-adlabel\">Publicit\u00e9<\/div><script async src=\"\/\/pagead2.googlesyndication.com\/pagead\/js\/adsbygoogle.js?client=ca-pub-4089586018074219\" crossorigin=\"anonymous\"><\/script><ins class=\"adsbygoogle\" style=\"display:block;\" data-ad-client=\"ca-pub-4089586018074219\" \ndata-ad-slot=\"2087940154\" \ndata-ad-format=\"auto\"><\/ins>\n<script> \n(adsbygoogle = window.adsbygoogle || []).push({}); \n<\/script>\n<\/div>\n\n\n\n<p>Dans ses r\u00e9ponses, Adji Sarr a confi\u00e9 qu\u2019\u00e0 propos de la liste des (16) personnes ayant abus\u00e9 d&rsquo;elle et qu&rsquo;elle aurait cit\u00e9es dans les audios, il a dit au Doyen des juges qu&rsquo;elle ne les connaissait pas. <\/p>\n\n\n\n<p>Adji Sarr a confirm\u00e9 l&rsquo;authenticit\u00e9 des audios. Interpell\u00e9e sur le contenu dans lequel (16) personnalit\u00e9s sont cit\u00e9es, elle a dit au Doyen des juges qu&rsquo;elle ne les connaissait pas.<\/p>\n\n\n\n<p>Elle a confi\u00e9 que son marabout la contactait tr\u00e8s souvent, discutait de tout et de rien. D&rsquo;apr\u00e8s Adji Sarr, Mc Niass lui a t\u00e9moign\u00e9 son soutien et avait m\u00eame promis de l&rsquo;\u00e9pouser et de l&rsquo;aider \u00e0 refaire sa vie.<\/p>\n\n\n\n<p>Ensuite, ajoute-t-elle, son marabout lui avait propose un deal pour faire chanter les autorit\u00e9s du pouvoir. Adji Sarr confie que Mc Niass lui a conseill\u00e9 de demander de 600 millions FCFA aux autorit\u00e9s avec qui elle serait en contact.<\/p>\n\n\n\n<p>Mc Niass voulait que l&rsquo;argent soit gard\u00e9 dans son compte, a-t-elle r\u00e9v\u00e9l\u00e9, non sans pr\u00e9ciser que son marabout aurais pris l&rsquo;engagement de se r\u00e9fugier avec elle aux Etats-Unis.<\/p>\n\n\n\n<p>Elle dit avoir cr\u00e9er une fausse histoire pour voir si son marabout peut garder un secret. C&rsquo;est ainsi qu&rsquo;elle lui a fait croire que des hommes la courtisaient puis elle a cit\u00e9 des noms, alors qu&rsquo;elle ne les conna\u00eet m\u00eame pas. En fin de compte, Adji Sarr soutient qu&rsquo;elle voulait juste pi\u00e9ger son marabout.<\/p>\n\n\n\n<p>\u00c0 signaler que l\u2019audition de l\u2019ex-masseuse \u00e0 Sweet Beauty a dur\u00e9 moins d&rsquo;une heure.<\/p>\n<div class=\"publi-apres-le-contenu\" style=\"margin-top: 10px;margin-bottom: 10px;margin-left: auto;margin-right: auto;text-align: center;\" id=\"publi-3802322143\"><div class=\"publi-adlabel\">Publicit\u00e9<\/div><script async src=\"\/\/pagead2.googlesyndication.com\/pagead\/js\/adsbygoogle.js?client=ca-pub-4089586018074219\" crossorigin=\"anonymous\"><\/script><ins class=\"adsbygoogle\" style=\"display:block;\" data-ad-client=\"ca-pub-4089586018074219\" \ndata-ad-slot=\"2087940154\" \ndata-ad-format=\"auto\"><\/ins>\n<script> \n(adsbygoogle = window.adsbygoogle || []).push({}); \n<\/script>\n<\/div>","protected":false},"excerpt":{"rendered":"<p>Adji Sarr \u00e9tait convoqu\u00e9e, hier mardi, par le Doyen des juges, Oumar Maham Diallo. L\u2019accusatrice de Ousmane Sonko a \u00e9t\u00e9 entendue que les audios de Mc Niass, lesquels sont au nombre de 6.&nbsp; Dans ses r\u00e9ponses, Adji Sarr a confi\u00e9 qu\u2019\u00e0 propos de la liste des (16) personnes ayant abus\u00e9 d&rsquo;elle et qu&rsquo;elle aurait cit\u00e9es dans les audios, il a dit au Doyen des juges qu&rsquo;elle ne les connaissait pas. Adji Sarr a confirm\u00e9 l&rsquo;authenticit\u00e9 des audios. Interpell\u00e9e sur le contenu dans lequel (16) personnalit\u00e9s sont cit\u00e9es, elle a dit au Doyen des juges qu&rsquo;elle ne les connaissait pas. Elle a confi\u00e9 que son marabout la contactait tr\u00e8s souvent, discutait de tout et de rien. D&rsquo;apr\u00e8s Adji Sarr, Mc Niass lui a t\u00e9moign\u00e9 son soutien et avait m\u00eame promis de l&rsquo;\u00e9pouser et de l&rsquo;aider \u00e0 refaire sa vie. Ensuite, ajoute-t-elle, son marabout lui avait propose un deal pour faire chanter les autorit\u00e9s du pouvoir. Adji Sarr confie que Mc Niass lui a conseill\u00e9 de demander de 600 millions FCFA aux autorit\u00e9s avec qui elle serait en contact. Mc Niass voulait que l&rsquo;argent soit gard\u00e9 dans son compte, a-t-elle r\u00e9v\u00e9l\u00e9, non sans pr\u00e9ciser que son marabout aurais pris l&rsquo;engagement de se r\u00e9fugier avec elle aux Etats-Unis. Elle dit avoir cr\u00e9er une fausse histoire pour voir si son marabout peut garder un secret. C&rsquo;est ainsi qu&rsquo;elle lui a fait croire que des hommes la courtisaient puis elle a cit\u00e9 des noms, alors qu&rsquo;elle ne les conna\u00eet m\u00eame pas. En fin de compte, Adji Sarr soutient qu&rsquo;elle voulait juste pi\u00e9ger son marabout. \u00c0 signaler que l\u2019audition de l\u2019ex-masseuse \u00e0 Sweet Beauty a dur\u00e9 moins d&rsquo;une heure.<\/p>\n","protected":false},"author":1,"featured_media":12170,"comment_status":"open","ping_status":"open","sticky":false,"template":"","format":"standard","meta":{"_jetpack_memberships_contains_paid_content":false,"footnotes":""},"categories":[375,3724,4,372],"tags":[99],"class_list":["post-12169","post","type-post","status-publish","format-standard","has-post-thumbnail","hentry","category-actualites","category-justice","category-societe","category-vedette","tag-adji-sarr","entry","has-media","owp-thumbs-layout-horizontal","owp-btn-normal","owp-tabs-layout-horizontal","has-no-thumbnails","has-product-nav"],"yoast_head":"<!-- This site is optimized with the Yoast SEO plugin v25.5 - https:\/\/yoast.com\/wordpress\/plugins\/seo\/ -->\n<title>Adji Sarr sur l&#039;affaire des audios : &quot;je voulais pi\u00e9ger Mc Niass&quot; - LE PUBLIC<\/title>\n<meta name=\"robots\" content=\"index, follow, max-snippet:-1, max-image-preview:large, max-video-preview:-1\" \/>\n<link rel=\"canonical\" href=\"https:\/\/www.public.sn\/index.php\/2022\/12\/21\/adji-sarr-sur-laffaire-des-audio-je-voulais-pieger-mc-niass\/\" \/>\n<meta property=\"og:locale\" content=\"fr_FR\" \/>\n<meta property=\"og:type\" content=\"article\" \/>\n<meta property=\"og:title\" content=\"Adji Sarr sur l&#039;affaire des audios : &quot;je voulais pi\u00e9ger Mc Niass&quot; - LE PUBLIC\" \/>\n<meta property=\"og:description\" content=\"Adji Sarr \u00e9tait convoqu\u00e9e, hier mardi, par le Doyen des juges, Oumar Maham Diallo. L\u2019accusatrice de Ousmane Sonko a \u00e9t\u00e9 entendue que les audios de Mc Niass, lesquels sont au nombre de 6.&nbsp; Dans ses r\u00e9ponses, Adji Sarr a confi\u00e9 qu\u2019\u00e0 propos de la liste des (16) personnes ayant abus\u00e9 d&rsquo;elle et qu&rsquo;elle aurait cit\u00e9es dans les audios, il a dit au Doyen des juges qu&rsquo;elle ne les connaissait pas. Adji Sarr a confirm\u00e9 l&rsquo;authenticit\u00e9 des audios. Interpell\u00e9e sur le contenu dans lequel (16) personnalit\u00e9s sont cit\u00e9es, elle a dit au Doyen des juges qu&rsquo;elle ne les connaissait pas. Elle a confi\u00e9 que son marabout la contactait tr\u00e8s souvent, discutait de tout et de rien. D&rsquo;apr\u00e8s Adji Sarr, Mc Niass lui a t\u00e9moign\u00e9 son soutien et avait m\u00eame promis de l&rsquo;\u00e9pouser et de l&rsquo;aider \u00e0 refaire sa vie. Ensuite, ajoute-t-elle, son marabout lui avait propose un deal pour faire chanter les autorit\u00e9s du pouvoir. Adji Sarr confie que Mc Niass lui a conseill\u00e9 de demander de 600 millions FCFA aux autorit\u00e9s avec qui elle serait en contact. Mc Niass voulait que l&rsquo;argent soit gard\u00e9 dans son compte, a-t-elle r\u00e9v\u00e9l\u00e9, non sans pr\u00e9ciser que son marabout aurais pris l&rsquo;engagement de se r\u00e9fugier avec elle aux Etats-Unis. Elle dit avoir cr\u00e9er une fausse histoire pour voir si son marabout peut garder un secret. C&rsquo;est ainsi qu&rsquo;elle lui a fait croire que des hommes la courtisaient puis elle a cit\u00e9 des noms, alors qu&rsquo;elle ne les conna\u00eet m\u00eame pas. En fin de compte, Adji Sarr soutient qu&rsquo;elle voulait juste pi\u00e9ger son marabout. \u00c0 signaler que l\u2019audition de l\u2019ex-masseuse \u00e0 Sweet Beauty a dur\u00e9 moins d&rsquo;une heure.\" \/>\n<meta property=\"og:url\" content=\"https:\/\/www.public.sn\/index.php\/2022\/12\/21\/adji-sarr-sur-laffaire-des-audio-je-voulais-pieger-mc-niass\/\" \/>\n<meta property=\"og:site_name\" content=\"LE PUBLIC\" \/>\n<meta property=\"article:published_time\" content=\"2022-12-21T07:08:54+00:00\" \/>\n<meta property=\"article:modified_time\" content=\"2022-12-21T08:07:05+00:00\" \/>\n<meta property=\"og:image\" content=\"https:\/\/www.public.sn\/wp-content\/uploads\/2022\/12\/adji-1.jpg\" \/>\n\t<meta property=\"og:image:width\" content=\"696\" \/>\n\t<meta property=\"og:image:height\" content=\"370\" \/>\n\t<meta property=\"og:image:type\" content=\"image\/jpeg\" \/>\n<meta name=\"author\" content=\"LA REDACTION\" \/>\n<meta name=\"twitter:card\" content=\"summary_large_image\" \/>\n<meta name=\"twitter:label1\" content=\"\u00c9crit par\" \/>\n\t<meta name=\"twitter:data1\" content=\"LA REDACTION\" \/>\n\t<meta name=\"twitter:label2\" content=\"Dur\u00e9e de lecture estim\u00e9e\" \/>\n\t<meta name=\"twitter:data2\" content=\"2 minutes\" \/>\n<script type=\"application\/ld+json\" class=\"yoast-schema-graph\">{\"@context\":\"https:\/\/schema.org\",\"@graph\":[{\"@type\":\"Article\",\"@id\":\"https:\/\/www.public.sn\/index.php\/2022\/12\/21\/adji-sarr-sur-laffaire-des-audio-je-voulais-pieger-mc-niass\/#article\",\"isPartOf\":{\"@id\":\"https:\/\/www.public.sn\/index.php\/2022\/12\/21\/adji-sarr-sur-laffaire-des-audio-je-voulais-pieger-mc-niass\/\"},\"author\":{\"name\":\"LA REDACTION\",\"@id\":\"https:\/\/www.public.sn\/#\/schema\/person\/e3f4a11b037d4203902db148f9bc8d5a\"},\"headline\":\"Adji Sarr sur l&rsquo;affaire des audios : \u00ab\u00a0je voulais pi\u00e9ger Mc Niass\u00a0\u00bb\",\"datePublished\":\"2022-12-21T07:08:54+00:00\",\"dateModified\":\"2022-12-21T08:07:05+00:00\",\"mainEntityOfPage\":{\"@id\":\"https:\/\/www.public.sn\/index.php\/2022\/12\/21\/adji-sarr-sur-laffaire-des-audio-je-voulais-pieger-mc-niass\/\"},\"wordCount\":303,\"commentCount\":1,\"publisher\":{\"@id\":\"https:\/\/www.public.sn\/#organization\"},\"image\":{\"@id\":\"https:\/\/www.public.sn\/index.php\/2022\/12\/21\/adji-sarr-sur-laffaire-des-audio-je-voulais-pieger-mc-niass\/#primaryimage\"},\"thumbnailUrl\":\"https:\/\/www.public.sn\/wp-content\/uploads\/2022\/12\/adji-1.jpg\",\"keywords\":[\"Adji Sarr\"],\"articleSection\":[\"ACTUALIT\u00c9S\",\"justice\",\"SOCIETE\",\"VEDETTE\"],\"inLanguage\":\"fr-FR\",\"potentialAction\":[{\"@type\":\"CommentAction\",\"name\":\"Comment\",\"target\":[\"https:\/\/www.public.sn\/index.php\/2022\/12\/21\/adji-sarr-sur-laffaire-des-audio-je-voulais-pieger-mc-niass\/#respond\"]}]},{\"@type\":\"WebPage\",\"@id\":\"https:\/\/www.public.sn\/index.php\/2022\/12\/21\/adji-sarr-sur-laffaire-des-audio-je-voulais-pieger-mc-niass\/\",\"url\":\"https:\/\/www.public.sn\/index.php\/2022\/12\/21\/adji-sarr-sur-laffaire-des-audio-je-voulais-pieger-mc-niass\/\",\"name\":\"Adji Sarr sur l'affaire des audios : \\\"je voulais pi\u00e9ger Mc Niass\\\" - LE PUBLIC\",\"isPartOf\":{\"@id\":\"https:\/\/www.public.sn\/#website\"},\"primaryImageOfPage\":{\"@id\":\"https:\/\/www.public.sn\/index.php\/2022\/12\/21\/adji-sarr-sur-laffaire-des-audio-je-voulais-pieger-mc-niass\/#primaryimage\"},\"image\":{\"@id\":\"https:\/\/www.public.sn\/index.php\/2022\/12\/21\/adji-sarr-sur-laffaire-des-audio-je-voulais-pieger-mc-niass\/#primaryimage\"},\"thumbnailUrl\":\"https:\/\/www.public.sn\/wp-content\/uploads\/2022\/12\/adji-1.jpg\",\"datePublished\":\"2022-12-21T07:08:54+00:00\",\"dateModified\":\"2022-12-21T08:07:05+00:00\",\"breadcrumb\":{\"@id\":\"https:\/\/www.public.sn\/index.php\/2022\/12\/21\/adji-sarr-sur-laffaire-des-audio-je-voulais-pieger-mc-niass\/#breadcrumb\"},\"inLanguage\":\"fr-FR\",\"potentialAction\":[{\"@type\":\"ReadAction\",\"target\":[\"https:\/\/www.public.sn\/index.php\/2022\/12\/21\/adji-sarr-sur-laffaire-des-audio-je-voulais-pieger-mc-niass\/\"]}]},{\"@type\":\"ImageObject\",\"inLanguage\":\"fr-FR\",\"@id\":\"https:\/\/www.public.sn\/index.php\/2022\/12\/21\/adji-sarr-sur-laffaire-des-audio-je-voulais-pieger-mc-niass\/#primaryimage\",\"url\":\"https:\/\/www.public.sn\/wp-content\/uploads\/2022\/12\/adji-1.jpg\",\"contentUrl\":\"https:\/\/www.public.sn\/wp-content\/uploads\/2022\/12\/adji-1.jpg\",\"width\":696,\"height\":370},{\"@type\":\"BreadcrumbList\",\"@id\":\"https:\/\/www.public.sn\/index.php\/2022\/12\/21\/adji-sarr-sur-laffaire-des-audio-je-voulais-pieger-mc-niass\/#breadcrumb\",\"itemListElement\":[{\"@type\":\"ListItem\",\"position\":1,\"name\":\"Accueil\",\"item\":\"https:\/\/www.public.sn\/\"},{\"@type\":\"ListItem\",\"position\":2,\"name\":\"Adji Sarr sur l&rsquo;affaire des audios : \u00ab\u00a0je voulais pi\u00e9ger Mc Niass\u00a0\u00bb\"}]},{\"@type\":\"WebSite\",\"@id\":\"https:\/\/www.public.sn\/#website\",\"url\":\"https:\/\/www.public.sn\/\",\"name\":\"LE PUBLIC\",\"description\":\"\",\"publisher\":{\"@id\":\"https:\/\/www.public.sn\/#organization\"},\"potentialAction\":[{\"@type\":\"SearchAction\",\"target\":{\"@type\":\"EntryPoint\",\"urlTemplate\":\"https:\/\/www.public.sn\/?s={search_term_string}\"},\"query-input\":{\"@type\":\"PropertyValueSpecification\",\"valueRequired\":true,\"valueName\":\"search_term_string\"}}],\"inLanguage\":\"fr-FR\"},{\"@type\":\"Organization\",\"@id\":\"https:\/\/www.public.sn\/#organization\",\"name\":\"LE PUBLIC\",\"url\":\"https:\/\/www.public.sn\/\",\"logo\":{\"@type\":\"ImageObject\",\"inLanguage\":\"fr-FR\",\"@id\":\"https:\/\/www.public.sn\/#\/schema\/logo\/image\/\",\"url\":\"https:\/\/www.public.sn\/wp-content\/uploads\/2024\/05\/cropped-LOGO-PUBLIC.SN_.png\",\"contentUrl\":\"https:\/\/www.public.sn\/wp-content\/uploads\/2024\/05\/cropped-LOGO-PUBLIC.SN_.png\",\"width\":682,\"height\":192,\"caption\":\"LE PUBLIC\"},\"image\":{\"@id\":\"https:\/\/www.public.sn\/#\/schema\/logo\/image\/\"}},{\"@type\":\"Person\",\"@id\":\"https:\/\/www.public.sn\/#\/schema\/person\/e3f4a11b037d4203902db148f9bc8d5a\",\"name\":\"LA REDACTION\",\"image\":{\"@type\":\"ImageObject\",\"inLanguage\":\"fr-FR\",\"@id\":\"https:\/\/www.public.sn\/#\/schema\/person\/image\/\",\"url\":\"https:\/\/secure.gravatar.com\/avatar\/d6c030db45db2883c075085c5d6c6258654a801a93766b49af0b82d4f454e2a5?s=96&d=mm&r=g\",\"contentUrl\":\"https:\/\/secure.gravatar.com\/avatar\/d6c030db45db2883c075085c5d6c6258654a801a93766b49af0b82d4f454e2a5?s=96&d=mm&r=g\",\"caption\":\"LA REDACTION\"},\"sameAs\":[\"http:\/\/www.public.sn\"],\"url\":\"https:\/\/www.public.sn\/index.php\/author\/admin7324\/\"}]}<\/script>\n<!-- \/ Yoast SEO plugin. -->","yoast_head_json":{"title":"Adji Sarr sur l'affaire des audios : \"je voulais pi\u00e9ger Mc Niass\" - LE PUBLIC","robots":{"index":"index","follow":"follow","max-snippet":"max-snippet:-1","max-image-preview":"max-image-preview:large","max-video-preview":"max-video-preview:-1"},"canonical":"https:\/\/www.public.sn\/index.php\/2022\/12\/21\/adji-sarr-sur-laffaire-des-audio-je-voulais-pieger-mc-niass\/","og_locale":"fr_FR","og_type":"article","og_title":"Adji Sarr sur l'affaire des audios : \"je voulais pi\u00e9ger Mc Niass\" - LE PUBLIC","og_description":"Adji Sarr \u00e9tait convoqu\u00e9e, hier mardi, par le Doyen des juges, Oumar Maham Diallo. L\u2019accusatrice de Ousmane Sonko a \u00e9t\u00e9 entendue que les audios de Mc Niass, lesquels sont au nombre de 6.&nbsp; Dans ses r\u00e9ponses, Adji Sarr a confi\u00e9 qu\u2019\u00e0 propos de la liste des (16) personnes ayant abus\u00e9 d&rsquo;elle et qu&rsquo;elle aurait cit\u00e9es dans les audios, il a dit au Doyen des juges qu&rsquo;elle ne les connaissait pas. Adji Sarr a confirm\u00e9 l&rsquo;authenticit\u00e9 des audios. Interpell\u00e9e sur le contenu dans lequel (16) personnalit\u00e9s sont cit\u00e9es, elle a dit au Doyen des juges qu&rsquo;elle ne les connaissait pas. Elle a confi\u00e9 que son marabout la contactait tr\u00e8s souvent, discutait de tout et de rien. D&rsquo;apr\u00e8s Adji Sarr, Mc Niass lui a t\u00e9moign\u00e9 son soutien et avait m\u00eame promis de l&rsquo;\u00e9pouser et de l&rsquo;aider \u00e0 refaire sa vie. Ensuite, ajoute-t-elle, son marabout lui avait propose un deal pour faire chanter les autorit\u00e9s du pouvoir. Adji Sarr confie que Mc Niass lui a conseill\u00e9 de demander de 600 millions FCFA aux autorit\u00e9s avec qui elle serait en contact. Mc Niass voulait que l&rsquo;argent soit gard\u00e9 dans son compte, a-t-elle r\u00e9v\u00e9l\u00e9, non sans pr\u00e9ciser que son marabout aurais pris l&rsquo;engagement de se r\u00e9fugier avec elle aux Etats-Unis. Elle dit avoir cr\u00e9er une fausse histoire pour voir si son marabout peut garder un secret. C&rsquo;est ainsi qu&rsquo;elle lui a fait croire que des hommes la courtisaient puis elle a cit\u00e9 des noms, alors qu&rsquo;elle ne les conna\u00eet m\u00eame pas. En fin de compte, Adji Sarr soutient qu&rsquo;elle voulait juste pi\u00e9ger son marabout. \u00c0 signaler que l\u2019audition de l\u2019ex-masseuse \u00e0 Sweet Beauty a dur\u00e9 moins d&rsquo;une heure.","og_url":"https:\/\/www.public.sn\/index.php\/2022\/12\/21\/adji-sarr-sur-laffaire-des-audio-je-voulais-pieger-mc-niass\/","og_site_name":"LE PUBLIC","article_published_time":"2022-12-21T07:08:54+00:00","article_modified_time":"2022-12-21T08:07:05+00:00","og_image":[{"width":696,"height":370,"url":"https:\/\/www.public.sn\/wp-content\/uploads\/2022\/12\/adji-1.jpg","type":"image\/jpeg"}],"author":"LA REDACTION","twitter_card":"summary_large_image","twitter_misc":{"\u00c9crit par":"LA REDACTION","Dur\u00e9e de lecture estim\u00e9e":"2 minutes"},"schema":{"@context":"https:\/\/schema.org","@graph":[{"@type":"Article","@id":"https:\/\/www.public.sn\/index.php\/2022\/12\/21\/adji-sarr-sur-laffaire-des-audio-je-voulais-pieger-mc-niass\/#article","isPartOf":{"@id":"https:\/\/www.public.sn\/index.php\/2022\/12\/21\/adji-sarr-sur-laffaire-des-audio-je-voulais-pieger-mc-niass\/"},"author":{"name":"LA REDACTION","@id":"https:\/\/www.public.sn\/#\/schema\/person\/e3f4a11b037d4203902db148f9bc8d5a"},"headline":"Adji Sarr sur l&rsquo;affaire des audios : \u00ab\u00a0je voulais pi\u00e9ger Mc Niass\u00a0\u00bb","datePublished":"2022-12-21T07:08:54+00:00","dateModified":"2022-12-21T08:07:05+00:00","mainEntityOfPage":{"@id":"https:\/\/www.public.sn\/index.php\/2022\/12\/21\/adji-sarr-sur-laffaire-des-audio-je-voulais-pieger-mc-niass\/"},"wordCount":303,"commentCount":1,"publisher":{"@id":"https:\/\/www.public.sn\/#organization"},"image":{"@id":"https:\/\/www.public.sn\/index.php\/2022\/12\/21\/adji-sarr-sur-laffaire-des-audio-je-voulais-pieger-mc-niass\/#primaryimage"},"thumbnailUrl":"https:\/\/www.public.sn\/wp-content\/uploads\/2022\/12\/adji-1.jpg","keywords":["Adji Sarr"],"articleSection":["ACTUALIT\u00c9S","justice","SOCIETE","VEDETTE"],"inLanguage":"fr-FR","potentialAction":[{"@type":"CommentAction","name":"Comment","target":["https:\/\/www.public.sn\/index.php\/2022\/12\/21\/adji-sarr-sur-laffaire-des-audio-je-voulais-pieger-mc-niass\/#respond"]}]},{"@type":"WebPage","@id":"https:\/\/www.public.sn\/index.php\/2022\/12\/21\/adji-sarr-sur-laffaire-des-audio-je-voulais-pieger-mc-niass\/","url":"https:\/\/www.public.sn\/index.php\/2022\/12\/21\/adji-sarr-sur-laffaire-des-audio-je-voulais-pieger-mc-niass\/","name":"Adji Sarr sur l'affaire des audios : \"je voulais pi\u00e9ger Mc Niass\" - LE PUBLIC","isPartOf":{"@id":"https:\/\/www.public.sn\/#website"},"primaryImageOfPage":{"@id":"https:\/\/www.public.sn\/index.php\/2022\/12\/21\/adji-sarr-sur-laffaire-des-audio-je-voulais-pieger-mc-niass\/#primaryimage"},"image":{"@id":"https:\/\/www.public.sn\/index.php\/2022\/12\/21\/adji-sarr-sur-laffaire-des-audio-je-voulais-pieger-mc-niass\/#primaryimage"},"thumbnailUrl":"https:\/\/www.public.sn\/wp-content\/uploads\/2022\/12\/adji-1.jpg","datePublished":"2022-12-21T07:08:54+00:00","dateModified":"2022-12-21T08:07:05+00:00","breadcrumb":{"@id":"https:\/\/www.public.sn\/index.php\/2022\/12\/21\/adji-sarr-sur-laffaire-des-audio-je-voulais-pieger-mc-niass\/#breadcrumb"},"inLanguage":"fr-FR","potentialAction":[{"@type":"ReadAction","target":["https:\/\/www.public.sn\/index.php\/2022\/12\/21\/adji-sarr-sur-laffaire-des-audio-je-voulais-pieger-mc-niass\/"]}]},{"@type":"ImageObject","inLanguage":"fr-FR","@id":"https:\/\/www.public.sn\/index.php\/2022\/12\/21\/adji-sarr-sur-laffaire-des-audio-je-voulais-pieger-mc-niass\/#primaryimage","url":"https:\/\/www.public.sn\/wp-content\/uploads\/2022\/12\/adji-1.jpg","contentUrl":"https:\/\/www.public.sn\/wp-content\/uploads\/2022\/12\/adji-1.jpg","width":696,"height":370},{"@type":"BreadcrumbList","@id":"https:\/\/www.public.sn\/index.php\/2022\/12\/21\/adji-sarr-sur-laffaire-des-audio-je-voulais-pieger-mc-niass\/#breadcrumb","itemListElement":[{"@type":"ListItem","position":1,"name":"Accueil","item":"https:\/\/www.public.sn\/"},{"@type":"ListItem","position":2,"name":"Adji Sarr sur l&rsquo;affaire des audios : \u00ab\u00a0je voulais pi\u00e9ger Mc Niass\u00a0\u00bb"}]},{"@type":"WebSite","@id":"https:\/\/www.public.sn\/#website","url":"https:\/\/www.public.sn\/","name":"LE PUBLIC","description":"","publisher":{"@id":"https:\/\/www.public.sn\/#organization"},"potentialAction":[{"@type":"SearchAction","target":{"@type":"EntryPoint","urlTemplate":"https:\/\/www.public.sn\/?s={search_term_string}"},"query-input":{"@type":"PropertyValueSpecification","valueRequired":true,"valueName":"search_term_string"}}],"inLanguage":"fr-FR"},{"@type":"Organization","@id":"https:\/\/www.public.sn\/#organization","name":"LE PUBLIC","url":"https:\/\/www.public.sn\/","logo":{"@type":"ImageObject","inLanguage":"fr-FR","@id":"https:\/\/www.public.sn\/#\/schema\/logo\/image\/","url":"https:\/\/www.public.sn\/wp-content\/uploads\/2024\/05\/cropped-LOGO-PUBLIC.SN_.png","contentUrl":"https:\/\/www.public.sn\/wp-content\/uploads\/2024\/05\/cropped-LOGO-PUBLIC.SN_.png","width":682,"height":192,"caption":"LE PUBLIC"},"image":{"@id":"https:\/\/www.public.sn\/#\/schema\/logo\/image\/"}},{"@type":"Person","@id":"https:\/\/www.public.sn\/#\/schema\/person\/e3f4a11b037d4203902db148f9bc8d5a","name":"LA REDACTION","image":{"@type":"ImageObject","inLanguage":"fr-FR","@id":"https:\/\/www.public.sn\/#\/schema\/person\/image\/","url":"https:\/\/secure.gravatar.com\/avatar\/d6c030db45db2883c075085c5d6c6258654a801a93766b49af0b82d4f454e2a5?s=96&d=mm&r=g","contentUrl":"https:\/\/secure.gravatar.com\/avatar\/d6c030db45db2883c075085c5d6c6258654a801a93766b49af0b82d4f454e2a5?s=96&d=mm&r=g","caption":"LA REDACTION"},"sameAs":["http:\/\/www.public.sn"],"url":"https:\/\/www.public.sn\/index.php\/author\/admin7324\/"}]}},"jetpack_featured_media_url":"https:\/\/www.public.sn\/wp-content\/uploads\/2022\/12\/adji-1.jpg","jetpack_sharing_enabled":true,"_links":{"self":[{"href":"https:\/\/www.public.sn\/index.php\/wp-json\/wp\/v2\/posts\/12169","targetHints":{"allow":["GET"]}}],"collection":[{"href":"https:\/\/www.public.sn\/index.php\/wp-json\/wp\/v2\/posts"}],"about":[{"href":"https:\/\/www.public.sn\/index.php\/wp-json\/wp\/v2\/types\/post"}],"author":[{"embeddable":true,"href":"https:\/\/www.public.sn\/index.php\/wp-json\/wp\/v2\/users\/1"}],"replies":[{"embeddable":true,"href":"https:\/\/www.public.sn\/index.php\/wp-json\/wp\/v2\/comments?post=12169"}],"version-history":[{"count":3,"href":"https:\/\/www.public.sn\/index.php\/wp-json\/wp\/v2\/posts\/12169\/revisions"}],"predecessor-version":[{"id":12178,"href":"https:\/\/www.public.sn\/index.php\/wp-json\/wp\/v2\/posts\/12169\/revisions\/12178"}],"wp:featuredmedia":[{"embeddable":true,"href":"https:\/\/www.public.sn\/index.php\/wp-json\/wp\/v2\/media\/12170"}],"wp:attachment":[{"href":"https:\/\/www.public.sn\/index.php\/wp-json\/wp\/v2\/media?parent=12169"}],"wp:term":[{"taxonomy":"category","embeddable":true,"href":"https:\/\/www.public.sn\/index.php\/wp-json\/wp\/v2\/categories?post=12169"},{"taxonomy":"post_tag","embeddable":true,"href":"https:\/\/www.public.sn\/index.php\/wp-json\/wp\/v2\/tags?post=12169"}],"curies":[{"name":"wp","href":"https:\/\/api.w.org\/{rel}","templated":true}]}}