{"id":12182,"date":"2022-12-21T09:44:45","date_gmt":"2022-12-21T09:44:45","guid":{"rendered":"https:\/\/www.public.sn\/?p=12182"},"modified":"2022-12-21T09:44:47","modified_gmt":"2022-12-21T09:44:47","slug":"aliou-cisse-et-la-taniere-ca-sent-le-roussi","status":"publish","type":"post","link":"https:\/\/www.public.sn\/index.php\/2022\/12\/21\/aliou-cisse-et-la-taniere-ca-sent-le-roussi\/","title":{"rendered":"Aliou Ciss\u00e9 et la Tani\u00e8re : \u00e7a sent le roussi !"},"content":{"rendered":"\n<p>Entre Aliou Ciss\u00e9 surnomm\u00e9 \u00ab\u00a0El tactico\u00a0\u00bb et les Lions, \u00e7a sent la fin. La raison? Des membres du comit\u00e9 ex\u00e9cutif de la F\u00e9d\u00e9ration s\u00e9n\u00e9galaise de football (FSF) r\u00e9clament le d\u00e9part du s\u00e9lectionneur national.\u00a0<em>\u00abAliou Ciss\u00e9 a atteint ses limites, tranchent les pourfendeurs du s\u00e9lectionneur national, cit\u00e9s par le journal. Il n\u2019a pas atteint l\u2019objectif qui lui a \u00e9t\u00e9 fix\u00e9 durant le Mondial.\u00bb<\/em><\/p><div class=\"publi-paragraphe1\" style=\"margin-top: 10px;margin-bottom: 10px;margin-left: auto;margin-right: auto;text-align: center;\" id=\"publi-3528298386\"><div class=\"publi-adlabel\">Publicit\u00e9<\/div><script async src=\"\/\/pagead2.googlesyndication.com\/pagead\/js\/adsbygoogle.js?client=ca-pub-4089586018074219\" crossorigin=\"anonymous\"><\/script><ins class=\"adsbygoogle\" style=\"display:block;\" data-ad-client=\"ca-pub-4089586018074219\" \ndata-ad-slot=\"2087940154\" \ndata-ad-format=\"auto\"><\/ins>\n<script> \n(adsbygoogle = window.adsbygoogle || []).push({}); \n<\/script>\n<\/div>\n\n\n\n<p>En lui renouvelant ainsi leur confiance jusqu&rsquo;en 2024, le minist\u00e8re des Sports, son employeur, et la F\u00e9d\u00e9ration s\u00e9n\u00e9galaise de football (FSF), son \u00abutilisateur\u00bb, ont fix\u00e9 \u00e0 Aliou Ciss\u00e9 de nouveaux objectifs. Le technicien s\u00e9n\u00e9galais doit atteindre les quarts de finale de la prochaine Coupe du monde (20 novembre-18 d\u00e9cembre) et conserver le titre de champion d\u2019Afrique lors de la CAN 2024 (C\u00f4te d\u2019Ivoire).<\/p>\n\n\n\n<p>Autre grief&nbsp;: une des sources de Les \u00c9chos pointe le fait que l\u2019ancien capitaine du S\u00e9n\u00e9gal a tendance \u00e0 convoquer des joueurs qu\u2019il ne fera jamais jouer quoi qu\u2019il arrive. Une mani\u00e8re sans doute de dire que le s\u00e9lectionneur national porte des \u0153ill\u00e8res.<\/p>\n\n\n\n<p>Aliou Ciss\u00e9 est en poste depuis 2015. Avant de s\u2019envoler pour le Qatar, son contrat a \u00e9t\u00e9 prolong\u00e9 jusqu\u2019en 2024. Le nouveau bail est assorti d\u2019une revalorisation salariale de 50%. Il lui a \u00e9t\u00e9 fix\u00e9 comme objectifs d\u2019atteindre les quarts de finale de la Coupe du monde 2022 et de conserver le titre de champion d\u2019Afrique des Lions.<\/p>\n\n\n\n<p><\/p>\n<div class=\"publi-apres-le-contenu\" style=\"margin-top: 10px;margin-bottom: 10px;margin-left: auto;margin-right: auto;text-align: center;\" id=\"publi-3943842970\"><div class=\"publi-adlabel\">Publicit\u00e9<\/div><script async src=\"\/\/pagead2.googlesyndication.com\/pagead\/js\/adsbygoogle.js?client=ca-pub-4089586018074219\" crossorigin=\"anonymous\"><\/script><ins class=\"adsbygoogle\" style=\"display:block;\" data-ad-client=\"ca-pub-4089586018074219\" \ndata-ad-slot=\"2087940154\" \ndata-ad-format=\"auto\"><\/ins>\n<script> \n(adsbygoogle = window.adsbygoogle || []).push({}); \n<\/script>\n<\/div>","protected":false},"excerpt":{"rendered":"<p>Entre Aliou Ciss\u00e9 surnomm\u00e9 \u00ab\u00a0El tactico\u00a0\u00bb et les Lions, \u00e7a sent la fin. La raison? Des membres du comit\u00e9 ex\u00e9cutif de la F\u00e9d\u00e9ration s\u00e9n\u00e9galaise de football (FSF) r\u00e9clament le d\u00e9part du s\u00e9lectionneur national.\u00a0\u00abAliou Ciss\u00e9 a atteint ses limites, tranchent les pourfendeurs du s\u00e9lectionneur national, cit\u00e9s par le journal. Il n\u2019a pas atteint l\u2019objectif qui lui a \u00e9t\u00e9 fix\u00e9 durant le Mondial.\u00bb En lui renouvelant ainsi leur confiance jusqu&rsquo;en 2024, le minist\u00e8re des Sports, son employeur, et la F\u00e9d\u00e9ration s\u00e9n\u00e9galaise de football (FSF), son \u00abutilisateur\u00bb, ont fix\u00e9 \u00e0 Aliou Ciss\u00e9 de nouveaux objectifs. Le technicien s\u00e9n\u00e9galais doit atteindre les quarts de finale de la prochaine Coupe du monde (20 novembre-18 d\u00e9cembre) et conserver le titre de champion d\u2019Afrique lors de la CAN 2024 (C\u00f4te d\u2019Ivoire). Autre grief&nbsp;: une des sources de Les \u00c9chos pointe le fait que l\u2019ancien capitaine du S\u00e9n\u00e9gal a tendance \u00e0 convoquer des joueurs qu\u2019il ne fera jamais jouer quoi qu\u2019il arrive. Une mani\u00e8re sans doute de dire que le s\u00e9lectionneur national porte des \u0153ill\u00e8res. Aliou Ciss\u00e9 est en poste depuis 2015. Avant de s\u2019envoler pour le Qatar, son contrat a \u00e9t\u00e9 prolong\u00e9 jusqu\u2019en 2024. Le nouveau bail est assorti d\u2019une revalorisation salariale de 50%. Il lui a \u00e9t\u00e9 fix\u00e9 comme objectifs d\u2019atteindre les quarts de finale de la Coupe du monde 2022 et de conserver le titre de champion d\u2019Afrique des Lions.<\/p>\n","protected":false},"author":1,"featured_media":9874,"comment_status":"open","ping_status":"open","sticky":false,"template":"","format":"standard","meta":{"_jetpack_memberships_contains_paid_content":false,"footnotes":""},"categories":[375,7],"tags":[827],"class_list":["post-12182","post","type-post","status-publish","format-standard","has-post-thumbnail","hentry","category-actualites","category-sport","tag-aliou-cisse","entry","has-media","owp-thumbs-layout-horizontal","owp-btn-normal","owp-tabs-layout-horizontal","has-no-thumbnails","has-product-nav"],"yoast_head":"<!-- This site is optimized with the Yoast SEO plugin v25.5 - https:\/\/yoast.com\/wordpress\/plugins\/seo\/ -->\n<title>Aliou Ciss\u00e9 et la Tani\u00e8re : \u00e7a sent le roussi ! - LE PUBLIC<\/title>\n<meta name=\"robots\" content=\"index, follow, max-snippet:-1, max-image-preview:large, max-video-preview:-1\" \/>\n<link rel=\"canonical\" href=\"https:\/\/www.public.sn\/index.php\/2022\/12\/21\/aliou-cisse-et-la-taniere-ca-sent-le-roussi\/\" \/>\n<meta property=\"og:locale\" content=\"fr_FR\" \/>\n<meta property=\"og:type\" content=\"article\" \/>\n<meta property=\"og:title\" content=\"Aliou Ciss\u00e9 et la Tani\u00e8re : \u00e7a sent le roussi ! - LE PUBLIC\" \/>\n<meta property=\"og:description\" content=\"Entre Aliou Ciss\u00e9 surnomm\u00e9 \u00ab\u00a0El tactico\u00a0\u00bb et les Lions, \u00e7a sent la fin. La raison? Des membres du comit\u00e9 ex\u00e9cutif de la F\u00e9d\u00e9ration s\u00e9n\u00e9galaise de football (FSF) r\u00e9clament le d\u00e9part du s\u00e9lectionneur national.\u00a0\u00abAliou Ciss\u00e9 a atteint ses limites, tranchent les pourfendeurs du s\u00e9lectionneur national, cit\u00e9s par le journal. Il n\u2019a pas atteint l\u2019objectif qui lui a \u00e9t\u00e9 fix\u00e9 durant le Mondial.\u00bb En lui renouvelant ainsi leur confiance jusqu&rsquo;en 2024, le minist\u00e8re des Sports, son employeur, et la F\u00e9d\u00e9ration s\u00e9n\u00e9galaise de football (FSF), son \u00abutilisateur\u00bb, ont fix\u00e9 \u00e0 Aliou Ciss\u00e9 de nouveaux objectifs. Le technicien s\u00e9n\u00e9galais doit atteindre les quarts de finale de la prochaine Coupe du monde (20 novembre-18 d\u00e9cembre) et conserver le titre de champion d\u2019Afrique lors de la CAN 2024 (C\u00f4te d\u2019Ivoire). Autre grief&nbsp;: une des sources de Les \u00c9chos pointe le fait que l\u2019ancien capitaine du S\u00e9n\u00e9gal a tendance \u00e0 convoquer des joueurs qu\u2019il ne fera jamais jouer quoi qu\u2019il arrive. Une mani\u00e8re sans doute de dire que le s\u00e9lectionneur national porte des \u0153ill\u00e8res. Aliou Ciss\u00e9 est en poste depuis 2015. Avant de s\u2019envoler pour le Qatar, son contrat a \u00e9t\u00e9 prolong\u00e9 jusqu\u2019en 2024. Le nouveau bail est assorti d\u2019une revalorisation salariale de 50%. Il lui a \u00e9t\u00e9 fix\u00e9 comme objectifs d\u2019atteindre les quarts de finale de la Coupe du monde 2022 et de conserver le titre de champion d\u2019Afrique des Lions.\" \/>\n<meta property=\"og:url\" content=\"https:\/\/www.public.sn\/index.php\/2022\/12\/21\/aliou-cisse-et-la-taniere-ca-sent-le-roussi\/\" \/>\n<meta property=\"og:site_name\" content=\"LE PUBLIC\" \/>\n<meta property=\"article:published_time\" content=\"2022-12-21T09:44:45+00:00\" \/>\n<meta property=\"article:modified_time\" content=\"2022-12-21T09:44:47+00:00\" \/>\n<meta property=\"og:image\" content=\"https:\/\/www.public.sn\/wp-content\/uploads\/2022\/11\/aliou-cisse-3.jpg\" \/>\n\t<meta property=\"og:image:width\" content=\"1500\" \/>\n\t<meta property=\"og:image:height\" content=\"998\" \/>\n\t<meta property=\"og:image:type\" content=\"image\/jpeg\" \/>\n<meta name=\"author\" content=\"LA REDACTION\" \/>\n<meta name=\"twitter:card\" content=\"summary_large_image\" \/>\n<meta name=\"twitter:label1\" content=\"\u00c9crit par\" \/>\n\t<meta name=\"twitter:data1\" content=\"LA REDACTION\" \/>\n\t<meta name=\"twitter:label2\" content=\"Dur\u00e9e de lecture estim\u00e9e\" \/>\n\t<meta name=\"twitter:data2\" content=\"2 minutes\" \/>\n<script type=\"application\/ld+json\" class=\"yoast-schema-graph\">{\"@context\":\"https:\/\/schema.org\",\"@graph\":[{\"@type\":\"Article\",\"@id\":\"https:\/\/www.public.sn\/index.php\/2022\/12\/21\/aliou-cisse-et-la-taniere-ca-sent-le-roussi\/#article\",\"isPartOf\":{\"@id\":\"https:\/\/www.public.sn\/index.php\/2022\/12\/21\/aliou-cisse-et-la-taniere-ca-sent-le-roussi\/\"},\"author\":{\"name\":\"LA REDACTION\",\"@id\":\"https:\/\/www.public.sn\/#\/schema\/person\/e3f4a11b037d4203902db148f9bc8d5a\"},\"headline\":\"Aliou Ciss\u00e9 et la Tani\u00e8re : \u00e7a sent le roussi !\",\"datePublished\":\"2022-12-21T09:44:45+00:00\",\"dateModified\":\"2022-12-21T09:44:47+00:00\",\"mainEntityOfPage\":{\"@id\":\"https:\/\/www.public.sn\/index.php\/2022\/12\/21\/aliou-cisse-et-la-taniere-ca-sent-le-roussi\/\"},\"wordCount\":264,\"commentCount\":1,\"publisher\":{\"@id\":\"https:\/\/www.public.sn\/#organization\"},\"image\":{\"@id\":\"https:\/\/www.public.sn\/index.php\/2022\/12\/21\/aliou-cisse-et-la-taniere-ca-sent-le-roussi\/#primaryimage\"},\"thumbnailUrl\":\"https:\/\/www.public.sn\/wp-content\/uploads\/2022\/11\/aliou-cisse-3.jpg\",\"keywords\":[\"Aliou Ciss\u00e9\"],\"articleSection\":[\"ACTUALIT\u00c9S\",\"SPORTS\"],\"inLanguage\":\"fr-FR\",\"potentialAction\":[{\"@type\":\"CommentAction\",\"name\":\"Comment\",\"target\":[\"https:\/\/www.public.sn\/index.php\/2022\/12\/21\/aliou-cisse-et-la-taniere-ca-sent-le-roussi\/#respond\"]}]},{\"@type\":\"WebPage\",\"@id\":\"https:\/\/www.public.sn\/index.php\/2022\/12\/21\/aliou-cisse-et-la-taniere-ca-sent-le-roussi\/\",\"url\":\"https:\/\/www.public.sn\/index.php\/2022\/12\/21\/aliou-cisse-et-la-taniere-ca-sent-le-roussi\/\",\"name\":\"Aliou Ciss\u00e9 et la Tani\u00e8re : \u00e7a sent le roussi ! - LE PUBLIC\",\"isPartOf\":{\"@id\":\"https:\/\/www.public.sn\/#website\"},\"primaryImageOfPage\":{\"@id\":\"https:\/\/www.public.sn\/index.php\/2022\/12\/21\/aliou-cisse-et-la-taniere-ca-sent-le-roussi\/#primaryimage\"},\"image\":{\"@id\":\"https:\/\/www.public.sn\/index.php\/2022\/12\/21\/aliou-cisse-et-la-taniere-ca-sent-le-roussi\/#primaryimage\"},\"thumbnailUrl\":\"https:\/\/www.public.sn\/wp-content\/uploads\/2022\/11\/aliou-cisse-3.jpg\",\"datePublished\":\"2022-12-21T09:44:45+00:00\",\"dateModified\":\"2022-12-21T09:44:47+00:00\",\"breadcrumb\":{\"@id\":\"https:\/\/www.public.sn\/index.php\/2022\/12\/21\/aliou-cisse-et-la-taniere-ca-sent-le-roussi\/#breadcrumb\"},\"inLanguage\":\"fr-FR\",\"potentialAction\":[{\"@type\":\"ReadAction\",\"target\":[\"https:\/\/www.public.sn\/index.php\/2022\/12\/21\/aliou-cisse-et-la-taniere-ca-sent-le-roussi\/\"]}]},{\"@type\":\"ImageObject\",\"inLanguage\":\"fr-FR\",\"@id\":\"https:\/\/www.public.sn\/index.php\/2022\/12\/21\/aliou-cisse-et-la-taniere-ca-sent-le-roussi\/#primaryimage\",\"url\":\"https:\/\/www.public.sn\/wp-content\/uploads\/2022\/11\/aliou-cisse-3.jpg\",\"contentUrl\":\"https:\/\/www.public.sn\/wp-content\/uploads\/2022\/11\/aliou-cisse-3.jpg\",\"width\":1500,\"height\":998,\"caption\":\"publicsn\"},{\"@type\":\"BreadcrumbList\",\"@id\":\"https:\/\/www.public.sn\/index.php\/2022\/12\/21\/aliou-cisse-et-la-taniere-ca-sent-le-roussi\/#breadcrumb\",\"itemListElement\":[{\"@type\":\"ListItem\",\"position\":1,\"name\":\"Accueil\",\"item\":\"https:\/\/www.public.sn\/\"},{\"@type\":\"ListItem\",\"position\":2,\"name\":\"Aliou Ciss\u00e9 et la Tani\u00e8re : \u00e7a sent le roussi !\"}]},{\"@type\":\"WebSite\",\"@id\":\"https:\/\/www.public.sn\/#website\",\"url\":\"https:\/\/www.public.sn\/\",\"name\":\"LE PUBLIC\",\"description\":\"\",\"publisher\":{\"@id\":\"https:\/\/www.public.sn\/#organization\"},\"potentialAction\":[{\"@type\":\"SearchAction\",\"target\":{\"@type\":\"EntryPoint\",\"urlTemplate\":\"https:\/\/www.public.sn\/?s={search_term_string}\"},\"query-input\":{\"@type\":\"PropertyValueSpecification\",\"valueRequired\":true,\"valueName\":\"search_term_string\"}}],\"inLanguage\":\"fr-FR\"},{\"@type\":\"Organization\",\"@id\":\"https:\/\/www.public.sn\/#organization\",\"name\":\"LE PUBLIC\",\"url\":\"https:\/\/www.public.sn\/\",\"logo\":{\"@type\":\"ImageObject\",\"inLanguage\":\"fr-FR\",\"@id\":\"https:\/\/www.public.sn\/#\/schema\/logo\/image\/\",\"url\":\"https:\/\/www.public.sn\/wp-content\/uploads\/2024\/05\/cropped-LOGO-PUBLIC.SN_.png\",\"contentUrl\":\"https:\/\/www.public.sn\/wp-content\/uploads\/2024\/05\/cropped-LOGO-PUBLIC.SN_.png\",\"width\":682,\"height\":192,\"caption\":\"LE PUBLIC\"},\"image\":{\"@id\":\"https:\/\/www.public.sn\/#\/schema\/logo\/image\/\"}},{\"@type\":\"Person\",\"@id\":\"https:\/\/www.public.sn\/#\/schema\/person\/e3f4a11b037d4203902db148f9bc8d5a\",\"name\":\"LA REDACTION\",\"image\":{\"@type\":\"ImageObject\",\"inLanguage\":\"fr-FR\",\"@id\":\"https:\/\/www.public.sn\/#\/schema\/person\/image\/\",\"url\":\"https:\/\/secure.gravatar.com\/avatar\/d6c030db45db2883c075085c5d6c6258654a801a93766b49af0b82d4f454e2a5?s=96&d=mm&r=g\",\"contentUrl\":\"https:\/\/secure.gravatar.com\/avatar\/d6c030db45db2883c075085c5d6c6258654a801a93766b49af0b82d4f454e2a5?s=96&d=mm&r=g\",\"caption\":\"LA REDACTION\"},\"sameAs\":[\"http:\/\/www.public.sn\"],\"url\":\"https:\/\/www.public.sn\/index.php\/author\/admin7324\/\"}]}<\/script>\n<!-- \/ Yoast SEO plugin. -->","yoast_head_json":{"title":"Aliou Ciss\u00e9 et la Tani\u00e8re : \u00e7a sent le roussi ! - LE PUBLIC","robots":{"index":"index","follow":"follow","max-snippet":"max-snippet:-1","max-image-preview":"max-image-preview:large","max-video-preview":"max-video-preview:-1"},"canonical":"https:\/\/www.public.sn\/index.php\/2022\/12\/21\/aliou-cisse-et-la-taniere-ca-sent-le-roussi\/","og_locale":"fr_FR","og_type":"article","og_title":"Aliou Ciss\u00e9 et la Tani\u00e8re : \u00e7a sent le roussi ! - LE PUBLIC","og_description":"Entre Aliou Ciss\u00e9 surnomm\u00e9 \u00ab\u00a0El tactico\u00a0\u00bb et les Lions, \u00e7a sent la fin. La raison? Des membres du comit\u00e9 ex\u00e9cutif de la F\u00e9d\u00e9ration s\u00e9n\u00e9galaise de football (FSF) r\u00e9clament le d\u00e9part du s\u00e9lectionneur national.\u00a0\u00abAliou Ciss\u00e9 a atteint ses limites, tranchent les pourfendeurs du s\u00e9lectionneur national, cit\u00e9s par le journal. Il n\u2019a pas atteint l\u2019objectif qui lui a \u00e9t\u00e9 fix\u00e9 durant le Mondial.\u00bb En lui renouvelant ainsi leur confiance jusqu&rsquo;en 2024, le minist\u00e8re des Sports, son employeur, et la F\u00e9d\u00e9ration s\u00e9n\u00e9galaise de football (FSF), son \u00abutilisateur\u00bb, ont fix\u00e9 \u00e0 Aliou Ciss\u00e9 de nouveaux objectifs. Le technicien s\u00e9n\u00e9galais doit atteindre les quarts de finale de la prochaine Coupe du monde (20 novembre-18 d\u00e9cembre) et conserver le titre de champion d\u2019Afrique lors de la CAN 2024 (C\u00f4te d\u2019Ivoire). Autre grief&nbsp;: une des sources de Les \u00c9chos pointe le fait que l\u2019ancien capitaine du S\u00e9n\u00e9gal a tendance \u00e0 convoquer des joueurs qu\u2019il ne fera jamais jouer quoi qu\u2019il arrive. Une mani\u00e8re sans doute de dire que le s\u00e9lectionneur national porte des \u0153ill\u00e8res. Aliou Ciss\u00e9 est en poste depuis 2015. Avant de s\u2019envoler pour le Qatar, son contrat a \u00e9t\u00e9 prolong\u00e9 jusqu\u2019en 2024. Le nouveau bail est assorti d\u2019une revalorisation salariale de 50%. Il lui a \u00e9t\u00e9 fix\u00e9 comme objectifs d\u2019atteindre les quarts de finale de la Coupe du monde 2022 et de conserver le titre de champion d\u2019Afrique des Lions.","og_url":"https:\/\/www.public.sn\/index.php\/2022\/12\/21\/aliou-cisse-et-la-taniere-ca-sent-le-roussi\/","og_site_name":"LE PUBLIC","article_published_time":"2022-12-21T09:44:45+00:00","article_modified_time":"2022-12-21T09:44:47+00:00","og_image":[{"width":1500,"height":998,"url":"https:\/\/www.public.sn\/wp-content\/uploads\/2022\/11\/aliou-cisse-3.jpg","type":"image\/jpeg"}],"author":"LA REDACTION","twitter_card":"summary_large_image","twitter_misc":{"\u00c9crit par":"LA REDACTION","Dur\u00e9e de lecture estim\u00e9e":"2 minutes"},"schema":{"@context":"https:\/\/schema.org","@graph":[{"@type":"Article","@id":"https:\/\/www.public.sn\/index.php\/2022\/12\/21\/aliou-cisse-et-la-taniere-ca-sent-le-roussi\/#article","isPartOf":{"@id":"https:\/\/www.public.sn\/index.php\/2022\/12\/21\/aliou-cisse-et-la-taniere-ca-sent-le-roussi\/"},"author":{"name":"LA REDACTION","@id":"https:\/\/www.public.sn\/#\/schema\/person\/e3f4a11b037d4203902db148f9bc8d5a"},"headline":"Aliou Ciss\u00e9 et la Tani\u00e8re : \u00e7a sent le roussi !","datePublished":"2022-12-21T09:44:45+00:00","dateModified":"2022-12-21T09:44:47+00:00","mainEntityOfPage":{"@id":"https:\/\/www.public.sn\/index.php\/2022\/12\/21\/aliou-cisse-et-la-taniere-ca-sent-le-roussi\/"},"wordCount":264,"commentCount":1,"publisher":{"@id":"https:\/\/www.public.sn\/#organization"},"image":{"@id":"https:\/\/www.public.sn\/index.php\/2022\/12\/21\/aliou-cisse-et-la-taniere-ca-sent-le-roussi\/#primaryimage"},"thumbnailUrl":"https:\/\/www.public.sn\/wp-content\/uploads\/2022\/11\/aliou-cisse-3.jpg","keywords":["Aliou Ciss\u00e9"],"articleSection":["ACTUALIT\u00c9S","SPORTS"],"inLanguage":"fr-FR","potentialAction":[{"@type":"CommentAction","name":"Comment","target":["https:\/\/www.public.sn\/index.php\/2022\/12\/21\/aliou-cisse-et-la-taniere-ca-sent-le-roussi\/#respond"]}]},{"@type":"WebPage","@id":"https:\/\/www.public.sn\/index.php\/2022\/12\/21\/aliou-cisse-et-la-taniere-ca-sent-le-roussi\/","url":"https:\/\/www.public.sn\/index.php\/2022\/12\/21\/aliou-cisse-et-la-taniere-ca-sent-le-roussi\/","name":"Aliou Ciss\u00e9 et la Tani\u00e8re : \u00e7a sent le roussi ! - LE PUBLIC","isPartOf":{"@id":"https:\/\/www.public.sn\/#website"},"primaryImageOfPage":{"@id":"https:\/\/www.public.sn\/index.php\/2022\/12\/21\/aliou-cisse-et-la-taniere-ca-sent-le-roussi\/#primaryimage"},"image":{"@id":"https:\/\/www.public.sn\/index.php\/2022\/12\/21\/aliou-cisse-et-la-taniere-ca-sent-le-roussi\/#primaryimage"},"thumbnailUrl":"https:\/\/www.public.sn\/wp-content\/uploads\/2022\/11\/aliou-cisse-3.jpg","datePublished":"2022-12-21T09:44:45+00:00","dateModified":"2022-12-21T09:44:47+00:00","breadcrumb":{"@id":"https:\/\/www.public.sn\/index.php\/2022\/12\/21\/aliou-cisse-et-la-taniere-ca-sent-le-roussi\/#breadcrumb"},"inLanguage":"fr-FR","potentialAction":[{"@type":"ReadAction","target":["https:\/\/www.public.sn\/index.php\/2022\/12\/21\/aliou-cisse-et-la-taniere-ca-sent-le-roussi\/"]}]},{"@type":"ImageObject","inLanguage":"fr-FR","@id":"https:\/\/www.public.sn\/index.php\/2022\/12\/21\/aliou-cisse-et-la-taniere-ca-sent-le-roussi\/#primaryimage","url":"https:\/\/www.public.sn\/wp-content\/uploads\/2022\/11\/aliou-cisse-3.jpg","contentUrl":"https:\/\/www.public.sn\/wp-content\/uploads\/2022\/11\/aliou-cisse-3.jpg","width":1500,"height":998,"caption":"publicsn"},{"@type":"BreadcrumbList","@id":"https:\/\/www.public.sn\/index.php\/2022\/12\/21\/aliou-cisse-et-la-taniere-ca-sent-le-roussi\/#breadcrumb","itemListElement":[{"@type":"ListItem","position":1,"name":"Accueil","item":"https:\/\/www.public.sn\/"},{"@type":"ListItem","position":2,"name":"Aliou Ciss\u00e9 et la Tani\u00e8re : \u00e7a sent le roussi !"}]},{"@type":"WebSite","@id":"https:\/\/www.public.sn\/#website","url":"https:\/\/www.public.sn\/","name":"LE PUBLIC","description":"","publisher":{"@id":"https:\/\/www.public.sn\/#organization"},"potentialAction":[{"@type":"SearchAction","target":{"@type":"EntryPoint","urlTemplate":"https:\/\/www.public.sn\/?s={search_term_string}"},"query-input":{"@type":"PropertyValueSpecification","valueRequired":true,"valueName":"search_term_string"}}],"inLanguage":"fr-FR"},{"@type":"Organization","@id":"https:\/\/www.public.sn\/#organization","name":"LE PUBLIC","url":"https:\/\/www.public.sn\/","logo":{"@type":"ImageObject","inLanguage":"fr-FR","@id":"https:\/\/www.public.sn\/#\/schema\/logo\/image\/","url":"https:\/\/www.public.sn\/wp-content\/uploads\/2024\/05\/cropped-LOGO-PUBLIC.SN_.png","contentUrl":"https:\/\/www.public.sn\/wp-content\/uploads\/2024\/05\/cropped-LOGO-PUBLIC.SN_.png","width":682,"height":192,"caption":"LE PUBLIC"},"image":{"@id":"https:\/\/www.public.sn\/#\/schema\/logo\/image\/"}},{"@type":"Person","@id":"https:\/\/www.public.sn\/#\/schema\/person\/e3f4a11b037d4203902db148f9bc8d5a","name":"LA REDACTION","image":{"@type":"ImageObject","inLanguage":"fr-FR","@id":"https:\/\/www.public.sn\/#\/schema\/person\/image\/","url":"https:\/\/secure.gravatar.com\/avatar\/d6c030db45db2883c075085c5d6c6258654a801a93766b49af0b82d4f454e2a5?s=96&d=mm&r=g","contentUrl":"https:\/\/secure.gravatar.com\/avatar\/d6c030db45db2883c075085c5d6c6258654a801a93766b49af0b82d4f454e2a5?s=96&d=mm&r=g","caption":"LA REDACTION"},"sameAs":["http:\/\/www.public.sn"],"url":"https:\/\/www.public.sn\/index.php\/author\/admin7324\/"}]}},"jetpack_featured_media_url":"https:\/\/www.public.sn\/wp-content\/uploads\/2022\/11\/aliou-cisse-3.jpg","jetpack_sharing_enabled":true,"_links":{"self":[{"href":"https:\/\/www.public.sn\/index.php\/wp-json\/wp\/v2\/posts\/12182","targetHints":{"allow":["GET"]}}],"collection":[{"href":"https:\/\/www.public.sn\/index.php\/wp-json\/wp\/v2\/posts"}],"about":[{"href":"https:\/\/www.public.sn\/index.php\/wp-json\/wp\/v2\/types\/post"}],"author":[{"embeddable":true,"href":"https:\/\/www.public.sn\/index.php\/wp-json\/wp\/v2\/users\/1"}],"replies":[{"embeddable":true,"href":"https:\/\/www.public.sn\/index.php\/wp-json\/wp\/v2\/comments?post=12182"}],"version-history":[{"count":1,"href":"https:\/\/www.public.sn\/index.php\/wp-json\/wp\/v2\/posts\/12182\/revisions"}],"predecessor-version":[{"id":12183,"href":"https:\/\/www.public.sn\/index.php\/wp-json\/wp\/v2\/posts\/12182\/revisions\/12183"}],"wp:featuredmedia":[{"embeddable":true,"href":"https:\/\/www.public.sn\/index.php\/wp-json\/wp\/v2\/media\/9874"}],"wp:attachment":[{"href":"https:\/\/www.public.sn\/index.php\/wp-json\/wp\/v2\/media?parent=12182"}],"wp:term":[{"taxonomy":"category","embeddable":true,"href":"https:\/\/www.public.sn\/index.php\/wp-json\/wp\/v2\/categories?post=12182"},{"taxonomy":"post_tag","embeddable":true,"href":"https:\/\/www.public.sn\/index.php\/wp-json\/wp\/v2\/tags?post=12182"}],"curies":[{"name":"wp","href":"https:\/\/api.w.org\/{rel}","templated":true}]}}