{"id":12197,"date":"2022-12-21T12:51:41","date_gmt":"2022-12-21T12:51:41","guid":{"rendered":"https:\/\/www.public.sn\/?p=12197"},"modified":"2022-12-21T12:51:53","modified_gmt":"2022-12-21T12:51:53","slug":"le-gyneco-alfousseyni-gaye-qui-a-examine-adji-sarr-encore-menace-de-mort","status":"publish","type":"post","link":"https:\/\/www.public.sn\/index.php\/2022\/12\/21\/le-gyneco-alfousseyni-gaye-qui-a-examine-adji-sarr-encore-menace-de-mort\/","title":{"rendered":"Le gyn\u00e9co&rsquo; Alfousseyni Gaye, qui a examin\u00e9 Adji Sarr, encore menac\u00e9 de mort"},"content":{"rendered":"\n<p>Dr Alfousseyni Gaye ce gyn\u00e9cologue qui a examin\u00e9 <a href=\"https:\/\/www.public.sn\/index.php\/2022\/12\/21\/adji-sarr-sur-laffaire-des-audio-je-voulais-pieger-mc-niass\/\">Adji Sarr<\/a> quelques heures apr\u00e8s qu\u2019elle a d\u00e9clar\u00e9 avoir \u00e9t\u00e9 viol\u00e9e par Ousmane Sonko est en danger. Selon le d\u00e9put\u00e9 Mamadou Lamine Diallo qui a donn\u00e9 l\u2019information, le gyn\u00e9co est pers\u00e9cut\u00e9 et toujours menac\u00e9 de mort.<\/p><div class=\"publi-paragraphe1\" style=\"margin-top: 10px;margin-bottom: 10px;margin-left: auto;margin-right: auto;text-align: center;\" id=\"publi-1462888613\"><div class=\"publi-adlabel\">Publicit\u00e9<\/div><script async src=\"\/\/pagead2.googlesyndication.com\/pagead\/js\/adsbygoogle.js?client=ca-pub-4089586018074219\" crossorigin=\"anonymous\"><\/script><ins class=\"adsbygoogle\" style=\"display:block;\" data-ad-client=\"ca-pub-4089586018074219\" \ndata-ad-slot=\"2087940154\" \ndata-ad-format=\"auto\"><\/ins>\n<script> \n(adsbygoogle = window.adsbygoogle || []).push({}); \n<\/script>\n<\/div>\n\n\n\n<p>Al Fousseyni Gaye craint \u00ab\u00a0son \u00e9limination physique\u00a0\u00bb. Et pour cause, \u00abil ne se passe pas une semaine, sans que son v\u00e9hicule ne soit attaqu\u00e9 dans la circulation\u00a0\u00bb. Et quand il <em>\u00ab\u00a0descend de sa voiture pour s&rsquo;enqu\u00e9rir de la situation, c&rsquo;est souvent son t\u00e9l\u00e9phone que des gens cherchent \u00e0 lui voler\u00a0\u00bb<\/em>. Inquiet, le gyn\u00e9co a d\u00e9cid\u00e9 de briser le silence \u00e0 travers une interview accord\u00e9e \u00e0 Kewoulo: \u00ab\u00a0j&rsquo;ai peur pour ma vie\u00a0\u00bb.<\/p>\n\n\n\n<p>Toutefois, lors de ses auditions devant le doyen des juges, le Dr Alfousseynou Gaye a toujours exprim\u00e9 \u00ab\u00a0ses inqui\u00e9tudes par rapport aux nombreuses agressions qu&rsquo;il subit\u00a0\u00bb. Par ailleurs, Dr Gaye mart\u00e8le qu&rsquo;il \u00ab\u00a0n&rsquo;est ni de pr\u00e8s, ni de loin m\u00eal\u00e9 \u00e0 un quelconque complot\u00a0\u00bb.<\/p>\n<div class=\"publi-apres-le-contenu\" style=\"margin-top: 10px;margin-bottom: 10px;margin-left: auto;margin-right: auto;text-align: center;\" id=\"publi-1366648880\"><div class=\"publi-adlabel\">Publicit\u00e9<\/div><script async src=\"\/\/pagead2.googlesyndication.com\/pagead\/js\/adsbygoogle.js?client=ca-pub-4089586018074219\" crossorigin=\"anonymous\"><\/script><ins class=\"adsbygoogle\" style=\"display:block;\" data-ad-client=\"ca-pub-4089586018074219\" \ndata-ad-slot=\"2087940154\" \ndata-ad-format=\"auto\"><\/ins>\n<script> \n(adsbygoogle = window.adsbygoogle || []).push({}); \n<\/script>\n<\/div>","protected":false},"excerpt":{"rendered":"<p>Dr Alfousseyni Gaye ce gyn\u00e9cologue qui a examin\u00e9 Adji Sarr quelques heures apr\u00e8s qu\u2019elle a d\u00e9clar\u00e9 avoir \u00e9t\u00e9 viol\u00e9e par Ousmane Sonko est en danger. Selon le d\u00e9put\u00e9 Mamadou Lamine Diallo qui a donn\u00e9 l\u2019information, le gyn\u00e9co est pers\u00e9cut\u00e9 et toujours menac\u00e9 de mort. Al Fousseyni Gaye craint \u00ab\u00a0son \u00e9limination physique\u00a0\u00bb. Et pour cause, \u00abil ne se passe pas une semaine, sans que son v\u00e9hicule ne soit attaqu\u00e9 dans la circulation\u00a0\u00bb. Et quand il \u00ab\u00a0descend de sa voiture pour s&rsquo;enqu\u00e9rir de la situation, c&rsquo;est souvent son t\u00e9l\u00e9phone que des gens cherchent \u00e0 lui voler\u00a0\u00bb. Inquiet, le gyn\u00e9co a d\u00e9cid\u00e9 de briser le silence \u00e0 travers une interview accord\u00e9e \u00e0 Kewoulo: \u00ab\u00a0j&rsquo;ai peur pour ma vie\u00a0\u00bb. Toutefois, lors de ses auditions devant le doyen des juges, le Dr Alfousseynou Gaye a toujours exprim\u00e9 \u00ab\u00a0ses inqui\u00e9tudes par rapport aux nombreuses agressions qu&rsquo;il subit\u00a0\u00bb. Par ailleurs, Dr Gaye mart\u00e8le qu&rsquo;il \u00ab\u00a0n&rsquo;est ni de pr\u00e8s, ni de loin m\u00eal\u00e9 \u00e0 un quelconque complot\u00a0\u00bb.<\/p>\n","protected":false},"author":1,"featured_media":11208,"comment_status":"open","ping_status":"open","sticky":false,"template":"","format":"standard","meta":{"_jetpack_memberships_contains_paid_content":false,"footnotes":""},"categories":[375,379,3724],"tags":[99,3632],"class_list":["post-12197","post","type-post","status-publish","format-standard","has-post-thumbnail","hentry","category-actualites","category-faits-divers","category-justice","tag-adji-sarr","tag-sweet-beauty","entry","has-media","owp-thumbs-layout-horizontal","owp-btn-normal","owp-tabs-layout-horizontal","has-no-thumbnails","has-product-nav"],"yoast_head":"<!-- This site is optimized with the Yoast SEO plugin v25.5 - https:\/\/yoast.com\/wordpress\/plugins\/seo\/ -->\n<title>Le gyn\u00e9co&#039; Alfousseyni Gaye, qui a examin\u00e9 Adji Sarr, encore menac\u00e9 de mort - LE PUBLIC<\/title>\n<meta name=\"robots\" content=\"index, follow, max-snippet:-1, max-image-preview:large, max-video-preview:-1\" \/>\n<link rel=\"canonical\" href=\"https:\/\/www.public.sn\/index.php\/2022\/12\/21\/le-gyneco-alfousseyni-gaye-qui-a-examine-adji-sarr-encore-menace-de-mort\/\" \/>\n<meta property=\"og:locale\" content=\"fr_FR\" \/>\n<meta property=\"og:type\" content=\"article\" \/>\n<meta property=\"og:title\" content=\"Le gyn\u00e9co&#039; Alfousseyni Gaye, qui a examin\u00e9 Adji Sarr, encore menac\u00e9 de mort - LE PUBLIC\" \/>\n<meta property=\"og:description\" content=\"Dr Alfousseyni Gaye ce gyn\u00e9cologue qui a examin\u00e9 Adji Sarr quelques heures apr\u00e8s qu\u2019elle a d\u00e9clar\u00e9 avoir \u00e9t\u00e9 viol\u00e9e par Ousmane Sonko est en danger. Selon le d\u00e9put\u00e9 Mamadou Lamine Diallo qui a donn\u00e9 l\u2019information, le gyn\u00e9co est pers\u00e9cut\u00e9 et toujours menac\u00e9 de mort. Al Fousseyni Gaye craint \u00ab\u00a0son \u00e9limination physique\u00a0\u00bb. Et pour cause, \u00abil ne se passe pas une semaine, sans que son v\u00e9hicule ne soit attaqu\u00e9 dans la circulation\u00a0\u00bb. Et quand il \u00ab\u00a0descend de sa voiture pour s&rsquo;enqu\u00e9rir de la situation, c&rsquo;est souvent son t\u00e9l\u00e9phone que des gens cherchent \u00e0 lui voler\u00a0\u00bb. Inquiet, le gyn\u00e9co a d\u00e9cid\u00e9 de briser le silence \u00e0 travers une interview accord\u00e9e \u00e0 Kewoulo: \u00ab\u00a0j&rsquo;ai peur pour ma vie\u00a0\u00bb. Toutefois, lors de ses auditions devant le doyen des juges, le Dr Alfousseynou Gaye a toujours exprim\u00e9 \u00ab\u00a0ses inqui\u00e9tudes par rapport aux nombreuses agressions qu&rsquo;il subit\u00a0\u00bb. Par ailleurs, Dr Gaye mart\u00e8le qu&rsquo;il \u00ab\u00a0n&rsquo;est ni de pr\u00e8s, ni de loin m\u00eal\u00e9 \u00e0 un quelconque complot\u00a0\u00bb.\" \/>\n<meta property=\"og:url\" content=\"https:\/\/www.public.sn\/index.php\/2022\/12\/21\/le-gyneco-alfousseyni-gaye-qui-a-examine-adji-sarr-encore-menace-de-mort\/\" \/>\n<meta property=\"og:site_name\" content=\"LE PUBLIC\" \/>\n<meta property=\"article:published_time\" content=\"2022-12-21T12:51:41+00:00\" \/>\n<meta property=\"article:modified_time\" content=\"2022-12-21T12:51:53+00:00\" \/>\n<meta property=\"og:image\" content=\"https:\/\/www.public.sn\/wp-content\/uploads\/2022\/12\/adji-sarr.jpg\" \/>\n\t<meta property=\"og:image:width\" content=\"1280\" \/>\n\t<meta property=\"og:image:height\" content=\"1280\" \/>\n\t<meta property=\"og:image:type\" content=\"image\/jpeg\" \/>\n<meta name=\"author\" content=\"LA REDACTION\" \/>\n<meta name=\"twitter:card\" content=\"summary_large_image\" \/>\n<meta name=\"twitter:label1\" content=\"\u00c9crit par\" \/>\n\t<meta name=\"twitter:data1\" content=\"LA REDACTION\" \/>\n\t<meta name=\"twitter:label2\" content=\"Dur\u00e9e de lecture estim\u00e9e\" \/>\n\t<meta name=\"twitter:data2\" content=\"1 minute\" \/>\n<script type=\"application\/ld+json\" class=\"yoast-schema-graph\">{\"@context\":\"https:\/\/schema.org\",\"@graph\":[{\"@type\":\"Article\",\"@id\":\"https:\/\/www.public.sn\/index.php\/2022\/12\/21\/le-gyneco-alfousseyni-gaye-qui-a-examine-adji-sarr-encore-menace-de-mort\/#article\",\"isPartOf\":{\"@id\":\"https:\/\/www.public.sn\/index.php\/2022\/12\/21\/le-gyneco-alfousseyni-gaye-qui-a-examine-adji-sarr-encore-menace-de-mort\/\"},\"author\":{\"name\":\"LA REDACTION\",\"@id\":\"https:\/\/www.public.sn\/#\/schema\/person\/e3f4a11b037d4203902db148f9bc8d5a\"},\"headline\":\"Le gyn\u00e9co&rsquo; Alfousseyni Gaye, qui a examin\u00e9 Adji Sarr, encore menac\u00e9 de mort\",\"datePublished\":\"2022-12-21T12:51:41+00:00\",\"dateModified\":\"2022-12-21T12:51:53+00:00\",\"mainEntityOfPage\":{\"@id\":\"https:\/\/www.public.sn\/index.php\/2022\/12\/21\/le-gyneco-alfousseyni-gaye-qui-a-examine-adji-sarr-encore-menace-de-mort\/\"},\"wordCount\":189,\"commentCount\":2,\"publisher\":{\"@id\":\"https:\/\/www.public.sn\/#organization\"},\"image\":{\"@id\":\"https:\/\/www.public.sn\/index.php\/2022\/12\/21\/le-gyneco-alfousseyni-gaye-qui-a-examine-adji-sarr-encore-menace-de-mort\/#primaryimage\"},\"thumbnailUrl\":\"https:\/\/www.public.sn\/wp-content\/uploads\/2022\/12\/adji-sarr.jpg\",\"keywords\":[\"Adji Sarr\",\"Sweet beauty\"],\"articleSection\":[\"ACTUALIT\u00c9S\",\"FAITS DIVERS\",\"justice\"],\"inLanguage\":\"fr-FR\",\"potentialAction\":[{\"@type\":\"CommentAction\",\"name\":\"Comment\",\"target\":[\"https:\/\/www.public.sn\/index.php\/2022\/12\/21\/le-gyneco-alfousseyni-gaye-qui-a-examine-adji-sarr-encore-menace-de-mort\/#respond\"]}]},{\"@type\":\"WebPage\",\"@id\":\"https:\/\/www.public.sn\/index.php\/2022\/12\/21\/le-gyneco-alfousseyni-gaye-qui-a-examine-adji-sarr-encore-menace-de-mort\/\",\"url\":\"https:\/\/www.public.sn\/index.php\/2022\/12\/21\/le-gyneco-alfousseyni-gaye-qui-a-examine-adji-sarr-encore-menace-de-mort\/\",\"name\":\"Le gyn\u00e9co' Alfousseyni Gaye, qui a examin\u00e9 Adji Sarr, encore menac\u00e9 de mort - LE PUBLIC\",\"isPartOf\":{\"@id\":\"https:\/\/www.public.sn\/#website\"},\"primaryImageOfPage\":{\"@id\":\"https:\/\/www.public.sn\/index.php\/2022\/12\/21\/le-gyneco-alfousseyni-gaye-qui-a-examine-adji-sarr-encore-menace-de-mort\/#primaryimage\"},\"image\":{\"@id\":\"https:\/\/www.public.sn\/index.php\/2022\/12\/21\/le-gyneco-alfousseyni-gaye-qui-a-examine-adji-sarr-encore-menace-de-mort\/#primaryimage\"},\"thumbnailUrl\":\"https:\/\/www.public.sn\/wp-content\/uploads\/2022\/12\/adji-sarr.jpg\",\"datePublished\":\"2022-12-21T12:51:41+00:00\",\"dateModified\":\"2022-12-21T12:51:53+00:00\",\"breadcrumb\":{\"@id\":\"https:\/\/www.public.sn\/index.php\/2022\/12\/21\/le-gyneco-alfousseyni-gaye-qui-a-examine-adji-sarr-encore-menace-de-mort\/#breadcrumb\"},\"inLanguage\":\"fr-FR\",\"potentialAction\":[{\"@type\":\"ReadAction\",\"target\":[\"https:\/\/www.public.sn\/index.php\/2022\/12\/21\/le-gyneco-alfousseyni-gaye-qui-a-examine-adji-sarr-encore-menace-de-mort\/\"]}]},{\"@type\":\"ImageObject\",\"inLanguage\":\"fr-FR\",\"@id\":\"https:\/\/www.public.sn\/index.php\/2022\/12\/21\/le-gyneco-alfousseyni-gaye-qui-a-examine-adji-sarr-encore-menace-de-mort\/#primaryimage\",\"url\":\"https:\/\/www.public.sn\/wp-content\/uploads\/2022\/12\/adji-sarr.jpg\",\"contentUrl\":\"https:\/\/www.public.sn\/wp-content\/uploads\/2022\/12\/adji-sarr.jpg\",\"width\":1280,\"height\":1280,\"caption\":\"publicsn\"},{\"@type\":\"BreadcrumbList\",\"@id\":\"https:\/\/www.public.sn\/index.php\/2022\/12\/21\/le-gyneco-alfousseyni-gaye-qui-a-examine-adji-sarr-encore-menace-de-mort\/#breadcrumb\",\"itemListElement\":[{\"@type\":\"ListItem\",\"position\":1,\"name\":\"Accueil\",\"item\":\"https:\/\/www.public.sn\/\"},{\"@type\":\"ListItem\",\"position\":2,\"name\":\"Le gyn\u00e9co&rsquo; Alfousseyni Gaye, qui a examin\u00e9 Adji Sarr, encore menac\u00e9 de mort\"}]},{\"@type\":\"WebSite\",\"@id\":\"https:\/\/www.public.sn\/#website\",\"url\":\"https:\/\/www.public.sn\/\",\"name\":\"LE PUBLIC\",\"description\":\"\",\"publisher\":{\"@id\":\"https:\/\/www.public.sn\/#organization\"},\"potentialAction\":[{\"@type\":\"SearchAction\",\"target\":{\"@type\":\"EntryPoint\",\"urlTemplate\":\"https:\/\/www.public.sn\/?s={search_term_string}\"},\"query-input\":{\"@type\":\"PropertyValueSpecification\",\"valueRequired\":true,\"valueName\":\"search_term_string\"}}],\"inLanguage\":\"fr-FR\"},{\"@type\":\"Organization\",\"@id\":\"https:\/\/www.public.sn\/#organization\",\"name\":\"LE PUBLIC\",\"url\":\"https:\/\/www.public.sn\/\",\"logo\":{\"@type\":\"ImageObject\",\"inLanguage\":\"fr-FR\",\"@id\":\"https:\/\/www.public.sn\/#\/schema\/logo\/image\/\",\"url\":\"https:\/\/www.public.sn\/wp-content\/uploads\/2024\/05\/cropped-LOGO-PUBLIC.SN_.png\",\"contentUrl\":\"https:\/\/www.public.sn\/wp-content\/uploads\/2024\/05\/cropped-LOGO-PUBLIC.SN_.png\",\"width\":682,\"height\":192,\"caption\":\"LE PUBLIC\"},\"image\":{\"@id\":\"https:\/\/www.public.sn\/#\/schema\/logo\/image\/\"}},{\"@type\":\"Person\",\"@id\":\"https:\/\/www.public.sn\/#\/schema\/person\/e3f4a11b037d4203902db148f9bc8d5a\",\"name\":\"LA REDACTION\",\"image\":{\"@type\":\"ImageObject\",\"inLanguage\":\"fr-FR\",\"@id\":\"https:\/\/www.public.sn\/#\/schema\/person\/image\/\",\"url\":\"https:\/\/secure.gravatar.com\/avatar\/d6c030db45db2883c075085c5d6c6258654a801a93766b49af0b82d4f454e2a5?s=96&d=mm&r=g\",\"contentUrl\":\"https:\/\/secure.gravatar.com\/avatar\/d6c030db45db2883c075085c5d6c6258654a801a93766b49af0b82d4f454e2a5?s=96&d=mm&r=g\",\"caption\":\"LA REDACTION\"},\"sameAs\":[\"http:\/\/www.public.sn\"],\"url\":\"https:\/\/www.public.sn\/index.php\/author\/admin7324\/\"}]}<\/script>\n<!-- \/ Yoast SEO plugin. -->","yoast_head_json":{"title":"Le gyn\u00e9co' Alfousseyni Gaye, qui a examin\u00e9 Adji Sarr, encore menac\u00e9 de mort - LE PUBLIC","robots":{"index":"index","follow":"follow","max-snippet":"max-snippet:-1","max-image-preview":"max-image-preview:large","max-video-preview":"max-video-preview:-1"},"canonical":"https:\/\/www.public.sn\/index.php\/2022\/12\/21\/le-gyneco-alfousseyni-gaye-qui-a-examine-adji-sarr-encore-menace-de-mort\/","og_locale":"fr_FR","og_type":"article","og_title":"Le gyn\u00e9co' Alfousseyni Gaye, qui a examin\u00e9 Adji Sarr, encore menac\u00e9 de mort - LE PUBLIC","og_description":"Dr Alfousseyni Gaye ce gyn\u00e9cologue qui a examin\u00e9 Adji Sarr quelques heures apr\u00e8s qu\u2019elle a d\u00e9clar\u00e9 avoir \u00e9t\u00e9 viol\u00e9e par Ousmane Sonko est en danger. Selon le d\u00e9put\u00e9 Mamadou Lamine Diallo qui a donn\u00e9 l\u2019information, le gyn\u00e9co est pers\u00e9cut\u00e9 et toujours menac\u00e9 de mort. Al Fousseyni Gaye craint \u00ab\u00a0son \u00e9limination physique\u00a0\u00bb. Et pour cause, \u00abil ne se passe pas une semaine, sans que son v\u00e9hicule ne soit attaqu\u00e9 dans la circulation\u00a0\u00bb. Et quand il \u00ab\u00a0descend de sa voiture pour s&rsquo;enqu\u00e9rir de la situation, c&rsquo;est souvent son t\u00e9l\u00e9phone que des gens cherchent \u00e0 lui voler\u00a0\u00bb. Inquiet, le gyn\u00e9co a d\u00e9cid\u00e9 de briser le silence \u00e0 travers une interview accord\u00e9e \u00e0 Kewoulo: \u00ab\u00a0j&rsquo;ai peur pour ma vie\u00a0\u00bb. Toutefois, lors de ses auditions devant le doyen des juges, le Dr Alfousseynou Gaye a toujours exprim\u00e9 \u00ab\u00a0ses inqui\u00e9tudes par rapport aux nombreuses agressions qu&rsquo;il subit\u00a0\u00bb. Par ailleurs, Dr Gaye mart\u00e8le qu&rsquo;il \u00ab\u00a0n&rsquo;est ni de pr\u00e8s, ni de loin m\u00eal\u00e9 \u00e0 un quelconque complot\u00a0\u00bb.","og_url":"https:\/\/www.public.sn\/index.php\/2022\/12\/21\/le-gyneco-alfousseyni-gaye-qui-a-examine-adji-sarr-encore-menace-de-mort\/","og_site_name":"LE PUBLIC","article_published_time":"2022-12-21T12:51:41+00:00","article_modified_time":"2022-12-21T12:51:53+00:00","og_image":[{"width":1280,"height":1280,"url":"https:\/\/www.public.sn\/wp-content\/uploads\/2022\/12\/adji-sarr.jpg","type":"image\/jpeg"}],"author":"LA REDACTION","twitter_card":"summary_large_image","twitter_misc":{"\u00c9crit par":"LA REDACTION","Dur\u00e9e de lecture estim\u00e9e":"1 minute"},"schema":{"@context":"https:\/\/schema.org","@graph":[{"@type":"Article","@id":"https:\/\/www.public.sn\/index.php\/2022\/12\/21\/le-gyneco-alfousseyni-gaye-qui-a-examine-adji-sarr-encore-menace-de-mort\/#article","isPartOf":{"@id":"https:\/\/www.public.sn\/index.php\/2022\/12\/21\/le-gyneco-alfousseyni-gaye-qui-a-examine-adji-sarr-encore-menace-de-mort\/"},"author":{"name":"LA REDACTION","@id":"https:\/\/www.public.sn\/#\/schema\/person\/e3f4a11b037d4203902db148f9bc8d5a"},"headline":"Le gyn\u00e9co&rsquo; Alfousseyni Gaye, qui a examin\u00e9 Adji Sarr, encore menac\u00e9 de mort","datePublished":"2022-12-21T12:51:41+00:00","dateModified":"2022-12-21T12:51:53+00:00","mainEntityOfPage":{"@id":"https:\/\/www.public.sn\/index.php\/2022\/12\/21\/le-gyneco-alfousseyni-gaye-qui-a-examine-adji-sarr-encore-menace-de-mort\/"},"wordCount":189,"commentCount":2,"publisher":{"@id":"https:\/\/www.public.sn\/#organization"},"image":{"@id":"https:\/\/www.public.sn\/index.php\/2022\/12\/21\/le-gyneco-alfousseyni-gaye-qui-a-examine-adji-sarr-encore-menace-de-mort\/#primaryimage"},"thumbnailUrl":"https:\/\/www.public.sn\/wp-content\/uploads\/2022\/12\/adji-sarr.jpg","keywords":["Adji Sarr","Sweet beauty"],"articleSection":["ACTUALIT\u00c9S","FAITS DIVERS","justice"],"inLanguage":"fr-FR","potentialAction":[{"@type":"CommentAction","name":"Comment","target":["https:\/\/www.public.sn\/index.php\/2022\/12\/21\/le-gyneco-alfousseyni-gaye-qui-a-examine-adji-sarr-encore-menace-de-mort\/#respond"]}]},{"@type":"WebPage","@id":"https:\/\/www.public.sn\/index.php\/2022\/12\/21\/le-gyneco-alfousseyni-gaye-qui-a-examine-adji-sarr-encore-menace-de-mort\/","url":"https:\/\/www.public.sn\/index.php\/2022\/12\/21\/le-gyneco-alfousseyni-gaye-qui-a-examine-adji-sarr-encore-menace-de-mort\/","name":"Le gyn\u00e9co' Alfousseyni Gaye, qui a examin\u00e9 Adji Sarr, encore menac\u00e9 de mort - LE PUBLIC","isPartOf":{"@id":"https:\/\/www.public.sn\/#website"},"primaryImageOfPage":{"@id":"https:\/\/www.public.sn\/index.php\/2022\/12\/21\/le-gyneco-alfousseyni-gaye-qui-a-examine-adji-sarr-encore-menace-de-mort\/#primaryimage"},"image":{"@id":"https:\/\/www.public.sn\/index.php\/2022\/12\/21\/le-gyneco-alfousseyni-gaye-qui-a-examine-adji-sarr-encore-menace-de-mort\/#primaryimage"},"thumbnailUrl":"https:\/\/www.public.sn\/wp-content\/uploads\/2022\/12\/adji-sarr.jpg","datePublished":"2022-12-21T12:51:41+00:00","dateModified":"2022-12-21T12:51:53+00:00","breadcrumb":{"@id":"https:\/\/www.public.sn\/index.php\/2022\/12\/21\/le-gyneco-alfousseyni-gaye-qui-a-examine-adji-sarr-encore-menace-de-mort\/#breadcrumb"},"inLanguage":"fr-FR","potentialAction":[{"@type":"ReadAction","target":["https:\/\/www.public.sn\/index.php\/2022\/12\/21\/le-gyneco-alfousseyni-gaye-qui-a-examine-adji-sarr-encore-menace-de-mort\/"]}]},{"@type":"ImageObject","inLanguage":"fr-FR","@id":"https:\/\/www.public.sn\/index.php\/2022\/12\/21\/le-gyneco-alfousseyni-gaye-qui-a-examine-adji-sarr-encore-menace-de-mort\/#primaryimage","url":"https:\/\/www.public.sn\/wp-content\/uploads\/2022\/12\/adji-sarr.jpg","contentUrl":"https:\/\/www.public.sn\/wp-content\/uploads\/2022\/12\/adji-sarr.jpg","width":1280,"height":1280,"caption":"publicsn"},{"@type":"BreadcrumbList","@id":"https:\/\/www.public.sn\/index.php\/2022\/12\/21\/le-gyneco-alfousseyni-gaye-qui-a-examine-adji-sarr-encore-menace-de-mort\/#breadcrumb","itemListElement":[{"@type":"ListItem","position":1,"name":"Accueil","item":"https:\/\/www.public.sn\/"},{"@type":"ListItem","position":2,"name":"Le gyn\u00e9co&rsquo; Alfousseyni Gaye, qui a examin\u00e9 Adji Sarr, encore menac\u00e9 de mort"}]},{"@type":"WebSite","@id":"https:\/\/www.public.sn\/#website","url":"https:\/\/www.public.sn\/","name":"LE PUBLIC","description":"","publisher":{"@id":"https:\/\/www.public.sn\/#organization"},"potentialAction":[{"@type":"SearchAction","target":{"@type":"EntryPoint","urlTemplate":"https:\/\/www.public.sn\/?s={search_term_string}"},"query-input":{"@type":"PropertyValueSpecification","valueRequired":true,"valueName":"search_term_string"}}],"inLanguage":"fr-FR"},{"@type":"Organization","@id":"https:\/\/www.public.sn\/#organization","name":"LE PUBLIC","url":"https:\/\/www.public.sn\/","logo":{"@type":"ImageObject","inLanguage":"fr-FR","@id":"https:\/\/www.public.sn\/#\/schema\/logo\/image\/","url":"https:\/\/www.public.sn\/wp-content\/uploads\/2024\/05\/cropped-LOGO-PUBLIC.SN_.png","contentUrl":"https:\/\/www.public.sn\/wp-content\/uploads\/2024\/05\/cropped-LOGO-PUBLIC.SN_.png","width":682,"height":192,"caption":"LE PUBLIC"},"image":{"@id":"https:\/\/www.public.sn\/#\/schema\/logo\/image\/"}},{"@type":"Person","@id":"https:\/\/www.public.sn\/#\/schema\/person\/e3f4a11b037d4203902db148f9bc8d5a","name":"LA REDACTION","image":{"@type":"ImageObject","inLanguage":"fr-FR","@id":"https:\/\/www.public.sn\/#\/schema\/person\/image\/","url":"https:\/\/secure.gravatar.com\/avatar\/d6c030db45db2883c075085c5d6c6258654a801a93766b49af0b82d4f454e2a5?s=96&d=mm&r=g","contentUrl":"https:\/\/secure.gravatar.com\/avatar\/d6c030db45db2883c075085c5d6c6258654a801a93766b49af0b82d4f454e2a5?s=96&d=mm&r=g","caption":"LA REDACTION"},"sameAs":["http:\/\/www.public.sn"],"url":"https:\/\/www.public.sn\/index.php\/author\/admin7324\/"}]}},"jetpack_featured_media_url":"https:\/\/www.public.sn\/wp-content\/uploads\/2022\/12\/adji-sarr.jpg","jetpack_sharing_enabled":true,"_links":{"self":[{"href":"https:\/\/www.public.sn\/index.php\/wp-json\/wp\/v2\/posts\/12197","targetHints":{"allow":["GET"]}}],"collection":[{"href":"https:\/\/www.public.sn\/index.php\/wp-json\/wp\/v2\/posts"}],"about":[{"href":"https:\/\/www.public.sn\/index.php\/wp-json\/wp\/v2\/types\/post"}],"author":[{"embeddable":true,"href":"https:\/\/www.public.sn\/index.php\/wp-json\/wp\/v2\/users\/1"}],"replies":[{"embeddable":true,"href":"https:\/\/www.public.sn\/index.php\/wp-json\/wp\/v2\/comments?post=12197"}],"version-history":[{"count":1,"href":"https:\/\/www.public.sn\/index.php\/wp-json\/wp\/v2\/posts\/12197\/revisions"}],"predecessor-version":[{"id":12198,"href":"https:\/\/www.public.sn\/index.php\/wp-json\/wp\/v2\/posts\/12197\/revisions\/12198"}],"wp:featuredmedia":[{"embeddable":true,"href":"https:\/\/www.public.sn\/index.php\/wp-json\/wp\/v2\/media\/11208"}],"wp:attachment":[{"href":"https:\/\/www.public.sn\/index.php\/wp-json\/wp\/v2\/media?parent=12197"}],"wp:term":[{"taxonomy":"category","embeddable":true,"href":"https:\/\/www.public.sn\/index.php\/wp-json\/wp\/v2\/categories?post=12197"},{"taxonomy":"post_tag","embeddable":true,"href":"https:\/\/www.public.sn\/index.php\/wp-json\/wp\/v2\/tags?post=12197"}],"curies":[{"name":"wp","href":"https:\/\/api.w.org\/{rel}","templated":true}]}}