{"id":12225,"date":"2022-12-21T18:03:21","date_gmt":"2022-12-21T18:03:21","guid":{"rendered":"https:\/\/www.public.sn\/?p=12225"},"modified":"2022-12-21T18:03:23","modified_gmt":"2022-12-21T18:03:23","slug":"arrestation-dun-transitaire-par-la-brigade-de-recherche-de-keur-massar","status":"publish","type":"post","link":"https:\/\/www.public.sn\/index.php\/2022\/12\/21\/arrestation-dun-transitaire-par-la-brigade-de-recherche-de-keur-massar\/","title":{"rendered":"Arrestation d&rsquo;un transitaire par la Brigade de recherche de Keur Massar"},"content":{"rendered":"\n<p>C&rsquo;est un v\u00e9ritable coup de filet que les \u00e9l\u00e9ments de la Brigade de Recherches de Keur Massar ont op\u00e9r\u00e9 \u00e0 la Cit\u00e9 Alioune Sow \u00e0 Golf Sud ! Des \u00e9l\u00e9ments de la Gendarmerie Nationale ont d\u00e9mantel\u00e9 un r\u00e9seau international de trafic de v\u00e9hicules.<br>La descente inattendue des hommes du major Kandji au niveau\u00a0 de\u00a0 cette localit\u00e9 s\u2019est r\u00e9v\u00e9l\u00e9e fructueuse. Ces derniers ont saisi trois voitures de marque Peugeot 3008 et Peugeot 5008, qui ont \u00e9t\u00e9 vol\u00e9es entre la Belgique et la France.\u00a0<\/p><div class=\"publi-paragraphe1\" style=\"margin-top: 10px;margin-bottom: 10px;margin-left: auto;margin-right: auto;text-align: center;\" id=\"publi-3284204295\"><div class=\"publi-adlabel\">Publicit\u00e9<\/div><script async src=\"\/\/pagead2.googlesyndication.com\/pagead\/js\/adsbygoogle.js?client=ca-pub-4089586018074219\" crossorigin=\"anonymous\"><\/script><ins class=\"adsbygoogle\" style=\"display:block;\" data-ad-client=\"ca-pub-4089586018074219\" \ndata-ad-slot=\"2087940154\" \ndata-ad-format=\"auto\"><\/ins>\n<script> \n(adsbygoogle = window.adsbygoogle || []).push({}); \n<\/script>\n<\/div>\n\n\n\n<p>Achemin\u00e9s au S\u00e9n\u00e9gal, ces v\u00e9hicules ont \u00e9t\u00e9 mis \u00e0 la disposition d&rsquo;un m\u00e9canicien.<br><strong>Un transitaire arr\u00eat\u00e9 puis d\u00e9f\u00e9r\u00e9\u00a0<\/strong><br>Apr\u00e8s cette belle prise, les gendarmes de la brigade de recherche de Keur Massar ont fait tomber un\u00a0 transitaire impliqu\u00e9 dans ce trafic international. Ce dernier serait m\u00eame le principal commanditaire de voitures de luxe, vol\u00e9es en Europe. Il a \u00e9t\u00e9 cit\u00e9 dans des affaires similaires d&rsquo;apr\u00e8s le dossier.\u00a0<br>Au terme de l&rsquo;enqu\u00eate, le mis en cause\u00a0 \u00a0a \u00e9t\u00e9 pr\u00e9sent\u00e9 au procureur de la R\u00e9publique. M. Ndao est poursuivi pour association de malfaiteurs, recel de v\u00e9hicules vol\u00e9s \u00e0 l&rsquo;\u00e9tranger.<br>Pour rappel, un autre membre de ce r\u00e9seau international de vol de v\u00e9hicules, a r\u00e9ussi \u00e0 prendre la poudre d&rsquo;escampette. Le fugitif demeure introuvable.\u00a0<\/p>\n\n\n\n<p>Birahime Ndiaye<\/p>\n<div class=\"publi-apres-le-contenu\" style=\"margin-top: 10px;margin-bottom: 10px;margin-left: auto;margin-right: auto;text-align: center;\" id=\"publi-2613548190\"><div class=\"publi-adlabel\">Publicit\u00e9<\/div><script async src=\"\/\/pagead2.googlesyndication.com\/pagead\/js\/adsbygoogle.js?client=ca-pub-4089586018074219\" crossorigin=\"anonymous\"><\/script><ins class=\"adsbygoogle\" style=\"display:block;\" data-ad-client=\"ca-pub-4089586018074219\" \ndata-ad-slot=\"2087940154\" \ndata-ad-format=\"auto\"><\/ins>\n<script> \n(adsbygoogle = window.adsbygoogle || []).push({}); \n<\/script>\n<\/div>","protected":false},"excerpt":{"rendered":"<p>C&rsquo;est un v\u00e9ritable coup de filet que les \u00e9l\u00e9ments de la Brigade de Recherches de Keur Massar ont op\u00e9r\u00e9 \u00e0 la Cit\u00e9 Alioune Sow \u00e0 Golf Sud ! Des \u00e9l\u00e9ments de la Gendarmerie Nationale ont d\u00e9mantel\u00e9 un r\u00e9seau international de trafic de v\u00e9hicules.La descente inattendue des hommes du major Kandji au niveau\u00a0 de\u00a0 cette localit\u00e9 s\u2019est r\u00e9v\u00e9l\u00e9e fructueuse. Ces derniers ont saisi trois voitures de marque Peugeot 3008 et Peugeot 5008, qui ont \u00e9t\u00e9 vol\u00e9es entre la Belgique et la France.\u00a0 Achemin\u00e9s au S\u00e9n\u00e9gal, ces v\u00e9hicules ont \u00e9t\u00e9 mis \u00e0 la disposition d&rsquo;un m\u00e9canicien.Un transitaire arr\u00eat\u00e9 puis d\u00e9f\u00e9r\u00e9\u00a0Apr\u00e8s cette belle prise, les gendarmes de la brigade de recherche de Keur Massar ont fait tomber un\u00a0 transitaire impliqu\u00e9 dans ce trafic international. Ce dernier serait m\u00eame le principal commanditaire de voitures de luxe, vol\u00e9es en Europe. Il a \u00e9t\u00e9 cit\u00e9 dans des affaires similaires d&rsquo;apr\u00e8s le dossier.\u00a0Au terme de l&rsquo;enqu\u00eate, le mis en cause\u00a0 \u00a0a \u00e9t\u00e9 pr\u00e9sent\u00e9 au procureur de la R\u00e9publique. M. Ndao est poursuivi pour association de malfaiteurs, recel de v\u00e9hicules vol\u00e9s \u00e0 l&rsquo;\u00e9tranger.Pour rappel, un autre membre de ce r\u00e9seau international de vol de v\u00e9hicules, a r\u00e9ussi \u00e0 prendre la poudre d&rsquo;escampette. Le fugitif demeure introuvable.\u00a0 Birahime Ndiaye<\/p>\n","protected":false},"author":7,"featured_media":12226,"comment_status":"open","ping_status":"open","sticky":false,"template":"","format":"standard","meta":{"_jetpack_memberships_contains_paid_content":false,"footnotes":""},"categories":[375,3728,3724,4],"tags":[2650,351,24,237],"class_list":["post-12225","post","type-post","status-publish","format-standard","has-post-thumbnail","hentry","category-actualites","category-internationale","category-justice","category-societe","tag-belgique","tag-france","tag-justice","tag-vol","entry","has-media","owp-thumbs-layout-horizontal","owp-btn-normal","owp-tabs-layout-horizontal","has-no-thumbnails","has-product-nav"],"yoast_head":"<!-- This site is optimized with the Yoast SEO plugin v25.5 - https:\/\/yoast.com\/wordpress\/plugins\/seo\/ -->\n<title>Arrestation d&#039;un transitaire par la Brigade de recherche de Keur Massar - LE PUBLIC<\/title>\n<meta name=\"robots\" content=\"index, follow, max-snippet:-1, max-image-preview:large, max-video-preview:-1\" \/>\n<link rel=\"canonical\" href=\"https:\/\/www.public.sn\/index.php\/2022\/12\/21\/arrestation-dun-transitaire-par-la-brigade-de-recherche-de-keur-massar\/\" \/>\n<meta property=\"og:locale\" content=\"fr_FR\" \/>\n<meta property=\"og:type\" content=\"article\" \/>\n<meta property=\"og:title\" content=\"Arrestation d&#039;un transitaire par la Brigade de recherche de Keur Massar - LE PUBLIC\" \/>\n<meta property=\"og:description\" content=\"C&rsquo;est un v\u00e9ritable coup de filet que les \u00e9l\u00e9ments de la Brigade de Recherches de Keur Massar ont op\u00e9r\u00e9 \u00e0 la Cit\u00e9 Alioune Sow \u00e0 Golf Sud ! Des \u00e9l\u00e9ments de la Gendarmerie Nationale ont d\u00e9mantel\u00e9 un r\u00e9seau international de trafic de v\u00e9hicules.La descente inattendue des hommes du major Kandji au niveau\u00a0 de\u00a0 cette localit\u00e9 s\u2019est r\u00e9v\u00e9l\u00e9e fructueuse. Ces derniers ont saisi trois voitures de marque Peugeot 3008 et Peugeot 5008, qui ont \u00e9t\u00e9 vol\u00e9es entre la Belgique et la France.\u00a0 Achemin\u00e9s au S\u00e9n\u00e9gal, ces v\u00e9hicules ont \u00e9t\u00e9 mis \u00e0 la disposition d&rsquo;un m\u00e9canicien.Un transitaire arr\u00eat\u00e9 puis d\u00e9f\u00e9r\u00e9\u00a0Apr\u00e8s cette belle prise, les gendarmes de la brigade de recherche de Keur Massar ont fait tomber un\u00a0 transitaire impliqu\u00e9 dans ce trafic international. Ce dernier serait m\u00eame le principal commanditaire de voitures de luxe, vol\u00e9es en Europe. Il a \u00e9t\u00e9 cit\u00e9 dans des affaires similaires d&rsquo;apr\u00e8s le dossier.\u00a0Au terme de l&rsquo;enqu\u00eate, le mis en cause\u00a0 \u00a0a \u00e9t\u00e9 pr\u00e9sent\u00e9 au procureur de la R\u00e9publique. M. Ndao est poursuivi pour association de malfaiteurs, recel de v\u00e9hicules vol\u00e9s \u00e0 l&rsquo;\u00e9tranger.Pour rappel, un autre membre de ce r\u00e9seau international de vol de v\u00e9hicules, a r\u00e9ussi \u00e0 prendre la poudre d&rsquo;escampette. Le fugitif demeure introuvable.\u00a0 Birahime Ndiaye\" \/>\n<meta property=\"og:url\" content=\"https:\/\/www.public.sn\/index.php\/2022\/12\/21\/arrestation-dun-transitaire-par-la-brigade-de-recherche-de-keur-massar\/\" \/>\n<meta property=\"og:site_name\" content=\"LE PUBLIC\" \/>\n<meta property=\"article:published_time\" content=\"2022-12-21T18:03:21+00:00\" \/>\n<meta property=\"article:modified_time\" content=\"2022-12-21T18:03:23+00:00\" \/>\n<meta property=\"og:image\" content=\"https:\/\/www.public.sn\/wp-content\/uploads\/2022\/12\/arreter.jpg\" \/>\n\t<meta property=\"og:image:width\" content=\"696\" \/>\n\t<meta property=\"og:image:height\" content=\"388\" \/>\n\t<meta property=\"og:image:type\" content=\"image\/jpeg\" \/>\n<meta name=\"author\" content=\"LA REDACTION\" \/>\n<meta name=\"twitter:card\" content=\"summary_large_image\" \/>\n<meta name=\"twitter:label1\" content=\"\u00c9crit par\" \/>\n\t<meta name=\"twitter:data1\" content=\"LA REDACTION\" \/>\n\t<meta name=\"twitter:label2\" content=\"Dur\u00e9e de lecture estim\u00e9e\" \/>\n\t<meta name=\"twitter:data2\" content=\"2 minutes\" \/>\n<script type=\"application\/ld+json\" class=\"yoast-schema-graph\">{\"@context\":\"https:\/\/schema.org\",\"@graph\":[{\"@type\":\"Article\",\"@id\":\"https:\/\/www.public.sn\/index.php\/2022\/12\/21\/arrestation-dun-transitaire-par-la-brigade-de-recherche-de-keur-massar\/#article\",\"isPartOf\":{\"@id\":\"https:\/\/www.public.sn\/index.php\/2022\/12\/21\/arrestation-dun-transitaire-par-la-brigade-de-recherche-de-keur-massar\/\"},\"author\":{\"name\":\"LA REDACTION\",\"@id\":\"https:\/\/www.public.sn\/#\/schema\/person\/cb76c8e1b8becc6be61fb5e92d6d0224\"},\"headline\":\"Arrestation d&rsquo;un transitaire par la Brigade de recherche de Keur Massar\",\"datePublished\":\"2022-12-21T18:03:21+00:00\",\"dateModified\":\"2022-12-21T18:03:23+00:00\",\"mainEntityOfPage\":{\"@id\":\"https:\/\/www.public.sn\/index.php\/2022\/12\/21\/arrestation-dun-transitaire-par-la-brigade-de-recherche-de-keur-massar\/\"},\"wordCount\":241,\"commentCount\":0,\"publisher\":{\"@id\":\"https:\/\/www.public.sn\/#organization\"},\"image\":{\"@id\":\"https:\/\/www.public.sn\/index.php\/2022\/12\/21\/arrestation-dun-transitaire-par-la-brigade-de-recherche-de-keur-massar\/#primaryimage\"},\"thumbnailUrl\":\"https:\/\/www.public.sn\/wp-content\/uploads\/2022\/12\/arreter.jpg\",\"keywords\":[\"belgique\",\"France\",\"Justice\",\"Vol\"],\"articleSection\":[\"ACTUALIT\u00c9S\",\"internationale\",\"justice\",\"SOCIETE\"],\"inLanguage\":\"fr-FR\",\"potentialAction\":[{\"@type\":\"CommentAction\",\"name\":\"Comment\",\"target\":[\"https:\/\/www.public.sn\/index.php\/2022\/12\/21\/arrestation-dun-transitaire-par-la-brigade-de-recherche-de-keur-massar\/#respond\"]}]},{\"@type\":\"WebPage\",\"@id\":\"https:\/\/www.public.sn\/index.php\/2022\/12\/21\/arrestation-dun-transitaire-par-la-brigade-de-recherche-de-keur-massar\/\",\"url\":\"https:\/\/www.public.sn\/index.php\/2022\/12\/21\/arrestation-dun-transitaire-par-la-brigade-de-recherche-de-keur-massar\/\",\"name\":\"Arrestation d'un transitaire par la Brigade de recherche de Keur Massar - LE PUBLIC\",\"isPartOf\":{\"@id\":\"https:\/\/www.public.sn\/#website\"},\"primaryImageOfPage\":{\"@id\":\"https:\/\/www.public.sn\/index.php\/2022\/12\/21\/arrestation-dun-transitaire-par-la-brigade-de-recherche-de-keur-massar\/#primaryimage\"},\"image\":{\"@id\":\"https:\/\/www.public.sn\/index.php\/2022\/12\/21\/arrestation-dun-transitaire-par-la-brigade-de-recherche-de-keur-massar\/#primaryimage\"},\"thumbnailUrl\":\"https:\/\/www.public.sn\/wp-content\/uploads\/2022\/12\/arreter.jpg\",\"datePublished\":\"2022-12-21T18:03:21+00:00\",\"dateModified\":\"2022-12-21T18:03:23+00:00\",\"breadcrumb\":{\"@id\":\"https:\/\/www.public.sn\/index.php\/2022\/12\/21\/arrestation-dun-transitaire-par-la-brigade-de-recherche-de-keur-massar\/#breadcrumb\"},\"inLanguage\":\"fr-FR\",\"potentialAction\":[{\"@type\":\"ReadAction\",\"target\":[\"https:\/\/www.public.sn\/index.php\/2022\/12\/21\/arrestation-dun-transitaire-par-la-brigade-de-recherche-de-keur-massar\/\"]}]},{\"@type\":\"ImageObject\",\"inLanguage\":\"fr-FR\",\"@id\":\"https:\/\/www.public.sn\/index.php\/2022\/12\/21\/arrestation-dun-transitaire-par-la-brigade-de-recherche-de-keur-massar\/#primaryimage\",\"url\":\"https:\/\/www.public.sn\/wp-content\/uploads\/2022\/12\/arreter.jpg\",\"contentUrl\":\"https:\/\/www.public.sn\/wp-content\/uploads\/2022\/12\/arreter.jpg\",\"width\":696,\"height\":388},{\"@type\":\"BreadcrumbList\",\"@id\":\"https:\/\/www.public.sn\/index.php\/2022\/12\/21\/arrestation-dun-transitaire-par-la-brigade-de-recherche-de-keur-massar\/#breadcrumb\",\"itemListElement\":[{\"@type\":\"ListItem\",\"position\":1,\"name\":\"Accueil\",\"item\":\"https:\/\/www.public.sn\/\"},{\"@type\":\"ListItem\",\"position\":2,\"name\":\"Arrestation d&rsquo;un transitaire par la Brigade de recherche de Keur Massar\"}]},{\"@type\":\"WebSite\",\"@id\":\"https:\/\/www.public.sn\/#website\",\"url\":\"https:\/\/www.public.sn\/\",\"name\":\"LE PUBLIC\",\"description\":\"\",\"publisher\":{\"@id\":\"https:\/\/www.public.sn\/#organization\"},\"potentialAction\":[{\"@type\":\"SearchAction\",\"target\":{\"@type\":\"EntryPoint\",\"urlTemplate\":\"https:\/\/www.public.sn\/?s={search_term_string}\"},\"query-input\":{\"@type\":\"PropertyValueSpecification\",\"valueRequired\":true,\"valueName\":\"search_term_string\"}}],\"inLanguage\":\"fr-FR\"},{\"@type\":\"Organization\",\"@id\":\"https:\/\/www.public.sn\/#organization\",\"name\":\"LE PUBLIC\",\"url\":\"https:\/\/www.public.sn\/\",\"logo\":{\"@type\":\"ImageObject\",\"inLanguage\":\"fr-FR\",\"@id\":\"https:\/\/www.public.sn\/#\/schema\/logo\/image\/\",\"url\":\"https:\/\/www.public.sn\/wp-content\/uploads\/2024\/05\/cropped-LOGO-PUBLIC.SN_.png\",\"contentUrl\":\"https:\/\/www.public.sn\/wp-content\/uploads\/2024\/05\/cropped-LOGO-PUBLIC.SN_.png\",\"width\":682,\"height\":192,\"caption\":\"LE PUBLIC\"},\"image\":{\"@id\":\"https:\/\/www.public.sn\/#\/schema\/logo\/image\/\"}},{\"@type\":\"Person\",\"@id\":\"https:\/\/www.public.sn\/#\/schema\/person\/cb76c8e1b8becc6be61fb5e92d6d0224\",\"name\":\"LA REDACTION\",\"image\":{\"@type\":\"ImageObject\",\"inLanguage\":\"fr-FR\",\"@id\":\"https:\/\/www.public.sn\/#\/schema\/person\/image\/\",\"url\":\"https:\/\/secure.gravatar.com\/avatar\/2dce5ddd34b8fef0180efe03aa2a9bee7d953856048f9a16b298190a3178407c?s=96&d=mm&r=g\",\"contentUrl\":\"https:\/\/secure.gravatar.com\/avatar\/2dce5ddd34b8fef0180efe03aa2a9bee7d953856048f9a16b298190a3178407c?s=96&d=mm&r=g\",\"caption\":\"LA REDACTION\"},\"url\":\"https:\/\/www.public.sn\/index.php\/author\/editeurpsn\/\"}]}<\/script>\n<!-- \/ Yoast SEO plugin. -->","yoast_head_json":{"title":"Arrestation d'un transitaire par la Brigade de recherche de Keur Massar - LE PUBLIC","robots":{"index":"index","follow":"follow","max-snippet":"max-snippet:-1","max-image-preview":"max-image-preview:large","max-video-preview":"max-video-preview:-1"},"canonical":"https:\/\/www.public.sn\/index.php\/2022\/12\/21\/arrestation-dun-transitaire-par-la-brigade-de-recherche-de-keur-massar\/","og_locale":"fr_FR","og_type":"article","og_title":"Arrestation d'un transitaire par la Brigade de recherche de Keur Massar - LE PUBLIC","og_description":"C&rsquo;est un v\u00e9ritable coup de filet que les \u00e9l\u00e9ments de la Brigade de Recherches de Keur Massar ont op\u00e9r\u00e9 \u00e0 la Cit\u00e9 Alioune Sow \u00e0 Golf Sud ! Des \u00e9l\u00e9ments de la Gendarmerie Nationale ont d\u00e9mantel\u00e9 un r\u00e9seau international de trafic de v\u00e9hicules.La descente inattendue des hommes du major Kandji au niveau\u00a0 de\u00a0 cette localit\u00e9 s\u2019est r\u00e9v\u00e9l\u00e9e fructueuse. Ces derniers ont saisi trois voitures de marque Peugeot 3008 et Peugeot 5008, qui ont \u00e9t\u00e9 vol\u00e9es entre la Belgique et la France.\u00a0 Achemin\u00e9s au S\u00e9n\u00e9gal, ces v\u00e9hicules ont \u00e9t\u00e9 mis \u00e0 la disposition d&rsquo;un m\u00e9canicien.Un transitaire arr\u00eat\u00e9 puis d\u00e9f\u00e9r\u00e9\u00a0Apr\u00e8s cette belle prise, les gendarmes de la brigade de recherche de Keur Massar ont fait tomber un\u00a0 transitaire impliqu\u00e9 dans ce trafic international. Ce dernier serait m\u00eame le principal commanditaire de voitures de luxe, vol\u00e9es en Europe. Il a \u00e9t\u00e9 cit\u00e9 dans des affaires similaires d&rsquo;apr\u00e8s le dossier.\u00a0Au terme de l&rsquo;enqu\u00eate, le mis en cause\u00a0 \u00a0a \u00e9t\u00e9 pr\u00e9sent\u00e9 au procureur de la R\u00e9publique. M. Ndao est poursuivi pour association de malfaiteurs, recel de v\u00e9hicules vol\u00e9s \u00e0 l&rsquo;\u00e9tranger.Pour rappel, un autre membre de ce r\u00e9seau international de vol de v\u00e9hicules, a r\u00e9ussi \u00e0 prendre la poudre d&rsquo;escampette. Le fugitif demeure introuvable.\u00a0 Birahime Ndiaye","og_url":"https:\/\/www.public.sn\/index.php\/2022\/12\/21\/arrestation-dun-transitaire-par-la-brigade-de-recherche-de-keur-massar\/","og_site_name":"LE PUBLIC","article_published_time":"2022-12-21T18:03:21+00:00","article_modified_time":"2022-12-21T18:03:23+00:00","og_image":[{"width":696,"height":388,"url":"https:\/\/www.public.sn\/wp-content\/uploads\/2022\/12\/arreter.jpg","type":"image\/jpeg"}],"author":"LA REDACTION","twitter_card":"summary_large_image","twitter_misc":{"\u00c9crit par":"LA REDACTION","Dur\u00e9e de lecture estim\u00e9e":"2 minutes"},"schema":{"@context":"https:\/\/schema.org","@graph":[{"@type":"Article","@id":"https:\/\/www.public.sn\/index.php\/2022\/12\/21\/arrestation-dun-transitaire-par-la-brigade-de-recherche-de-keur-massar\/#article","isPartOf":{"@id":"https:\/\/www.public.sn\/index.php\/2022\/12\/21\/arrestation-dun-transitaire-par-la-brigade-de-recherche-de-keur-massar\/"},"author":{"name":"LA REDACTION","@id":"https:\/\/www.public.sn\/#\/schema\/person\/cb76c8e1b8becc6be61fb5e92d6d0224"},"headline":"Arrestation d&rsquo;un transitaire par la Brigade de recherche de Keur Massar","datePublished":"2022-12-21T18:03:21+00:00","dateModified":"2022-12-21T18:03:23+00:00","mainEntityOfPage":{"@id":"https:\/\/www.public.sn\/index.php\/2022\/12\/21\/arrestation-dun-transitaire-par-la-brigade-de-recherche-de-keur-massar\/"},"wordCount":241,"commentCount":0,"publisher":{"@id":"https:\/\/www.public.sn\/#organization"},"image":{"@id":"https:\/\/www.public.sn\/index.php\/2022\/12\/21\/arrestation-dun-transitaire-par-la-brigade-de-recherche-de-keur-massar\/#primaryimage"},"thumbnailUrl":"https:\/\/www.public.sn\/wp-content\/uploads\/2022\/12\/arreter.jpg","keywords":["belgique","France","Justice","Vol"],"articleSection":["ACTUALIT\u00c9S","internationale","justice","SOCIETE"],"inLanguage":"fr-FR","potentialAction":[{"@type":"CommentAction","name":"Comment","target":["https:\/\/www.public.sn\/index.php\/2022\/12\/21\/arrestation-dun-transitaire-par-la-brigade-de-recherche-de-keur-massar\/#respond"]}]},{"@type":"WebPage","@id":"https:\/\/www.public.sn\/index.php\/2022\/12\/21\/arrestation-dun-transitaire-par-la-brigade-de-recherche-de-keur-massar\/","url":"https:\/\/www.public.sn\/index.php\/2022\/12\/21\/arrestation-dun-transitaire-par-la-brigade-de-recherche-de-keur-massar\/","name":"Arrestation d'un transitaire par la Brigade de recherche de Keur Massar - LE PUBLIC","isPartOf":{"@id":"https:\/\/www.public.sn\/#website"},"primaryImageOfPage":{"@id":"https:\/\/www.public.sn\/index.php\/2022\/12\/21\/arrestation-dun-transitaire-par-la-brigade-de-recherche-de-keur-massar\/#primaryimage"},"image":{"@id":"https:\/\/www.public.sn\/index.php\/2022\/12\/21\/arrestation-dun-transitaire-par-la-brigade-de-recherche-de-keur-massar\/#primaryimage"},"thumbnailUrl":"https:\/\/www.public.sn\/wp-content\/uploads\/2022\/12\/arreter.jpg","datePublished":"2022-12-21T18:03:21+00:00","dateModified":"2022-12-21T18:03:23+00:00","breadcrumb":{"@id":"https:\/\/www.public.sn\/index.php\/2022\/12\/21\/arrestation-dun-transitaire-par-la-brigade-de-recherche-de-keur-massar\/#breadcrumb"},"inLanguage":"fr-FR","potentialAction":[{"@type":"ReadAction","target":["https:\/\/www.public.sn\/index.php\/2022\/12\/21\/arrestation-dun-transitaire-par-la-brigade-de-recherche-de-keur-massar\/"]}]},{"@type":"ImageObject","inLanguage":"fr-FR","@id":"https:\/\/www.public.sn\/index.php\/2022\/12\/21\/arrestation-dun-transitaire-par-la-brigade-de-recherche-de-keur-massar\/#primaryimage","url":"https:\/\/www.public.sn\/wp-content\/uploads\/2022\/12\/arreter.jpg","contentUrl":"https:\/\/www.public.sn\/wp-content\/uploads\/2022\/12\/arreter.jpg","width":696,"height":388},{"@type":"BreadcrumbList","@id":"https:\/\/www.public.sn\/index.php\/2022\/12\/21\/arrestation-dun-transitaire-par-la-brigade-de-recherche-de-keur-massar\/#breadcrumb","itemListElement":[{"@type":"ListItem","position":1,"name":"Accueil","item":"https:\/\/www.public.sn\/"},{"@type":"ListItem","position":2,"name":"Arrestation d&rsquo;un transitaire par la Brigade de recherche de Keur Massar"}]},{"@type":"WebSite","@id":"https:\/\/www.public.sn\/#website","url":"https:\/\/www.public.sn\/","name":"LE PUBLIC","description":"","publisher":{"@id":"https:\/\/www.public.sn\/#organization"},"potentialAction":[{"@type":"SearchAction","target":{"@type":"EntryPoint","urlTemplate":"https:\/\/www.public.sn\/?s={search_term_string}"},"query-input":{"@type":"PropertyValueSpecification","valueRequired":true,"valueName":"search_term_string"}}],"inLanguage":"fr-FR"},{"@type":"Organization","@id":"https:\/\/www.public.sn\/#organization","name":"LE PUBLIC","url":"https:\/\/www.public.sn\/","logo":{"@type":"ImageObject","inLanguage":"fr-FR","@id":"https:\/\/www.public.sn\/#\/schema\/logo\/image\/","url":"https:\/\/www.public.sn\/wp-content\/uploads\/2024\/05\/cropped-LOGO-PUBLIC.SN_.png","contentUrl":"https:\/\/www.public.sn\/wp-content\/uploads\/2024\/05\/cropped-LOGO-PUBLIC.SN_.png","width":682,"height":192,"caption":"LE PUBLIC"},"image":{"@id":"https:\/\/www.public.sn\/#\/schema\/logo\/image\/"}},{"@type":"Person","@id":"https:\/\/www.public.sn\/#\/schema\/person\/cb76c8e1b8becc6be61fb5e92d6d0224","name":"LA REDACTION","image":{"@type":"ImageObject","inLanguage":"fr-FR","@id":"https:\/\/www.public.sn\/#\/schema\/person\/image\/","url":"https:\/\/secure.gravatar.com\/avatar\/2dce5ddd34b8fef0180efe03aa2a9bee7d953856048f9a16b298190a3178407c?s=96&d=mm&r=g","contentUrl":"https:\/\/secure.gravatar.com\/avatar\/2dce5ddd34b8fef0180efe03aa2a9bee7d953856048f9a16b298190a3178407c?s=96&d=mm&r=g","caption":"LA REDACTION"},"url":"https:\/\/www.public.sn\/index.php\/author\/editeurpsn\/"}]}},"jetpack_featured_media_url":"https:\/\/www.public.sn\/wp-content\/uploads\/2022\/12\/arreter.jpg","jetpack_sharing_enabled":true,"_links":{"self":[{"href":"https:\/\/www.public.sn\/index.php\/wp-json\/wp\/v2\/posts\/12225","targetHints":{"allow":["GET"]}}],"collection":[{"href":"https:\/\/www.public.sn\/index.php\/wp-json\/wp\/v2\/posts"}],"about":[{"href":"https:\/\/www.public.sn\/index.php\/wp-json\/wp\/v2\/types\/post"}],"author":[{"embeddable":true,"href":"https:\/\/www.public.sn\/index.php\/wp-json\/wp\/v2\/users\/7"}],"replies":[{"embeddable":true,"href":"https:\/\/www.public.sn\/index.php\/wp-json\/wp\/v2\/comments?post=12225"}],"version-history":[{"count":1,"href":"https:\/\/www.public.sn\/index.php\/wp-json\/wp\/v2\/posts\/12225\/revisions"}],"predecessor-version":[{"id":12227,"href":"https:\/\/www.public.sn\/index.php\/wp-json\/wp\/v2\/posts\/12225\/revisions\/12227"}],"wp:featuredmedia":[{"embeddable":true,"href":"https:\/\/www.public.sn\/index.php\/wp-json\/wp\/v2\/media\/12226"}],"wp:attachment":[{"href":"https:\/\/www.public.sn\/index.php\/wp-json\/wp\/v2\/media?parent=12225"}],"wp:term":[{"taxonomy":"category","embeddable":true,"href":"https:\/\/www.public.sn\/index.php\/wp-json\/wp\/v2\/categories?post=12225"},{"taxonomy":"post_tag","embeddable":true,"href":"https:\/\/www.public.sn\/index.php\/wp-json\/wp\/v2\/tags?post=12225"}],"curies":[{"name":"wp","href":"https:\/\/api.w.org\/{rel}","templated":true}]}}