{"id":12243,"date":"2022-12-22T09:36:01","date_gmt":"2022-12-22T09:36:01","guid":{"rendered":"https:\/\/www.public.sn\/?p=12243"},"modified":"2022-12-22T09:36:05","modified_gmt":"2022-12-22T09:36:05","slug":"motion-de-censure-yewwi-demasque-wallu","status":"publish","type":"post","link":"https:\/\/www.public.sn\/index.php\/2022\/12\/22\/motion-de-censure-yewwi-demasque-wallu\/","title":{"rendered":"Motion de censure : Yewwi d\u00e9masque Wallu"},"content":{"rendered":"\n<p>Face \u00e0 la presse, le pr\u00e9sident du groupe parlementaire Yewwi askan wi est \u00e9galement revenu sur la <a href=\"https:\/\/www.public.sn\/index.php\/2022\/12\/15\/assemblee-la-motion-de-censure-contre-le-gouvernement-rejetee\/\">motion de censure<\/a> d\u00e9pos\u00e9e son groupe et rejet\u00e9e par l\u2019Assembl\u00e9e nationale lors de sa pl\u00e9ni\u00e8re du 15 d\u00e9cembre dernier. Et c\u2019est pour se d\u00e9marquer des raisons \u00e9voqu\u00e9es par son coll\u00e8gue pr\u00e9sident du groupe parlementaire \u00ab Libert\u00e9-D\u00e9mocratie et changement \u00bb, Mamadou Lamine Thiam.<\/p><div class=\"publi-paragraphe1\" style=\"margin-top: 10px;margin-bottom: 10px;margin-left: auto;margin-right: auto;text-align: center;\" id=\"publi-2277373571\"><div class=\"publi-adlabel\">Publicit\u00e9<\/div><script async src=\"\/\/pagead2.googlesyndication.com\/pagead\/js\/adsbygoogle.js?client=ca-pub-4089586018074219\" crossorigin=\"anonymous\"><\/script><ins class=\"adsbygoogle\" style=\"display:block;\" data-ad-client=\"ca-pub-4089586018074219\" \ndata-ad-slot=\"2087940154\" \ndata-ad-format=\"auto\"><\/ins>\n<script> \n(adsbygoogle = window.adsbygoogle || []).push({}); \n<\/script>\n<\/div>\n\n\n\n<p>\u00ab Nous avons \u00e9t\u00e9 convoqu\u00e9s le lundi 12 d\u00e9cembre pour la D\u00e9claration de politique g\u00e9n\u00e9rale. Le dimanche 11, \u00e0 23 h 30, il a \u00e9t\u00e9 tenu une r\u00e9union durant laquelle on devait statuer sur un certain nombre de sujets et quand la motion de censure a \u00e9t\u00e9 synth\u00e9tis\u00e9e, \u00e0 23 h 34, j\u2019ai appel\u00e9 le pr\u00e9sident Lamine Thiam, sans succ\u00e8s. Le lundi, jour de la D\u00e9claration de politique g\u00e9n\u00e9rale, \u00e0 8 h, je l\u2019ai encore appel\u00e9 encore une fois sans succ\u00e8s \u00bb, raconte Birame Souleye Diop. Avant d\u2019ajouter : \u00ab \u00c0 9 h 04 mn, il m\u2019a lui-m\u00eame rappel\u00e9 me disant qu\u2019il \u00e9tait dans les embouteillages. Lorsqu\u2019il est arriv\u00e9 \u00e0 9 h 45, je l\u2019ai rejoint \u00e0 son bureau pour lui pr\u00e9senter la situation. Il m\u2019a fait savoir que son groupe avait tenu une r\u00e9union, mais que la motion de censure n\u2019avait pas \u00e9t\u00e9 \u00e9voqu\u00e9e. Aussi, il m\u2019a expliqu\u00e9 que pour tenir une autre r\u00e9union, il fallait qu\u2019il prenne les avis des hauts d\u2019en haut. Je lui ai r\u00e9torqu\u00e9 que nous restions \u00e0 l\u2019\u00e9coute \u00bb.<\/p>\n\n\n\n<p>Poursuivant son explication, le pr\u00e9sident du Groupe parlementaire Yeww Askan wi souligne avoir m\u00eame sollicit\u00e9 des conseils de Mamadou Lamine Thiam du fait de son exp\u00e9rience parlementaire sur le \u00ab&nbsp;meilleur moment de d\u00e9p\u00f4t de la motion&nbsp;\u00bb et ce dernier l\u2019aurait orient\u00e9 vers le d\u00e9put\u00e9 Mamadou Lamine Diallo contact\u00e9 par son coll\u00e8gue Abass Fall.&nbsp;\u00ab&nbsp;Une r\u00e9union a m\u00eame \u00e9t\u00e9 tenue entre Mamadou Lamine Thiam, Mamadou Lamine Diallo et moi le mardi \u00e0 10 h. Le m\u00eame jour \u00e0 18 h, une copie de la motion a \u00e9t\u00e9 envoy\u00e9e au pr\u00e9sident du groupe Wallu. Nous avons patient\u00e9 jusqu\u2019\u00e0 20 h avant de d\u00e9poser la motion de censure&nbsp;\u00bb, renseigne encore Birame Souleye Diop qui pr\u00f4ne des rapports bas\u00e9s sur la v\u00e9rit\u00e9 entre les deux groupes de l\u2019opposition, nonobstant le fait qu\u2019ils \u00abne sont pas tenus d\u2019\u00eatre d\u2019accord sur tous les sujets&nbsp;\u00bb.<\/p>\n<div class=\"publi-apres-le-contenu\" style=\"margin-top: 10px;margin-bottom: 10px;margin-left: auto;margin-right: auto;text-align: center;\" id=\"publi-925066547\"><div class=\"publi-adlabel\">Publicit\u00e9<\/div><script async src=\"\/\/pagead2.googlesyndication.com\/pagead\/js\/adsbygoogle.js?client=ca-pub-4089586018074219\" crossorigin=\"anonymous\"><\/script><ins class=\"adsbygoogle\" style=\"display:block;\" data-ad-client=\"ca-pub-4089586018074219\" \ndata-ad-slot=\"2087940154\" \ndata-ad-format=\"auto\"><\/ins>\n<script> \n(adsbygoogle = window.adsbygoogle || []).push({}); \n<\/script>\n<\/div>","protected":false},"excerpt":{"rendered":"<p>Face \u00e0 la presse, le pr\u00e9sident du groupe parlementaire Yewwi askan wi est \u00e9galement revenu sur la motion de censure d\u00e9pos\u00e9e son groupe et rejet\u00e9e par l\u2019Assembl\u00e9e nationale lors de sa pl\u00e9ni\u00e8re du 15 d\u00e9cembre dernier. Et c\u2019est pour se d\u00e9marquer des raisons \u00e9voqu\u00e9es par son coll\u00e8gue pr\u00e9sident du groupe parlementaire \u00ab Libert\u00e9-D\u00e9mocratie et changement \u00bb, Mamadou Lamine Thiam. \u00ab Nous avons \u00e9t\u00e9 convoqu\u00e9s le lundi 12 d\u00e9cembre pour la D\u00e9claration de politique g\u00e9n\u00e9rale. Le dimanche 11, \u00e0 23 h 30, il a \u00e9t\u00e9 tenu une r\u00e9union durant laquelle on devait statuer sur un certain nombre de sujets et quand la motion de censure a \u00e9t\u00e9 synth\u00e9tis\u00e9e, \u00e0 23 h 34, j\u2019ai appel\u00e9 le pr\u00e9sident Lamine Thiam, sans succ\u00e8s. Le lundi, jour de la D\u00e9claration de politique g\u00e9n\u00e9rale, \u00e0 8 h, je l\u2019ai encore appel\u00e9 encore une fois sans succ\u00e8s \u00bb, raconte Birame Souleye Diop. Avant d\u2019ajouter : \u00ab \u00c0 9 h 04 mn, il m\u2019a lui-m\u00eame rappel\u00e9 me disant qu\u2019il \u00e9tait dans les embouteillages. Lorsqu\u2019il est arriv\u00e9 \u00e0 9 h 45, je l\u2019ai rejoint \u00e0 son bureau pour lui pr\u00e9senter la situation. Il m\u2019a fait savoir que son groupe avait tenu une r\u00e9union, mais que la motion de censure n\u2019avait pas \u00e9t\u00e9 \u00e9voqu\u00e9e. Aussi, il m\u2019a expliqu\u00e9 que pour tenir une autre r\u00e9union, il fallait qu\u2019il prenne les avis des hauts d\u2019en haut. Je lui ai r\u00e9torqu\u00e9 que nous restions \u00e0 l\u2019\u00e9coute \u00bb. Poursuivant son explication, le pr\u00e9sident du Groupe parlementaire Yeww Askan wi souligne avoir m\u00eame sollicit\u00e9 des conseils de Mamadou Lamine Thiam du fait de son exp\u00e9rience parlementaire sur le \u00ab&nbsp;meilleur moment de d\u00e9p\u00f4t de la motion&nbsp;\u00bb et ce dernier l\u2019aurait orient\u00e9 vers le d\u00e9put\u00e9 Mamadou Lamine Diallo contact\u00e9 par son coll\u00e8gue Abass Fall.&nbsp;\u00ab&nbsp;Une r\u00e9union a m\u00eame \u00e9t\u00e9 tenue entre Mamadou Lamine Thiam, Mamadou Lamine Diallo et moi le mardi \u00e0 10 h. Le m\u00eame jour \u00e0 18 h, une copie de la motion a \u00e9t\u00e9 envoy\u00e9e au pr\u00e9sident du groupe Wallu. Nous avons patient\u00e9 jusqu\u2019\u00e0 20 h avant de d\u00e9poser la motion de censure&nbsp;\u00bb, renseigne encore Birame Souleye Diop qui pr\u00f4ne des rapports bas\u00e9s sur la v\u00e9rit\u00e9 entre les deux groupes de l\u2019opposition, nonobstant le fait qu\u2019ils \u00abne sont pas tenus d\u2019\u00eatre d\u2019accord sur tous les sujets&nbsp;\u00bb.<\/p>\n","protected":false},"author":1,"featured_media":12244,"comment_status":"open","ping_status":"open","sticky":false,"template":"","format":"standard","meta":{"_jetpack_memberships_contains_paid_content":false,"footnotes":""},"categories":[375,3],"tags":[3779,300,301],"class_list":["post-12243","post","type-post","status-publish","format-standard","has-post-thumbnail","hentry","category-actualites","category-politique","tag-motion-de-censure","tag-wallu","tag-yewwi","entry","has-media","owp-thumbs-layout-horizontal","owp-btn-normal","owp-tabs-layout-horizontal","has-no-thumbnails","has-product-nav"],"yoast_head":"<!-- This site is optimized with the Yoast SEO plugin v25.5 - https:\/\/yoast.com\/wordpress\/plugins\/seo\/ -->\n<title>Motion de censure : Yewwi d\u00e9masque Wallu - LE PUBLIC<\/title>\n<meta name=\"robots\" content=\"index, follow, max-snippet:-1, max-image-preview:large, max-video-preview:-1\" \/>\n<link rel=\"canonical\" href=\"https:\/\/www.public.sn\/index.php\/2022\/12\/22\/motion-de-censure-yewwi-demasque-wallu\/\" \/>\n<meta property=\"og:locale\" content=\"fr_FR\" \/>\n<meta property=\"og:type\" content=\"article\" \/>\n<meta property=\"og:title\" content=\"Motion de censure : Yewwi d\u00e9masque Wallu - LE PUBLIC\" \/>\n<meta property=\"og:description\" content=\"Face \u00e0 la presse, le pr\u00e9sident du groupe parlementaire Yewwi askan wi est \u00e9galement revenu sur la motion de censure d\u00e9pos\u00e9e son groupe et rejet\u00e9e par l\u2019Assembl\u00e9e nationale lors de sa pl\u00e9ni\u00e8re du 15 d\u00e9cembre dernier. Et c\u2019est pour se d\u00e9marquer des raisons \u00e9voqu\u00e9es par son coll\u00e8gue pr\u00e9sident du groupe parlementaire \u00ab Libert\u00e9-D\u00e9mocratie et changement \u00bb, Mamadou Lamine Thiam. \u00ab Nous avons \u00e9t\u00e9 convoqu\u00e9s le lundi 12 d\u00e9cembre pour la D\u00e9claration de politique g\u00e9n\u00e9rale. Le dimanche 11, \u00e0 23 h 30, il a \u00e9t\u00e9 tenu une r\u00e9union durant laquelle on devait statuer sur un certain nombre de sujets et quand la motion de censure a \u00e9t\u00e9 synth\u00e9tis\u00e9e, \u00e0 23 h 34, j\u2019ai appel\u00e9 le pr\u00e9sident Lamine Thiam, sans succ\u00e8s. Le lundi, jour de la D\u00e9claration de politique g\u00e9n\u00e9rale, \u00e0 8 h, je l\u2019ai encore appel\u00e9 encore une fois sans succ\u00e8s \u00bb, raconte Birame Souleye Diop. Avant d\u2019ajouter : \u00ab \u00c0 9 h 04 mn, il m\u2019a lui-m\u00eame rappel\u00e9 me disant qu\u2019il \u00e9tait dans les embouteillages. Lorsqu\u2019il est arriv\u00e9 \u00e0 9 h 45, je l\u2019ai rejoint \u00e0 son bureau pour lui pr\u00e9senter la situation. Il m\u2019a fait savoir que son groupe avait tenu une r\u00e9union, mais que la motion de censure n\u2019avait pas \u00e9t\u00e9 \u00e9voqu\u00e9e. Aussi, il m\u2019a expliqu\u00e9 que pour tenir une autre r\u00e9union, il fallait qu\u2019il prenne les avis des hauts d\u2019en haut. Je lui ai r\u00e9torqu\u00e9 que nous restions \u00e0 l\u2019\u00e9coute \u00bb. Poursuivant son explication, le pr\u00e9sident du Groupe parlementaire Yeww Askan wi souligne avoir m\u00eame sollicit\u00e9 des conseils de Mamadou Lamine Thiam du fait de son exp\u00e9rience parlementaire sur le \u00ab&nbsp;meilleur moment de d\u00e9p\u00f4t de la motion&nbsp;\u00bb et ce dernier l\u2019aurait orient\u00e9 vers le d\u00e9put\u00e9 Mamadou Lamine Diallo contact\u00e9 par son coll\u00e8gue Abass Fall.&nbsp;\u00ab&nbsp;Une r\u00e9union a m\u00eame \u00e9t\u00e9 tenue entre Mamadou Lamine Thiam, Mamadou Lamine Diallo et moi le mardi \u00e0 10 h. Le m\u00eame jour \u00e0 18 h, une copie de la motion a \u00e9t\u00e9 envoy\u00e9e au pr\u00e9sident du groupe Wallu. Nous avons patient\u00e9 jusqu\u2019\u00e0 20 h avant de d\u00e9poser la motion de censure&nbsp;\u00bb, renseigne encore Birame Souleye Diop qui pr\u00f4ne des rapports bas\u00e9s sur la v\u00e9rit\u00e9 entre les deux groupes de l\u2019opposition, nonobstant le fait qu\u2019ils \u00abne sont pas tenus d\u2019\u00eatre d\u2019accord sur tous les sujets&nbsp;\u00bb.\" \/>\n<meta property=\"og:url\" content=\"https:\/\/www.public.sn\/index.php\/2022\/12\/22\/motion-de-censure-yewwi-demasque-wallu\/\" \/>\n<meta property=\"og:site_name\" content=\"LE PUBLIC\" \/>\n<meta property=\"article:published_time\" content=\"2022-12-22T09:36:01+00:00\" \/>\n<meta property=\"article:modified_time\" content=\"2022-12-22T09:36:05+00:00\" \/>\n<meta property=\"og:image\" content=\"https:\/\/www.public.sn\/wp-content\/uploads\/2022\/12\/birame.png\" \/>\n\t<meta property=\"og:image:width\" content=\"905\" \/>\n\t<meta property=\"og:image:height\" content=\"613\" \/>\n\t<meta property=\"og:image:type\" content=\"image\/png\" \/>\n<meta name=\"author\" content=\"LA REDACTION\" \/>\n<meta name=\"twitter:card\" content=\"summary_large_image\" \/>\n<meta name=\"twitter:label1\" content=\"\u00c9crit par\" \/>\n\t<meta name=\"twitter:data1\" content=\"LA REDACTION\" \/>\n\t<meta name=\"twitter:label2\" content=\"Dur\u00e9e de lecture estim\u00e9e\" \/>\n\t<meta name=\"twitter:data2\" content=\"2 minutes\" \/>\n<script type=\"application\/ld+json\" class=\"yoast-schema-graph\">{\"@context\":\"https:\/\/schema.org\",\"@graph\":[{\"@type\":\"Article\",\"@id\":\"https:\/\/www.public.sn\/index.php\/2022\/12\/22\/motion-de-censure-yewwi-demasque-wallu\/#article\",\"isPartOf\":{\"@id\":\"https:\/\/www.public.sn\/index.php\/2022\/12\/22\/motion-de-censure-yewwi-demasque-wallu\/\"},\"author\":{\"name\":\"LA REDACTION\",\"@id\":\"https:\/\/www.public.sn\/#\/schema\/person\/e3f4a11b037d4203902db148f9bc8d5a\"},\"headline\":\"Motion de censure : Yewwi d\u00e9masque Wallu\",\"datePublished\":\"2022-12-22T09:36:01+00:00\",\"dateModified\":\"2022-12-22T09:36:05+00:00\",\"mainEntityOfPage\":{\"@id\":\"https:\/\/www.public.sn\/index.php\/2022\/12\/22\/motion-de-censure-yewwi-demasque-wallu\/\"},\"wordCount\":423,\"commentCount\":0,\"publisher\":{\"@id\":\"https:\/\/www.public.sn\/#organization\"},\"image\":{\"@id\":\"https:\/\/www.public.sn\/index.php\/2022\/12\/22\/motion-de-censure-yewwi-demasque-wallu\/#primaryimage\"},\"thumbnailUrl\":\"https:\/\/www.public.sn\/wp-content\/uploads\/2022\/12\/birame.png\",\"keywords\":[\"motion de censure\",\"Wallu\",\"Yewwi\"],\"articleSection\":[\"ACTUALIT\u00c9S\",\"POLITIQUE\"],\"inLanguage\":\"fr-FR\",\"potentialAction\":[{\"@type\":\"CommentAction\",\"name\":\"Comment\",\"target\":[\"https:\/\/www.public.sn\/index.php\/2022\/12\/22\/motion-de-censure-yewwi-demasque-wallu\/#respond\"]}]},{\"@type\":\"WebPage\",\"@id\":\"https:\/\/www.public.sn\/index.php\/2022\/12\/22\/motion-de-censure-yewwi-demasque-wallu\/\",\"url\":\"https:\/\/www.public.sn\/index.php\/2022\/12\/22\/motion-de-censure-yewwi-demasque-wallu\/\",\"name\":\"Motion de censure : Yewwi d\u00e9masque Wallu - LE PUBLIC\",\"isPartOf\":{\"@id\":\"https:\/\/www.public.sn\/#website\"},\"primaryImageOfPage\":{\"@id\":\"https:\/\/www.public.sn\/index.php\/2022\/12\/22\/motion-de-censure-yewwi-demasque-wallu\/#primaryimage\"},\"image\":{\"@id\":\"https:\/\/www.public.sn\/index.php\/2022\/12\/22\/motion-de-censure-yewwi-demasque-wallu\/#primaryimage\"},\"thumbnailUrl\":\"https:\/\/www.public.sn\/wp-content\/uploads\/2022\/12\/birame.png\",\"datePublished\":\"2022-12-22T09:36:01+00:00\",\"dateModified\":\"2022-12-22T09:36:05+00:00\",\"breadcrumb\":{\"@id\":\"https:\/\/www.public.sn\/index.php\/2022\/12\/22\/motion-de-censure-yewwi-demasque-wallu\/#breadcrumb\"},\"inLanguage\":\"fr-FR\",\"potentialAction\":[{\"@type\":\"ReadAction\",\"target\":[\"https:\/\/www.public.sn\/index.php\/2022\/12\/22\/motion-de-censure-yewwi-demasque-wallu\/\"]}]},{\"@type\":\"ImageObject\",\"inLanguage\":\"fr-FR\",\"@id\":\"https:\/\/www.public.sn\/index.php\/2022\/12\/22\/motion-de-censure-yewwi-demasque-wallu\/#primaryimage\",\"url\":\"https:\/\/www.public.sn\/wp-content\/uploads\/2022\/12\/birame.png\",\"contentUrl\":\"https:\/\/www.public.sn\/wp-content\/uploads\/2022\/12\/birame.png\",\"width\":905,\"height\":613},{\"@type\":\"BreadcrumbList\",\"@id\":\"https:\/\/www.public.sn\/index.php\/2022\/12\/22\/motion-de-censure-yewwi-demasque-wallu\/#breadcrumb\",\"itemListElement\":[{\"@type\":\"ListItem\",\"position\":1,\"name\":\"Accueil\",\"item\":\"https:\/\/www.public.sn\/\"},{\"@type\":\"ListItem\",\"position\":2,\"name\":\"Motion de censure : Yewwi d\u00e9masque Wallu\"}]},{\"@type\":\"WebSite\",\"@id\":\"https:\/\/www.public.sn\/#website\",\"url\":\"https:\/\/www.public.sn\/\",\"name\":\"LE PUBLIC\",\"description\":\"\",\"publisher\":{\"@id\":\"https:\/\/www.public.sn\/#organization\"},\"potentialAction\":[{\"@type\":\"SearchAction\",\"target\":{\"@type\":\"EntryPoint\",\"urlTemplate\":\"https:\/\/www.public.sn\/?s={search_term_string}\"},\"query-input\":{\"@type\":\"PropertyValueSpecification\",\"valueRequired\":true,\"valueName\":\"search_term_string\"}}],\"inLanguage\":\"fr-FR\"},{\"@type\":\"Organization\",\"@id\":\"https:\/\/www.public.sn\/#organization\",\"name\":\"LE PUBLIC\",\"url\":\"https:\/\/www.public.sn\/\",\"logo\":{\"@type\":\"ImageObject\",\"inLanguage\":\"fr-FR\",\"@id\":\"https:\/\/www.public.sn\/#\/schema\/logo\/image\/\",\"url\":\"https:\/\/www.public.sn\/wp-content\/uploads\/2024\/05\/cropped-LOGO-PUBLIC.SN_.png\",\"contentUrl\":\"https:\/\/www.public.sn\/wp-content\/uploads\/2024\/05\/cropped-LOGO-PUBLIC.SN_.png\",\"width\":682,\"height\":192,\"caption\":\"LE PUBLIC\"},\"image\":{\"@id\":\"https:\/\/www.public.sn\/#\/schema\/logo\/image\/\"}},{\"@type\":\"Person\",\"@id\":\"https:\/\/www.public.sn\/#\/schema\/person\/e3f4a11b037d4203902db148f9bc8d5a\",\"name\":\"LA REDACTION\",\"image\":{\"@type\":\"ImageObject\",\"inLanguage\":\"fr-FR\",\"@id\":\"https:\/\/www.public.sn\/#\/schema\/person\/image\/\",\"url\":\"https:\/\/secure.gravatar.com\/avatar\/d6c030db45db2883c075085c5d6c6258654a801a93766b49af0b82d4f454e2a5?s=96&d=mm&r=g\",\"contentUrl\":\"https:\/\/secure.gravatar.com\/avatar\/d6c030db45db2883c075085c5d6c6258654a801a93766b49af0b82d4f454e2a5?s=96&d=mm&r=g\",\"caption\":\"LA REDACTION\"},\"sameAs\":[\"http:\/\/www.public.sn\"],\"url\":\"https:\/\/www.public.sn\/index.php\/author\/admin7324\/\"}]}<\/script>\n<!-- \/ Yoast SEO plugin. -->","yoast_head_json":{"title":"Motion de censure : Yewwi d\u00e9masque Wallu - LE PUBLIC","robots":{"index":"index","follow":"follow","max-snippet":"max-snippet:-1","max-image-preview":"max-image-preview:large","max-video-preview":"max-video-preview:-1"},"canonical":"https:\/\/www.public.sn\/index.php\/2022\/12\/22\/motion-de-censure-yewwi-demasque-wallu\/","og_locale":"fr_FR","og_type":"article","og_title":"Motion de censure : Yewwi d\u00e9masque Wallu - LE PUBLIC","og_description":"Face \u00e0 la presse, le pr\u00e9sident du groupe parlementaire Yewwi askan wi est \u00e9galement revenu sur la motion de censure d\u00e9pos\u00e9e son groupe et rejet\u00e9e par l\u2019Assembl\u00e9e nationale lors de sa pl\u00e9ni\u00e8re du 15 d\u00e9cembre dernier. Et c\u2019est pour se d\u00e9marquer des raisons \u00e9voqu\u00e9es par son coll\u00e8gue pr\u00e9sident du groupe parlementaire \u00ab Libert\u00e9-D\u00e9mocratie et changement \u00bb, Mamadou Lamine Thiam. \u00ab Nous avons \u00e9t\u00e9 convoqu\u00e9s le lundi 12 d\u00e9cembre pour la D\u00e9claration de politique g\u00e9n\u00e9rale. Le dimanche 11, \u00e0 23 h 30, il a \u00e9t\u00e9 tenu une r\u00e9union durant laquelle on devait statuer sur un certain nombre de sujets et quand la motion de censure a \u00e9t\u00e9 synth\u00e9tis\u00e9e, \u00e0 23 h 34, j\u2019ai appel\u00e9 le pr\u00e9sident Lamine Thiam, sans succ\u00e8s. Le lundi, jour de la D\u00e9claration de politique g\u00e9n\u00e9rale, \u00e0 8 h, je l\u2019ai encore appel\u00e9 encore une fois sans succ\u00e8s \u00bb, raconte Birame Souleye Diop. Avant d\u2019ajouter : \u00ab \u00c0 9 h 04 mn, il m\u2019a lui-m\u00eame rappel\u00e9 me disant qu\u2019il \u00e9tait dans les embouteillages. Lorsqu\u2019il est arriv\u00e9 \u00e0 9 h 45, je l\u2019ai rejoint \u00e0 son bureau pour lui pr\u00e9senter la situation. Il m\u2019a fait savoir que son groupe avait tenu une r\u00e9union, mais que la motion de censure n\u2019avait pas \u00e9t\u00e9 \u00e9voqu\u00e9e. Aussi, il m\u2019a expliqu\u00e9 que pour tenir une autre r\u00e9union, il fallait qu\u2019il prenne les avis des hauts d\u2019en haut. Je lui ai r\u00e9torqu\u00e9 que nous restions \u00e0 l\u2019\u00e9coute \u00bb. Poursuivant son explication, le pr\u00e9sident du Groupe parlementaire Yeww Askan wi souligne avoir m\u00eame sollicit\u00e9 des conseils de Mamadou Lamine Thiam du fait de son exp\u00e9rience parlementaire sur le \u00ab&nbsp;meilleur moment de d\u00e9p\u00f4t de la motion&nbsp;\u00bb et ce dernier l\u2019aurait orient\u00e9 vers le d\u00e9put\u00e9 Mamadou Lamine Diallo contact\u00e9 par son coll\u00e8gue Abass Fall.&nbsp;\u00ab&nbsp;Une r\u00e9union a m\u00eame \u00e9t\u00e9 tenue entre Mamadou Lamine Thiam, Mamadou Lamine Diallo et moi le mardi \u00e0 10 h. Le m\u00eame jour \u00e0 18 h, une copie de la motion a \u00e9t\u00e9 envoy\u00e9e au pr\u00e9sident du groupe Wallu. Nous avons patient\u00e9 jusqu\u2019\u00e0 20 h avant de d\u00e9poser la motion de censure&nbsp;\u00bb, renseigne encore Birame Souleye Diop qui pr\u00f4ne des rapports bas\u00e9s sur la v\u00e9rit\u00e9 entre les deux groupes de l\u2019opposition, nonobstant le fait qu\u2019ils \u00abne sont pas tenus d\u2019\u00eatre d\u2019accord sur tous les sujets&nbsp;\u00bb.","og_url":"https:\/\/www.public.sn\/index.php\/2022\/12\/22\/motion-de-censure-yewwi-demasque-wallu\/","og_site_name":"LE PUBLIC","article_published_time":"2022-12-22T09:36:01+00:00","article_modified_time":"2022-12-22T09:36:05+00:00","og_image":[{"width":905,"height":613,"url":"https:\/\/www.public.sn\/wp-content\/uploads\/2022\/12\/birame.png","type":"image\/png"}],"author":"LA REDACTION","twitter_card":"summary_large_image","twitter_misc":{"\u00c9crit par":"LA REDACTION","Dur\u00e9e de lecture estim\u00e9e":"2 minutes"},"schema":{"@context":"https:\/\/schema.org","@graph":[{"@type":"Article","@id":"https:\/\/www.public.sn\/index.php\/2022\/12\/22\/motion-de-censure-yewwi-demasque-wallu\/#article","isPartOf":{"@id":"https:\/\/www.public.sn\/index.php\/2022\/12\/22\/motion-de-censure-yewwi-demasque-wallu\/"},"author":{"name":"LA REDACTION","@id":"https:\/\/www.public.sn\/#\/schema\/person\/e3f4a11b037d4203902db148f9bc8d5a"},"headline":"Motion de censure : Yewwi d\u00e9masque Wallu","datePublished":"2022-12-22T09:36:01+00:00","dateModified":"2022-12-22T09:36:05+00:00","mainEntityOfPage":{"@id":"https:\/\/www.public.sn\/index.php\/2022\/12\/22\/motion-de-censure-yewwi-demasque-wallu\/"},"wordCount":423,"commentCount":0,"publisher":{"@id":"https:\/\/www.public.sn\/#organization"},"image":{"@id":"https:\/\/www.public.sn\/index.php\/2022\/12\/22\/motion-de-censure-yewwi-demasque-wallu\/#primaryimage"},"thumbnailUrl":"https:\/\/www.public.sn\/wp-content\/uploads\/2022\/12\/birame.png","keywords":["motion de censure","Wallu","Yewwi"],"articleSection":["ACTUALIT\u00c9S","POLITIQUE"],"inLanguage":"fr-FR","potentialAction":[{"@type":"CommentAction","name":"Comment","target":["https:\/\/www.public.sn\/index.php\/2022\/12\/22\/motion-de-censure-yewwi-demasque-wallu\/#respond"]}]},{"@type":"WebPage","@id":"https:\/\/www.public.sn\/index.php\/2022\/12\/22\/motion-de-censure-yewwi-demasque-wallu\/","url":"https:\/\/www.public.sn\/index.php\/2022\/12\/22\/motion-de-censure-yewwi-demasque-wallu\/","name":"Motion de censure : Yewwi d\u00e9masque Wallu - LE PUBLIC","isPartOf":{"@id":"https:\/\/www.public.sn\/#website"},"primaryImageOfPage":{"@id":"https:\/\/www.public.sn\/index.php\/2022\/12\/22\/motion-de-censure-yewwi-demasque-wallu\/#primaryimage"},"image":{"@id":"https:\/\/www.public.sn\/index.php\/2022\/12\/22\/motion-de-censure-yewwi-demasque-wallu\/#primaryimage"},"thumbnailUrl":"https:\/\/www.public.sn\/wp-content\/uploads\/2022\/12\/birame.png","datePublished":"2022-12-22T09:36:01+00:00","dateModified":"2022-12-22T09:36:05+00:00","breadcrumb":{"@id":"https:\/\/www.public.sn\/index.php\/2022\/12\/22\/motion-de-censure-yewwi-demasque-wallu\/#breadcrumb"},"inLanguage":"fr-FR","potentialAction":[{"@type":"ReadAction","target":["https:\/\/www.public.sn\/index.php\/2022\/12\/22\/motion-de-censure-yewwi-demasque-wallu\/"]}]},{"@type":"ImageObject","inLanguage":"fr-FR","@id":"https:\/\/www.public.sn\/index.php\/2022\/12\/22\/motion-de-censure-yewwi-demasque-wallu\/#primaryimage","url":"https:\/\/www.public.sn\/wp-content\/uploads\/2022\/12\/birame.png","contentUrl":"https:\/\/www.public.sn\/wp-content\/uploads\/2022\/12\/birame.png","width":905,"height":613},{"@type":"BreadcrumbList","@id":"https:\/\/www.public.sn\/index.php\/2022\/12\/22\/motion-de-censure-yewwi-demasque-wallu\/#breadcrumb","itemListElement":[{"@type":"ListItem","position":1,"name":"Accueil","item":"https:\/\/www.public.sn\/"},{"@type":"ListItem","position":2,"name":"Motion de censure : Yewwi d\u00e9masque Wallu"}]},{"@type":"WebSite","@id":"https:\/\/www.public.sn\/#website","url":"https:\/\/www.public.sn\/","name":"LE PUBLIC","description":"","publisher":{"@id":"https:\/\/www.public.sn\/#organization"},"potentialAction":[{"@type":"SearchAction","target":{"@type":"EntryPoint","urlTemplate":"https:\/\/www.public.sn\/?s={search_term_string}"},"query-input":{"@type":"PropertyValueSpecification","valueRequired":true,"valueName":"search_term_string"}}],"inLanguage":"fr-FR"},{"@type":"Organization","@id":"https:\/\/www.public.sn\/#organization","name":"LE PUBLIC","url":"https:\/\/www.public.sn\/","logo":{"@type":"ImageObject","inLanguage":"fr-FR","@id":"https:\/\/www.public.sn\/#\/schema\/logo\/image\/","url":"https:\/\/www.public.sn\/wp-content\/uploads\/2024\/05\/cropped-LOGO-PUBLIC.SN_.png","contentUrl":"https:\/\/www.public.sn\/wp-content\/uploads\/2024\/05\/cropped-LOGO-PUBLIC.SN_.png","width":682,"height":192,"caption":"LE PUBLIC"},"image":{"@id":"https:\/\/www.public.sn\/#\/schema\/logo\/image\/"}},{"@type":"Person","@id":"https:\/\/www.public.sn\/#\/schema\/person\/e3f4a11b037d4203902db148f9bc8d5a","name":"LA REDACTION","image":{"@type":"ImageObject","inLanguage":"fr-FR","@id":"https:\/\/www.public.sn\/#\/schema\/person\/image\/","url":"https:\/\/secure.gravatar.com\/avatar\/d6c030db45db2883c075085c5d6c6258654a801a93766b49af0b82d4f454e2a5?s=96&d=mm&r=g","contentUrl":"https:\/\/secure.gravatar.com\/avatar\/d6c030db45db2883c075085c5d6c6258654a801a93766b49af0b82d4f454e2a5?s=96&d=mm&r=g","caption":"LA REDACTION"},"sameAs":["http:\/\/www.public.sn"],"url":"https:\/\/www.public.sn\/index.php\/author\/admin7324\/"}]}},"jetpack_featured_media_url":"https:\/\/www.public.sn\/wp-content\/uploads\/2022\/12\/birame.png","jetpack_sharing_enabled":true,"_links":{"self":[{"href":"https:\/\/www.public.sn\/index.php\/wp-json\/wp\/v2\/posts\/12243","targetHints":{"allow":["GET"]}}],"collection":[{"href":"https:\/\/www.public.sn\/index.php\/wp-json\/wp\/v2\/posts"}],"about":[{"href":"https:\/\/www.public.sn\/index.php\/wp-json\/wp\/v2\/types\/post"}],"author":[{"embeddable":true,"href":"https:\/\/www.public.sn\/index.php\/wp-json\/wp\/v2\/users\/1"}],"replies":[{"embeddable":true,"href":"https:\/\/www.public.sn\/index.php\/wp-json\/wp\/v2\/comments?post=12243"}],"version-history":[{"count":1,"href":"https:\/\/www.public.sn\/index.php\/wp-json\/wp\/v2\/posts\/12243\/revisions"}],"predecessor-version":[{"id":12245,"href":"https:\/\/www.public.sn\/index.php\/wp-json\/wp\/v2\/posts\/12243\/revisions\/12245"}],"wp:featuredmedia":[{"embeddable":true,"href":"https:\/\/www.public.sn\/index.php\/wp-json\/wp\/v2\/media\/12244"}],"wp:attachment":[{"href":"https:\/\/www.public.sn\/index.php\/wp-json\/wp\/v2\/media?parent=12243"}],"wp:term":[{"taxonomy":"category","embeddable":true,"href":"https:\/\/www.public.sn\/index.php\/wp-json\/wp\/v2\/categories?post=12243"},{"taxonomy":"post_tag","embeddable":true,"href":"https:\/\/www.public.sn\/index.php\/wp-json\/wp\/v2\/tags?post=12243"}],"curies":[{"name":"wp","href":"https:\/\/api.w.org\/{rel}","templated":true}]}}