{"id":12252,"date":"2022-12-22T12:40:45","date_gmt":"2022-12-22T12:40:45","guid":{"rendered":"https:\/\/www.public.sn\/?p=12252"},"modified":"2022-12-22T12:40:47","modified_gmt":"2022-12-22T12:40:47","slug":"pikine-une-petite-fille-de-1-ans-et-3-mois-tombe-fatalement-dans-une-fosse","status":"publish","type":"post","link":"https:\/\/www.public.sn\/index.php\/2022\/12\/22\/pikine-une-petite-fille-de-1-ans-et-3-mois-tombe-fatalement-dans-une-fosse\/","title":{"rendered":"Pikine : Une petite fille de 1 ans et 3 mois tombe fatalement dans une fosse."},"content":{"rendered":"\n<p>Horreur \u00e0 Guinaw Rail dans la banlieue dakaroise. Une fillette de 15 mois nomm\u00e9e Mame Diarra Biay a \u00e9t\u00e9 retrouv\u00e9e morte, le corps flottant \u00e0 la surface des eaux d\u2019une fosse construite \u00e0 l\u2019entr\u00e9e de la maison familiale.<\/p><div class=\"publi-paragraphe1\" style=\"margin-top: 10px;margin-bottom: 10px;margin-left: auto;margin-right: auto;text-align: center;\" id=\"publi-906435391\"><div class=\"publi-adlabel\">Publicit\u00e9<\/div><script async src=\"\/\/pagead2.googlesyndication.com\/pagead\/js\/adsbygoogle.js?client=ca-pub-4089586018074219\" crossorigin=\"anonymous\"><\/script><ins class=\"adsbygoogle\" style=\"display:block;\" data-ad-client=\"ca-pub-4089586018074219\" \ndata-ad-slot=\"2087940154\" \ndata-ad-format=\"auto\"><\/ins>\n<script> \n(adsbygoogle = window.adsbygoogle || []).push({}); \n<\/script>\n<\/div>\n\n\n\n<p>La d\u00e9couverte macabre est faite mardi dernier? Selon le r\u00e9cit de L\u2019OBS, la maman du b\u00e9b\u00e9 qui \u00e9tait partie r\u00e9cup\u00e9rer ses provisions au domicile des voisins avait confi\u00e9 la petite \u00e0 sa maman.<\/p>\n\n\n\n<p>De retour, elle n\u2019a pas retrouv\u00e9 son enfant et elle a imm\u00e9diatement interrog\u00e9 sa m\u00e8re, charg\u00e9e de veiller sur la petite. Mais la vielle n\u2019avait pas remarqu\u00e9 que la gamine avait \u00e9chapp\u00e9 \u00e0 sa vigilance pour aller \u00e0 l\u2019entr\u00e9e de la maison.<\/p>\n\n\n\n<p>A peine quelques pas dans la rue, l\u2019enfant s\u2019est dirig\u00e9e vers une fosse dont la dalle est entrouverte. C\u2019est un p\u00eacheur de profession qui a retrouv\u00e9 l\u2019enfant dans la fosse. Elle \u00e9tait d\u00e9j\u00e0 morte.<\/p>\n<div class=\"publi-apres-le-contenu\" style=\"margin-top: 10px;margin-bottom: 10px;margin-left: auto;margin-right: auto;text-align: center;\" id=\"publi-215247537\"><div class=\"publi-adlabel\">Publicit\u00e9<\/div><script async src=\"\/\/pagead2.googlesyndication.com\/pagead\/js\/adsbygoogle.js?client=ca-pub-4089586018074219\" crossorigin=\"anonymous\"><\/script><ins class=\"adsbygoogle\" style=\"display:block;\" data-ad-client=\"ca-pub-4089586018074219\" \ndata-ad-slot=\"2087940154\" \ndata-ad-format=\"auto\"><\/ins>\n<script> \n(adsbygoogle = window.adsbygoogle || []).push({}); \n<\/script>\n<\/div>","protected":false},"excerpt":{"rendered":"<p>Horreur \u00e0 Guinaw Rail dans la banlieue dakaroise. Une fillette de 15 mois nomm\u00e9e Mame Diarra Biay a \u00e9t\u00e9 retrouv\u00e9e morte, le corps flottant \u00e0 la surface des eaux d\u2019une fosse construite \u00e0 l\u2019entr\u00e9e de la maison familiale. La d\u00e9couverte macabre est faite mardi dernier? Selon le r\u00e9cit de L\u2019OBS, la maman du b\u00e9b\u00e9 qui \u00e9tait partie r\u00e9cup\u00e9rer ses provisions au domicile des voisins avait confi\u00e9 la petite \u00e0 sa maman. De retour, elle n\u2019a pas retrouv\u00e9 son enfant et elle a imm\u00e9diatement interrog\u00e9 sa m\u00e8re, charg\u00e9e de veiller sur la petite. Mais la vielle n\u2019avait pas remarqu\u00e9 que la gamine avait \u00e9chapp\u00e9 \u00e0 sa vigilance pour aller \u00e0 l\u2019entr\u00e9e de la maison. A peine quelques pas dans la rue, l\u2019enfant s\u2019est dirig\u00e9e vers une fosse dont la dalle est entrouverte. C\u2019est un p\u00eacheur de profession qui a retrouv\u00e9 l\u2019enfant dans la fosse. Elle \u00e9tait d\u00e9j\u00e0 morte.<\/p>\n","protected":false},"author":7,"featured_media":12253,"comment_status":"open","ping_status":"open","sticky":false,"template":"","format":"standard","meta":{"_jetpack_memberships_contains_paid_content":false,"footnotes":""},"categories":[375,1051,379,1,4],"tags":[3888,3886,2001,205,3867],"class_list":["post-12252","post","type-post","status-publish","format-standard","has-post-thumbnail","hentry","category-actualites","category-drame","category-faits-divers","category-non-classe","category-societe","tag-15mois","tag-filette","tag-fosse-septique","tag-pikine","tag-societe","entry","has-media","owp-thumbs-layout-horizontal","owp-btn-normal","owp-tabs-layout-horizontal","has-no-thumbnails","has-product-nav"],"yoast_head":"<!-- This site is optimized with the Yoast SEO plugin v25.5 - https:\/\/yoast.com\/wordpress\/plugins\/seo\/ -->\n<title>Pikine : Une petite fille de 1 ans et 3 mois tombe fatalement dans une fosse. - LE PUBLIC<\/title>\n<meta name=\"robots\" content=\"index, follow, max-snippet:-1, max-image-preview:large, max-video-preview:-1\" \/>\n<link rel=\"canonical\" href=\"https:\/\/www.public.sn\/index.php\/2022\/12\/22\/pikine-une-petite-fille-de-1-ans-et-3-mois-tombe-fatalement-dans-une-fosse\/\" \/>\n<meta property=\"og:locale\" content=\"fr_FR\" \/>\n<meta property=\"og:type\" content=\"article\" \/>\n<meta property=\"og:title\" content=\"Pikine : Une petite fille de 1 ans et 3 mois tombe fatalement dans une fosse. - LE PUBLIC\" \/>\n<meta property=\"og:description\" content=\"Horreur \u00e0 Guinaw Rail dans la banlieue dakaroise. Une fillette de 15 mois nomm\u00e9e Mame Diarra Biay a \u00e9t\u00e9 retrouv\u00e9e morte, le corps flottant \u00e0 la surface des eaux d\u2019une fosse construite \u00e0 l\u2019entr\u00e9e de la maison familiale. La d\u00e9couverte macabre est faite mardi dernier? Selon le r\u00e9cit de L\u2019OBS, la maman du b\u00e9b\u00e9 qui \u00e9tait partie r\u00e9cup\u00e9rer ses provisions au domicile des voisins avait confi\u00e9 la petite \u00e0 sa maman. De retour, elle n\u2019a pas retrouv\u00e9 son enfant et elle a imm\u00e9diatement interrog\u00e9 sa m\u00e8re, charg\u00e9e de veiller sur la petite. Mais la vielle n\u2019avait pas remarqu\u00e9 que la gamine avait \u00e9chapp\u00e9 \u00e0 sa vigilance pour aller \u00e0 l\u2019entr\u00e9e de la maison. A peine quelques pas dans la rue, l\u2019enfant s\u2019est dirig\u00e9e vers une fosse dont la dalle est entrouverte. C\u2019est un p\u00eacheur de profession qui a retrouv\u00e9 l\u2019enfant dans la fosse. Elle \u00e9tait d\u00e9j\u00e0 morte.\" \/>\n<meta property=\"og:url\" content=\"https:\/\/www.public.sn\/index.php\/2022\/12\/22\/pikine-une-petite-fille-de-1-ans-et-3-mois-tombe-fatalement-dans-une-fosse\/\" \/>\n<meta property=\"og:site_name\" content=\"LE PUBLIC\" \/>\n<meta property=\"article:published_time\" content=\"2022-12-22T12:40:45+00:00\" \/>\n<meta property=\"article:modified_time\" content=\"2022-12-22T12:40:47+00:00\" \/>\n<meta property=\"og:image\" content=\"https:\/\/www.public.sn\/wp-content\/uploads\/2022\/12\/WhatsApp-Image-2022-12-22-at-13.34.58-1.jpeg\" \/>\n\t<meta property=\"og:image:width\" content=\"640\" \/>\n\t<meta property=\"og:image:height\" content=\"384\" \/>\n\t<meta property=\"og:image:type\" content=\"image\/jpeg\" \/>\n<meta name=\"author\" content=\"LA REDACTION\" \/>\n<meta name=\"twitter:card\" content=\"summary_large_image\" \/>\n<meta name=\"twitter:label1\" content=\"\u00c9crit par\" \/>\n\t<meta name=\"twitter:data1\" content=\"LA REDACTION\" \/>\n\t<meta name=\"twitter:label2\" content=\"Dur\u00e9e de lecture estim\u00e9e\" \/>\n\t<meta name=\"twitter:data2\" content=\"1 minute\" \/>\n<script type=\"application\/ld+json\" class=\"yoast-schema-graph\">{\"@context\":\"https:\/\/schema.org\",\"@graph\":[{\"@type\":\"Article\",\"@id\":\"https:\/\/www.public.sn\/index.php\/2022\/12\/22\/pikine-une-petite-fille-de-1-ans-et-3-mois-tombe-fatalement-dans-une-fosse\/#article\",\"isPartOf\":{\"@id\":\"https:\/\/www.public.sn\/index.php\/2022\/12\/22\/pikine-une-petite-fille-de-1-ans-et-3-mois-tombe-fatalement-dans-une-fosse\/\"},\"author\":{\"name\":\"LA REDACTION\",\"@id\":\"https:\/\/www.public.sn\/#\/schema\/person\/cb76c8e1b8becc6be61fb5e92d6d0224\"},\"headline\":\"Pikine : Une petite fille de 1 ans et 3 mois tombe fatalement dans une fosse.\",\"datePublished\":\"2022-12-22T12:40:45+00:00\",\"dateModified\":\"2022-12-22T12:40:47+00:00\",\"mainEntityOfPage\":{\"@id\":\"https:\/\/www.public.sn\/index.php\/2022\/12\/22\/pikine-une-petite-fille-de-1-ans-et-3-mois-tombe-fatalement-dans-une-fosse\/\"},\"wordCount\":178,\"commentCount\":0,\"publisher\":{\"@id\":\"https:\/\/www.public.sn\/#organization\"},\"image\":{\"@id\":\"https:\/\/www.public.sn\/index.php\/2022\/12\/22\/pikine-une-petite-fille-de-1-ans-et-3-mois-tombe-fatalement-dans-une-fosse\/#primaryimage\"},\"thumbnailUrl\":\"https:\/\/www.public.sn\/wp-content\/uploads\/2022\/12\/WhatsApp-Image-2022-12-22-at-13.34.58-1.jpeg\",\"keywords\":[\"15mois\",\"filette\",\"fosse septique\",\"Pikine\",\"soci\u00e9t\u00e9\"],\"articleSection\":[\"ACTUALIT\u00c9S\",\"DRAME\",\"FAITS DIVERS\",\"S\u00c9N\u00c9GAL\",\"SOCIETE\"],\"inLanguage\":\"fr-FR\",\"potentialAction\":[{\"@type\":\"CommentAction\",\"name\":\"Comment\",\"target\":[\"https:\/\/www.public.sn\/index.php\/2022\/12\/22\/pikine-une-petite-fille-de-1-ans-et-3-mois-tombe-fatalement-dans-une-fosse\/#respond\"]}]},{\"@type\":\"WebPage\",\"@id\":\"https:\/\/www.public.sn\/index.php\/2022\/12\/22\/pikine-une-petite-fille-de-1-ans-et-3-mois-tombe-fatalement-dans-une-fosse\/\",\"url\":\"https:\/\/www.public.sn\/index.php\/2022\/12\/22\/pikine-une-petite-fille-de-1-ans-et-3-mois-tombe-fatalement-dans-une-fosse\/\",\"name\":\"Pikine : Une petite fille de 1 ans et 3 mois tombe fatalement dans une fosse. - LE PUBLIC\",\"isPartOf\":{\"@id\":\"https:\/\/www.public.sn\/#website\"},\"primaryImageOfPage\":{\"@id\":\"https:\/\/www.public.sn\/index.php\/2022\/12\/22\/pikine-une-petite-fille-de-1-ans-et-3-mois-tombe-fatalement-dans-une-fosse\/#primaryimage\"},\"image\":{\"@id\":\"https:\/\/www.public.sn\/index.php\/2022\/12\/22\/pikine-une-petite-fille-de-1-ans-et-3-mois-tombe-fatalement-dans-une-fosse\/#primaryimage\"},\"thumbnailUrl\":\"https:\/\/www.public.sn\/wp-content\/uploads\/2022\/12\/WhatsApp-Image-2022-12-22-at-13.34.58-1.jpeg\",\"datePublished\":\"2022-12-22T12:40:45+00:00\",\"dateModified\":\"2022-12-22T12:40:47+00:00\",\"breadcrumb\":{\"@id\":\"https:\/\/www.public.sn\/index.php\/2022\/12\/22\/pikine-une-petite-fille-de-1-ans-et-3-mois-tombe-fatalement-dans-une-fosse\/#breadcrumb\"},\"inLanguage\":\"fr-FR\",\"potentialAction\":[{\"@type\":\"ReadAction\",\"target\":[\"https:\/\/www.public.sn\/index.php\/2022\/12\/22\/pikine-une-petite-fille-de-1-ans-et-3-mois-tombe-fatalement-dans-une-fosse\/\"]}]},{\"@type\":\"ImageObject\",\"inLanguage\":\"fr-FR\",\"@id\":\"https:\/\/www.public.sn\/index.php\/2022\/12\/22\/pikine-une-petite-fille-de-1-ans-et-3-mois-tombe-fatalement-dans-une-fosse\/#primaryimage\",\"url\":\"https:\/\/www.public.sn\/wp-content\/uploads\/2022\/12\/WhatsApp-Image-2022-12-22-at-13.34.58-1.jpeg\",\"contentUrl\":\"https:\/\/www.public.sn\/wp-content\/uploads\/2022\/12\/WhatsApp-Image-2022-12-22-at-13.34.58-1.jpeg\",\"width\":640,\"height\":384},{\"@type\":\"BreadcrumbList\",\"@id\":\"https:\/\/www.public.sn\/index.php\/2022\/12\/22\/pikine-une-petite-fille-de-1-ans-et-3-mois-tombe-fatalement-dans-une-fosse\/#breadcrumb\",\"itemListElement\":[{\"@type\":\"ListItem\",\"position\":1,\"name\":\"Accueil\",\"item\":\"https:\/\/www.public.sn\/\"},{\"@type\":\"ListItem\",\"position\":2,\"name\":\"Pikine : Une petite fille de 1 ans et 3 mois tombe fatalement dans une fosse.\"}]},{\"@type\":\"WebSite\",\"@id\":\"https:\/\/www.public.sn\/#website\",\"url\":\"https:\/\/www.public.sn\/\",\"name\":\"LE PUBLIC\",\"description\":\"\",\"publisher\":{\"@id\":\"https:\/\/www.public.sn\/#organization\"},\"potentialAction\":[{\"@type\":\"SearchAction\",\"target\":{\"@type\":\"EntryPoint\",\"urlTemplate\":\"https:\/\/www.public.sn\/?s={search_term_string}\"},\"query-input\":{\"@type\":\"PropertyValueSpecification\",\"valueRequired\":true,\"valueName\":\"search_term_string\"}}],\"inLanguage\":\"fr-FR\"},{\"@type\":\"Organization\",\"@id\":\"https:\/\/www.public.sn\/#organization\",\"name\":\"LE PUBLIC\",\"url\":\"https:\/\/www.public.sn\/\",\"logo\":{\"@type\":\"ImageObject\",\"inLanguage\":\"fr-FR\",\"@id\":\"https:\/\/www.public.sn\/#\/schema\/logo\/image\/\",\"url\":\"https:\/\/www.public.sn\/wp-content\/uploads\/2024\/05\/cropped-LOGO-PUBLIC.SN_.png\",\"contentUrl\":\"https:\/\/www.public.sn\/wp-content\/uploads\/2024\/05\/cropped-LOGO-PUBLIC.SN_.png\",\"width\":682,\"height\":192,\"caption\":\"LE PUBLIC\"},\"image\":{\"@id\":\"https:\/\/www.public.sn\/#\/schema\/logo\/image\/\"}},{\"@type\":\"Person\",\"@id\":\"https:\/\/www.public.sn\/#\/schema\/person\/cb76c8e1b8becc6be61fb5e92d6d0224\",\"name\":\"LA REDACTION\",\"image\":{\"@type\":\"ImageObject\",\"inLanguage\":\"fr-FR\",\"@id\":\"https:\/\/www.public.sn\/#\/schema\/person\/image\/\",\"url\":\"https:\/\/secure.gravatar.com\/avatar\/2dce5ddd34b8fef0180efe03aa2a9bee7d953856048f9a16b298190a3178407c?s=96&d=mm&r=g\",\"contentUrl\":\"https:\/\/secure.gravatar.com\/avatar\/2dce5ddd34b8fef0180efe03aa2a9bee7d953856048f9a16b298190a3178407c?s=96&d=mm&r=g\",\"caption\":\"LA REDACTION\"},\"url\":\"https:\/\/www.public.sn\/index.php\/author\/editeurpsn\/\"}]}<\/script>\n<!-- \/ Yoast SEO plugin. -->","yoast_head_json":{"title":"Pikine : Une petite fille de 1 ans et 3 mois tombe fatalement dans une fosse. - LE PUBLIC","robots":{"index":"index","follow":"follow","max-snippet":"max-snippet:-1","max-image-preview":"max-image-preview:large","max-video-preview":"max-video-preview:-1"},"canonical":"https:\/\/www.public.sn\/index.php\/2022\/12\/22\/pikine-une-petite-fille-de-1-ans-et-3-mois-tombe-fatalement-dans-une-fosse\/","og_locale":"fr_FR","og_type":"article","og_title":"Pikine : Une petite fille de 1 ans et 3 mois tombe fatalement dans une fosse. - LE PUBLIC","og_description":"Horreur \u00e0 Guinaw Rail dans la banlieue dakaroise. Une fillette de 15 mois nomm\u00e9e Mame Diarra Biay a \u00e9t\u00e9 retrouv\u00e9e morte, le corps flottant \u00e0 la surface des eaux d\u2019une fosse construite \u00e0 l\u2019entr\u00e9e de la maison familiale. La d\u00e9couverte macabre est faite mardi dernier? Selon le r\u00e9cit de L\u2019OBS, la maman du b\u00e9b\u00e9 qui \u00e9tait partie r\u00e9cup\u00e9rer ses provisions au domicile des voisins avait confi\u00e9 la petite \u00e0 sa maman. De retour, elle n\u2019a pas retrouv\u00e9 son enfant et elle a imm\u00e9diatement interrog\u00e9 sa m\u00e8re, charg\u00e9e de veiller sur la petite. Mais la vielle n\u2019avait pas remarqu\u00e9 que la gamine avait \u00e9chapp\u00e9 \u00e0 sa vigilance pour aller \u00e0 l\u2019entr\u00e9e de la maison. A peine quelques pas dans la rue, l\u2019enfant s\u2019est dirig\u00e9e vers une fosse dont la dalle est entrouverte. C\u2019est un p\u00eacheur de profession qui a retrouv\u00e9 l\u2019enfant dans la fosse. Elle \u00e9tait d\u00e9j\u00e0 morte.","og_url":"https:\/\/www.public.sn\/index.php\/2022\/12\/22\/pikine-une-petite-fille-de-1-ans-et-3-mois-tombe-fatalement-dans-une-fosse\/","og_site_name":"LE PUBLIC","article_published_time":"2022-12-22T12:40:45+00:00","article_modified_time":"2022-12-22T12:40:47+00:00","og_image":[{"width":640,"height":384,"url":"https:\/\/www.public.sn\/wp-content\/uploads\/2022\/12\/WhatsApp-Image-2022-12-22-at-13.34.58-1.jpeg","type":"image\/jpeg"}],"author":"LA REDACTION","twitter_card":"summary_large_image","twitter_misc":{"\u00c9crit par":"LA REDACTION","Dur\u00e9e de lecture estim\u00e9e":"1 minute"},"schema":{"@context":"https:\/\/schema.org","@graph":[{"@type":"Article","@id":"https:\/\/www.public.sn\/index.php\/2022\/12\/22\/pikine-une-petite-fille-de-1-ans-et-3-mois-tombe-fatalement-dans-une-fosse\/#article","isPartOf":{"@id":"https:\/\/www.public.sn\/index.php\/2022\/12\/22\/pikine-une-petite-fille-de-1-ans-et-3-mois-tombe-fatalement-dans-une-fosse\/"},"author":{"name":"LA REDACTION","@id":"https:\/\/www.public.sn\/#\/schema\/person\/cb76c8e1b8becc6be61fb5e92d6d0224"},"headline":"Pikine : Une petite fille de 1 ans et 3 mois tombe fatalement dans une fosse.","datePublished":"2022-12-22T12:40:45+00:00","dateModified":"2022-12-22T12:40:47+00:00","mainEntityOfPage":{"@id":"https:\/\/www.public.sn\/index.php\/2022\/12\/22\/pikine-une-petite-fille-de-1-ans-et-3-mois-tombe-fatalement-dans-une-fosse\/"},"wordCount":178,"commentCount":0,"publisher":{"@id":"https:\/\/www.public.sn\/#organization"},"image":{"@id":"https:\/\/www.public.sn\/index.php\/2022\/12\/22\/pikine-une-petite-fille-de-1-ans-et-3-mois-tombe-fatalement-dans-une-fosse\/#primaryimage"},"thumbnailUrl":"https:\/\/www.public.sn\/wp-content\/uploads\/2022\/12\/WhatsApp-Image-2022-12-22-at-13.34.58-1.jpeg","keywords":["15mois","filette","fosse septique","Pikine","soci\u00e9t\u00e9"],"articleSection":["ACTUALIT\u00c9S","DRAME","FAITS DIVERS","S\u00c9N\u00c9GAL","SOCIETE"],"inLanguage":"fr-FR","potentialAction":[{"@type":"CommentAction","name":"Comment","target":["https:\/\/www.public.sn\/index.php\/2022\/12\/22\/pikine-une-petite-fille-de-1-ans-et-3-mois-tombe-fatalement-dans-une-fosse\/#respond"]}]},{"@type":"WebPage","@id":"https:\/\/www.public.sn\/index.php\/2022\/12\/22\/pikine-une-petite-fille-de-1-ans-et-3-mois-tombe-fatalement-dans-une-fosse\/","url":"https:\/\/www.public.sn\/index.php\/2022\/12\/22\/pikine-une-petite-fille-de-1-ans-et-3-mois-tombe-fatalement-dans-une-fosse\/","name":"Pikine : Une petite fille de 1 ans et 3 mois tombe fatalement dans une fosse. - LE PUBLIC","isPartOf":{"@id":"https:\/\/www.public.sn\/#website"},"primaryImageOfPage":{"@id":"https:\/\/www.public.sn\/index.php\/2022\/12\/22\/pikine-une-petite-fille-de-1-ans-et-3-mois-tombe-fatalement-dans-une-fosse\/#primaryimage"},"image":{"@id":"https:\/\/www.public.sn\/index.php\/2022\/12\/22\/pikine-une-petite-fille-de-1-ans-et-3-mois-tombe-fatalement-dans-une-fosse\/#primaryimage"},"thumbnailUrl":"https:\/\/www.public.sn\/wp-content\/uploads\/2022\/12\/WhatsApp-Image-2022-12-22-at-13.34.58-1.jpeg","datePublished":"2022-12-22T12:40:45+00:00","dateModified":"2022-12-22T12:40:47+00:00","breadcrumb":{"@id":"https:\/\/www.public.sn\/index.php\/2022\/12\/22\/pikine-une-petite-fille-de-1-ans-et-3-mois-tombe-fatalement-dans-une-fosse\/#breadcrumb"},"inLanguage":"fr-FR","potentialAction":[{"@type":"ReadAction","target":["https:\/\/www.public.sn\/index.php\/2022\/12\/22\/pikine-une-petite-fille-de-1-ans-et-3-mois-tombe-fatalement-dans-une-fosse\/"]}]},{"@type":"ImageObject","inLanguage":"fr-FR","@id":"https:\/\/www.public.sn\/index.php\/2022\/12\/22\/pikine-une-petite-fille-de-1-ans-et-3-mois-tombe-fatalement-dans-une-fosse\/#primaryimage","url":"https:\/\/www.public.sn\/wp-content\/uploads\/2022\/12\/WhatsApp-Image-2022-12-22-at-13.34.58-1.jpeg","contentUrl":"https:\/\/www.public.sn\/wp-content\/uploads\/2022\/12\/WhatsApp-Image-2022-12-22-at-13.34.58-1.jpeg","width":640,"height":384},{"@type":"BreadcrumbList","@id":"https:\/\/www.public.sn\/index.php\/2022\/12\/22\/pikine-une-petite-fille-de-1-ans-et-3-mois-tombe-fatalement-dans-une-fosse\/#breadcrumb","itemListElement":[{"@type":"ListItem","position":1,"name":"Accueil","item":"https:\/\/www.public.sn\/"},{"@type":"ListItem","position":2,"name":"Pikine : Une petite fille de 1 ans et 3 mois tombe fatalement dans une fosse."}]},{"@type":"WebSite","@id":"https:\/\/www.public.sn\/#website","url":"https:\/\/www.public.sn\/","name":"LE PUBLIC","description":"","publisher":{"@id":"https:\/\/www.public.sn\/#organization"},"potentialAction":[{"@type":"SearchAction","target":{"@type":"EntryPoint","urlTemplate":"https:\/\/www.public.sn\/?s={search_term_string}"},"query-input":{"@type":"PropertyValueSpecification","valueRequired":true,"valueName":"search_term_string"}}],"inLanguage":"fr-FR"},{"@type":"Organization","@id":"https:\/\/www.public.sn\/#organization","name":"LE PUBLIC","url":"https:\/\/www.public.sn\/","logo":{"@type":"ImageObject","inLanguage":"fr-FR","@id":"https:\/\/www.public.sn\/#\/schema\/logo\/image\/","url":"https:\/\/www.public.sn\/wp-content\/uploads\/2024\/05\/cropped-LOGO-PUBLIC.SN_.png","contentUrl":"https:\/\/www.public.sn\/wp-content\/uploads\/2024\/05\/cropped-LOGO-PUBLIC.SN_.png","width":682,"height":192,"caption":"LE PUBLIC"},"image":{"@id":"https:\/\/www.public.sn\/#\/schema\/logo\/image\/"}},{"@type":"Person","@id":"https:\/\/www.public.sn\/#\/schema\/person\/cb76c8e1b8becc6be61fb5e92d6d0224","name":"LA REDACTION","image":{"@type":"ImageObject","inLanguage":"fr-FR","@id":"https:\/\/www.public.sn\/#\/schema\/person\/image\/","url":"https:\/\/secure.gravatar.com\/avatar\/2dce5ddd34b8fef0180efe03aa2a9bee7d953856048f9a16b298190a3178407c?s=96&d=mm&r=g","contentUrl":"https:\/\/secure.gravatar.com\/avatar\/2dce5ddd34b8fef0180efe03aa2a9bee7d953856048f9a16b298190a3178407c?s=96&d=mm&r=g","caption":"LA REDACTION"},"url":"https:\/\/www.public.sn\/index.php\/author\/editeurpsn\/"}]}},"jetpack_featured_media_url":"https:\/\/www.public.sn\/wp-content\/uploads\/2022\/12\/WhatsApp-Image-2022-12-22-at-13.34.58-1.jpeg","jetpack_sharing_enabled":true,"_links":{"self":[{"href":"https:\/\/www.public.sn\/index.php\/wp-json\/wp\/v2\/posts\/12252","targetHints":{"allow":["GET"]}}],"collection":[{"href":"https:\/\/www.public.sn\/index.php\/wp-json\/wp\/v2\/posts"}],"about":[{"href":"https:\/\/www.public.sn\/index.php\/wp-json\/wp\/v2\/types\/post"}],"author":[{"embeddable":true,"href":"https:\/\/www.public.sn\/index.php\/wp-json\/wp\/v2\/users\/7"}],"replies":[{"embeddable":true,"href":"https:\/\/www.public.sn\/index.php\/wp-json\/wp\/v2\/comments?post=12252"}],"version-history":[{"count":1,"href":"https:\/\/www.public.sn\/index.php\/wp-json\/wp\/v2\/posts\/12252\/revisions"}],"predecessor-version":[{"id":12254,"href":"https:\/\/www.public.sn\/index.php\/wp-json\/wp\/v2\/posts\/12252\/revisions\/12254"}],"wp:featuredmedia":[{"embeddable":true,"href":"https:\/\/www.public.sn\/index.php\/wp-json\/wp\/v2\/media\/12253"}],"wp:attachment":[{"href":"https:\/\/www.public.sn\/index.php\/wp-json\/wp\/v2\/media?parent=12252"}],"wp:term":[{"taxonomy":"category","embeddable":true,"href":"https:\/\/www.public.sn\/index.php\/wp-json\/wp\/v2\/categories?post=12252"},{"taxonomy":"post_tag","embeddable":true,"href":"https:\/\/www.public.sn\/index.php\/wp-json\/wp\/v2\/tags?post=12252"}],"curies":[{"name":"wp","href":"https:\/\/api.w.org\/{rel}","templated":true}]}}