{"id":12295,"date":"2022-12-23T15:57:03","date_gmt":"2022-12-23T15:57:03","guid":{"rendered":"https:\/\/www.public.sn\/?p=12295"},"modified":"2022-12-23T15:57:05","modified_gmt":"2022-12-23T15:57:05","slug":"rapport-de-la-cour-des-comptes-seconde-arrestation-de-pape-ale-niang-me-moussa-sarr-se-prononce-dans-sa-xalaat","status":"publish","type":"post","link":"https:\/\/www.public.sn\/index.php\/2022\/12\/23\/rapport-de-la-cour-des-comptes-seconde-arrestation-de-pape-ale-niang-me-moussa-sarr-se-prononce-dans-sa-xalaat\/","title":{"rendered":"Rapport de la Cour des comptes, seconde arrestation de Pape Al\u00e9 Niang: Me Moussa Sarr se prononce dans \u00ab\u00a0Sa Xalaat\u00a0\u00bb"},"content":{"rendered":"\n<p>La pol\u00e9mique enfle toujours suite \u00e0 la publication du rapport de la Cour des comptes qui a \u00e9pingl\u00e9 la gestion du Fonds de riposte COVID-19. La Cour a demand\u00e9 l&rsquo;ouverture d&rsquo;informations judiciaires contre les Dages misent en causes. Des d\u00e9put\u00e9s r\u00e9clament la mise en place d&rsquo;une haute Cour de justice pour juger les \u00e9pingl\u00e9s. Invit\u00e9 de l\u2019\u00e9mission \u00ab\u00a0Sa Xalaat\u00a0\u00bb, Me Moussa Sarr, avocat au barreau de Dakar, donne son point de vue et explique les contours judiciaires.<\/p><div class=\"publi-paragraphe1\" style=\"margin-top: 10px;margin-bottom: 10px;margin-left: auto;margin-right: auto;text-align: center;\" id=\"publi-2153885247\"><div class=\"publi-adlabel\">Publicit\u00e9<\/div><script async src=\"\/\/pagead2.googlesyndication.com\/pagead\/js\/adsbygoogle.js?client=ca-pub-4089586018074219\" crossorigin=\"anonymous\"><\/script><ins class=\"adsbygoogle\" style=\"display:block;\" data-ad-client=\"ca-pub-4089586018074219\" \ndata-ad-slot=\"2087940154\" \ndata-ad-format=\"auto\"><\/ins>\n<script> \n(adsbygoogle = window.adsbygoogle || []).push({}); \n<\/script>\n<\/div>\n\n\n\n<p>A propos de la nouvelle arrestation de Pape Al\u00e9 Niang, la robe noire, qui porte la d\u00e9fense du journaliste d&rsquo;investigations, apporte des \u00e9clairages.<\/p>\n\n\n\n<figure class=\"wp-block-embed is-type-video is-provider-youtube wp-block-embed-youtube wp-embed-aspect-16-9 wp-has-aspect-ratio\"><div class=\"wp-block-embed__wrapper\">\n<p class=\"responsive-video-wrap clr\"><iframe title=\"Rapport de la Cour des comptes, seconde arrestation de Pape Ale Niang: Me Moussa Sarr se prononce,,\" width=\"1200\" height=\"675\" src=\"https:\/\/www.youtube.com\/embed\/ZpDj8VMrGf4?feature=oembed\" frameborder=\"0\" allow=\"accelerometer; autoplay; clipboard-write; encrypted-media; gyroscope; picture-in-picture\" allowfullscreen><\/iframe><\/p>\n<\/div><\/figure>\n<div class=\"publi-apres-le-contenu\" style=\"margin-top: 10px;margin-bottom: 10px;margin-left: auto;margin-right: auto;text-align: center;\" id=\"publi-859700543\"><div class=\"publi-adlabel\">Publicit\u00e9<\/div><script async src=\"\/\/pagead2.googlesyndication.com\/pagead\/js\/adsbygoogle.js?client=ca-pub-4089586018074219\" crossorigin=\"anonymous\"><\/script><ins class=\"adsbygoogle\" style=\"display:block;\" data-ad-client=\"ca-pub-4089586018074219\" \ndata-ad-slot=\"2087940154\" \ndata-ad-format=\"auto\"><\/ins>\n<script> \n(adsbygoogle = window.adsbygoogle || []).push({}); \n<\/script>\n<\/div>","protected":false},"excerpt":{"rendered":"<p>La pol\u00e9mique enfle toujours suite \u00e0 la publication du rapport de la Cour des comptes qui a \u00e9pingl\u00e9 la gestion du Fonds de riposte COVID-19. La Cour a demand\u00e9 l&rsquo;ouverture d&rsquo;informations judiciaires contre les Dages misent en causes. Des d\u00e9put\u00e9s r\u00e9clament la mise en place d&rsquo;une haute Cour de justice pour juger les \u00e9pingl\u00e9s. Invit\u00e9 de l\u2019\u00e9mission \u00ab\u00a0Sa Xalaat\u00a0\u00bb, Me Moussa Sarr, avocat au barreau de Dakar, donne son point de vue et explique les contours judiciaires. A propos de la nouvelle arrestation de Pape Al\u00e9 Niang, la robe noire, qui porte la d\u00e9fense du journaliste d&rsquo;investigations, apporte des \u00e9clairages.<\/p>\n","protected":false},"author":7,"featured_media":12316,"comment_status":"open","ping_status":"open","sticky":false,"template":"","format":"standard","meta":{"_jetpack_memberships_contains_paid_content":false,"footnotes":""},"categories":[375,549,3724,3],"tags":[12,3830,3898,11,2691],"class_list":["post-12295","post","type-post","status-publish","format-standard","has-post-thumbnail","hentry","category-actualites","category-economie","category-justice","category-politique","tag-assemblee-nationale","tag-cour-des-comptes","tag-haute-cour-de-justice","tag-macky-sall","tag-me-moussa-sarr","entry","has-media","owp-thumbs-layout-horizontal","owp-btn-normal","owp-tabs-layout-horizontal","has-no-thumbnails","has-product-nav"],"yoast_head":"<!-- This site is optimized with the Yoast SEO plugin v25.5 - https:\/\/yoast.com\/wordpress\/plugins\/seo\/ -->\n<title>Rapport de la Cour des comptes, seconde arrestation de Pape Al\u00e9 Niang: Me Moussa Sarr se prononce dans &quot;Sa Xalaat&quot; - LE PUBLIC<\/title>\n<meta name=\"robots\" content=\"index, follow, max-snippet:-1, max-image-preview:large, max-video-preview:-1\" \/>\n<link rel=\"canonical\" href=\"https:\/\/www.public.sn\/index.php\/2022\/12\/23\/rapport-de-la-cour-des-comptes-seconde-arrestation-de-pape-ale-niang-me-moussa-sarr-se-prononce-dans-sa-xalaat\/\" \/>\n<meta property=\"og:locale\" content=\"fr_FR\" \/>\n<meta property=\"og:type\" content=\"article\" \/>\n<meta property=\"og:title\" content=\"Rapport de la Cour des comptes, seconde arrestation de Pape Al\u00e9 Niang: Me Moussa Sarr se prononce dans &quot;Sa Xalaat&quot; - LE PUBLIC\" \/>\n<meta property=\"og:description\" content=\"La pol\u00e9mique enfle toujours suite \u00e0 la publication du rapport de la Cour des comptes qui a \u00e9pingl\u00e9 la gestion du Fonds de riposte COVID-19. La Cour a demand\u00e9 l&rsquo;ouverture d&rsquo;informations judiciaires contre les Dages misent en causes. Des d\u00e9put\u00e9s r\u00e9clament la mise en place d&rsquo;une haute Cour de justice pour juger les \u00e9pingl\u00e9s. Invit\u00e9 de l\u2019\u00e9mission \u00ab\u00a0Sa Xalaat\u00a0\u00bb, Me Moussa Sarr, avocat au barreau de Dakar, donne son point de vue et explique les contours judiciaires. A propos de la nouvelle arrestation de Pape Al\u00e9 Niang, la robe noire, qui porte la d\u00e9fense du journaliste d&rsquo;investigations, apporte des \u00e9clairages.\" \/>\n<meta property=\"og:url\" content=\"https:\/\/www.public.sn\/index.php\/2022\/12\/23\/rapport-de-la-cour-des-comptes-seconde-arrestation-de-pape-ale-niang-me-moussa-sarr-se-prononce-dans-sa-xalaat\/\" \/>\n<meta property=\"og:site_name\" content=\"LE PUBLIC\" \/>\n<meta property=\"article:published_time\" content=\"2022-12-23T15:57:03+00:00\" \/>\n<meta property=\"article:modified_time\" content=\"2022-12-23T15:57:05+00:00\" \/>\n<meta property=\"og:image\" content=\"https:\/\/www.public.sn\/wp-content\/uploads\/2022\/12\/mmmmm.jpg\" \/>\n\t<meta property=\"og:image:width\" content=\"150\" \/>\n\t<meta property=\"og:image:height\" content=\"150\" \/>\n\t<meta property=\"og:image:type\" content=\"image\/jpeg\" \/>\n<meta name=\"author\" content=\"LA REDACTION\" \/>\n<meta name=\"twitter:card\" content=\"summary_large_image\" \/>\n<meta name=\"twitter:label1\" content=\"\u00c9crit par\" \/>\n\t<meta name=\"twitter:data1\" content=\"LA REDACTION\" \/>\n\t<meta name=\"twitter:label2\" content=\"Dur\u00e9e de lecture estim\u00e9e\" \/>\n\t<meta name=\"twitter:data2\" content=\"1 minute\" \/>\n<script type=\"application\/ld+json\" class=\"yoast-schema-graph\">{\"@context\":\"https:\/\/schema.org\",\"@graph\":[{\"@type\":\"Article\",\"@id\":\"https:\/\/www.public.sn\/index.php\/2022\/12\/23\/rapport-de-la-cour-des-comptes-seconde-arrestation-de-pape-ale-niang-me-moussa-sarr-se-prononce-dans-sa-xalaat\/#article\",\"isPartOf\":{\"@id\":\"https:\/\/www.public.sn\/index.php\/2022\/12\/23\/rapport-de-la-cour-des-comptes-seconde-arrestation-de-pape-ale-niang-me-moussa-sarr-se-prononce-dans-sa-xalaat\/\"},\"author\":{\"name\":\"LA REDACTION\",\"@id\":\"https:\/\/www.public.sn\/#\/schema\/person\/cb76c8e1b8becc6be61fb5e92d6d0224\"},\"headline\":\"Rapport de la Cour des comptes, seconde arrestation de Pape Al\u00e9 Niang: Me Moussa Sarr se prononce dans \u00ab\u00a0Sa Xalaat\u00a0\u00bb\",\"datePublished\":\"2022-12-23T15:57:03+00:00\",\"dateModified\":\"2022-12-23T15:57:05+00:00\",\"mainEntityOfPage\":{\"@id\":\"https:\/\/www.public.sn\/index.php\/2022\/12\/23\/rapport-de-la-cour-des-comptes-seconde-arrestation-de-pape-ale-niang-me-moussa-sarr-se-prononce-dans-sa-xalaat\/\"},\"wordCount\":134,\"commentCount\":0,\"publisher\":{\"@id\":\"https:\/\/www.public.sn\/#organization\"},\"image\":{\"@id\":\"https:\/\/www.public.sn\/index.php\/2022\/12\/23\/rapport-de-la-cour-des-comptes-seconde-arrestation-de-pape-ale-niang-me-moussa-sarr-se-prononce-dans-sa-xalaat\/#primaryimage\"},\"thumbnailUrl\":\"https:\/\/www.public.sn\/wp-content\/uploads\/2022\/12\/mmmmm.jpg\",\"keywords\":[\"Assembl\u00e9e Nationale\",\"Cour des comptes\",\"Haute cour de justice\",\"Macky Sall\",\"me moussa sarr\"],\"articleSection\":[\"ACTUALIT\u00c9S\",\"\u00c9CONOMIE\",\"justice\",\"POLITIQUE\"],\"inLanguage\":\"fr-FR\",\"potentialAction\":[{\"@type\":\"CommentAction\",\"name\":\"Comment\",\"target\":[\"https:\/\/www.public.sn\/index.php\/2022\/12\/23\/rapport-de-la-cour-des-comptes-seconde-arrestation-de-pape-ale-niang-me-moussa-sarr-se-prononce-dans-sa-xalaat\/#respond\"]}]},{\"@type\":\"WebPage\",\"@id\":\"https:\/\/www.public.sn\/index.php\/2022\/12\/23\/rapport-de-la-cour-des-comptes-seconde-arrestation-de-pape-ale-niang-me-moussa-sarr-se-prononce-dans-sa-xalaat\/\",\"url\":\"https:\/\/www.public.sn\/index.php\/2022\/12\/23\/rapport-de-la-cour-des-comptes-seconde-arrestation-de-pape-ale-niang-me-moussa-sarr-se-prononce-dans-sa-xalaat\/\",\"name\":\"Rapport de la Cour des comptes, seconde arrestation de Pape Al\u00e9 Niang: Me Moussa Sarr se prononce dans \\\"Sa Xalaat\\\" - LE PUBLIC\",\"isPartOf\":{\"@id\":\"https:\/\/www.public.sn\/#website\"},\"primaryImageOfPage\":{\"@id\":\"https:\/\/www.public.sn\/index.php\/2022\/12\/23\/rapport-de-la-cour-des-comptes-seconde-arrestation-de-pape-ale-niang-me-moussa-sarr-se-prononce-dans-sa-xalaat\/#primaryimage\"},\"image\":{\"@id\":\"https:\/\/www.public.sn\/index.php\/2022\/12\/23\/rapport-de-la-cour-des-comptes-seconde-arrestation-de-pape-ale-niang-me-moussa-sarr-se-prononce-dans-sa-xalaat\/#primaryimage\"},\"thumbnailUrl\":\"https:\/\/www.public.sn\/wp-content\/uploads\/2022\/12\/mmmmm.jpg\",\"datePublished\":\"2022-12-23T15:57:03+00:00\",\"dateModified\":\"2022-12-23T15:57:05+00:00\",\"breadcrumb\":{\"@id\":\"https:\/\/www.public.sn\/index.php\/2022\/12\/23\/rapport-de-la-cour-des-comptes-seconde-arrestation-de-pape-ale-niang-me-moussa-sarr-se-prononce-dans-sa-xalaat\/#breadcrumb\"},\"inLanguage\":\"fr-FR\",\"potentialAction\":[{\"@type\":\"ReadAction\",\"target\":[\"https:\/\/www.public.sn\/index.php\/2022\/12\/23\/rapport-de-la-cour-des-comptes-seconde-arrestation-de-pape-ale-niang-me-moussa-sarr-se-prononce-dans-sa-xalaat\/\"]}]},{\"@type\":\"ImageObject\",\"inLanguage\":\"fr-FR\",\"@id\":\"https:\/\/www.public.sn\/index.php\/2022\/12\/23\/rapport-de-la-cour-des-comptes-seconde-arrestation-de-pape-ale-niang-me-moussa-sarr-se-prononce-dans-sa-xalaat\/#primaryimage\",\"url\":\"https:\/\/www.public.sn\/wp-content\/uploads\/2022\/12\/mmmmm.jpg\",\"contentUrl\":\"https:\/\/www.public.sn\/wp-content\/uploads\/2022\/12\/mmmmm.jpg\",\"width\":150,\"height\":150},{\"@type\":\"BreadcrumbList\",\"@id\":\"https:\/\/www.public.sn\/index.php\/2022\/12\/23\/rapport-de-la-cour-des-comptes-seconde-arrestation-de-pape-ale-niang-me-moussa-sarr-se-prononce-dans-sa-xalaat\/#breadcrumb\",\"itemListElement\":[{\"@type\":\"ListItem\",\"position\":1,\"name\":\"Accueil\",\"item\":\"https:\/\/www.public.sn\/\"},{\"@type\":\"ListItem\",\"position\":2,\"name\":\"Rapport de la Cour des comptes, seconde arrestation de Pape Al\u00e9 Niang: Me Moussa Sarr se prononce dans \u00ab\u00a0Sa Xalaat\u00a0\u00bb\"}]},{\"@type\":\"WebSite\",\"@id\":\"https:\/\/www.public.sn\/#website\",\"url\":\"https:\/\/www.public.sn\/\",\"name\":\"LE PUBLIC\",\"description\":\"\",\"publisher\":{\"@id\":\"https:\/\/www.public.sn\/#organization\"},\"potentialAction\":[{\"@type\":\"SearchAction\",\"target\":{\"@type\":\"EntryPoint\",\"urlTemplate\":\"https:\/\/www.public.sn\/?s={search_term_string}\"},\"query-input\":{\"@type\":\"PropertyValueSpecification\",\"valueRequired\":true,\"valueName\":\"search_term_string\"}}],\"inLanguage\":\"fr-FR\"},{\"@type\":\"Organization\",\"@id\":\"https:\/\/www.public.sn\/#organization\",\"name\":\"LE PUBLIC\",\"url\":\"https:\/\/www.public.sn\/\",\"logo\":{\"@type\":\"ImageObject\",\"inLanguage\":\"fr-FR\",\"@id\":\"https:\/\/www.public.sn\/#\/schema\/logo\/image\/\",\"url\":\"https:\/\/www.public.sn\/wp-content\/uploads\/2024\/05\/cropped-LOGO-PUBLIC.SN_.png\",\"contentUrl\":\"https:\/\/www.public.sn\/wp-content\/uploads\/2024\/05\/cropped-LOGO-PUBLIC.SN_.png\",\"width\":682,\"height\":192,\"caption\":\"LE PUBLIC\"},\"image\":{\"@id\":\"https:\/\/www.public.sn\/#\/schema\/logo\/image\/\"}},{\"@type\":\"Person\",\"@id\":\"https:\/\/www.public.sn\/#\/schema\/person\/cb76c8e1b8becc6be61fb5e92d6d0224\",\"name\":\"LA REDACTION\",\"image\":{\"@type\":\"ImageObject\",\"inLanguage\":\"fr-FR\",\"@id\":\"https:\/\/www.public.sn\/#\/schema\/person\/image\/\",\"url\":\"https:\/\/secure.gravatar.com\/avatar\/2dce5ddd34b8fef0180efe03aa2a9bee7d953856048f9a16b298190a3178407c?s=96&d=mm&r=g\",\"contentUrl\":\"https:\/\/secure.gravatar.com\/avatar\/2dce5ddd34b8fef0180efe03aa2a9bee7d953856048f9a16b298190a3178407c?s=96&d=mm&r=g\",\"caption\":\"LA REDACTION\"},\"url\":\"https:\/\/www.public.sn\/index.php\/author\/editeurpsn\/\"}]}<\/script>\n<!-- \/ Yoast SEO plugin. -->","yoast_head_json":{"title":"Rapport de la Cour des comptes, seconde arrestation de Pape Al\u00e9 Niang: Me Moussa Sarr se prononce dans \"Sa Xalaat\" - LE PUBLIC","robots":{"index":"index","follow":"follow","max-snippet":"max-snippet:-1","max-image-preview":"max-image-preview:large","max-video-preview":"max-video-preview:-1"},"canonical":"https:\/\/www.public.sn\/index.php\/2022\/12\/23\/rapport-de-la-cour-des-comptes-seconde-arrestation-de-pape-ale-niang-me-moussa-sarr-se-prononce-dans-sa-xalaat\/","og_locale":"fr_FR","og_type":"article","og_title":"Rapport de la Cour des comptes, seconde arrestation de Pape Al\u00e9 Niang: Me Moussa Sarr se prononce dans \"Sa Xalaat\" - LE PUBLIC","og_description":"La pol\u00e9mique enfle toujours suite \u00e0 la publication du rapport de la Cour des comptes qui a \u00e9pingl\u00e9 la gestion du Fonds de riposte COVID-19. La Cour a demand\u00e9 l&rsquo;ouverture d&rsquo;informations judiciaires contre les Dages misent en causes. Des d\u00e9put\u00e9s r\u00e9clament la mise en place d&rsquo;une haute Cour de justice pour juger les \u00e9pingl\u00e9s. Invit\u00e9 de l\u2019\u00e9mission \u00ab\u00a0Sa Xalaat\u00a0\u00bb, Me Moussa Sarr, avocat au barreau de Dakar, donne son point de vue et explique les contours judiciaires. A propos de la nouvelle arrestation de Pape Al\u00e9 Niang, la robe noire, qui porte la d\u00e9fense du journaliste d&rsquo;investigations, apporte des \u00e9clairages.","og_url":"https:\/\/www.public.sn\/index.php\/2022\/12\/23\/rapport-de-la-cour-des-comptes-seconde-arrestation-de-pape-ale-niang-me-moussa-sarr-se-prononce-dans-sa-xalaat\/","og_site_name":"LE PUBLIC","article_published_time":"2022-12-23T15:57:03+00:00","article_modified_time":"2022-12-23T15:57:05+00:00","og_image":[{"width":150,"height":150,"url":"https:\/\/www.public.sn\/wp-content\/uploads\/2022\/12\/mmmmm.jpg","type":"image\/jpeg"}],"author":"LA REDACTION","twitter_card":"summary_large_image","twitter_misc":{"\u00c9crit par":"LA REDACTION","Dur\u00e9e de lecture estim\u00e9e":"1 minute"},"schema":{"@context":"https:\/\/schema.org","@graph":[{"@type":"Article","@id":"https:\/\/www.public.sn\/index.php\/2022\/12\/23\/rapport-de-la-cour-des-comptes-seconde-arrestation-de-pape-ale-niang-me-moussa-sarr-se-prononce-dans-sa-xalaat\/#article","isPartOf":{"@id":"https:\/\/www.public.sn\/index.php\/2022\/12\/23\/rapport-de-la-cour-des-comptes-seconde-arrestation-de-pape-ale-niang-me-moussa-sarr-se-prononce-dans-sa-xalaat\/"},"author":{"name":"LA REDACTION","@id":"https:\/\/www.public.sn\/#\/schema\/person\/cb76c8e1b8becc6be61fb5e92d6d0224"},"headline":"Rapport de la Cour des comptes, seconde arrestation de Pape Al\u00e9 Niang: Me Moussa Sarr se prononce dans \u00ab\u00a0Sa Xalaat\u00a0\u00bb","datePublished":"2022-12-23T15:57:03+00:00","dateModified":"2022-12-23T15:57:05+00:00","mainEntityOfPage":{"@id":"https:\/\/www.public.sn\/index.php\/2022\/12\/23\/rapport-de-la-cour-des-comptes-seconde-arrestation-de-pape-ale-niang-me-moussa-sarr-se-prononce-dans-sa-xalaat\/"},"wordCount":134,"commentCount":0,"publisher":{"@id":"https:\/\/www.public.sn\/#organization"},"image":{"@id":"https:\/\/www.public.sn\/index.php\/2022\/12\/23\/rapport-de-la-cour-des-comptes-seconde-arrestation-de-pape-ale-niang-me-moussa-sarr-se-prononce-dans-sa-xalaat\/#primaryimage"},"thumbnailUrl":"https:\/\/www.public.sn\/wp-content\/uploads\/2022\/12\/mmmmm.jpg","keywords":["Assembl\u00e9e Nationale","Cour des comptes","Haute cour de justice","Macky Sall","me moussa sarr"],"articleSection":["ACTUALIT\u00c9S","\u00c9CONOMIE","justice","POLITIQUE"],"inLanguage":"fr-FR","potentialAction":[{"@type":"CommentAction","name":"Comment","target":["https:\/\/www.public.sn\/index.php\/2022\/12\/23\/rapport-de-la-cour-des-comptes-seconde-arrestation-de-pape-ale-niang-me-moussa-sarr-se-prononce-dans-sa-xalaat\/#respond"]}]},{"@type":"WebPage","@id":"https:\/\/www.public.sn\/index.php\/2022\/12\/23\/rapport-de-la-cour-des-comptes-seconde-arrestation-de-pape-ale-niang-me-moussa-sarr-se-prononce-dans-sa-xalaat\/","url":"https:\/\/www.public.sn\/index.php\/2022\/12\/23\/rapport-de-la-cour-des-comptes-seconde-arrestation-de-pape-ale-niang-me-moussa-sarr-se-prononce-dans-sa-xalaat\/","name":"Rapport de la Cour des comptes, seconde arrestation de Pape Al\u00e9 Niang: Me Moussa Sarr se prononce dans \"Sa Xalaat\" - LE PUBLIC","isPartOf":{"@id":"https:\/\/www.public.sn\/#website"},"primaryImageOfPage":{"@id":"https:\/\/www.public.sn\/index.php\/2022\/12\/23\/rapport-de-la-cour-des-comptes-seconde-arrestation-de-pape-ale-niang-me-moussa-sarr-se-prononce-dans-sa-xalaat\/#primaryimage"},"image":{"@id":"https:\/\/www.public.sn\/index.php\/2022\/12\/23\/rapport-de-la-cour-des-comptes-seconde-arrestation-de-pape-ale-niang-me-moussa-sarr-se-prononce-dans-sa-xalaat\/#primaryimage"},"thumbnailUrl":"https:\/\/www.public.sn\/wp-content\/uploads\/2022\/12\/mmmmm.jpg","datePublished":"2022-12-23T15:57:03+00:00","dateModified":"2022-12-23T15:57:05+00:00","breadcrumb":{"@id":"https:\/\/www.public.sn\/index.php\/2022\/12\/23\/rapport-de-la-cour-des-comptes-seconde-arrestation-de-pape-ale-niang-me-moussa-sarr-se-prononce-dans-sa-xalaat\/#breadcrumb"},"inLanguage":"fr-FR","potentialAction":[{"@type":"ReadAction","target":["https:\/\/www.public.sn\/index.php\/2022\/12\/23\/rapport-de-la-cour-des-comptes-seconde-arrestation-de-pape-ale-niang-me-moussa-sarr-se-prononce-dans-sa-xalaat\/"]}]},{"@type":"ImageObject","inLanguage":"fr-FR","@id":"https:\/\/www.public.sn\/index.php\/2022\/12\/23\/rapport-de-la-cour-des-comptes-seconde-arrestation-de-pape-ale-niang-me-moussa-sarr-se-prononce-dans-sa-xalaat\/#primaryimage","url":"https:\/\/www.public.sn\/wp-content\/uploads\/2022\/12\/mmmmm.jpg","contentUrl":"https:\/\/www.public.sn\/wp-content\/uploads\/2022\/12\/mmmmm.jpg","width":150,"height":150},{"@type":"BreadcrumbList","@id":"https:\/\/www.public.sn\/index.php\/2022\/12\/23\/rapport-de-la-cour-des-comptes-seconde-arrestation-de-pape-ale-niang-me-moussa-sarr-se-prononce-dans-sa-xalaat\/#breadcrumb","itemListElement":[{"@type":"ListItem","position":1,"name":"Accueil","item":"https:\/\/www.public.sn\/"},{"@type":"ListItem","position":2,"name":"Rapport de la Cour des comptes, seconde arrestation de Pape Al\u00e9 Niang: Me Moussa Sarr se prononce dans \u00ab\u00a0Sa Xalaat\u00a0\u00bb"}]},{"@type":"WebSite","@id":"https:\/\/www.public.sn\/#website","url":"https:\/\/www.public.sn\/","name":"LE PUBLIC","description":"","publisher":{"@id":"https:\/\/www.public.sn\/#organization"},"potentialAction":[{"@type":"SearchAction","target":{"@type":"EntryPoint","urlTemplate":"https:\/\/www.public.sn\/?s={search_term_string}"},"query-input":{"@type":"PropertyValueSpecification","valueRequired":true,"valueName":"search_term_string"}}],"inLanguage":"fr-FR"},{"@type":"Organization","@id":"https:\/\/www.public.sn\/#organization","name":"LE PUBLIC","url":"https:\/\/www.public.sn\/","logo":{"@type":"ImageObject","inLanguage":"fr-FR","@id":"https:\/\/www.public.sn\/#\/schema\/logo\/image\/","url":"https:\/\/www.public.sn\/wp-content\/uploads\/2024\/05\/cropped-LOGO-PUBLIC.SN_.png","contentUrl":"https:\/\/www.public.sn\/wp-content\/uploads\/2024\/05\/cropped-LOGO-PUBLIC.SN_.png","width":682,"height":192,"caption":"LE PUBLIC"},"image":{"@id":"https:\/\/www.public.sn\/#\/schema\/logo\/image\/"}},{"@type":"Person","@id":"https:\/\/www.public.sn\/#\/schema\/person\/cb76c8e1b8becc6be61fb5e92d6d0224","name":"LA REDACTION","image":{"@type":"ImageObject","inLanguage":"fr-FR","@id":"https:\/\/www.public.sn\/#\/schema\/person\/image\/","url":"https:\/\/secure.gravatar.com\/avatar\/2dce5ddd34b8fef0180efe03aa2a9bee7d953856048f9a16b298190a3178407c?s=96&d=mm&r=g","contentUrl":"https:\/\/secure.gravatar.com\/avatar\/2dce5ddd34b8fef0180efe03aa2a9bee7d953856048f9a16b298190a3178407c?s=96&d=mm&r=g","caption":"LA REDACTION"},"url":"https:\/\/www.public.sn\/index.php\/author\/editeurpsn\/"}]}},"jetpack_featured_media_url":"https:\/\/www.public.sn\/wp-content\/uploads\/2022\/12\/mmmmm.jpg","jetpack_sharing_enabled":true,"_links":{"self":[{"href":"https:\/\/www.public.sn\/index.php\/wp-json\/wp\/v2\/posts\/12295","targetHints":{"allow":["GET"]}}],"collection":[{"href":"https:\/\/www.public.sn\/index.php\/wp-json\/wp\/v2\/posts"}],"about":[{"href":"https:\/\/www.public.sn\/index.php\/wp-json\/wp\/v2\/types\/post"}],"author":[{"embeddable":true,"href":"https:\/\/www.public.sn\/index.php\/wp-json\/wp\/v2\/users\/7"}],"replies":[{"embeddable":true,"href":"https:\/\/www.public.sn\/index.php\/wp-json\/wp\/v2\/comments?post=12295"}],"version-history":[{"count":1,"href":"https:\/\/www.public.sn\/index.php\/wp-json\/wp\/v2\/posts\/12295\/revisions"}],"predecessor-version":[{"id":12317,"href":"https:\/\/www.public.sn\/index.php\/wp-json\/wp\/v2\/posts\/12295\/revisions\/12317"}],"wp:featuredmedia":[{"embeddable":true,"href":"https:\/\/www.public.sn\/index.php\/wp-json\/wp\/v2\/media\/12316"}],"wp:attachment":[{"href":"https:\/\/www.public.sn\/index.php\/wp-json\/wp\/v2\/media?parent=12295"}],"wp:term":[{"taxonomy":"category","embeddable":true,"href":"https:\/\/www.public.sn\/index.php\/wp-json\/wp\/v2\/categories?post=12295"},{"taxonomy":"post_tag","embeddable":true,"href":"https:\/\/www.public.sn\/index.php\/wp-json\/wp\/v2\/tags?post=12295"}],"curies":[{"name":"wp","href":"https:\/\/api.w.org\/{rel}","templated":true}]}}